{"id":1341,"date":"2023-01-01T10:28:13","date_gmt":"2023-01-01T10:28:13","guid":{"rendered":"https:\/\/www.imaq.fr\/blog\/?p=1341"},"modified":"2023-05-19T15:12:59","modified_gmt":"2023-05-19T15:12:59","slug":"5ieme-biennale-les-14-et-15-octobre-2023","status":"publish","type":"post","link":"https:\/\/www.imaq.fr\/blog\/2023\/01\/5ieme-biennale-les-14-et-15-octobre-2023\/","title":{"rendered":"5\u00e8me Biennale les 14 et 15 octobre 2023"},"content":{"rendered":"\n<p>La cinqui\u00e8me biennale, longtemps report\u00e9e en raison de la COVID 19, se tiendra les <strong>14 et 15 octobre 2023 au Campus Atlantica \u00e0 Artigues-pr\u00e8s-Bordeaux<\/strong>.<\/p>\n\n\n\n<p>Une \u00e9quipe renouvel\u00e9e, avec \u00e0 sa t\u00eate un nouveau pr\u00e9sident en la personne de Michel SIMON, pr\u00e9pare cette \u00e9dition.<\/p>\n\n\n\n<figure class=\"wp-block-image aligncenter\"><a href=\"https:\/\/www.imaq.fr\/blog\/wp-content\/uploads\/2023\/01\/VOEUX-2023.png\"><img loading=\"lazy\" decoding=\"async\" width=\"612\" height=\"306\" src=\"https:\/\/www.imaq.fr\/blog\/wp-content\/uploads\/2023\/01\/VOEUX-2023.png\" alt=\"Voeux 2023\" class=\"wp-image-1343 colorbox-1341\" srcset=\"https:\/\/www.imaq.fr\/blog\/wp-content\/uploads\/2023\/01\/VOEUX-2023.png 612w, https:\/\/www.imaq.fr\/blog\/wp-content\/uploads\/2023\/01\/VOEUX-2023-300x150.png 300w\" sizes=\"auto, (max-width: 612px) 100vw, 612px\" \/><\/a><\/figure>\n","protected":false},"excerpt":{"rendered":"<p>La cinqui\u00e8me biennale, longtemps report\u00e9e en raison de la COVID 19, se tiendra les 14 et 15 octobre 2023 au Campus Atlantica \u00e0 Artigues-pr\u00e8s-Bordeaux. Une \u00e9quipe renouvel\u00e9e, avec \u00e0 sa t\u00eate un nouveau pr\u00e9sident en la personne de Michel SIMON, pr\u00e9pare cette \u00e9dition.<\/p>\n","protected":false},"author":2,"featured_media":0,"comment_status":"closed","ping_status":"open","sticky":false,"template":"","format":"standard","meta":{"_editorskit_title_hidden":false,"_editorskit_reading_time":0,"_editorskit_is_block_options_detached":false,"_editorskit_block_options_position":"{}","footnotes":""},"categories":[37],"tags":[],"class_list":["post-1341","post","type-post","status-publish","format-standard","hentry","category-programme-2023"],"yoast_head":"<!-- This site is optimized with the Yoast SEO plugin v27.5 - https:\/\/yoast.com\/product\/yoast-seo-wordpress\/ -->\n<title>5\u00e8me Biennale les 14 et 15 octobre 2023 - Biennale Culturelle Ma\u00e7onnique de Bordeaux<\/title>\n<meta name=\"robots\" content=\"index, follow, max-snippet:-1, max-image-preview:large, max-video-preview:-1\" \/>\n<link rel=\"canonical\" href=\"https:\/\/www.imaq.fr\/blog\/2023\/01\/5ieme-biennale-les-14-et-15-octobre-2023\/\" \/>\n<meta property=\"og:locale\" content=\"fr_FR\" \/>\n<meta property=\"og:type\" content=\"article\" \/>\n<meta property=\"og:title\" content=\"5\u00e8me Biennale les 14 et 15 octobre 2023 - Biennale Culturelle Ma\u00e7onnique de Bordeaux\" \/>\n<meta property=\"og:description\" content=\"La cinqui\u00e8me biennale, longtemps report\u00e9e en raison de la COVID 19, se tiendra les 14 et 15 octobre 2023 au Campus Atlantica \u00e0 Artigues-pr\u00e8s-Bordeaux. Une \u00e9quipe renouvel\u00e9e, avec \u00e0 sa t\u00eate un nouveau pr\u00e9sident en la personne de Michel SIMON, pr\u00e9pare cette \u00e9dition.\" \/>\n<meta property=\"og:url\" content=\"https:\/\/www.imaq.fr\/blog\/2023\/01\/5ieme-biennale-les-14-et-15-octobre-2023\/\" \/>\n<meta property=\"og:site_name\" content=\"Biennale Culturelle Ma\u00e7onnique de Bordeaux\" \/>\n<meta property=\"article:publisher\" content=\"https:\/\/www.facebook.com\/biennaleculturellemaconnique.bordeaux\" \/>\n<meta property=\"article:published_time\" content=\"2023-01-01T10:28:13+00:00\" \/>\n<meta property=\"article:modified_time\" content=\"2023-05-19T15:12:59+00:00\" \/>\n<meta property=\"og:image\" content=\"https:\/\/www.imaq.fr\/blog\/wp-content\/uploads\/2023\/01\/VOEUX-2023.png\" \/>\n\t<meta property=\"og:image:width\" content=\"612\" \/>\n\t<meta property=\"og:image:height\" content=\"306\" \/>\n\t<meta property=\"og:image:type\" content=\"image\/png\" \/>\n<meta name=\"author\" content=\"BCMB\" \/>\n<meta name=\"twitter:card\" content=\"summary_large_image\" \/>\n<meta name=\"twitter:label1\" content=\"\u00c9crit par\" \/>\n\t<meta name=\"twitter:data1\" content=\"BCMB\" \/>\n<script type=\"application\/ld+json\" class=\"yoast-schema-graph\">{\"@context\":\"https:\\\/\\\/schema.org\",\"@graph\":[{\"@type\":\"Article\",\"@id\":\"https:\\\/\\\/www.imaq.fr\\\/blog\\\/2023\\\/01\\\/5ieme-biennale-les-14-et-15-octobre-2023\\\/#article\",\"isPartOf\":{\"@id\":\"https:\\\/\\\/www.imaq.fr\\\/blog\\\/2023\\\/01\\\/5ieme-biennale-les-14-et-15-octobre-2023\\\/\"},\"author\":{\"name\":\"BCMB\",\"@id\":\"https:\\\/\\\/www.imaq.fr\\\/blog\\\/#\\\/schema\\\/person\\\/3df683af05c9d4e9401e01364d03a5fd\"},\"headline\":\"5\u00e8me Biennale les 14 et 15 octobre 2023\",\"datePublished\":\"2023-01-01T10:28:13+00:00\",\"dateModified\":\"2023-05-19T15:12:59+00:00\",\"mainEntityOfPage\":{\"@id\":\"https:\\\/\\\/www.imaq.fr\\\/blog\\\/2023\\\/01\\\/5ieme-biennale-les-14-et-15-octobre-2023\\\/\"},\"wordCount\":49,\"publisher\":{\"@id\":\"https:\\\/\\\/www.imaq.fr\\\/blog\\\/#organization\"},\"image\":{\"@id\":\"https:\\\/\\\/www.imaq.fr\\\/blog\\\/2023\\\/01\\\/5ieme-biennale-les-14-et-15-octobre-2023\\\/#primaryimage\"},\"thumbnailUrl\":\"https:\\\/\\\/www.imaq.fr\\\/blog\\\/wp-content\\\/uploads\\\/2023\\\/01\\\/VOEUX-2023.png\",\"articleSection\":[\"Programme 2023\"],\"inLanguage\":\"fr-FR\"},{\"@type\":\"WebPage\",\"@id\":\"https:\\\/\\\/www.imaq.fr\\\/blog\\\/2023\\\/01\\\/5ieme-biennale-les-14-et-15-octobre-2023\\\/\",\"url\":\"https:\\\/\\\/www.imaq.fr\\\/blog\\\/2023\\\/01\\\/5ieme-biennale-les-14-et-15-octobre-2023\\\/\",\"name\":\"5\u00e8me Biennale les 14 et 15 octobre 2023 - Biennale Culturelle Ma\u00e7onnique de Bordeaux\",\"isPartOf\":{\"@id\":\"https:\\\/\\\/www.imaq.fr\\\/blog\\\/#website\"},\"primaryImageOfPage\":{\"@id\":\"https:\\\/\\\/www.imaq.fr\\\/blog\\\/2023\\\/01\\\/5ieme-biennale-les-14-et-15-octobre-2023\\\/#primaryimage\"},\"image\":{\"@id\":\"https:\\\/\\\/www.imaq.fr\\\/blog\\\/2023\\\/01\\\/5ieme-biennale-les-14-et-15-octobre-2023\\\/#primaryimage\"},\"thumbnailUrl\":\"https:\\\/\\\/www.imaq.fr\\\/blog\\\/wp-content\\\/uploads\\\/2023\\\/01\\\/VOEUX-2023.png\",\"datePublished\":\"2023-01-01T10:28:13+00:00\",\"dateModified\":\"2023-05-19T15:12:59+00:00\",\"breadcrumb\":{\"@id\":\"https:\\\/\\\/www.imaq.fr\\\/blog\\\/2023\\\/01\\\/5ieme-biennale-les-14-et-15-octobre-2023\\\/#breadcrumb\"},\"inLanguage\":\"fr-FR\",\"potentialAction\":[{\"@type\":\"ReadAction\",\"target\":[\"https:\\\/\\\/www.imaq.fr\\\/blog\\\/2023\\\/01\\\/5ieme-biennale-les-14-et-15-octobre-2023\\\/\"]}]},{\"@type\":\"ImageObject\",\"inLanguage\":\"fr-FR\",\"@id\":\"https:\\\/\\\/www.imaq.fr\\\/blog\\\/2023\\\/01\\\/5ieme-biennale-les-14-et-15-octobre-2023\\\/#primaryimage\",\"url\":\"https:\\\/\\\/www.imaq.fr\\\/blog\\\/wp-content\\\/uploads\\\/2023\\\/01\\\/VOEUX-2023.png\",\"contentUrl\":\"https:\\\/\\\/www.imaq.fr\\\/blog\\\/wp-content\\\/uploads\\\/2023\\\/01\\\/VOEUX-2023.png\"},{\"@type\":\"BreadcrumbList\",\"@id\":\"https:\\\/\\\/www.imaq.fr\\\/blog\\\/2023\\\/01\\\/5ieme-biennale-les-14-et-15-octobre-2023\\\/#breadcrumb\",\"itemListElement\":[{\"@type\":\"ListItem\",\"position\":1,\"name\":\"Accueil\",\"item\":\"https:\\\/\\\/www.imaq.fr\\\/blog\\\/\"},{\"@type\":\"ListItem\",\"position\":2,\"name\":\"5\u00e8me Biennale les 14 et 15 octobre 2023\"}]},{\"@type\":\"WebSite\",\"@id\":\"https:\\\/\\\/www.imaq.fr\\\/blog\\\/#website\",\"url\":\"https:\\\/\\\/www.imaq.fr\\\/blog\\\/\",\"name\":\"Biennale Culturelle Ma\u00e7onnique de Bordeaux\",\"description\":\"IMAQ\",\"publisher\":{\"@id\":\"https:\\\/\\\/www.imaq.fr\\\/blog\\\/#organization\"},\"potentialAction\":[{\"@type\":\"SearchAction\",\"target\":{\"@type\":\"EntryPoint\",\"urlTemplate\":\"https:\\\/\\\/www.imaq.fr\\\/blog\\\/?s={search_term_string}\"},\"query-input\":{\"@type\":\"PropertyValueSpecification\",\"valueRequired\":true,\"valueName\":\"search_term_string\"}}],\"inLanguage\":\"fr-FR\"},{\"@type\":\"Organization\",\"@id\":\"https:\\\/\\\/www.imaq.fr\\\/blog\\\/#organization\",\"name\":\"Biennale Culturelle Ma\u00e7onnique de Bordeaux\",\"url\":\"https:\\\/\\\/www.imaq.fr\\\/blog\\\/\",\"logo\":{\"@type\":\"ImageObject\",\"inLanguage\":\"fr-FR\",\"@id\":\"https:\\\/\\\/www.imaq.fr\\\/blog\\\/#\\\/schema\\\/logo\\\/image\\\/\",\"url\":\"https:\\\/\\\/www.imaq.fr\\\/blog\\\/wp-content\\\/uploads\\\/2014\\\/12\\\/logo-bcmc.jpg\",\"contentUrl\":\"https:\\\/\\\/www.imaq.fr\\\/blog\\\/wp-content\\\/uploads\\\/2014\\\/12\\\/logo-bcmc.jpg\",\"width\":759,\"height\":784,\"caption\":\"Biennale Culturelle Ma\u00e7onnique de Bordeaux\"},\"image\":{\"@id\":\"https:\\\/\\\/www.imaq.fr\\\/blog\\\/#\\\/schema\\\/logo\\\/image\\\/\"},\"sameAs\":[\"https:\\\/\\\/www.facebook.com\\\/biennaleculturellemaconnique.bordeaux\"]},{\"@type\":\"Person\",\"@id\":\"https:\\\/\\\/www.imaq.fr\\\/blog\\\/#\\\/schema\\\/person\\\/3df683af05c9d4e9401e01364d03a5fd\",\"name\":\"BCMB\",\"image\":{\"@type\":\"ImageObject\",\"inLanguage\":\"fr-FR\",\"@id\":\"https:\\\/\\\/secure.gravatar.com\\\/avatar\\\/d6fbbbb38de40bcc3a41d4467d090d3b92513d4eb33fc933729359bbce505880?s=96&d=identicon&r=g\",\"url\":\"https:\\\/\\\/secure.gravatar.com\\\/avatar\\\/d6fbbbb38de40bcc3a41d4467d090d3b92513d4eb33fc933729359bbce505880?s=96&d=identicon&r=g\",\"contentUrl\":\"https:\\\/\\\/secure.gravatar.com\\\/avatar\\\/d6fbbbb38de40bcc3a41d4467d090d3b92513d4eb33fc933729359bbce505880?s=96&d=identicon&r=g\",\"caption\":\"BCMB\"},\"sameAs\":[\"https:\\\/\\\/www.imaq.fr\"],\"url\":\"https:\\\/\\\/www.imaq.fr\\\/blog\\\/author\\\/pomirol\\\/\"}]}<\/script>\n<!-- \/ Yoast SEO plugin. -->","yoast_head_json":{"title":"5\u00e8me Biennale les 14 et 15 octobre 2023 - Biennale Culturelle Ma\u00e7onnique de Bordeaux","robots":{"index":"index","follow":"follow","max-snippet":"max-snippet:-1","max-image-preview":"max-image-preview:large","max-video-preview":"max-video-preview:-1"},"canonical":"https:\/\/www.imaq.fr\/blog\/2023\/01\/5ieme-biennale-les-14-et-15-octobre-2023\/","og_locale":"fr_FR","og_type":"article","og_title":"5\u00e8me Biennale les 14 et 15 octobre 2023 - Biennale Culturelle Ma\u00e7onnique de Bordeaux","og_description":"La cinqui\u00e8me biennale, longtemps report\u00e9e en raison de la COVID 19, se tiendra les 14 et 15 octobre 2023 au Campus Atlantica \u00e0 Artigues-pr\u00e8s-Bordeaux. Une \u00e9quipe renouvel\u00e9e, avec \u00e0 sa t\u00eate un nouveau pr\u00e9sident en la personne de Michel SIMON, pr\u00e9pare cette \u00e9dition.","og_url":"https:\/\/www.imaq.fr\/blog\/2023\/01\/5ieme-biennale-les-14-et-15-octobre-2023\/","og_site_name":"Biennale Culturelle Ma\u00e7onnique de Bordeaux","article_publisher":"https:\/\/www.facebook.com\/biennaleculturellemaconnique.bordeaux","article_published_time":"2023-01-01T10:28:13+00:00","article_modified_time":"2023-05-19T15:12:59+00:00","og_image":[{"width":612,"height":306,"url":"https:\/\/www.imaq.fr\/blog\/wp-content\/uploads\/2023\/01\/VOEUX-2023.png","type":"image\/png"}],"author":"BCMB","twitter_card":"summary_large_image","twitter_misc":{"\u00c9crit par":"BCMB"},"schema":{"@context":"https:\/\/schema.org","@graph":[{"@type":"Article","@id":"https:\/\/www.imaq.fr\/blog\/2023\/01\/5ieme-biennale-les-14-et-15-octobre-2023\/#article","isPartOf":{"@id":"https:\/\/www.imaq.fr\/blog\/2023\/01\/5ieme-biennale-les-14-et-15-octobre-2023\/"},"author":{"name":"BCMB","@id":"https:\/\/www.imaq.fr\/blog\/#\/schema\/person\/3df683af05c9d4e9401e01364d03a5fd"},"headline":"5\u00e8me Biennale les 14 et 15 octobre 2023","datePublished":"2023-01-01T10:28:13+00:00","dateModified":"2023-05-19T15:12:59+00:00","mainEntityOfPage":{"@id":"https:\/\/www.imaq.fr\/blog\/2023\/01\/5ieme-biennale-les-14-et-15-octobre-2023\/"},"wordCount":49,"publisher":{"@id":"https:\/\/www.imaq.fr\/blog\/#organization"},"image":{"@id":"https:\/\/www.imaq.fr\/blog\/2023\/01\/5ieme-biennale-les-14-et-15-octobre-2023\/#primaryimage"},"thumbnailUrl":"https:\/\/www.imaq.fr\/blog\/wp-content\/uploads\/2023\/01\/VOEUX-2023.png","articleSection":["Programme 2023"],"inLanguage":"fr-FR"},{"@type":"WebPage","@id":"https:\/\/www.imaq.fr\/blog\/2023\/01\/5ieme-biennale-les-14-et-15-octobre-2023\/","url":"https:\/\/www.imaq.fr\/blog\/2023\/01\/5ieme-biennale-les-14-et-15-octobre-2023\/","name":"5\u00e8me Biennale les 14 et 15 octobre 2023 - Biennale Culturelle Ma\u00e7onnique de Bordeaux","isPartOf":{"@id":"https:\/\/www.imaq.fr\/blog\/#website"},"primaryImageOfPage":{"@id":"https:\/\/www.imaq.fr\/blog\/2023\/01\/5ieme-biennale-les-14-et-15-octobre-2023\/#primaryimage"},"image":{"@id":"https:\/\/www.imaq.fr\/blog\/2023\/01\/5ieme-biennale-les-14-et-15-octobre-2023\/#primaryimage"},"thumbnailUrl":"https:\/\/www.imaq.fr\/blog\/wp-content\/uploads\/2023\/01\/VOEUX-2023.png","datePublished":"2023-01-01T10:28:13+00:00","dateModified":"2023-05-19T15:12:59+00:00","breadcrumb":{"@id":"https:\/\/www.imaq.fr\/blog\/2023\/01\/5ieme-biennale-les-14-et-15-octobre-2023\/#breadcrumb"},"inLanguage":"fr-FR","potentialAction":[{"@type":"ReadAction","target":["https:\/\/www.imaq.fr\/blog\/2023\/01\/5ieme-biennale-les-14-et-15-octobre-2023\/"]}]},{"@type":"ImageObject","inLanguage":"fr-FR","@id":"https:\/\/www.imaq.fr\/blog\/2023\/01\/5ieme-biennale-les-14-et-15-octobre-2023\/#primaryimage","url":"https:\/\/www.imaq.fr\/blog\/wp-content\/uploads\/2023\/01\/VOEUX-2023.png","contentUrl":"https:\/\/www.imaq.fr\/blog\/wp-content\/uploads\/2023\/01\/VOEUX-2023.png"},{"@type":"BreadcrumbList","@id":"https:\/\/www.imaq.fr\/blog\/2023\/01\/5ieme-biennale-les-14-et-15-octobre-2023\/#breadcrumb","itemListElement":[{"@type":"ListItem","position":1,"name":"Accueil","item":"https:\/\/www.imaq.fr\/blog\/"},{"@type":"ListItem","position":2,"name":"5\u00e8me Biennale les 14 et 15 octobre 2023"}]},{"@type":"WebSite","@id":"https:\/\/www.imaq.fr\/blog\/#website","url":"https:\/\/www.imaq.fr\/blog\/","name":"Biennale Culturelle Ma\u00e7onnique de Bordeaux","description":"IMAQ","publisher":{"@id":"https:\/\/www.imaq.fr\/blog\/#organization"},"potentialAction":[{"@type":"SearchAction","target":{"@type":"EntryPoint","urlTemplate":"https:\/\/www.imaq.fr\/blog\/?s={search_term_string}"},"query-input":{"@type":"PropertyValueSpecification","valueRequired":true,"valueName":"search_term_string"}}],"inLanguage":"fr-FR"},{"@type":"Organization","@id":"https:\/\/www.imaq.fr\/blog\/#organization","name":"Biennale Culturelle Ma\u00e7onnique de Bordeaux","url":"https:\/\/www.imaq.fr\/blog\/","logo":{"@type":"ImageObject","inLanguage":"fr-FR","@id":"https:\/\/www.imaq.fr\/blog\/#\/schema\/logo\/image\/","url":"https:\/\/www.imaq.fr\/blog\/wp-content\/uploads\/2014\/12\/logo-bcmc.jpg","contentUrl":"https:\/\/www.imaq.fr\/blog\/wp-content\/uploads\/2014\/12\/logo-bcmc.jpg","width":759,"height":784,"caption":"Biennale Culturelle Ma\u00e7onnique de Bordeaux"},"image":{"@id":"https:\/\/www.imaq.fr\/blog\/#\/schema\/logo\/image\/"},"sameAs":["https:\/\/www.facebook.com\/biennaleculturellemaconnique.bordeaux"]},{"@type":"Person","@id":"https:\/\/www.imaq.fr\/blog\/#\/schema\/person\/3df683af05c9d4e9401e01364d03a5fd","name":"BCMB","image":{"@type":"ImageObject","inLanguage":"fr-FR","@id":"https:\/\/secure.gravatar.com\/avatar\/d6fbbbb38de40bcc3a41d4467d090d3b92513d4eb33fc933729359bbce505880?s=96&d=identicon&r=g","url":"https:\/\/secure.gravatar.com\/avatar\/d6fbbbb38de40bcc3a41d4467d090d3b92513d4eb33fc933729359bbce505880?s=96&d=identicon&r=g","contentUrl":"https:\/\/secure.gravatar.com\/avatar\/d6fbbbb38de40bcc3a41d4467d090d3b92513d4eb33fc933729359bbce505880?s=96&d=identicon&r=g","caption":"BCMB"},"sameAs":["https:\/\/www.imaq.fr"],"url":"https:\/\/www.imaq.fr\/blog\/author\/pomirol\/"}]}},"_links":{"self":[{"href":"https:\/\/www.imaq.fr\/blog\/wp-json\/wp\/v2\/posts\/1341","targetHints":{"allow":["GET"]}}],"collection":[{"href":"https:\/\/www.imaq.fr\/blog\/wp-json\/wp\/v2\/posts"}],"about":[{"href":"https:\/\/www.imaq.fr\/blog\/wp-json\/wp\/v2\/types\/post"}],"author":[{"embeddable":true,"href":"https:\/\/www.imaq.fr\/blog\/wp-json\/wp\/v2\/users\/2"}],"replies":[{"embeddable":true,"href":"https:\/\/www.imaq.fr\/blog\/wp-json\/wp\/v2\/comments?post=1341"}],"version-history":[{"count":0,"href":"https:\/\/www.imaq.fr\/blog\/wp-json\/wp\/v2\/posts\/1341\/revisions"}],"wp:attachment":[{"href":"https:\/\/www.imaq.fr\/blog\/wp-json\/wp\/v2\/media?parent=1341"}],"wp:term":[{"taxonomy":"category","embeddable":true,"href":"https:\/\/www.imaq.fr\/blog\/wp-json\/wp\/v2\/categories?post=1341"},{"taxonomy":"post_tag","embeddable":true,"href":"https:\/\/www.imaq.fr\/blog\/wp-json\/wp\/v2\/tags?post=1341"}],"curies":[{"name":"wp","href":"https:\/\/api.w.org\/{rel}","templated":true}]}}