{"id":1579,"date":"2023-10-02T12:00:29","date_gmt":"2023-10-02T12:00:29","guid":{"rendered":"https:\/\/www.imaq.fr\/blog\/?p=1579"},"modified":"2023-10-27T12:22:34","modified_gmt":"2023-10-27T12:22:34","slug":"5eme-biennale-les-14-et-15-octobre-2023","status":"publish","type":"post","link":"https:\/\/www.imaq.fr\/blog\/2023\/10\/5eme-biennale-les-14-et-15-octobre-2023\/","title":{"rendered":"5\u00e8me Biennale Culturelle Ma\u00e7onnique de Bordeaux les 14 et 15 octobre 2023"},"content":{"rendered":"\n<h3 class=\"wp-block-heading\">Th\u00e8me de la Biennale<\/h3>\n\n\n\n<p class=\"has-text-align-left\"><strong>L&rsquo;\u00e9thique, un enjeu pour demain<\/strong><\/p>\n\n\n\n<p><a href=\"https:\/\/www.imaq.fr\/blog\/wp-content\/uploads\/2023\/10\/bcmb2023-Flyer.pdf\">T\u00e9l\u00e9charger le programme<\/a><\/p>\n\n\n\n<p>Les <strong>14 et 15 octobre 2023<\/strong>, au <strong>Campus Atlantica \u00e0 Artigues-pr\u00e8s-Bordeaux<\/strong>, <a href=\"https:\/\/www.imaq.fr\/blog\/2023\/06\/bcmb-2023-obediences-participantes\/\" data-type=\"post\" data-id=\"1523\">dix ob\u00e9diences ma\u00e7onniques adogmatiques et lib\u00e9rales<\/a> se regroupent pour organiser la 5<sup>e<\/sup> Biennale Culturelle Ma\u00e7onnique de Bordeaux.<\/p>\n\n\n\n<p>Pour sa 5\u00e8me \u00e9dition, la Biennale explorera le th\u00e8me de l&rsquo;\u00e9thique confront\u00e9e aux grands enjeux du 21\u00e8me si\u00e8cle.<\/p>\n\n\n\n<p>Durant deux jours, on abordera la question dans le domaine de l&rsquo;environnement, de la sant\u00e9 et de la bio\u00e9thique, de l&rsquo;intelligence artificielle (IA), de la politique, de la communication, du monde du travail ainsi que l&rsquo;\u00e9thique ma\u00e7onnique. <a href=\"https:\/\/www.imaq.fr\/blog\/2023\/10\/programme-de-la-5eme-biennale-culturelle-maconnique-de-bordeaux\/\">Cliquer ici pour voir le programme d\u00e9taill\u00e9<\/a>.<\/p>\n\n\n\n<p>Des tables rondes et des speed datings ma\u00e7onniques permettront \u00e0 chacun de discuter en petit groupe ou en t\u00eate \u00e0 t\u00eate sur les questions de la franc-ma\u00e7onnerie dans le monde d&rsquo;aujourd&rsquo;hui.<\/p>\n\n\n\n<p>Deux expositions sont propos\u00e9es, l&rsquo;une sur la la\u00efcit\u00e9, l&rsquo;autre sur des \u0153uvres du photographe <a href=\"https:\/\/www.imaq.fr\/blog\/2023\/10\/gael-judic\/\">Ga\u00ebl JUDIC<\/a>.<\/p>\n\n\n\n<p>Sur place, la <a href=\"https:\/\/www.mollat.com\/\"><em>librairie Mollat<\/em><\/a><em> <\/em>proposera les derni\u00e8res parutions des auteurs qui seront l\u00e0 pour des d\u00e9dicaces, ainsi qu&rsquo;une s\u00e9lection de livres en rapport avec le travail en franc-ma\u00e7onnerie. <a href=\"https:\/\/www.imaq.fr\/blog\/2023\/10\/les-auteurs-en-2023\/\">Cliquer ici pour voir la liste des auteurs<\/a>.<\/p>\n\n\n\n<p>L&rsquo;artisan <a href=\"https:\/\/www.alainfleche.fr\/\">Alain FL\u00c8CHE<\/a> proposera des bijoux et ornements ma\u00e7onniques ; l&rsquo;artisan <em><a href=\"https:\/\/www.lunesoleil.com\/\">Lune et Soleil<\/a><\/em> proposera des d\u00e9cors et accessoires ma\u00e7onniques. <\/p>\n\n\n\n<p>La manifestation sera agr\u00e9ment\u00e9e d&rsquo;animations th\u00e9\u00e2trales et musicales pr\u00e9sent\u00e9es par des acteurs locaux.<\/p>\n\n\n\n<p><a href=\"https:\/\/www.imaq.fr\/blog\/2023\/10\/comment-sy-rendre\/\">L\u2019acc\u00e8s \u00e0 cette manifestation<\/a> est libre et gratuit, ouvert \u00e0 tous, francs-ma\u00e7ons ou non.<\/p>\n\n\n\n<h2 class=\"wp-block-heading\">Soutien financier<\/h2>\n\n\n\n<p>Vous pouvez soutenir la V\u00e8me Biennale Culturelle Ma\u00e7onnique de Bordeaux en faisant un don par l&rsquo;interm\u00e9diaire de la cagnotte en ligne accessible en suivant ce lien : <a href=\"https:\/\/www.leetchi.com\/fr\/c\/v-biennale-maconnique-de-bordeaux-1628489\">Cagnotte : V\u00b0 Biennale Culturelle Ma\u00e7onnique de Bordeaux &#8211; Leetchi.com<\/a><\/p>\n\n\n\n<figure class=\"wp-block-image aligncenter size-full is-resized is-style-default\"><a href=\"https:\/\/www.imaq.fr\/blog\/wp-content\/uploads\/2023\/07\/MiConv.com___8f3f7d46-3010-4f6b-ac4e-58d9c2cd69dc.jpeg\"><img loading=\"lazy\" decoding=\"async\" width=\"1024\" height=\"1024\" src=\"https:\/\/www.imaq.fr\/blog\/wp-content\/uploads\/2023\/07\/MiConv.com___8f3f7d46-3010-4f6b-ac4e-58d9c2cd69dc.jpeg\" alt=\"Cagnotte Leetchi.com\" class=\"wp-image-1768 colorbox-1579\" style=\"width:256px;height:256px\" srcset=\"https:\/\/www.imaq.fr\/blog\/wp-content\/uploads\/2023\/07\/MiConv.com___8f3f7d46-3010-4f6b-ac4e-58d9c2cd69dc.jpeg 1024w, https:\/\/www.imaq.fr\/blog\/wp-content\/uploads\/2023\/07\/MiConv.com___8f3f7d46-3010-4f6b-ac4e-58d9c2cd69dc-300x300.jpeg 300w, https:\/\/www.imaq.fr\/blog\/wp-content\/uploads\/2023\/07\/MiConv.com___8f3f7d46-3010-4f6b-ac4e-58d9c2cd69dc-150x150.jpeg 150w, https:\/\/www.imaq.fr\/blog\/wp-content\/uploads\/2023\/07\/MiConv.com___8f3f7d46-3010-4f6b-ac4e-58d9c2cd69dc-768x768.jpeg 768w\" sizes=\"auto, (max-width: 1024px) 100vw, 1024px\" \/><\/a><\/figure>\n","protected":false},"excerpt":{"rendered":"<p>Th\u00e8me de la Biennale L&rsquo;\u00e9thique, un enjeu pour demain T\u00e9l\u00e9charger le programme Les 14 et 15 octobre 2023, au Campus Atlantica \u00e0 Artigues-pr\u00e8s-Bordeaux, dix ob\u00e9diences ma\u00e7onniques adogmatiques et lib\u00e9rales se regroupent pour organiser la 5e Biennale Culturelle Ma\u00e7onnique de Bordeaux. Pour sa 5\u00e8me \u00e9dition, la Biennale explorera le th\u00e8me de l&rsquo;\u00e9thique confront\u00e9e aux grands enjeux [&hellip;]<\/p>\n","protected":false},"author":2,"featured_media":0,"comment_status":"closed","ping_status":"closed","sticky":false,"template":"","format":"standard","meta":{"_editorskit_title_hidden":false,"_editorskit_reading_time":0,"_editorskit_is_block_options_detached":false,"_editorskit_block_options_position":"{}","footnotes":""},"categories":[35,37],"tags":[],"class_list":["post-1579","post","type-post","status-publish","format-standard","hentry","category-biennale-2023","category-programme-2023"],"yoast_head":"<!-- This site is optimized with the Yoast SEO plugin v27.5 - https:\/\/yoast.com\/product\/yoast-seo-wordpress\/ -->\n<title>5\u00e8me Biennale Culturelle Ma\u00e7onnique de Bordeaux les 14 et 15 octobre 2023 - Biennale Culturelle Ma\u00e7onnique de Bordeaux<\/title>\n<meta name=\"robots\" content=\"index, follow, max-snippet:-1, max-image-preview:large, max-video-preview:-1\" \/>\n<link rel=\"canonical\" href=\"https:\/\/www.imaq.fr\/blog\/2023\/10\/5eme-biennale-les-14-et-15-octobre-2023\/\" \/>\n<meta property=\"og:locale\" content=\"fr_FR\" \/>\n<meta property=\"og:type\" content=\"article\" \/>\n<meta property=\"og:title\" content=\"5\u00e8me Biennale Culturelle Ma\u00e7onnique de Bordeaux les 14 et 15 octobre 2023 - Biennale Culturelle Ma\u00e7onnique de Bordeaux\" \/>\n<meta property=\"og:description\" content=\"Th\u00e8me de la Biennale L&rsquo;\u00e9thique, un enjeu pour demain T\u00e9l\u00e9charger le programme Les 14 et 15 octobre 2023, au Campus Atlantica \u00e0 Artigues-pr\u00e8s-Bordeaux, dix ob\u00e9diences ma\u00e7onniques adogmatiques et lib\u00e9rales se regroupent pour organiser la 5e Biennale Culturelle Ma\u00e7onnique de Bordeaux. Pour sa 5\u00e8me \u00e9dition, la Biennale explorera le th\u00e8me de l&rsquo;\u00e9thique confront\u00e9e aux grands enjeux [&hellip;]\" \/>\n<meta property=\"og:url\" content=\"https:\/\/www.imaq.fr\/blog\/2023\/10\/5eme-biennale-les-14-et-15-octobre-2023\/\" \/>\n<meta property=\"og:site_name\" content=\"Biennale Culturelle Ma\u00e7onnique de Bordeaux\" \/>\n<meta property=\"article:publisher\" content=\"https:\/\/www.facebook.com\/biennaleculturellemaconnique.bordeaux\" \/>\n<meta property=\"article:published_time\" content=\"2023-10-02T12:00:29+00:00\" \/>\n<meta property=\"article:modified_time\" content=\"2023-10-27T12:22:34+00:00\" \/>\n<meta property=\"og:image\" content=\"https:\/\/www.imaq.fr\/blog\/wp-content\/uploads\/2023\/07\/MiConv.com___8f3f7d46-3010-4f6b-ac4e-58d9c2cd69dc.jpeg\" \/>\n\t<meta property=\"og:image:width\" content=\"1024\" \/>\n\t<meta property=\"og:image:height\" content=\"1024\" \/>\n\t<meta property=\"og:image:type\" content=\"image\/jpeg\" \/>\n<meta name=\"author\" content=\"BCMB\" \/>\n<meta name=\"twitter:card\" content=\"summary_large_image\" \/>\n<meta name=\"twitter:label1\" content=\"\u00c9crit par\" \/>\n\t<meta name=\"twitter:data1\" content=\"BCMB\" \/>\n\t<meta name=\"twitter:label2\" content=\"Dur\u00e9e de lecture estim\u00e9e\" \/>\n\t<meta name=\"twitter:data2\" content=\"2 minutes\" \/>\n<script type=\"application\/ld+json\" class=\"yoast-schema-graph\">{\"@context\":\"https:\\\/\\\/schema.org\",\"@graph\":[{\"@type\":\"Article\",\"@id\":\"https:\\\/\\\/www.imaq.fr\\\/blog\\\/2023\\\/10\\\/5eme-biennale-les-14-et-15-octobre-2023\\\/#article\",\"isPartOf\":{\"@id\":\"https:\\\/\\\/www.imaq.fr\\\/blog\\\/2023\\\/10\\\/5eme-biennale-les-14-et-15-octobre-2023\\\/\"},\"author\":{\"name\":\"BCMB\",\"@id\":\"https:\\\/\\\/www.imaq.fr\\\/blog\\\/#\\\/schema\\\/person\\\/3df683af05c9d4e9401e01364d03a5fd\"},\"headline\":\"5\u00e8me Biennale Culturelle Ma\u00e7onnique de Bordeaux les 14 et 15 octobre 2023\",\"datePublished\":\"2023-10-02T12:00:29+00:00\",\"dateModified\":\"2023-10-27T12:22:34+00:00\",\"mainEntityOfPage\":{\"@id\":\"https:\\\/\\\/www.imaq.fr\\\/blog\\\/2023\\\/10\\\/5eme-biennale-les-14-et-15-octobre-2023\\\/\"},\"wordCount\":327,\"publisher\":{\"@id\":\"https:\\\/\\\/www.imaq.fr\\\/blog\\\/#organization\"},\"image\":{\"@id\":\"https:\\\/\\\/www.imaq.fr\\\/blog\\\/2023\\\/10\\\/5eme-biennale-les-14-et-15-octobre-2023\\\/#primaryimage\"},\"thumbnailUrl\":\"https:\\\/\\\/www.imaq.fr\\\/blog\\\/wp-content\\\/uploads\\\/2023\\\/07\\\/MiConv.com___8f3f7d46-3010-4f6b-ac4e-58d9c2cd69dc.jpeg\",\"articleSection\":[\"Biennale 2023\",\"Programme 2023\"],\"inLanguage\":\"fr-FR\"},{\"@type\":\"WebPage\",\"@id\":\"https:\\\/\\\/www.imaq.fr\\\/blog\\\/2023\\\/10\\\/5eme-biennale-les-14-et-15-octobre-2023\\\/\",\"url\":\"https:\\\/\\\/www.imaq.fr\\\/blog\\\/2023\\\/10\\\/5eme-biennale-les-14-et-15-octobre-2023\\\/\",\"name\":\"5\u00e8me Biennale Culturelle Ma\u00e7onnique de Bordeaux les 14 et 15 octobre 2023 - Biennale Culturelle Ma\u00e7onnique de Bordeaux\",\"isPartOf\":{\"@id\":\"https:\\\/\\\/www.imaq.fr\\\/blog\\\/#website\"},\"primaryImageOfPage\":{\"@id\":\"https:\\\/\\\/www.imaq.fr\\\/blog\\\/2023\\\/10\\\/5eme-biennale-les-14-et-15-octobre-2023\\\/#primaryimage\"},\"image\":{\"@id\":\"https:\\\/\\\/www.imaq.fr\\\/blog\\\/2023\\\/10\\\/5eme-biennale-les-14-et-15-octobre-2023\\\/#primaryimage\"},\"thumbnailUrl\":\"https:\\\/\\\/www.imaq.fr\\\/blog\\\/wp-content\\\/uploads\\\/2023\\\/07\\\/MiConv.com___8f3f7d46-3010-4f6b-ac4e-58d9c2cd69dc.jpeg\",\"datePublished\":\"2023-10-02T12:00:29+00:00\",\"dateModified\":\"2023-10-27T12:22:34+00:00\",\"breadcrumb\":{\"@id\":\"https:\\\/\\\/www.imaq.fr\\\/blog\\\/2023\\\/10\\\/5eme-biennale-les-14-et-15-octobre-2023\\\/#breadcrumb\"},\"inLanguage\":\"fr-FR\",\"potentialAction\":[{\"@type\":\"ReadAction\",\"target\":[\"https:\\\/\\\/www.imaq.fr\\\/blog\\\/2023\\\/10\\\/5eme-biennale-les-14-et-15-octobre-2023\\\/\"]}]},{\"@type\":\"ImageObject\",\"inLanguage\":\"fr-FR\",\"@id\":\"https:\\\/\\\/www.imaq.fr\\\/blog\\\/2023\\\/10\\\/5eme-biennale-les-14-et-15-octobre-2023\\\/#primaryimage\",\"url\":\"https:\\\/\\\/www.imaq.fr\\\/blog\\\/wp-content\\\/uploads\\\/2023\\\/07\\\/MiConv.com___8f3f7d46-3010-4f6b-ac4e-58d9c2cd69dc.jpeg\",\"contentUrl\":\"https:\\\/\\\/www.imaq.fr\\\/blog\\\/wp-content\\\/uploads\\\/2023\\\/07\\\/MiConv.com___8f3f7d46-3010-4f6b-ac4e-58d9c2cd69dc.jpeg\"},{\"@type\":\"BreadcrumbList\",\"@id\":\"https:\\\/\\\/www.imaq.fr\\\/blog\\\/2023\\\/10\\\/5eme-biennale-les-14-et-15-octobre-2023\\\/#breadcrumb\",\"itemListElement\":[{\"@type\":\"ListItem\",\"position\":1,\"name\":\"Accueil\",\"item\":\"https:\\\/\\\/www.imaq.fr\\\/blog\\\/\"},{\"@type\":\"ListItem\",\"position\":2,\"name\":\"5\u00e8me Biennale Culturelle Ma\u00e7onnique de Bordeaux les 14 et 15 octobre 2023\"}]},{\"@type\":\"WebSite\",\"@id\":\"https:\\\/\\\/www.imaq.fr\\\/blog\\\/#website\",\"url\":\"https:\\\/\\\/www.imaq.fr\\\/blog\\\/\",\"name\":\"Biennale Culturelle Ma\u00e7onnique de Bordeaux\",\"description\":\"IMAQ\",\"publisher\":{\"@id\":\"https:\\\/\\\/www.imaq.fr\\\/blog\\\/#organization\"},\"potentialAction\":[{\"@type\":\"SearchAction\",\"target\":{\"@type\":\"EntryPoint\",\"urlTemplate\":\"https:\\\/\\\/www.imaq.fr\\\/blog\\\/?s={search_term_string}\"},\"query-input\":{\"@type\":\"PropertyValueSpecification\",\"valueRequired\":true,\"valueName\":\"search_term_string\"}}],\"inLanguage\":\"fr-FR\"},{\"@type\":\"Organization\",\"@id\":\"https:\\\/\\\/www.imaq.fr\\\/blog\\\/#organization\",\"name\":\"Biennale Culturelle Ma\u00e7onnique de Bordeaux\",\"url\":\"https:\\\/\\\/www.imaq.fr\\\/blog\\\/\",\"logo\":{\"@type\":\"ImageObject\",\"inLanguage\":\"fr-FR\",\"@id\":\"https:\\\/\\\/www.imaq.fr\\\/blog\\\/#\\\/schema\\\/logo\\\/image\\\/\",\"url\":\"https:\\\/\\\/www.imaq.fr\\\/blog\\\/wp-content\\\/uploads\\\/2014\\\/12\\\/logo-bcmc.jpg\",\"contentUrl\":\"https:\\\/\\\/www.imaq.fr\\\/blog\\\/wp-content\\\/uploads\\\/2014\\\/12\\\/logo-bcmc.jpg\",\"width\":759,\"height\":784,\"caption\":\"Biennale Culturelle Ma\u00e7onnique de Bordeaux\"},\"image\":{\"@id\":\"https:\\\/\\\/www.imaq.fr\\\/blog\\\/#\\\/schema\\\/logo\\\/image\\\/\"},\"sameAs\":[\"https:\\\/\\\/www.facebook.com\\\/biennaleculturellemaconnique.bordeaux\"]},{\"@type\":\"Person\",\"@id\":\"https:\\\/\\\/www.imaq.fr\\\/blog\\\/#\\\/schema\\\/person\\\/3df683af05c9d4e9401e01364d03a5fd\",\"name\":\"BCMB\",\"image\":{\"@type\":\"ImageObject\",\"inLanguage\":\"fr-FR\",\"@id\":\"https:\\\/\\\/secure.gravatar.com\\\/avatar\\\/d6fbbbb38de40bcc3a41d4467d090d3b92513d4eb33fc933729359bbce505880?s=96&d=identicon&r=g\",\"url\":\"https:\\\/\\\/secure.gravatar.com\\\/avatar\\\/d6fbbbb38de40bcc3a41d4467d090d3b92513d4eb33fc933729359bbce505880?s=96&d=identicon&r=g\",\"contentUrl\":\"https:\\\/\\\/secure.gravatar.com\\\/avatar\\\/d6fbbbb38de40bcc3a41d4467d090d3b92513d4eb33fc933729359bbce505880?s=96&d=identicon&r=g\",\"caption\":\"BCMB\"},\"sameAs\":[\"https:\\\/\\\/www.imaq.fr\"],\"url\":\"https:\\\/\\\/www.imaq.fr\\\/blog\\\/author\\\/pomirol\\\/\"}]}<\/script>\n<!-- \/ Yoast SEO plugin. -->","yoast_head_json":{"title":"5\u00e8me Biennale Culturelle Ma\u00e7onnique de Bordeaux les 14 et 15 octobre 2023 - Biennale Culturelle Ma\u00e7onnique de Bordeaux","robots":{"index":"index","follow":"follow","max-snippet":"max-snippet:-1","max-image-preview":"max-image-preview:large","max-video-preview":"max-video-preview:-1"},"canonical":"https:\/\/www.imaq.fr\/blog\/2023\/10\/5eme-biennale-les-14-et-15-octobre-2023\/","og_locale":"fr_FR","og_type":"article","og_title":"5\u00e8me Biennale Culturelle Ma\u00e7onnique de Bordeaux les 14 et 15 octobre 2023 - Biennale Culturelle Ma\u00e7onnique de Bordeaux","og_description":"Th\u00e8me de la Biennale L&rsquo;\u00e9thique, un enjeu pour demain T\u00e9l\u00e9charger le programme Les 14 et 15 octobre 2023, au Campus Atlantica \u00e0 Artigues-pr\u00e8s-Bordeaux, dix ob\u00e9diences ma\u00e7onniques adogmatiques et lib\u00e9rales se regroupent pour organiser la 5e Biennale Culturelle Ma\u00e7onnique de Bordeaux. Pour sa 5\u00e8me \u00e9dition, la Biennale explorera le th\u00e8me de l&rsquo;\u00e9thique confront\u00e9e aux grands enjeux [&hellip;]","og_url":"https:\/\/www.imaq.fr\/blog\/2023\/10\/5eme-biennale-les-14-et-15-octobre-2023\/","og_site_name":"Biennale Culturelle Ma\u00e7onnique de Bordeaux","article_publisher":"https:\/\/www.facebook.com\/biennaleculturellemaconnique.bordeaux","article_published_time":"2023-10-02T12:00:29+00:00","article_modified_time":"2023-10-27T12:22:34+00:00","og_image":[{"width":1024,"height":1024,"url":"https:\/\/www.imaq.fr\/blog\/wp-content\/uploads\/2023\/07\/MiConv.com___8f3f7d46-3010-4f6b-ac4e-58d9c2cd69dc.jpeg","type":"image\/jpeg"}],"author":"BCMB","twitter_card":"summary_large_image","twitter_misc":{"\u00c9crit par":"BCMB","Dur\u00e9e de lecture estim\u00e9e":"2 minutes"},"schema":{"@context":"https:\/\/schema.org","@graph":[{"@type":"Article","@id":"https:\/\/www.imaq.fr\/blog\/2023\/10\/5eme-biennale-les-14-et-15-octobre-2023\/#article","isPartOf":{"@id":"https:\/\/www.imaq.fr\/blog\/2023\/10\/5eme-biennale-les-14-et-15-octobre-2023\/"},"author":{"name":"BCMB","@id":"https:\/\/www.imaq.fr\/blog\/#\/schema\/person\/3df683af05c9d4e9401e01364d03a5fd"},"headline":"5\u00e8me Biennale Culturelle Ma\u00e7onnique de Bordeaux les 14 et 15 octobre 2023","datePublished":"2023-10-02T12:00:29+00:00","dateModified":"2023-10-27T12:22:34+00:00","mainEntityOfPage":{"@id":"https:\/\/www.imaq.fr\/blog\/2023\/10\/5eme-biennale-les-14-et-15-octobre-2023\/"},"wordCount":327,"publisher":{"@id":"https:\/\/www.imaq.fr\/blog\/#organization"},"image":{"@id":"https:\/\/www.imaq.fr\/blog\/2023\/10\/5eme-biennale-les-14-et-15-octobre-2023\/#primaryimage"},"thumbnailUrl":"https:\/\/www.imaq.fr\/blog\/wp-content\/uploads\/2023\/07\/MiConv.com___8f3f7d46-3010-4f6b-ac4e-58d9c2cd69dc.jpeg","articleSection":["Biennale 2023","Programme 2023"],"inLanguage":"fr-FR"},{"@type":"WebPage","@id":"https:\/\/www.imaq.fr\/blog\/2023\/10\/5eme-biennale-les-14-et-15-octobre-2023\/","url":"https:\/\/www.imaq.fr\/blog\/2023\/10\/5eme-biennale-les-14-et-15-octobre-2023\/","name":"5\u00e8me Biennale Culturelle Ma\u00e7onnique de Bordeaux les 14 et 15 octobre 2023 - Biennale Culturelle Ma\u00e7onnique de Bordeaux","isPartOf":{"@id":"https:\/\/www.imaq.fr\/blog\/#website"},"primaryImageOfPage":{"@id":"https:\/\/www.imaq.fr\/blog\/2023\/10\/5eme-biennale-les-14-et-15-octobre-2023\/#primaryimage"},"image":{"@id":"https:\/\/www.imaq.fr\/blog\/2023\/10\/5eme-biennale-les-14-et-15-octobre-2023\/#primaryimage"},"thumbnailUrl":"https:\/\/www.imaq.fr\/blog\/wp-content\/uploads\/2023\/07\/MiConv.com___8f3f7d46-3010-4f6b-ac4e-58d9c2cd69dc.jpeg","datePublished":"2023-10-02T12:00:29+00:00","dateModified":"2023-10-27T12:22:34+00:00","breadcrumb":{"@id":"https:\/\/www.imaq.fr\/blog\/2023\/10\/5eme-biennale-les-14-et-15-octobre-2023\/#breadcrumb"},"inLanguage":"fr-FR","potentialAction":[{"@type":"ReadAction","target":["https:\/\/www.imaq.fr\/blog\/2023\/10\/5eme-biennale-les-14-et-15-octobre-2023\/"]}]},{"@type":"ImageObject","inLanguage":"fr-FR","@id":"https:\/\/www.imaq.fr\/blog\/2023\/10\/5eme-biennale-les-14-et-15-octobre-2023\/#primaryimage","url":"https:\/\/www.imaq.fr\/blog\/wp-content\/uploads\/2023\/07\/MiConv.com___8f3f7d46-3010-4f6b-ac4e-58d9c2cd69dc.jpeg","contentUrl":"https:\/\/www.imaq.fr\/blog\/wp-content\/uploads\/2023\/07\/MiConv.com___8f3f7d46-3010-4f6b-ac4e-58d9c2cd69dc.jpeg"},{"@type":"BreadcrumbList","@id":"https:\/\/www.imaq.fr\/blog\/2023\/10\/5eme-biennale-les-14-et-15-octobre-2023\/#breadcrumb","itemListElement":[{"@type":"ListItem","position":1,"name":"Accueil","item":"https:\/\/www.imaq.fr\/blog\/"},{"@type":"ListItem","position":2,"name":"5\u00e8me Biennale Culturelle Ma\u00e7onnique de Bordeaux les 14 et 15 octobre 2023"}]},{"@type":"WebSite","@id":"https:\/\/www.imaq.fr\/blog\/#website","url":"https:\/\/www.imaq.fr\/blog\/","name":"Biennale Culturelle Ma\u00e7onnique de Bordeaux","description":"IMAQ","publisher":{"@id":"https:\/\/www.imaq.fr\/blog\/#organization"},"potentialAction":[{"@type":"SearchAction","target":{"@type":"EntryPoint","urlTemplate":"https:\/\/www.imaq.fr\/blog\/?s={search_term_string}"},"query-input":{"@type":"PropertyValueSpecification","valueRequired":true,"valueName":"search_term_string"}}],"inLanguage":"fr-FR"},{"@type":"Organization","@id":"https:\/\/www.imaq.fr\/blog\/#organization","name":"Biennale Culturelle Ma\u00e7onnique de Bordeaux","url":"https:\/\/www.imaq.fr\/blog\/","logo":{"@type":"ImageObject","inLanguage":"fr-FR","@id":"https:\/\/www.imaq.fr\/blog\/#\/schema\/logo\/image\/","url":"https:\/\/www.imaq.fr\/blog\/wp-content\/uploads\/2014\/12\/logo-bcmc.jpg","contentUrl":"https:\/\/www.imaq.fr\/blog\/wp-content\/uploads\/2014\/12\/logo-bcmc.jpg","width":759,"height":784,"caption":"Biennale Culturelle Ma\u00e7onnique de Bordeaux"},"image":{"@id":"https:\/\/www.imaq.fr\/blog\/#\/schema\/logo\/image\/"},"sameAs":["https:\/\/www.facebook.com\/biennaleculturellemaconnique.bordeaux"]},{"@type":"Person","@id":"https:\/\/www.imaq.fr\/blog\/#\/schema\/person\/3df683af05c9d4e9401e01364d03a5fd","name":"BCMB","image":{"@type":"ImageObject","inLanguage":"fr-FR","@id":"https:\/\/secure.gravatar.com\/avatar\/d6fbbbb38de40bcc3a41d4467d090d3b92513d4eb33fc933729359bbce505880?s=96&d=identicon&r=g","url":"https:\/\/secure.gravatar.com\/avatar\/d6fbbbb38de40bcc3a41d4467d090d3b92513d4eb33fc933729359bbce505880?s=96&d=identicon&r=g","contentUrl":"https:\/\/secure.gravatar.com\/avatar\/d6fbbbb38de40bcc3a41d4467d090d3b92513d4eb33fc933729359bbce505880?s=96&d=identicon&r=g","caption":"BCMB"},"sameAs":["https:\/\/www.imaq.fr"],"url":"https:\/\/www.imaq.fr\/blog\/author\/pomirol\/"}]}},"_links":{"self":[{"href":"https:\/\/www.imaq.fr\/blog\/wp-json\/wp\/v2\/posts\/1579","targetHints":{"allow":["GET"]}}],"collection":[{"href":"https:\/\/www.imaq.fr\/blog\/wp-json\/wp\/v2\/posts"}],"about":[{"href":"https:\/\/www.imaq.fr\/blog\/wp-json\/wp\/v2\/types\/post"}],"author":[{"embeddable":true,"href":"https:\/\/www.imaq.fr\/blog\/wp-json\/wp\/v2\/users\/2"}],"replies":[{"embeddable":true,"href":"https:\/\/www.imaq.fr\/blog\/wp-json\/wp\/v2\/comments?post=1579"}],"version-history":[{"count":0,"href":"https:\/\/www.imaq.fr\/blog\/wp-json\/wp\/v2\/posts\/1579\/revisions"}],"wp:attachment":[{"href":"https:\/\/www.imaq.fr\/blog\/wp-json\/wp\/v2\/media?parent=1579"}],"wp:term":[{"taxonomy":"category","embeddable":true,"href":"https:\/\/www.imaq.fr\/blog\/wp-json\/wp\/v2\/categories?post=1579"},{"taxonomy":"post_tag","embeddable":true,"href":"https:\/\/www.imaq.fr\/blog\/wp-json\/wp\/v2\/tags?post=1579"}],"curies":[{"name":"wp","href":"https:\/\/api.w.org\/{rel}","templated":true}]}}