{"id":161,"date":"2014-04-11T08:00:00","date_gmt":"2014-04-11T08:00:00","guid":{"rendered":"https:\/\/www.imaq.fr\/blog\/?p=161"},"modified":"2025-09-04T11:47:49","modified_gmt":"2025-09-04T11:47:49","slug":"la-grande-loge-mixte-de-france","status":"publish","type":"post","link":"https:\/\/www.imaq.fr\/blog\/2014\/04\/la-grande-loge-mixte-de-france\/","title":{"rendered":"La Grande Loge Mixte de France"},"content":{"rendered":"\n<figure class=\"wp-block-image\"><a href=\"\/blog\/wp-content\/uploads\/2014\/12\/timbre-glmf.jpeg\"><img decoding=\"async\" src=\"\/blog\/wp-content\/uploads\/2014\/12\/timbre-glmf-150x150.jpeg\" alt=\"timbre-glmf\" class=\"wp-image-240 colorbox-161\"\/><\/a><\/figure>\n\n\n\n<p>La Grande Loge Mixte de France est une ob\u00e9dience fran\u00e7aise, attach\u00e9e \u00e0 la libert\u00e9 absolue de conscience, recevant aussi bien les femmes que les hommes. Fid\u00e8le aux principes et m\u00e9thodes de la Franc-Ma\u00e7onnerie Universelle, la GLMF entretient des relations suivies avec l&rsquo;ensemble des principales ob\u00e9diences fran\u00e7aises et nombre d&rsquo;ob\u00e9diences \u00e9trang\u00e8res.<\/p>\n\n\n\n<p>Plusieurs groupes r\u00e9unissent des membres des diverses ob\u00e9diences fran\u00e7aises pour travailler en commun. Ainsi, l&rsquo;un de ces groupes oeuvre dans le combat contre les sectes. Un autre assure la promotion du Principe de La\u00efcit\u00e9. Ce ne sont que deux exemples parmi d&rsquo;autres.<\/p>\n\n\n\n<p>La Grande Loge Mixte de France est une institution essentiellement humaniste, philosophique et progressive. Elle a pour objet la recherche de la v\u00e9rit\u00e9, l&rsquo;\u00e9tude de la morale et la pratique de la solidarit\u00e9. Elle travaille \u00e0 l&rsquo;am\u00e9lioration mat\u00e9rielle et morale, au perfectionnement intellectuel et social de l&rsquo;humanit\u00e9.<\/p>\n\n\n\n<p>Elle a pour principes : la tol\u00e9rance mutuelle, le respect des autres et de soi-m\u00eame. Elle proclame le principe de la\u00efcit\u00e9 consid\u00e9r\u00e9 comme l&rsquo;opposition \u00e0 toutes les ali\u00e9nations et notamment \u00e0 toute influence dogmatique. Elle se r\u00e9f\u00e8re \u00e0 la libert\u00e9 absolue de conscience, c&rsquo;est-\u00e0-dire le droit pour chaque franc-ma\u00e7on de croire \u00e0 une v\u00e9rit\u00e9 r\u00e9v\u00e9l\u00e9e de son choix ou de ne pas croire. Elle recommande \u00e0 ses initi\u00e9s de participer \u00e0 la vie publique, sociale et culturelle et de diffuser les fruits de leur recherche par leur exemple.<\/p>\n\n\n\n<p>F\u00e9d\u00e9ration Olympe de Gouges \u2013 Grande Loge Mixte de France 8 rue de Bizerte 75017 Paris<br>T\u00e9l\u00e9phone : 01 43 87 86 80<br><a href=\"https:\/\/www.glmf.fr\/\" target=\"_blank\" rel=\"noreferrer noopener\">Le site officiel de la GLMF<\/a><\/p>\n","protected":false},"excerpt":{"rendered":"<p>La Grande Loge Mixte de France est une ob\u00e9dience fran\u00e7aise, attach\u00e9e \u00e0 la libert\u00e9 absolue de conscience, recevant aussi bien les femmes que les hommes. Fid\u00e8le aux principes et m\u00e9thodes de la Franc-Ma\u00e7onnerie Universelle, la GLMF entretient des relations suivies avec l&rsquo;ensemble des principales ob\u00e9diences fran\u00e7aises et nombre d&rsquo;ob\u00e9diences \u00e9trang\u00e8res. Plusieurs groupes r\u00e9unissent des membres [&hellip;]<\/p>\n","protected":false},"author":1,"featured_media":0,"comment_status":"closed","ping_status":"open","sticky":false,"template":"","format":"standard","meta":{"_editorskit_title_hidden":false,"_editorskit_reading_time":0,"_editorskit_is_block_options_detached":false,"_editorskit_block_options_position":"{}","footnotes":""},"categories":[35,275,13,32],"tags":[47,50,46],"class_list":["post-161","post","type-post","status-publish","format-standard","hentry","category-biennale-2023","category-biennale-2025","category-obedience","category-obediences-representees","tag-franc-maconnerie","tag-glmf","tag-obedience"],"yoast_head":"<!-- This site is optimized with the Yoast SEO plugin v27.5 - https:\/\/yoast.com\/product\/yoast-seo-wordpress\/ -->\n<title>Grande Loge Mixte de France (GLMF) : Humanisme et La\u00efcit\u00e9<\/title>\n<meta name=\"description\" content=\"La Grande Loge Mixte de France (GLMF) est une ob\u00e9dience mixte, humaniste et progressiste. Elle promeut la libert\u00e9 absolue de conscience, la tol\u00e9rance et le principe de la\u00efcit\u00e9.\" \/>\n<meta name=\"robots\" content=\"index, follow, max-snippet:-1, max-image-preview:large, max-video-preview:-1\" \/>\n<link rel=\"canonical\" href=\"https:\/\/www.imaq.fr\/blog\/2014\/04\/la-grande-loge-mixte-de-france\/\" \/>\n<meta property=\"og:locale\" content=\"fr_FR\" \/>\n<meta property=\"og:type\" content=\"article\" \/>\n<meta property=\"og:title\" content=\"La Grande Loge Mixte de France : Engag\u00e9e pour la La\u00efcit\u00e9 et la Libert\u00e9 de Conscience\" \/>\n<meta property=\"og:description\" content=\"D\u00e9couvrez la Grande Loge Mixte de France (GLMF), une ob\u00e9dience qui accueille femmes et hommes et d\u00e9fend des valeurs humanistes. Elle travaille activement \u00e0 la promotion de la la\u00efcit\u00e9 et de la tol\u00e9rance. #FrancMa\u00e7onnerie #GLMF #Humanisme #La\u00efcit\u00e9 #Libert\u00e9DeConscience\" \/>\n<meta property=\"og:url\" content=\"https:\/\/www.imaq.fr\/blog\/2014\/04\/la-grande-loge-mixte-de-france\/\" \/>\n<meta property=\"og:site_name\" content=\"Biennale Culturelle Ma\u00e7onnique de Bordeaux\" \/>\n<meta property=\"article:publisher\" content=\"https:\/\/www.facebook.com\/biennaleculturellemaconnique.bordeaux\" \/>\n<meta property=\"article:published_time\" content=\"2014-04-11T08:00:00+00:00\" \/>\n<meta property=\"article:modified_time\" content=\"2025-09-04T11:47:49+00:00\" \/>\n<meta name=\"author\" content=\"admin\" \/>\n<meta name=\"twitter:card\" content=\"summary_large_image\" \/>\n<meta name=\"twitter:label1\" content=\"\u00c9crit par\" \/>\n\t<meta name=\"twitter:data1\" content=\"admin\" \/>\n\t<meta name=\"twitter:label2\" content=\"Dur\u00e9e de lecture estim\u00e9e\" \/>\n\t<meta name=\"twitter:data2\" content=\"2 minutes\" \/>\n<script type=\"application\/ld+json\" class=\"yoast-schema-graph\">{\"@context\":\"https:\\\/\\\/schema.org\",\"@graph\":[{\"@type\":\"Article\",\"@id\":\"https:\\\/\\\/www.imaq.fr\\\/blog\\\/2014\\\/04\\\/la-grande-loge-mixte-de-france\\\/#article\",\"isPartOf\":{\"@id\":\"https:\\\/\\\/www.imaq.fr\\\/blog\\\/2014\\\/04\\\/la-grande-loge-mixte-de-france\\\/\"},\"author\":{\"name\":\"admin\",\"@id\":\"https:\\\/\\\/www.imaq.fr\\\/blog\\\/#\\\/schema\\\/person\\\/e254e7f2e74142fb1f15b5ad9e5499a8\"},\"headline\":\"La Grande Loge Mixte de France\",\"datePublished\":\"2014-04-11T08:00:00+00:00\",\"dateModified\":\"2025-09-04T11:47:49+00:00\",\"mainEntityOfPage\":{\"@id\":\"https:\\\/\\\/www.imaq.fr\\\/blog\\\/2014\\\/04\\\/la-grande-loge-mixte-de-france\\\/\"},\"wordCount\":287,\"publisher\":{\"@id\":\"https:\\\/\\\/www.imaq.fr\\\/blog\\\/#organization\"},\"keywords\":[\"franc-ma\u00e7onnerie\",\"glmf\",\"ob\u00e9dience\"],\"articleSection\":[\"Biennale 2023\",\"Biennale 2025\",\"Ob\u00e9diences\",\"Ob\u00e9diences repr\u00e9sent\u00e9es\"],\"inLanguage\":\"fr-FR\"},{\"@type\":\"WebPage\",\"@id\":\"https:\\\/\\\/www.imaq.fr\\\/blog\\\/2014\\\/04\\\/la-grande-loge-mixte-de-france\\\/\",\"url\":\"https:\\\/\\\/www.imaq.fr\\\/blog\\\/2014\\\/04\\\/la-grande-loge-mixte-de-france\\\/\",\"name\":\"Grande Loge Mixte de France (GLMF) : Humanisme et La\u00efcit\u00e9\",\"isPartOf\":{\"@id\":\"https:\\\/\\\/www.imaq.fr\\\/blog\\\/#website\"},\"datePublished\":\"2014-04-11T08:00:00+00:00\",\"dateModified\":\"2025-09-04T11:47:49+00:00\",\"description\":\"La Grande Loge Mixte de France (GLMF) est une ob\u00e9dience mixte, humaniste et progressiste. Elle promeut la libert\u00e9 absolue de conscience, la tol\u00e9rance et le principe de la\u00efcit\u00e9.\",\"breadcrumb\":{\"@id\":\"https:\\\/\\\/www.imaq.fr\\\/blog\\\/2014\\\/04\\\/la-grande-loge-mixte-de-france\\\/#breadcrumb\"},\"inLanguage\":\"fr-FR\",\"potentialAction\":[{\"@type\":\"ReadAction\",\"target\":[\"https:\\\/\\\/www.imaq.fr\\\/blog\\\/2014\\\/04\\\/la-grande-loge-mixte-de-france\\\/\"]}]},{\"@type\":\"BreadcrumbList\",\"@id\":\"https:\\\/\\\/www.imaq.fr\\\/blog\\\/2014\\\/04\\\/la-grande-loge-mixte-de-france\\\/#breadcrumb\",\"itemListElement\":[{\"@type\":\"ListItem\",\"position\":1,\"name\":\"Accueil\",\"item\":\"https:\\\/\\\/www.imaq.fr\\\/blog\\\/\"},{\"@type\":\"ListItem\",\"position\":2,\"name\":\"La Grande Loge Mixte de France\"}]},{\"@type\":\"WebSite\",\"@id\":\"https:\\\/\\\/www.imaq.fr\\\/blog\\\/#website\",\"url\":\"https:\\\/\\\/www.imaq.fr\\\/blog\\\/\",\"name\":\"Biennale Culturelle Ma\u00e7onnique de Bordeaux\",\"description\":\"IMAQ\",\"publisher\":{\"@id\":\"https:\\\/\\\/www.imaq.fr\\\/blog\\\/#organization\"},\"potentialAction\":[{\"@type\":\"SearchAction\",\"target\":{\"@type\":\"EntryPoint\",\"urlTemplate\":\"https:\\\/\\\/www.imaq.fr\\\/blog\\\/?s={search_term_string}\"},\"query-input\":{\"@type\":\"PropertyValueSpecification\",\"valueRequired\":true,\"valueName\":\"search_term_string\"}}],\"inLanguage\":\"fr-FR\"},{\"@type\":\"Organization\",\"@id\":\"https:\\\/\\\/www.imaq.fr\\\/blog\\\/#organization\",\"name\":\"Biennale Culturelle Ma\u00e7onnique de Bordeaux\",\"url\":\"https:\\\/\\\/www.imaq.fr\\\/blog\\\/\",\"logo\":{\"@type\":\"ImageObject\",\"inLanguage\":\"fr-FR\",\"@id\":\"https:\\\/\\\/www.imaq.fr\\\/blog\\\/#\\\/schema\\\/logo\\\/image\\\/\",\"url\":\"https:\\\/\\\/www.imaq.fr\\\/blog\\\/wp-content\\\/uploads\\\/2014\\\/12\\\/logo-bcmc.jpg\",\"contentUrl\":\"https:\\\/\\\/www.imaq.fr\\\/blog\\\/wp-content\\\/uploads\\\/2014\\\/12\\\/logo-bcmc.jpg\",\"width\":759,\"height\":784,\"caption\":\"Biennale Culturelle Ma\u00e7onnique de Bordeaux\"},\"image\":{\"@id\":\"https:\\\/\\\/www.imaq.fr\\\/blog\\\/#\\\/schema\\\/logo\\\/image\\\/\"},\"sameAs\":[\"https:\\\/\\\/www.facebook.com\\\/biennaleculturellemaconnique.bordeaux\"]},{\"@type\":\"Person\",\"@id\":\"https:\\\/\\\/www.imaq.fr\\\/blog\\\/#\\\/schema\\\/person\\\/e254e7f2e74142fb1f15b5ad9e5499a8\",\"name\":\"admin\",\"image\":{\"@type\":\"ImageObject\",\"inLanguage\":\"fr-FR\",\"@id\":\"https:\\\/\\\/secure.gravatar.com\\\/avatar\\\/dc680bd7169ea778990c4699837876a1853fec844e748f0cedc540ee36ae168a?s=96&d=identicon&r=g\",\"url\":\"https:\\\/\\\/secure.gravatar.com\\\/avatar\\\/dc680bd7169ea778990c4699837876a1853fec844e748f0cedc540ee36ae168a?s=96&d=identicon&r=g\",\"contentUrl\":\"https:\\\/\\\/secure.gravatar.com\\\/avatar\\\/dc680bd7169ea778990c4699837876a1853fec844e748f0cedc540ee36ae168a?s=96&d=identicon&r=g\",\"caption\":\"admin\"},\"url\":\"https:\\\/\\\/www.imaq.fr\\\/blog\\\/author\\\/admin\\\/\"}]}<\/script>\n<!-- \/ Yoast SEO plugin. -->","yoast_head_json":{"title":"Grande Loge Mixte de France (GLMF) : Humanisme et La\u00efcit\u00e9","description":"La Grande Loge Mixte de France (GLMF) est une ob\u00e9dience mixte, humaniste et progressiste. Elle promeut la libert\u00e9 absolue de conscience, la tol\u00e9rance et le principe de la\u00efcit\u00e9.","robots":{"index":"index","follow":"follow","max-snippet":"max-snippet:-1","max-image-preview":"max-image-preview:large","max-video-preview":"max-video-preview:-1"},"canonical":"https:\/\/www.imaq.fr\/blog\/2014\/04\/la-grande-loge-mixte-de-france\/","og_locale":"fr_FR","og_type":"article","og_title":"La Grande Loge Mixte de France : Engag\u00e9e pour la La\u00efcit\u00e9 et la Libert\u00e9 de Conscience","og_description":"D\u00e9couvrez la Grande Loge Mixte de France (GLMF), une ob\u00e9dience qui accueille femmes et hommes et d\u00e9fend des valeurs humanistes. Elle travaille activement \u00e0 la promotion de la la\u00efcit\u00e9 et de la tol\u00e9rance. #FrancMa\u00e7onnerie #GLMF #Humanisme #La\u00efcit\u00e9 #Libert\u00e9DeConscience","og_url":"https:\/\/www.imaq.fr\/blog\/2014\/04\/la-grande-loge-mixte-de-france\/","og_site_name":"Biennale Culturelle Ma\u00e7onnique de Bordeaux","article_publisher":"https:\/\/www.facebook.com\/biennaleculturellemaconnique.bordeaux","article_published_time":"2014-04-11T08:00:00+00:00","article_modified_time":"2025-09-04T11:47:49+00:00","author":"admin","twitter_card":"summary_large_image","twitter_misc":{"\u00c9crit par":"admin","Dur\u00e9e de lecture estim\u00e9e":"2 minutes"},"schema":{"@context":"https:\/\/schema.org","@graph":[{"@type":"Article","@id":"https:\/\/www.imaq.fr\/blog\/2014\/04\/la-grande-loge-mixte-de-france\/#article","isPartOf":{"@id":"https:\/\/www.imaq.fr\/blog\/2014\/04\/la-grande-loge-mixte-de-france\/"},"author":{"name":"admin","@id":"https:\/\/www.imaq.fr\/blog\/#\/schema\/person\/e254e7f2e74142fb1f15b5ad9e5499a8"},"headline":"La Grande Loge Mixte de France","datePublished":"2014-04-11T08:00:00+00:00","dateModified":"2025-09-04T11:47:49+00:00","mainEntityOfPage":{"@id":"https:\/\/www.imaq.fr\/blog\/2014\/04\/la-grande-loge-mixte-de-france\/"},"wordCount":287,"publisher":{"@id":"https:\/\/www.imaq.fr\/blog\/#organization"},"keywords":["franc-ma\u00e7onnerie","glmf","ob\u00e9dience"],"articleSection":["Biennale 2023","Biennale 2025","Ob\u00e9diences","Ob\u00e9diences repr\u00e9sent\u00e9es"],"inLanguage":"fr-FR"},{"@type":"WebPage","@id":"https:\/\/www.imaq.fr\/blog\/2014\/04\/la-grande-loge-mixte-de-france\/","url":"https:\/\/www.imaq.fr\/blog\/2014\/04\/la-grande-loge-mixte-de-france\/","name":"Grande Loge Mixte de France (GLMF) : Humanisme et La\u00efcit\u00e9","isPartOf":{"@id":"https:\/\/www.imaq.fr\/blog\/#website"},"datePublished":"2014-04-11T08:00:00+00:00","dateModified":"2025-09-04T11:47:49+00:00","description":"La Grande Loge Mixte de France (GLMF) est une ob\u00e9dience mixte, humaniste et progressiste. Elle promeut la libert\u00e9 absolue de conscience, la tol\u00e9rance et le principe de la\u00efcit\u00e9.","breadcrumb":{"@id":"https:\/\/www.imaq.fr\/blog\/2014\/04\/la-grande-loge-mixte-de-france\/#breadcrumb"},"inLanguage":"fr-FR","potentialAction":[{"@type":"ReadAction","target":["https:\/\/www.imaq.fr\/blog\/2014\/04\/la-grande-loge-mixte-de-france\/"]}]},{"@type":"BreadcrumbList","@id":"https:\/\/www.imaq.fr\/blog\/2014\/04\/la-grande-loge-mixte-de-france\/#breadcrumb","itemListElement":[{"@type":"ListItem","position":1,"name":"Accueil","item":"https:\/\/www.imaq.fr\/blog\/"},{"@type":"ListItem","position":2,"name":"La Grande Loge Mixte de France"}]},{"@type":"WebSite","@id":"https:\/\/www.imaq.fr\/blog\/#website","url":"https:\/\/www.imaq.fr\/blog\/","name":"Biennale Culturelle Ma\u00e7onnique de Bordeaux","description":"IMAQ","publisher":{"@id":"https:\/\/www.imaq.fr\/blog\/#organization"},"potentialAction":[{"@type":"SearchAction","target":{"@type":"EntryPoint","urlTemplate":"https:\/\/www.imaq.fr\/blog\/?s={search_term_string}"},"query-input":{"@type":"PropertyValueSpecification","valueRequired":true,"valueName":"search_term_string"}}],"inLanguage":"fr-FR"},{"@type":"Organization","@id":"https:\/\/www.imaq.fr\/blog\/#organization","name":"Biennale Culturelle Ma\u00e7onnique de Bordeaux","url":"https:\/\/www.imaq.fr\/blog\/","logo":{"@type":"ImageObject","inLanguage":"fr-FR","@id":"https:\/\/www.imaq.fr\/blog\/#\/schema\/logo\/image\/","url":"https:\/\/www.imaq.fr\/blog\/wp-content\/uploads\/2014\/12\/logo-bcmc.jpg","contentUrl":"https:\/\/www.imaq.fr\/blog\/wp-content\/uploads\/2014\/12\/logo-bcmc.jpg","width":759,"height":784,"caption":"Biennale Culturelle Ma\u00e7onnique de Bordeaux"},"image":{"@id":"https:\/\/www.imaq.fr\/blog\/#\/schema\/logo\/image\/"},"sameAs":["https:\/\/www.facebook.com\/biennaleculturellemaconnique.bordeaux"]},{"@type":"Person","@id":"https:\/\/www.imaq.fr\/blog\/#\/schema\/person\/e254e7f2e74142fb1f15b5ad9e5499a8","name":"admin","image":{"@type":"ImageObject","inLanguage":"fr-FR","@id":"https:\/\/secure.gravatar.com\/avatar\/dc680bd7169ea778990c4699837876a1853fec844e748f0cedc540ee36ae168a?s=96&d=identicon&r=g","url":"https:\/\/secure.gravatar.com\/avatar\/dc680bd7169ea778990c4699837876a1853fec844e748f0cedc540ee36ae168a?s=96&d=identicon&r=g","contentUrl":"https:\/\/secure.gravatar.com\/avatar\/dc680bd7169ea778990c4699837876a1853fec844e748f0cedc540ee36ae168a?s=96&d=identicon&r=g","caption":"admin"},"url":"https:\/\/www.imaq.fr\/blog\/author\/admin\/"}]}},"_links":{"self":[{"href":"https:\/\/www.imaq.fr\/blog\/wp-json\/wp\/v2\/posts\/161","targetHints":{"allow":["GET"]}}],"collection":[{"href":"https:\/\/www.imaq.fr\/blog\/wp-json\/wp\/v2\/posts"}],"about":[{"href":"https:\/\/www.imaq.fr\/blog\/wp-json\/wp\/v2\/types\/post"}],"author":[{"embeddable":true,"href":"https:\/\/www.imaq.fr\/blog\/wp-json\/wp\/v2\/users\/1"}],"replies":[{"embeddable":true,"href":"https:\/\/www.imaq.fr\/blog\/wp-json\/wp\/v2\/comments?post=161"}],"version-history":[{"count":0,"href":"https:\/\/www.imaq.fr\/blog\/wp-json\/wp\/v2\/posts\/161\/revisions"}],"wp:attachment":[{"href":"https:\/\/www.imaq.fr\/blog\/wp-json\/wp\/v2\/media?parent=161"}],"wp:term":[{"taxonomy":"category","embeddable":true,"href":"https:\/\/www.imaq.fr\/blog\/wp-json\/wp\/v2\/categories?post=161"},{"taxonomy":"post_tag","embeddable":true,"href":"https:\/\/www.imaq.fr\/blog\/wp-json\/wp\/v2\/tags?post=161"}],"curies":[{"name":"wp","href":"https:\/\/api.w.org\/{rel}","templated":true}]}}