{"id":1618,"date":"2023-10-23T11:58:00","date_gmt":"2023-10-23T11:58:00","guid":{"rendered":"https:\/\/www.imaq.fr\/blog\/?p=1618"},"modified":"2025-01-16T10:47:36","modified_gmt":"2025-01-16T10:47:36","slug":"programme-de-la-5eme-biennale-culturelle-maconnique-de-bordeaux","status":"publish","type":"post","link":"https:\/\/www.imaq.fr\/blog\/2023\/10\/programme-de-la-5eme-biennale-culturelle-maconnique-de-bordeaux\/","title":{"rendered":"Programme de la 5\u00e8me Biennale Culturelle Ma\u00e7onnique de Bordeaux"},"content":{"rendered":"\n<p><strong>\u00ab\u00a0L&rsquo;\u00e9thique, un enjeu pour demain\u00a0\u00bb<\/strong>, tel \u00e9tait le th\u00e8me de cette cinqui\u00e8me \u00e9dition. Un enregistrement audio des conf\u00e9rences sera propos\u00e9 dans les prochains jours.<\/p>\n\n\n\n<h3 class=\"wp-block-heading\">Samedi 14 octobre 2023<\/h3>\n\n\n\n<p class=\"has-foreground-color has-background-background-color has-text-color has-background\"><mark style=\"background-color:rgba(0, 0, 0, 0)\" class=\"has-inline-color has-foreground-color\">La Biennale a \u00e9t\u00e9 inaugur\u00e9e \u00e0 9h00 par Monsieur Alain Garnier, Maire d&rsquo;Artigues-pr\u00e8s-Bordeaux, Monsieur Laurent Guillemin, Adjoint au maire de Bordeaux, et Monsieur Michel Simon, pr\u00e9sident de l&rsquo;association IMAQ Humanisme et Culture d&rsquo;Aquitaine, organisateur de la Biennale.<\/mark><\/p>\n\n\n\n<hr class=\"wp-block-separator has-alpha-channel-opacity\"\/>\n\n\n\n<div class=\"wp-block-columns is-layout-flex wp-container-core-columns-is-layout-28f84493 wp-block-columns-is-layout-flex\">\n<div class=\"wp-block-column is-layout-flow wp-block-column-is-layout-flow\" style=\"flex-basis:33.33%\">\n<div class=\"wp-block-columns is-layout-flex wp-container-core-columns-is-layout-28f84493 wp-block-columns-is-layout-flex\">\n<div class=\"wp-block-column is-layout-flow wp-block-column-is-layout-flow\" style=\"flex-basis:33.33%\">\n<p>9h15<\/p>\n<\/div>\n\n\n\n<div class=\"wp-block-column is-layout-flow wp-block-column-is-layout-flow\" style=\"flex-basis:66.66%\">\n<p><strong>Conf\u00e9rence<\/strong><br><em>\u00c9thique, <br>sciences et <br>intelligence artificielle<\/em><\/p>\n<\/div>\n<\/div>\n<\/div>\n\n\n\n<div class=\"wp-block-column is-layout-flow wp-block-column-is-layout-flow\" style=\"flex-basis:66.66%\">\n<p><strong>L&rsquo;intelligence artificielle, une nouvelle r\u00e9volution<\/strong>&nbsp;<strong>?<\/strong><br>par <strong><a href=\"https:\/\/www.imaq.fr\/blog\/2023\/07\/jean-philippe-domenger\/\">Jean-Philippe DOMENGER<\/a><\/strong>, professeur \u00e0 l&rsquo;Universit\u00e9 de Bordeaux<br>mod\u00e9rateur : C\u00e9lestin SEDOGBO, directeur de l&rsquo;Institut Carnot Cognition<\/p>\n\n\n\n<p><em><a href=\"https:\/\/www.imaq.fr\/blog\/2023\/10\/lintelligence-artificielle-une-nouvelle-revolution\/\" class=\"ek-link\">\u00c9couter la conf\u00e9rence<\/a><\/em><\/p>\n<\/div>\n<\/div>\n\n\n\n<hr class=\"wp-block-separator has-alpha-channel-opacity\"\/>\n\n\n\n<div class=\"wp-block-columns is-layout-flex wp-container-core-columns-is-layout-28f84493 wp-block-columns-is-layout-flex\">\n<div class=\"wp-block-column is-layout-flow wp-block-column-is-layout-flow\" style=\"flex-basis:33.33%\">\n<div class=\"wp-block-columns is-layout-flex wp-container-core-columns-is-layout-28f84493 wp-block-columns-is-layout-flex\">\n<div class=\"wp-block-column is-layout-flow wp-block-column-is-layout-flow\" style=\"flex-basis:33.33%\">\n<p>11h15<\/p>\n<\/div>\n\n\n\n<div class=\"wp-block-column is-layout-flow wp-block-column-is-layout-flow\" style=\"flex-basis:66.66%\">\n<p><strong>Conf\u00e9rence<\/strong><br><em>\u00c9thique et<br>environnement<\/em><\/p>\n<\/div>\n<\/div>\n<\/div>\n\n\n\n<div class=\"wp-block-column is-layout-flow wp-block-column-is-layout-flow\" style=\"flex-basis:66.66%\">\n<p><strong>Reconnaitre les droits de la nature, une nouvelle \u00e9thique face au vivant<\/strong><br>par <strong><a href=\"https:\/\/www.imaq.fr\/blog\/2023\/07\/marine-calmet\/\">Marine CALMET<\/a><\/strong>, avocate, pr\u00e9sidente de l&rsquo;association Wild Legal<br>mod\u00e9rateur : Albert KLEIN<\/p>\n\n\n\n<p><em><a href=\"https:\/\/www.imaq.fr\/blog\/2023\/11\/reconnaitre-les-droits-de-la-nature-une-nouvelle-ethique-face-au-vivant\/\" class=\"ek-link\">\u00c9couter la conf\u00e9rence<\/a><\/em><\/p>\n<\/div>\n<\/div>\n\n\n\n<hr class=\"wp-block-separator has-alpha-channel-opacity\"\/>\n\n\n\n<div class=\"wp-block-columns is-layout-flex wp-container-core-columns-is-layout-28f84493 wp-block-columns-is-layout-flex\">\n<div class=\"wp-block-column is-layout-flow wp-block-column-is-layout-flow\" style=\"flex-basis:33.33%\">\n<div class=\"wp-block-columns is-layout-flex wp-container-core-columns-is-layout-28f84493 wp-block-columns-is-layout-flex\">\n<div class=\"wp-block-column is-layout-flow wp-block-column-is-layout-flow\" style=\"flex-basis:33.33%\">\n<p>14h00<\/p>\n<\/div>\n\n\n\n<div class=\"wp-block-column is-layout-flow wp-block-column-is-layout-flow\" style=\"flex-basis:66.66%\">\n<p><strong>Conf\u00e9rence<\/strong><br><em>\u00c9thique, <br>communication <br>et m\u00e9dias<\/em><\/p>\n<\/div>\n<\/div>\n<\/div>\n\n\n\n<div class=\"wp-block-column is-layout-flow wp-block-column-is-layout-flow\" style=\"flex-basis:66.66%\">\n<p><strong>\u00c9thique et m\u00e9dias : est-ce une utopie<\/strong>\u00a0<strong>?<\/strong><br>par <strong><a href=\"https:\/\/www.imaq.fr\/blog\/2023\/07\/frederic-ploquin\/\">Fr\u00e9d\u00e9ric PLOQUIN<\/a><\/strong>, journaliste, grand reporter<br><\/p>\n\n\n\n<p><em><a href=\"https:\/\/www.imaq.fr\/blog\/2023\/11\/ethique-et-medias-est-ce-une-utopie\/\" class=\"ek-link\">\u00c9couter la conf\u00e9rence<\/a><\/em><\/p>\n<\/div>\n<\/div>\n\n\n\n<hr class=\"wp-block-separator has-alpha-channel-opacity\"\/>\n\n\n\n<div class=\"wp-block-columns is-layout-flex wp-container-core-columns-is-layout-28f84493 wp-block-columns-is-layout-flex\">\n<div class=\"wp-block-column is-layout-flow wp-block-column-is-layout-flow\" style=\"flex-basis:33.33%\">\n<div class=\"wp-block-columns is-layout-flex wp-container-core-columns-is-layout-28f84493 wp-block-columns-is-layout-flex\">\n<div class=\"wp-block-column is-layout-flow wp-block-column-is-layout-flow\" style=\"flex-basis:33.33%\">\n<p>16h30<\/p>\n<\/div>\n\n\n\n<div class=\"wp-block-column is-layout-flow wp-block-column-is-layout-flow\" style=\"flex-basis:66.66%\">\n<p><strong>Conf\u00e9rence<\/strong><br><em>\u00c9thique et <br>franc-ma\u00e7onnerie<\/em><\/p>\n<\/div>\n<\/div>\n<\/div>\n\n\n\n<div class=\"wp-block-column is-layout-flow wp-block-column-is-layout-flow\" style=\"flex-basis:66.66%\">\n<p><strong>Quelle \u00e9thique pour les francs-ma\u00e7ons aujourd&rsquo;hui<\/strong>&nbsp;<strong>?<\/strong><br>par <strong><a href=\"https:\/\/www.imaq.fr\/blog\/2023\/07\/jean-michel-dardour\/\">Jean-Michel DARDOUR<\/a><\/strong>, pr\u00e9sident du Campus Ma\u00e7onnique, ancien 1er Grand Ma\u00eetre Adjoint de la Grande Loge de France<br>mod\u00e9rateur : <a href=\"https:\/\/www.imaq.fr\/blog\/2023\/07\/jean-petaux\/\">Jean PETAUX<\/a><\/p>\n\n\n\n<p><em><a href=\"https:\/\/www.imaq.fr\/blog\/2023\/11\/quelle-ethique-pour-les-francs-macons-aujourdhui\/\" class=\"ek-link\">\u00c9couter la conf\u00e9rence<\/a><\/em><\/p>\n<\/div>\n<\/div>\n\n\n\n<h3 class=\"wp-block-heading\">Dimanche 15 octobre 2023<\/h3>\n\n\n\n<div class=\"wp-block-columns is-layout-flex wp-container-core-columns-is-layout-28f84493 wp-block-columns-is-layout-flex\">\n<div class=\"wp-block-column is-layout-flow wp-block-column-is-layout-flow\" style=\"flex-basis:33.33%\">\n<div class=\"wp-block-columns is-layout-flex wp-container-core-columns-is-layout-28f84493 wp-block-columns-is-layout-flex\">\n<div class=\"wp-block-column is-layout-flow wp-block-column-is-layout-flow\" style=\"flex-basis:33.33%\">\n<p>9h00<\/p>\n<\/div>\n\n\n\n<div class=\"wp-block-column is-layout-flow wp-block-column-is-layout-flow\" style=\"flex-basis:66.66%\">\n<p><strong>Conf\u00e9rence<\/strong><br><em>Sant\u00e9 et<br>bio\u00e9thique<\/em><\/p>\n<\/div>\n<\/div>\n<\/div>\n\n\n\n<div class=\"wp-block-column is-layout-flow wp-block-column-is-layout-flow\" style=\"flex-basis:66.66%\">\n<p><strong>Biom\u00e9decine et technosciences, \u00e0 la vie, \u00e0 la mort<\/strong><br>par <strong><a href=\"https:\/\/www.imaq.fr\/blog\/2023\/07\/christiane-vienne\/\">Christiane VIENNE<\/a><\/strong>, Grand Ma\u00eetre de la Grande Loge Mixte de France, ancienne ministre de la sant\u00e9 du gouvernement Wallon, ancienne s\u00e9natrice et d\u00e9put\u00e9e du Parlement f\u00e9d\u00e9ral de Belgique<br>mod\u00e9ratrice : <a href=\"https:\/\/www.imaq.fr\/blog\/2023\/09\/patricia-laquel\/\">Patricia LAQUEL<\/a><\/p>\n\n\n\n<p><em><a href=\"https:\/\/www.imaq.fr\/blog\/2023\/10\/biomedecine-et-technosciences-a-la-vie-a-la-mort\/\" class=\"ek-link\">\u00c9couter la conf\u00e9rence<\/a><\/em><\/p>\n<\/div>\n<\/div>\n\n\n\n<hr class=\"wp-block-separator has-alpha-channel-opacity\"\/>\n\n\n\n<div class=\"wp-block-columns is-layout-flex wp-container-core-columns-is-layout-28f84493 wp-block-columns-is-layout-flex\">\n<div class=\"wp-block-column is-layout-flow wp-block-column-is-layout-flow\" style=\"flex-basis:33.33%\">\n<div class=\"wp-block-columns is-layout-flex wp-container-core-columns-is-layout-28f84493 wp-block-columns-is-layout-flex\">\n<div class=\"wp-block-column is-layout-flow wp-block-column-is-layout-flow\" style=\"flex-basis:33.33%\">\n<p>11h00<\/p>\n<\/div>\n\n\n\n<div class=\"wp-block-column is-layout-flow wp-block-column-is-layout-flow\" style=\"flex-basis:66.66%\">\n<p><strong>Conf\u00e9rence<\/strong><br><em>\u00c9thique et monde du travail<\/em><\/p>\n<\/div>\n<\/div>\n<\/div>\n\n\n\n<div class=\"wp-block-column is-layout-flow wp-block-column-is-layout-flow\" style=\"flex-basis:66.66%\">\n<p><strong>Valeur travail ou valeur du travail. Quelle \u00e9mancipation<\/strong>&nbsp;<strong>?<\/strong><br>par <strong><a href=\"https:\/\/www.imaq.fr\/blog\/2023\/07\/timothee-duverger\/\">Timoth\u00e9e DUVERGER<\/a><\/strong>, directeur de la chaire TerrESS \u00e0 Sciences Po, auteur<br>mod\u00e9rateur : <a href=\"https:\/\/www.imaq.fr\/blog\/2023\/09\/jean-dumonteil\/\">Jean DUMONTEIL<\/a><\/p>\n\n\n\n<p><em><a href=\"https:\/\/www.imaq.fr\/blog\/2023\/11\/valeur-travail-ou-valeur-du-travail-quelle-emancipation\/\" class=\"ek-link\">\u00c9couter la conf\u00e9rence<\/a><\/em><\/p>\n<\/div>\n<\/div>\n\n\n\n<hr class=\"wp-block-separator has-alpha-channel-opacity\"\/>\n\n\n\n<div class=\"wp-block-columns is-layout-flex wp-container-core-columns-is-layout-28f84493 wp-block-columns-is-layout-flex\">\n<div class=\"wp-block-column is-layout-flow wp-block-column-is-layout-flow\" style=\"flex-basis:33.33%\">\n<div class=\"wp-block-columns is-layout-flex wp-container-core-columns-is-layout-28f84493 wp-block-columns-is-layout-flex\">\n<div class=\"wp-block-column is-layout-flow wp-block-column-is-layout-flow\" style=\"flex-basis:33.33%\">\n<p>14h00<\/p>\n<\/div>\n\n\n\n<div class=\"wp-block-column is-layout-flow wp-block-column-is-layout-flow\" style=\"flex-basis:66.66%\">\n<p><strong>Conf\u00e9rence<\/strong><br><em>\u00c9thique, politique et soci\u00e9t\u00e9<\/em><\/p>\n<\/div>\n<\/div>\n<\/div>\n\n\n\n<div class=\"wp-block-column is-layout-flow wp-block-column-is-layout-flow\" style=\"flex-basis:66.66%\">\n<p><strong>\u00c9thique et politique, l&rsquo;inaccessible \u00e9toile<\/strong>&nbsp;<strong>?<\/strong><br>par <strong><a href=\"https:\/\/www.imaq.fr\/blog\/2023\/07\/jean-petaux\/\">Jean PETAUX<\/a><\/strong>, politologue<br>mod\u00e9ratrice : Brigitte NABET-GIRARD, membre de la Grande Loge F\u00e9minine de France<\/p>\n\n\n\n<p><em><a href=\"https:\/\/www.imaq.fr\/blog\/2023\/11\/ethique-et-politique-linaccessible-etoile\/\" class=\"ek-link\">\u00c9couter la conf\u00e9rence<\/a><\/em><\/p>\n<\/div>\n<\/div>\n","protected":false},"excerpt":{"rendered":"<p>\u00ab\u00a0L&rsquo;\u00e9thique, un enjeu pour demain\u00a0\u00bb, tel \u00e9tait le th\u00e8me de cette cinqui\u00e8me \u00e9dition. Un enregistrement audio des conf\u00e9rences sera propos\u00e9 dans les prochains jours. Samedi 14 octobre 2023 La Biennale a \u00e9t\u00e9 inaugur\u00e9e \u00e0 9h00 par Monsieur Alain Garnier, Maire d&rsquo;Artigues-pr\u00e8s-Bordeaux, Monsieur Laurent Guillemin, Adjoint au maire de Bordeaux, et Monsieur Michel Simon, pr\u00e9sident de [&hellip;]<\/p>\n","protected":false},"author":2,"featured_media":0,"comment_status":"closed","ping_status":"closed","sticky":false,"template":"","format":"standard","meta":{"_editorskit_title_hidden":false,"_editorskit_reading_time":0,"_editorskit_is_block_options_detached":false,"_editorskit_block_options_position":"{}","footnotes":""},"categories":[35,36],"tags":[],"class_list":["post-1618","post","type-post","status-publish","format-standard","hentry","category-biennale-2023","category-conference-2023"],"yoast_head":"<!-- This site is optimized with the Yoast SEO plugin v27.5 - https:\/\/yoast.com\/product\/yoast-seo-wordpress\/ -->\n<title>Programme de la 5\u00e8me Biennale Culturelle Ma\u00e7onnique de Bordeaux - Biennale Culturelle Ma\u00e7onnique de Bordeaux<\/title>\n<meta name=\"robots\" content=\"index, follow, max-snippet:-1, max-image-preview:large, max-video-preview:-1\" \/>\n<link rel=\"canonical\" href=\"https:\/\/www.imaq.fr\/blog\/2023\/10\/programme-de-la-5eme-biennale-culturelle-maconnique-de-bordeaux\/\" \/>\n<meta property=\"og:locale\" content=\"fr_FR\" \/>\n<meta property=\"og:type\" content=\"article\" \/>\n<meta property=\"og:title\" content=\"Programme de la 5\u00e8me Biennale Culturelle Ma\u00e7onnique de Bordeaux - Biennale Culturelle Ma\u00e7onnique de Bordeaux\" \/>\n<meta property=\"og:description\" content=\"\u00ab\u00a0L&rsquo;\u00e9thique, un enjeu pour demain\u00a0\u00bb, tel \u00e9tait le th\u00e8me de cette cinqui\u00e8me \u00e9dition. Un enregistrement audio des conf\u00e9rences sera propos\u00e9 dans les prochains jours. Samedi 14 octobre 2023 La Biennale a \u00e9t\u00e9 inaugur\u00e9e \u00e0 9h00 par Monsieur Alain Garnier, Maire d&rsquo;Artigues-pr\u00e8s-Bordeaux, Monsieur Laurent Guillemin, Adjoint au maire de Bordeaux, et Monsieur Michel Simon, pr\u00e9sident de [&hellip;]\" \/>\n<meta property=\"og:url\" content=\"https:\/\/www.imaq.fr\/blog\/2023\/10\/programme-de-la-5eme-biennale-culturelle-maconnique-de-bordeaux\/\" \/>\n<meta property=\"og:site_name\" content=\"Biennale Culturelle Ma\u00e7onnique de Bordeaux\" \/>\n<meta property=\"article:publisher\" content=\"https:\/\/www.facebook.com\/biennaleculturellemaconnique.bordeaux\" \/>\n<meta property=\"article:published_time\" content=\"2023-10-23T11:58:00+00:00\" \/>\n<meta property=\"article:modified_time\" content=\"2025-01-16T10:47:36+00:00\" \/>\n<meta name=\"author\" content=\"BCMB\" \/>\n<meta name=\"twitter:card\" content=\"summary_large_image\" \/>\n<meta name=\"twitter:label1\" content=\"\u00c9crit par\" \/>\n\t<meta name=\"twitter:data1\" content=\"BCMB\" \/>\n\t<meta name=\"twitter:label2\" content=\"Dur\u00e9e de lecture estim\u00e9e\" \/>\n\t<meta name=\"twitter:data2\" content=\"2 minutes\" \/>\n<script type=\"application\/ld+json\" class=\"yoast-schema-graph\">{\"@context\":\"https:\\\/\\\/schema.org\",\"@graph\":[{\"@type\":\"Article\",\"@id\":\"https:\\\/\\\/www.imaq.fr\\\/blog\\\/2023\\\/10\\\/programme-de-la-5eme-biennale-culturelle-maconnique-de-bordeaux\\\/#article\",\"isPartOf\":{\"@id\":\"https:\\\/\\\/www.imaq.fr\\\/blog\\\/2023\\\/10\\\/programme-de-la-5eme-biennale-culturelle-maconnique-de-bordeaux\\\/\"},\"author\":{\"name\":\"BCMB\",\"@id\":\"https:\\\/\\\/www.imaq.fr\\\/blog\\\/#\\\/schema\\\/person\\\/3df683af05c9d4e9401e01364d03a5fd\"},\"headline\":\"Programme de la 5\u00e8me Biennale Culturelle Ma\u00e7onnique de Bordeaux\",\"datePublished\":\"2023-10-23T11:58:00+00:00\",\"dateModified\":\"2025-01-16T10:47:36+00:00\",\"mainEntityOfPage\":{\"@id\":\"https:\\\/\\\/www.imaq.fr\\\/blog\\\/2023\\\/10\\\/programme-de-la-5eme-biennale-culturelle-maconnique-de-bordeaux\\\/\"},\"wordCount\":355,\"publisher\":{\"@id\":\"https:\\\/\\\/www.imaq.fr\\\/blog\\\/#organization\"},\"articleSection\":[\"Biennale 2023\",\"Conf\u00e9rence 2023\"],\"inLanguage\":\"fr-FR\"},{\"@type\":\"WebPage\",\"@id\":\"https:\\\/\\\/www.imaq.fr\\\/blog\\\/2023\\\/10\\\/programme-de-la-5eme-biennale-culturelle-maconnique-de-bordeaux\\\/\",\"url\":\"https:\\\/\\\/www.imaq.fr\\\/blog\\\/2023\\\/10\\\/programme-de-la-5eme-biennale-culturelle-maconnique-de-bordeaux\\\/\",\"name\":\"Programme de la 5\u00e8me Biennale Culturelle Ma\u00e7onnique de Bordeaux - Biennale Culturelle Ma\u00e7onnique de Bordeaux\",\"isPartOf\":{\"@id\":\"https:\\\/\\\/www.imaq.fr\\\/blog\\\/#website\"},\"datePublished\":\"2023-10-23T11:58:00+00:00\",\"dateModified\":\"2025-01-16T10:47:36+00:00\",\"breadcrumb\":{\"@id\":\"https:\\\/\\\/www.imaq.fr\\\/blog\\\/2023\\\/10\\\/programme-de-la-5eme-biennale-culturelle-maconnique-de-bordeaux\\\/#breadcrumb\"},\"inLanguage\":\"fr-FR\",\"potentialAction\":[{\"@type\":\"ReadAction\",\"target\":[\"https:\\\/\\\/www.imaq.fr\\\/blog\\\/2023\\\/10\\\/programme-de-la-5eme-biennale-culturelle-maconnique-de-bordeaux\\\/\"]}]},{\"@type\":\"BreadcrumbList\",\"@id\":\"https:\\\/\\\/www.imaq.fr\\\/blog\\\/2023\\\/10\\\/programme-de-la-5eme-biennale-culturelle-maconnique-de-bordeaux\\\/#breadcrumb\",\"itemListElement\":[{\"@type\":\"ListItem\",\"position\":1,\"name\":\"Accueil\",\"item\":\"https:\\\/\\\/www.imaq.fr\\\/blog\\\/\"},{\"@type\":\"ListItem\",\"position\":2,\"name\":\"Programme de la 5\u00e8me Biennale Culturelle Ma\u00e7onnique de Bordeaux\"}]},{\"@type\":\"WebSite\",\"@id\":\"https:\\\/\\\/www.imaq.fr\\\/blog\\\/#website\",\"url\":\"https:\\\/\\\/www.imaq.fr\\\/blog\\\/\",\"name\":\"Biennale Culturelle Ma\u00e7onnique de Bordeaux\",\"description\":\"IMAQ\",\"publisher\":{\"@id\":\"https:\\\/\\\/www.imaq.fr\\\/blog\\\/#organization\"},\"potentialAction\":[{\"@type\":\"SearchAction\",\"target\":{\"@type\":\"EntryPoint\",\"urlTemplate\":\"https:\\\/\\\/www.imaq.fr\\\/blog\\\/?s={search_term_string}\"},\"query-input\":{\"@type\":\"PropertyValueSpecification\",\"valueRequired\":true,\"valueName\":\"search_term_string\"}}],\"inLanguage\":\"fr-FR\"},{\"@type\":\"Organization\",\"@id\":\"https:\\\/\\\/www.imaq.fr\\\/blog\\\/#organization\",\"name\":\"Biennale Culturelle Ma\u00e7onnique de Bordeaux\",\"url\":\"https:\\\/\\\/www.imaq.fr\\\/blog\\\/\",\"logo\":{\"@type\":\"ImageObject\",\"inLanguage\":\"fr-FR\",\"@id\":\"https:\\\/\\\/www.imaq.fr\\\/blog\\\/#\\\/schema\\\/logo\\\/image\\\/\",\"url\":\"https:\\\/\\\/www.imaq.fr\\\/blog\\\/wp-content\\\/uploads\\\/2014\\\/12\\\/logo-bcmc.jpg\",\"contentUrl\":\"https:\\\/\\\/www.imaq.fr\\\/blog\\\/wp-content\\\/uploads\\\/2014\\\/12\\\/logo-bcmc.jpg\",\"width\":759,\"height\":784,\"caption\":\"Biennale Culturelle Ma\u00e7onnique de Bordeaux\"},\"image\":{\"@id\":\"https:\\\/\\\/www.imaq.fr\\\/blog\\\/#\\\/schema\\\/logo\\\/image\\\/\"},\"sameAs\":[\"https:\\\/\\\/www.facebook.com\\\/biennaleculturellemaconnique.bordeaux\"]},{\"@type\":\"Person\",\"@id\":\"https:\\\/\\\/www.imaq.fr\\\/blog\\\/#\\\/schema\\\/person\\\/3df683af05c9d4e9401e01364d03a5fd\",\"name\":\"BCMB\",\"image\":{\"@type\":\"ImageObject\",\"inLanguage\":\"fr-FR\",\"@id\":\"https:\\\/\\\/secure.gravatar.com\\\/avatar\\\/d6fbbbb38de40bcc3a41d4467d090d3b92513d4eb33fc933729359bbce505880?s=96&d=identicon&r=g\",\"url\":\"https:\\\/\\\/secure.gravatar.com\\\/avatar\\\/d6fbbbb38de40bcc3a41d4467d090d3b92513d4eb33fc933729359bbce505880?s=96&d=identicon&r=g\",\"contentUrl\":\"https:\\\/\\\/secure.gravatar.com\\\/avatar\\\/d6fbbbb38de40bcc3a41d4467d090d3b92513d4eb33fc933729359bbce505880?s=96&d=identicon&r=g\",\"caption\":\"BCMB\"},\"sameAs\":[\"https:\\\/\\\/www.imaq.fr\"],\"url\":\"https:\\\/\\\/www.imaq.fr\\\/blog\\\/author\\\/pomirol\\\/\"}]}<\/script>\n<!-- \/ Yoast SEO plugin. -->","yoast_head_json":{"title":"Programme de la 5\u00e8me Biennale Culturelle Ma\u00e7onnique de Bordeaux - Biennale Culturelle Ma\u00e7onnique de Bordeaux","robots":{"index":"index","follow":"follow","max-snippet":"max-snippet:-1","max-image-preview":"max-image-preview:large","max-video-preview":"max-video-preview:-1"},"canonical":"https:\/\/www.imaq.fr\/blog\/2023\/10\/programme-de-la-5eme-biennale-culturelle-maconnique-de-bordeaux\/","og_locale":"fr_FR","og_type":"article","og_title":"Programme de la 5\u00e8me Biennale Culturelle Ma\u00e7onnique de Bordeaux - Biennale Culturelle Ma\u00e7onnique de Bordeaux","og_description":"\u00ab\u00a0L&rsquo;\u00e9thique, un enjeu pour demain\u00a0\u00bb, tel \u00e9tait le th\u00e8me de cette cinqui\u00e8me \u00e9dition. Un enregistrement audio des conf\u00e9rences sera propos\u00e9 dans les prochains jours. Samedi 14 octobre 2023 La Biennale a \u00e9t\u00e9 inaugur\u00e9e \u00e0 9h00 par Monsieur Alain Garnier, Maire d&rsquo;Artigues-pr\u00e8s-Bordeaux, Monsieur Laurent Guillemin, Adjoint au maire de Bordeaux, et Monsieur Michel Simon, pr\u00e9sident de [&hellip;]","og_url":"https:\/\/www.imaq.fr\/blog\/2023\/10\/programme-de-la-5eme-biennale-culturelle-maconnique-de-bordeaux\/","og_site_name":"Biennale Culturelle Ma\u00e7onnique de Bordeaux","article_publisher":"https:\/\/www.facebook.com\/biennaleculturellemaconnique.bordeaux","article_published_time":"2023-10-23T11:58:00+00:00","article_modified_time":"2025-01-16T10:47:36+00:00","author":"BCMB","twitter_card":"summary_large_image","twitter_misc":{"\u00c9crit par":"BCMB","Dur\u00e9e de lecture estim\u00e9e":"2 minutes"},"schema":{"@context":"https:\/\/schema.org","@graph":[{"@type":"Article","@id":"https:\/\/www.imaq.fr\/blog\/2023\/10\/programme-de-la-5eme-biennale-culturelle-maconnique-de-bordeaux\/#article","isPartOf":{"@id":"https:\/\/www.imaq.fr\/blog\/2023\/10\/programme-de-la-5eme-biennale-culturelle-maconnique-de-bordeaux\/"},"author":{"name":"BCMB","@id":"https:\/\/www.imaq.fr\/blog\/#\/schema\/person\/3df683af05c9d4e9401e01364d03a5fd"},"headline":"Programme de la 5\u00e8me Biennale Culturelle Ma\u00e7onnique de Bordeaux","datePublished":"2023-10-23T11:58:00+00:00","dateModified":"2025-01-16T10:47:36+00:00","mainEntityOfPage":{"@id":"https:\/\/www.imaq.fr\/blog\/2023\/10\/programme-de-la-5eme-biennale-culturelle-maconnique-de-bordeaux\/"},"wordCount":355,"publisher":{"@id":"https:\/\/www.imaq.fr\/blog\/#organization"},"articleSection":["Biennale 2023","Conf\u00e9rence 2023"],"inLanguage":"fr-FR"},{"@type":"WebPage","@id":"https:\/\/www.imaq.fr\/blog\/2023\/10\/programme-de-la-5eme-biennale-culturelle-maconnique-de-bordeaux\/","url":"https:\/\/www.imaq.fr\/blog\/2023\/10\/programme-de-la-5eme-biennale-culturelle-maconnique-de-bordeaux\/","name":"Programme de la 5\u00e8me Biennale Culturelle Ma\u00e7onnique de Bordeaux - Biennale Culturelle Ma\u00e7onnique de Bordeaux","isPartOf":{"@id":"https:\/\/www.imaq.fr\/blog\/#website"},"datePublished":"2023-10-23T11:58:00+00:00","dateModified":"2025-01-16T10:47:36+00:00","breadcrumb":{"@id":"https:\/\/www.imaq.fr\/blog\/2023\/10\/programme-de-la-5eme-biennale-culturelle-maconnique-de-bordeaux\/#breadcrumb"},"inLanguage":"fr-FR","potentialAction":[{"@type":"ReadAction","target":["https:\/\/www.imaq.fr\/blog\/2023\/10\/programme-de-la-5eme-biennale-culturelle-maconnique-de-bordeaux\/"]}]},{"@type":"BreadcrumbList","@id":"https:\/\/www.imaq.fr\/blog\/2023\/10\/programme-de-la-5eme-biennale-culturelle-maconnique-de-bordeaux\/#breadcrumb","itemListElement":[{"@type":"ListItem","position":1,"name":"Accueil","item":"https:\/\/www.imaq.fr\/blog\/"},{"@type":"ListItem","position":2,"name":"Programme de la 5\u00e8me Biennale Culturelle Ma\u00e7onnique de Bordeaux"}]},{"@type":"WebSite","@id":"https:\/\/www.imaq.fr\/blog\/#website","url":"https:\/\/www.imaq.fr\/blog\/","name":"Biennale Culturelle Ma\u00e7onnique de Bordeaux","description":"IMAQ","publisher":{"@id":"https:\/\/www.imaq.fr\/blog\/#organization"},"potentialAction":[{"@type":"SearchAction","target":{"@type":"EntryPoint","urlTemplate":"https:\/\/www.imaq.fr\/blog\/?s={search_term_string}"},"query-input":{"@type":"PropertyValueSpecification","valueRequired":true,"valueName":"search_term_string"}}],"inLanguage":"fr-FR"},{"@type":"Organization","@id":"https:\/\/www.imaq.fr\/blog\/#organization","name":"Biennale Culturelle Ma\u00e7onnique de Bordeaux","url":"https:\/\/www.imaq.fr\/blog\/","logo":{"@type":"ImageObject","inLanguage":"fr-FR","@id":"https:\/\/www.imaq.fr\/blog\/#\/schema\/logo\/image\/","url":"https:\/\/www.imaq.fr\/blog\/wp-content\/uploads\/2014\/12\/logo-bcmc.jpg","contentUrl":"https:\/\/www.imaq.fr\/blog\/wp-content\/uploads\/2014\/12\/logo-bcmc.jpg","width":759,"height":784,"caption":"Biennale Culturelle Ma\u00e7onnique de Bordeaux"},"image":{"@id":"https:\/\/www.imaq.fr\/blog\/#\/schema\/logo\/image\/"},"sameAs":["https:\/\/www.facebook.com\/biennaleculturellemaconnique.bordeaux"]},{"@type":"Person","@id":"https:\/\/www.imaq.fr\/blog\/#\/schema\/person\/3df683af05c9d4e9401e01364d03a5fd","name":"BCMB","image":{"@type":"ImageObject","inLanguage":"fr-FR","@id":"https:\/\/secure.gravatar.com\/avatar\/d6fbbbb38de40bcc3a41d4467d090d3b92513d4eb33fc933729359bbce505880?s=96&d=identicon&r=g","url":"https:\/\/secure.gravatar.com\/avatar\/d6fbbbb38de40bcc3a41d4467d090d3b92513d4eb33fc933729359bbce505880?s=96&d=identicon&r=g","contentUrl":"https:\/\/secure.gravatar.com\/avatar\/d6fbbbb38de40bcc3a41d4467d090d3b92513d4eb33fc933729359bbce505880?s=96&d=identicon&r=g","caption":"BCMB"},"sameAs":["https:\/\/www.imaq.fr"],"url":"https:\/\/www.imaq.fr\/blog\/author\/pomirol\/"}]}},"_links":{"self":[{"href":"https:\/\/www.imaq.fr\/blog\/wp-json\/wp\/v2\/posts\/1618","targetHints":{"allow":["GET"]}}],"collection":[{"href":"https:\/\/www.imaq.fr\/blog\/wp-json\/wp\/v2\/posts"}],"about":[{"href":"https:\/\/www.imaq.fr\/blog\/wp-json\/wp\/v2\/types\/post"}],"author":[{"embeddable":true,"href":"https:\/\/www.imaq.fr\/blog\/wp-json\/wp\/v2\/users\/2"}],"replies":[{"embeddable":true,"href":"https:\/\/www.imaq.fr\/blog\/wp-json\/wp\/v2\/comments?post=1618"}],"version-history":[{"count":0,"href":"https:\/\/www.imaq.fr\/blog\/wp-json\/wp\/v2\/posts\/1618\/revisions"}],"wp:attachment":[{"href":"https:\/\/www.imaq.fr\/blog\/wp-json\/wp\/v2\/media?parent=1618"}],"wp:term":[{"taxonomy":"category","embeddable":true,"href":"https:\/\/www.imaq.fr\/blog\/wp-json\/wp\/v2\/categories?post=1618"},{"taxonomy":"post_tag","embeddable":true,"href":"https:\/\/www.imaq.fr\/blog\/wp-json\/wp\/v2\/tags?post=1618"}],"curies":[{"name":"wp","href":"https:\/\/api.w.org\/{rel}","templated":true}]}}