{"id":1622,"date":"2023-07-06T20:47:19","date_gmt":"2023-07-06T20:47:19","guid":{"rendered":"https:\/\/www.imaq.fr\/blog\/?p=1622"},"modified":"2023-09-26T15:36:06","modified_gmt":"2023-09-26T15:36:06","slug":"marine-calmet","status":"publish","type":"post","link":"https:\/\/www.imaq.fr\/blog\/2023\/07\/marine-calmet\/","title":{"rendered":"Marine CALMET"},"content":{"rendered":"\n<p>Marine CALMET est avocate et pr\u00e9sidente de l\u2019association Wild Legal.<\/p>\n\n\n\n<p>Cette association est une organisation \u00e0 but non lucratif qui vise \u00e0 prot\u00e9ger les animaux et l\u2019environnement. Elle a pour objectif de d\u00e9velopper un r\u00e9seau national et international d\u2019acteurs du monde juridique et de la soci\u00e9t\u00e9 civile engag\u00e9s pour la reconnaissance des droits de la nature, des limites plan\u00e9taires et du crime d\u2019\u00e9cocide. Elle agit contre les atteintes aux droits de la nature, face aux pollutions et aux destructions de toutes sortes caus\u00e9es aux \u00e9cosyst\u00e8mes. Elle promeut aupr\u00e8s du public, des organisations et des d\u00e9cideurs, des mod\u00e8les de gouvernance respectueux des limites plan\u00e9taires.<\/p>\n\n\n\n<p>Marine CALMET anime de nombreuses conf\u00e9rences et proc\u00e8s fictifs traitant, entre autres, des r\u00e9serves naturelles, de l&rsquo;\u00e9olien offshore, des mar\u00e9es vertes et du droit animal en Bretagne, de l\u2019orpaillage ill\u00e9gal en Guyane fran\u00e7aise.<\/p>\n\n\n\n<p>Lors de cette Biennale Culturelle Ma\u00e7onnique de Bordeaux, elle traitera de l&rsquo;\u00e9thique et de l&rsquo;environnement dans une conf\u00e9rence dont le titre est \u00ab\u00a0<strong>Reconnaitre les droits de la nature, une nouvelle \u00e9thique face au vivant<\/strong>\u00ab\u00a0.<\/p>\n\n\n\n<p>Marine CALMET est aussi l&rsquo;auteure d&rsquo;un livre publi\u00e9 en 2021 chez Tana dont le titre est \u00ab\u00a0<em>Devenir gardien de la nature<\/em>\u00ab\u00a0.<\/p>\n\n\n\n<div class=\"wp-block-columns is-layout-flex wp-container-core-columns-is-layout-28f84493 wp-block-columns-is-layout-flex\">\n<div class=\"wp-block-column is-layout-flow wp-block-column-is-layout-flow\" style=\"flex-basis:33.33%\">\n<figure class=\"wp-block-image size-full is-resized\"><a href=\"https:\/\/www.imaq.fr\/blog\/wp-content\/uploads\/2023\/09\/devenir-gardien-de-la-nature.jpg\"><img decoding=\"async\" src=\"https:\/\/www.imaq.fr\/blog\/wp-content\/uploads\/2023\/09\/devenir-gardien-de-la-nature.jpg\" alt=\"Devenir gardien de la nature, 2021, chez Tana\" class=\"wp-image-1797 colorbox-1622\" style=\"height:150px\" height=\"150\" srcset=\"https:\/\/www.imaq.fr\/blog\/wp-content\/uploads\/2023\/09\/devenir-gardien-de-la-nature.jpg 329w, https:\/\/www.imaq.fr\/blog\/wp-content\/uploads\/2023\/09\/devenir-gardien-de-la-nature-198x300.jpg 198w\" sizes=\"(max-width: 329px) 100vw, 329px\" \/><\/a><\/figure>\n<\/div>\n\n\n\n<div class=\"wp-block-column is-layout-flow wp-block-column-is-layout-flow\" style=\"flex-basis:66.66%\">\n<p>Prot\u00e9ger et d\u00e9fendre notre lien \u00e0 la Terre pour former une nouvelle communaut\u00e9 du vivant.<\/p>\n\n\n\n<p>Piller, polluer, d\u00e9forester\u2026 L&rsquo;humain est devenu la plus grande menace pour la nature. Lanc\u00e9 dans une course \u00e0 l&rsquo;accaparement des richesses naturelles, le monde industriel d\u00e9passe toujours plus les limites biologiques de notre plan\u00e8te.<\/p>\n<\/div>\n<\/div>\n\n\n\n<p><br> Ce livre est le r\u00e9cit d&rsquo;un engagement. Apr\u00e8s trois ann\u00e9es de mobilisation en Guyane fran\u00e7aise contre le projet de mine industrielle Montagne d&rsquo;or et les forages offshore de Total, la juriste Marine Calmet t\u00e9moigne des carences de notre soci\u00e9t\u00e9 et de nos lois pour prot\u00e9ger la nature. Face aux app\u00e9tits des industriels et \u00e0 la duplicit\u00e9 de l&rsquo;\u00c9tat, contre le pillage de la Terre et des peuples colonis\u00e9s, sa r\u00e9ponse est celle d&rsquo;une d\u00e9sob\u00e9issance cr\u00e9atrice et constructive. Elle enjoint \u00e0 sortir de l&rsquo;Anthropoc\u00e8ne, \u00e0 \u00e9couter et apprendre des Premi\u00e8res Nations, \u00e0 cr\u00e9er de nouvelles normes respectueuses des processus biologiques de notre plan\u00e8te, \u00e0 accomplir en somme une transformation majeure en enracinant la communaut\u00e9 humaine dans la communaut\u00e9 du Vivant. Le mouvement pour une jurisprudence de la Terre s&rsquo;impose comme une \u00e9vidence \u00e9mancipatrice. V\u00e9ritable manifeste, ce r\u00e9cit convaincra celles et ceux qui, lass\u00e9s des p\u00e9titions, des pancartes et des \u00e9cogestes, souhaitent s&rsquo;investir du r\u00f4le de gardienne ou de gardien de la nature.<\/p>\n","protected":false},"excerpt":{"rendered":"<p>Marine CALMET est avocate et pr\u00e9sidente de l\u2019association Wild Legal. Cette association est une organisation \u00e0 but non lucratif qui vise \u00e0 prot\u00e9ger les animaux et l\u2019environnement. Elle a pour objectif de d\u00e9velopper un r\u00e9seau national et international d\u2019acteurs du monde juridique et de la soci\u00e9t\u00e9 civile engag\u00e9s pour la reconnaissance des droits de la [&hellip;]<\/p>\n","protected":false},"author":2,"featured_media":0,"comment_status":"closed","ping_status":"closed","sticky":false,"template":"","format":"standard","meta":{"_editorskit_title_hidden":false,"_editorskit_reading_time":0,"_editorskit_is_block_options_detached":false,"_editorskit_block_options_position":"{}","footnotes":""},"categories":[2,35,36],"tags":[60,52],"class_list":["post-1622","post","type-post","status-publish","format-standard","hentry","category-auteur","category-biennale-2023","category-conference-2023","tag-environnement","tag-ethique"],"yoast_head":"<!-- This site is optimized with the Yoast SEO plugin v27.5 - https:\/\/yoast.com\/product\/yoast-seo-wordpress\/ -->\n<title>Marine CALMET - Biennale Culturelle Ma\u00e7onnique de Bordeaux<\/title>\n<meta name=\"robots\" content=\"index, follow, max-snippet:-1, max-image-preview:large, max-video-preview:-1\" \/>\n<link rel=\"canonical\" href=\"https:\/\/www.imaq.fr\/blog\/2023\/07\/marine-calmet\/\" \/>\n<meta property=\"og:locale\" content=\"fr_FR\" \/>\n<meta property=\"og:type\" content=\"article\" \/>\n<meta property=\"og:title\" content=\"Marine CALMET - Biennale Culturelle Ma\u00e7onnique de Bordeaux\" \/>\n<meta property=\"og:description\" content=\"Marine CALMET est avocate et pr\u00e9sidente de l\u2019association Wild Legal. Cette association est une organisation \u00e0 but non lucratif qui vise \u00e0 prot\u00e9ger les animaux et l\u2019environnement. Elle a pour objectif de d\u00e9velopper un r\u00e9seau national et international d\u2019acteurs du monde juridique et de la soci\u00e9t\u00e9 civile engag\u00e9s pour la reconnaissance des droits de la [&hellip;]\" \/>\n<meta property=\"og:url\" content=\"https:\/\/www.imaq.fr\/blog\/2023\/07\/marine-calmet\/\" \/>\n<meta property=\"og:site_name\" content=\"Biennale Culturelle Ma\u00e7onnique de Bordeaux\" \/>\n<meta property=\"article:publisher\" content=\"https:\/\/www.facebook.com\/biennaleculturellemaconnique.bordeaux\" \/>\n<meta property=\"article:published_time\" content=\"2023-07-06T20:47:19+00:00\" \/>\n<meta property=\"article:modified_time\" content=\"2023-09-26T15:36:06+00:00\" \/>\n<meta property=\"og:image\" content=\"https:\/\/www.imaq.fr\/blog\/wp-content\/uploads\/2023\/09\/devenir-gardien-de-la-nature.jpg\" \/>\n\t<meta property=\"og:image:width\" content=\"329\" \/>\n\t<meta property=\"og:image:height\" content=\"499\" \/>\n\t<meta property=\"og:image:type\" content=\"image\/jpeg\" \/>\n<meta name=\"author\" content=\"BCMB\" \/>\n<meta name=\"twitter:card\" content=\"summary_large_image\" \/>\n<meta name=\"twitter:label1\" content=\"\u00c9crit par\" \/>\n\t<meta name=\"twitter:data1\" content=\"BCMB\" \/>\n\t<meta name=\"twitter:label2\" content=\"Dur\u00e9e de lecture estim\u00e9e\" \/>\n\t<meta name=\"twitter:data2\" content=\"2 minutes\" \/>\n<script type=\"application\/ld+json\" class=\"yoast-schema-graph\">{\"@context\":\"https:\\\/\\\/schema.org\",\"@graph\":[{\"@type\":\"Article\",\"@id\":\"https:\\\/\\\/www.imaq.fr\\\/blog\\\/2023\\\/07\\\/marine-calmet\\\/#article\",\"isPartOf\":{\"@id\":\"https:\\\/\\\/www.imaq.fr\\\/blog\\\/2023\\\/07\\\/marine-calmet\\\/\"},\"author\":{\"name\":\"BCMB\",\"@id\":\"https:\\\/\\\/www.imaq.fr\\\/blog\\\/#\\\/schema\\\/person\\\/3df683af05c9d4e9401e01364d03a5fd\"},\"headline\":\"Marine CALMET\",\"datePublished\":\"2023-07-06T20:47:19+00:00\",\"dateModified\":\"2023-09-26T15:36:06+00:00\",\"mainEntityOfPage\":{\"@id\":\"https:\\\/\\\/www.imaq.fr\\\/blog\\\/2023\\\/07\\\/marine-calmet\\\/\"},\"wordCount\":460,\"publisher\":{\"@id\":\"https:\\\/\\\/www.imaq.fr\\\/blog\\\/#organization\"},\"image\":{\"@id\":\"https:\\\/\\\/www.imaq.fr\\\/blog\\\/2023\\\/07\\\/marine-calmet\\\/#primaryimage\"},\"thumbnailUrl\":\"https:\\\/\\\/www.imaq.fr\\\/blog\\\/wp-content\\\/uploads\\\/2023\\\/09\\\/devenir-gardien-de-la-nature.jpg\",\"keywords\":[\"environnement\",\"\u00e9thique\"],\"articleSection\":[\"Auteurs\",\"Biennale 2023\",\"Conf\u00e9rence 2023\"],\"inLanguage\":\"fr-FR\"},{\"@type\":\"WebPage\",\"@id\":\"https:\\\/\\\/www.imaq.fr\\\/blog\\\/2023\\\/07\\\/marine-calmet\\\/\",\"url\":\"https:\\\/\\\/www.imaq.fr\\\/blog\\\/2023\\\/07\\\/marine-calmet\\\/\",\"name\":\"Marine CALMET - Biennale Culturelle Ma\u00e7onnique de Bordeaux\",\"isPartOf\":{\"@id\":\"https:\\\/\\\/www.imaq.fr\\\/blog\\\/#website\"},\"primaryImageOfPage\":{\"@id\":\"https:\\\/\\\/www.imaq.fr\\\/blog\\\/2023\\\/07\\\/marine-calmet\\\/#primaryimage\"},\"image\":{\"@id\":\"https:\\\/\\\/www.imaq.fr\\\/blog\\\/2023\\\/07\\\/marine-calmet\\\/#primaryimage\"},\"thumbnailUrl\":\"https:\\\/\\\/www.imaq.fr\\\/blog\\\/wp-content\\\/uploads\\\/2023\\\/09\\\/devenir-gardien-de-la-nature.jpg\",\"datePublished\":\"2023-07-06T20:47:19+00:00\",\"dateModified\":\"2023-09-26T15:36:06+00:00\",\"breadcrumb\":{\"@id\":\"https:\\\/\\\/www.imaq.fr\\\/blog\\\/2023\\\/07\\\/marine-calmet\\\/#breadcrumb\"},\"inLanguage\":\"fr-FR\",\"potentialAction\":[{\"@type\":\"ReadAction\",\"target\":[\"https:\\\/\\\/www.imaq.fr\\\/blog\\\/2023\\\/07\\\/marine-calmet\\\/\"]}]},{\"@type\":\"ImageObject\",\"inLanguage\":\"fr-FR\",\"@id\":\"https:\\\/\\\/www.imaq.fr\\\/blog\\\/2023\\\/07\\\/marine-calmet\\\/#primaryimage\",\"url\":\"https:\\\/\\\/www.imaq.fr\\\/blog\\\/wp-content\\\/uploads\\\/2023\\\/09\\\/devenir-gardien-de-la-nature.jpg\",\"contentUrl\":\"https:\\\/\\\/www.imaq.fr\\\/blog\\\/wp-content\\\/uploads\\\/2023\\\/09\\\/devenir-gardien-de-la-nature.jpg\"},{\"@type\":\"BreadcrumbList\",\"@id\":\"https:\\\/\\\/www.imaq.fr\\\/blog\\\/2023\\\/07\\\/marine-calmet\\\/#breadcrumb\",\"itemListElement\":[{\"@type\":\"ListItem\",\"position\":1,\"name\":\"Accueil\",\"item\":\"https:\\\/\\\/www.imaq.fr\\\/blog\\\/\"},{\"@type\":\"ListItem\",\"position\":2,\"name\":\"Marine CALMET\"}]},{\"@type\":\"WebSite\",\"@id\":\"https:\\\/\\\/www.imaq.fr\\\/blog\\\/#website\",\"url\":\"https:\\\/\\\/www.imaq.fr\\\/blog\\\/\",\"name\":\"Biennale Culturelle Ma\u00e7onnique de Bordeaux\",\"description\":\"IMAQ\",\"publisher\":{\"@id\":\"https:\\\/\\\/www.imaq.fr\\\/blog\\\/#organization\"},\"potentialAction\":[{\"@type\":\"SearchAction\",\"target\":{\"@type\":\"EntryPoint\",\"urlTemplate\":\"https:\\\/\\\/www.imaq.fr\\\/blog\\\/?s={search_term_string}\"},\"query-input\":{\"@type\":\"PropertyValueSpecification\",\"valueRequired\":true,\"valueName\":\"search_term_string\"}}],\"inLanguage\":\"fr-FR\"},{\"@type\":\"Organization\",\"@id\":\"https:\\\/\\\/www.imaq.fr\\\/blog\\\/#organization\",\"name\":\"Biennale Culturelle Ma\u00e7onnique de Bordeaux\",\"url\":\"https:\\\/\\\/www.imaq.fr\\\/blog\\\/\",\"logo\":{\"@type\":\"ImageObject\",\"inLanguage\":\"fr-FR\",\"@id\":\"https:\\\/\\\/www.imaq.fr\\\/blog\\\/#\\\/schema\\\/logo\\\/image\\\/\",\"url\":\"https:\\\/\\\/www.imaq.fr\\\/blog\\\/wp-content\\\/uploads\\\/2014\\\/12\\\/logo-bcmc.jpg\",\"contentUrl\":\"https:\\\/\\\/www.imaq.fr\\\/blog\\\/wp-content\\\/uploads\\\/2014\\\/12\\\/logo-bcmc.jpg\",\"width\":759,\"height\":784,\"caption\":\"Biennale Culturelle Ma\u00e7onnique de Bordeaux\"},\"image\":{\"@id\":\"https:\\\/\\\/www.imaq.fr\\\/blog\\\/#\\\/schema\\\/logo\\\/image\\\/\"},\"sameAs\":[\"https:\\\/\\\/www.facebook.com\\\/biennaleculturellemaconnique.bordeaux\"]},{\"@type\":\"Person\",\"@id\":\"https:\\\/\\\/www.imaq.fr\\\/blog\\\/#\\\/schema\\\/person\\\/3df683af05c9d4e9401e01364d03a5fd\",\"name\":\"BCMB\",\"image\":{\"@type\":\"ImageObject\",\"inLanguage\":\"fr-FR\",\"@id\":\"https:\\\/\\\/secure.gravatar.com\\\/avatar\\\/d6fbbbb38de40bcc3a41d4467d090d3b92513d4eb33fc933729359bbce505880?s=96&d=identicon&r=g\",\"url\":\"https:\\\/\\\/secure.gravatar.com\\\/avatar\\\/d6fbbbb38de40bcc3a41d4467d090d3b92513d4eb33fc933729359bbce505880?s=96&d=identicon&r=g\",\"contentUrl\":\"https:\\\/\\\/secure.gravatar.com\\\/avatar\\\/d6fbbbb38de40bcc3a41d4467d090d3b92513d4eb33fc933729359bbce505880?s=96&d=identicon&r=g\",\"caption\":\"BCMB\"},\"sameAs\":[\"https:\\\/\\\/www.imaq.fr\"],\"url\":\"https:\\\/\\\/www.imaq.fr\\\/blog\\\/author\\\/pomirol\\\/\"}]}<\/script>\n<!-- \/ Yoast SEO plugin. -->","yoast_head_json":{"title":"Marine CALMET - Biennale Culturelle Ma\u00e7onnique de Bordeaux","robots":{"index":"index","follow":"follow","max-snippet":"max-snippet:-1","max-image-preview":"max-image-preview:large","max-video-preview":"max-video-preview:-1"},"canonical":"https:\/\/www.imaq.fr\/blog\/2023\/07\/marine-calmet\/","og_locale":"fr_FR","og_type":"article","og_title":"Marine CALMET - Biennale Culturelle Ma\u00e7onnique de Bordeaux","og_description":"Marine CALMET est avocate et pr\u00e9sidente de l\u2019association Wild Legal. Cette association est une organisation \u00e0 but non lucratif qui vise \u00e0 prot\u00e9ger les animaux et l\u2019environnement. Elle a pour objectif de d\u00e9velopper un r\u00e9seau national et international d\u2019acteurs du monde juridique et de la soci\u00e9t\u00e9 civile engag\u00e9s pour la reconnaissance des droits de la [&hellip;]","og_url":"https:\/\/www.imaq.fr\/blog\/2023\/07\/marine-calmet\/","og_site_name":"Biennale Culturelle Ma\u00e7onnique de Bordeaux","article_publisher":"https:\/\/www.facebook.com\/biennaleculturellemaconnique.bordeaux","article_published_time":"2023-07-06T20:47:19+00:00","article_modified_time":"2023-09-26T15:36:06+00:00","og_image":[{"width":329,"height":499,"url":"https:\/\/www.imaq.fr\/blog\/wp-content\/uploads\/2023\/09\/devenir-gardien-de-la-nature.jpg","type":"image\/jpeg"}],"author":"BCMB","twitter_card":"summary_large_image","twitter_misc":{"\u00c9crit par":"BCMB","Dur\u00e9e de lecture estim\u00e9e":"2 minutes"},"schema":{"@context":"https:\/\/schema.org","@graph":[{"@type":"Article","@id":"https:\/\/www.imaq.fr\/blog\/2023\/07\/marine-calmet\/#article","isPartOf":{"@id":"https:\/\/www.imaq.fr\/blog\/2023\/07\/marine-calmet\/"},"author":{"name":"BCMB","@id":"https:\/\/www.imaq.fr\/blog\/#\/schema\/person\/3df683af05c9d4e9401e01364d03a5fd"},"headline":"Marine CALMET","datePublished":"2023-07-06T20:47:19+00:00","dateModified":"2023-09-26T15:36:06+00:00","mainEntityOfPage":{"@id":"https:\/\/www.imaq.fr\/blog\/2023\/07\/marine-calmet\/"},"wordCount":460,"publisher":{"@id":"https:\/\/www.imaq.fr\/blog\/#organization"},"image":{"@id":"https:\/\/www.imaq.fr\/blog\/2023\/07\/marine-calmet\/#primaryimage"},"thumbnailUrl":"https:\/\/www.imaq.fr\/blog\/wp-content\/uploads\/2023\/09\/devenir-gardien-de-la-nature.jpg","keywords":["environnement","\u00e9thique"],"articleSection":["Auteurs","Biennale 2023","Conf\u00e9rence 2023"],"inLanguage":"fr-FR"},{"@type":"WebPage","@id":"https:\/\/www.imaq.fr\/blog\/2023\/07\/marine-calmet\/","url":"https:\/\/www.imaq.fr\/blog\/2023\/07\/marine-calmet\/","name":"Marine CALMET - Biennale Culturelle Ma\u00e7onnique de Bordeaux","isPartOf":{"@id":"https:\/\/www.imaq.fr\/blog\/#website"},"primaryImageOfPage":{"@id":"https:\/\/www.imaq.fr\/blog\/2023\/07\/marine-calmet\/#primaryimage"},"image":{"@id":"https:\/\/www.imaq.fr\/blog\/2023\/07\/marine-calmet\/#primaryimage"},"thumbnailUrl":"https:\/\/www.imaq.fr\/blog\/wp-content\/uploads\/2023\/09\/devenir-gardien-de-la-nature.jpg","datePublished":"2023-07-06T20:47:19+00:00","dateModified":"2023-09-26T15:36:06+00:00","breadcrumb":{"@id":"https:\/\/www.imaq.fr\/blog\/2023\/07\/marine-calmet\/#breadcrumb"},"inLanguage":"fr-FR","potentialAction":[{"@type":"ReadAction","target":["https:\/\/www.imaq.fr\/blog\/2023\/07\/marine-calmet\/"]}]},{"@type":"ImageObject","inLanguage":"fr-FR","@id":"https:\/\/www.imaq.fr\/blog\/2023\/07\/marine-calmet\/#primaryimage","url":"https:\/\/www.imaq.fr\/blog\/wp-content\/uploads\/2023\/09\/devenir-gardien-de-la-nature.jpg","contentUrl":"https:\/\/www.imaq.fr\/blog\/wp-content\/uploads\/2023\/09\/devenir-gardien-de-la-nature.jpg"},{"@type":"BreadcrumbList","@id":"https:\/\/www.imaq.fr\/blog\/2023\/07\/marine-calmet\/#breadcrumb","itemListElement":[{"@type":"ListItem","position":1,"name":"Accueil","item":"https:\/\/www.imaq.fr\/blog\/"},{"@type":"ListItem","position":2,"name":"Marine CALMET"}]},{"@type":"WebSite","@id":"https:\/\/www.imaq.fr\/blog\/#website","url":"https:\/\/www.imaq.fr\/blog\/","name":"Biennale Culturelle Ma\u00e7onnique de Bordeaux","description":"IMAQ","publisher":{"@id":"https:\/\/www.imaq.fr\/blog\/#organization"},"potentialAction":[{"@type":"SearchAction","target":{"@type":"EntryPoint","urlTemplate":"https:\/\/www.imaq.fr\/blog\/?s={search_term_string}"},"query-input":{"@type":"PropertyValueSpecification","valueRequired":true,"valueName":"search_term_string"}}],"inLanguage":"fr-FR"},{"@type":"Organization","@id":"https:\/\/www.imaq.fr\/blog\/#organization","name":"Biennale Culturelle Ma\u00e7onnique de Bordeaux","url":"https:\/\/www.imaq.fr\/blog\/","logo":{"@type":"ImageObject","inLanguage":"fr-FR","@id":"https:\/\/www.imaq.fr\/blog\/#\/schema\/logo\/image\/","url":"https:\/\/www.imaq.fr\/blog\/wp-content\/uploads\/2014\/12\/logo-bcmc.jpg","contentUrl":"https:\/\/www.imaq.fr\/blog\/wp-content\/uploads\/2014\/12\/logo-bcmc.jpg","width":759,"height":784,"caption":"Biennale Culturelle Ma\u00e7onnique de Bordeaux"},"image":{"@id":"https:\/\/www.imaq.fr\/blog\/#\/schema\/logo\/image\/"},"sameAs":["https:\/\/www.facebook.com\/biennaleculturellemaconnique.bordeaux"]},{"@type":"Person","@id":"https:\/\/www.imaq.fr\/blog\/#\/schema\/person\/3df683af05c9d4e9401e01364d03a5fd","name":"BCMB","image":{"@type":"ImageObject","inLanguage":"fr-FR","@id":"https:\/\/secure.gravatar.com\/avatar\/d6fbbbb38de40bcc3a41d4467d090d3b92513d4eb33fc933729359bbce505880?s=96&d=identicon&r=g","url":"https:\/\/secure.gravatar.com\/avatar\/d6fbbbb38de40bcc3a41d4467d090d3b92513d4eb33fc933729359bbce505880?s=96&d=identicon&r=g","contentUrl":"https:\/\/secure.gravatar.com\/avatar\/d6fbbbb38de40bcc3a41d4467d090d3b92513d4eb33fc933729359bbce505880?s=96&d=identicon&r=g","caption":"BCMB"},"sameAs":["https:\/\/www.imaq.fr"],"url":"https:\/\/www.imaq.fr\/blog\/author\/pomirol\/"}]}},"_links":{"self":[{"href":"https:\/\/www.imaq.fr\/blog\/wp-json\/wp\/v2\/posts\/1622","targetHints":{"allow":["GET"]}}],"collection":[{"href":"https:\/\/www.imaq.fr\/blog\/wp-json\/wp\/v2\/posts"}],"about":[{"href":"https:\/\/www.imaq.fr\/blog\/wp-json\/wp\/v2\/types\/post"}],"author":[{"embeddable":true,"href":"https:\/\/www.imaq.fr\/blog\/wp-json\/wp\/v2\/users\/2"}],"replies":[{"embeddable":true,"href":"https:\/\/www.imaq.fr\/blog\/wp-json\/wp\/v2\/comments?post=1622"}],"version-history":[{"count":0,"href":"https:\/\/www.imaq.fr\/blog\/wp-json\/wp\/v2\/posts\/1622\/revisions"}],"wp:attachment":[{"href":"https:\/\/www.imaq.fr\/blog\/wp-json\/wp\/v2\/media?parent=1622"}],"wp:term":[{"taxonomy":"category","embeddable":true,"href":"https:\/\/www.imaq.fr\/blog\/wp-json\/wp\/v2\/categories?post=1622"},{"taxonomy":"post_tag","embeddable":true,"href":"https:\/\/www.imaq.fr\/blog\/wp-json\/wp\/v2\/tags?post=1622"}],"curies":[{"name":"wp","href":"https:\/\/api.w.org\/{rel}","templated":true}]}}