{"id":1624,"date":"2023-07-06T17:16:02","date_gmt":"2023-07-06T17:16:02","guid":{"rendered":"https:\/\/www.imaq.fr\/blog\/?p=1624"},"modified":"2023-10-02T14:49:30","modified_gmt":"2023-10-02T14:49:30","slug":"frederic-ploquin","status":"publish","type":"post","link":"https:\/\/www.imaq.fr\/blog\/2023\/07\/frederic-ploquin\/","title":{"rendered":"Fr\u00e9d\u00e9ric PLOQUIN"},"content":{"rendered":"\n<p>Fr\u00e9d\u00e9ric Ploquin est un journaliste d&rsquo;investigation fran\u00e7ais n\u00e9 le 24 septembre 1959. Il est sp\u00e9cialis\u00e9 dans les milieux de la police, du banditisme et du renseignement et est grand reporter \u00e0 l&rsquo;hebdomadaire Marianne. Il a travaill\u00e9 pour Le Matin de Paris, l&rsquo;Ev\u00e8nement du Jeudi et Marianne pendant plus de trente cinq ans.<\/p>\n\n\n\n<p>Dans sa conf\u00e9rence, il utilisera toute son exp\u00e9rience pour r\u00e9pondre \u00e0 la question : \u00ab\u00a0\u00c9thique et m\u00e9dias : est-ce une utopie ?\u00a0\u00bb<\/p>\n\n\n\n<p>Il est \u00e9galement \u00e9crivain et documentariste.<\/p>\n\n\n\n<p>Vid\u00e9ographie :<\/p>\n\n\n\n<ul class=\"wp-block-list\">\n<li>Infrarouge <em>Police \u00e0 bout de souffle<\/em> r\u00e9alis\u00e9 par Julien Johan (2019)<\/li>\n<\/ul>\n\n\n\n<p>Bibliographie :<\/p>\n\n\n\n<ul class=\"wp-block-list\">\n<li>Jacky le Mat : le parrain, le showbiz et les politiques (avec Christine Imbert), Plon, 2023<\/li>\n\n\n\n<li>Les narcos fran\u00e7ais brisent l&rsquo;omerta &#8211; Restaurants, salons de massage, kebabs, banque, immobilier : l&rsquo;argent sale est partout, Albin Michel, 2021<\/li>\n\n\n\n<li>La peur a chang\u00e9 de camp : Le cauchemar quotidien de la Police nationale, J&rsquo;ai lu, 2021 <\/li>\n\n\n\n<li>La prison des ca\u00efds, Plon, 2021<\/li>\n\n\n\n<li>C&rsquo;\u00e9tait la PJ. Le temps b\u00e9ni des flics, Fayard, 2019<\/li>\n\n\n\n<li>Les derniers seigneurs de Paris : Quand la PJ traque le clan Hornec (avec Michel Mary), Fayard, 2018<\/li>\n\n\n\n<li>La peur a chang\u00e9 de camp : Les confessions incroyables des flics, Albin Michel, 2018<\/li>\n\n\n\n<li>Mort d&rsquo;une balance &#8211; L&rsquo;histoire vraie d&rsquo;une vengeance, Ring, 2017<\/li>\n\n\n\n<li>Les Nouveaux Ca\u00efds &#8211; Ils sont les h\u00e9ritiers du milieu, Ring, 2017<\/li>\n\n\n\n<li>True Crime (2) &#8211; Sexe et passions fatales, Ring, 2016<\/li>\n\n\n\n<li>True Crime (1) &#8211; Les prototypes, Ring, 2016<\/li>\n\n\n\n<li>Femmes hors-la-loi : Le banditisme au f\u00e9minin (avec Maria Poblete), Fayard, 2016<\/li>\n\n\n\n<li>L&rsquo;Abominable Docteur Schaefer. Une secte nazie et p\u00e9dophile dans les Andes (avec Maria Poblete), Ring, 2016<\/li>\n\n\n\n<li>Les gangsters et la R\u00e9publique, Fayard, 2016<\/li>\n\n\n\n<li>Parrains et ca\u00efds (IV) : G\u00e9n\u00e9ration Kalachnikov : Les nouveaux gangsters, Fayard, 2014<\/li>\n\n\n\n<li>Vol au-dessus d&rsquo;un nid de ripoux, Fayard, 2013<\/li>\n\n\n\n<li>Secrets d&rsquo;avocats (avec \u00c9ric Merlin), Fayard, 2012<\/li>\n\n\n\n<li>Parrains et ca\u00efds (III): Le sang des ca\u00efds, Fayard, 2009<\/li>\n\n\n\n<li>Parrains et ca\u00efds (II) : Ils se sont fait la belle, Fayard, 2007 ; <\/li>\n\n\n\n<li>Parrains et ca\u00efds (I) : La France du grand banditisme dans l&rsquo;\u0153il de la PJ, Fayard, 2005<\/li>\n\n\n\n<li>La Colonie du Docteur Schaefer (avec Maria Poblete), Fayard, 2004<\/li>\n\n\n\n<li>Carnets intimes de la DST (avec \u00c9ric Merlen), Fayard, 2003 <\/li>\n\n\n\n<li>Trafic de drogue, trafic d&rsquo;Etat (avec \u00c9ric Merlen), Fayard, 2002<\/li>\n\n\n\n<li>Une affaire sous Fran\u00e7ois Mitterrand : La Fran\u00e7aise des Jeux, Fayard, 2001 <\/li>\n\n\n\n<li>Contribuables, vous \u00eates cern\u00e9s (avec \u00c9ric Merlen), Seuil, 2000<\/li>\n\n\n\n<li>Ils ont tu\u00e9 Ben Barka (avec Jacques Derogy), Fayard, 1999  <\/li>\n\n\n\n<li>Le commissaire et le Corbeau (avec \u00c9ric Merlen),  Seuil, 1998<\/li>\n\n\n\n<li>Les Flics (avec Alain L\u00e9authier), Flammarion, 1990<\/li>\n<\/ul>\n","protected":false},"excerpt":{"rendered":"<p>Fr\u00e9d\u00e9ric Ploquin est un journaliste d&rsquo;investigation fran\u00e7ais n\u00e9 le 24 septembre 1959. Il est sp\u00e9cialis\u00e9 dans les milieux de la police, du banditisme et du renseignement et est grand reporter \u00e0 l&rsquo;hebdomadaire Marianne. Il a travaill\u00e9 pour Le Matin de Paris, l&rsquo;Ev\u00e8nement du Jeudi et Marianne pendant plus de trente cinq ans. Dans sa conf\u00e9rence, [&hellip;]<\/p>\n","protected":false},"author":2,"featured_media":0,"comment_status":"closed","ping_status":"closed","sticky":false,"template":"","format":"standard","meta":{"_editorskit_title_hidden":false,"_editorskit_reading_time":0,"_editorskit_is_block_options_detached":false,"_editorskit_block_options_position":"{}","footnotes":""},"categories":[2,35,36],"tags":[],"class_list":["post-1624","post","type-post","status-publish","format-standard","hentry","category-auteur","category-biennale-2023","category-conference-2023"],"yoast_head":"<!-- This site is optimized with the Yoast SEO plugin v27.5 - https:\/\/yoast.com\/product\/yoast-seo-wordpress\/ -->\n<title>Fr\u00e9d\u00e9ric PLOQUIN - Biennale Culturelle Ma\u00e7onnique de Bordeaux<\/title>\n<meta name=\"robots\" content=\"index, follow, max-snippet:-1, max-image-preview:large, max-video-preview:-1\" \/>\n<link rel=\"canonical\" href=\"https:\/\/www.imaq.fr\/blog\/2023\/07\/frederic-ploquin\/\" \/>\n<meta property=\"og:locale\" content=\"fr_FR\" \/>\n<meta property=\"og:type\" content=\"article\" \/>\n<meta property=\"og:title\" content=\"Fr\u00e9d\u00e9ric PLOQUIN - Biennale Culturelle Ma\u00e7onnique de Bordeaux\" \/>\n<meta property=\"og:description\" content=\"Fr\u00e9d\u00e9ric Ploquin est un journaliste d&rsquo;investigation fran\u00e7ais n\u00e9 le 24 septembre 1959. Il est sp\u00e9cialis\u00e9 dans les milieux de la police, du banditisme et du renseignement et est grand reporter \u00e0 l&rsquo;hebdomadaire Marianne. Il a travaill\u00e9 pour Le Matin de Paris, l&rsquo;Ev\u00e8nement du Jeudi et Marianne pendant plus de trente cinq ans. Dans sa conf\u00e9rence, [&hellip;]\" \/>\n<meta property=\"og:url\" content=\"https:\/\/www.imaq.fr\/blog\/2023\/07\/frederic-ploquin\/\" \/>\n<meta property=\"og:site_name\" content=\"Biennale Culturelle Ma\u00e7onnique de Bordeaux\" \/>\n<meta property=\"article:publisher\" content=\"https:\/\/www.facebook.com\/biennaleculturellemaconnique.bordeaux\" \/>\n<meta property=\"article:published_time\" content=\"2023-07-06T17:16:02+00:00\" \/>\n<meta property=\"article:modified_time\" content=\"2023-10-02T14:49:30+00:00\" \/>\n<meta name=\"author\" content=\"BCMB\" \/>\n<meta name=\"twitter:card\" content=\"summary_large_image\" \/>\n<meta name=\"twitter:label1\" content=\"\u00c9crit par\" \/>\n\t<meta name=\"twitter:data1\" content=\"BCMB\" \/>\n\t<meta name=\"twitter:label2\" content=\"Dur\u00e9e de lecture estim\u00e9e\" \/>\n\t<meta name=\"twitter:data2\" content=\"2 minutes\" \/>\n<script type=\"application\/ld+json\" class=\"yoast-schema-graph\">{\"@context\":\"https:\\\/\\\/schema.org\",\"@graph\":[{\"@type\":\"Article\",\"@id\":\"https:\\\/\\\/www.imaq.fr\\\/blog\\\/2023\\\/07\\\/frederic-ploquin\\\/#article\",\"isPartOf\":{\"@id\":\"https:\\\/\\\/www.imaq.fr\\\/blog\\\/2023\\\/07\\\/frederic-ploquin\\\/\"},\"author\":{\"name\":\"BCMB\",\"@id\":\"https:\\\/\\\/www.imaq.fr\\\/blog\\\/#\\\/schema\\\/person\\\/3df683af05c9d4e9401e01364d03a5fd\"},\"headline\":\"Fr\u00e9d\u00e9ric PLOQUIN\",\"datePublished\":\"2023-07-06T17:16:02+00:00\",\"dateModified\":\"2023-10-02T14:49:30+00:00\",\"mainEntityOfPage\":{\"@id\":\"https:\\\/\\\/www.imaq.fr\\\/blog\\\/2023\\\/07\\\/frederic-ploquin\\\/\"},\"wordCount\":416,\"publisher\":{\"@id\":\"https:\\\/\\\/www.imaq.fr\\\/blog\\\/#organization\"},\"articleSection\":[\"Auteurs\",\"Biennale 2023\",\"Conf\u00e9rence 2023\"],\"inLanguage\":\"fr-FR\"},{\"@type\":\"WebPage\",\"@id\":\"https:\\\/\\\/www.imaq.fr\\\/blog\\\/2023\\\/07\\\/frederic-ploquin\\\/\",\"url\":\"https:\\\/\\\/www.imaq.fr\\\/blog\\\/2023\\\/07\\\/frederic-ploquin\\\/\",\"name\":\"Fr\u00e9d\u00e9ric PLOQUIN - Biennale Culturelle Ma\u00e7onnique de Bordeaux\",\"isPartOf\":{\"@id\":\"https:\\\/\\\/www.imaq.fr\\\/blog\\\/#website\"},\"datePublished\":\"2023-07-06T17:16:02+00:00\",\"dateModified\":\"2023-10-02T14:49:30+00:00\",\"breadcrumb\":{\"@id\":\"https:\\\/\\\/www.imaq.fr\\\/blog\\\/2023\\\/07\\\/frederic-ploquin\\\/#breadcrumb\"},\"inLanguage\":\"fr-FR\",\"potentialAction\":[{\"@type\":\"ReadAction\",\"target\":[\"https:\\\/\\\/www.imaq.fr\\\/blog\\\/2023\\\/07\\\/frederic-ploquin\\\/\"]}]},{\"@type\":\"BreadcrumbList\",\"@id\":\"https:\\\/\\\/www.imaq.fr\\\/blog\\\/2023\\\/07\\\/frederic-ploquin\\\/#breadcrumb\",\"itemListElement\":[{\"@type\":\"ListItem\",\"position\":1,\"name\":\"Accueil\",\"item\":\"https:\\\/\\\/www.imaq.fr\\\/blog\\\/\"},{\"@type\":\"ListItem\",\"position\":2,\"name\":\"Fr\u00e9d\u00e9ric PLOQUIN\"}]},{\"@type\":\"WebSite\",\"@id\":\"https:\\\/\\\/www.imaq.fr\\\/blog\\\/#website\",\"url\":\"https:\\\/\\\/www.imaq.fr\\\/blog\\\/\",\"name\":\"Biennale Culturelle Ma\u00e7onnique de Bordeaux\",\"description\":\"IMAQ\",\"publisher\":{\"@id\":\"https:\\\/\\\/www.imaq.fr\\\/blog\\\/#organization\"},\"potentialAction\":[{\"@type\":\"SearchAction\",\"target\":{\"@type\":\"EntryPoint\",\"urlTemplate\":\"https:\\\/\\\/www.imaq.fr\\\/blog\\\/?s={search_term_string}\"},\"query-input\":{\"@type\":\"PropertyValueSpecification\",\"valueRequired\":true,\"valueName\":\"search_term_string\"}}],\"inLanguage\":\"fr-FR\"},{\"@type\":\"Organization\",\"@id\":\"https:\\\/\\\/www.imaq.fr\\\/blog\\\/#organization\",\"name\":\"Biennale Culturelle Ma\u00e7onnique de Bordeaux\",\"url\":\"https:\\\/\\\/www.imaq.fr\\\/blog\\\/\",\"logo\":{\"@type\":\"ImageObject\",\"inLanguage\":\"fr-FR\",\"@id\":\"https:\\\/\\\/www.imaq.fr\\\/blog\\\/#\\\/schema\\\/logo\\\/image\\\/\",\"url\":\"https:\\\/\\\/www.imaq.fr\\\/blog\\\/wp-content\\\/uploads\\\/2014\\\/12\\\/logo-bcmc.jpg\",\"contentUrl\":\"https:\\\/\\\/www.imaq.fr\\\/blog\\\/wp-content\\\/uploads\\\/2014\\\/12\\\/logo-bcmc.jpg\",\"width\":759,\"height\":784,\"caption\":\"Biennale Culturelle Ma\u00e7onnique de Bordeaux\"},\"image\":{\"@id\":\"https:\\\/\\\/www.imaq.fr\\\/blog\\\/#\\\/schema\\\/logo\\\/image\\\/\"},\"sameAs\":[\"https:\\\/\\\/www.facebook.com\\\/biennaleculturellemaconnique.bordeaux\"]},{\"@type\":\"Person\",\"@id\":\"https:\\\/\\\/www.imaq.fr\\\/blog\\\/#\\\/schema\\\/person\\\/3df683af05c9d4e9401e01364d03a5fd\",\"name\":\"BCMB\",\"image\":{\"@type\":\"ImageObject\",\"inLanguage\":\"fr-FR\",\"@id\":\"https:\\\/\\\/secure.gravatar.com\\\/avatar\\\/d6fbbbb38de40bcc3a41d4467d090d3b92513d4eb33fc933729359bbce505880?s=96&d=identicon&r=g\",\"url\":\"https:\\\/\\\/secure.gravatar.com\\\/avatar\\\/d6fbbbb38de40bcc3a41d4467d090d3b92513d4eb33fc933729359bbce505880?s=96&d=identicon&r=g\",\"contentUrl\":\"https:\\\/\\\/secure.gravatar.com\\\/avatar\\\/d6fbbbb38de40bcc3a41d4467d090d3b92513d4eb33fc933729359bbce505880?s=96&d=identicon&r=g\",\"caption\":\"BCMB\"},\"sameAs\":[\"https:\\\/\\\/www.imaq.fr\"],\"url\":\"https:\\\/\\\/www.imaq.fr\\\/blog\\\/author\\\/pomirol\\\/\"}]}<\/script>\n<!-- \/ Yoast SEO plugin. -->","yoast_head_json":{"title":"Fr\u00e9d\u00e9ric PLOQUIN - Biennale Culturelle Ma\u00e7onnique de Bordeaux","robots":{"index":"index","follow":"follow","max-snippet":"max-snippet:-1","max-image-preview":"max-image-preview:large","max-video-preview":"max-video-preview:-1"},"canonical":"https:\/\/www.imaq.fr\/blog\/2023\/07\/frederic-ploquin\/","og_locale":"fr_FR","og_type":"article","og_title":"Fr\u00e9d\u00e9ric PLOQUIN - Biennale Culturelle Ma\u00e7onnique de Bordeaux","og_description":"Fr\u00e9d\u00e9ric Ploquin est un journaliste d&rsquo;investigation fran\u00e7ais n\u00e9 le 24 septembre 1959. Il est sp\u00e9cialis\u00e9 dans les milieux de la police, du banditisme et du renseignement et est grand reporter \u00e0 l&rsquo;hebdomadaire Marianne. Il a travaill\u00e9 pour Le Matin de Paris, l&rsquo;Ev\u00e8nement du Jeudi et Marianne pendant plus de trente cinq ans. Dans sa conf\u00e9rence, [&hellip;]","og_url":"https:\/\/www.imaq.fr\/blog\/2023\/07\/frederic-ploquin\/","og_site_name":"Biennale Culturelle Ma\u00e7onnique de Bordeaux","article_publisher":"https:\/\/www.facebook.com\/biennaleculturellemaconnique.bordeaux","article_published_time":"2023-07-06T17:16:02+00:00","article_modified_time":"2023-10-02T14:49:30+00:00","author":"BCMB","twitter_card":"summary_large_image","twitter_misc":{"\u00c9crit par":"BCMB","Dur\u00e9e de lecture estim\u00e9e":"2 minutes"},"schema":{"@context":"https:\/\/schema.org","@graph":[{"@type":"Article","@id":"https:\/\/www.imaq.fr\/blog\/2023\/07\/frederic-ploquin\/#article","isPartOf":{"@id":"https:\/\/www.imaq.fr\/blog\/2023\/07\/frederic-ploquin\/"},"author":{"name":"BCMB","@id":"https:\/\/www.imaq.fr\/blog\/#\/schema\/person\/3df683af05c9d4e9401e01364d03a5fd"},"headline":"Fr\u00e9d\u00e9ric PLOQUIN","datePublished":"2023-07-06T17:16:02+00:00","dateModified":"2023-10-02T14:49:30+00:00","mainEntityOfPage":{"@id":"https:\/\/www.imaq.fr\/blog\/2023\/07\/frederic-ploquin\/"},"wordCount":416,"publisher":{"@id":"https:\/\/www.imaq.fr\/blog\/#organization"},"articleSection":["Auteurs","Biennale 2023","Conf\u00e9rence 2023"],"inLanguage":"fr-FR"},{"@type":"WebPage","@id":"https:\/\/www.imaq.fr\/blog\/2023\/07\/frederic-ploquin\/","url":"https:\/\/www.imaq.fr\/blog\/2023\/07\/frederic-ploquin\/","name":"Fr\u00e9d\u00e9ric PLOQUIN - Biennale Culturelle Ma\u00e7onnique de Bordeaux","isPartOf":{"@id":"https:\/\/www.imaq.fr\/blog\/#website"},"datePublished":"2023-07-06T17:16:02+00:00","dateModified":"2023-10-02T14:49:30+00:00","breadcrumb":{"@id":"https:\/\/www.imaq.fr\/blog\/2023\/07\/frederic-ploquin\/#breadcrumb"},"inLanguage":"fr-FR","potentialAction":[{"@type":"ReadAction","target":["https:\/\/www.imaq.fr\/blog\/2023\/07\/frederic-ploquin\/"]}]},{"@type":"BreadcrumbList","@id":"https:\/\/www.imaq.fr\/blog\/2023\/07\/frederic-ploquin\/#breadcrumb","itemListElement":[{"@type":"ListItem","position":1,"name":"Accueil","item":"https:\/\/www.imaq.fr\/blog\/"},{"@type":"ListItem","position":2,"name":"Fr\u00e9d\u00e9ric PLOQUIN"}]},{"@type":"WebSite","@id":"https:\/\/www.imaq.fr\/blog\/#website","url":"https:\/\/www.imaq.fr\/blog\/","name":"Biennale Culturelle Ma\u00e7onnique de Bordeaux","description":"IMAQ","publisher":{"@id":"https:\/\/www.imaq.fr\/blog\/#organization"},"potentialAction":[{"@type":"SearchAction","target":{"@type":"EntryPoint","urlTemplate":"https:\/\/www.imaq.fr\/blog\/?s={search_term_string}"},"query-input":{"@type":"PropertyValueSpecification","valueRequired":true,"valueName":"search_term_string"}}],"inLanguage":"fr-FR"},{"@type":"Organization","@id":"https:\/\/www.imaq.fr\/blog\/#organization","name":"Biennale Culturelle Ma\u00e7onnique de Bordeaux","url":"https:\/\/www.imaq.fr\/blog\/","logo":{"@type":"ImageObject","inLanguage":"fr-FR","@id":"https:\/\/www.imaq.fr\/blog\/#\/schema\/logo\/image\/","url":"https:\/\/www.imaq.fr\/blog\/wp-content\/uploads\/2014\/12\/logo-bcmc.jpg","contentUrl":"https:\/\/www.imaq.fr\/blog\/wp-content\/uploads\/2014\/12\/logo-bcmc.jpg","width":759,"height":784,"caption":"Biennale Culturelle Ma\u00e7onnique de Bordeaux"},"image":{"@id":"https:\/\/www.imaq.fr\/blog\/#\/schema\/logo\/image\/"},"sameAs":["https:\/\/www.facebook.com\/biennaleculturellemaconnique.bordeaux"]},{"@type":"Person","@id":"https:\/\/www.imaq.fr\/blog\/#\/schema\/person\/3df683af05c9d4e9401e01364d03a5fd","name":"BCMB","image":{"@type":"ImageObject","inLanguage":"fr-FR","@id":"https:\/\/secure.gravatar.com\/avatar\/d6fbbbb38de40bcc3a41d4467d090d3b92513d4eb33fc933729359bbce505880?s=96&d=identicon&r=g","url":"https:\/\/secure.gravatar.com\/avatar\/d6fbbbb38de40bcc3a41d4467d090d3b92513d4eb33fc933729359bbce505880?s=96&d=identicon&r=g","contentUrl":"https:\/\/secure.gravatar.com\/avatar\/d6fbbbb38de40bcc3a41d4467d090d3b92513d4eb33fc933729359bbce505880?s=96&d=identicon&r=g","caption":"BCMB"},"sameAs":["https:\/\/www.imaq.fr"],"url":"https:\/\/www.imaq.fr\/blog\/author\/pomirol\/"}]}},"_links":{"self":[{"href":"https:\/\/www.imaq.fr\/blog\/wp-json\/wp\/v2\/posts\/1624","targetHints":{"allow":["GET"]}}],"collection":[{"href":"https:\/\/www.imaq.fr\/blog\/wp-json\/wp\/v2\/posts"}],"about":[{"href":"https:\/\/www.imaq.fr\/blog\/wp-json\/wp\/v2\/types\/post"}],"author":[{"embeddable":true,"href":"https:\/\/www.imaq.fr\/blog\/wp-json\/wp\/v2\/users\/2"}],"replies":[{"embeddable":true,"href":"https:\/\/www.imaq.fr\/blog\/wp-json\/wp\/v2\/comments?post=1624"}],"version-history":[{"count":0,"href":"https:\/\/www.imaq.fr\/blog\/wp-json\/wp\/v2\/posts\/1624\/revisions"}],"wp:attachment":[{"href":"https:\/\/www.imaq.fr\/blog\/wp-json\/wp\/v2\/media?parent=1624"}],"wp:term":[{"taxonomy":"category","embeddable":true,"href":"https:\/\/www.imaq.fr\/blog\/wp-json\/wp\/v2\/categories?post=1624"},{"taxonomy":"post_tag","embeddable":true,"href":"https:\/\/www.imaq.fr\/blog\/wp-json\/wp\/v2\/tags?post=1624"}],"curies":[{"name":"wp","href":"https:\/\/api.w.org\/{rel}","templated":true}]}}