{"id":1626,"date":"2025-09-02T08:11:12","date_gmt":"2025-09-02T08:11:12","guid":{"rendered":"https:\/\/www.imaq.fr\/blog\/?p=1626"},"modified":"2025-09-15T11:32:04","modified_gmt":"2025-09-15T11:32:04","slug":"jean-michel-dardour","status":"publish","type":"post","link":"https:\/\/www.imaq.fr\/blog\/2025\/09\/jean-michel-dardour\/","title":{"rendered":"Jean-Michel DARDOUR"},"content":{"rendered":"\n<p class=\"progTitreConf\">Jean-Michel Dardour \u2013 Franc-ma\u00e7onnerie, soci\u00e9t\u00e9 et transmission citoyenne<\/p>\n\n\n\n<p><strong>Jean-Michel Dardour<\/strong> est une figure reconnue du paysage ma\u00e7onnique fran\u00e7ais. Il est Ancien 1er Grand Ma\u00eetre Adjoint de la <strong>Grande Loge de France<\/strong>. Ainsi, son engagement ma\u00e7onnique le conduit \u00e0 s&rsquo;int\u00e9resser aux liens entre <strong>franc-ma\u00e7onnerie<\/strong>, soci\u00e9t\u00e9 et <strong>citoyennet\u00e9<\/strong>.<\/p>\n\n\n\n<p>Il est co-fondateur du think-tank <strong>Franc-Ma\u00e7onnerie et Soci\u00e9t\u00e9 (FMS)<\/strong>. Il en a d&rsquo;ailleurs \u00e9t\u00e9 le premier pr\u00e9sident. De 2013 \u00e0 2016, il s\u2019exprime dans l&rsquo;\u00e9mission <em>Divers aspects de la pens\u00e9e contemporaine<\/em> sur <strong>France Culture<\/strong>. Il est, dans cette \u00e9mission, alors le porte-parole de la Grande Loge de France.<\/p>\n\n\n\n<p>Parall\u00e8lement, il organise plusieurs colloques nationaux d&rsquo;envergure. Ces \u00e9v\u00e9nements se d\u00e9roulent sous trois Grands Ma\u00eetres successifs. Il contribue ainsi \u00e0 faire dialoguer la pens\u00e9e ma\u00e7onnique avec les enjeux contemporains.<\/p>\n\n\n\n<p>Il est \u00e9galement membre fondateur de deux loges importantes. D&rsquo;abord, il participe \u00e0 la cr\u00e9ation de la loge <strong>Kairos<\/strong> n\u00b01494. Ensuite, il co-fonde la loge <strong>Albert Lantoine<\/strong> n\u00b01582.<\/p>\n\n\n\n<p>Aujourd&rsquo;hui, il poursuit son travail de transmission. Il occupe ainsi la pr\u00e9sidence du <strong>Campus Ma\u00e7onnique<\/strong>. Elle propose notamment des cours vari\u00e9s et organise \u00e9galement des conf\u00e9rences sp\u00e9cialis\u00e9es. De plus, elle publie des ouvrages de r\u00e9f\u00e9rence. Ces activit\u00e9s lui permettent d&rsquo;approfondir sa culture initiatique. En particulier, il approfondit sa r\u00e9flexion sur la dimension symbolique du <strong>Rite \u00c9cossais Ancien et Accept\u00e9<\/strong>.<\/p>\n\n\n\n<p>C&rsquo;est dans ce cadre qu&rsquo;il est l&rsquo;auteur de quatre publications&nbsp;dans les <em>M\u00e9moires de l&rsquo;Acad\u00e9mie<\/em>&nbsp;:<\/p>\n\n\n\n<ul class=\"wp-block-list\">\n<li><em>Tol\u00e9rance, vous avez dit tol\u00e9rance\u2009? <\/em>(vol. n\u00b0 6)<\/li>\n\n\n\n<li><em>Le bonheur en Franc-ma\u00e7onnerie<\/em> (vol. n\u00b0 7)<\/li>\n\n\n\n<li><em>Le Rite \u00c9cossais Ancien et Accept\u00e9 m\u00e8ne-t-il \u00e0 une \u00e9thique de la responsabilit\u00e9\u2009? <\/em>(vol. n\u00b0 8)<\/li>\n\n\n\n<li><em>Quels liens\u2009?<\/em>&nbsp;(vol. n\u00b0&nbsp;9)<\/li>\n<\/ul>\n\n\n\n<p class=\"progTitreConf\">\ud83c\udf99\ufe0f Participation \u00e0 la Biennale 2025<\/p>\n\n\n\n<p>Le dimanche 19 octobre 2025 en fin d&rsquo;apr\u00e8s-midi, <strong>Jean-Michel Dardour<\/strong> assumera une fonction particuli\u00e8re. Il sera en effet le mod\u00e9rateur de la conf\u00e9rence de cl\u00f4ture qui abordera un th\u00e8me d\u2019actualit\u00e9.<br>\u00ab <strong>La France en col\u00e8reS : La mont\u00e9e en puissance des extr\u00e9mismes et des populismes<\/strong> \u00bb<br><strong><a href=\"https:\/\/www.imaq.fr\/blog\/2025\/09\/christophe-bourseiller-extremismes-populismes\/\">Christophe Bourseiller<\/a><\/strong>, historien et journaliste, en sera le conf\u00e9rencier.<\/p>\n\n\n\n<p>Le r\u00f4le de <strong>Jean-Michel Dardour<\/strong> consistera \u00e0 accompagner les \u00e9changes et \u00e0 faire dialoguer les analyses politiques avec les <strong>valeurs humanistes<\/strong> port\u00e9es par la Biennale.<\/p>\n\n\n\n<figure class=\"wp-block-image size-full\"><a href=\"https:\/\/www.imaq.fr\/blog\/wp-content\/uploads\/2025\/09\/dardour-ethique-de-vie-1024x489-1.webp\"><img loading=\"lazy\" decoding=\"async\" width=\"1024\" height=\"489\" src=\"https:\/\/www.imaq.fr\/blog\/wp-content\/uploads\/2025\/09\/dardour-ethique-de-vie-1024x489-1.webp\" alt=\"Jean-Michel Dardour dans une de ses contribution en 2023.\" class=\"wp-image-2823 colorbox-1626\" srcset=\"https:\/\/www.imaq.fr\/blog\/wp-content\/uploads\/2025\/09\/dardour-ethique-de-vie-1024x489-1.webp 1024w, https:\/\/www.imaq.fr\/blog\/wp-content\/uploads\/2025\/09\/dardour-ethique-de-vie-1024x489-1-300x143.webp 300w, https:\/\/www.imaq.fr\/blog\/wp-content\/uploads\/2025\/09\/dardour-ethique-de-vie-1024x489-1-768x367.webp 768w\" sizes=\"auto, (max-width: 1024px) 100vw, 1024px\" \/><\/a><\/figure>\n","protected":false},"excerpt":{"rendered":"<p>Jean-Michel Dardour \u2013 Franc-ma\u00e7onnerie, soci\u00e9t\u00e9 et transmission citoyenne Jean-Michel Dardour est une figure reconnue du paysage ma\u00e7onnique fran\u00e7ais. Il est Ancien 1er Grand Ma\u00eetre Adjoint de la Grande Loge de France. Ainsi, son engagement ma\u00e7onnique le conduit \u00e0 s&rsquo;int\u00e9resser aux liens entre franc-ma\u00e7onnerie, soci\u00e9t\u00e9 et citoyennet\u00e9. Il est co-fondateur du think-tank Franc-Ma\u00e7onnerie et Soci\u00e9t\u00e9 (FMS). [&hellip;]<\/p>\n","protected":false},"author":2,"featured_media":0,"comment_status":"closed","ping_status":"open","sticky":false,"template":"","format":"standard","meta":{"_editorskit_title_hidden":false,"_editorskit_reading_time":0,"_editorskit_is_block_options_detached":false,"_editorskit_block_options_position":"{}","footnotes":""},"categories":[35,275,36],"tags":[64,278,304,326,52,327,47,324,325,179,323,301],"class_list":["post-1626","post","type-post","status-publish","format-standard","hentry","category-biennale-2023","category-biennale-2025","category-conference-2023","tag-bcmb","tag-bcmb2025","tag-biennale-culturelle-maconnique","tag-college-maconnique","tag-ethique","tag-extremismes","tag-franc-maconnerie","tag-gldf","tag-grande-loge-de-france","tag-jean-michel-dardour","tag-populisme","tag-societe"],"yoast_head":"<!-- This site is optimized with the Yoast SEO plugin v27.5 - https:\/\/yoast.com\/product\/yoast-seo-wordpress\/ -->\n<title>Jean-Michel Dardour : franc-ma\u00e7onnerie, citoyennet\u00e9 et transmission humaniste<\/title>\n<meta name=\"description\" content=\"Jean-Michel Dardour explore les liens entre franc-ma\u00e7onnerie et citoyennet\u00e9, entre engagement symbolique, transmission et pens\u00e9e contemporaine.\" \/>\n<meta name=\"robots\" content=\"index, follow, max-snippet:-1, max-image-preview:large, max-video-preview:-1\" \/>\n<link rel=\"canonical\" href=\"https:\/\/www.imaq.fr\/blog\/2025\/09\/jean-michel-dardour\/\" \/>\n<meta property=\"og:locale\" content=\"fr_FR\" \/>\n<meta property=\"og:type\" content=\"article\" \/>\n<meta property=\"og:title\" content=\"Une figure de la Grande Loge de France s&#039;exprime sur les extr\u00e9mismes\" \/>\n<meta property=\"og:description\" content=\"Jean-Michel Dardour, ancien Grand Ma\u00eetre Adjoint de la Grande Loge de France et co-fondateur de Franc-Ma\u00e7onnerie et Soci\u00e9t\u00e9, sera notre mod\u00e9rateur. Il guidera la discussion sur la mont\u00e9e en puissance des extr\u00e9mismes. D\u00e9couvrez son parcours et son engagement.\" \/>\n<meta property=\"og:url\" content=\"https:\/\/www.imaq.fr\/blog\/2025\/09\/jean-michel-dardour\/\" \/>\n<meta property=\"og:site_name\" content=\"Biennale Culturelle Ma\u00e7onnique de Bordeaux\" \/>\n<meta property=\"article:publisher\" content=\"https:\/\/www.facebook.com\/biennaleculturellemaconnique.bordeaux\" \/>\n<meta property=\"article:published_time\" content=\"2025-09-02T08:11:12+00:00\" \/>\n<meta property=\"article:modified_time\" content=\"2025-09-15T11:32:04+00:00\" \/>\n<meta property=\"og:image\" content=\"https:\/\/www.imaq.fr\/blog\/wp-content\/uploads\/2025\/09\/dardour-ethique-de-vie-1024x489-1.webp\" \/>\n\t<meta property=\"og:image:width\" content=\"1024\" \/>\n\t<meta property=\"og:image:height\" content=\"489\" \/>\n\t<meta property=\"og:image:type\" content=\"image\/webp\" \/>\n<meta name=\"author\" content=\"BCMB\" \/>\n<meta name=\"twitter:card\" content=\"summary_large_image\" \/>\n<meta name=\"twitter:label1\" content=\"\u00c9crit par\" \/>\n\t<meta name=\"twitter:data1\" content=\"BCMB\" \/>\n\t<meta name=\"twitter:label2\" content=\"Dur\u00e9e de lecture estim\u00e9e\" \/>\n\t<meta name=\"twitter:data2\" content=\"2 minutes\" \/>\n<script type=\"application\/ld+json\" class=\"yoast-schema-graph\">{\"@context\":\"https:\\\/\\\/schema.org\",\"@graph\":[{\"@type\":\"Article\",\"@id\":\"https:\\\/\\\/www.imaq.fr\\\/blog\\\/2025\\\/09\\\/jean-michel-dardour\\\/#article\",\"isPartOf\":{\"@id\":\"https:\\\/\\\/www.imaq.fr\\\/blog\\\/2025\\\/09\\\/jean-michel-dardour\\\/\"},\"author\":{\"name\":\"BCMB\",\"@id\":\"https:\\\/\\\/www.imaq.fr\\\/blog\\\/#\\\/schema\\\/person\\\/3df683af05c9d4e9401e01364d03a5fd\"},\"headline\":\"Jean-Michel DARDOUR\",\"datePublished\":\"2025-09-02T08:11:12+00:00\",\"dateModified\":\"2025-09-15T11:32:04+00:00\",\"mainEntityOfPage\":{\"@id\":\"https:\\\/\\\/www.imaq.fr\\\/blog\\\/2025\\\/09\\\/jean-michel-dardour\\\/\"},\"wordCount\":393,\"publisher\":{\"@id\":\"https:\\\/\\\/www.imaq.fr\\\/blog\\\/#organization\"},\"image\":{\"@id\":\"https:\\\/\\\/www.imaq.fr\\\/blog\\\/2025\\\/09\\\/jean-michel-dardour\\\/#primaryimage\"},\"thumbnailUrl\":\"https:\\\/\\\/www.imaq.fr\\\/blog\\\/wp-content\\\/uploads\\\/2025\\\/09\\\/dardour-ethique-de-vie-1024x489-1.webp\",\"keywords\":[\"bcmb\",\"bcmb2025\",\"Biennale Culturelle Ma\u00e7onnique\",\"Coll\u00e8ge Ma\u00e7onnique\",\"\u00e9thique\",\"Extr\u00e9mismes\",\"franc-ma\u00e7onnerie\",\"GLDF\",\"Grande Loge de France\",\"jean-michel dardour\",\"Populisme\",\"Soci\u00e9t\u00e9\"],\"articleSection\":[\"Biennale 2023\",\"Biennale 2025\",\"Conf\u00e9rence 2023\"],\"inLanguage\":\"fr-FR\"},{\"@type\":\"WebPage\",\"@id\":\"https:\\\/\\\/www.imaq.fr\\\/blog\\\/2025\\\/09\\\/jean-michel-dardour\\\/\",\"url\":\"https:\\\/\\\/www.imaq.fr\\\/blog\\\/2025\\\/09\\\/jean-michel-dardour\\\/\",\"name\":\"Jean-Michel Dardour : franc-ma\u00e7onnerie, citoyennet\u00e9 et transmission humaniste\",\"isPartOf\":{\"@id\":\"https:\\\/\\\/www.imaq.fr\\\/blog\\\/#website\"},\"primaryImageOfPage\":{\"@id\":\"https:\\\/\\\/www.imaq.fr\\\/blog\\\/2025\\\/09\\\/jean-michel-dardour\\\/#primaryimage\"},\"image\":{\"@id\":\"https:\\\/\\\/www.imaq.fr\\\/blog\\\/2025\\\/09\\\/jean-michel-dardour\\\/#primaryimage\"},\"thumbnailUrl\":\"https:\\\/\\\/www.imaq.fr\\\/blog\\\/wp-content\\\/uploads\\\/2025\\\/09\\\/dardour-ethique-de-vie-1024x489-1.webp\",\"datePublished\":\"2025-09-02T08:11:12+00:00\",\"dateModified\":\"2025-09-15T11:32:04+00:00\",\"description\":\"Jean-Michel Dardour explore les liens entre franc-ma\u00e7onnerie et citoyennet\u00e9, entre engagement symbolique, transmission et pens\u00e9e contemporaine.\",\"breadcrumb\":{\"@id\":\"https:\\\/\\\/www.imaq.fr\\\/blog\\\/2025\\\/09\\\/jean-michel-dardour\\\/#breadcrumb\"},\"inLanguage\":\"fr-FR\",\"potentialAction\":[{\"@type\":\"ReadAction\",\"target\":[\"https:\\\/\\\/www.imaq.fr\\\/blog\\\/2025\\\/09\\\/jean-michel-dardour\\\/\"]}]},{\"@type\":\"ImageObject\",\"inLanguage\":\"fr-FR\",\"@id\":\"https:\\\/\\\/www.imaq.fr\\\/blog\\\/2025\\\/09\\\/jean-michel-dardour\\\/#primaryimage\",\"url\":\"https:\\\/\\\/www.imaq.fr\\\/blog\\\/wp-content\\\/uploads\\\/2025\\\/09\\\/dardour-ethique-de-vie-1024x489-1.webp\",\"contentUrl\":\"https:\\\/\\\/www.imaq.fr\\\/blog\\\/wp-content\\\/uploads\\\/2025\\\/09\\\/dardour-ethique-de-vie-1024x489-1.webp\"},{\"@type\":\"BreadcrumbList\",\"@id\":\"https:\\\/\\\/www.imaq.fr\\\/blog\\\/2025\\\/09\\\/jean-michel-dardour\\\/#breadcrumb\",\"itemListElement\":[{\"@type\":\"ListItem\",\"position\":1,\"name\":\"Accueil\",\"item\":\"https:\\\/\\\/www.imaq.fr\\\/blog\\\/\"},{\"@type\":\"ListItem\",\"position\":2,\"name\":\"Jean-Michel DARDOUR\"}]},{\"@type\":\"WebSite\",\"@id\":\"https:\\\/\\\/www.imaq.fr\\\/blog\\\/#website\",\"url\":\"https:\\\/\\\/www.imaq.fr\\\/blog\\\/\",\"name\":\"Biennale Culturelle Ma\u00e7onnique de Bordeaux\",\"description\":\"IMAQ\",\"publisher\":{\"@id\":\"https:\\\/\\\/www.imaq.fr\\\/blog\\\/#organization\"},\"potentialAction\":[{\"@type\":\"SearchAction\",\"target\":{\"@type\":\"EntryPoint\",\"urlTemplate\":\"https:\\\/\\\/www.imaq.fr\\\/blog\\\/?s={search_term_string}\"},\"query-input\":{\"@type\":\"PropertyValueSpecification\",\"valueRequired\":true,\"valueName\":\"search_term_string\"}}],\"inLanguage\":\"fr-FR\"},{\"@type\":\"Organization\",\"@id\":\"https:\\\/\\\/www.imaq.fr\\\/blog\\\/#organization\",\"name\":\"Biennale Culturelle Ma\u00e7onnique de Bordeaux\",\"url\":\"https:\\\/\\\/www.imaq.fr\\\/blog\\\/\",\"logo\":{\"@type\":\"ImageObject\",\"inLanguage\":\"fr-FR\",\"@id\":\"https:\\\/\\\/www.imaq.fr\\\/blog\\\/#\\\/schema\\\/logo\\\/image\\\/\",\"url\":\"https:\\\/\\\/www.imaq.fr\\\/blog\\\/wp-content\\\/uploads\\\/2014\\\/12\\\/logo-bcmc.jpg\",\"contentUrl\":\"https:\\\/\\\/www.imaq.fr\\\/blog\\\/wp-content\\\/uploads\\\/2014\\\/12\\\/logo-bcmc.jpg\",\"width\":759,\"height\":784,\"caption\":\"Biennale Culturelle Ma\u00e7onnique de Bordeaux\"},\"image\":{\"@id\":\"https:\\\/\\\/www.imaq.fr\\\/blog\\\/#\\\/schema\\\/logo\\\/image\\\/\"},\"sameAs\":[\"https:\\\/\\\/www.facebook.com\\\/biennaleculturellemaconnique.bordeaux\"]},{\"@type\":\"Person\",\"@id\":\"https:\\\/\\\/www.imaq.fr\\\/blog\\\/#\\\/schema\\\/person\\\/3df683af05c9d4e9401e01364d03a5fd\",\"name\":\"BCMB\",\"image\":{\"@type\":\"ImageObject\",\"inLanguage\":\"fr-FR\",\"@id\":\"https:\\\/\\\/secure.gravatar.com\\\/avatar\\\/d6fbbbb38de40bcc3a41d4467d090d3b92513d4eb33fc933729359bbce505880?s=96&d=identicon&r=g\",\"url\":\"https:\\\/\\\/secure.gravatar.com\\\/avatar\\\/d6fbbbb38de40bcc3a41d4467d090d3b92513d4eb33fc933729359bbce505880?s=96&d=identicon&r=g\",\"contentUrl\":\"https:\\\/\\\/secure.gravatar.com\\\/avatar\\\/d6fbbbb38de40bcc3a41d4467d090d3b92513d4eb33fc933729359bbce505880?s=96&d=identicon&r=g\",\"caption\":\"BCMB\"},\"sameAs\":[\"https:\\\/\\\/www.imaq.fr\"],\"url\":\"https:\\\/\\\/www.imaq.fr\\\/blog\\\/author\\\/pomirol\\\/\"}]}<\/script>\n<!-- \/ Yoast SEO plugin. -->","yoast_head_json":{"title":"Jean-Michel Dardour : franc-ma\u00e7onnerie, citoyennet\u00e9 et transmission humaniste","description":"Jean-Michel Dardour explore les liens entre franc-ma\u00e7onnerie et citoyennet\u00e9, entre engagement symbolique, transmission et pens\u00e9e contemporaine.","robots":{"index":"index","follow":"follow","max-snippet":"max-snippet:-1","max-image-preview":"max-image-preview:large","max-video-preview":"max-video-preview:-1"},"canonical":"https:\/\/www.imaq.fr\/blog\/2025\/09\/jean-michel-dardour\/","og_locale":"fr_FR","og_type":"article","og_title":"Une figure de la Grande Loge de France s'exprime sur les extr\u00e9mismes","og_description":"Jean-Michel Dardour, ancien Grand Ma\u00eetre Adjoint de la Grande Loge de France et co-fondateur de Franc-Ma\u00e7onnerie et Soci\u00e9t\u00e9, sera notre mod\u00e9rateur. Il guidera la discussion sur la mont\u00e9e en puissance des extr\u00e9mismes. D\u00e9couvrez son parcours et son engagement.","og_url":"https:\/\/www.imaq.fr\/blog\/2025\/09\/jean-michel-dardour\/","og_site_name":"Biennale Culturelle Ma\u00e7onnique de Bordeaux","article_publisher":"https:\/\/www.facebook.com\/biennaleculturellemaconnique.bordeaux","article_published_time":"2025-09-02T08:11:12+00:00","article_modified_time":"2025-09-15T11:32:04+00:00","og_image":[{"width":1024,"height":489,"url":"https:\/\/www.imaq.fr\/blog\/wp-content\/uploads\/2025\/09\/dardour-ethique-de-vie-1024x489-1.webp","type":"image\/webp"}],"author":"BCMB","twitter_card":"summary_large_image","twitter_misc":{"\u00c9crit par":"BCMB","Dur\u00e9e de lecture estim\u00e9e":"2 minutes"},"schema":{"@context":"https:\/\/schema.org","@graph":[{"@type":"Article","@id":"https:\/\/www.imaq.fr\/blog\/2025\/09\/jean-michel-dardour\/#article","isPartOf":{"@id":"https:\/\/www.imaq.fr\/blog\/2025\/09\/jean-michel-dardour\/"},"author":{"name":"BCMB","@id":"https:\/\/www.imaq.fr\/blog\/#\/schema\/person\/3df683af05c9d4e9401e01364d03a5fd"},"headline":"Jean-Michel DARDOUR","datePublished":"2025-09-02T08:11:12+00:00","dateModified":"2025-09-15T11:32:04+00:00","mainEntityOfPage":{"@id":"https:\/\/www.imaq.fr\/blog\/2025\/09\/jean-michel-dardour\/"},"wordCount":393,"publisher":{"@id":"https:\/\/www.imaq.fr\/blog\/#organization"},"image":{"@id":"https:\/\/www.imaq.fr\/blog\/2025\/09\/jean-michel-dardour\/#primaryimage"},"thumbnailUrl":"https:\/\/www.imaq.fr\/blog\/wp-content\/uploads\/2025\/09\/dardour-ethique-de-vie-1024x489-1.webp","keywords":["bcmb","bcmb2025","Biennale Culturelle Ma\u00e7onnique","Coll\u00e8ge Ma\u00e7onnique","\u00e9thique","Extr\u00e9mismes","franc-ma\u00e7onnerie","GLDF","Grande Loge de France","jean-michel dardour","Populisme","Soci\u00e9t\u00e9"],"articleSection":["Biennale 2023","Biennale 2025","Conf\u00e9rence 2023"],"inLanguage":"fr-FR"},{"@type":"WebPage","@id":"https:\/\/www.imaq.fr\/blog\/2025\/09\/jean-michel-dardour\/","url":"https:\/\/www.imaq.fr\/blog\/2025\/09\/jean-michel-dardour\/","name":"Jean-Michel Dardour : franc-ma\u00e7onnerie, citoyennet\u00e9 et transmission humaniste","isPartOf":{"@id":"https:\/\/www.imaq.fr\/blog\/#website"},"primaryImageOfPage":{"@id":"https:\/\/www.imaq.fr\/blog\/2025\/09\/jean-michel-dardour\/#primaryimage"},"image":{"@id":"https:\/\/www.imaq.fr\/blog\/2025\/09\/jean-michel-dardour\/#primaryimage"},"thumbnailUrl":"https:\/\/www.imaq.fr\/blog\/wp-content\/uploads\/2025\/09\/dardour-ethique-de-vie-1024x489-1.webp","datePublished":"2025-09-02T08:11:12+00:00","dateModified":"2025-09-15T11:32:04+00:00","description":"Jean-Michel Dardour explore les liens entre franc-ma\u00e7onnerie et citoyennet\u00e9, entre engagement symbolique, transmission et pens\u00e9e contemporaine.","breadcrumb":{"@id":"https:\/\/www.imaq.fr\/blog\/2025\/09\/jean-michel-dardour\/#breadcrumb"},"inLanguage":"fr-FR","potentialAction":[{"@type":"ReadAction","target":["https:\/\/www.imaq.fr\/blog\/2025\/09\/jean-michel-dardour\/"]}]},{"@type":"ImageObject","inLanguage":"fr-FR","@id":"https:\/\/www.imaq.fr\/blog\/2025\/09\/jean-michel-dardour\/#primaryimage","url":"https:\/\/www.imaq.fr\/blog\/wp-content\/uploads\/2025\/09\/dardour-ethique-de-vie-1024x489-1.webp","contentUrl":"https:\/\/www.imaq.fr\/blog\/wp-content\/uploads\/2025\/09\/dardour-ethique-de-vie-1024x489-1.webp"},{"@type":"BreadcrumbList","@id":"https:\/\/www.imaq.fr\/blog\/2025\/09\/jean-michel-dardour\/#breadcrumb","itemListElement":[{"@type":"ListItem","position":1,"name":"Accueil","item":"https:\/\/www.imaq.fr\/blog\/"},{"@type":"ListItem","position":2,"name":"Jean-Michel DARDOUR"}]},{"@type":"WebSite","@id":"https:\/\/www.imaq.fr\/blog\/#website","url":"https:\/\/www.imaq.fr\/blog\/","name":"Biennale Culturelle Ma\u00e7onnique de Bordeaux","description":"IMAQ","publisher":{"@id":"https:\/\/www.imaq.fr\/blog\/#organization"},"potentialAction":[{"@type":"SearchAction","target":{"@type":"EntryPoint","urlTemplate":"https:\/\/www.imaq.fr\/blog\/?s={search_term_string}"},"query-input":{"@type":"PropertyValueSpecification","valueRequired":true,"valueName":"search_term_string"}}],"inLanguage":"fr-FR"},{"@type":"Organization","@id":"https:\/\/www.imaq.fr\/blog\/#organization","name":"Biennale Culturelle Ma\u00e7onnique de Bordeaux","url":"https:\/\/www.imaq.fr\/blog\/","logo":{"@type":"ImageObject","inLanguage":"fr-FR","@id":"https:\/\/www.imaq.fr\/blog\/#\/schema\/logo\/image\/","url":"https:\/\/www.imaq.fr\/blog\/wp-content\/uploads\/2014\/12\/logo-bcmc.jpg","contentUrl":"https:\/\/www.imaq.fr\/blog\/wp-content\/uploads\/2014\/12\/logo-bcmc.jpg","width":759,"height":784,"caption":"Biennale Culturelle Ma\u00e7onnique de Bordeaux"},"image":{"@id":"https:\/\/www.imaq.fr\/blog\/#\/schema\/logo\/image\/"},"sameAs":["https:\/\/www.facebook.com\/biennaleculturellemaconnique.bordeaux"]},{"@type":"Person","@id":"https:\/\/www.imaq.fr\/blog\/#\/schema\/person\/3df683af05c9d4e9401e01364d03a5fd","name":"BCMB","image":{"@type":"ImageObject","inLanguage":"fr-FR","@id":"https:\/\/secure.gravatar.com\/avatar\/d6fbbbb38de40bcc3a41d4467d090d3b92513d4eb33fc933729359bbce505880?s=96&d=identicon&r=g","url":"https:\/\/secure.gravatar.com\/avatar\/d6fbbbb38de40bcc3a41d4467d090d3b92513d4eb33fc933729359bbce505880?s=96&d=identicon&r=g","contentUrl":"https:\/\/secure.gravatar.com\/avatar\/d6fbbbb38de40bcc3a41d4467d090d3b92513d4eb33fc933729359bbce505880?s=96&d=identicon&r=g","caption":"BCMB"},"sameAs":["https:\/\/www.imaq.fr"],"url":"https:\/\/www.imaq.fr\/blog\/author\/pomirol\/"}]}},"_links":{"self":[{"href":"https:\/\/www.imaq.fr\/blog\/wp-json\/wp\/v2\/posts\/1626","targetHints":{"allow":["GET"]}}],"collection":[{"href":"https:\/\/www.imaq.fr\/blog\/wp-json\/wp\/v2\/posts"}],"about":[{"href":"https:\/\/www.imaq.fr\/blog\/wp-json\/wp\/v2\/types\/post"}],"author":[{"embeddable":true,"href":"https:\/\/www.imaq.fr\/blog\/wp-json\/wp\/v2\/users\/2"}],"replies":[{"embeddable":true,"href":"https:\/\/www.imaq.fr\/blog\/wp-json\/wp\/v2\/comments?post=1626"}],"version-history":[{"count":0,"href":"https:\/\/www.imaq.fr\/blog\/wp-json\/wp\/v2\/posts\/1626\/revisions"}],"wp:attachment":[{"href":"https:\/\/www.imaq.fr\/blog\/wp-json\/wp\/v2\/media?parent=1626"}],"wp:term":[{"taxonomy":"category","embeddable":true,"href":"https:\/\/www.imaq.fr\/blog\/wp-json\/wp\/v2\/categories?post=1626"},{"taxonomy":"post_tag","embeddable":true,"href":"https:\/\/www.imaq.fr\/blog\/wp-json\/wp\/v2\/tags?post=1626"}],"curies":[{"name":"wp","href":"https:\/\/api.w.org\/{rel}","templated":true}]}}