{"id":1628,"date":"2023-07-06T17:14:33","date_gmt":"2023-07-06T17:14:33","guid":{"rendered":"https:\/\/www.imaq.fr\/blog\/?p=1628"},"modified":"2023-07-06T17:14:34","modified_gmt":"2023-07-06T17:14:34","slug":"christiane-vienne","status":"publish","type":"post","link":"https:\/\/www.imaq.fr\/blog\/2023\/07\/christiane-vienne\/","title":{"rendered":"Christiane VIENNE"},"content":{"rendered":"\n<p>Christiane Vienne est une femme politique belge francophone, n\u00e9e en 1951.<\/p>\n\n\n\n<p>Elle est \u00e9lue conseill\u00e8re communale \u00e0 Mouscron en 1992 et si\u00e8ge p\u00e9riodiquement jusqu&rsquo;en 2019. Son parcours professionnel l&rsquo;am\u00e8ne \u00e0 \u00eatre confront\u00e9e aux injustices sociales. Engag\u00e9e au sein du Mouvement Ouvrier Chr\u00e9tien (MOC) dont elle devient secr\u00e9taire f\u00e9d\u00e9rale en 1996, elle se concentre sur la lutte contre les discriminations, l&rsquo;in\u00e9galit\u00e9 sociale et l&rsquo;exclusion.<\/p>\n\n\n\n<p>Elle si\u00e8ge au S\u00e9nat de 2003 \u00e0 2004, ann\u00e9e o\u00f9 elle est nomm\u00e9e Ministre de la Sant\u00e9, des Affaires sociales et de l&rsquo;\u00c9galit\u00e9 des chances au sein du gouvernement wallon, puis retourne au S\u00e9nat en 2007 jusqu&rsquo;en 2010. Elle est \u00e9lue D\u00e9put\u00e9e f\u00e9d\u00e9rale en 2010 o\u00f9 elle y si\u00e8ge jusqu&rsquo;en 2014, puis redevient s\u00e9natrice jusqu&rsquo;en 2019.<\/p>\n\n\n\n<p>Parall\u00e8lement, elle est initi\u00e9e franc-ma\u00e7onne et devient en 2021 Grand Ma\u00eetre de la Grande Loge Mixte de France (GLMF). Mais en janvier 2020, en tant que Grand Ma\u00eetre Adjoint aux affaires ext\u00e9rieures de la GLMF, elle est auditionn\u00e9e par le S\u00e9nat de la R\u00e9publique fran\u00e7aise dans le cadre d&rsquo;un rapport sur le projet de loi, adopt\u00e9 par l&rsquo;Assembl\u00e9e nationale, relatif \u00e0 la bio\u00e9thique.<\/p>\n\n\n\n<p>Dans sa conf\u00e9rence, elle mobilisera toute son exp\u00e9rience autour du th\u00e8me : \u201cBiom\u00e9decine et technosciences, \u00e0 la vie, \u00e0 la mort\u201d.<\/p>\n","protected":false},"excerpt":{"rendered":"<p>Christiane Vienne est une femme politique belge francophone, n\u00e9e en 1951. Elle est \u00e9lue conseill\u00e8re communale \u00e0 Mouscron en 1992 et si\u00e8ge p\u00e9riodiquement jusqu&rsquo;en 2019. Son parcours professionnel l&rsquo;am\u00e8ne \u00e0 \u00eatre confront\u00e9e aux injustices sociales. Engag\u00e9e au sein du Mouvement Ouvrier Chr\u00e9tien (MOC) dont elle devient secr\u00e9taire f\u00e9d\u00e9rale en 1996, elle se concentre sur la [&hellip;]<\/p>\n","protected":false},"author":2,"featured_media":0,"comment_status":"closed","ping_status":"open","sticky":false,"template":"","format":"standard","meta":{"_editorskit_title_hidden":false,"_editorskit_reading_time":0,"_editorskit_is_block_options_detached":false,"_editorskit_block_options_position":"{}","footnotes":""},"categories":[35,36],"tags":[58,52,59],"class_list":["post-1628","post","type-post","status-publish","format-standard","hentry","category-biennale-2023","category-conference-2023","tag-bioethique","tag-ethique","tag-sante"],"yoast_head":"<!-- This site is optimized with the Yoast SEO plugin v27.5 - https:\/\/yoast.com\/product\/yoast-seo-wordpress\/ -->\n<title>Christiane VIENNE - Biennale Culturelle Ma\u00e7onnique de Bordeaux<\/title>\n<meta name=\"robots\" content=\"index, follow, max-snippet:-1, max-image-preview:large, max-video-preview:-1\" \/>\n<link rel=\"canonical\" href=\"https:\/\/www.imaq.fr\/blog\/2023\/07\/christiane-vienne\/\" \/>\n<meta property=\"og:locale\" content=\"fr_FR\" \/>\n<meta property=\"og:type\" content=\"article\" \/>\n<meta property=\"og:title\" content=\"Christiane VIENNE - Biennale Culturelle Ma\u00e7onnique de Bordeaux\" \/>\n<meta property=\"og:description\" content=\"Christiane Vienne est une femme politique belge francophone, n\u00e9e en 1951. Elle est \u00e9lue conseill\u00e8re communale \u00e0 Mouscron en 1992 et si\u00e8ge p\u00e9riodiquement jusqu&rsquo;en 2019. Son parcours professionnel l&rsquo;am\u00e8ne \u00e0 \u00eatre confront\u00e9e aux injustices sociales. Engag\u00e9e au sein du Mouvement Ouvrier Chr\u00e9tien (MOC) dont elle devient secr\u00e9taire f\u00e9d\u00e9rale en 1996, elle se concentre sur la [&hellip;]\" \/>\n<meta property=\"og:url\" content=\"https:\/\/www.imaq.fr\/blog\/2023\/07\/christiane-vienne\/\" \/>\n<meta property=\"og:site_name\" content=\"Biennale Culturelle Ma\u00e7onnique de Bordeaux\" \/>\n<meta property=\"article:publisher\" content=\"https:\/\/www.facebook.com\/biennaleculturellemaconnique.bordeaux\" \/>\n<meta property=\"article:published_time\" content=\"2023-07-06T17:14:33+00:00\" \/>\n<meta property=\"article:modified_time\" content=\"2023-07-06T17:14:34+00:00\" \/>\n<meta name=\"author\" content=\"BCMB\" \/>\n<meta name=\"twitter:card\" content=\"summary_large_image\" \/>\n<meta name=\"twitter:label1\" content=\"\u00c9crit par\" \/>\n\t<meta name=\"twitter:data1\" content=\"BCMB\" \/>\n\t<meta name=\"twitter:label2\" content=\"Dur\u00e9e de lecture estim\u00e9e\" \/>\n\t<meta name=\"twitter:data2\" content=\"1 minute\" \/>\n<script type=\"application\/ld+json\" class=\"yoast-schema-graph\">{\"@context\":\"https:\\\/\\\/schema.org\",\"@graph\":[{\"@type\":\"Article\",\"@id\":\"https:\\\/\\\/www.imaq.fr\\\/blog\\\/2023\\\/07\\\/christiane-vienne\\\/#article\",\"isPartOf\":{\"@id\":\"https:\\\/\\\/www.imaq.fr\\\/blog\\\/2023\\\/07\\\/christiane-vienne\\\/\"},\"author\":{\"name\":\"BCMB\",\"@id\":\"https:\\\/\\\/www.imaq.fr\\\/blog\\\/#\\\/schema\\\/person\\\/3df683af05c9d4e9401e01364d03a5fd\"},\"headline\":\"Christiane VIENNE\",\"datePublished\":\"2023-07-06T17:14:33+00:00\",\"dateModified\":\"2023-07-06T17:14:34+00:00\",\"mainEntityOfPage\":{\"@id\":\"https:\\\/\\\/www.imaq.fr\\\/blog\\\/2023\\\/07\\\/christiane-vienne\\\/\"},\"wordCount\":234,\"publisher\":{\"@id\":\"https:\\\/\\\/www.imaq.fr\\\/blog\\\/#organization\"},\"keywords\":[\"bio\u00e9thique\",\"\u00e9thique\",\"sant\u00e9\"],\"articleSection\":[\"Biennale 2023\",\"Conf\u00e9rence 2023\"],\"inLanguage\":\"fr-FR\"},{\"@type\":\"WebPage\",\"@id\":\"https:\\\/\\\/www.imaq.fr\\\/blog\\\/2023\\\/07\\\/christiane-vienne\\\/\",\"url\":\"https:\\\/\\\/www.imaq.fr\\\/blog\\\/2023\\\/07\\\/christiane-vienne\\\/\",\"name\":\"Christiane VIENNE - Biennale Culturelle Ma\u00e7onnique de Bordeaux\",\"isPartOf\":{\"@id\":\"https:\\\/\\\/www.imaq.fr\\\/blog\\\/#website\"},\"datePublished\":\"2023-07-06T17:14:33+00:00\",\"dateModified\":\"2023-07-06T17:14:34+00:00\",\"breadcrumb\":{\"@id\":\"https:\\\/\\\/www.imaq.fr\\\/blog\\\/2023\\\/07\\\/christiane-vienne\\\/#breadcrumb\"},\"inLanguage\":\"fr-FR\",\"potentialAction\":[{\"@type\":\"ReadAction\",\"target\":[\"https:\\\/\\\/www.imaq.fr\\\/blog\\\/2023\\\/07\\\/christiane-vienne\\\/\"]}]},{\"@type\":\"BreadcrumbList\",\"@id\":\"https:\\\/\\\/www.imaq.fr\\\/blog\\\/2023\\\/07\\\/christiane-vienne\\\/#breadcrumb\",\"itemListElement\":[{\"@type\":\"ListItem\",\"position\":1,\"name\":\"Accueil\",\"item\":\"https:\\\/\\\/www.imaq.fr\\\/blog\\\/\"},{\"@type\":\"ListItem\",\"position\":2,\"name\":\"Christiane VIENNE\"}]},{\"@type\":\"WebSite\",\"@id\":\"https:\\\/\\\/www.imaq.fr\\\/blog\\\/#website\",\"url\":\"https:\\\/\\\/www.imaq.fr\\\/blog\\\/\",\"name\":\"Biennale Culturelle Ma\u00e7onnique de Bordeaux\",\"description\":\"IMAQ\",\"publisher\":{\"@id\":\"https:\\\/\\\/www.imaq.fr\\\/blog\\\/#organization\"},\"potentialAction\":[{\"@type\":\"SearchAction\",\"target\":{\"@type\":\"EntryPoint\",\"urlTemplate\":\"https:\\\/\\\/www.imaq.fr\\\/blog\\\/?s={search_term_string}\"},\"query-input\":{\"@type\":\"PropertyValueSpecification\",\"valueRequired\":true,\"valueName\":\"search_term_string\"}}],\"inLanguage\":\"fr-FR\"},{\"@type\":\"Organization\",\"@id\":\"https:\\\/\\\/www.imaq.fr\\\/blog\\\/#organization\",\"name\":\"Biennale Culturelle Ma\u00e7onnique de Bordeaux\",\"url\":\"https:\\\/\\\/www.imaq.fr\\\/blog\\\/\",\"logo\":{\"@type\":\"ImageObject\",\"inLanguage\":\"fr-FR\",\"@id\":\"https:\\\/\\\/www.imaq.fr\\\/blog\\\/#\\\/schema\\\/logo\\\/image\\\/\",\"url\":\"https:\\\/\\\/www.imaq.fr\\\/blog\\\/wp-content\\\/uploads\\\/2014\\\/12\\\/logo-bcmc.jpg\",\"contentUrl\":\"https:\\\/\\\/www.imaq.fr\\\/blog\\\/wp-content\\\/uploads\\\/2014\\\/12\\\/logo-bcmc.jpg\",\"width\":759,\"height\":784,\"caption\":\"Biennale Culturelle Ma\u00e7onnique de Bordeaux\"},\"image\":{\"@id\":\"https:\\\/\\\/www.imaq.fr\\\/blog\\\/#\\\/schema\\\/logo\\\/image\\\/\"},\"sameAs\":[\"https:\\\/\\\/www.facebook.com\\\/biennaleculturellemaconnique.bordeaux\"]},{\"@type\":\"Person\",\"@id\":\"https:\\\/\\\/www.imaq.fr\\\/blog\\\/#\\\/schema\\\/person\\\/3df683af05c9d4e9401e01364d03a5fd\",\"name\":\"BCMB\",\"image\":{\"@type\":\"ImageObject\",\"inLanguage\":\"fr-FR\",\"@id\":\"https:\\\/\\\/secure.gravatar.com\\\/avatar\\\/d6fbbbb38de40bcc3a41d4467d090d3b92513d4eb33fc933729359bbce505880?s=96&d=identicon&r=g\",\"url\":\"https:\\\/\\\/secure.gravatar.com\\\/avatar\\\/d6fbbbb38de40bcc3a41d4467d090d3b92513d4eb33fc933729359bbce505880?s=96&d=identicon&r=g\",\"contentUrl\":\"https:\\\/\\\/secure.gravatar.com\\\/avatar\\\/d6fbbbb38de40bcc3a41d4467d090d3b92513d4eb33fc933729359bbce505880?s=96&d=identicon&r=g\",\"caption\":\"BCMB\"},\"sameAs\":[\"https:\\\/\\\/www.imaq.fr\"],\"url\":\"https:\\\/\\\/www.imaq.fr\\\/blog\\\/author\\\/pomirol\\\/\"}]}<\/script>\n<!-- \/ Yoast SEO plugin. -->","yoast_head_json":{"title":"Christiane VIENNE - Biennale Culturelle Ma\u00e7onnique de Bordeaux","robots":{"index":"index","follow":"follow","max-snippet":"max-snippet:-1","max-image-preview":"max-image-preview:large","max-video-preview":"max-video-preview:-1"},"canonical":"https:\/\/www.imaq.fr\/blog\/2023\/07\/christiane-vienne\/","og_locale":"fr_FR","og_type":"article","og_title":"Christiane VIENNE - Biennale Culturelle Ma\u00e7onnique de Bordeaux","og_description":"Christiane Vienne est une femme politique belge francophone, n\u00e9e en 1951. Elle est \u00e9lue conseill\u00e8re communale \u00e0 Mouscron en 1992 et si\u00e8ge p\u00e9riodiquement jusqu&rsquo;en 2019. Son parcours professionnel l&rsquo;am\u00e8ne \u00e0 \u00eatre confront\u00e9e aux injustices sociales. Engag\u00e9e au sein du Mouvement Ouvrier Chr\u00e9tien (MOC) dont elle devient secr\u00e9taire f\u00e9d\u00e9rale en 1996, elle se concentre sur la [&hellip;]","og_url":"https:\/\/www.imaq.fr\/blog\/2023\/07\/christiane-vienne\/","og_site_name":"Biennale Culturelle Ma\u00e7onnique de Bordeaux","article_publisher":"https:\/\/www.facebook.com\/biennaleculturellemaconnique.bordeaux","article_published_time":"2023-07-06T17:14:33+00:00","article_modified_time":"2023-07-06T17:14:34+00:00","author":"BCMB","twitter_card":"summary_large_image","twitter_misc":{"\u00c9crit par":"BCMB","Dur\u00e9e de lecture estim\u00e9e":"1 minute"},"schema":{"@context":"https:\/\/schema.org","@graph":[{"@type":"Article","@id":"https:\/\/www.imaq.fr\/blog\/2023\/07\/christiane-vienne\/#article","isPartOf":{"@id":"https:\/\/www.imaq.fr\/blog\/2023\/07\/christiane-vienne\/"},"author":{"name":"BCMB","@id":"https:\/\/www.imaq.fr\/blog\/#\/schema\/person\/3df683af05c9d4e9401e01364d03a5fd"},"headline":"Christiane VIENNE","datePublished":"2023-07-06T17:14:33+00:00","dateModified":"2023-07-06T17:14:34+00:00","mainEntityOfPage":{"@id":"https:\/\/www.imaq.fr\/blog\/2023\/07\/christiane-vienne\/"},"wordCount":234,"publisher":{"@id":"https:\/\/www.imaq.fr\/blog\/#organization"},"keywords":["bio\u00e9thique","\u00e9thique","sant\u00e9"],"articleSection":["Biennale 2023","Conf\u00e9rence 2023"],"inLanguage":"fr-FR"},{"@type":"WebPage","@id":"https:\/\/www.imaq.fr\/blog\/2023\/07\/christiane-vienne\/","url":"https:\/\/www.imaq.fr\/blog\/2023\/07\/christiane-vienne\/","name":"Christiane VIENNE - Biennale Culturelle Ma\u00e7onnique de Bordeaux","isPartOf":{"@id":"https:\/\/www.imaq.fr\/blog\/#website"},"datePublished":"2023-07-06T17:14:33+00:00","dateModified":"2023-07-06T17:14:34+00:00","breadcrumb":{"@id":"https:\/\/www.imaq.fr\/blog\/2023\/07\/christiane-vienne\/#breadcrumb"},"inLanguage":"fr-FR","potentialAction":[{"@type":"ReadAction","target":["https:\/\/www.imaq.fr\/blog\/2023\/07\/christiane-vienne\/"]}]},{"@type":"BreadcrumbList","@id":"https:\/\/www.imaq.fr\/blog\/2023\/07\/christiane-vienne\/#breadcrumb","itemListElement":[{"@type":"ListItem","position":1,"name":"Accueil","item":"https:\/\/www.imaq.fr\/blog\/"},{"@type":"ListItem","position":2,"name":"Christiane VIENNE"}]},{"@type":"WebSite","@id":"https:\/\/www.imaq.fr\/blog\/#website","url":"https:\/\/www.imaq.fr\/blog\/","name":"Biennale Culturelle Ma\u00e7onnique de Bordeaux","description":"IMAQ","publisher":{"@id":"https:\/\/www.imaq.fr\/blog\/#organization"},"potentialAction":[{"@type":"SearchAction","target":{"@type":"EntryPoint","urlTemplate":"https:\/\/www.imaq.fr\/blog\/?s={search_term_string}"},"query-input":{"@type":"PropertyValueSpecification","valueRequired":true,"valueName":"search_term_string"}}],"inLanguage":"fr-FR"},{"@type":"Organization","@id":"https:\/\/www.imaq.fr\/blog\/#organization","name":"Biennale Culturelle Ma\u00e7onnique de Bordeaux","url":"https:\/\/www.imaq.fr\/blog\/","logo":{"@type":"ImageObject","inLanguage":"fr-FR","@id":"https:\/\/www.imaq.fr\/blog\/#\/schema\/logo\/image\/","url":"https:\/\/www.imaq.fr\/blog\/wp-content\/uploads\/2014\/12\/logo-bcmc.jpg","contentUrl":"https:\/\/www.imaq.fr\/blog\/wp-content\/uploads\/2014\/12\/logo-bcmc.jpg","width":759,"height":784,"caption":"Biennale Culturelle Ma\u00e7onnique de Bordeaux"},"image":{"@id":"https:\/\/www.imaq.fr\/blog\/#\/schema\/logo\/image\/"},"sameAs":["https:\/\/www.facebook.com\/biennaleculturellemaconnique.bordeaux"]},{"@type":"Person","@id":"https:\/\/www.imaq.fr\/blog\/#\/schema\/person\/3df683af05c9d4e9401e01364d03a5fd","name":"BCMB","image":{"@type":"ImageObject","inLanguage":"fr-FR","@id":"https:\/\/secure.gravatar.com\/avatar\/d6fbbbb38de40bcc3a41d4467d090d3b92513d4eb33fc933729359bbce505880?s=96&d=identicon&r=g","url":"https:\/\/secure.gravatar.com\/avatar\/d6fbbbb38de40bcc3a41d4467d090d3b92513d4eb33fc933729359bbce505880?s=96&d=identicon&r=g","contentUrl":"https:\/\/secure.gravatar.com\/avatar\/d6fbbbb38de40bcc3a41d4467d090d3b92513d4eb33fc933729359bbce505880?s=96&d=identicon&r=g","caption":"BCMB"},"sameAs":["https:\/\/www.imaq.fr"],"url":"https:\/\/www.imaq.fr\/blog\/author\/pomirol\/"}]}},"_links":{"self":[{"href":"https:\/\/www.imaq.fr\/blog\/wp-json\/wp\/v2\/posts\/1628","targetHints":{"allow":["GET"]}}],"collection":[{"href":"https:\/\/www.imaq.fr\/blog\/wp-json\/wp\/v2\/posts"}],"about":[{"href":"https:\/\/www.imaq.fr\/blog\/wp-json\/wp\/v2\/types\/post"}],"author":[{"embeddable":true,"href":"https:\/\/www.imaq.fr\/blog\/wp-json\/wp\/v2\/users\/2"}],"replies":[{"embeddable":true,"href":"https:\/\/www.imaq.fr\/blog\/wp-json\/wp\/v2\/comments?post=1628"}],"version-history":[{"count":0,"href":"https:\/\/www.imaq.fr\/blog\/wp-json\/wp\/v2\/posts\/1628\/revisions"}],"wp:attachment":[{"href":"https:\/\/www.imaq.fr\/blog\/wp-json\/wp\/v2\/media?parent=1628"}],"wp:term":[{"taxonomy":"category","embeddable":true,"href":"https:\/\/www.imaq.fr\/blog\/wp-json\/wp\/v2\/categories?post=1628"},{"taxonomy":"post_tag","embeddable":true,"href":"https:\/\/www.imaq.fr\/blog\/wp-json\/wp\/v2\/tags?post=1628"}],"curies":[{"name":"wp","href":"https:\/\/api.w.org\/{rel}","templated":true}]}}