{"id":163,"date":"2014-04-11T08:10:00","date_gmt":"2014-04-11T08:10:00","guid":{"rendered":"https:\/\/www.imaq.fr\/blog\/?p=163"},"modified":"2025-09-04T11:49:39","modified_gmt":"2025-09-04T11:49:39","slug":"lordre-initiatique-et-traditionnel-de-lart-royal","status":"publish","type":"post","link":"https:\/\/www.imaq.fr\/blog\/2014\/04\/lordre-initiatique-et-traditionnel-de-lart-royal\/","title":{"rendered":"L\u2019Ordre Initiatique et Traditionnel de l\u2019Art Royal"},"content":{"rendered":"\n<figure class=\"wp-block-image size-full\"><img loading=\"lazy\" decoding=\"async\" width=\"936\" height=\"380\" src=\"https:\/\/www.imaq.fr\/blog\/wp-content\/uploads\/2023\/02\/oitar.jpeg\" alt=\"oitar\" class=\"wp-image-1548 colorbox-163\" srcset=\"https:\/\/www.imaq.fr\/blog\/wp-content\/uploads\/2023\/02\/oitar.jpeg 936w, https:\/\/www.imaq.fr\/blog\/wp-content\/uploads\/2023\/02\/oitar-300x122.jpeg 300w, https:\/\/www.imaq.fr\/blog\/wp-content\/uploads\/2023\/02\/oitar-768x312.jpeg 768w\" sizes=\"auto, (max-width: 936px) 100vw, 936px\" \/><\/figure>\n\n\n\n<p>L\u2019Ordre Initiatique et Traditionnel de l\u2019Art Royal (OITAR) na\u00eet en janvier 1974 de la volont\u00e9 du Fr\u00e8re Jacques de La Personne et de huit autres Fr\u00e8res du Grand Orient de France de faire revivre une Ma\u00e7onnerie fortement orient\u00e9e vers une d\u00e9marche initiatique et vers l\u2019\u00e9tude des symboles.<\/p>\n\n\n\n<p>L\u2019OITAR s\u2019appuie sur un rite unique, le Rite Op\u00e9ratif de Salomon (ROS), compos\u00e9 de 9 degr\u00e9s r\u00e9partis en 3 ordres (\u0152uvrier, Chevaleresque et Sacerdotal).<\/p>\n\n\n\n<p>Cr\u00e9\u00e9, entre autres, dans la mouvance post 1968, l\u2019OITAR se diff\u00e9rencie des autres familles ma\u00e7onniques en annon\u00e7ant clairement le c\u00f4t\u00e9 libertaire du Rite Op\u00e9ratif de Salomon qui se traduit par :<\/p>\n\n\n\n<ul class=\"wp-block-list\">\n<li>Une organisation de l\u2019OITAR en Ordre et non en Ob\u00e9dience, structur\u00e9 en f\u00e9d\u00e9ration de Loges regroup\u00e9es en Territoires,<\/li>\n\n\n\n<li>La souverainet\u00e9 de la Loge, sous r\u00e9serve de la \u00ab stricte observance du Rite \u00bb,<\/li>\n\n\n\n<li>La reconnaissance des ma\u00e7ons par leur seul \u00e9tat de ma\u00e7on (validit\u00e9 de l\u2019initiation, r\u00e9gularit\u00e9 par rapport \u00e0 leur Loge),<\/li>\n\n\n\n<li>Des d\u00e9cisions prises \u00e0 l\u2019unanimit\u00e9 des votes au degr\u00e9 de Ma\u00eetre, impliquant la recherche constante d\u2019un consensus.<\/li>\n<\/ul>\n\n\n\n<p>Une derni\u00e8re particularit\u00e9 de l\u2019OITAR et du Rite Op\u00e9ratif de Salomon est sa pratique de l\u2019oralit\u00e9 qui met la parole au centre de la d\u00e9marche ma\u00e7onnique, le travail oral favorisant une expression de soi et non la mise en avant d\u2019une \u00e9rudition ou d\u2019un travail r\u00e9dactionnel.<\/p>\n\n\n\n<p>Aujourd\u2019hui, l\u2019OITAR est un ordre mixte, constitu\u00e9 d\u2019environ 1 200 S\u0153urs et Fr\u00e8res, pr\u00e9sent en France m\u00e9tropolitaine, mais aussi outre-mer et \u00e0 l\u2019international par son implantation en Belgique, au Canada, \u00e0 l\u2019\u00cele Maurice, \u00e0 Madagascar et au Portugal depuis le 1er octobre 2022.<\/p>\n\n\n\n<p>OITAR &#8211; 14 rue Jules Vanzuppe 94200 Ivry sur Seine<br><a href=\"https:\/\/www.oitar.info\/\" target=\"_blank\" rel=\"noreferrer noopener\">Le site officiel de OITAR<\/a><\/p>\n\n\n\n<p><\/p>\n","protected":false},"excerpt":{"rendered":"<p>L\u2019Ordre Initiatique et Traditionnel de l\u2019Art Royal (OITAR) na\u00eet en janvier 1974 de la volont\u00e9 du Fr\u00e8re Jacques de La Personne et de huit autres Fr\u00e8res du Grand Orient de France de faire revivre une Ma\u00e7onnerie fortement orient\u00e9e vers une d\u00e9marche initiatique et vers l\u2019\u00e9tude des symboles. L\u2019OITAR s\u2019appuie sur un rite unique, le Rite [&hellip;]<\/p>\n","protected":false},"author":1,"featured_media":0,"comment_status":"closed","ping_status":"open","sticky":false,"template":"","format":"standard","meta":{"_editorskit_title_hidden":false,"_editorskit_reading_time":0,"_editorskit_is_block_options_detached":false,"_editorskit_block_options_position":"{}","footnotes":""},"categories":[35,275,13,32],"tags":[47,46,49],"class_list":["post-163","post","type-post","status-publish","format-standard","hentry","category-biennale-2023","category-biennale-2025","category-obedience","category-obediences-representees","tag-franc-maconnerie","tag-obedience","tag-oitar"],"yoast_head":"<!-- This site is optimized with the Yoast SEO plugin v27.5 - https:\/\/yoast.com\/product\/yoast-seo-wordpress\/ -->\n<title>Ordre Initiatique &amp; Traditionnel de l&#039;Art Royal<\/title>\n<meta name=\"description\" content=\"L&#039;Ordre Initiatique et Traditionnel de l&#039;Art Royal (OITAR) est un ordre ma\u00e7onnique mixte, d\u00e9di\u00e9 \u00e0 la d\u00e9marche initiatique et au symbolisme \u00e0 travers son rite unique, le Rite Op\u00e9ratif de Salomon.\" \/>\n<meta name=\"robots\" content=\"index, follow, max-snippet:-1, max-image-preview:large, max-video-preview:-1\" \/>\n<link rel=\"canonical\" href=\"https:\/\/www.imaq.fr\/blog\/2014\/04\/lordre-initiatique-et-traditionnel-de-lart-royal\/\" \/>\n<meta property=\"og:locale\" content=\"fr_FR\" \/>\n<meta property=\"og:type\" content=\"article\" \/>\n<meta property=\"og:title\" content=\"D\u00e9couvrez l\u2019OITAR : La Ma\u00e7onnerie de l\u2019Art Royal\" \/>\n<meta property=\"og:description\" content=\"L\u2019Ordre Initiatique et Traditionnel de l\u2019Art Royal (OITAR) est une f\u00e9d\u00e9ration de loges qui privil\u00e9gie la d\u00e9marche initiatique et l&#039;\u00e9tude des symboles. D\u00e9couvrez comment la souverainet\u00e9 de la loge et la pratique de l&#039;oralit\u00e9 sont au c\u0153ur de son fonctionnement. #FrancMa\u00e7onnerie #OITAR #ArtRoyal #Spiritualit\u00e9 #Symbolisme\" \/>\n<meta property=\"og:url\" content=\"https:\/\/www.imaq.fr\/blog\/2014\/04\/lordre-initiatique-et-traditionnel-de-lart-royal\/\" \/>\n<meta property=\"og:site_name\" content=\"Biennale Culturelle Ma\u00e7onnique de Bordeaux\" \/>\n<meta property=\"article:publisher\" content=\"https:\/\/www.facebook.com\/biennaleculturellemaconnique.bordeaux\" \/>\n<meta property=\"article:published_time\" content=\"2014-04-11T08:10:00+00:00\" \/>\n<meta property=\"article:modified_time\" content=\"2025-09-04T11:49:39+00:00\" \/>\n<meta property=\"og:image\" content=\"https:\/\/www.imaq.fr\/blog\/wp-content\/uploads\/2023\/02\/oitar.jpeg\" \/>\n\t<meta property=\"og:image:width\" content=\"936\" \/>\n\t<meta property=\"og:image:height\" content=\"380\" \/>\n\t<meta property=\"og:image:type\" content=\"image\/jpeg\" \/>\n<meta name=\"author\" content=\"admin\" \/>\n<meta name=\"twitter:card\" content=\"summary_large_image\" \/>\n<meta name=\"twitter:label1\" content=\"\u00c9crit par\" \/>\n\t<meta name=\"twitter:data1\" content=\"admin\" \/>\n\t<meta name=\"twitter:label2\" content=\"Dur\u00e9e de lecture estim\u00e9e\" \/>\n\t<meta name=\"twitter:data2\" content=\"2 minutes\" \/>\n<script type=\"application\/ld+json\" class=\"yoast-schema-graph\">{\"@context\":\"https:\\\/\\\/schema.org\",\"@graph\":[{\"@type\":\"Article\",\"@id\":\"https:\\\/\\\/www.imaq.fr\\\/blog\\\/2014\\\/04\\\/lordre-initiatique-et-traditionnel-de-lart-royal\\\/#article\",\"isPartOf\":{\"@id\":\"https:\\\/\\\/www.imaq.fr\\\/blog\\\/2014\\\/04\\\/lordre-initiatique-et-traditionnel-de-lart-royal\\\/\"},\"author\":{\"name\":\"admin\",\"@id\":\"https:\\\/\\\/www.imaq.fr\\\/blog\\\/#\\\/schema\\\/person\\\/e254e7f2e74142fb1f15b5ad9e5499a8\"},\"headline\":\"L\u2019Ordre Initiatique et Traditionnel de l\u2019Art Royal\",\"datePublished\":\"2014-04-11T08:10:00+00:00\",\"dateModified\":\"2025-09-04T11:49:39+00:00\",\"mainEntityOfPage\":{\"@id\":\"https:\\\/\\\/www.imaq.fr\\\/blog\\\/2014\\\/04\\\/lordre-initiatique-et-traditionnel-de-lart-royal\\\/\"},\"wordCount\":319,\"publisher\":{\"@id\":\"https:\\\/\\\/www.imaq.fr\\\/blog\\\/#organization\"},\"image\":{\"@id\":\"https:\\\/\\\/www.imaq.fr\\\/blog\\\/2014\\\/04\\\/lordre-initiatique-et-traditionnel-de-lart-royal\\\/#primaryimage\"},\"thumbnailUrl\":\"https:\\\/\\\/www.imaq.fr\\\/blog\\\/wp-content\\\/uploads\\\/2023\\\/02\\\/oitar.jpeg\",\"keywords\":[\"franc-ma\u00e7onnerie\",\"ob\u00e9dience\",\"oitar\"],\"articleSection\":[\"Biennale 2023\",\"Biennale 2025\",\"Ob\u00e9diences\",\"Ob\u00e9diences repr\u00e9sent\u00e9es\"],\"inLanguage\":\"fr-FR\"},{\"@type\":\"WebPage\",\"@id\":\"https:\\\/\\\/www.imaq.fr\\\/blog\\\/2014\\\/04\\\/lordre-initiatique-et-traditionnel-de-lart-royal\\\/\",\"url\":\"https:\\\/\\\/www.imaq.fr\\\/blog\\\/2014\\\/04\\\/lordre-initiatique-et-traditionnel-de-lart-royal\\\/\",\"name\":\"Ordre Initiatique & Traditionnel de l'Art Royal\",\"isPartOf\":{\"@id\":\"https:\\\/\\\/www.imaq.fr\\\/blog\\\/#website\"},\"primaryImageOfPage\":{\"@id\":\"https:\\\/\\\/www.imaq.fr\\\/blog\\\/2014\\\/04\\\/lordre-initiatique-et-traditionnel-de-lart-royal\\\/#primaryimage\"},\"image\":{\"@id\":\"https:\\\/\\\/www.imaq.fr\\\/blog\\\/2014\\\/04\\\/lordre-initiatique-et-traditionnel-de-lart-royal\\\/#primaryimage\"},\"thumbnailUrl\":\"https:\\\/\\\/www.imaq.fr\\\/blog\\\/wp-content\\\/uploads\\\/2023\\\/02\\\/oitar.jpeg\",\"datePublished\":\"2014-04-11T08:10:00+00:00\",\"dateModified\":\"2025-09-04T11:49:39+00:00\",\"description\":\"L'Ordre Initiatique et Traditionnel de l'Art Royal (OITAR) est un ordre ma\u00e7onnique mixte, d\u00e9di\u00e9 \u00e0 la d\u00e9marche initiatique et au symbolisme \u00e0 travers son rite unique, le Rite Op\u00e9ratif de Salomon.\",\"breadcrumb\":{\"@id\":\"https:\\\/\\\/www.imaq.fr\\\/blog\\\/2014\\\/04\\\/lordre-initiatique-et-traditionnel-de-lart-royal\\\/#breadcrumb\"},\"inLanguage\":\"fr-FR\",\"potentialAction\":[{\"@type\":\"ReadAction\",\"target\":[\"https:\\\/\\\/www.imaq.fr\\\/blog\\\/2014\\\/04\\\/lordre-initiatique-et-traditionnel-de-lart-royal\\\/\"]}]},{\"@type\":\"ImageObject\",\"inLanguage\":\"fr-FR\",\"@id\":\"https:\\\/\\\/www.imaq.fr\\\/blog\\\/2014\\\/04\\\/lordre-initiatique-et-traditionnel-de-lart-royal\\\/#primaryimage\",\"url\":\"https:\\\/\\\/www.imaq.fr\\\/blog\\\/wp-content\\\/uploads\\\/2023\\\/02\\\/oitar.jpeg\",\"contentUrl\":\"https:\\\/\\\/www.imaq.fr\\\/blog\\\/wp-content\\\/uploads\\\/2023\\\/02\\\/oitar.jpeg\",\"width\":936,\"height\":380},{\"@type\":\"BreadcrumbList\",\"@id\":\"https:\\\/\\\/www.imaq.fr\\\/blog\\\/2014\\\/04\\\/lordre-initiatique-et-traditionnel-de-lart-royal\\\/#breadcrumb\",\"itemListElement\":[{\"@type\":\"ListItem\",\"position\":1,\"name\":\"Accueil\",\"item\":\"https:\\\/\\\/www.imaq.fr\\\/blog\\\/\"},{\"@type\":\"ListItem\",\"position\":2,\"name\":\"L\u2019Ordre Initiatique et Traditionnel de l\u2019Art Royal\"}]},{\"@type\":\"WebSite\",\"@id\":\"https:\\\/\\\/www.imaq.fr\\\/blog\\\/#website\",\"url\":\"https:\\\/\\\/www.imaq.fr\\\/blog\\\/\",\"name\":\"Biennale Culturelle Ma\u00e7onnique de Bordeaux\",\"description\":\"IMAQ\",\"publisher\":{\"@id\":\"https:\\\/\\\/www.imaq.fr\\\/blog\\\/#organization\"},\"potentialAction\":[{\"@type\":\"SearchAction\",\"target\":{\"@type\":\"EntryPoint\",\"urlTemplate\":\"https:\\\/\\\/www.imaq.fr\\\/blog\\\/?s={search_term_string}\"},\"query-input\":{\"@type\":\"PropertyValueSpecification\",\"valueRequired\":true,\"valueName\":\"search_term_string\"}}],\"inLanguage\":\"fr-FR\"},{\"@type\":\"Organization\",\"@id\":\"https:\\\/\\\/www.imaq.fr\\\/blog\\\/#organization\",\"name\":\"Biennale Culturelle Ma\u00e7onnique de Bordeaux\",\"url\":\"https:\\\/\\\/www.imaq.fr\\\/blog\\\/\",\"logo\":{\"@type\":\"ImageObject\",\"inLanguage\":\"fr-FR\",\"@id\":\"https:\\\/\\\/www.imaq.fr\\\/blog\\\/#\\\/schema\\\/logo\\\/image\\\/\",\"url\":\"https:\\\/\\\/www.imaq.fr\\\/blog\\\/wp-content\\\/uploads\\\/2014\\\/12\\\/logo-bcmc.jpg\",\"contentUrl\":\"https:\\\/\\\/www.imaq.fr\\\/blog\\\/wp-content\\\/uploads\\\/2014\\\/12\\\/logo-bcmc.jpg\",\"width\":759,\"height\":784,\"caption\":\"Biennale Culturelle Ma\u00e7onnique de Bordeaux\"},\"image\":{\"@id\":\"https:\\\/\\\/www.imaq.fr\\\/blog\\\/#\\\/schema\\\/logo\\\/image\\\/\"},\"sameAs\":[\"https:\\\/\\\/www.facebook.com\\\/biennaleculturellemaconnique.bordeaux\"]},{\"@type\":\"Person\",\"@id\":\"https:\\\/\\\/www.imaq.fr\\\/blog\\\/#\\\/schema\\\/person\\\/e254e7f2e74142fb1f15b5ad9e5499a8\",\"name\":\"admin\",\"image\":{\"@type\":\"ImageObject\",\"inLanguage\":\"fr-FR\",\"@id\":\"https:\\\/\\\/secure.gravatar.com\\\/avatar\\\/dc680bd7169ea778990c4699837876a1853fec844e748f0cedc540ee36ae168a?s=96&d=identicon&r=g\",\"url\":\"https:\\\/\\\/secure.gravatar.com\\\/avatar\\\/dc680bd7169ea778990c4699837876a1853fec844e748f0cedc540ee36ae168a?s=96&d=identicon&r=g\",\"contentUrl\":\"https:\\\/\\\/secure.gravatar.com\\\/avatar\\\/dc680bd7169ea778990c4699837876a1853fec844e748f0cedc540ee36ae168a?s=96&d=identicon&r=g\",\"caption\":\"admin\"},\"url\":\"https:\\\/\\\/www.imaq.fr\\\/blog\\\/author\\\/admin\\\/\"}]}<\/script>\n<!-- \/ Yoast SEO plugin. -->","yoast_head_json":{"title":"Ordre Initiatique & Traditionnel de l'Art Royal","description":"L'Ordre Initiatique et Traditionnel de l'Art Royal (OITAR) est un ordre ma\u00e7onnique mixte, d\u00e9di\u00e9 \u00e0 la d\u00e9marche initiatique et au symbolisme \u00e0 travers son rite unique, le Rite Op\u00e9ratif de Salomon.","robots":{"index":"index","follow":"follow","max-snippet":"max-snippet:-1","max-image-preview":"max-image-preview:large","max-video-preview":"max-video-preview:-1"},"canonical":"https:\/\/www.imaq.fr\/blog\/2014\/04\/lordre-initiatique-et-traditionnel-de-lart-royal\/","og_locale":"fr_FR","og_type":"article","og_title":"D\u00e9couvrez l\u2019OITAR : La Ma\u00e7onnerie de l\u2019Art Royal","og_description":"L\u2019Ordre Initiatique et Traditionnel de l\u2019Art Royal (OITAR) est une f\u00e9d\u00e9ration de loges qui privil\u00e9gie la d\u00e9marche initiatique et l'\u00e9tude des symboles. D\u00e9couvrez comment la souverainet\u00e9 de la loge et la pratique de l'oralit\u00e9 sont au c\u0153ur de son fonctionnement. #FrancMa\u00e7onnerie #OITAR #ArtRoyal #Spiritualit\u00e9 #Symbolisme","og_url":"https:\/\/www.imaq.fr\/blog\/2014\/04\/lordre-initiatique-et-traditionnel-de-lart-royal\/","og_site_name":"Biennale Culturelle Ma\u00e7onnique de Bordeaux","article_publisher":"https:\/\/www.facebook.com\/biennaleculturellemaconnique.bordeaux","article_published_time":"2014-04-11T08:10:00+00:00","article_modified_time":"2025-09-04T11:49:39+00:00","og_image":[{"width":936,"height":380,"url":"https:\/\/www.imaq.fr\/blog\/wp-content\/uploads\/2023\/02\/oitar.jpeg","type":"image\/jpeg"}],"author":"admin","twitter_card":"summary_large_image","twitter_misc":{"\u00c9crit par":"admin","Dur\u00e9e de lecture estim\u00e9e":"2 minutes"},"schema":{"@context":"https:\/\/schema.org","@graph":[{"@type":"Article","@id":"https:\/\/www.imaq.fr\/blog\/2014\/04\/lordre-initiatique-et-traditionnel-de-lart-royal\/#article","isPartOf":{"@id":"https:\/\/www.imaq.fr\/blog\/2014\/04\/lordre-initiatique-et-traditionnel-de-lart-royal\/"},"author":{"name":"admin","@id":"https:\/\/www.imaq.fr\/blog\/#\/schema\/person\/e254e7f2e74142fb1f15b5ad9e5499a8"},"headline":"L\u2019Ordre Initiatique et Traditionnel de l\u2019Art Royal","datePublished":"2014-04-11T08:10:00+00:00","dateModified":"2025-09-04T11:49:39+00:00","mainEntityOfPage":{"@id":"https:\/\/www.imaq.fr\/blog\/2014\/04\/lordre-initiatique-et-traditionnel-de-lart-royal\/"},"wordCount":319,"publisher":{"@id":"https:\/\/www.imaq.fr\/blog\/#organization"},"image":{"@id":"https:\/\/www.imaq.fr\/blog\/2014\/04\/lordre-initiatique-et-traditionnel-de-lart-royal\/#primaryimage"},"thumbnailUrl":"https:\/\/www.imaq.fr\/blog\/wp-content\/uploads\/2023\/02\/oitar.jpeg","keywords":["franc-ma\u00e7onnerie","ob\u00e9dience","oitar"],"articleSection":["Biennale 2023","Biennale 2025","Ob\u00e9diences","Ob\u00e9diences repr\u00e9sent\u00e9es"],"inLanguage":"fr-FR"},{"@type":"WebPage","@id":"https:\/\/www.imaq.fr\/blog\/2014\/04\/lordre-initiatique-et-traditionnel-de-lart-royal\/","url":"https:\/\/www.imaq.fr\/blog\/2014\/04\/lordre-initiatique-et-traditionnel-de-lart-royal\/","name":"Ordre Initiatique & Traditionnel de l'Art Royal","isPartOf":{"@id":"https:\/\/www.imaq.fr\/blog\/#website"},"primaryImageOfPage":{"@id":"https:\/\/www.imaq.fr\/blog\/2014\/04\/lordre-initiatique-et-traditionnel-de-lart-royal\/#primaryimage"},"image":{"@id":"https:\/\/www.imaq.fr\/blog\/2014\/04\/lordre-initiatique-et-traditionnel-de-lart-royal\/#primaryimage"},"thumbnailUrl":"https:\/\/www.imaq.fr\/blog\/wp-content\/uploads\/2023\/02\/oitar.jpeg","datePublished":"2014-04-11T08:10:00+00:00","dateModified":"2025-09-04T11:49:39+00:00","description":"L'Ordre Initiatique et Traditionnel de l'Art Royal (OITAR) est un ordre ma\u00e7onnique mixte, d\u00e9di\u00e9 \u00e0 la d\u00e9marche initiatique et au symbolisme \u00e0 travers son rite unique, le Rite Op\u00e9ratif de Salomon.","breadcrumb":{"@id":"https:\/\/www.imaq.fr\/blog\/2014\/04\/lordre-initiatique-et-traditionnel-de-lart-royal\/#breadcrumb"},"inLanguage":"fr-FR","potentialAction":[{"@type":"ReadAction","target":["https:\/\/www.imaq.fr\/blog\/2014\/04\/lordre-initiatique-et-traditionnel-de-lart-royal\/"]}]},{"@type":"ImageObject","inLanguage":"fr-FR","@id":"https:\/\/www.imaq.fr\/blog\/2014\/04\/lordre-initiatique-et-traditionnel-de-lart-royal\/#primaryimage","url":"https:\/\/www.imaq.fr\/blog\/wp-content\/uploads\/2023\/02\/oitar.jpeg","contentUrl":"https:\/\/www.imaq.fr\/blog\/wp-content\/uploads\/2023\/02\/oitar.jpeg","width":936,"height":380},{"@type":"BreadcrumbList","@id":"https:\/\/www.imaq.fr\/blog\/2014\/04\/lordre-initiatique-et-traditionnel-de-lart-royal\/#breadcrumb","itemListElement":[{"@type":"ListItem","position":1,"name":"Accueil","item":"https:\/\/www.imaq.fr\/blog\/"},{"@type":"ListItem","position":2,"name":"L\u2019Ordre Initiatique et Traditionnel de l\u2019Art Royal"}]},{"@type":"WebSite","@id":"https:\/\/www.imaq.fr\/blog\/#website","url":"https:\/\/www.imaq.fr\/blog\/","name":"Biennale Culturelle Ma\u00e7onnique de Bordeaux","description":"IMAQ","publisher":{"@id":"https:\/\/www.imaq.fr\/blog\/#organization"},"potentialAction":[{"@type":"SearchAction","target":{"@type":"EntryPoint","urlTemplate":"https:\/\/www.imaq.fr\/blog\/?s={search_term_string}"},"query-input":{"@type":"PropertyValueSpecification","valueRequired":true,"valueName":"search_term_string"}}],"inLanguage":"fr-FR"},{"@type":"Organization","@id":"https:\/\/www.imaq.fr\/blog\/#organization","name":"Biennale Culturelle Ma\u00e7onnique de Bordeaux","url":"https:\/\/www.imaq.fr\/blog\/","logo":{"@type":"ImageObject","inLanguage":"fr-FR","@id":"https:\/\/www.imaq.fr\/blog\/#\/schema\/logo\/image\/","url":"https:\/\/www.imaq.fr\/blog\/wp-content\/uploads\/2014\/12\/logo-bcmc.jpg","contentUrl":"https:\/\/www.imaq.fr\/blog\/wp-content\/uploads\/2014\/12\/logo-bcmc.jpg","width":759,"height":784,"caption":"Biennale Culturelle Ma\u00e7onnique de Bordeaux"},"image":{"@id":"https:\/\/www.imaq.fr\/blog\/#\/schema\/logo\/image\/"},"sameAs":["https:\/\/www.facebook.com\/biennaleculturellemaconnique.bordeaux"]},{"@type":"Person","@id":"https:\/\/www.imaq.fr\/blog\/#\/schema\/person\/e254e7f2e74142fb1f15b5ad9e5499a8","name":"admin","image":{"@type":"ImageObject","inLanguage":"fr-FR","@id":"https:\/\/secure.gravatar.com\/avatar\/dc680bd7169ea778990c4699837876a1853fec844e748f0cedc540ee36ae168a?s=96&d=identicon&r=g","url":"https:\/\/secure.gravatar.com\/avatar\/dc680bd7169ea778990c4699837876a1853fec844e748f0cedc540ee36ae168a?s=96&d=identicon&r=g","contentUrl":"https:\/\/secure.gravatar.com\/avatar\/dc680bd7169ea778990c4699837876a1853fec844e748f0cedc540ee36ae168a?s=96&d=identicon&r=g","caption":"admin"},"url":"https:\/\/www.imaq.fr\/blog\/author\/admin\/"}]}},"_links":{"self":[{"href":"https:\/\/www.imaq.fr\/blog\/wp-json\/wp\/v2\/posts\/163","targetHints":{"allow":["GET"]}}],"collection":[{"href":"https:\/\/www.imaq.fr\/blog\/wp-json\/wp\/v2\/posts"}],"about":[{"href":"https:\/\/www.imaq.fr\/blog\/wp-json\/wp\/v2\/types\/post"}],"author":[{"embeddable":true,"href":"https:\/\/www.imaq.fr\/blog\/wp-json\/wp\/v2\/users\/1"}],"replies":[{"embeddable":true,"href":"https:\/\/www.imaq.fr\/blog\/wp-json\/wp\/v2\/comments?post=163"}],"version-history":[{"count":0,"href":"https:\/\/www.imaq.fr\/blog\/wp-json\/wp\/v2\/posts\/163\/revisions"}],"wp:attachment":[{"href":"https:\/\/www.imaq.fr\/blog\/wp-json\/wp\/v2\/media?parent=163"}],"wp:term":[{"taxonomy":"category","embeddable":true,"href":"https:\/\/www.imaq.fr\/blog\/wp-json\/wp\/v2\/categories?post=163"},{"taxonomy":"post_tag","embeddable":true,"href":"https:\/\/www.imaq.fr\/blog\/wp-json\/wp\/v2\/tags?post=163"}],"curies":[{"name":"wp","href":"https:\/\/api.w.org\/{rel}","templated":true}]}}