{"id":177,"date":"2016-03-28T17:34:05","date_gmt":"2016-03-28T17:34:05","guid":{"rendered":"https:\/\/www.imaq.fr\/blog\/?p=177"},"modified":"2018-04-20T14:54:36","modified_gmt":"2018-04-20T14:54:36","slug":"alain-subrebost","status":"publish","type":"post","link":"https:\/\/www.imaq.fr\/blog\/2016\/03\/alain-subrebost\/","title":{"rendered":"Alain SUBREBOST"},"content":{"rendered":"<p>Personnage atypique \u00e0 la fois\u00a0\u00e9crivain, essayiste, musicien, compositeur, vid\u00e9aste, conf\u00e9rencier\u00a0et blogueur, Alain SUBREBOST est \u00e9galement \u00e0 l&rsquo;origine d&rsquo;id\u00e9es r\u00e9volutionnaires en franc-ma\u00e7onnerie. Il propose en autres :<\/p>\n<ul>\n<li>La r\u00e9\u00e9criture des constitutions d&rsquo;Anderson,<\/li>\n<li>La cr\u00e9ation du premier monast\u00e8re la\u00efque bas\u00e9 sur la pratique ma\u00e7onnique,<\/li>\n<li>La cr\u00e9ation des agapes du c\u0153ur :\u00a0<a href=\"http:\/\/lesagapesducoeur.com\/\" target=\"_blank\" rel=\"noopener\">http:\/\/lesagapesducoeur.com\/<\/a><\/li>\n<li>La cr\u00e9ation de l&rsquo;international ma\u00e7onnique<\/li>\n<li>Le web ma\u00e7onnique GADLU.INFO : <a href=\"http:\/\/www.gadlu.info\/\" target=\"_blank\" rel=\"noopener\">http:\/\/www.gadlu.info\/<\/a>\u00a0,\u00a0premier site francophone sur la franc-ma\u00e7onnerie et l&rsquo;\u00e9sot\u00e9risme en g\u00e9n\u00e9ral<\/li>\n<\/ul>\n<p>En 2014, lors de la 2\u00e8me biennale culturelle ma\u00e7onnique de Bordeaux, sa conf\u00e9rence sur <em>l&rsquo;imaginaire et l&rsquo;initiation<\/em>\u00a0a conquis le\u00a0public, permettant de d\u00e9couvrir sous un regard nouveau des \u0153uvres cin\u00e9matographiques grand public charg\u00e9es de symboles.<\/p>\n<p>Voici\u00a0une\u00a0liste d&rsquo;ouvrages qu&rsquo;il a publi\u00e9s :<\/p>\n<ul>\n<li><em>L&rsquo;art royal r\u00e9v\u00e9l\u00e9 : Le d\u00e9veloppement personnel symbolique<\/em> (\u00c9ditions Detrad, 2017)<\/li>\n<li><em>La morale du termite : Petit trait\u00e9 d&rsquo;\u00e9veil spirituel et social \u00e0 l&rsquo;usage de h\u00e9r\u00e9tiques<\/em> (\u00c9ditions Detrad, 2015)<\/li>\n<li><em>Dix tableaux pour domestiquer le buffle<\/em> (Paris : Dervy, 2012)<\/li>\n<li><em>Petit manuel d&rsquo;\u00e9veil et de pratique ma\u00e7onnique : La ma\u00eetrise<\/em> (Paris : Dervy, 2011)<\/li>\n<li><em>Petit manuel d&rsquo;\u00e9veil et de pratique ma\u00e7onnique<\/em> (Paris : Dervy, 2009)<\/li>\n<\/ul>\n<p><a href=\"https:\/\/www.imaq.fr\/blog\/wp-content\/uploads\/2016\/03\/subrebost-art-royal-revele.jpg\"><img loading=\"lazy\" decoding=\"async\" class=\"alignnone size-thumbnail wp-image-1181 colorbox-177\" src=\"https:\/\/www.imaq.fr\/blog\/wp-content\/uploads\/2016\/03\/subrebost-art-royal-revele-150x150.jpg\" alt=\"\" width=\"150\" height=\"150\" \/><\/a>\u00a0<a href=\"https:\/\/www.imaq.fr\/blog\/wp-content\/uploads\/2014\/04\/la_morale_du_termite.jpg\" rel=\"attachment wp-att-421\"><img loading=\"lazy\" decoding=\"async\" class=\"alignnone size-thumbnail wp-image-421 colorbox-177\" src=\"https:\/\/www.imaq.fr\/blog\/wp-content\/uploads\/2014\/04\/la_morale_du_termite-150x150.jpg\" alt=\"la_morale_du_termite\" width=\"150\" height=\"150\" \/><\/a>\u00a0<a href=\"\/blog\/wp-content\/uploads\/2014\/12\/livre-subrebost-2.jpg\"><img loading=\"lazy\" decoding=\"async\" class=\"alignnone size-thumbnail wp-image-165 colorbox-177\" src=\"\/blog\/wp-content\/uploads\/2014\/12\/livre-subrebost-2-150x150.jpg\" alt=\"livre-subrebost-2\" width=\"150\" height=\"150\" \/><\/a> <a href=\"\/blog\/wp-content\/uploads\/2014\/12\/livre-subrebost-1.jpg\"><img loading=\"lazy\" decoding=\"async\" class=\"alignnone size-thumbnail wp-image-164 colorbox-177\" src=\"\/blog\/wp-content\/uploads\/2014\/12\/livre-subrebost-1-150x150.jpg\" alt=\"livre-subrebost-1\" width=\"150\" height=\"150\" \/><\/a>\u00a0<a href=\"https:\/\/www.imaq.fr\/blog\/wp-content\/uploads\/2014\/04\/alain-subrebost-1.jpg\" rel=\"attachment wp-att-422\"><img loading=\"lazy\" decoding=\"async\" class=\"alignnone size-thumbnail wp-image-422 colorbox-177\" src=\"https:\/\/www.imaq.fr\/blog\/wp-content\/uploads\/2014\/04\/alain-subrebost-1-150x150.jpg\" alt=\"alain-subrebost-1\" width=\"150\" height=\"150\" \/><\/a><\/p>\n","protected":false},"excerpt":{"rendered":"<p>Personnage atypique \u00e0 la fois\u00a0\u00e9crivain, essayiste, musicien, compositeur, vid\u00e9aste, conf\u00e9rencier\u00a0et blogueur, Alain SUBREBOST est \u00e9galement \u00e0 l&rsquo;origine d&rsquo;id\u00e9es r\u00e9volutionnaires en franc-ma\u00e7onnerie. Il propose en autres : La r\u00e9\u00e9criture des constitutions d&rsquo;Anderson, La cr\u00e9ation du premier monast\u00e8re la\u00efque bas\u00e9 sur la pratique ma\u00e7onnique, La cr\u00e9ation des agapes du c\u0153ur :\u00a0http:\/\/lesagapesducoeur.com\/ La cr\u00e9ation de l&rsquo;international ma\u00e7onnique Le [&hellip;]<\/p>\n","protected":false},"author":1,"featured_media":0,"comment_status":"closed","ping_status":"open","sticky":false,"template":"","format":"standard","meta":{"_editorskit_title_hidden":false,"_editorskit_reading_time":0,"_editorskit_is_block_options_detached":false,"_editorskit_block_options_position":"{}","footnotes":""},"categories":[2,3,23,28],"tags":[],"class_list":["post-177","post","type-post","status-publish","format-standard","hentry","category-auteur","category-biennale2014","category-biennale-2016","category-biennale-2018"],"yoast_head":"<!-- This site is optimized with the Yoast SEO plugin v27.5 - https:\/\/yoast.com\/product\/yoast-seo-wordpress\/ -->\n<title>Alain SUBREBOST - Biennale Culturelle Ma\u00e7onnique de Bordeaux<\/title>\n<meta name=\"robots\" content=\"index, follow, max-snippet:-1, max-image-preview:large, max-video-preview:-1\" \/>\n<link rel=\"canonical\" href=\"https:\/\/www.imaq.fr\/blog\/2016\/03\/alain-subrebost\/\" \/>\n<meta property=\"og:locale\" content=\"fr_FR\" \/>\n<meta property=\"og:type\" content=\"article\" \/>\n<meta property=\"og:title\" content=\"Alain SUBREBOST - Biennale Culturelle Ma\u00e7onnique de Bordeaux\" \/>\n<meta property=\"og:description\" content=\"Personnage atypique \u00e0 la fois\u00a0\u00e9crivain, essayiste, musicien, compositeur, vid\u00e9aste, conf\u00e9rencier\u00a0et blogueur, Alain SUBREBOST est \u00e9galement \u00e0 l&rsquo;origine d&rsquo;id\u00e9es r\u00e9volutionnaires en franc-ma\u00e7onnerie. Il propose en autres : La r\u00e9\u00e9criture des constitutions d&rsquo;Anderson, La cr\u00e9ation du premier monast\u00e8re la\u00efque bas\u00e9 sur la pratique ma\u00e7onnique, La cr\u00e9ation des agapes du c\u0153ur :\u00a0http:\/\/lesagapesducoeur.com\/ La cr\u00e9ation de l&rsquo;international ma\u00e7onnique Le [&hellip;]\" \/>\n<meta property=\"og:url\" content=\"https:\/\/www.imaq.fr\/blog\/2016\/03\/alain-subrebost\/\" \/>\n<meta property=\"og:site_name\" content=\"Biennale Culturelle Ma\u00e7onnique de Bordeaux\" \/>\n<meta property=\"article:publisher\" content=\"https:\/\/www.facebook.com\/biennaleculturellemaconnique.bordeaux\" \/>\n<meta property=\"article:published_time\" content=\"2016-03-28T17:34:05+00:00\" \/>\n<meta property=\"article:modified_time\" content=\"2018-04-20T14:54:36+00:00\" \/>\n<meta property=\"og:image\" content=\"https:\/\/www.imaq.fr\/blog\/wp-content\/uploads\/2016\/03\/subrebost-art-royal-revele.jpg\" \/>\n\t<meta property=\"og:image:width\" content=\"356\" \/>\n\t<meta property=\"og:image:height\" content=\"499\" \/>\n\t<meta property=\"og:image:type\" content=\"image\/jpeg\" \/>\n<meta name=\"author\" content=\"admin\" \/>\n<meta name=\"twitter:card\" content=\"summary_large_image\" \/>\n<meta name=\"twitter:label1\" content=\"\u00c9crit par\" \/>\n\t<meta name=\"twitter:data1\" content=\"admin\" \/>\n\t<meta name=\"twitter:label2\" content=\"Dur\u00e9e de lecture estim\u00e9e\" \/>\n\t<meta name=\"twitter:data2\" content=\"1 minute\" \/>\n<script type=\"application\/ld+json\" class=\"yoast-schema-graph\">{\"@context\":\"https:\\\/\\\/schema.org\",\"@graph\":[{\"@type\":\"Article\",\"@id\":\"https:\\\/\\\/www.imaq.fr\\\/blog\\\/2016\\\/03\\\/alain-subrebost\\\/#article\",\"isPartOf\":{\"@id\":\"https:\\\/\\\/www.imaq.fr\\\/blog\\\/2016\\\/03\\\/alain-subrebost\\\/\"},\"author\":{\"name\":\"admin\",\"@id\":\"https:\\\/\\\/www.imaq.fr\\\/blog\\\/#\\\/schema\\\/person\\\/e254e7f2e74142fb1f15b5ad9e5499a8\"},\"headline\":\"Alain SUBREBOST\",\"datePublished\":\"2016-03-28T17:34:05+00:00\",\"dateModified\":\"2018-04-20T14:54:36+00:00\",\"mainEntityOfPage\":{\"@id\":\"https:\\\/\\\/www.imaq.fr\\\/blog\\\/2016\\\/03\\\/alain-subrebost\\\/\"},\"wordCount\":217,\"publisher\":{\"@id\":\"https:\\\/\\\/www.imaq.fr\\\/blog\\\/#organization\"},\"image\":{\"@id\":\"https:\\\/\\\/www.imaq.fr\\\/blog\\\/2016\\\/03\\\/alain-subrebost\\\/#primaryimage\"},\"thumbnailUrl\":\"https:\\\/\\\/www.imaq.fr\\\/blog\\\/wp-content\\\/uploads\\\/2016\\\/03\\\/subrebost-art-royal-revele-150x150.jpg\",\"articleSection\":[\"Auteurs\",\"Biennale 2014\",\"Biennale 2016\",\"Biennale 2018\"],\"inLanguage\":\"fr-FR\"},{\"@type\":\"WebPage\",\"@id\":\"https:\\\/\\\/www.imaq.fr\\\/blog\\\/2016\\\/03\\\/alain-subrebost\\\/\",\"url\":\"https:\\\/\\\/www.imaq.fr\\\/blog\\\/2016\\\/03\\\/alain-subrebost\\\/\",\"name\":\"Alain SUBREBOST - Biennale Culturelle Ma\u00e7onnique de Bordeaux\",\"isPartOf\":{\"@id\":\"https:\\\/\\\/www.imaq.fr\\\/blog\\\/#website\"},\"primaryImageOfPage\":{\"@id\":\"https:\\\/\\\/www.imaq.fr\\\/blog\\\/2016\\\/03\\\/alain-subrebost\\\/#primaryimage\"},\"image\":{\"@id\":\"https:\\\/\\\/www.imaq.fr\\\/blog\\\/2016\\\/03\\\/alain-subrebost\\\/#primaryimage\"},\"thumbnailUrl\":\"https:\\\/\\\/www.imaq.fr\\\/blog\\\/wp-content\\\/uploads\\\/2016\\\/03\\\/subrebost-art-royal-revele-150x150.jpg\",\"datePublished\":\"2016-03-28T17:34:05+00:00\",\"dateModified\":\"2018-04-20T14:54:36+00:00\",\"breadcrumb\":{\"@id\":\"https:\\\/\\\/www.imaq.fr\\\/blog\\\/2016\\\/03\\\/alain-subrebost\\\/#breadcrumb\"},\"inLanguage\":\"fr-FR\",\"potentialAction\":[{\"@type\":\"ReadAction\",\"target\":[\"https:\\\/\\\/www.imaq.fr\\\/blog\\\/2016\\\/03\\\/alain-subrebost\\\/\"]}]},{\"@type\":\"ImageObject\",\"inLanguage\":\"fr-FR\",\"@id\":\"https:\\\/\\\/www.imaq.fr\\\/blog\\\/2016\\\/03\\\/alain-subrebost\\\/#primaryimage\",\"url\":\"https:\\\/\\\/www.imaq.fr\\\/blog\\\/wp-content\\\/uploads\\\/2016\\\/03\\\/subrebost-art-royal-revele.jpg\",\"contentUrl\":\"https:\\\/\\\/www.imaq.fr\\\/blog\\\/wp-content\\\/uploads\\\/2016\\\/03\\\/subrebost-art-royal-revele.jpg\",\"width\":356,\"height\":499},{\"@type\":\"BreadcrumbList\",\"@id\":\"https:\\\/\\\/www.imaq.fr\\\/blog\\\/2016\\\/03\\\/alain-subrebost\\\/#breadcrumb\",\"itemListElement\":[{\"@type\":\"ListItem\",\"position\":1,\"name\":\"Accueil\",\"item\":\"https:\\\/\\\/www.imaq.fr\\\/blog\\\/\"},{\"@type\":\"ListItem\",\"position\":2,\"name\":\"Alain SUBREBOST\"}]},{\"@type\":\"WebSite\",\"@id\":\"https:\\\/\\\/www.imaq.fr\\\/blog\\\/#website\",\"url\":\"https:\\\/\\\/www.imaq.fr\\\/blog\\\/\",\"name\":\"Biennale Culturelle Ma\u00e7onnique de Bordeaux\",\"description\":\"IMAQ\",\"publisher\":{\"@id\":\"https:\\\/\\\/www.imaq.fr\\\/blog\\\/#organization\"},\"potentialAction\":[{\"@type\":\"SearchAction\",\"target\":{\"@type\":\"EntryPoint\",\"urlTemplate\":\"https:\\\/\\\/www.imaq.fr\\\/blog\\\/?s={search_term_string}\"},\"query-input\":{\"@type\":\"PropertyValueSpecification\",\"valueRequired\":true,\"valueName\":\"search_term_string\"}}],\"inLanguage\":\"fr-FR\"},{\"@type\":\"Organization\",\"@id\":\"https:\\\/\\\/www.imaq.fr\\\/blog\\\/#organization\",\"name\":\"Biennale Culturelle Ma\u00e7onnique de Bordeaux\",\"url\":\"https:\\\/\\\/www.imaq.fr\\\/blog\\\/\",\"logo\":{\"@type\":\"ImageObject\",\"inLanguage\":\"fr-FR\",\"@id\":\"https:\\\/\\\/www.imaq.fr\\\/blog\\\/#\\\/schema\\\/logo\\\/image\\\/\",\"url\":\"https:\\\/\\\/www.imaq.fr\\\/blog\\\/wp-content\\\/uploads\\\/2014\\\/12\\\/logo-bcmc.jpg\",\"contentUrl\":\"https:\\\/\\\/www.imaq.fr\\\/blog\\\/wp-content\\\/uploads\\\/2014\\\/12\\\/logo-bcmc.jpg\",\"width\":759,\"height\":784,\"caption\":\"Biennale Culturelle Ma\u00e7onnique de Bordeaux\"},\"image\":{\"@id\":\"https:\\\/\\\/www.imaq.fr\\\/blog\\\/#\\\/schema\\\/logo\\\/image\\\/\"},\"sameAs\":[\"https:\\\/\\\/www.facebook.com\\\/biennaleculturellemaconnique.bordeaux\"]},{\"@type\":\"Person\",\"@id\":\"https:\\\/\\\/www.imaq.fr\\\/blog\\\/#\\\/schema\\\/person\\\/e254e7f2e74142fb1f15b5ad9e5499a8\",\"name\":\"admin\",\"image\":{\"@type\":\"ImageObject\",\"inLanguage\":\"fr-FR\",\"@id\":\"https:\\\/\\\/secure.gravatar.com\\\/avatar\\\/dc680bd7169ea778990c4699837876a1853fec844e748f0cedc540ee36ae168a?s=96&d=identicon&r=g\",\"url\":\"https:\\\/\\\/secure.gravatar.com\\\/avatar\\\/dc680bd7169ea778990c4699837876a1853fec844e748f0cedc540ee36ae168a?s=96&d=identicon&r=g\",\"contentUrl\":\"https:\\\/\\\/secure.gravatar.com\\\/avatar\\\/dc680bd7169ea778990c4699837876a1853fec844e748f0cedc540ee36ae168a?s=96&d=identicon&r=g\",\"caption\":\"admin\"},\"url\":\"https:\\\/\\\/www.imaq.fr\\\/blog\\\/author\\\/admin\\\/\"}]}<\/script>\n<!-- \/ Yoast SEO plugin. -->","yoast_head_json":{"title":"Alain SUBREBOST - Biennale Culturelle Ma\u00e7onnique de Bordeaux","robots":{"index":"index","follow":"follow","max-snippet":"max-snippet:-1","max-image-preview":"max-image-preview:large","max-video-preview":"max-video-preview:-1"},"canonical":"https:\/\/www.imaq.fr\/blog\/2016\/03\/alain-subrebost\/","og_locale":"fr_FR","og_type":"article","og_title":"Alain SUBREBOST - Biennale Culturelle Ma\u00e7onnique de Bordeaux","og_description":"Personnage atypique \u00e0 la fois\u00a0\u00e9crivain, essayiste, musicien, compositeur, vid\u00e9aste, conf\u00e9rencier\u00a0et blogueur, Alain SUBREBOST est \u00e9galement \u00e0 l&rsquo;origine d&rsquo;id\u00e9es r\u00e9volutionnaires en franc-ma\u00e7onnerie. Il propose en autres : La r\u00e9\u00e9criture des constitutions d&rsquo;Anderson, La cr\u00e9ation du premier monast\u00e8re la\u00efque bas\u00e9 sur la pratique ma\u00e7onnique, La cr\u00e9ation des agapes du c\u0153ur :\u00a0http:\/\/lesagapesducoeur.com\/ La cr\u00e9ation de l&rsquo;international ma\u00e7onnique Le [&hellip;]","og_url":"https:\/\/www.imaq.fr\/blog\/2016\/03\/alain-subrebost\/","og_site_name":"Biennale Culturelle Ma\u00e7onnique de Bordeaux","article_publisher":"https:\/\/www.facebook.com\/biennaleculturellemaconnique.bordeaux","article_published_time":"2016-03-28T17:34:05+00:00","article_modified_time":"2018-04-20T14:54:36+00:00","og_image":[{"width":356,"height":499,"url":"https:\/\/www.imaq.fr\/blog\/wp-content\/uploads\/2016\/03\/subrebost-art-royal-revele.jpg","type":"image\/jpeg"}],"author":"admin","twitter_card":"summary_large_image","twitter_misc":{"\u00c9crit par":"admin","Dur\u00e9e de lecture estim\u00e9e":"1 minute"},"schema":{"@context":"https:\/\/schema.org","@graph":[{"@type":"Article","@id":"https:\/\/www.imaq.fr\/blog\/2016\/03\/alain-subrebost\/#article","isPartOf":{"@id":"https:\/\/www.imaq.fr\/blog\/2016\/03\/alain-subrebost\/"},"author":{"name":"admin","@id":"https:\/\/www.imaq.fr\/blog\/#\/schema\/person\/e254e7f2e74142fb1f15b5ad9e5499a8"},"headline":"Alain SUBREBOST","datePublished":"2016-03-28T17:34:05+00:00","dateModified":"2018-04-20T14:54:36+00:00","mainEntityOfPage":{"@id":"https:\/\/www.imaq.fr\/blog\/2016\/03\/alain-subrebost\/"},"wordCount":217,"publisher":{"@id":"https:\/\/www.imaq.fr\/blog\/#organization"},"image":{"@id":"https:\/\/www.imaq.fr\/blog\/2016\/03\/alain-subrebost\/#primaryimage"},"thumbnailUrl":"https:\/\/www.imaq.fr\/blog\/wp-content\/uploads\/2016\/03\/subrebost-art-royal-revele-150x150.jpg","articleSection":["Auteurs","Biennale 2014","Biennale 2016","Biennale 2018"],"inLanguage":"fr-FR"},{"@type":"WebPage","@id":"https:\/\/www.imaq.fr\/blog\/2016\/03\/alain-subrebost\/","url":"https:\/\/www.imaq.fr\/blog\/2016\/03\/alain-subrebost\/","name":"Alain SUBREBOST - Biennale Culturelle Ma\u00e7onnique de Bordeaux","isPartOf":{"@id":"https:\/\/www.imaq.fr\/blog\/#website"},"primaryImageOfPage":{"@id":"https:\/\/www.imaq.fr\/blog\/2016\/03\/alain-subrebost\/#primaryimage"},"image":{"@id":"https:\/\/www.imaq.fr\/blog\/2016\/03\/alain-subrebost\/#primaryimage"},"thumbnailUrl":"https:\/\/www.imaq.fr\/blog\/wp-content\/uploads\/2016\/03\/subrebost-art-royal-revele-150x150.jpg","datePublished":"2016-03-28T17:34:05+00:00","dateModified":"2018-04-20T14:54:36+00:00","breadcrumb":{"@id":"https:\/\/www.imaq.fr\/blog\/2016\/03\/alain-subrebost\/#breadcrumb"},"inLanguage":"fr-FR","potentialAction":[{"@type":"ReadAction","target":["https:\/\/www.imaq.fr\/blog\/2016\/03\/alain-subrebost\/"]}]},{"@type":"ImageObject","inLanguage":"fr-FR","@id":"https:\/\/www.imaq.fr\/blog\/2016\/03\/alain-subrebost\/#primaryimage","url":"https:\/\/www.imaq.fr\/blog\/wp-content\/uploads\/2016\/03\/subrebost-art-royal-revele.jpg","contentUrl":"https:\/\/www.imaq.fr\/blog\/wp-content\/uploads\/2016\/03\/subrebost-art-royal-revele.jpg","width":356,"height":499},{"@type":"BreadcrumbList","@id":"https:\/\/www.imaq.fr\/blog\/2016\/03\/alain-subrebost\/#breadcrumb","itemListElement":[{"@type":"ListItem","position":1,"name":"Accueil","item":"https:\/\/www.imaq.fr\/blog\/"},{"@type":"ListItem","position":2,"name":"Alain SUBREBOST"}]},{"@type":"WebSite","@id":"https:\/\/www.imaq.fr\/blog\/#website","url":"https:\/\/www.imaq.fr\/blog\/","name":"Biennale Culturelle Ma\u00e7onnique de Bordeaux","description":"IMAQ","publisher":{"@id":"https:\/\/www.imaq.fr\/blog\/#organization"},"potentialAction":[{"@type":"SearchAction","target":{"@type":"EntryPoint","urlTemplate":"https:\/\/www.imaq.fr\/blog\/?s={search_term_string}"},"query-input":{"@type":"PropertyValueSpecification","valueRequired":true,"valueName":"search_term_string"}}],"inLanguage":"fr-FR"},{"@type":"Organization","@id":"https:\/\/www.imaq.fr\/blog\/#organization","name":"Biennale Culturelle Ma\u00e7onnique de Bordeaux","url":"https:\/\/www.imaq.fr\/blog\/","logo":{"@type":"ImageObject","inLanguage":"fr-FR","@id":"https:\/\/www.imaq.fr\/blog\/#\/schema\/logo\/image\/","url":"https:\/\/www.imaq.fr\/blog\/wp-content\/uploads\/2014\/12\/logo-bcmc.jpg","contentUrl":"https:\/\/www.imaq.fr\/blog\/wp-content\/uploads\/2014\/12\/logo-bcmc.jpg","width":759,"height":784,"caption":"Biennale Culturelle Ma\u00e7onnique de Bordeaux"},"image":{"@id":"https:\/\/www.imaq.fr\/blog\/#\/schema\/logo\/image\/"},"sameAs":["https:\/\/www.facebook.com\/biennaleculturellemaconnique.bordeaux"]},{"@type":"Person","@id":"https:\/\/www.imaq.fr\/blog\/#\/schema\/person\/e254e7f2e74142fb1f15b5ad9e5499a8","name":"admin","image":{"@type":"ImageObject","inLanguage":"fr-FR","@id":"https:\/\/secure.gravatar.com\/avatar\/dc680bd7169ea778990c4699837876a1853fec844e748f0cedc540ee36ae168a?s=96&d=identicon&r=g","url":"https:\/\/secure.gravatar.com\/avatar\/dc680bd7169ea778990c4699837876a1853fec844e748f0cedc540ee36ae168a?s=96&d=identicon&r=g","contentUrl":"https:\/\/secure.gravatar.com\/avatar\/dc680bd7169ea778990c4699837876a1853fec844e748f0cedc540ee36ae168a?s=96&d=identicon&r=g","caption":"admin"},"url":"https:\/\/www.imaq.fr\/blog\/author\/admin\/"}]}},"_links":{"self":[{"href":"https:\/\/www.imaq.fr\/blog\/wp-json\/wp\/v2\/posts\/177","targetHints":{"allow":["GET"]}}],"collection":[{"href":"https:\/\/www.imaq.fr\/blog\/wp-json\/wp\/v2\/posts"}],"about":[{"href":"https:\/\/www.imaq.fr\/blog\/wp-json\/wp\/v2\/types\/post"}],"author":[{"embeddable":true,"href":"https:\/\/www.imaq.fr\/blog\/wp-json\/wp\/v2\/users\/1"}],"replies":[{"embeddable":true,"href":"https:\/\/www.imaq.fr\/blog\/wp-json\/wp\/v2\/comments?post=177"}],"version-history":[{"count":0,"href":"https:\/\/www.imaq.fr\/blog\/wp-json\/wp\/v2\/posts\/177\/revisions"}],"wp:attachment":[{"href":"https:\/\/www.imaq.fr\/blog\/wp-json\/wp\/v2\/media?parent=177"}],"wp:term":[{"taxonomy":"category","embeddable":true,"href":"https:\/\/www.imaq.fr\/blog\/wp-json\/wp\/v2\/categories?post=177"},{"taxonomy":"post_tag","embeddable":true,"href":"https:\/\/www.imaq.fr\/blog\/wp-json\/wp\/v2\/tags?post=177"}],"curies":[{"name":"wp","href":"https:\/\/api.w.org\/{rel}","templated":true}]}}