{"id":1805,"date":"2023-09-11T13:49:50","date_gmt":"2023-09-11T13:49:50","guid":{"rendered":"https:\/\/www.imaq.fr\/blog\/?p=1805"},"modified":"2023-10-26T10:41:42","modified_gmt":"2023-10-26T10:41:42","slug":"jean-dumonteil","status":"publish","type":"post","link":"https:\/\/www.imaq.fr\/blog\/2023\/09\/jean-dumonteil\/","title":{"rendered":"Jean DUMONTEIL"},"content":{"rendered":"\n<p>Jean DUMONTEIL est secr\u00e9taire g\u00e9n\u00e9ral du Global Local Forum, r\u00e9seau international d\u2019expertise et d\u2019action sur le d\u00e9veloppement territorial et le renforcement de l\u2019action publique locale.<br>Ex-directeur de La Gazette des communes, il anime de nombreux d\u00e9bats sur les politiques publiques territoriales et le d\u00e9veloppement social.<\/p>\n\n\n\n<p>\u00c9diteur et essayiste, Jean DUMONTEIL promeut \u00e0 travers ses \u00e9crits une pratique spirituelle fond\u00e9e sur la fraternit\u00e9 active et la longue Tradition initiatique occidentale. V\u00e9n\u00e9rable Ma\u00eetre de la Loge nationale de recherche de la Grande Loge de L\u2019Alliance Ma\u00e7onnique Fran\u00e7aise, il dirige la r\u00e9daction des Cahiers de l\u2019Alliance, revue de recherche et d\u2019\u00e9tudes ma\u00e7onniques.<\/p>\n\n\n\n<p>Connu pour ses ouvrages sp\u00e9cialis\u00e9s : <em>Conseils r\u00e9gionaux, la politique autrement<\/em> (2010 aux Editions du Secteur Public), <em>Global local forum Energie &amp; territoires<\/em> (2015 aux Editions du Secteur Public) et <em>La France des possibles<\/em> (2020 chez Fayard), Jean DUMONTEIL publie aussi des livres symboliques chez Num\u00e9rilivre et aux \u00c9ditions de l\u2019Aube. <\/p>\n\n\n\n<p>Il sera pr\u00e9sent pour signer ses dernier : <em>Que la force le soutienne et l&rsquo;ach\u00e8ve<\/em>, <em>Sentiment oc\u00e9anique<\/em> et <em>\u00c9loge du local.<\/em><\/p>\n\n\n\n<div class=\"wp-block-columns is-layout-flex wp-container-core-columns-is-layout-28f84493 wp-block-columns-is-layout-flex\">\n<div class=\"wp-block-column is-layout-flow wp-block-column-is-layout-flow\" style=\"flex-basis:33.33%\">\n<figure class=\"wp-block-image size-full is-resized\"><a href=\"https:\/\/www.imaq.fr\/blog\/wp-content\/uploads\/2023\/09\/Dumonteil-que-la-force-le-soutienne-et-l-acheve.jpg\"><img loading=\"lazy\" decoding=\"async\" width=\"750\" height=\"960\" src=\"https:\/\/www.imaq.fr\/blog\/wp-content\/uploads\/2023\/09\/Dumonteil-que-la-force-le-soutienne-et-l-acheve.jpg\" alt=\"Que la force le soutienne et l'ach\u00e8ve\" class=\"wp-image-1813 colorbox-1805\" style=\"width:undefinedpx;height:150px\" srcset=\"https:\/\/www.imaq.fr\/blog\/wp-content\/uploads\/2023\/09\/Dumonteil-que-la-force-le-soutienne-et-l-acheve.jpg 750w, https:\/\/www.imaq.fr\/blog\/wp-content\/uploads\/2023\/09\/Dumonteil-que-la-force-le-soutienne-et-l-acheve-234x300.jpg 234w\" sizes=\"auto, (max-width: 750px) 100vw, 750px\" \/><\/a><\/figure>\n<\/div>\n\n\n\n<div class=\"wp-block-column is-layout-flow wp-block-column-is-layout-flow\" style=\"flex-basis:66.66%\">\n<p>La force n\u2019est pas ce que vous croyez. La force dont parle la phrase rituelle \u00ab Que la force le soutienne ! \u00bb ou \u00ab Que la force l\u2019ach\u00e8ve ! \u00bb est la force morale, une des quatre vertus cardinales, avec la justice, la temp\u00e9rance et la prudence, fondements de la morale occidentale.<\/p>\n<\/div>\n<\/div>\n\n\n\n<p>Tant de mots us\u00e9s. Si nous leur donnons encore le change dans une vague r\u00e9miniscence des principes, renouons avec le message permanent et si actuel de ce mot : force d\u2019\u00e2me en travail, courage comme puissance du c\u0153ur, force de vaincre les passions tristes, \u00e0 vivre comme un adoubement qui trouve son accomplissement dans l\u2019amour.<\/p>\n\n\n\n<div class=\"wp-block-columns is-layout-flex wp-container-core-columns-is-layout-28f84493 wp-block-columns-is-layout-flex\">\n<div class=\"wp-block-column is-layout-flow wp-block-column-is-layout-flow\" style=\"flex-basis:100%\">\n<div class=\"wp-block-columns is-layout-flex wp-container-core-columns-is-layout-28f84493 wp-block-columns-is-layout-flex\">\n<div class=\"wp-block-column is-layout-flow wp-block-column-is-layout-flow\" style=\"flex-basis:33.33%\">\n<figure class=\"wp-block-image size-full is-resized\"><a href=\"https:\/\/www.imaq.fr\/blog\/wp-content\/uploads\/2023\/09\/Dumonteil-sentiment-oceanique.jpg\"><img loading=\"lazy\" decoding=\"async\" width=\"750\" height=\"960\" src=\"https:\/\/www.imaq.fr\/blog\/wp-content\/uploads\/2023\/09\/Dumonteil-sentiment-oceanique.jpg\" alt=\"Sentiment oc\u00e9anique\" class=\"wp-image-1814 colorbox-1805\" style=\"width:undefinedpx;height:150px\" srcset=\"https:\/\/www.imaq.fr\/blog\/wp-content\/uploads\/2023\/09\/Dumonteil-sentiment-oceanique.jpg 750w, https:\/\/www.imaq.fr\/blog\/wp-content\/uploads\/2023\/09\/Dumonteil-sentiment-oceanique-234x300.jpg 234w\" sizes=\"auto, (max-width: 750px) 100vw, 750px\" \/><\/a><\/figure>\n<\/div>\n\n\n\n<div class=\"wp-block-column is-layout-flow wp-block-column-is-layout-flow\" style=\"flex-basis:66.66%\">\n<p>Le sentiment oc\u00e9anique, c\u2019est la perception intime de la pl\u00e9nitude, de l\u2019infini auquel nous sommes li\u00e9s, tel que Romain Rolland l\u2019a d\u00e9fini : \u00absensation de l\u2019\u00e9ternel, simplement sans bornes perceptibles et comme oc\u00e9anique.\u00bb<br>Nous sommes tous des illettr\u00e9s spirituels, appel\u00e9s \u00e0 vivre une d\u00e9marche po\u00e9tique et cr\u00e9atrice que nous ouvre fraternellement \u00e0 l\u2019infini oc\u00e9anique, dans une red\u00e9couverte du silence et de la parole, de la Tradition comme source et fleuve de Vie.<\/p>\n<\/div>\n<\/div>\n\n\n\n<div class=\"wp-block-columns is-layout-flex wp-container-core-columns-is-layout-28f84493 wp-block-columns-is-layout-flex\">\n<div class=\"wp-block-column is-layout-flow wp-block-column-is-layout-flow\" style=\"flex-basis:33.33%\">\n<figure class=\"wp-block-image size-full is-resized\"><a href=\"https:\/\/www.imaq.fr\/blog\/wp-content\/uploads\/2023\/09\/eloge-du-local.jpg\"><img loading=\"lazy\" decoding=\"async\" width=\"400\" height=\"747\" src=\"https:\/\/www.imaq.fr\/blog\/wp-content\/uploads\/2023\/09\/eloge-du-local.jpg\" alt=\"Eloge du local\" class=\"wp-image-1854 colorbox-1805\" style=\"width:undefinedpx;height:150px\" srcset=\"https:\/\/www.imaq.fr\/blog\/wp-content\/uploads\/2023\/09\/eloge-du-local.jpg 400w, https:\/\/www.imaq.fr\/blog\/wp-content\/uploads\/2023\/09\/eloge-du-local-161x300.jpg 161w\" sizes=\"auto, (max-width: 400px) 100vw, 400px\" \/><\/a><figcaption class=\"wp-element-caption\">\u00c0 para\u00eetre aux \u00c9ditions de l\u2019Aube le 6 octobre 2023<\/figcaption><\/figure>\n<\/div>\n\n\n\n<div class=\"wp-block-column is-layout-flow wp-block-column-is-layout-flow\" style=\"flex-basis:66.66%\">\n<p>\u00ab Si la libert\u00e9 et l\u2019\u00e9galit\u00e9 sont l\u2019affaire de l\u2019\u00c9tat, la fraternit\u00e9 est celle du local \u00bb<br>Autonomie \u00e9nerg\u00e9tique, alimentation, lien social et \u00e2ges de la vie, le local permet de mener des projets et d&rsquo;en mesurer les r\u00e9sultats, loin des politiques nationales devenues virtuelles. <em>\u00c9loge du local<\/em> r\u00e9affirme son importance, montrant que ce projet de civilisation permet de r\u00e9concilier les citoyens en associant proximit\u00e9 et ouverture afin de faire soci\u00e9t\u00e9 et d&#8217;embrasser les mutations en cours.<\/p>\n<\/div>\n<\/div>\n<\/div>\n<\/div>\n","protected":false},"excerpt":{"rendered":"<p>Jean DUMONTEIL est secr\u00e9taire g\u00e9n\u00e9ral du Global Local Forum, r\u00e9seau international d\u2019expertise et d\u2019action sur le d\u00e9veloppement territorial et le renforcement de l\u2019action publique locale.Ex-directeur de La Gazette des communes, il anime de nombreux d\u00e9bats sur les politiques publiques territoriales et le d\u00e9veloppement social. \u00c9diteur et essayiste, Jean DUMONTEIL promeut \u00e0 travers ses \u00e9crits une [&hellip;]<\/p>\n","protected":false},"author":2,"featured_media":0,"comment_status":"closed","ping_status":"open","sticky":false,"template":"","format":"standard","meta":{"_editorskit_title_hidden":false,"_editorskit_reading_time":0,"_editorskit_is_block_options_detached":false,"_editorskit_block_options_position":"{}","footnotes":""},"categories":[2,35],"tags":[68,69],"class_list":["post-1805","post","type-post","status-publish","format-standard","hentry","category-auteur","category-biennale-2023","tag-bcmb2023","tag-dumonteil"],"yoast_head":"<!-- This site is optimized with the Yoast SEO plugin v27.5 - https:\/\/yoast.com\/product\/yoast-seo-wordpress\/ -->\n<title>Jean DUMONTEIL - Biennale Culturelle Ma\u00e7onnique de Bordeaux<\/title>\n<meta name=\"robots\" content=\"index, follow, max-snippet:-1, max-image-preview:large, max-video-preview:-1\" \/>\n<link rel=\"canonical\" href=\"https:\/\/www.imaq.fr\/blog\/2023\/09\/jean-dumonteil\/\" \/>\n<meta property=\"og:locale\" content=\"fr_FR\" \/>\n<meta property=\"og:type\" content=\"article\" \/>\n<meta property=\"og:title\" content=\"Jean DUMONTEIL - Biennale Culturelle Ma\u00e7onnique de Bordeaux\" \/>\n<meta property=\"og:description\" content=\"Jean DUMONTEIL est secr\u00e9taire g\u00e9n\u00e9ral du Global Local Forum, r\u00e9seau international d\u2019expertise et d\u2019action sur le d\u00e9veloppement territorial et le renforcement de l\u2019action publique locale.Ex-directeur de La Gazette des communes, il anime de nombreux d\u00e9bats sur les politiques publiques territoriales et le d\u00e9veloppement social. \u00c9diteur et essayiste, Jean DUMONTEIL promeut \u00e0 travers ses \u00e9crits une [&hellip;]\" \/>\n<meta property=\"og:url\" content=\"https:\/\/www.imaq.fr\/blog\/2023\/09\/jean-dumonteil\/\" \/>\n<meta property=\"og:site_name\" content=\"Biennale Culturelle Ma\u00e7onnique de Bordeaux\" \/>\n<meta property=\"article:publisher\" content=\"https:\/\/www.facebook.com\/biennaleculturellemaconnique.bordeaux\" \/>\n<meta property=\"article:published_time\" content=\"2023-09-11T13:49:50+00:00\" \/>\n<meta property=\"article:modified_time\" content=\"2023-10-26T10:41:42+00:00\" \/>\n<meta property=\"og:image\" content=\"https:\/\/www.imaq.fr\/blog\/wp-content\/uploads\/2023\/09\/Dumonteil-que-la-force-le-soutienne-et-l-acheve.jpg\" \/>\n\t<meta property=\"og:image:width\" content=\"750\" \/>\n\t<meta property=\"og:image:height\" content=\"960\" \/>\n\t<meta property=\"og:image:type\" content=\"image\/jpeg\" \/>\n<meta name=\"author\" content=\"BCMB\" \/>\n<meta name=\"twitter:card\" content=\"summary_large_image\" \/>\n<meta name=\"twitter:label1\" content=\"\u00c9crit par\" \/>\n\t<meta name=\"twitter:data1\" content=\"BCMB\" \/>\n\t<meta name=\"twitter:label2\" content=\"Dur\u00e9e de lecture estim\u00e9e\" \/>\n\t<meta name=\"twitter:data2\" content=\"2 minutes\" \/>\n<script type=\"application\/ld+json\" class=\"yoast-schema-graph\">{\"@context\":\"https:\\\/\\\/schema.org\",\"@graph\":[{\"@type\":\"Article\",\"@id\":\"https:\\\/\\\/www.imaq.fr\\\/blog\\\/2023\\\/09\\\/jean-dumonteil\\\/#article\",\"isPartOf\":{\"@id\":\"https:\\\/\\\/www.imaq.fr\\\/blog\\\/2023\\\/09\\\/jean-dumonteil\\\/\"},\"author\":{\"name\":\"BCMB\",\"@id\":\"https:\\\/\\\/www.imaq.fr\\\/blog\\\/#\\\/schema\\\/person\\\/3df683af05c9d4e9401e01364d03a5fd\"},\"headline\":\"Jean DUMONTEIL\",\"datePublished\":\"2023-09-11T13:49:50+00:00\",\"dateModified\":\"2023-10-26T10:41:42+00:00\",\"mainEntityOfPage\":{\"@id\":\"https:\\\/\\\/www.imaq.fr\\\/blog\\\/2023\\\/09\\\/jean-dumonteil\\\/\"},\"wordCount\":486,\"publisher\":{\"@id\":\"https:\\\/\\\/www.imaq.fr\\\/blog\\\/#organization\"},\"image\":{\"@id\":\"https:\\\/\\\/www.imaq.fr\\\/blog\\\/2023\\\/09\\\/jean-dumonteil\\\/#primaryimage\"},\"thumbnailUrl\":\"https:\\\/\\\/www.imaq.fr\\\/blog\\\/wp-content\\\/uploads\\\/2023\\\/09\\\/Dumonteil-que-la-force-le-soutienne-et-l-acheve.jpg\",\"keywords\":[\"bcmb2023\",\"dumonteil\"],\"articleSection\":[\"Auteurs\",\"Biennale 2023\"],\"inLanguage\":\"fr-FR\"},{\"@type\":\"WebPage\",\"@id\":\"https:\\\/\\\/www.imaq.fr\\\/blog\\\/2023\\\/09\\\/jean-dumonteil\\\/\",\"url\":\"https:\\\/\\\/www.imaq.fr\\\/blog\\\/2023\\\/09\\\/jean-dumonteil\\\/\",\"name\":\"Jean DUMONTEIL - Biennale Culturelle Ma\u00e7onnique de Bordeaux\",\"isPartOf\":{\"@id\":\"https:\\\/\\\/www.imaq.fr\\\/blog\\\/#website\"},\"primaryImageOfPage\":{\"@id\":\"https:\\\/\\\/www.imaq.fr\\\/blog\\\/2023\\\/09\\\/jean-dumonteil\\\/#primaryimage\"},\"image\":{\"@id\":\"https:\\\/\\\/www.imaq.fr\\\/blog\\\/2023\\\/09\\\/jean-dumonteil\\\/#primaryimage\"},\"thumbnailUrl\":\"https:\\\/\\\/www.imaq.fr\\\/blog\\\/wp-content\\\/uploads\\\/2023\\\/09\\\/Dumonteil-que-la-force-le-soutienne-et-l-acheve.jpg\",\"datePublished\":\"2023-09-11T13:49:50+00:00\",\"dateModified\":\"2023-10-26T10:41:42+00:00\",\"breadcrumb\":{\"@id\":\"https:\\\/\\\/www.imaq.fr\\\/blog\\\/2023\\\/09\\\/jean-dumonteil\\\/#breadcrumb\"},\"inLanguage\":\"fr-FR\",\"potentialAction\":[{\"@type\":\"ReadAction\",\"target\":[\"https:\\\/\\\/www.imaq.fr\\\/blog\\\/2023\\\/09\\\/jean-dumonteil\\\/\"]}]},{\"@type\":\"ImageObject\",\"inLanguage\":\"fr-FR\",\"@id\":\"https:\\\/\\\/www.imaq.fr\\\/blog\\\/2023\\\/09\\\/jean-dumonteil\\\/#primaryimage\",\"url\":\"https:\\\/\\\/www.imaq.fr\\\/blog\\\/wp-content\\\/uploads\\\/2023\\\/09\\\/Dumonteil-que-la-force-le-soutienne-et-l-acheve.jpg\",\"contentUrl\":\"https:\\\/\\\/www.imaq.fr\\\/blog\\\/wp-content\\\/uploads\\\/2023\\\/09\\\/Dumonteil-que-la-force-le-soutienne-et-l-acheve.jpg\"},{\"@type\":\"BreadcrumbList\",\"@id\":\"https:\\\/\\\/www.imaq.fr\\\/blog\\\/2023\\\/09\\\/jean-dumonteil\\\/#breadcrumb\",\"itemListElement\":[{\"@type\":\"ListItem\",\"position\":1,\"name\":\"Accueil\",\"item\":\"https:\\\/\\\/www.imaq.fr\\\/blog\\\/\"},{\"@type\":\"ListItem\",\"position\":2,\"name\":\"Jean DUMONTEIL\"}]},{\"@type\":\"WebSite\",\"@id\":\"https:\\\/\\\/www.imaq.fr\\\/blog\\\/#website\",\"url\":\"https:\\\/\\\/www.imaq.fr\\\/blog\\\/\",\"name\":\"Biennale Culturelle Ma\u00e7onnique de Bordeaux\",\"description\":\"IMAQ\",\"publisher\":{\"@id\":\"https:\\\/\\\/www.imaq.fr\\\/blog\\\/#organization\"},\"potentialAction\":[{\"@type\":\"SearchAction\",\"target\":{\"@type\":\"EntryPoint\",\"urlTemplate\":\"https:\\\/\\\/www.imaq.fr\\\/blog\\\/?s={search_term_string}\"},\"query-input\":{\"@type\":\"PropertyValueSpecification\",\"valueRequired\":true,\"valueName\":\"search_term_string\"}}],\"inLanguage\":\"fr-FR\"},{\"@type\":\"Organization\",\"@id\":\"https:\\\/\\\/www.imaq.fr\\\/blog\\\/#organization\",\"name\":\"Biennale Culturelle Ma\u00e7onnique de Bordeaux\",\"url\":\"https:\\\/\\\/www.imaq.fr\\\/blog\\\/\",\"logo\":{\"@type\":\"ImageObject\",\"inLanguage\":\"fr-FR\",\"@id\":\"https:\\\/\\\/www.imaq.fr\\\/blog\\\/#\\\/schema\\\/logo\\\/image\\\/\",\"url\":\"https:\\\/\\\/www.imaq.fr\\\/blog\\\/wp-content\\\/uploads\\\/2014\\\/12\\\/logo-bcmc.jpg\",\"contentUrl\":\"https:\\\/\\\/www.imaq.fr\\\/blog\\\/wp-content\\\/uploads\\\/2014\\\/12\\\/logo-bcmc.jpg\",\"width\":759,\"height\":784,\"caption\":\"Biennale Culturelle Ma\u00e7onnique de Bordeaux\"},\"image\":{\"@id\":\"https:\\\/\\\/www.imaq.fr\\\/blog\\\/#\\\/schema\\\/logo\\\/image\\\/\"},\"sameAs\":[\"https:\\\/\\\/www.facebook.com\\\/biennaleculturellemaconnique.bordeaux\"]},{\"@type\":\"Person\",\"@id\":\"https:\\\/\\\/www.imaq.fr\\\/blog\\\/#\\\/schema\\\/person\\\/3df683af05c9d4e9401e01364d03a5fd\",\"name\":\"BCMB\",\"image\":{\"@type\":\"ImageObject\",\"inLanguage\":\"fr-FR\",\"@id\":\"https:\\\/\\\/secure.gravatar.com\\\/avatar\\\/d6fbbbb38de40bcc3a41d4467d090d3b92513d4eb33fc933729359bbce505880?s=96&d=identicon&r=g\",\"url\":\"https:\\\/\\\/secure.gravatar.com\\\/avatar\\\/d6fbbbb38de40bcc3a41d4467d090d3b92513d4eb33fc933729359bbce505880?s=96&d=identicon&r=g\",\"contentUrl\":\"https:\\\/\\\/secure.gravatar.com\\\/avatar\\\/d6fbbbb38de40bcc3a41d4467d090d3b92513d4eb33fc933729359bbce505880?s=96&d=identicon&r=g\",\"caption\":\"BCMB\"},\"sameAs\":[\"https:\\\/\\\/www.imaq.fr\"],\"url\":\"https:\\\/\\\/www.imaq.fr\\\/blog\\\/author\\\/pomirol\\\/\"}]}<\/script>\n<!-- \/ Yoast SEO plugin. -->","yoast_head_json":{"title":"Jean DUMONTEIL - Biennale Culturelle Ma\u00e7onnique de Bordeaux","robots":{"index":"index","follow":"follow","max-snippet":"max-snippet:-1","max-image-preview":"max-image-preview:large","max-video-preview":"max-video-preview:-1"},"canonical":"https:\/\/www.imaq.fr\/blog\/2023\/09\/jean-dumonteil\/","og_locale":"fr_FR","og_type":"article","og_title":"Jean DUMONTEIL - Biennale Culturelle Ma\u00e7onnique de Bordeaux","og_description":"Jean DUMONTEIL est secr\u00e9taire g\u00e9n\u00e9ral du Global Local Forum, r\u00e9seau international d\u2019expertise et d\u2019action sur le d\u00e9veloppement territorial et le renforcement de l\u2019action publique locale.Ex-directeur de La Gazette des communes, il anime de nombreux d\u00e9bats sur les politiques publiques territoriales et le d\u00e9veloppement social. \u00c9diteur et essayiste, Jean DUMONTEIL promeut \u00e0 travers ses \u00e9crits une [&hellip;]","og_url":"https:\/\/www.imaq.fr\/blog\/2023\/09\/jean-dumonteil\/","og_site_name":"Biennale Culturelle Ma\u00e7onnique de Bordeaux","article_publisher":"https:\/\/www.facebook.com\/biennaleculturellemaconnique.bordeaux","article_published_time":"2023-09-11T13:49:50+00:00","article_modified_time":"2023-10-26T10:41:42+00:00","og_image":[{"width":750,"height":960,"url":"https:\/\/www.imaq.fr\/blog\/wp-content\/uploads\/2023\/09\/Dumonteil-que-la-force-le-soutienne-et-l-acheve.jpg","type":"image\/jpeg"}],"author":"BCMB","twitter_card":"summary_large_image","twitter_misc":{"\u00c9crit par":"BCMB","Dur\u00e9e de lecture estim\u00e9e":"2 minutes"},"schema":{"@context":"https:\/\/schema.org","@graph":[{"@type":"Article","@id":"https:\/\/www.imaq.fr\/blog\/2023\/09\/jean-dumonteil\/#article","isPartOf":{"@id":"https:\/\/www.imaq.fr\/blog\/2023\/09\/jean-dumonteil\/"},"author":{"name":"BCMB","@id":"https:\/\/www.imaq.fr\/blog\/#\/schema\/person\/3df683af05c9d4e9401e01364d03a5fd"},"headline":"Jean DUMONTEIL","datePublished":"2023-09-11T13:49:50+00:00","dateModified":"2023-10-26T10:41:42+00:00","mainEntityOfPage":{"@id":"https:\/\/www.imaq.fr\/blog\/2023\/09\/jean-dumonteil\/"},"wordCount":486,"publisher":{"@id":"https:\/\/www.imaq.fr\/blog\/#organization"},"image":{"@id":"https:\/\/www.imaq.fr\/blog\/2023\/09\/jean-dumonteil\/#primaryimage"},"thumbnailUrl":"https:\/\/www.imaq.fr\/blog\/wp-content\/uploads\/2023\/09\/Dumonteil-que-la-force-le-soutienne-et-l-acheve.jpg","keywords":["bcmb2023","dumonteil"],"articleSection":["Auteurs","Biennale 2023"],"inLanguage":"fr-FR"},{"@type":"WebPage","@id":"https:\/\/www.imaq.fr\/blog\/2023\/09\/jean-dumonteil\/","url":"https:\/\/www.imaq.fr\/blog\/2023\/09\/jean-dumonteil\/","name":"Jean DUMONTEIL - Biennale Culturelle Ma\u00e7onnique de Bordeaux","isPartOf":{"@id":"https:\/\/www.imaq.fr\/blog\/#website"},"primaryImageOfPage":{"@id":"https:\/\/www.imaq.fr\/blog\/2023\/09\/jean-dumonteil\/#primaryimage"},"image":{"@id":"https:\/\/www.imaq.fr\/blog\/2023\/09\/jean-dumonteil\/#primaryimage"},"thumbnailUrl":"https:\/\/www.imaq.fr\/blog\/wp-content\/uploads\/2023\/09\/Dumonteil-que-la-force-le-soutienne-et-l-acheve.jpg","datePublished":"2023-09-11T13:49:50+00:00","dateModified":"2023-10-26T10:41:42+00:00","breadcrumb":{"@id":"https:\/\/www.imaq.fr\/blog\/2023\/09\/jean-dumonteil\/#breadcrumb"},"inLanguage":"fr-FR","potentialAction":[{"@type":"ReadAction","target":["https:\/\/www.imaq.fr\/blog\/2023\/09\/jean-dumonteil\/"]}]},{"@type":"ImageObject","inLanguage":"fr-FR","@id":"https:\/\/www.imaq.fr\/blog\/2023\/09\/jean-dumonteil\/#primaryimage","url":"https:\/\/www.imaq.fr\/blog\/wp-content\/uploads\/2023\/09\/Dumonteil-que-la-force-le-soutienne-et-l-acheve.jpg","contentUrl":"https:\/\/www.imaq.fr\/blog\/wp-content\/uploads\/2023\/09\/Dumonteil-que-la-force-le-soutienne-et-l-acheve.jpg"},{"@type":"BreadcrumbList","@id":"https:\/\/www.imaq.fr\/blog\/2023\/09\/jean-dumonteil\/#breadcrumb","itemListElement":[{"@type":"ListItem","position":1,"name":"Accueil","item":"https:\/\/www.imaq.fr\/blog\/"},{"@type":"ListItem","position":2,"name":"Jean DUMONTEIL"}]},{"@type":"WebSite","@id":"https:\/\/www.imaq.fr\/blog\/#website","url":"https:\/\/www.imaq.fr\/blog\/","name":"Biennale Culturelle Ma\u00e7onnique de Bordeaux","description":"IMAQ","publisher":{"@id":"https:\/\/www.imaq.fr\/blog\/#organization"},"potentialAction":[{"@type":"SearchAction","target":{"@type":"EntryPoint","urlTemplate":"https:\/\/www.imaq.fr\/blog\/?s={search_term_string}"},"query-input":{"@type":"PropertyValueSpecification","valueRequired":true,"valueName":"search_term_string"}}],"inLanguage":"fr-FR"},{"@type":"Organization","@id":"https:\/\/www.imaq.fr\/blog\/#organization","name":"Biennale Culturelle Ma\u00e7onnique de Bordeaux","url":"https:\/\/www.imaq.fr\/blog\/","logo":{"@type":"ImageObject","inLanguage":"fr-FR","@id":"https:\/\/www.imaq.fr\/blog\/#\/schema\/logo\/image\/","url":"https:\/\/www.imaq.fr\/blog\/wp-content\/uploads\/2014\/12\/logo-bcmc.jpg","contentUrl":"https:\/\/www.imaq.fr\/blog\/wp-content\/uploads\/2014\/12\/logo-bcmc.jpg","width":759,"height":784,"caption":"Biennale Culturelle Ma\u00e7onnique de Bordeaux"},"image":{"@id":"https:\/\/www.imaq.fr\/blog\/#\/schema\/logo\/image\/"},"sameAs":["https:\/\/www.facebook.com\/biennaleculturellemaconnique.bordeaux"]},{"@type":"Person","@id":"https:\/\/www.imaq.fr\/blog\/#\/schema\/person\/3df683af05c9d4e9401e01364d03a5fd","name":"BCMB","image":{"@type":"ImageObject","inLanguage":"fr-FR","@id":"https:\/\/secure.gravatar.com\/avatar\/d6fbbbb38de40bcc3a41d4467d090d3b92513d4eb33fc933729359bbce505880?s=96&d=identicon&r=g","url":"https:\/\/secure.gravatar.com\/avatar\/d6fbbbb38de40bcc3a41d4467d090d3b92513d4eb33fc933729359bbce505880?s=96&d=identicon&r=g","contentUrl":"https:\/\/secure.gravatar.com\/avatar\/d6fbbbb38de40bcc3a41d4467d090d3b92513d4eb33fc933729359bbce505880?s=96&d=identicon&r=g","caption":"BCMB"},"sameAs":["https:\/\/www.imaq.fr"],"url":"https:\/\/www.imaq.fr\/blog\/author\/pomirol\/"}]}},"_links":{"self":[{"href":"https:\/\/www.imaq.fr\/blog\/wp-json\/wp\/v2\/posts\/1805","targetHints":{"allow":["GET"]}}],"collection":[{"href":"https:\/\/www.imaq.fr\/blog\/wp-json\/wp\/v2\/posts"}],"about":[{"href":"https:\/\/www.imaq.fr\/blog\/wp-json\/wp\/v2\/types\/post"}],"author":[{"embeddable":true,"href":"https:\/\/www.imaq.fr\/blog\/wp-json\/wp\/v2\/users\/2"}],"replies":[{"embeddable":true,"href":"https:\/\/www.imaq.fr\/blog\/wp-json\/wp\/v2\/comments?post=1805"}],"version-history":[{"count":0,"href":"https:\/\/www.imaq.fr\/blog\/wp-json\/wp\/v2\/posts\/1805\/revisions"}],"wp:attachment":[{"href":"https:\/\/www.imaq.fr\/blog\/wp-json\/wp\/v2\/media?parent=1805"}],"wp:term":[{"taxonomy":"category","embeddable":true,"href":"https:\/\/www.imaq.fr\/blog\/wp-json\/wp\/v2\/categories?post=1805"},{"taxonomy":"post_tag","embeddable":true,"href":"https:\/\/www.imaq.fr\/blog\/wp-json\/wp\/v2\/tags?post=1805"}],"curies":[{"name":"wp","href":"https:\/\/api.w.org\/{rel}","templated":true}]}}