{"id":1836,"date":"2023-09-17T08:40:47","date_gmt":"2023-09-17T08:40:47","guid":{"rendered":"https:\/\/www.imaq.fr\/blog\/?p=1836"},"modified":"2023-10-26T10:46:26","modified_gmt":"2023-10-26T10:46:26","slug":"patricia-laquel","status":"publish","type":"post","link":"https:\/\/www.imaq.fr\/blog\/2023\/09\/patricia-laquel\/","title":{"rendered":"Patricia LAQUEL"},"content":{"rendered":"\n<p>Pass\u00e9 V\u00e9n\u00e9rable Ma\u00eetre de la Respectable Loge Construire n\u00b0 136 GLMF Orient de Cenon (REAA)<\/p>\n\n\n\n<p>Chercheur CRHC CNRS Laboratoire de Biog\u00e9n\u00e8se Membranaire UMR 5200 Universit\u00e9 de Bordeaux<\/p>\n\n\n\n<p>Th\u00e8se d&rsquo;Universit\u00e9 Strasbourg 1986 (docteur \u00e8s sciences &#8211; PhD)<\/p>\n\n\n\n<p>Habilitation \u00e0 diriger les recherches Universit\u00e9 de Bordeaux 2000 (HDR)<\/p>\n\n\n\n<p>Ses recherches portant sur la polarisation et le trafic intracellulaire avec deux mod\u00e8les de laboratoire que sont la levure Saccharomyces cerevisiae et la plante Arabidopsis thaliana contribuent \u00e0 mieux appr\u00e9hender les m\u00e9canismes mol\u00e9culaires impliqu\u00e9s dans la formation et r\u00e9gulation des membranes cellulaires, leur r\u00f4le dans la signalisation, l&rsquo;adh\u00e9sion et la division cellulaire, dont les d\u00e9r\u00e8glements conduisent aux cancers. La polarisation joue en effet un r\u00f4le cl\u00e9 dans les divisions des cellules, \u00e0 la base de la r\u00e9g\u00e9n\u00e9ration de tout organisme vivant, et intervient dans le bon fonctionnement des cellules \u00e9pith\u00e9liales h\u00e9patiques, intestinales ou neuronales chez l&rsquo;homme. Sa compr\u00e9hension peut donc permettre de lutter contre des maladies chez l&rsquo;homme, dont celles provoqu\u00e9es par des levures pathog\u00e8nes. Dans le r\u00e8gne v\u00e9g\u00e9tal son \u00e9tude peut contribuer \u00e0 mieux ma\u00eetriser des dysfonctionnements de la croissance des plantes (dont la fertilisation) b\u00e9n\u00e9fiques pour l&rsquo;agriculture et l&rsquo;environnement.<\/p>\n","protected":false},"excerpt":{"rendered":"<p>Pass\u00e9 V\u00e9n\u00e9rable Ma\u00eetre de la Respectable Loge Construire n\u00b0 136 GLMF Orient de Cenon (REAA) Chercheur CRHC CNRS Laboratoire de Biog\u00e9n\u00e8se Membranaire UMR 5200 Universit\u00e9 de Bordeaux Th\u00e8se d&rsquo;Universit\u00e9 Strasbourg 1986 (docteur \u00e8s sciences &#8211; PhD) Habilitation \u00e0 diriger les recherches Universit\u00e9 de Bordeaux 2000 (HDR) Ses recherches portant sur la polarisation et le trafic [&hellip;]<\/p>\n","protected":false},"author":2,"featured_media":0,"comment_status":"closed","ping_status":"closed","sticky":false,"template":"","format":"standard","meta":{"_editorskit_title_hidden":false,"_editorskit_reading_time":0,"_editorskit_is_block_options_detached":false,"_editorskit_block_options_position":"{}","footnotes":""},"categories":[35,168],"tags":[68,58,52],"class_list":["post-1836","post","type-post","status-publish","format-standard","hentry","category-biennale-2023","category-table-ronde-biennale-2023","tag-bcmb2023","tag-bioethique","tag-ethique"],"yoast_head":"<!-- This site is optimized with the Yoast SEO plugin v27.5 - https:\/\/yoast.com\/product\/yoast-seo-wordpress\/ -->\n<title>Patricia LAQUEL - Biennale Culturelle Ma\u00e7onnique de Bordeaux<\/title>\n<meta name=\"robots\" content=\"index, follow, max-snippet:-1, max-image-preview:large, max-video-preview:-1\" \/>\n<link rel=\"canonical\" href=\"https:\/\/www.imaq.fr\/blog\/2023\/09\/patricia-laquel\/\" \/>\n<meta property=\"og:locale\" content=\"fr_FR\" \/>\n<meta property=\"og:type\" content=\"article\" \/>\n<meta property=\"og:title\" content=\"Patricia LAQUEL - Biennale Culturelle Ma\u00e7onnique de Bordeaux\" \/>\n<meta property=\"og:description\" content=\"Pass\u00e9 V\u00e9n\u00e9rable Ma\u00eetre de la Respectable Loge Construire n\u00b0 136 GLMF Orient de Cenon (REAA) Chercheur CRHC CNRS Laboratoire de Biog\u00e9n\u00e8se Membranaire UMR 5200 Universit\u00e9 de Bordeaux Th\u00e8se d&rsquo;Universit\u00e9 Strasbourg 1986 (docteur \u00e8s sciences &#8211; PhD) Habilitation \u00e0 diriger les recherches Universit\u00e9 de Bordeaux 2000 (HDR) Ses recherches portant sur la polarisation et le trafic [&hellip;]\" \/>\n<meta property=\"og:url\" content=\"https:\/\/www.imaq.fr\/blog\/2023\/09\/patricia-laquel\/\" \/>\n<meta property=\"og:site_name\" content=\"Biennale Culturelle Ma\u00e7onnique de Bordeaux\" \/>\n<meta property=\"article:publisher\" content=\"https:\/\/www.facebook.com\/biennaleculturellemaconnique.bordeaux\" \/>\n<meta property=\"article:published_time\" content=\"2023-09-17T08:40:47+00:00\" \/>\n<meta property=\"article:modified_time\" content=\"2023-10-26T10:46:26+00:00\" \/>\n<meta name=\"author\" content=\"BCMB\" \/>\n<meta name=\"twitter:card\" content=\"summary_large_image\" \/>\n<meta name=\"twitter:label1\" content=\"\u00c9crit par\" \/>\n\t<meta name=\"twitter:data1\" content=\"BCMB\" \/>\n\t<meta name=\"twitter:label2\" content=\"Dur\u00e9e de lecture estim\u00e9e\" \/>\n\t<meta name=\"twitter:data2\" content=\"1 minute\" \/>\n<script type=\"application\/ld+json\" class=\"yoast-schema-graph\">{\"@context\":\"https:\\\/\\\/schema.org\",\"@graph\":[{\"@type\":\"Article\",\"@id\":\"https:\\\/\\\/www.imaq.fr\\\/blog\\\/2023\\\/09\\\/patricia-laquel\\\/#article\",\"isPartOf\":{\"@id\":\"https:\\\/\\\/www.imaq.fr\\\/blog\\\/2023\\\/09\\\/patricia-laquel\\\/\"},\"author\":{\"name\":\"BCMB\",\"@id\":\"https:\\\/\\\/www.imaq.fr\\\/blog\\\/#\\\/schema\\\/person\\\/3df683af05c9d4e9401e01364d03a5fd\"},\"headline\":\"Patricia LAQUEL\",\"datePublished\":\"2023-09-17T08:40:47+00:00\",\"dateModified\":\"2023-10-26T10:46:26+00:00\",\"mainEntityOfPage\":{\"@id\":\"https:\\\/\\\/www.imaq.fr\\\/blog\\\/2023\\\/09\\\/patricia-laquel\\\/\"},\"wordCount\":218,\"publisher\":{\"@id\":\"https:\\\/\\\/www.imaq.fr\\\/blog\\\/#organization\"},\"keywords\":[\"bcmb2023\",\"bio\u00e9thique\",\"\u00e9thique\"],\"articleSection\":[\"Biennale 2023\",\"Table ronde\"],\"inLanguage\":\"fr-FR\"},{\"@type\":\"WebPage\",\"@id\":\"https:\\\/\\\/www.imaq.fr\\\/blog\\\/2023\\\/09\\\/patricia-laquel\\\/\",\"url\":\"https:\\\/\\\/www.imaq.fr\\\/blog\\\/2023\\\/09\\\/patricia-laquel\\\/\",\"name\":\"Patricia LAQUEL - Biennale Culturelle Ma\u00e7onnique de Bordeaux\",\"isPartOf\":{\"@id\":\"https:\\\/\\\/www.imaq.fr\\\/blog\\\/#website\"},\"datePublished\":\"2023-09-17T08:40:47+00:00\",\"dateModified\":\"2023-10-26T10:46:26+00:00\",\"breadcrumb\":{\"@id\":\"https:\\\/\\\/www.imaq.fr\\\/blog\\\/2023\\\/09\\\/patricia-laquel\\\/#breadcrumb\"},\"inLanguage\":\"fr-FR\",\"potentialAction\":[{\"@type\":\"ReadAction\",\"target\":[\"https:\\\/\\\/www.imaq.fr\\\/blog\\\/2023\\\/09\\\/patricia-laquel\\\/\"]}]},{\"@type\":\"BreadcrumbList\",\"@id\":\"https:\\\/\\\/www.imaq.fr\\\/blog\\\/2023\\\/09\\\/patricia-laquel\\\/#breadcrumb\",\"itemListElement\":[{\"@type\":\"ListItem\",\"position\":1,\"name\":\"Accueil\",\"item\":\"https:\\\/\\\/www.imaq.fr\\\/blog\\\/\"},{\"@type\":\"ListItem\",\"position\":2,\"name\":\"Patricia LAQUEL\"}]},{\"@type\":\"WebSite\",\"@id\":\"https:\\\/\\\/www.imaq.fr\\\/blog\\\/#website\",\"url\":\"https:\\\/\\\/www.imaq.fr\\\/blog\\\/\",\"name\":\"Biennale Culturelle Ma\u00e7onnique de Bordeaux\",\"description\":\"IMAQ\",\"publisher\":{\"@id\":\"https:\\\/\\\/www.imaq.fr\\\/blog\\\/#organization\"},\"potentialAction\":[{\"@type\":\"SearchAction\",\"target\":{\"@type\":\"EntryPoint\",\"urlTemplate\":\"https:\\\/\\\/www.imaq.fr\\\/blog\\\/?s={search_term_string}\"},\"query-input\":{\"@type\":\"PropertyValueSpecification\",\"valueRequired\":true,\"valueName\":\"search_term_string\"}}],\"inLanguage\":\"fr-FR\"},{\"@type\":\"Organization\",\"@id\":\"https:\\\/\\\/www.imaq.fr\\\/blog\\\/#organization\",\"name\":\"Biennale Culturelle Ma\u00e7onnique de Bordeaux\",\"url\":\"https:\\\/\\\/www.imaq.fr\\\/blog\\\/\",\"logo\":{\"@type\":\"ImageObject\",\"inLanguage\":\"fr-FR\",\"@id\":\"https:\\\/\\\/www.imaq.fr\\\/blog\\\/#\\\/schema\\\/logo\\\/image\\\/\",\"url\":\"https:\\\/\\\/www.imaq.fr\\\/blog\\\/wp-content\\\/uploads\\\/2014\\\/12\\\/logo-bcmc.jpg\",\"contentUrl\":\"https:\\\/\\\/www.imaq.fr\\\/blog\\\/wp-content\\\/uploads\\\/2014\\\/12\\\/logo-bcmc.jpg\",\"width\":759,\"height\":784,\"caption\":\"Biennale Culturelle Ma\u00e7onnique de Bordeaux\"},\"image\":{\"@id\":\"https:\\\/\\\/www.imaq.fr\\\/blog\\\/#\\\/schema\\\/logo\\\/image\\\/\"},\"sameAs\":[\"https:\\\/\\\/www.facebook.com\\\/biennaleculturellemaconnique.bordeaux\"]},{\"@type\":\"Person\",\"@id\":\"https:\\\/\\\/www.imaq.fr\\\/blog\\\/#\\\/schema\\\/person\\\/3df683af05c9d4e9401e01364d03a5fd\",\"name\":\"BCMB\",\"image\":{\"@type\":\"ImageObject\",\"inLanguage\":\"fr-FR\",\"@id\":\"https:\\\/\\\/secure.gravatar.com\\\/avatar\\\/d6fbbbb38de40bcc3a41d4467d090d3b92513d4eb33fc933729359bbce505880?s=96&d=identicon&r=g\",\"url\":\"https:\\\/\\\/secure.gravatar.com\\\/avatar\\\/d6fbbbb38de40bcc3a41d4467d090d3b92513d4eb33fc933729359bbce505880?s=96&d=identicon&r=g\",\"contentUrl\":\"https:\\\/\\\/secure.gravatar.com\\\/avatar\\\/d6fbbbb38de40bcc3a41d4467d090d3b92513d4eb33fc933729359bbce505880?s=96&d=identicon&r=g\",\"caption\":\"BCMB\"},\"sameAs\":[\"https:\\\/\\\/www.imaq.fr\"],\"url\":\"https:\\\/\\\/www.imaq.fr\\\/blog\\\/author\\\/pomirol\\\/\"}]}<\/script>\n<!-- \/ Yoast SEO plugin. -->","yoast_head_json":{"title":"Patricia LAQUEL - Biennale Culturelle Ma\u00e7onnique de Bordeaux","robots":{"index":"index","follow":"follow","max-snippet":"max-snippet:-1","max-image-preview":"max-image-preview:large","max-video-preview":"max-video-preview:-1"},"canonical":"https:\/\/www.imaq.fr\/blog\/2023\/09\/patricia-laquel\/","og_locale":"fr_FR","og_type":"article","og_title":"Patricia LAQUEL - Biennale Culturelle Ma\u00e7onnique de Bordeaux","og_description":"Pass\u00e9 V\u00e9n\u00e9rable Ma\u00eetre de la Respectable Loge Construire n\u00b0 136 GLMF Orient de Cenon (REAA) Chercheur CRHC CNRS Laboratoire de Biog\u00e9n\u00e8se Membranaire UMR 5200 Universit\u00e9 de Bordeaux Th\u00e8se d&rsquo;Universit\u00e9 Strasbourg 1986 (docteur \u00e8s sciences &#8211; PhD) Habilitation \u00e0 diriger les recherches Universit\u00e9 de Bordeaux 2000 (HDR) Ses recherches portant sur la polarisation et le trafic [&hellip;]","og_url":"https:\/\/www.imaq.fr\/blog\/2023\/09\/patricia-laquel\/","og_site_name":"Biennale Culturelle Ma\u00e7onnique de Bordeaux","article_publisher":"https:\/\/www.facebook.com\/biennaleculturellemaconnique.bordeaux","article_published_time":"2023-09-17T08:40:47+00:00","article_modified_time":"2023-10-26T10:46:26+00:00","author":"BCMB","twitter_card":"summary_large_image","twitter_misc":{"\u00c9crit par":"BCMB","Dur\u00e9e de lecture estim\u00e9e":"1 minute"},"schema":{"@context":"https:\/\/schema.org","@graph":[{"@type":"Article","@id":"https:\/\/www.imaq.fr\/blog\/2023\/09\/patricia-laquel\/#article","isPartOf":{"@id":"https:\/\/www.imaq.fr\/blog\/2023\/09\/patricia-laquel\/"},"author":{"name":"BCMB","@id":"https:\/\/www.imaq.fr\/blog\/#\/schema\/person\/3df683af05c9d4e9401e01364d03a5fd"},"headline":"Patricia LAQUEL","datePublished":"2023-09-17T08:40:47+00:00","dateModified":"2023-10-26T10:46:26+00:00","mainEntityOfPage":{"@id":"https:\/\/www.imaq.fr\/blog\/2023\/09\/patricia-laquel\/"},"wordCount":218,"publisher":{"@id":"https:\/\/www.imaq.fr\/blog\/#organization"},"keywords":["bcmb2023","bio\u00e9thique","\u00e9thique"],"articleSection":["Biennale 2023","Table ronde"],"inLanguage":"fr-FR"},{"@type":"WebPage","@id":"https:\/\/www.imaq.fr\/blog\/2023\/09\/patricia-laquel\/","url":"https:\/\/www.imaq.fr\/blog\/2023\/09\/patricia-laquel\/","name":"Patricia LAQUEL - Biennale Culturelle Ma\u00e7onnique de Bordeaux","isPartOf":{"@id":"https:\/\/www.imaq.fr\/blog\/#website"},"datePublished":"2023-09-17T08:40:47+00:00","dateModified":"2023-10-26T10:46:26+00:00","breadcrumb":{"@id":"https:\/\/www.imaq.fr\/blog\/2023\/09\/patricia-laquel\/#breadcrumb"},"inLanguage":"fr-FR","potentialAction":[{"@type":"ReadAction","target":["https:\/\/www.imaq.fr\/blog\/2023\/09\/patricia-laquel\/"]}]},{"@type":"BreadcrumbList","@id":"https:\/\/www.imaq.fr\/blog\/2023\/09\/patricia-laquel\/#breadcrumb","itemListElement":[{"@type":"ListItem","position":1,"name":"Accueil","item":"https:\/\/www.imaq.fr\/blog\/"},{"@type":"ListItem","position":2,"name":"Patricia LAQUEL"}]},{"@type":"WebSite","@id":"https:\/\/www.imaq.fr\/blog\/#website","url":"https:\/\/www.imaq.fr\/blog\/","name":"Biennale Culturelle Ma\u00e7onnique de Bordeaux","description":"IMAQ","publisher":{"@id":"https:\/\/www.imaq.fr\/blog\/#organization"},"potentialAction":[{"@type":"SearchAction","target":{"@type":"EntryPoint","urlTemplate":"https:\/\/www.imaq.fr\/blog\/?s={search_term_string}"},"query-input":{"@type":"PropertyValueSpecification","valueRequired":true,"valueName":"search_term_string"}}],"inLanguage":"fr-FR"},{"@type":"Organization","@id":"https:\/\/www.imaq.fr\/blog\/#organization","name":"Biennale Culturelle Ma\u00e7onnique de Bordeaux","url":"https:\/\/www.imaq.fr\/blog\/","logo":{"@type":"ImageObject","inLanguage":"fr-FR","@id":"https:\/\/www.imaq.fr\/blog\/#\/schema\/logo\/image\/","url":"https:\/\/www.imaq.fr\/blog\/wp-content\/uploads\/2014\/12\/logo-bcmc.jpg","contentUrl":"https:\/\/www.imaq.fr\/blog\/wp-content\/uploads\/2014\/12\/logo-bcmc.jpg","width":759,"height":784,"caption":"Biennale Culturelle Ma\u00e7onnique de Bordeaux"},"image":{"@id":"https:\/\/www.imaq.fr\/blog\/#\/schema\/logo\/image\/"},"sameAs":["https:\/\/www.facebook.com\/biennaleculturellemaconnique.bordeaux"]},{"@type":"Person","@id":"https:\/\/www.imaq.fr\/blog\/#\/schema\/person\/3df683af05c9d4e9401e01364d03a5fd","name":"BCMB","image":{"@type":"ImageObject","inLanguage":"fr-FR","@id":"https:\/\/secure.gravatar.com\/avatar\/d6fbbbb38de40bcc3a41d4467d090d3b92513d4eb33fc933729359bbce505880?s=96&d=identicon&r=g","url":"https:\/\/secure.gravatar.com\/avatar\/d6fbbbb38de40bcc3a41d4467d090d3b92513d4eb33fc933729359bbce505880?s=96&d=identicon&r=g","contentUrl":"https:\/\/secure.gravatar.com\/avatar\/d6fbbbb38de40bcc3a41d4467d090d3b92513d4eb33fc933729359bbce505880?s=96&d=identicon&r=g","caption":"BCMB"},"sameAs":["https:\/\/www.imaq.fr"],"url":"https:\/\/www.imaq.fr\/blog\/author\/pomirol\/"}]}},"_links":{"self":[{"href":"https:\/\/www.imaq.fr\/blog\/wp-json\/wp\/v2\/posts\/1836","targetHints":{"allow":["GET"]}}],"collection":[{"href":"https:\/\/www.imaq.fr\/blog\/wp-json\/wp\/v2\/posts"}],"about":[{"href":"https:\/\/www.imaq.fr\/blog\/wp-json\/wp\/v2\/types\/post"}],"author":[{"embeddable":true,"href":"https:\/\/www.imaq.fr\/blog\/wp-json\/wp\/v2\/users\/2"}],"replies":[{"embeddable":true,"href":"https:\/\/www.imaq.fr\/blog\/wp-json\/wp\/v2\/comments?post=1836"}],"version-history":[{"count":0,"href":"https:\/\/www.imaq.fr\/blog\/wp-json\/wp\/v2\/posts\/1836\/revisions"}],"wp:attachment":[{"href":"https:\/\/www.imaq.fr\/blog\/wp-json\/wp\/v2\/media?parent=1836"}],"wp:term":[{"taxonomy":"category","embeddable":true,"href":"https:\/\/www.imaq.fr\/blog\/wp-json\/wp\/v2\/categories?post=1836"},{"taxonomy":"post_tag","embeddable":true,"href":"https:\/\/www.imaq.fr\/blog\/wp-json\/wp\/v2\/tags?post=1836"}],"curies":[{"name":"wp","href":"https:\/\/api.w.org\/{rel}","templated":true}]}}