{"id":1910,"date":"2023-09-27T07:46:02","date_gmt":"2023-09-27T07:46:02","guid":{"rendered":"https:\/\/www.imaq.fr\/blog\/?p=1910"},"modified":"2023-09-27T07:46:02","modified_gmt":"2023-09-27T07:46:02","slug":"joel-gregogna","status":"publish","type":"post","link":"https:\/\/www.imaq.fr\/blog\/2023\/09\/joel-gregogna\/","title":{"rendered":"Jo\u00ebl GREGOGNA"},"content":{"rendered":"\n<p>Jo\u00ebl GREGOGNA est avocat honoraire et ancien premier Grand Ma\u00eetre Adjoint de la Grande Loge de France. Il \u00e9crit r\u00e9guli\u00e8rement dans diverses revues ma\u00e7onniques.<\/p>\n\n\n\n<p>Son dernier ouvrage, <em>Emmanuelle De Deo<\/em>, est une pi\u00e8ce de th\u00e9\u00e2tre en cinq actes publi\u00e9e chez Num\u00e9rilivre en 2023.<\/p>\n\n\n\n<p>Mais Jo\u00ebl GREGOGNA est surtout connu pour sa trilogie, <em>R\u00e9flexions sur les causeries initiatiques d&rsquo;Edouard E. Plantagenet<\/em>, (<em>Tome 1 l&rsquo;Apprenti ; Tome 2 le Compagnon ; Tome 3 le Ma\u00eetre<\/em>) publi\u00e9e chez Dervy, par laquelle il offre un regard symbolique, litt\u00e9raire et philosophique sur les trois degr\u00e9s des loges bleues.<\/p>\n\n\n\n<p>Biographe et sp\u00e9cialiste de Hugo Pratt et Corto Maltese, il a publi\u00e9 chez Dervy <em>Corto l&rsquo;initi\u00e9<\/em> (en 2008) et <em>La Venise d&rsquo;Hugo Pratt<\/em> (2012). Puis, en 2013, il publie <em>Vitriol Oc\u00e9an &#8211; P\u00e9riples initiatiques<\/em> (chez Vega) et <em>Bande dessin\u00e9e, imaginaire et franc-ma\u00e7onnerie<\/em> (chez Dervy). Et en 2019, il s&rsquo;essaie \u00e0 roman historique, <em>Les amants d&rsquo;Oletta &#8211; Maria Ghjentile<\/em>, (aux Editions Cl\u00e9mentine) qui le replonge dans les origines corses de sa famille.<\/p>\n\n\n\n<div class=\"wp-block-columns is-layout-flex wp-container-core-columns-is-layout-28f84493 wp-block-columns-is-layout-flex\">\n<div class=\"wp-block-column is-layout-flow wp-block-column-is-layout-flow\" style=\"flex-basis:33.33%\">\n<figure class=\"wp-block-image size-full is-resized\"><a href=\"https:\/\/www.imaq.fr\/blog\/wp-content\/uploads\/2023\/09\/gregogna-de-deo.jpg\"><img decoding=\"async\" src=\"https:\/\/www.imaq.fr\/blog\/wp-content\/uploads\/2023\/09\/gregogna-de-deo.jpg\" alt=\"Emmanuelle De Deo\" class=\"wp-image-1911 colorbox-1910\" style=\"width:120px\" width=\"120\" srcset=\"https:\/\/www.imaq.fr\/blog\/wp-content\/uploads\/2023\/09\/gregogna-de-deo.jpg 314w, https:\/\/www.imaq.fr\/blog\/wp-content\/uploads\/2023\/09\/gregogna-de-deo-195x300.jpg 195w\" sizes=\"(max-width: 314px) 100vw, 314px\" \/><\/a><\/figure>\n<\/div>\n\n\n\n<div class=\"wp-block-column is-layout-flow wp-block-column-is-layout-flow\" style=\"flex-basis:66.66%\">\n<p>Pi\u00e8ce de th\u00e9\u00e2tre en cinq acte.<\/p>\n\n\n\n<p>Etudiant, Emmanuelle De Deo est emprisonn\u00e9 pour avoir brandi un poignard contre l&rsquo;effigie du roi de Naples, \u00eatre devenu franc-ma\u00e7on puis Jacobin. Pourtant, ses procureurs et juges appartiennent \u00e0 la m\u00eame loge<\/p>\n<\/div>\n<\/div>\n\n\n\n<div class=\"wp-block-columns is-layout-flex wp-container-core-columns-is-layout-28f84493 wp-block-columns-is-layout-flex\">\n<div class=\"wp-block-column is-layout-flow wp-block-column-is-layout-flow\" style=\"flex-basis:33.33%\">\n<figure class=\"wp-block-image size-full is-resized\"><a href=\"https:\/\/www.imaq.fr\/blog\/wp-content\/uploads\/2023\/09\/gregogna-le-maitre.jpg\"><img decoding=\"async\" src=\"https:\/\/www.imaq.fr\/blog\/wp-content\/uploads\/2023\/09\/gregogna-le-maitre.jpg\" alt=\"R\u00e9flexions sur les causeries initiatiques d'Edouard E. Plantahenet, Tome 3, le Ma\u00eetre\" class=\"wp-image-1912 colorbox-1910\" style=\"width:120px\" width=\"120\" srcset=\"https:\/\/www.imaq.fr\/blog\/wp-content\/uploads\/2023\/09\/gregogna-le-maitre.jpg 400w, https:\/\/www.imaq.fr\/blog\/wp-content\/uploads\/2023\/09\/gregogna-le-maitre-201x300.jpg 201w\" sizes=\"(max-width: 400px) 100vw, 400px\" \/><\/a><\/figure>\n<\/div>\n\n\n\n<div class=\"wp-block-column is-layout-flow wp-block-column-is-layout-flow\" style=\"flex-basis:66.66%\">\n<p>Ce troisi\u00e8me tome des R\u00e9flexions sur les Causeries initiatiques d&rsquo;\u00c9douard E. Plantagenet a trait au \u00ab ma\u00eetre \u00bb, tous rites confondus.<\/p>\n\n\n\n<p>Dans cet ouvrage \u00e9rudit d&rsquo;une qualit\u00e9 exceptionnelle, Jo\u00ebl Gregogna reprend chaque grand th\u00e8me du grade, l&rsquo;explore et l&rsquo;approfondit. Dans un ordre diff\u00e9rent du Plantagenet, certes, mais en faisant dire davantage au texte original, il ouvre sur un nouvel et vaste univers d&rsquo;\u00e9rudition, symbolique et initiatique.<\/p>\n\n\n\n<p>Des origines mythiques de la franc-ma\u00e7onnerie aux aspects de la tradition, du concept de violence \u00e0 celui de labyrinthe, de l&rsquo;interrogation sur l&rsquo;amour \u00e0 celle sur la mort, ce livre au style harmonieux, clair et pr\u00e9cis, non d\u00e9pourvu d&rsquo;humour, s&rsquo;av\u00e8re \u00e0 la port\u00e9e d&rsquo;un grand public d\u00e9sireux de d\u00e9couvrir des th\u00e8mes et des conceptions jusqu&rsquo;alors r\u00e9serv\u00e9s \u00e0 une \u00e9lite de francs-ma\u00e7ons.<\/p>\n\n\n\n<p>Avec cet ouvrage ex\u00e9g\u00e9tique, le ma\u00eetre ma\u00e7on b\u00e9n\u00e9ficie d&rsquo;un outil de r\u00e9f\u00e9rence particuli\u00e8rement int\u00e9ressant dont il ne saurait se priver.<\/p>\n<\/div>\n<\/div>\n\n\n\n<div class=\"wp-block-columns is-layout-flex wp-container-core-columns-is-layout-28f84493 wp-block-columns-is-layout-flex\">\n<div class=\"wp-block-column is-layout-flow wp-block-column-is-layout-flow\" style=\"flex-basis:33.33%\">\n<figure class=\"wp-block-image size-full is-resized\"><a href=\"https:\/\/www.imaq.fr\/blog\/wp-content\/uploads\/2023\/09\/gregogna-le-compagnon.jpg\"><img decoding=\"async\" src=\"https:\/\/www.imaq.fr\/blog\/wp-content\/uploads\/2023\/09\/gregogna-le-compagnon.jpg\" alt=\"R\u00e9flexions sur les Causeries initiatiques d'Edouard E. Plantagenet, tome 2, le Compagnon\" class=\"wp-image-1913 colorbox-1910\" style=\"width:120px\" width=\"120\" srcset=\"https:\/\/www.imaq.fr\/blog\/wp-content\/uploads\/2023\/09\/gregogna-le-compagnon.jpg 400w, https:\/\/www.imaq.fr\/blog\/wp-content\/uploads\/2023\/09\/gregogna-le-compagnon-198x300.jpg 198w\" sizes=\"(max-width: 400px) 100vw, 400px\" \/><\/a><\/figure>\n<\/div>\n\n\n\n<div class=\"wp-block-column is-layout-flow wp-block-column-is-layout-flow\" style=\"flex-basis:66.66%\">\n<p>Poursuivant et commentant le deuxi\u00e8me tome de l&rsquo;oeuvre de Plantagenet, Jo\u00ebl Gregogna nous fait revisiter, au del\u00e0 de la seule pratique des guildes de constructeurs, cette Tradition confront\u00e9e \u00e0 la contemporan\u00e9it\u00e9 qui constitue le fondement de la pens\u00e9e ma\u00e7onnique. Jo\u00ebl Gregogna nous offre dans ce volume un regard symbolique, litt\u00e9raire et philosophique sur un deuxi\u00e8me degr\u00e9 si riche de sens qu&rsquo;il rec\u00e8le \u00e0 chaque fois de nouveaux tr\u00e9sors \u00e0 d\u00e9couvrir. Jo\u00ebl Gregogna les approfondit avec talent et fougue, rendant ainsi son ouvrage passionnant et \u00e9difiant. Ce faisant, il illustre bien les propos de Paul Val\u00e9ry suivant lesquels la v\u00e9ritable pens\u00e9e doit \u00eatre enferm\u00e9e dans la forme comme la vertu nutritive l&rsquo;est dans le fruit afin que l&rsquo;on ne se nourrisse qu&rsquo;en en percevant la saveur.<\/p>\n<\/div>\n<\/div>\n\n\n\n<div class=\"wp-block-columns is-layout-flex wp-container-core-columns-is-layout-28f84493 wp-block-columns-is-layout-flex\">\n<div class=\"wp-block-column is-layout-flow wp-block-column-is-layout-flow\" style=\"flex-basis:33.33%\">\n<figure class=\"wp-block-image size-full is-resized\"><a href=\"https:\/\/www.imaq.fr\/blog\/wp-content\/uploads\/2023\/09\/gregogna-l_apprenti.jpg\"><img decoding=\"async\" src=\"https:\/\/www.imaq.fr\/blog\/wp-content\/uploads\/2023\/09\/gregogna-l_apprenti.jpg\" alt=\"R\u00e9flexions sur les causeries initiatiques d'Edouard E. Plantagenet, tome 1, l'Apprenti\" class=\"wp-image-1914 colorbox-1910\" style=\"width:120px\" width=\"120\" srcset=\"https:\/\/www.imaq.fr\/blog\/wp-content\/uploads\/2023\/09\/gregogna-l_apprenti.jpg 400w, https:\/\/www.imaq.fr\/blog\/wp-content\/uploads\/2023\/09\/gregogna-l_apprenti-240x300.jpg 240w\" sizes=\"(max-width: 400px) 100vw, 400px\" \/><\/a><\/figure>\n<\/div>\n\n\n\n<div class=\"wp-block-column is-layout-flow wp-block-column-is-layout-flow\" style=\"flex-basis:66.66%\">\n<p>Voici un ouvrage ex\u00e9g\u00e9tique unique sans doute, tant il invite \u00e0 relier ce qui reste souvent \u00e9pars, voire inconciliable, sans jamais trahir sa source.<\/p>\n\n\n\n<p>Comment ne pas \u00eatre s\u00e9duit par l&rsquo;\u00e9rudition de l&rsquo;auteur, qui maille avec bonheur r\u00e9f\u00e9rences historiques et histoire des rites, litt\u00e9rature, philosophie, religions et franc-ma\u00e7onnerie, pour mettre en lumi\u00e8re le substrat qui sous-tend la d\u00e9marche ma\u00e7onnique ?<\/p>\n\n\n\n<p>Oui, il existe bien, affirme Jo\u00ebl Gregogna \u00e0 la suite de Plantagenet, un Ordre qui, par-del\u00e0 l&rsquo;espace et le temps, transcende tout parti pris. Ses fondamentaux puisent autant dans un pass\u00e9 imm\u00e9morial que dans l&rsquo;actualit\u00e9 la plus proche, demeurant ainsi un vecteur incomparable d&rsquo;initiation.<\/p>\n\n\n\n<p>\u00c0 travers le d\u00e9dale savamment orchestr\u00e9 de commentaires \u00e9clair\u00e9s et le regard attentif et respectueux de Jo\u00ebl Gregogna, le texte de Plantagenet gagne en relief et en profondeur. Vous avez dit \u00ab lumi\u00e8re \u00bb ? Pour Plantagenet comme pour l&rsquo;auteur, la lumi\u00e8re habite l&rsquo;id\u00e9al ma\u00e7onnique. Tout initi\u00e9 en v\u00e9rit\u00e9 appr\u00e9ciera le parcours labyrinthique qui s&rsquo;offre \u00e0 lui et qui resserre peu \u00e0 peu la trame disparate des connaissances humaines autour de leur unit\u00e9 premi\u00e8re. La d\u00e9marche initiatique est p\u00e8lerinage vers le centre, puis retour.<\/p>\n<\/div>\n<\/div>\n","protected":false},"excerpt":{"rendered":"<p>Jo\u00ebl GREGOGNA est avocat honoraire et ancien premier Grand Ma\u00eetre Adjoint de la Grande Loge de France. Il \u00e9crit r\u00e9guli\u00e8rement dans diverses revues ma\u00e7onniques. Son dernier ouvrage, Emmanuelle De Deo, est une pi\u00e8ce de th\u00e9\u00e2tre en cinq actes publi\u00e9e chez Num\u00e9rilivre en 2023. Mais Jo\u00ebl GREGOGNA est surtout connu pour sa trilogie, R\u00e9flexions sur les [&hellip;]<\/p>\n","protected":false},"author":2,"featured_media":0,"comment_status":"closed","ping_status":"closed","sticky":false,"template":"","format":"standard","meta":{"_editorskit_title_hidden":false,"_editorskit_reading_time":0,"_editorskit_is_block_options_detached":false,"_editorskit_block_options_position":"{}","footnotes":""},"categories":[2,35],"tags":[67,68,47],"class_list":["post-1910","post","type-post","status-publish","format-standard","hentry","category-auteur","category-biennale-2023","tag-auteur","tag-bcmb2023","tag-franc-maconnerie"],"yoast_head":"<!-- This site is optimized with the Yoast SEO plugin v27.5 - https:\/\/yoast.com\/product\/yoast-seo-wordpress\/ -->\n<title>Jo\u00ebl GREGOGNA - Biennale Culturelle Ma\u00e7onnique de Bordeaux<\/title>\n<meta name=\"robots\" content=\"index, follow, max-snippet:-1, max-image-preview:large, max-video-preview:-1\" \/>\n<link rel=\"canonical\" href=\"https:\/\/www.imaq.fr\/blog\/2023\/09\/joel-gregogna\/\" \/>\n<meta property=\"og:locale\" content=\"fr_FR\" \/>\n<meta property=\"og:type\" content=\"article\" \/>\n<meta property=\"og:title\" content=\"Jo\u00ebl GREGOGNA - Biennale Culturelle Ma\u00e7onnique de Bordeaux\" \/>\n<meta property=\"og:description\" content=\"Jo\u00ebl GREGOGNA est avocat honoraire et ancien premier Grand Ma\u00eetre Adjoint de la Grande Loge de France. Il \u00e9crit r\u00e9guli\u00e8rement dans diverses revues ma\u00e7onniques. Son dernier ouvrage, Emmanuelle De Deo, est une pi\u00e8ce de th\u00e9\u00e2tre en cinq actes publi\u00e9e chez Num\u00e9rilivre en 2023. Mais Jo\u00ebl GREGOGNA est surtout connu pour sa trilogie, R\u00e9flexions sur les [&hellip;]\" \/>\n<meta property=\"og:url\" content=\"https:\/\/www.imaq.fr\/blog\/2023\/09\/joel-gregogna\/\" \/>\n<meta property=\"og:site_name\" content=\"Biennale Culturelle Ma\u00e7onnique de Bordeaux\" \/>\n<meta property=\"article:publisher\" content=\"https:\/\/www.facebook.com\/biennaleculturellemaconnique.bordeaux\" \/>\n<meta property=\"article:published_time\" content=\"2023-09-27T07:46:02+00:00\" \/>\n<meta property=\"og:image\" content=\"https:\/\/www.imaq.fr\/blog\/wp-content\/uploads\/2023\/09\/gregogna-de-deo.jpg\" \/>\n\t<meta property=\"og:image:width\" content=\"314\" \/>\n\t<meta property=\"og:image:height\" content=\"484\" \/>\n\t<meta property=\"og:image:type\" content=\"image\/jpeg\" \/>\n<meta name=\"author\" content=\"BCMB\" \/>\n<meta name=\"twitter:card\" content=\"summary_large_image\" \/>\n<meta name=\"twitter:label1\" content=\"\u00c9crit par\" \/>\n\t<meta name=\"twitter:data1\" content=\"BCMB\" \/>\n\t<meta name=\"twitter:label2\" content=\"Dur\u00e9e de lecture estim\u00e9e\" \/>\n\t<meta name=\"twitter:data2\" content=\"4 minutes\" \/>\n<script type=\"application\/ld+json\" class=\"yoast-schema-graph\">{\"@context\":\"https:\\\/\\\/schema.org\",\"@graph\":[{\"@type\":\"Article\",\"@id\":\"https:\\\/\\\/www.imaq.fr\\\/blog\\\/2023\\\/09\\\/joel-gregogna\\\/#article\",\"isPartOf\":{\"@id\":\"https:\\\/\\\/www.imaq.fr\\\/blog\\\/2023\\\/09\\\/joel-gregogna\\\/\"},\"author\":{\"name\":\"BCMB\",\"@id\":\"https:\\\/\\\/www.imaq.fr\\\/blog\\\/#\\\/schema\\\/person\\\/3df683af05c9d4e9401e01364d03a5fd\"},\"headline\":\"Jo\u00ebl GREGOGNA\",\"datePublished\":\"2023-09-27T07:46:02+00:00\",\"mainEntityOfPage\":{\"@id\":\"https:\\\/\\\/www.imaq.fr\\\/blog\\\/2023\\\/09\\\/joel-gregogna\\\/\"},\"wordCount\":760,\"publisher\":{\"@id\":\"https:\\\/\\\/www.imaq.fr\\\/blog\\\/#organization\"},\"image\":{\"@id\":\"https:\\\/\\\/www.imaq.fr\\\/blog\\\/2023\\\/09\\\/joel-gregogna\\\/#primaryimage\"},\"thumbnailUrl\":\"https:\\\/\\\/www.imaq.fr\\\/blog\\\/wp-content\\\/uploads\\\/2023\\\/09\\\/gregogna-de-deo.jpg\",\"keywords\":[\"auteur\",\"bcmb2023\",\"franc-ma\u00e7onnerie\"],\"articleSection\":[\"Auteurs\",\"Biennale 2023\"],\"inLanguage\":\"fr-FR\"},{\"@type\":\"WebPage\",\"@id\":\"https:\\\/\\\/www.imaq.fr\\\/blog\\\/2023\\\/09\\\/joel-gregogna\\\/\",\"url\":\"https:\\\/\\\/www.imaq.fr\\\/blog\\\/2023\\\/09\\\/joel-gregogna\\\/\",\"name\":\"Jo\u00ebl GREGOGNA - Biennale Culturelle Ma\u00e7onnique de Bordeaux\",\"isPartOf\":{\"@id\":\"https:\\\/\\\/www.imaq.fr\\\/blog\\\/#website\"},\"primaryImageOfPage\":{\"@id\":\"https:\\\/\\\/www.imaq.fr\\\/blog\\\/2023\\\/09\\\/joel-gregogna\\\/#primaryimage\"},\"image\":{\"@id\":\"https:\\\/\\\/www.imaq.fr\\\/blog\\\/2023\\\/09\\\/joel-gregogna\\\/#primaryimage\"},\"thumbnailUrl\":\"https:\\\/\\\/www.imaq.fr\\\/blog\\\/wp-content\\\/uploads\\\/2023\\\/09\\\/gregogna-de-deo.jpg\",\"datePublished\":\"2023-09-27T07:46:02+00:00\",\"breadcrumb\":{\"@id\":\"https:\\\/\\\/www.imaq.fr\\\/blog\\\/2023\\\/09\\\/joel-gregogna\\\/#breadcrumb\"},\"inLanguage\":\"fr-FR\",\"potentialAction\":[{\"@type\":\"ReadAction\",\"target\":[\"https:\\\/\\\/www.imaq.fr\\\/blog\\\/2023\\\/09\\\/joel-gregogna\\\/\"]}]},{\"@type\":\"ImageObject\",\"inLanguage\":\"fr-FR\",\"@id\":\"https:\\\/\\\/www.imaq.fr\\\/blog\\\/2023\\\/09\\\/joel-gregogna\\\/#primaryimage\",\"url\":\"https:\\\/\\\/www.imaq.fr\\\/blog\\\/wp-content\\\/uploads\\\/2023\\\/09\\\/gregogna-de-deo.jpg\",\"contentUrl\":\"https:\\\/\\\/www.imaq.fr\\\/blog\\\/wp-content\\\/uploads\\\/2023\\\/09\\\/gregogna-de-deo.jpg\"},{\"@type\":\"BreadcrumbList\",\"@id\":\"https:\\\/\\\/www.imaq.fr\\\/blog\\\/2023\\\/09\\\/joel-gregogna\\\/#breadcrumb\",\"itemListElement\":[{\"@type\":\"ListItem\",\"position\":1,\"name\":\"Accueil\",\"item\":\"https:\\\/\\\/www.imaq.fr\\\/blog\\\/\"},{\"@type\":\"ListItem\",\"position\":2,\"name\":\"Jo\u00ebl GREGOGNA\"}]},{\"@type\":\"WebSite\",\"@id\":\"https:\\\/\\\/www.imaq.fr\\\/blog\\\/#website\",\"url\":\"https:\\\/\\\/www.imaq.fr\\\/blog\\\/\",\"name\":\"Biennale Culturelle Ma\u00e7onnique de Bordeaux\",\"description\":\"IMAQ\",\"publisher\":{\"@id\":\"https:\\\/\\\/www.imaq.fr\\\/blog\\\/#organization\"},\"potentialAction\":[{\"@type\":\"SearchAction\",\"target\":{\"@type\":\"EntryPoint\",\"urlTemplate\":\"https:\\\/\\\/www.imaq.fr\\\/blog\\\/?s={search_term_string}\"},\"query-input\":{\"@type\":\"PropertyValueSpecification\",\"valueRequired\":true,\"valueName\":\"search_term_string\"}}],\"inLanguage\":\"fr-FR\"},{\"@type\":\"Organization\",\"@id\":\"https:\\\/\\\/www.imaq.fr\\\/blog\\\/#organization\",\"name\":\"Biennale Culturelle Ma\u00e7onnique de Bordeaux\",\"url\":\"https:\\\/\\\/www.imaq.fr\\\/blog\\\/\",\"logo\":{\"@type\":\"ImageObject\",\"inLanguage\":\"fr-FR\",\"@id\":\"https:\\\/\\\/www.imaq.fr\\\/blog\\\/#\\\/schema\\\/logo\\\/image\\\/\",\"url\":\"https:\\\/\\\/www.imaq.fr\\\/blog\\\/wp-content\\\/uploads\\\/2014\\\/12\\\/logo-bcmc.jpg\",\"contentUrl\":\"https:\\\/\\\/www.imaq.fr\\\/blog\\\/wp-content\\\/uploads\\\/2014\\\/12\\\/logo-bcmc.jpg\",\"width\":759,\"height\":784,\"caption\":\"Biennale Culturelle Ma\u00e7onnique de Bordeaux\"},\"image\":{\"@id\":\"https:\\\/\\\/www.imaq.fr\\\/blog\\\/#\\\/schema\\\/logo\\\/image\\\/\"},\"sameAs\":[\"https:\\\/\\\/www.facebook.com\\\/biennaleculturellemaconnique.bordeaux\"]},{\"@type\":\"Person\",\"@id\":\"https:\\\/\\\/www.imaq.fr\\\/blog\\\/#\\\/schema\\\/person\\\/3df683af05c9d4e9401e01364d03a5fd\",\"name\":\"BCMB\",\"image\":{\"@type\":\"ImageObject\",\"inLanguage\":\"fr-FR\",\"@id\":\"https:\\\/\\\/secure.gravatar.com\\\/avatar\\\/d6fbbbb38de40bcc3a41d4467d090d3b92513d4eb33fc933729359bbce505880?s=96&d=identicon&r=g\",\"url\":\"https:\\\/\\\/secure.gravatar.com\\\/avatar\\\/d6fbbbb38de40bcc3a41d4467d090d3b92513d4eb33fc933729359bbce505880?s=96&d=identicon&r=g\",\"contentUrl\":\"https:\\\/\\\/secure.gravatar.com\\\/avatar\\\/d6fbbbb38de40bcc3a41d4467d090d3b92513d4eb33fc933729359bbce505880?s=96&d=identicon&r=g\",\"caption\":\"BCMB\"},\"sameAs\":[\"https:\\\/\\\/www.imaq.fr\"],\"url\":\"https:\\\/\\\/www.imaq.fr\\\/blog\\\/author\\\/pomirol\\\/\"}]}<\/script>\n<!-- \/ Yoast SEO plugin. -->","yoast_head_json":{"title":"Jo\u00ebl GREGOGNA - Biennale Culturelle Ma\u00e7onnique de Bordeaux","robots":{"index":"index","follow":"follow","max-snippet":"max-snippet:-1","max-image-preview":"max-image-preview:large","max-video-preview":"max-video-preview:-1"},"canonical":"https:\/\/www.imaq.fr\/blog\/2023\/09\/joel-gregogna\/","og_locale":"fr_FR","og_type":"article","og_title":"Jo\u00ebl GREGOGNA - Biennale Culturelle Ma\u00e7onnique de Bordeaux","og_description":"Jo\u00ebl GREGOGNA est avocat honoraire et ancien premier Grand Ma\u00eetre Adjoint de la Grande Loge de France. Il \u00e9crit r\u00e9guli\u00e8rement dans diverses revues ma\u00e7onniques. Son dernier ouvrage, Emmanuelle De Deo, est une pi\u00e8ce de th\u00e9\u00e2tre en cinq actes publi\u00e9e chez Num\u00e9rilivre en 2023. Mais Jo\u00ebl GREGOGNA est surtout connu pour sa trilogie, R\u00e9flexions sur les [&hellip;]","og_url":"https:\/\/www.imaq.fr\/blog\/2023\/09\/joel-gregogna\/","og_site_name":"Biennale Culturelle Ma\u00e7onnique de Bordeaux","article_publisher":"https:\/\/www.facebook.com\/biennaleculturellemaconnique.bordeaux","article_published_time":"2023-09-27T07:46:02+00:00","og_image":[{"width":314,"height":484,"url":"https:\/\/www.imaq.fr\/blog\/wp-content\/uploads\/2023\/09\/gregogna-de-deo.jpg","type":"image\/jpeg"}],"author":"BCMB","twitter_card":"summary_large_image","twitter_misc":{"\u00c9crit par":"BCMB","Dur\u00e9e de lecture estim\u00e9e":"4 minutes"},"schema":{"@context":"https:\/\/schema.org","@graph":[{"@type":"Article","@id":"https:\/\/www.imaq.fr\/blog\/2023\/09\/joel-gregogna\/#article","isPartOf":{"@id":"https:\/\/www.imaq.fr\/blog\/2023\/09\/joel-gregogna\/"},"author":{"name":"BCMB","@id":"https:\/\/www.imaq.fr\/blog\/#\/schema\/person\/3df683af05c9d4e9401e01364d03a5fd"},"headline":"Jo\u00ebl GREGOGNA","datePublished":"2023-09-27T07:46:02+00:00","mainEntityOfPage":{"@id":"https:\/\/www.imaq.fr\/blog\/2023\/09\/joel-gregogna\/"},"wordCount":760,"publisher":{"@id":"https:\/\/www.imaq.fr\/blog\/#organization"},"image":{"@id":"https:\/\/www.imaq.fr\/blog\/2023\/09\/joel-gregogna\/#primaryimage"},"thumbnailUrl":"https:\/\/www.imaq.fr\/blog\/wp-content\/uploads\/2023\/09\/gregogna-de-deo.jpg","keywords":["auteur","bcmb2023","franc-ma\u00e7onnerie"],"articleSection":["Auteurs","Biennale 2023"],"inLanguage":"fr-FR"},{"@type":"WebPage","@id":"https:\/\/www.imaq.fr\/blog\/2023\/09\/joel-gregogna\/","url":"https:\/\/www.imaq.fr\/blog\/2023\/09\/joel-gregogna\/","name":"Jo\u00ebl GREGOGNA - Biennale Culturelle Ma\u00e7onnique de Bordeaux","isPartOf":{"@id":"https:\/\/www.imaq.fr\/blog\/#website"},"primaryImageOfPage":{"@id":"https:\/\/www.imaq.fr\/blog\/2023\/09\/joel-gregogna\/#primaryimage"},"image":{"@id":"https:\/\/www.imaq.fr\/blog\/2023\/09\/joel-gregogna\/#primaryimage"},"thumbnailUrl":"https:\/\/www.imaq.fr\/blog\/wp-content\/uploads\/2023\/09\/gregogna-de-deo.jpg","datePublished":"2023-09-27T07:46:02+00:00","breadcrumb":{"@id":"https:\/\/www.imaq.fr\/blog\/2023\/09\/joel-gregogna\/#breadcrumb"},"inLanguage":"fr-FR","potentialAction":[{"@type":"ReadAction","target":["https:\/\/www.imaq.fr\/blog\/2023\/09\/joel-gregogna\/"]}]},{"@type":"ImageObject","inLanguage":"fr-FR","@id":"https:\/\/www.imaq.fr\/blog\/2023\/09\/joel-gregogna\/#primaryimage","url":"https:\/\/www.imaq.fr\/blog\/wp-content\/uploads\/2023\/09\/gregogna-de-deo.jpg","contentUrl":"https:\/\/www.imaq.fr\/blog\/wp-content\/uploads\/2023\/09\/gregogna-de-deo.jpg"},{"@type":"BreadcrumbList","@id":"https:\/\/www.imaq.fr\/blog\/2023\/09\/joel-gregogna\/#breadcrumb","itemListElement":[{"@type":"ListItem","position":1,"name":"Accueil","item":"https:\/\/www.imaq.fr\/blog\/"},{"@type":"ListItem","position":2,"name":"Jo\u00ebl GREGOGNA"}]},{"@type":"WebSite","@id":"https:\/\/www.imaq.fr\/blog\/#website","url":"https:\/\/www.imaq.fr\/blog\/","name":"Biennale Culturelle Ma\u00e7onnique de Bordeaux","description":"IMAQ","publisher":{"@id":"https:\/\/www.imaq.fr\/blog\/#organization"},"potentialAction":[{"@type":"SearchAction","target":{"@type":"EntryPoint","urlTemplate":"https:\/\/www.imaq.fr\/blog\/?s={search_term_string}"},"query-input":{"@type":"PropertyValueSpecification","valueRequired":true,"valueName":"search_term_string"}}],"inLanguage":"fr-FR"},{"@type":"Organization","@id":"https:\/\/www.imaq.fr\/blog\/#organization","name":"Biennale Culturelle Ma\u00e7onnique de Bordeaux","url":"https:\/\/www.imaq.fr\/blog\/","logo":{"@type":"ImageObject","inLanguage":"fr-FR","@id":"https:\/\/www.imaq.fr\/blog\/#\/schema\/logo\/image\/","url":"https:\/\/www.imaq.fr\/blog\/wp-content\/uploads\/2014\/12\/logo-bcmc.jpg","contentUrl":"https:\/\/www.imaq.fr\/blog\/wp-content\/uploads\/2014\/12\/logo-bcmc.jpg","width":759,"height":784,"caption":"Biennale Culturelle Ma\u00e7onnique de Bordeaux"},"image":{"@id":"https:\/\/www.imaq.fr\/blog\/#\/schema\/logo\/image\/"},"sameAs":["https:\/\/www.facebook.com\/biennaleculturellemaconnique.bordeaux"]},{"@type":"Person","@id":"https:\/\/www.imaq.fr\/blog\/#\/schema\/person\/3df683af05c9d4e9401e01364d03a5fd","name":"BCMB","image":{"@type":"ImageObject","inLanguage":"fr-FR","@id":"https:\/\/secure.gravatar.com\/avatar\/d6fbbbb38de40bcc3a41d4467d090d3b92513d4eb33fc933729359bbce505880?s=96&d=identicon&r=g","url":"https:\/\/secure.gravatar.com\/avatar\/d6fbbbb38de40bcc3a41d4467d090d3b92513d4eb33fc933729359bbce505880?s=96&d=identicon&r=g","contentUrl":"https:\/\/secure.gravatar.com\/avatar\/d6fbbbb38de40bcc3a41d4467d090d3b92513d4eb33fc933729359bbce505880?s=96&d=identicon&r=g","caption":"BCMB"},"sameAs":["https:\/\/www.imaq.fr"],"url":"https:\/\/www.imaq.fr\/blog\/author\/pomirol\/"}]}},"_links":{"self":[{"href":"https:\/\/www.imaq.fr\/blog\/wp-json\/wp\/v2\/posts\/1910","targetHints":{"allow":["GET"]}}],"collection":[{"href":"https:\/\/www.imaq.fr\/blog\/wp-json\/wp\/v2\/posts"}],"about":[{"href":"https:\/\/www.imaq.fr\/blog\/wp-json\/wp\/v2\/types\/post"}],"author":[{"embeddable":true,"href":"https:\/\/www.imaq.fr\/blog\/wp-json\/wp\/v2\/users\/2"}],"replies":[{"embeddable":true,"href":"https:\/\/www.imaq.fr\/blog\/wp-json\/wp\/v2\/comments?post=1910"}],"version-history":[{"count":0,"href":"https:\/\/www.imaq.fr\/blog\/wp-json\/wp\/v2\/posts\/1910\/revisions"}],"wp:attachment":[{"href":"https:\/\/www.imaq.fr\/blog\/wp-json\/wp\/v2\/media?parent=1910"}],"wp:term":[{"taxonomy":"category","embeddable":true,"href":"https:\/\/www.imaq.fr\/blog\/wp-json\/wp\/v2\/categories?post=1910"},{"taxonomy":"post_tag","embeddable":true,"href":"https:\/\/www.imaq.fr\/blog\/wp-json\/wp\/v2\/tags?post=1910"}],"curies":[{"name":"wp","href":"https:\/\/api.w.org\/{rel}","templated":true}]}}