{"id":1920,"date":"2023-10-02T11:56:00","date_gmt":"2023-10-02T11:56:00","guid":{"rendered":"https:\/\/www.imaq.fr\/blog\/?p=1920"},"modified":"2025-01-16T10:46:50","modified_gmt":"2025-01-16T10:46:50","slug":"les-auteurs-en-2023","status":"publish","type":"post","link":"https:\/\/www.imaq.fr\/blog\/2023\/10\/les-auteurs-en-2023\/","title":{"rendered":"Les auteurs en 2023"},"content":{"rendered":"\n<div class=\"wp-block-columns is-layout-flex wp-container-core-columns-is-layout-28f84493 wp-block-columns-is-layout-flex\">\n<div class=\"wp-block-column is-layout-flow wp-block-column-is-layout-flow\" style=\"flex-basis:33.33%\">\n<p><a href=\"https:\/\/www.imaq.fr\/blog\/2023\/09\/gerard-benichou\/\">G\u00e9rard BENICHOU<\/a><\/p>\n<\/div>\n\n\n\n<div class=\"wp-block-column is-layout-flow wp-block-column-is-layout-flow\" style=\"flex-basis:66.66%\">\n<p>Il vient de publier chez Num\u00e9rilivre un ouvrage sous le titre de \u00ab\u00a0<em>La Kabbale &#8211; Le berceau de la Franc-Ma\u00e7onnerie<\/em>\u00ab\u00a0. <a href=\"https:\/\/www.imaq.fr\/blog\/2023\/09\/gerard-benichou\/\">Voir sa fiche<\/a><\/p>\n<\/div>\n<\/div>\n\n\n\n<div class=\"wp-block-columns is-layout-flex wp-container-core-columns-is-layout-28f84493 wp-block-columns-is-layout-flex\">\n<div class=\"wp-block-column is-layout-flow wp-block-column-is-layout-flow\" style=\"flex-basis:33.33%\">\n<p><a href=\"https:\/\/www.imaq.fr\/blog\/2023\/09\/richard-bordes\/\">Richard BORDES<\/a><\/p>\n<\/div>\n\n\n\n<div class=\"wp-block-column is-layout-flow wp-block-column-is-layout-flow\" style=\"flex-basis:66.66%\">\n<p>Il est l&rsquo;auteur du livre \u00ab\u00a0<em>Les origines anglaise de la franc-ma\u00e7onnerie moderne<\/em>\u00ab\u00a0, aux Editions Ma\u00efa, collection Savoirs partag\u00e9s. <a href=\"https:\/\/www.imaq.fr\/blog\/2023\/09\/richard-bordes\/\">Voir sa fiche<\/a><\/p>\n<\/div>\n<\/div>\n\n\n\n<div class=\"wp-block-columns is-layout-flex wp-container-core-columns-is-layout-28f84493 wp-block-columns-is-layout-flex\">\n<div class=\"wp-block-column is-layout-flow wp-block-column-is-layout-flow\" style=\"flex-basis:33.33%\">\n<p><a href=\"https:\/\/www.imaq.fr\/blog\/2023\/07\/marine-calmet\/\">Marine CALMET<\/a><\/p>\n<\/div>\n\n\n\n<div class=\"wp-block-column is-layout-flow wp-block-column-is-layout-flow\" style=\"flex-basis:66.66%\">\n<p>Elle signera son livre intitul\u00e9 \u00ab\u00a0<em>Devenir gardien de la nature<\/em>\u00a0\u00bb apr\u00e8s la conf\u00e9rence qu&rsquo;elle donne samedi 14 octobre 2023 \u00e0 11h15. <a href=\"https:\/\/www.imaq.fr\/blog\/2023\/07\/marine-calmet\/\">Voir sa fiche<\/a><\/p>\n<\/div>\n<\/div>\n\n\n\n<div class=\"wp-block-columns is-layout-flex wp-container-core-columns-is-layout-28f84493 wp-block-columns-is-layout-flex\">\n<div class=\"wp-block-column is-layout-flow wp-block-column-is-layout-flow\" style=\"flex-basis:33.33%\">\n<p><a href=\"https:\/\/www.imaq.fr\/blog\/2014\/04\/bernard-dat\/\">Bernard DAT<\/a><\/p>\n<\/div>\n\n\n\n<div class=\"wp-block-column is-layout-flow wp-block-column-is-layout-flow\" style=\"flex-basis:66.66%\">\n<p>Dans son dernier ouvrage, \u00ab\u00a0<em>Figures historiques et l\u00e9gendaires de la Franc-Ma\u00e7onnerie<\/em>\u00ab\u00a0, il r\u00e9v\u00e8le des curieux ou inattendus de la vie de certaines personnalit\u00e9s du monde ma\u00e7onnique. <a href=\"https:\/\/www.imaq.fr\/blog\/2014\/04\/bernard-dat\/\">Voir sa fiche<\/a><\/p>\n<\/div>\n<\/div>\n\n\n\n<div class=\"wp-block-columns is-layout-flex wp-container-core-columns-is-layout-28f84493 wp-block-columns-is-layout-flex\">\n<div class=\"wp-block-column is-layout-flow wp-block-column-is-layout-flow\" style=\"flex-basis:33.33%\">\n<p><a href=\"https:\/\/www.imaq.fr\/blog\/2014\/04\/jean-pierre-donzac\/\">Jean-Pierre DONZAC<\/a><\/p>\n<\/div>\n\n\n\n<div class=\"wp-block-column is-layout-flow wp-block-column-is-layout-flow\" style=\"flex-basis:66.66%\">\n<p>Historien de la franc-ma\u00e7onnerie, auteur de nombreux articles, il signera son livre \u00ab\u00a0<em>Le Rite Ecossais Ancien Accept\u00e9 des Hauts Grades<\/em>\u00ab\u00a0. <a href=\"https:\/\/www.imaq.fr\/blog\/2014\/04\/jean-pierre-donzac\/\">Voir sa fiche<\/a><\/p>\n<\/div>\n<\/div>\n\n\n\n<div class=\"wp-block-columns is-layout-flex wp-container-core-columns-is-layout-28f84493 wp-block-columns-is-layout-flex\">\n<div class=\"wp-block-column is-layout-flow wp-block-column-is-layout-flow\" style=\"flex-basis:33.33%\">\n<p><a href=\"https:\/\/www.imaq.fr\/blog\/2023\/09\/jean-dumonteil\/\">Jean DUMONTEIL<\/a><\/p>\n<\/div>\n\n\n\n<div class=\"wp-block-column is-layout-flow wp-block-column-is-layout-flow\" style=\"flex-basis:66.66%\">\n<p>Il vient de publier trois ouvrages : \u00ab\u00a0<em>Que la force le soutienne et l\u2019ach\u00e8ve<\/em>\u00ab\u00a0, \u00ab\u00a0<em>Sentiment oc\u00e9anique<\/em>\u00a0\u00bb et \u00ab\u00a0<em>\u00c9loge du local<\/em>\u00ab\u00a0. <a href=\"https:\/\/www.imaq.fr\/blog\/2023\/09\/jean-dumonteil\/\">Voir sa fiche<\/a><\/p>\n<\/div>\n<\/div>\n\n\n\n<div class=\"wp-block-columns is-layout-flex wp-container-core-columns-is-layout-28f84493 wp-block-columns-is-layout-flex\">\n<div class=\"wp-block-column is-layout-flow wp-block-column-is-layout-flow\" style=\"flex-basis:33.33%\">\n<p><a href=\"https:\/\/www.imaq.fr\/blog\/2023\/07\/timothee-duverger\/\">Timoth\u00e9e DUVERGER<\/a><\/p>\n<\/div>\n\n\n\n<div class=\"wp-block-column is-layout-flow wp-block-column-is-layout-flow\" style=\"flex-basis:66.66%\">\n<p>Il signera ses derniers livres intitul\u00e9s \u00ab\u00a0<em>L\u2019\u00e9conomie sociale et solidaire<\/em>\u00a0\u00bb et \u00ab\u00a0<em>Utopies locales, les solutions \u00e9cologiques et solidaires de demain<\/em>\u00a0\u00bb apr\u00e8s sa conf\u00e9rence donn\u00e9e le dimanche 15 octobre 2023 \u00e0 11h. <a href=\"https:\/\/www.imaq.fr\/blog\/2023\/07\/timothee-duverger\/\">Voir sa fiche<\/a><\/p>\n<\/div>\n<\/div>\n\n\n\n<div class=\"wp-block-columns is-layout-flex wp-container-core-columns-is-layout-28f84493 wp-block-columns-is-layout-flex\">\n<div class=\"wp-block-column is-layout-flow wp-block-column-is-layout-flow\" style=\"flex-basis:33.33%\">\n<p><a href=\"https:\/\/www.imaq.fr\/blog\/2023\/09\/yonnel-ghernaouti\/\">Yonnel GHERNAOUTI<\/a><\/p>\n<\/div>\n\n\n\n<div class=\"wp-block-column is-layout-flow wp-block-column-is-layout-flow\" style=\"flex-basis:66.66%\">\n<p>Directeur de la r\u00e9daction du site 450.fm, il vient de publier chez Dervy un ouvrage intitul\u00e9 \u00ab\u00a0<em>Pourquoi les francs-ma\u00e7ons veulent-ils reconstruire le Temple ?<\/em>\u00ab\u00a0. <a href=\"https:\/\/www.imaq.fr\/blog\/2023\/09\/yonnel-ghernaouti\/\">Voir sa fiche<\/a><\/p>\n<\/div>\n<\/div>\n\n\n\n<div class=\"wp-block-columns is-layout-flex wp-container-core-columns-is-layout-28f84493 wp-block-columns-is-layout-flex\">\n<div class=\"wp-block-column is-layout-flow wp-block-column-is-layout-flow\" style=\"flex-basis:33.33%\">\n<p><a href=\"https:\/\/www.imaq.fr\/blog\/2016\/03\/pierre-jacquemin\/\">Pierre JACQUEMIN<\/a><\/p>\n<\/div>\n\n\n\n<div class=\"wp-block-column is-layout-flow wp-block-column-is-layout-flow\" style=\"flex-basis:66.66%\">\n<p>Apr\u00e8s nous avoir propos\u00e9 \u00ab\u00a0<em>Errances sur les Quais de Bordeaux et autres r\u00e9cits fantastiques<\/em>\u00ab\u00a0, il vient de publier \u00ab\u00a0<em>Le Quatuor Oc\u00e9an<\/em>\u00ab\u00a0. <a href=\"https:\/\/www.imaq.fr\/blog\/2016\/03\/pierre-jacquemin\/\">Voir sa fiche<\/a><\/p>\n<\/div>\n<\/div>\n\n\n\n<div class=\"wp-block-columns is-layout-flex wp-container-core-columns-is-layout-28f84493 wp-block-columns-is-layout-flex\">\n<div class=\"wp-block-column is-layout-flow wp-block-column-is-layout-flow\" style=\"flex-basis:33.33%\">\n<p><a href=\"https:\/\/www.imaq.fr\/blog\/2023\/09\/josselin-morand\/\">Josselin MORAND<\/a><\/p>\n<\/div>\n\n\n\n<div class=\"wp-block-column is-layout-flow wp-block-column-is-layout-flow\" style=\"flex-basis:66.66%\">\n<p>Il pr\u00e9sente trois ouvrages r\u00e9cents intitul\u00e9s \u00ab\u00a0<em>L\u2019\u00e9thique en Franc-ma\u00e7onnerie \u2013 Comment porter nos valeurs hors du Temple ?<\/em>\u00ab\u00a0, \u00ab\u00a0<em>Ethique et ath\u00e9isme \u2013 Construction d\u2019une morale sans dieux<\/em>\u00a0\u00bb et \u00ab\u00a0<em>Films, BD et jeux de r\u00f4le : la culture populaire peut-elle \u00eatre initiatique ?<\/em>\u00ab\u00a0. <a href=\"https:\/\/www.imaq.fr\/blog\/2023\/09\/josselin-morand\/\">Voir sa fiche<\/a><\/p>\n<\/div>\n<\/div>\n\n\n\n<div class=\"wp-block-columns is-layout-flex wp-container-core-columns-is-layout-28f84493 wp-block-columns-is-layout-flex\">\n<div class=\"wp-block-column is-layout-flow wp-block-column-is-layout-flow\" style=\"flex-basis:33.33%\">\n<p><a href=\"https:\/\/www.imaq.fr\/blog\/2023\/06\/yves-mur\/\">Yves MUR<\/a><\/p>\n<\/div>\n\n\n\n<div class=\"wp-block-column is-layout-flow wp-block-column-is-layout-flow\" style=\"flex-basis:66.66%\">\n<p>Son livre, \u00ab\u00a0<em>L&rsquo;\u00e9glise romane, un chemin ?<\/em>\u00ab\u00a0, se pr\u00e9sente comme un guide de voyage pour d\u00e9couvrir le patrimoine du Sud-Ouest. <a href=\"https:\/\/www.imaq.fr\/blog\/2023\/06\/yves-mur\/\">Voir sa fiche<\/a><\/p>\n<\/div>\n<\/div>\n\n\n\n<div class=\"wp-block-columns is-layout-flex wp-container-core-columns-is-layout-28f84493 wp-block-columns-is-layout-flex\">\n<div class=\"wp-block-column is-layout-flow wp-block-column-is-layout-flow\" style=\"flex-basis:33.33%\">\n<p><a href=\"https:\/\/www.imaq.fr\/blog\/2023\/07\/jean-petaux\/\">Jean PETAUX<\/a><\/p>\n<\/div>\n\n\n\n<div class=\"wp-block-column is-layout-flow wp-block-column-is-layout-flow\" style=\"flex-basis:66.66%\">\n<p>Auteur de nombreux ouvrages concernant la politique fran\u00e7aise et girondine, le politologue Jean PETAUX sera pr\u00e9sent pour d\u00e9dicacer apr\u00e8s ses conf\u00e9rences des 14 et 15 octobres 2023. <a href=\"https:\/\/www.imaq.fr\/blog\/2023\/07\/jean-petaux\/\">Voir sa fiche<\/a><\/p>\n<\/div>\n<\/div>\n\n\n\n<div class=\"wp-block-columns is-layout-flex wp-container-core-columns-is-layout-28f84493 wp-block-columns-is-layout-flex\">\n<div class=\"wp-block-column is-layout-flow wp-block-column-is-layout-flow\" style=\"flex-basis:33.33%\">\n<p><a href=\"https:\/\/www.imaq.fr\/blog\/2016\/03\/francis-pierre\/\">Francis PIERRE<\/a><\/p>\n<\/div>\n\n\n\n<div class=\"wp-block-column is-layout-flow wp-block-column-is-layout-flow\" style=\"flex-basis:66.66%\">\n<p>Le po\u00e8te nous avait pr\u00e9sent\u00e9 \u00ab\u00a0<em>Le r\u00eaveur de conscience<\/em>\u00a0\u00bb puis \u00ab\u00a0<em>L&rsquo;amour donn\u00e9<\/em>\u00a0\u00bb lors des pr\u00e9c\u00e9dentes biennales. Il revient avec deux nouveaux reccueils de po\u00e9sie : \u00ab\u00a0<em>Le coeur et les mots<\/em>\u00a0\u00bb et \u00ab\u00a0<em>Et d&rsquo;autres choses encore<\/em>\u00ab\u00a0. <a href=\"https:\/\/www.imaq.fr\/blog\/2016\/03\/francis-pierre\/\">Voir sa fiche<\/a><\/p>\n<\/div>\n<\/div>\n\n\n\n<div class=\"wp-block-columns is-layout-flex wp-container-core-columns-is-layout-28f84493 wp-block-columns-is-layout-flex\">\n<div class=\"wp-block-column is-layout-flow wp-block-column-is-layout-flow\" style=\"flex-basis:33.33%\">\n<p><a href=\"https:\/\/www.imaq.fr\/blog\/2023\/07\/frederic-ploquin\/\">Fr\u00e9d\u00e9ric PLOQUIN<\/a><\/p>\n<\/div>\n\n\n\n<div class=\"wp-block-column is-layout-flow wp-block-column-is-layout-flow\" style=\"flex-basis:66.66%\">\n<p>Ce journaliste d&rsquo;investigation, qui a publi\u00e9 de nombreux livres sur ses enqu\u00eates, nous fait l&rsquo;honneur de donner une conf\u00e9rence samedi 14 octobre 2013 \u00e0 14h. Il d\u00e9dicacera ses ouvrages apr\u00e8s la conf\u00e9rence. <a href=\"https:\/\/www.imaq.fr\/blog\/2023\/07\/frederic-ploquin\/\">Voir sa fiche<\/a><\/p>\n<\/div>\n<\/div>\n\n\n\n<div class=\"wp-block-columns is-layout-flex wp-container-core-columns-is-layout-28f84493 wp-block-columns-is-layout-flex\">\n<div class=\"wp-block-column is-layout-flow wp-block-column-is-layout-flow\" style=\"flex-basis:33.33%\">\n<p><a href=\"https:\/\/www.imaq.fr\/blog\/2023\/08\/dominique-segalen\/\">Dominique SEGALEN<\/a><\/p>\n<\/div>\n\n\n\n<div class=\"wp-block-column is-layout-flow wp-block-column-is-layout-flow\" style=\"flex-basis:66.66%\">\n<p>Apr\u00e8s \u00ab\u00a0<em>Soyez parfaites, mes s\u0153urs<\/em>\u00ab\u00a0, elle vient de publier un roman initiatique intitul\u00e9 \u00ab\u00a0<em>Une nuit au parc<\/em>\u00ab\u00a0. <a href=\"https:\/\/www.imaq.fr\/blog\/2023\/08\/dominique-segalen\/\">Voir sa fiche<\/a><\/p>\n<\/div>\n<\/div>\n\n\n\n<div class=\"wp-block-columns is-layout-flex wp-container-core-columns-is-layout-28f84493 wp-block-columns-is-layout-flex\">\n<div class=\"wp-block-column is-layout-flow wp-block-column-is-layout-flow\" style=\"flex-basis:33.33%\">\n<p><a href=\"https:\/\/www.imaq.fr\/blog\/2023\/09\/bernard-sejourne\/\">Bernard SEJOURN\u00c9<\/a><\/p>\n<\/div>\n\n\n\n<div class=\"wp-block-column is-layout-flow wp-block-column-is-layout-flow\" style=\"flex-basis:66.66%\">\n<p>Il vient de publier \u00ab\u00a0<em>Trois v\u0153ux pour un royaume<\/em>\u00ab\u00a0. <a href=\"https:\/\/www.imaq.fr\/blog\/2023\/09\/bernard-sejourne\/\">Voir sa fiche<\/a><\/p>\n<\/div>\n<\/div>\n\n\n\n<div class=\"wp-block-columns is-layout-flex wp-container-core-columns-is-layout-28f84493 wp-block-columns-is-layout-flex\">\n<div class=\"wp-block-column is-layout-flow wp-block-column-is-layout-flow\" style=\"flex-basis:33.33%\">\n<p><a href=\"https:\/\/www.imaq.fr\/blog\/2018\/03\/jacques-servia\/\">Jacques SERVIA<\/a><\/p>\n<\/div>\n\n\n\n<div class=\"wp-block-column is-layout-flow wp-block-column-is-layout-flow\" style=\"flex-basis:66.66%\">\n<p>Apr\u00e8s nous avoir pr\u00e9sent\u00e9 \u00ab\u00a0<em>Traits pour Traits<\/em>\u00a0\u00bb lors d&rsquo;une pr\u00e9c\u00e9dente biennale, il vient de sortir deux ouvrages : \u00ab\u00a0<em>Chroniques Ma\u00e7onniques Confin\u00e9es<\/em>\u00a0\u00bb et \u00ab\u00a0<em>Fl\u00e2neries de minuit \u00e0 midi<\/em>\u00ab\u00a0. <a href=\"https:\/\/www.imaq.fr\/blog\/2018\/03\/jacques-servia\/\">Voir sa fiche<\/a><\/p>\n<\/div>\n<\/div>\n\n\n\n<div class=\"wp-block-columns is-layout-flex wp-container-core-columns-is-layout-28f84493 wp-block-columns-is-layout-flex\">\n<div class=\"wp-block-column is-layout-flow wp-block-column-is-layout-flow\" style=\"flex-basis:33.33%\">\n<p><a href=\"https:\/\/www.imaq.fr\/blog\/2023\/09\/roland-tevels\/\">Roland TEVELS<\/a><\/p>\n<\/div>\n\n\n\n<div class=\"wp-block-column is-layout-flow wp-block-column-is-layout-flow\" style=\"flex-basis:66.66%\">\n<p>Il vient de publier chez Num\u00e9rilivre un ouvrage intitul\u00e9 \u00ab\u00a0<em>T\u00e9moignage d&rsquo;un ma\u00e7on rectifi\u00e9<\/em>\u00ab\u00a0. <a href=\"https:\/\/www.imaq.fr\/blog\/2023\/09\/roland-tevels\/\">Voir sa fiche<\/a><\/p>\n<\/div>\n<\/div>\n","protected":false},"excerpt":{"rendered":"<p>G\u00e9rard BENICHOU Il vient de publier chez Num\u00e9rilivre un ouvrage sous le titre de \u00ab\u00a0La Kabbale &#8211; Le berceau de la Franc-Ma\u00e7onnerie\u00ab\u00a0. Voir sa fiche Richard BORDES Il est l&rsquo;auteur du livre \u00ab\u00a0Les origines anglaise de la franc-ma\u00e7onnerie moderne\u00ab\u00a0, aux Editions Ma\u00efa, collection Savoirs partag\u00e9s. Voir sa fiche Marine CALMET Elle signera son livre intitul\u00e9 [&hellip;]<\/p>\n","protected":false},"author":2,"featured_media":0,"comment_status":"closed","ping_status":"closed","sticky":false,"template":"","format":"standard","meta":{"_editorskit_title_hidden":false,"_editorskit_reading_time":0,"_editorskit_is_block_options_detached":false,"_editorskit_block_options_position":"{}","footnotes":""},"categories":[2,35,37],"tags":[],"class_list":["post-1920","post","type-post","status-publish","format-standard","hentry","category-auteur","category-biennale-2023","category-programme-2023"],"yoast_head":"<!-- This site is optimized with the Yoast SEO plugin v27.5 - https:\/\/yoast.com\/product\/yoast-seo-wordpress\/ -->\n<title>Les auteurs en 2023 - Biennale Culturelle Ma\u00e7onnique de Bordeaux<\/title>\n<meta name=\"robots\" content=\"index, follow, max-snippet:-1, max-image-preview:large, max-video-preview:-1\" \/>\n<link rel=\"canonical\" href=\"https:\/\/www.imaq.fr\/blog\/2023\/10\/les-auteurs-en-2023\/\" \/>\n<meta property=\"og:locale\" content=\"fr_FR\" \/>\n<meta property=\"og:type\" content=\"article\" \/>\n<meta property=\"og:title\" content=\"Les auteurs en 2023 - Biennale Culturelle Ma\u00e7onnique de Bordeaux\" \/>\n<meta property=\"og:description\" content=\"G\u00e9rard BENICHOU Il vient de publier chez Num\u00e9rilivre un ouvrage sous le titre de \u00ab\u00a0La Kabbale &#8211; Le berceau de la Franc-Ma\u00e7onnerie\u00ab\u00a0. Voir sa fiche Richard BORDES Il est l&rsquo;auteur du livre \u00ab\u00a0Les origines anglaise de la franc-ma\u00e7onnerie moderne\u00ab\u00a0, aux Editions Ma\u00efa, collection Savoirs partag\u00e9s. Voir sa fiche Marine CALMET Elle signera son livre intitul\u00e9 [&hellip;]\" \/>\n<meta property=\"og:url\" content=\"https:\/\/www.imaq.fr\/blog\/2023\/10\/les-auteurs-en-2023\/\" \/>\n<meta property=\"og:site_name\" content=\"Biennale Culturelle Ma\u00e7onnique de Bordeaux\" \/>\n<meta property=\"article:publisher\" content=\"https:\/\/www.facebook.com\/biennaleculturellemaconnique.bordeaux\" \/>\n<meta property=\"article:published_time\" content=\"2023-10-02T11:56:00+00:00\" \/>\n<meta property=\"article:modified_time\" content=\"2025-01-16T10:46:50+00:00\" \/>\n<meta name=\"author\" content=\"BCMB\" \/>\n<meta name=\"twitter:card\" content=\"summary_large_image\" \/>\n<meta name=\"twitter:label1\" content=\"\u00c9crit par\" \/>\n\t<meta name=\"twitter:data1\" content=\"BCMB\" \/>\n\t<meta name=\"twitter:label2\" content=\"Dur\u00e9e de lecture estim\u00e9e\" \/>\n\t<meta name=\"twitter:data2\" content=\"3 minutes\" \/>\n<script type=\"application\/ld+json\" class=\"yoast-schema-graph\">{\"@context\":\"https:\\\/\\\/schema.org\",\"@graph\":[{\"@type\":\"Article\",\"@id\":\"https:\\\/\\\/www.imaq.fr\\\/blog\\\/2023\\\/10\\\/les-auteurs-en-2023\\\/#article\",\"isPartOf\":{\"@id\":\"https:\\\/\\\/www.imaq.fr\\\/blog\\\/2023\\\/10\\\/les-auteurs-en-2023\\\/\"},\"author\":{\"name\":\"BCMB\",\"@id\":\"https:\\\/\\\/www.imaq.fr\\\/blog\\\/#\\\/schema\\\/person\\\/3df683af05c9d4e9401e01364d03a5fd\"},\"headline\":\"Les auteurs en 2023\",\"datePublished\":\"2023-10-02T11:56:00+00:00\",\"dateModified\":\"2025-01-16T10:46:50+00:00\",\"mainEntityOfPage\":{\"@id\":\"https:\\\/\\\/www.imaq.fr\\\/blog\\\/2023\\\/10\\\/les-auteurs-en-2023\\\/\"},\"wordCount\":572,\"publisher\":{\"@id\":\"https:\\\/\\\/www.imaq.fr\\\/blog\\\/#organization\"},\"articleSection\":[\"Auteurs\",\"Biennale 2023\",\"Programme 2023\"],\"inLanguage\":\"fr-FR\"},{\"@type\":\"WebPage\",\"@id\":\"https:\\\/\\\/www.imaq.fr\\\/blog\\\/2023\\\/10\\\/les-auteurs-en-2023\\\/\",\"url\":\"https:\\\/\\\/www.imaq.fr\\\/blog\\\/2023\\\/10\\\/les-auteurs-en-2023\\\/\",\"name\":\"Les auteurs en 2023 - Biennale Culturelle Ma\u00e7onnique de Bordeaux\",\"isPartOf\":{\"@id\":\"https:\\\/\\\/www.imaq.fr\\\/blog\\\/#website\"},\"datePublished\":\"2023-10-02T11:56:00+00:00\",\"dateModified\":\"2025-01-16T10:46:50+00:00\",\"breadcrumb\":{\"@id\":\"https:\\\/\\\/www.imaq.fr\\\/blog\\\/2023\\\/10\\\/les-auteurs-en-2023\\\/#breadcrumb\"},\"inLanguage\":\"fr-FR\",\"potentialAction\":[{\"@type\":\"ReadAction\",\"target\":[\"https:\\\/\\\/www.imaq.fr\\\/blog\\\/2023\\\/10\\\/les-auteurs-en-2023\\\/\"]}]},{\"@type\":\"BreadcrumbList\",\"@id\":\"https:\\\/\\\/www.imaq.fr\\\/blog\\\/2023\\\/10\\\/les-auteurs-en-2023\\\/#breadcrumb\",\"itemListElement\":[{\"@type\":\"ListItem\",\"position\":1,\"name\":\"Accueil\",\"item\":\"https:\\\/\\\/www.imaq.fr\\\/blog\\\/\"},{\"@type\":\"ListItem\",\"position\":2,\"name\":\"Les auteurs en 2023\"}]},{\"@type\":\"WebSite\",\"@id\":\"https:\\\/\\\/www.imaq.fr\\\/blog\\\/#website\",\"url\":\"https:\\\/\\\/www.imaq.fr\\\/blog\\\/\",\"name\":\"Biennale Culturelle Ma\u00e7onnique de Bordeaux\",\"description\":\"IMAQ\",\"publisher\":{\"@id\":\"https:\\\/\\\/www.imaq.fr\\\/blog\\\/#organization\"},\"potentialAction\":[{\"@type\":\"SearchAction\",\"target\":{\"@type\":\"EntryPoint\",\"urlTemplate\":\"https:\\\/\\\/www.imaq.fr\\\/blog\\\/?s={search_term_string}\"},\"query-input\":{\"@type\":\"PropertyValueSpecification\",\"valueRequired\":true,\"valueName\":\"search_term_string\"}}],\"inLanguage\":\"fr-FR\"},{\"@type\":\"Organization\",\"@id\":\"https:\\\/\\\/www.imaq.fr\\\/blog\\\/#organization\",\"name\":\"Biennale Culturelle Ma\u00e7onnique de Bordeaux\",\"url\":\"https:\\\/\\\/www.imaq.fr\\\/blog\\\/\",\"logo\":{\"@type\":\"ImageObject\",\"inLanguage\":\"fr-FR\",\"@id\":\"https:\\\/\\\/www.imaq.fr\\\/blog\\\/#\\\/schema\\\/logo\\\/image\\\/\",\"url\":\"https:\\\/\\\/www.imaq.fr\\\/blog\\\/wp-content\\\/uploads\\\/2014\\\/12\\\/logo-bcmc.jpg\",\"contentUrl\":\"https:\\\/\\\/www.imaq.fr\\\/blog\\\/wp-content\\\/uploads\\\/2014\\\/12\\\/logo-bcmc.jpg\",\"width\":759,\"height\":784,\"caption\":\"Biennale Culturelle Ma\u00e7onnique de Bordeaux\"},\"image\":{\"@id\":\"https:\\\/\\\/www.imaq.fr\\\/blog\\\/#\\\/schema\\\/logo\\\/image\\\/\"},\"sameAs\":[\"https:\\\/\\\/www.facebook.com\\\/biennaleculturellemaconnique.bordeaux\"]},{\"@type\":\"Person\",\"@id\":\"https:\\\/\\\/www.imaq.fr\\\/blog\\\/#\\\/schema\\\/person\\\/3df683af05c9d4e9401e01364d03a5fd\",\"name\":\"BCMB\",\"image\":{\"@type\":\"ImageObject\",\"inLanguage\":\"fr-FR\",\"@id\":\"https:\\\/\\\/secure.gravatar.com\\\/avatar\\\/d6fbbbb38de40bcc3a41d4467d090d3b92513d4eb33fc933729359bbce505880?s=96&d=identicon&r=g\",\"url\":\"https:\\\/\\\/secure.gravatar.com\\\/avatar\\\/d6fbbbb38de40bcc3a41d4467d090d3b92513d4eb33fc933729359bbce505880?s=96&d=identicon&r=g\",\"contentUrl\":\"https:\\\/\\\/secure.gravatar.com\\\/avatar\\\/d6fbbbb38de40bcc3a41d4467d090d3b92513d4eb33fc933729359bbce505880?s=96&d=identicon&r=g\",\"caption\":\"BCMB\"},\"sameAs\":[\"https:\\\/\\\/www.imaq.fr\"],\"url\":\"https:\\\/\\\/www.imaq.fr\\\/blog\\\/author\\\/pomirol\\\/\"}]}<\/script>\n<!-- \/ Yoast SEO plugin. -->","yoast_head_json":{"title":"Les auteurs en 2023 - Biennale Culturelle Ma\u00e7onnique de Bordeaux","robots":{"index":"index","follow":"follow","max-snippet":"max-snippet:-1","max-image-preview":"max-image-preview:large","max-video-preview":"max-video-preview:-1"},"canonical":"https:\/\/www.imaq.fr\/blog\/2023\/10\/les-auteurs-en-2023\/","og_locale":"fr_FR","og_type":"article","og_title":"Les auteurs en 2023 - Biennale Culturelle Ma\u00e7onnique de Bordeaux","og_description":"G\u00e9rard BENICHOU Il vient de publier chez Num\u00e9rilivre un ouvrage sous le titre de \u00ab\u00a0La Kabbale &#8211; Le berceau de la Franc-Ma\u00e7onnerie\u00ab\u00a0. Voir sa fiche Richard BORDES Il est l&rsquo;auteur du livre \u00ab\u00a0Les origines anglaise de la franc-ma\u00e7onnerie moderne\u00ab\u00a0, aux Editions Ma\u00efa, collection Savoirs partag\u00e9s. Voir sa fiche Marine CALMET Elle signera son livre intitul\u00e9 [&hellip;]","og_url":"https:\/\/www.imaq.fr\/blog\/2023\/10\/les-auteurs-en-2023\/","og_site_name":"Biennale Culturelle Ma\u00e7onnique de Bordeaux","article_publisher":"https:\/\/www.facebook.com\/biennaleculturellemaconnique.bordeaux","article_published_time":"2023-10-02T11:56:00+00:00","article_modified_time":"2025-01-16T10:46:50+00:00","author":"BCMB","twitter_card":"summary_large_image","twitter_misc":{"\u00c9crit par":"BCMB","Dur\u00e9e de lecture estim\u00e9e":"3 minutes"},"schema":{"@context":"https:\/\/schema.org","@graph":[{"@type":"Article","@id":"https:\/\/www.imaq.fr\/blog\/2023\/10\/les-auteurs-en-2023\/#article","isPartOf":{"@id":"https:\/\/www.imaq.fr\/blog\/2023\/10\/les-auteurs-en-2023\/"},"author":{"name":"BCMB","@id":"https:\/\/www.imaq.fr\/blog\/#\/schema\/person\/3df683af05c9d4e9401e01364d03a5fd"},"headline":"Les auteurs en 2023","datePublished":"2023-10-02T11:56:00+00:00","dateModified":"2025-01-16T10:46:50+00:00","mainEntityOfPage":{"@id":"https:\/\/www.imaq.fr\/blog\/2023\/10\/les-auteurs-en-2023\/"},"wordCount":572,"publisher":{"@id":"https:\/\/www.imaq.fr\/blog\/#organization"},"articleSection":["Auteurs","Biennale 2023","Programme 2023"],"inLanguage":"fr-FR"},{"@type":"WebPage","@id":"https:\/\/www.imaq.fr\/blog\/2023\/10\/les-auteurs-en-2023\/","url":"https:\/\/www.imaq.fr\/blog\/2023\/10\/les-auteurs-en-2023\/","name":"Les auteurs en 2023 - Biennale Culturelle Ma\u00e7onnique de Bordeaux","isPartOf":{"@id":"https:\/\/www.imaq.fr\/blog\/#website"},"datePublished":"2023-10-02T11:56:00+00:00","dateModified":"2025-01-16T10:46:50+00:00","breadcrumb":{"@id":"https:\/\/www.imaq.fr\/blog\/2023\/10\/les-auteurs-en-2023\/#breadcrumb"},"inLanguage":"fr-FR","potentialAction":[{"@type":"ReadAction","target":["https:\/\/www.imaq.fr\/blog\/2023\/10\/les-auteurs-en-2023\/"]}]},{"@type":"BreadcrumbList","@id":"https:\/\/www.imaq.fr\/blog\/2023\/10\/les-auteurs-en-2023\/#breadcrumb","itemListElement":[{"@type":"ListItem","position":1,"name":"Accueil","item":"https:\/\/www.imaq.fr\/blog\/"},{"@type":"ListItem","position":2,"name":"Les auteurs en 2023"}]},{"@type":"WebSite","@id":"https:\/\/www.imaq.fr\/blog\/#website","url":"https:\/\/www.imaq.fr\/blog\/","name":"Biennale Culturelle Ma\u00e7onnique de Bordeaux","description":"IMAQ","publisher":{"@id":"https:\/\/www.imaq.fr\/blog\/#organization"},"potentialAction":[{"@type":"SearchAction","target":{"@type":"EntryPoint","urlTemplate":"https:\/\/www.imaq.fr\/blog\/?s={search_term_string}"},"query-input":{"@type":"PropertyValueSpecification","valueRequired":true,"valueName":"search_term_string"}}],"inLanguage":"fr-FR"},{"@type":"Organization","@id":"https:\/\/www.imaq.fr\/blog\/#organization","name":"Biennale Culturelle Ma\u00e7onnique de Bordeaux","url":"https:\/\/www.imaq.fr\/blog\/","logo":{"@type":"ImageObject","inLanguage":"fr-FR","@id":"https:\/\/www.imaq.fr\/blog\/#\/schema\/logo\/image\/","url":"https:\/\/www.imaq.fr\/blog\/wp-content\/uploads\/2014\/12\/logo-bcmc.jpg","contentUrl":"https:\/\/www.imaq.fr\/blog\/wp-content\/uploads\/2014\/12\/logo-bcmc.jpg","width":759,"height":784,"caption":"Biennale Culturelle Ma\u00e7onnique de Bordeaux"},"image":{"@id":"https:\/\/www.imaq.fr\/blog\/#\/schema\/logo\/image\/"},"sameAs":["https:\/\/www.facebook.com\/biennaleculturellemaconnique.bordeaux"]},{"@type":"Person","@id":"https:\/\/www.imaq.fr\/blog\/#\/schema\/person\/3df683af05c9d4e9401e01364d03a5fd","name":"BCMB","image":{"@type":"ImageObject","inLanguage":"fr-FR","@id":"https:\/\/secure.gravatar.com\/avatar\/d6fbbbb38de40bcc3a41d4467d090d3b92513d4eb33fc933729359bbce505880?s=96&d=identicon&r=g","url":"https:\/\/secure.gravatar.com\/avatar\/d6fbbbb38de40bcc3a41d4467d090d3b92513d4eb33fc933729359bbce505880?s=96&d=identicon&r=g","contentUrl":"https:\/\/secure.gravatar.com\/avatar\/d6fbbbb38de40bcc3a41d4467d090d3b92513d4eb33fc933729359bbce505880?s=96&d=identicon&r=g","caption":"BCMB"},"sameAs":["https:\/\/www.imaq.fr"],"url":"https:\/\/www.imaq.fr\/blog\/author\/pomirol\/"}]}},"_links":{"self":[{"href":"https:\/\/www.imaq.fr\/blog\/wp-json\/wp\/v2\/posts\/1920","targetHints":{"allow":["GET"]}}],"collection":[{"href":"https:\/\/www.imaq.fr\/blog\/wp-json\/wp\/v2\/posts"}],"about":[{"href":"https:\/\/www.imaq.fr\/blog\/wp-json\/wp\/v2\/types\/post"}],"author":[{"embeddable":true,"href":"https:\/\/www.imaq.fr\/blog\/wp-json\/wp\/v2\/users\/2"}],"replies":[{"embeddable":true,"href":"https:\/\/www.imaq.fr\/blog\/wp-json\/wp\/v2\/comments?post=1920"}],"version-history":[{"count":0,"href":"https:\/\/www.imaq.fr\/blog\/wp-json\/wp\/v2\/posts\/1920\/revisions"}],"wp:attachment":[{"href":"https:\/\/www.imaq.fr\/blog\/wp-json\/wp\/v2\/media?parent=1920"}],"wp:term":[{"taxonomy":"category","embeddable":true,"href":"https:\/\/www.imaq.fr\/blog\/wp-json\/wp\/v2\/categories?post=1920"},{"taxonomy":"post_tag","embeddable":true,"href":"https:\/\/www.imaq.fr\/blog\/wp-json\/wp\/v2\/tags?post=1920"}],"curies":[{"name":"wp","href":"https:\/\/api.w.org\/{rel}","templated":true}]}}