{"id":1937,"date":"2023-10-01T10:04:59","date_gmt":"2023-10-01T10:04:59","guid":{"rendered":"https:\/\/www.imaq.fr\/blog\/?p=1937"},"modified":"2023-10-01T10:07:43","modified_gmt":"2023-10-01T10:07:43","slug":"gael-judic","status":"publish","type":"post","link":"https:\/\/www.imaq.fr\/blog\/2023\/10\/gael-judic\/","title":{"rendered":"Ga\u00ebl JUDIC"},"content":{"rendered":"\n<div class=\"wp-block-columns is-layout-flex wp-container-core-columns-is-layout-28f84493 wp-block-columns-is-layout-flex\">\n<div class=\"wp-block-column is-layout-flow wp-block-column-is-layout-flow\" style=\"flex-basis:33.33%\">\n<figure class=\"wp-block-image size-full is-resized\"><a href=\"https:\/\/www.imaq.fr\/blog\/wp-content\/uploads\/2023\/10\/gael-judic.jpeg\"><img decoding=\"async\" src=\"https:\/\/www.imaq.fr\/blog\/wp-content\/uploads\/2023\/10\/gael-judic.jpeg\" alt=\"Ga\u00ebl JUDIC\" class=\"wp-image-1938 colorbox-1937\" style=\"width:120px\" width=\"120\" srcset=\"https:\/\/www.imaq.fr\/blog\/wp-content\/uploads\/2023\/10\/gael-judic.jpeg 260w, https:\/\/www.imaq.fr\/blog\/wp-content\/uploads\/2023\/10\/gael-judic-214x300.jpeg 214w\" sizes=\"(max-width: 260px) 100vw, 260px\" \/><\/a><\/figure>\n<\/div>\n\n\n\n<div class=\"wp-block-column is-layout-flow wp-block-column-is-layout-flow\" style=\"flex-basis:66.66%\">\n<p>Photographe auteur, n\u00e9 \u00e0 Paris, form\u00e9 aux techniques utilis\u00e9es par le Studio Harcourt de Paris, Ga\u00ebl JUDIC f\u00fbt, d\u00e8s l\u2019adolescence, influenc\u00e9 par Henri Cartier Bresson qui inspira ses premi\u00e8res photographies argentiques de sc\u00e8nes de rues.<\/p>\n<\/div>\n<\/div>\n\n\n\n<p>Sa sensibilit\u00e9 humaniste l\u2019amena en Afrique r\u00e9aliser une s\u00e9rie de clich\u00e9s sur les rituels du Peuple Bassari et des portraits \u00abregards d\u2019enfants\u00bb publi\u00e9s dans le livre d&rsquo;art \u00ab\u00a0PORTRAIT ART TODAY\u00a0\u00bb disponibles en librairie, (Editions Patou).<\/p>\n\n\n\n<p>Ses \u0153uvres, publi\u00e9es par les magazines : Artension, \u00ab\u00a0ART \u00a7 Design\u00a0\u00bb, Art Absolument, Univers des Arts, Annuaire International des Beaux Arts \u2026 et les Livres d&rsquo;Art prestigieux : Art Collector Histoire d&rsquo; Art et le WHO&rsquo;S WHO in International Art, ont fait l\u2019objet d\u2019une analyse artistique par le critique d\u2019art Francis Parent.<\/p>\n\n\n\n<p>Ga\u00ebl JUDIC, qui dispose de son propre studio en Lumi\u00e8re continue, est l\u2019un des premiers photographes \u00e0 pr\u00e9senter des \u00ab\u0152uvres qui parlent\u00bb, concept de d\u00e9couverte audio-visuel de l\u2019art, notamment \u00e0 ARTEXPO NEW YORK, Paris, Bruxelles, Shanghai, P\u00e9kin, Lecce\u2026<\/p>\n\n\n\n<p>Il expose, aujourd&rsquo;hui, sous toutes les latitudes : France, Belgique, USA, Cor\u00e9e du Sud, Chine\u2026 Il s\u2019oriente vers une expression plus symbolique, \u00e0 la recherche \u00abdu beau artistique\u00bb, si cher \u00e0 Hegel.<\/p>\n\n\n\n<p>Il est d\u00e9tenteur d&rsquo;une cote officielle, consultable notamment sur akoun.com et artprice.com<\/p>\n\n\n\n<figure class=\"wp-block-image size-full is-resized\"><a href=\"https:\/\/www.imaq.fr\/blog\/wp-content\/uploads\/2023\/10\/gael-judic-logo.jpeg\"><img decoding=\"async\" src=\"https:\/\/www.imaq.fr\/blog\/wp-content\/uploads\/2023\/10\/gael-judic-logo.jpeg\" alt=\"Ga\u00ebl Judic Studio\" class=\"wp-image-1939 colorbox-1937\" style=\"height:100px\" height=\"100\" srcset=\"https:\/\/www.imaq.fr\/blog\/wp-content\/uploads\/2023\/10\/gael-judic-logo.jpeg 393w, https:\/\/www.imaq.fr\/blog\/wp-content\/uploads\/2023\/10\/gael-judic-logo-300x102.jpeg 300w\" sizes=\"(max-width: 393px) 100vw, 393px\" \/><\/a><\/figure>\n\n\n\n<p>Membre de la Soci\u00e9t\u00e9 des Auteurs des Arts visuels et de l&rsquo;Image Fixe<br>Membre de la Maison des Artistes<\/p>\n","protected":false},"excerpt":{"rendered":"<p>Photographe auteur, n\u00e9 \u00e0 Paris, form\u00e9 aux techniques utilis\u00e9es par le Studio Harcourt de Paris, Ga\u00ebl JUDIC f\u00fbt, d\u00e8s l\u2019adolescence, influenc\u00e9 par Henri Cartier Bresson qui inspira ses premi\u00e8res photographies argentiques de sc\u00e8nes de rues. Sa sensibilit\u00e9 humaniste l\u2019amena en Afrique r\u00e9aliser une s\u00e9rie de clich\u00e9s sur les rituels du Peuple Bassari et des portraits [&hellip;]<\/p>\n","protected":false},"author":2,"featured_media":0,"comment_status":"closed","ping_status":"open","sticky":false,"template":"","format":"standard","meta":{"_editorskit_title_hidden":false,"_editorskit_reading_time":0,"_editorskit_is_block_options_detached":false,"_editorskit_block_options_position":"{}","footnotes":""},"categories":[2,35],"tags":[],"class_list":["post-1937","post","type-post","status-publish","format-standard","hentry","category-auteur","category-biennale-2023"],"yoast_head":"<!-- This site is optimized with the Yoast SEO plugin v27.5 - https:\/\/yoast.com\/product\/yoast-seo-wordpress\/ -->\n<title>Ga\u00ebl JUDIC - Biennale Culturelle Ma\u00e7onnique de Bordeaux<\/title>\n<meta name=\"robots\" content=\"index, follow, max-snippet:-1, max-image-preview:large, max-video-preview:-1\" \/>\n<link rel=\"canonical\" href=\"https:\/\/www.imaq.fr\/blog\/2023\/10\/gael-judic\/\" \/>\n<meta property=\"og:locale\" content=\"fr_FR\" \/>\n<meta property=\"og:type\" content=\"article\" \/>\n<meta property=\"og:title\" content=\"Ga\u00ebl JUDIC - Biennale Culturelle Ma\u00e7onnique de Bordeaux\" \/>\n<meta property=\"og:description\" content=\"Photographe auteur, n\u00e9 \u00e0 Paris, form\u00e9 aux techniques utilis\u00e9es par le Studio Harcourt de Paris, Ga\u00ebl JUDIC f\u00fbt, d\u00e8s l\u2019adolescence, influenc\u00e9 par Henri Cartier Bresson qui inspira ses premi\u00e8res photographies argentiques de sc\u00e8nes de rues. Sa sensibilit\u00e9 humaniste l\u2019amena en Afrique r\u00e9aliser une s\u00e9rie de clich\u00e9s sur les rituels du Peuple Bassari et des portraits [&hellip;]\" \/>\n<meta property=\"og:url\" content=\"https:\/\/www.imaq.fr\/blog\/2023\/10\/gael-judic\/\" \/>\n<meta property=\"og:site_name\" content=\"Biennale Culturelle Ma\u00e7onnique de Bordeaux\" \/>\n<meta property=\"article:publisher\" content=\"https:\/\/www.facebook.com\/biennaleculturellemaconnique.bordeaux\" \/>\n<meta property=\"article:published_time\" content=\"2023-10-01T10:04:59+00:00\" \/>\n<meta property=\"article:modified_time\" content=\"2023-10-01T10:07:43+00:00\" \/>\n<meta property=\"og:image\" content=\"https:\/\/www.imaq.fr\/blog\/wp-content\/uploads\/2023\/10\/gael-judic.jpeg\" \/>\n\t<meta property=\"og:image:width\" content=\"260\" \/>\n\t<meta property=\"og:image:height\" content=\"365\" \/>\n\t<meta property=\"og:image:type\" content=\"image\/jpeg\" \/>\n<meta name=\"author\" content=\"BCMB\" \/>\n<meta name=\"twitter:card\" content=\"summary_large_image\" \/>\n<meta name=\"twitter:label1\" content=\"\u00c9crit par\" \/>\n\t<meta name=\"twitter:data1\" content=\"BCMB\" \/>\n\t<meta name=\"twitter:label2\" content=\"Dur\u00e9e de lecture estim\u00e9e\" \/>\n\t<meta name=\"twitter:data2\" content=\"1 minute\" \/>\n<script type=\"application\/ld+json\" class=\"yoast-schema-graph\">{\"@context\":\"https:\\\/\\\/schema.org\",\"@graph\":[{\"@type\":\"Article\",\"@id\":\"https:\\\/\\\/www.imaq.fr\\\/blog\\\/2023\\\/10\\\/gael-judic\\\/#article\",\"isPartOf\":{\"@id\":\"https:\\\/\\\/www.imaq.fr\\\/blog\\\/2023\\\/10\\\/gael-judic\\\/\"},\"author\":{\"name\":\"BCMB\",\"@id\":\"https:\\\/\\\/www.imaq.fr\\\/blog\\\/#\\\/schema\\\/person\\\/3df683af05c9d4e9401e01364d03a5fd\"},\"headline\":\"Ga\u00ebl JUDIC\",\"datePublished\":\"2023-10-01T10:04:59+00:00\",\"dateModified\":\"2023-10-01T10:07:43+00:00\",\"mainEntityOfPage\":{\"@id\":\"https:\\\/\\\/www.imaq.fr\\\/blog\\\/2023\\\/10\\\/gael-judic\\\/\"},\"wordCount\":251,\"publisher\":{\"@id\":\"https:\\\/\\\/www.imaq.fr\\\/blog\\\/#organization\"},\"image\":{\"@id\":\"https:\\\/\\\/www.imaq.fr\\\/blog\\\/2023\\\/10\\\/gael-judic\\\/#primaryimage\"},\"thumbnailUrl\":\"https:\\\/\\\/www.imaq.fr\\\/blog\\\/wp-content\\\/uploads\\\/2023\\\/10\\\/gael-judic.jpeg\",\"articleSection\":[\"Auteurs\",\"Biennale 2023\"],\"inLanguage\":\"fr-FR\"},{\"@type\":\"WebPage\",\"@id\":\"https:\\\/\\\/www.imaq.fr\\\/blog\\\/2023\\\/10\\\/gael-judic\\\/\",\"url\":\"https:\\\/\\\/www.imaq.fr\\\/blog\\\/2023\\\/10\\\/gael-judic\\\/\",\"name\":\"Ga\u00ebl JUDIC - Biennale Culturelle Ma\u00e7onnique de Bordeaux\",\"isPartOf\":{\"@id\":\"https:\\\/\\\/www.imaq.fr\\\/blog\\\/#website\"},\"primaryImageOfPage\":{\"@id\":\"https:\\\/\\\/www.imaq.fr\\\/blog\\\/2023\\\/10\\\/gael-judic\\\/#primaryimage\"},\"image\":{\"@id\":\"https:\\\/\\\/www.imaq.fr\\\/blog\\\/2023\\\/10\\\/gael-judic\\\/#primaryimage\"},\"thumbnailUrl\":\"https:\\\/\\\/www.imaq.fr\\\/blog\\\/wp-content\\\/uploads\\\/2023\\\/10\\\/gael-judic.jpeg\",\"datePublished\":\"2023-10-01T10:04:59+00:00\",\"dateModified\":\"2023-10-01T10:07:43+00:00\",\"breadcrumb\":{\"@id\":\"https:\\\/\\\/www.imaq.fr\\\/blog\\\/2023\\\/10\\\/gael-judic\\\/#breadcrumb\"},\"inLanguage\":\"fr-FR\",\"potentialAction\":[{\"@type\":\"ReadAction\",\"target\":[\"https:\\\/\\\/www.imaq.fr\\\/blog\\\/2023\\\/10\\\/gael-judic\\\/\"]}]},{\"@type\":\"ImageObject\",\"inLanguage\":\"fr-FR\",\"@id\":\"https:\\\/\\\/www.imaq.fr\\\/blog\\\/2023\\\/10\\\/gael-judic\\\/#primaryimage\",\"url\":\"https:\\\/\\\/www.imaq.fr\\\/blog\\\/wp-content\\\/uploads\\\/2023\\\/10\\\/gael-judic.jpeg\",\"contentUrl\":\"https:\\\/\\\/www.imaq.fr\\\/blog\\\/wp-content\\\/uploads\\\/2023\\\/10\\\/gael-judic.jpeg\"},{\"@type\":\"BreadcrumbList\",\"@id\":\"https:\\\/\\\/www.imaq.fr\\\/blog\\\/2023\\\/10\\\/gael-judic\\\/#breadcrumb\",\"itemListElement\":[{\"@type\":\"ListItem\",\"position\":1,\"name\":\"Accueil\",\"item\":\"https:\\\/\\\/www.imaq.fr\\\/blog\\\/\"},{\"@type\":\"ListItem\",\"position\":2,\"name\":\"Ga\u00ebl JUDIC\"}]},{\"@type\":\"WebSite\",\"@id\":\"https:\\\/\\\/www.imaq.fr\\\/blog\\\/#website\",\"url\":\"https:\\\/\\\/www.imaq.fr\\\/blog\\\/\",\"name\":\"Biennale Culturelle Ma\u00e7onnique de Bordeaux\",\"description\":\"IMAQ\",\"publisher\":{\"@id\":\"https:\\\/\\\/www.imaq.fr\\\/blog\\\/#organization\"},\"potentialAction\":[{\"@type\":\"SearchAction\",\"target\":{\"@type\":\"EntryPoint\",\"urlTemplate\":\"https:\\\/\\\/www.imaq.fr\\\/blog\\\/?s={search_term_string}\"},\"query-input\":{\"@type\":\"PropertyValueSpecification\",\"valueRequired\":true,\"valueName\":\"search_term_string\"}}],\"inLanguage\":\"fr-FR\"},{\"@type\":\"Organization\",\"@id\":\"https:\\\/\\\/www.imaq.fr\\\/blog\\\/#organization\",\"name\":\"Biennale Culturelle Ma\u00e7onnique de Bordeaux\",\"url\":\"https:\\\/\\\/www.imaq.fr\\\/blog\\\/\",\"logo\":{\"@type\":\"ImageObject\",\"inLanguage\":\"fr-FR\",\"@id\":\"https:\\\/\\\/www.imaq.fr\\\/blog\\\/#\\\/schema\\\/logo\\\/image\\\/\",\"url\":\"https:\\\/\\\/www.imaq.fr\\\/blog\\\/wp-content\\\/uploads\\\/2014\\\/12\\\/logo-bcmc.jpg\",\"contentUrl\":\"https:\\\/\\\/www.imaq.fr\\\/blog\\\/wp-content\\\/uploads\\\/2014\\\/12\\\/logo-bcmc.jpg\",\"width\":759,\"height\":784,\"caption\":\"Biennale Culturelle Ma\u00e7onnique de Bordeaux\"},\"image\":{\"@id\":\"https:\\\/\\\/www.imaq.fr\\\/blog\\\/#\\\/schema\\\/logo\\\/image\\\/\"},\"sameAs\":[\"https:\\\/\\\/www.facebook.com\\\/biennaleculturellemaconnique.bordeaux\"]},{\"@type\":\"Person\",\"@id\":\"https:\\\/\\\/www.imaq.fr\\\/blog\\\/#\\\/schema\\\/person\\\/3df683af05c9d4e9401e01364d03a5fd\",\"name\":\"BCMB\",\"image\":{\"@type\":\"ImageObject\",\"inLanguage\":\"fr-FR\",\"@id\":\"https:\\\/\\\/secure.gravatar.com\\\/avatar\\\/d6fbbbb38de40bcc3a41d4467d090d3b92513d4eb33fc933729359bbce505880?s=96&d=identicon&r=g\",\"url\":\"https:\\\/\\\/secure.gravatar.com\\\/avatar\\\/d6fbbbb38de40bcc3a41d4467d090d3b92513d4eb33fc933729359bbce505880?s=96&d=identicon&r=g\",\"contentUrl\":\"https:\\\/\\\/secure.gravatar.com\\\/avatar\\\/d6fbbbb38de40bcc3a41d4467d090d3b92513d4eb33fc933729359bbce505880?s=96&d=identicon&r=g\",\"caption\":\"BCMB\"},\"sameAs\":[\"https:\\\/\\\/www.imaq.fr\"],\"url\":\"https:\\\/\\\/www.imaq.fr\\\/blog\\\/author\\\/pomirol\\\/\"}]}<\/script>\n<!-- \/ Yoast SEO plugin. -->","yoast_head_json":{"title":"Ga\u00ebl JUDIC - Biennale Culturelle Ma\u00e7onnique de Bordeaux","robots":{"index":"index","follow":"follow","max-snippet":"max-snippet:-1","max-image-preview":"max-image-preview:large","max-video-preview":"max-video-preview:-1"},"canonical":"https:\/\/www.imaq.fr\/blog\/2023\/10\/gael-judic\/","og_locale":"fr_FR","og_type":"article","og_title":"Ga\u00ebl JUDIC - Biennale Culturelle Ma\u00e7onnique de Bordeaux","og_description":"Photographe auteur, n\u00e9 \u00e0 Paris, form\u00e9 aux techniques utilis\u00e9es par le Studio Harcourt de Paris, Ga\u00ebl JUDIC f\u00fbt, d\u00e8s l\u2019adolescence, influenc\u00e9 par Henri Cartier Bresson qui inspira ses premi\u00e8res photographies argentiques de sc\u00e8nes de rues. Sa sensibilit\u00e9 humaniste l\u2019amena en Afrique r\u00e9aliser une s\u00e9rie de clich\u00e9s sur les rituels du Peuple Bassari et des portraits [&hellip;]","og_url":"https:\/\/www.imaq.fr\/blog\/2023\/10\/gael-judic\/","og_site_name":"Biennale Culturelle Ma\u00e7onnique de Bordeaux","article_publisher":"https:\/\/www.facebook.com\/biennaleculturellemaconnique.bordeaux","article_published_time":"2023-10-01T10:04:59+00:00","article_modified_time":"2023-10-01T10:07:43+00:00","og_image":[{"width":260,"height":365,"url":"https:\/\/www.imaq.fr\/blog\/wp-content\/uploads\/2023\/10\/gael-judic.jpeg","type":"image\/jpeg"}],"author":"BCMB","twitter_card":"summary_large_image","twitter_misc":{"\u00c9crit par":"BCMB","Dur\u00e9e de lecture estim\u00e9e":"1 minute"},"schema":{"@context":"https:\/\/schema.org","@graph":[{"@type":"Article","@id":"https:\/\/www.imaq.fr\/blog\/2023\/10\/gael-judic\/#article","isPartOf":{"@id":"https:\/\/www.imaq.fr\/blog\/2023\/10\/gael-judic\/"},"author":{"name":"BCMB","@id":"https:\/\/www.imaq.fr\/blog\/#\/schema\/person\/3df683af05c9d4e9401e01364d03a5fd"},"headline":"Ga\u00ebl JUDIC","datePublished":"2023-10-01T10:04:59+00:00","dateModified":"2023-10-01T10:07:43+00:00","mainEntityOfPage":{"@id":"https:\/\/www.imaq.fr\/blog\/2023\/10\/gael-judic\/"},"wordCount":251,"publisher":{"@id":"https:\/\/www.imaq.fr\/blog\/#organization"},"image":{"@id":"https:\/\/www.imaq.fr\/blog\/2023\/10\/gael-judic\/#primaryimage"},"thumbnailUrl":"https:\/\/www.imaq.fr\/blog\/wp-content\/uploads\/2023\/10\/gael-judic.jpeg","articleSection":["Auteurs","Biennale 2023"],"inLanguage":"fr-FR"},{"@type":"WebPage","@id":"https:\/\/www.imaq.fr\/blog\/2023\/10\/gael-judic\/","url":"https:\/\/www.imaq.fr\/blog\/2023\/10\/gael-judic\/","name":"Ga\u00ebl JUDIC - Biennale Culturelle Ma\u00e7onnique de Bordeaux","isPartOf":{"@id":"https:\/\/www.imaq.fr\/blog\/#website"},"primaryImageOfPage":{"@id":"https:\/\/www.imaq.fr\/blog\/2023\/10\/gael-judic\/#primaryimage"},"image":{"@id":"https:\/\/www.imaq.fr\/blog\/2023\/10\/gael-judic\/#primaryimage"},"thumbnailUrl":"https:\/\/www.imaq.fr\/blog\/wp-content\/uploads\/2023\/10\/gael-judic.jpeg","datePublished":"2023-10-01T10:04:59+00:00","dateModified":"2023-10-01T10:07:43+00:00","breadcrumb":{"@id":"https:\/\/www.imaq.fr\/blog\/2023\/10\/gael-judic\/#breadcrumb"},"inLanguage":"fr-FR","potentialAction":[{"@type":"ReadAction","target":["https:\/\/www.imaq.fr\/blog\/2023\/10\/gael-judic\/"]}]},{"@type":"ImageObject","inLanguage":"fr-FR","@id":"https:\/\/www.imaq.fr\/blog\/2023\/10\/gael-judic\/#primaryimage","url":"https:\/\/www.imaq.fr\/blog\/wp-content\/uploads\/2023\/10\/gael-judic.jpeg","contentUrl":"https:\/\/www.imaq.fr\/blog\/wp-content\/uploads\/2023\/10\/gael-judic.jpeg"},{"@type":"BreadcrumbList","@id":"https:\/\/www.imaq.fr\/blog\/2023\/10\/gael-judic\/#breadcrumb","itemListElement":[{"@type":"ListItem","position":1,"name":"Accueil","item":"https:\/\/www.imaq.fr\/blog\/"},{"@type":"ListItem","position":2,"name":"Ga\u00ebl JUDIC"}]},{"@type":"WebSite","@id":"https:\/\/www.imaq.fr\/blog\/#website","url":"https:\/\/www.imaq.fr\/blog\/","name":"Biennale Culturelle Ma\u00e7onnique de Bordeaux","description":"IMAQ","publisher":{"@id":"https:\/\/www.imaq.fr\/blog\/#organization"},"potentialAction":[{"@type":"SearchAction","target":{"@type":"EntryPoint","urlTemplate":"https:\/\/www.imaq.fr\/blog\/?s={search_term_string}"},"query-input":{"@type":"PropertyValueSpecification","valueRequired":true,"valueName":"search_term_string"}}],"inLanguage":"fr-FR"},{"@type":"Organization","@id":"https:\/\/www.imaq.fr\/blog\/#organization","name":"Biennale Culturelle Ma\u00e7onnique de Bordeaux","url":"https:\/\/www.imaq.fr\/blog\/","logo":{"@type":"ImageObject","inLanguage":"fr-FR","@id":"https:\/\/www.imaq.fr\/blog\/#\/schema\/logo\/image\/","url":"https:\/\/www.imaq.fr\/blog\/wp-content\/uploads\/2014\/12\/logo-bcmc.jpg","contentUrl":"https:\/\/www.imaq.fr\/blog\/wp-content\/uploads\/2014\/12\/logo-bcmc.jpg","width":759,"height":784,"caption":"Biennale Culturelle Ma\u00e7onnique de Bordeaux"},"image":{"@id":"https:\/\/www.imaq.fr\/blog\/#\/schema\/logo\/image\/"},"sameAs":["https:\/\/www.facebook.com\/biennaleculturellemaconnique.bordeaux"]},{"@type":"Person","@id":"https:\/\/www.imaq.fr\/blog\/#\/schema\/person\/3df683af05c9d4e9401e01364d03a5fd","name":"BCMB","image":{"@type":"ImageObject","inLanguage":"fr-FR","@id":"https:\/\/secure.gravatar.com\/avatar\/d6fbbbb38de40bcc3a41d4467d090d3b92513d4eb33fc933729359bbce505880?s=96&d=identicon&r=g","url":"https:\/\/secure.gravatar.com\/avatar\/d6fbbbb38de40bcc3a41d4467d090d3b92513d4eb33fc933729359bbce505880?s=96&d=identicon&r=g","contentUrl":"https:\/\/secure.gravatar.com\/avatar\/d6fbbbb38de40bcc3a41d4467d090d3b92513d4eb33fc933729359bbce505880?s=96&d=identicon&r=g","caption":"BCMB"},"sameAs":["https:\/\/www.imaq.fr"],"url":"https:\/\/www.imaq.fr\/blog\/author\/pomirol\/"}]}},"_links":{"self":[{"href":"https:\/\/www.imaq.fr\/blog\/wp-json\/wp\/v2\/posts\/1937","targetHints":{"allow":["GET"]}}],"collection":[{"href":"https:\/\/www.imaq.fr\/blog\/wp-json\/wp\/v2\/posts"}],"about":[{"href":"https:\/\/www.imaq.fr\/blog\/wp-json\/wp\/v2\/types\/post"}],"author":[{"embeddable":true,"href":"https:\/\/www.imaq.fr\/blog\/wp-json\/wp\/v2\/users\/2"}],"replies":[{"embeddable":true,"href":"https:\/\/www.imaq.fr\/blog\/wp-json\/wp\/v2\/comments?post=1937"}],"version-history":[{"count":0,"href":"https:\/\/www.imaq.fr\/blog\/wp-json\/wp\/v2\/posts\/1937\/revisions"}],"wp:attachment":[{"href":"https:\/\/www.imaq.fr\/blog\/wp-json\/wp\/v2\/media?parent=1937"}],"wp:term":[{"taxonomy":"category","embeddable":true,"href":"https:\/\/www.imaq.fr\/blog\/wp-json\/wp\/v2\/categories?post=1937"},{"taxonomy":"post_tag","embeddable":true,"href":"https:\/\/www.imaq.fr\/blog\/wp-json\/wp\/v2\/tags?post=1937"}],"curies":[{"name":"wp","href":"https:\/\/api.w.org\/{rel}","templated":true}]}}