{"id":1943,"date":"2023-10-02T11:45:59","date_gmt":"2023-10-02T11:45:59","guid":{"rendered":"https:\/\/www.imaq.fr\/blog\/?p=1943"},"modified":"2023-10-26T10:43:40","modified_gmt":"2023-10-26T10:43:40","slug":"marianne-blancherie","status":"publish","type":"post","link":"https:\/\/www.imaq.fr\/blog\/2023\/10\/marianne-blancherie\/","title":{"rendered":"Marianne BLANCHERIE"},"content":{"rendered":"\n<div class=\"wp-block-columns is-layout-flex wp-container-core-columns-is-layout-28f84493 wp-block-columns-is-layout-flex\">\n<div class=\"wp-block-column is-layout-flow wp-block-column-is-layout-flow\" style=\"flex-basis:33.33%\">\n<figure class=\"wp-block-image size-large is-resized\"><a href=\"https:\/\/www.imaq.fr\/blog\/wp-content\/uploads\/2023\/10\/m-blancherie.jpg\"><img loading=\"lazy\" decoding=\"async\" width=\"768\" height=\"1024\" src=\"https:\/\/www.imaq.fr\/blog\/wp-content\/uploads\/2023\/10\/m-blancherie-768x1024.jpg\" alt=\"Marianne Blancherie\" class=\"wp-image-1973 colorbox-1943\" style=\"width:180px;height:undefinedpx\" srcset=\"https:\/\/www.imaq.fr\/blog\/wp-content\/uploads\/2023\/10\/m-blancherie-768x1024.jpg 768w, https:\/\/www.imaq.fr\/blog\/wp-content\/uploads\/2023\/10\/m-blancherie-225x300.jpg 225w, https:\/\/www.imaq.fr\/blog\/wp-content\/uploads\/2023\/10\/m-blancherie-1152x1536.jpg 1152w, https:\/\/www.imaq.fr\/blog\/wp-content\/uploads\/2023\/10\/m-blancherie.jpg 1200w\" sizes=\"auto, (max-width: 768px) 100vw, 768px\" \/><\/a><\/figure>\n<\/div>\n\n\n\n<div class=\"wp-block-column is-layout-flow wp-block-column-is-layout-flow\" style=\"flex-basis:66.66%\">\n<p>Marianne BLANCHERIE, Pr\u00e9sidente de la Commission Nationale num\u00e9rique du Grand Orient de France (GODF), est docteure en Sciences de l\u2019Information et de la Communication et poss\u00e8de une expertise dans la recherche universitaire et industrielle, dans le domaine de l&rsquo; intelligence artificielle (IA) et des r\u00e9seaux s\u00e9mantiques, ainsi que dans le conseil, la communication d&rsquo;entreprise, le management de projets.<\/p>\n<\/div>\n<\/div>\n\n\n\n<p>D\u00e9veloppant une connaissance approfondie des enjeux de l\u2019intelligence artificielle, elle explore ces domaines sous l&rsquo;angle de l\u2019\u00e9thique et de la prise de responsabilit\u00e9 en France et en Europe.<\/p>\n\n\n\n<p>Elle propose un focus sp\u00e9cifique sur des secteurs sensibles comme la m\u00e9decine, la d\u00e9fense nationale, et la protection des donn\u00e9es et des libert\u00e9s individuelles. On peut envisager une France \u00e0 l&rsquo;avant-garde d&rsquo;une IA \u00e0 la fois citoyenne, \u00e9thique et industrielle. Il s&rsquo;agit aussi de repenser l\u2019IA de mani\u00e8re globale, coextensive \u00e0 tous les niveaux de la r\u00e9alit\u00e9 d&rsquo;aujourd&rsquo;hui, pour qu&rsquo;elle soit au service de l\u2019humanit\u00e9.<\/p>\n\n\n\n<p>Au sein de la de la Commission Nationale Num\u00e9rique, elle travaille avec les 17 d\u00e9l\u00e9gu\u00e9s, particuli\u00e8rement sur le th\u00e8me \u00ab\u00a0IA et \u00e9ducation\u00a0\u00bb.<\/p>\n","protected":false},"excerpt":{"rendered":"<p>Marianne BLANCHERIE, Pr\u00e9sidente de la Commission Nationale num\u00e9rique du Grand Orient de France (GODF), est docteure en Sciences de l\u2019Information et de la Communication et poss\u00e8de une expertise dans la recherche universitaire et industrielle, dans le domaine de l&rsquo; intelligence artificielle (IA) et des r\u00e9seaux s\u00e9mantiques, ainsi que dans le conseil, la communication d&rsquo;entreprise, le [&hellip;]<\/p>\n","protected":false},"author":2,"featured_media":0,"comment_status":"closed","ping_status":"closed","sticky":false,"template":"","format":"standard","meta":{"_editorskit_title_hidden":false,"_editorskit_reading_time":0,"_editorskit_is_block_options_detached":false,"_editorskit_block_options_position":"{}","footnotes":""},"categories":[35,168],"tags":[64,68,52,47,72],"class_list":["post-1943","post","type-post","status-publish","format-standard","hentry","category-biennale-2023","category-table-ronde-biennale-2023","tag-bcmb","tag-bcmb2023","tag-ethique","tag-franc-maconnerie","tag-godf"],"yoast_head":"<!-- This site is optimized with the Yoast SEO plugin v27.5 - https:\/\/yoast.com\/product\/yoast-seo-wordpress\/ -->\n<title>Marianne BLANCHERIE - Biennale Culturelle Ma\u00e7onnique de Bordeaux<\/title>\n<meta name=\"robots\" content=\"index, follow, max-snippet:-1, max-image-preview:large, max-video-preview:-1\" \/>\n<link rel=\"canonical\" href=\"https:\/\/www.imaq.fr\/blog\/2023\/10\/marianne-blancherie\/\" \/>\n<meta property=\"og:locale\" content=\"fr_FR\" \/>\n<meta property=\"og:type\" content=\"article\" \/>\n<meta property=\"og:title\" content=\"Marianne BLANCHERIE - Biennale Culturelle Ma\u00e7onnique de Bordeaux\" \/>\n<meta property=\"og:description\" content=\"Marianne BLANCHERIE, Pr\u00e9sidente de la Commission Nationale num\u00e9rique du Grand Orient de France (GODF), est docteure en Sciences de l\u2019Information et de la Communication et poss\u00e8de une expertise dans la recherche universitaire et industrielle, dans le domaine de l&rsquo; intelligence artificielle (IA) et des r\u00e9seaux s\u00e9mantiques, ainsi que dans le conseil, la communication d&rsquo;entreprise, le [&hellip;]\" \/>\n<meta property=\"og:url\" content=\"https:\/\/www.imaq.fr\/blog\/2023\/10\/marianne-blancherie\/\" \/>\n<meta property=\"og:site_name\" content=\"Biennale Culturelle Ma\u00e7onnique de Bordeaux\" \/>\n<meta property=\"article:publisher\" content=\"https:\/\/www.facebook.com\/biennaleculturellemaconnique.bordeaux\" \/>\n<meta property=\"article:published_time\" content=\"2023-10-02T11:45:59+00:00\" \/>\n<meta property=\"article:modified_time\" content=\"2023-10-26T10:43:40+00:00\" \/>\n<meta property=\"og:image\" content=\"https:\/\/www.imaq.fr\/blog\/wp-content\/uploads\/2023\/10\/m-blancherie.jpg\" \/>\n\t<meta property=\"og:image:width\" content=\"1200\" \/>\n\t<meta property=\"og:image:height\" content=\"1600\" \/>\n\t<meta property=\"og:image:type\" content=\"image\/jpeg\" \/>\n<meta name=\"author\" content=\"BCMB\" \/>\n<meta name=\"twitter:card\" content=\"summary_large_image\" \/>\n<meta name=\"twitter:label1\" content=\"\u00c9crit par\" \/>\n\t<meta name=\"twitter:data1\" content=\"BCMB\" \/>\n\t<meta name=\"twitter:label2\" content=\"Dur\u00e9e de lecture estim\u00e9e\" \/>\n\t<meta name=\"twitter:data2\" content=\"1 minute\" \/>\n<script type=\"application\/ld+json\" class=\"yoast-schema-graph\">{\"@context\":\"https:\\\/\\\/schema.org\",\"@graph\":[{\"@type\":\"Article\",\"@id\":\"https:\\\/\\\/www.imaq.fr\\\/blog\\\/2023\\\/10\\\/marianne-blancherie\\\/#article\",\"isPartOf\":{\"@id\":\"https:\\\/\\\/www.imaq.fr\\\/blog\\\/2023\\\/10\\\/marianne-blancherie\\\/\"},\"author\":{\"name\":\"BCMB\",\"@id\":\"https:\\\/\\\/www.imaq.fr\\\/blog\\\/#\\\/schema\\\/person\\\/3df683af05c9d4e9401e01364d03a5fd\"},\"headline\":\"Marianne BLANCHERIE\",\"datePublished\":\"2023-10-02T11:45:59+00:00\",\"dateModified\":\"2023-10-26T10:43:40+00:00\",\"mainEntityOfPage\":{\"@id\":\"https:\\\/\\\/www.imaq.fr\\\/blog\\\/2023\\\/10\\\/marianne-blancherie\\\/\"},\"wordCount\":203,\"publisher\":{\"@id\":\"https:\\\/\\\/www.imaq.fr\\\/blog\\\/#organization\"},\"image\":{\"@id\":\"https:\\\/\\\/www.imaq.fr\\\/blog\\\/2023\\\/10\\\/marianne-blancherie\\\/#primaryimage\"},\"thumbnailUrl\":\"https:\\\/\\\/www.imaq.fr\\\/blog\\\/wp-content\\\/uploads\\\/2023\\\/10\\\/m-blancherie-768x1024.jpg\",\"keywords\":[\"bcmb\",\"bcmb2023\",\"\u00e9thique\",\"franc-ma\u00e7onnerie\",\"godf\"],\"articleSection\":[\"Biennale 2023\",\"Table ronde\"],\"inLanguage\":\"fr-FR\"},{\"@type\":\"WebPage\",\"@id\":\"https:\\\/\\\/www.imaq.fr\\\/blog\\\/2023\\\/10\\\/marianne-blancherie\\\/\",\"url\":\"https:\\\/\\\/www.imaq.fr\\\/blog\\\/2023\\\/10\\\/marianne-blancherie\\\/\",\"name\":\"Marianne BLANCHERIE - Biennale Culturelle Ma\u00e7onnique de Bordeaux\",\"isPartOf\":{\"@id\":\"https:\\\/\\\/www.imaq.fr\\\/blog\\\/#website\"},\"primaryImageOfPage\":{\"@id\":\"https:\\\/\\\/www.imaq.fr\\\/blog\\\/2023\\\/10\\\/marianne-blancherie\\\/#primaryimage\"},\"image\":{\"@id\":\"https:\\\/\\\/www.imaq.fr\\\/blog\\\/2023\\\/10\\\/marianne-blancherie\\\/#primaryimage\"},\"thumbnailUrl\":\"https:\\\/\\\/www.imaq.fr\\\/blog\\\/wp-content\\\/uploads\\\/2023\\\/10\\\/m-blancherie-768x1024.jpg\",\"datePublished\":\"2023-10-02T11:45:59+00:00\",\"dateModified\":\"2023-10-26T10:43:40+00:00\",\"breadcrumb\":{\"@id\":\"https:\\\/\\\/www.imaq.fr\\\/blog\\\/2023\\\/10\\\/marianne-blancherie\\\/#breadcrumb\"},\"inLanguage\":\"fr-FR\",\"potentialAction\":[{\"@type\":\"ReadAction\",\"target\":[\"https:\\\/\\\/www.imaq.fr\\\/blog\\\/2023\\\/10\\\/marianne-blancherie\\\/\"]}]},{\"@type\":\"ImageObject\",\"inLanguage\":\"fr-FR\",\"@id\":\"https:\\\/\\\/www.imaq.fr\\\/blog\\\/2023\\\/10\\\/marianne-blancherie\\\/#primaryimage\",\"url\":\"https:\\\/\\\/www.imaq.fr\\\/blog\\\/wp-content\\\/uploads\\\/2023\\\/10\\\/m-blancherie.jpg\",\"contentUrl\":\"https:\\\/\\\/www.imaq.fr\\\/blog\\\/wp-content\\\/uploads\\\/2023\\\/10\\\/m-blancherie.jpg\",\"width\":1200,\"height\":1600,\"caption\":\"Marianne Blancherie\"},{\"@type\":\"BreadcrumbList\",\"@id\":\"https:\\\/\\\/www.imaq.fr\\\/blog\\\/2023\\\/10\\\/marianne-blancherie\\\/#breadcrumb\",\"itemListElement\":[{\"@type\":\"ListItem\",\"position\":1,\"name\":\"Accueil\",\"item\":\"https:\\\/\\\/www.imaq.fr\\\/blog\\\/\"},{\"@type\":\"ListItem\",\"position\":2,\"name\":\"Marianne BLANCHERIE\"}]},{\"@type\":\"WebSite\",\"@id\":\"https:\\\/\\\/www.imaq.fr\\\/blog\\\/#website\",\"url\":\"https:\\\/\\\/www.imaq.fr\\\/blog\\\/\",\"name\":\"Biennale Culturelle Ma\u00e7onnique de Bordeaux\",\"description\":\"IMAQ\",\"publisher\":{\"@id\":\"https:\\\/\\\/www.imaq.fr\\\/blog\\\/#organization\"},\"potentialAction\":[{\"@type\":\"SearchAction\",\"target\":{\"@type\":\"EntryPoint\",\"urlTemplate\":\"https:\\\/\\\/www.imaq.fr\\\/blog\\\/?s={search_term_string}\"},\"query-input\":{\"@type\":\"PropertyValueSpecification\",\"valueRequired\":true,\"valueName\":\"search_term_string\"}}],\"inLanguage\":\"fr-FR\"},{\"@type\":\"Organization\",\"@id\":\"https:\\\/\\\/www.imaq.fr\\\/blog\\\/#organization\",\"name\":\"Biennale Culturelle Ma\u00e7onnique de Bordeaux\",\"url\":\"https:\\\/\\\/www.imaq.fr\\\/blog\\\/\",\"logo\":{\"@type\":\"ImageObject\",\"inLanguage\":\"fr-FR\",\"@id\":\"https:\\\/\\\/www.imaq.fr\\\/blog\\\/#\\\/schema\\\/logo\\\/image\\\/\",\"url\":\"https:\\\/\\\/www.imaq.fr\\\/blog\\\/wp-content\\\/uploads\\\/2014\\\/12\\\/logo-bcmc.jpg\",\"contentUrl\":\"https:\\\/\\\/www.imaq.fr\\\/blog\\\/wp-content\\\/uploads\\\/2014\\\/12\\\/logo-bcmc.jpg\",\"width\":759,\"height\":784,\"caption\":\"Biennale Culturelle Ma\u00e7onnique de Bordeaux\"},\"image\":{\"@id\":\"https:\\\/\\\/www.imaq.fr\\\/blog\\\/#\\\/schema\\\/logo\\\/image\\\/\"},\"sameAs\":[\"https:\\\/\\\/www.facebook.com\\\/biennaleculturellemaconnique.bordeaux\"]},{\"@type\":\"Person\",\"@id\":\"https:\\\/\\\/www.imaq.fr\\\/blog\\\/#\\\/schema\\\/person\\\/3df683af05c9d4e9401e01364d03a5fd\",\"name\":\"BCMB\",\"image\":{\"@type\":\"ImageObject\",\"inLanguage\":\"fr-FR\",\"@id\":\"https:\\\/\\\/secure.gravatar.com\\\/avatar\\\/d6fbbbb38de40bcc3a41d4467d090d3b92513d4eb33fc933729359bbce505880?s=96&d=identicon&r=g\",\"url\":\"https:\\\/\\\/secure.gravatar.com\\\/avatar\\\/d6fbbbb38de40bcc3a41d4467d090d3b92513d4eb33fc933729359bbce505880?s=96&d=identicon&r=g\",\"contentUrl\":\"https:\\\/\\\/secure.gravatar.com\\\/avatar\\\/d6fbbbb38de40bcc3a41d4467d090d3b92513d4eb33fc933729359bbce505880?s=96&d=identicon&r=g\",\"caption\":\"BCMB\"},\"sameAs\":[\"https:\\\/\\\/www.imaq.fr\"],\"url\":\"https:\\\/\\\/www.imaq.fr\\\/blog\\\/author\\\/pomirol\\\/\"}]}<\/script>\n<!-- \/ Yoast SEO plugin. -->","yoast_head_json":{"title":"Marianne BLANCHERIE - Biennale Culturelle Ma\u00e7onnique de Bordeaux","robots":{"index":"index","follow":"follow","max-snippet":"max-snippet:-1","max-image-preview":"max-image-preview:large","max-video-preview":"max-video-preview:-1"},"canonical":"https:\/\/www.imaq.fr\/blog\/2023\/10\/marianne-blancherie\/","og_locale":"fr_FR","og_type":"article","og_title":"Marianne BLANCHERIE - Biennale Culturelle Ma\u00e7onnique de Bordeaux","og_description":"Marianne BLANCHERIE, Pr\u00e9sidente de la Commission Nationale num\u00e9rique du Grand Orient de France (GODF), est docteure en Sciences de l\u2019Information et de la Communication et poss\u00e8de une expertise dans la recherche universitaire et industrielle, dans le domaine de l&rsquo; intelligence artificielle (IA) et des r\u00e9seaux s\u00e9mantiques, ainsi que dans le conseil, la communication d&rsquo;entreprise, le [&hellip;]","og_url":"https:\/\/www.imaq.fr\/blog\/2023\/10\/marianne-blancherie\/","og_site_name":"Biennale Culturelle Ma\u00e7onnique de Bordeaux","article_publisher":"https:\/\/www.facebook.com\/biennaleculturellemaconnique.bordeaux","article_published_time":"2023-10-02T11:45:59+00:00","article_modified_time":"2023-10-26T10:43:40+00:00","og_image":[{"width":1200,"height":1600,"url":"https:\/\/www.imaq.fr\/blog\/wp-content\/uploads\/2023\/10\/m-blancherie.jpg","type":"image\/jpeg"}],"author":"BCMB","twitter_card":"summary_large_image","twitter_misc":{"\u00c9crit par":"BCMB","Dur\u00e9e de lecture estim\u00e9e":"1 minute"},"schema":{"@context":"https:\/\/schema.org","@graph":[{"@type":"Article","@id":"https:\/\/www.imaq.fr\/blog\/2023\/10\/marianne-blancherie\/#article","isPartOf":{"@id":"https:\/\/www.imaq.fr\/blog\/2023\/10\/marianne-blancherie\/"},"author":{"name":"BCMB","@id":"https:\/\/www.imaq.fr\/blog\/#\/schema\/person\/3df683af05c9d4e9401e01364d03a5fd"},"headline":"Marianne BLANCHERIE","datePublished":"2023-10-02T11:45:59+00:00","dateModified":"2023-10-26T10:43:40+00:00","mainEntityOfPage":{"@id":"https:\/\/www.imaq.fr\/blog\/2023\/10\/marianne-blancherie\/"},"wordCount":203,"publisher":{"@id":"https:\/\/www.imaq.fr\/blog\/#organization"},"image":{"@id":"https:\/\/www.imaq.fr\/blog\/2023\/10\/marianne-blancherie\/#primaryimage"},"thumbnailUrl":"https:\/\/www.imaq.fr\/blog\/wp-content\/uploads\/2023\/10\/m-blancherie-768x1024.jpg","keywords":["bcmb","bcmb2023","\u00e9thique","franc-ma\u00e7onnerie","godf"],"articleSection":["Biennale 2023","Table ronde"],"inLanguage":"fr-FR"},{"@type":"WebPage","@id":"https:\/\/www.imaq.fr\/blog\/2023\/10\/marianne-blancherie\/","url":"https:\/\/www.imaq.fr\/blog\/2023\/10\/marianne-blancherie\/","name":"Marianne BLANCHERIE - Biennale Culturelle Ma\u00e7onnique de Bordeaux","isPartOf":{"@id":"https:\/\/www.imaq.fr\/blog\/#website"},"primaryImageOfPage":{"@id":"https:\/\/www.imaq.fr\/blog\/2023\/10\/marianne-blancherie\/#primaryimage"},"image":{"@id":"https:\/\/www.imaq.fr\/blog\/2023\/10\/marianne-blancherie\/#primaryimage"},"thumbnailUrl":"https:\/\/www.imaq.fr\/blog\/wp-content\/uploads\/2023\/10\/m-blancherie-768x1024.jpg","datePublished":"2023-10-02T11:45:59+00:00","dateModified":"2023-10-26T10:43:40+00:00","breadcrumb":{"@id":"https:\/\/www.imaq.fr\/blog\/2023\/10\/marianne-blancherie\/#breadcrumb"},"inLanguage":"fr-FR","potentialAction":[{"@type":"ReadAction","target":["https:\/\/www.imaq.fr\/blog\/2023\/10\/marianne-blancherie\/"]}]},{"@type":"ImageObject","inLanguage":"fr-FR","@id":"https:\/\/www.imaq.fr\/blog\/2023\/10\/marianne-blancherie\/#primaryimage","url":"https:\/\/www.imaq.fr\/blog\/wp-content\/uploads\/2023\/10\/m-blancherie.jpg","contentUrl":"https:\/\/www.imaq.fr\/blog\/wp-content\/uploads\/2023\/10\/m-blancherie.jpg","width":1200,"height":1600,"caption":"Marianne Blancherie"},{"@type":"BreadcrumbList","@id":"https:\/\/www.imaq.fr\/blog\/2023\/10\/marianne-blancherie\/#breadcrumb","itemListElement":[{"@type":"ListItem","position":1,"name":"Accueil","item":"https:\/\/www.imaq.fr\/blog\/"},{"@type":"ListItem","position":2,"name":"Marianne BLANCHERIE"}]},{"@type":"WebSite","@id":"https:\/\/www.imaq.fr\/blog\/#website","url":"https:\/\/www.imaq.fr\/blog\/","name":"Biennale Culturelle Ma\u00e7onnique de Bordeaux","description":"IMAQ","publisher":{"@id":"https:\/\/www.imaq.fr\/blog\/#organization"},"potentialAction":[{"@type":"SearchAction","target":{"@type":"EntryPoint","urlTemplate":"https:\/\/www.imaq.fr\/blog\/?s={search_term_string}"},"query-input":{"@type":"PropertyValueSpecification","valueRequired":true,"valueName":"search_term_string"}}],"inLanguage":"fr-FR"},{"@type":"Organization","@id":"https:\/\/www.imaq.fr\/blog\/#organization","name":"Biennale Culturelle Ma\u00e7onnique de Bordeaux","url":"https:\/\/www.imaq.fr\/blog\/","logo":{"@type":"ImageObject","inLanguage":"fr-FR","@id":"https:\/\/www.imaq.fr\/blog\/#\/schema\/logo\/image\/","url":"https:\/\/www.imaq.fr\/blog\/wp-content\/uploads\/2014\/12\/logo-bcmc.jpg","contentUrl":"https:\/\/www.imaq.fr\/blog\/wp-content\/uploads\/2014\/12\/logo-bcmc.jpg","width":759,"height":784,"caption":"Biennale Culturelle Ma\u00e7onnique de Bordeaux"},"image":{"@id":"https:\/\/www.imaq.fr\/blog\/#\/schema\/logo\/image\/"},"sameAs":["https:\/\/www.facebook.com\/biennaleculturellemaconnique.bordeaux"]},{"@type":"Person","@id":"https:\/\/www.imaq.fr\/blog\/#\/schema\/person\/3df683af05c9d4e9401e01364d03a5fd","name":"BCMB","image":{"@type":"ImageObject","inLanguage":"fr-FR","@id":"https:\/\/secure.gravatar.com\/avatar\/d6fbbbb38de40bcc3a41d4467d090d3b92513d4eb33fc933729359bbce505880?s=96&d=identicon&r=g","url":"https:\/\/secure.gravatar.com\/avatar\/d6fbbbb38de40bcc3a41d4467d090d3b92513d4eb33fc933729359bbce505880?s=96&d=identicon&r=g","contentUrl":"https:\/\/secure.gravatar.com\/avatar\/d6fbbbb38de40bcc3a41d4467d090d3b92513d4eb33fc933729359bbce505880?s=96&d=identicon&r=g","caption":"BCMB"},"sameAs":["https:\/\/www.imaq.fr"],"url":"https:\/\/www.imaq.fr\/blog\/author\/pomirol\/"}]}},"_links":{"self":[{"href":"https:\/\/www.imaq.fr\/blog\/wp-json\/wp\/v2\/posts\/1943","targetHints":{"allow":["GET"]}}],"collection":[{"href":"https:\/\/www.imaq.fr\/blog\/wp-json\/wp\/v2\/posts"}],"about":[{"href":"https:\/\/www.imaq.fr\/blog\/wp-json\/wp\/v2\/types\/post"}],"author":[{"embeddable":true,"href":"https:\/\/www.imaq.fr\/blog\/wp-json\/wp\/v2\/users\/2"}],"replies":[{"embeddable":true,"href":"https:\/\/www.imaq.fr\/blog\/wp-json\/wp\/v2\/comments?post=1943"}],"version-history":[{"count":0,"href":"https:\/\/www.imaq.fr\/blog\/wp-json\/wp\/v2\/posts\/1943\/revisions"}],"wp:attachment":[{"href":"https:\/\/www.imaq.fr\/blog\/wp-json\/wp\/v2\/media?parent=1943"}],"wp:term":[{"taxonomy":"category","embeddable":true,"href":"https:\/\/www.imaq.fr\/blog\/wp-json\/wp\/v2\/categories?post=1943"},{"taxonomy":"post_tag","embeddable":true,"href":"https:\/\/www.imaq.fr\/blog\/wp-json\/wp\/v2\/tags?post=1943"}],"curies":[{"name":"wp","href":"https:\/\/api.w.org\/{rel}","templated":true}]}}