{"id":2130,"date":"2023-10-27T12:28:54","date_gmt":"2023-10-27T12:28:54","guid":{"rendered":"https:\/\/www.imaq.fr\/blog\/?p=2130"},"modified":"2025-01-16T10:46:22","modified_gmt":"2025-01-16T10:46:22","slug":"lintelligence-artificielle-une-nouvelle-revolution","status":"publish","type":"post","link":"https:\/\/www.imaq.fr\/blog\/2023\/10\/lintelligence-artificielle-une-nouvelle-revolution\/","title":{"rendered":"L\u2019intelligence artificielle, une nouvelle r\u00e9volution\u00a0?"},"content":{"rendered":"\n<div class=\"wp-block-columns is-layout-flex wp-container-core-columns-is-layout-28f84493 wp-block-columns-is-layout-flex\">\n<div class=\"wp-block-column is-layout-flow wp-block-column-is-layout-flow\" style=\"flex-basis:33.33%\">\n<div class=\"wp-block-columns is-layout-flex wp-container-core-columns-is-layout-28f84493 wp-block-columns-is-layout-flex\">\n<div class=\"wp-block-column is-layout-flow wp-block-column-is-layout-flow\" style=\"flex-basis:33.33%\">\n<p>9h15<\/p>\n<\/div>\n\n\n\n<div class=\"wp-block-column is-layout-flow wp-block-column-is-layout-flow\" style=\"flex-basis:66.66%\">\n<p><strong>Conf\u00e9rence<\/strong><br><em>\u00c9thique, <br>sciences et <br>intelligence artificielle<\/em><\/p>\n<\/div>\n<\/div>\n<\/div>\n\n\n\n<div class=\"wp-block-column is-layout-flow wp-block-column-is-layout-flow\" style=\"flex-basis:66.66%\">\n<p><strong>L&rsquo;intelligence artificielle, une nouvelle r\u00e9volution<\/strong>&nbsp;<strong>?<\/strong><br>par <strong><a href=\"https:\/\/www.imaq.fr\/blog\/2023\/07\/jean-philippe-domenger\/\" class=\"ek-link\">Jean-Philippe DOMENGER<\/a><\/strong>, professeur \u00e0 l&rsquo;Universit\u00e9 de Bordeaux<br>mod\u00e9rateur : C\u00e9lestin SEDOGBO, directeur de l&rsquo;Institut Carnot Cognition<\/p>\n\n\n\n<figure class=\"wp-block-audio\"><audio controls src=\"https:\/\/www.imaq.fr\/blog\/wp-content\/uploads\/2023\/10\/BCMB2023-1-IA-1.mp3\"><\/audio><figcaption class=\"wp-element-caption\">Ecouter la conf\u00e9rence &#8211; ci-dessous le plan<\/figcaption><\/figure>\n<\/div>\n<\/div>\n\n\n\n<div class=\"wp-block-group is-layout-constrained wp-block-group-is-layout-constrained\">\n<p>L&rsquo;IA est n\u00e9e de l&rsquo;id\u00e9e de cr\u00e9er des machines capables de penser comme des humains. Depuis ses premiers pas avec les id\u00e9es d\u2019Alain Turing en 1940, elle est devenue omnipr\u00e9sente dans notre vie. Quels bouleversements cr\u00e9e-t-elle ? Quel est son impact sur l\u2019homme et la soci\u00e9t\u00e9 ? Comment pouvons nous agir pour qu\u2019elle soit b\u00e9n\u00e9fique et att\u00e9nuer ses inconv\u00e9nients ?<\/p>\n\n\n\n<details class=\"wp-block-details is-layout-flow wp-block-details-is-layout-flow\"><summary>L&rsquo;\u00e9volution de l&rsquo;IA<\/summary>\n<ul class=\"wp-block-list\">\n<li>1943 Cr\u00e9ation d&rsquo;un <a href=\"https:\/\/fr.wikipedia.org\/wiki\/Neurone_formel\" target=\"_blank\" aria-label=\"neurone artificiel (opens in a new tab)\" rel=\"noreferrer noopener\" class=\"ek-link\">neurone artificiel<\/a><\/li>\n\n\n\n<li>1950 L&rsquo;informaticien Alan Turing cr\u00e9e un <a href=\"https:\/\/fr.wikipedia.org\/wiki\/Test_de_Turing\" target=\"_blank\" aria-label=\"test pour l'intelligence artificielle (opens in a new tab)\" rel=\"noreferrer noopener\" class=\"ek-link\">test pour l&rsquo;intelligence artificielle<\/a><\/li>\n\n\n\n<li>1955 Le programme informatique <em><a href=\"https:\/\/fr.wikipedia.org\/wiki\/Logic_Theorist\" target=\"_blank\" aria-label=\"Logic Theorist (opens in a new tab)\" rel=\"noreferrer noopener\" class=\"ek-link\">Logic Theorist<\/a><\/em> (A. Newell, C. Shaw, H. Simon&rsquo;s)<\/li>\n\n\n\n<li>1956 <a href=\"https:\/\/fr.wikipedia.org\/wiki\/Intelligence_artificielle\" target=\"_blank\" aria-label=\"Le terme IA (opens in a new tab)\" rel=\"noreferrer noopener\" class=\"ek-link\">Le terme IA<\/a> est invent\u00e9 par John McCarthy<\/li>\n\n\n\n<li>1957 Franck Rosenblatt invente le <a aria-label=\"Perceptron (opens in a new tab)\" href=\"https:\/\/fr.wikipedia.org\/wiki\/Perceptron\" target=\"_blank\" rel=\"noreferrer noopener\" class=\"ek-link\">perceptron<\/a><\/li>\n\n\n\n<li>1963 Le projet <a href=\"https:\/\/fr.wikipedia.org\/wiki\/Defense_Advanced_Research_Projects_Agency\" target=\"_blank\" aria-label=\"DARPA  (opens in a new tab)\" rel=\"noreferrer noopener\" class=\"ek-link\">DARPA <\/a>est financ\u00e9 au <a href=\"https:\/\/fr.wikipedia.org\/wiki\/Massachusetts_Institute_of_Technology\" target=\"_blank\" aria-label=\"MIT (opens in a new tab)\" rel=\"noreferrer noopener\" class=\"ek-link\">MIT<\/a><\/li>\n\n\n\n<li>1964 Le <a aria-label=\"chatbot Eliza  (opens in a new tab)\" href=\"https:\/\/fr.wikipedia.org\/wiki\/ELIZA\" target=\"_blank\" rel=\"noreferrer noopener\" class=\"ek-link\">chatbot <em>Eliza <\/em><\/a>est le premier \u00e0 converser avec une personne<\/li>\n\n\n\n<li>1965 Cr\u00e9ation du <a aria-label=\"syst\u00e8me expert DENDRAL (opens in a new tab)\" href=\"https:\/\/fr.wikipedia.org\/wiki\/Dendral\" target=\"_blank\" rel=\"noreferrer noopener\" class=\"ek-link\">syst\u00e8me expert <em>DENDRAL<\/em><\/a><\/li>\n\n\n\n<li>1972 Cr\u00e9ation de <em><a href=\"https:\/\/fr.wikipedia.org\/wiki\/Wabot-1\" target=\"_blank\" aria-label=\"Watbot-1 (opens in a new tab)\" rel=\"noreferrer noopener\" class=\"ek-link\">Watbot-1<\/a><\/em>, premier robot humano\u00efde<\/li>\n\n\n\n<li>1973 La \u00ab\u00a0Soci\u00e9t\u00e9 canadienne pour l&rsquo;\u00e9tude de l&rsquo;intelligence par ordinateur\u00a0\u00bb est fond\u00e9e. Elles est connue aujourd&rsquo;hui soue le nom de CAIAC.<\/li>\n\n\n\n<li>1978 Cr\u00e9ation de <em><a href=\"https:\/\/en.wikipedia.org\/wiki\/Mycin\" target=\"_blank\" aria-label=\"Mycin (opens in a new tab)\" rel=\"noreferrer noopener\" class=\"ek-link\">Mycin<\/a><\/em>, premier syst\u00e8me expert m\u00e9dical<\/li>\n\n\n\n<li>1986 D\u00e9finition du perceptron multi-couches<\/li>\n\n\n\n<li>1986 Premiers pas vers les v\u00e9hicules autonomes avec <em><a href=\"https:\/\/fr.wikipedia.org\/wiki\/Navlab\" target=\"_blank\" aria-label=\"Navlab (opens in a new tab)\" rel=\"noreferrer noopener\" class=\"ek-link\">Navlab<\/a> <\/em>et <a href=\"https:\/\/fr.wikipedia.org\/wiki\/Programme_europ%C3%A9en_Prometheus\" target=\"_blank\" aria-label=\"Prometheus  (opens in a new tab)\" rel=\"noreferrer noopener\" class=\"ek-link\"><em>Prometheus <\/em><\/a><\/li>\n\n\n\n<li>1995 Premier moteur de recherche utilisant le traitement automatique des langues<\/li>\n\n\n\n<li>1997 L&rsquo;<a href=\"https:\/\/fr.wikipedia.org\/wiki\/Deep_Blue\" target=\"_blank\" aria-label=\"ordinateur Deep Blue de IBM (opens in a new tab)\" rel=\"noreferrer noopener\" class=\"ek-link\">ordinateur <em>Deep Blue<\/em> de IBM<\/a> bat le champion du monde d&rsquo;\u00e9chec<\/li>\n\n\n\n<li>1999 Sony introduit le <a href=\"https:\/\/fr.wikipedia.org\/wiki\/Aibo\" target=\"_blank\" aria-label=\"chien de compagnie robot AiBo (opens in a new tab)\" rel=\"noreferrer noopener\" class=\"ek-link\">chien de compagnie robot AiBo<\/a><\/li>\n\n\n\n<li>2002 iRobot lance le <a aria-label=\"robot aspirateur Roomba (opens in a new tab)\" href=\"https:\/\/fr.wikipedia.org\/wiki\/Roomba\" target=\"_blank\" rel=\"noreferrer noopener\" class=\"ek-link\">robot aspirateur <em>Roomba<\/em><\/a><\/li>\n\n\n\n<li>2009 Les bases de l&rsquo;<a href=\"https:\/\/fr.wikipedia.org\/wiki\/Apprentissage_profond\" target=\"_blank\" aria-label=\"apprentissage profond (opens in a new tab)\" rel=\"noreferrer noopener\" class=\"ek-link\">apprentissage profond<\/a> (deep learning)<\/li>\n\n\n\n<li>2011 Apple introduit <a aria-label=\"Siri, un assistant virtuel (opens in a new tab)\" href=\"https:\/\/fr.wikipedia.org\/wiki\/Siri_(logiciel)\" target=\"_blank\" rel=\"noreferrer noopener\" class=\"ek-link\"><em>Siri<\/em>, un assistant virtuel<\/a><\/li>\n\n\n\n<li>2011 <em><a aria-label=\"Watson  (opens in a new tab)\" href=\"https:\/\/fr.wikipedia.org\/wiki\/Watson_(intelligence_artificielle)\" target=\"_blank\" rel=\"noreferrer noopener\" class=\"ek-link\">Watson <\/a><\/em>gagne au jeu t\u00e9l\u00e9vis\u00e9 <em><a href=\"https:\/\/fr.wikipedia.org\/wiki\/Jeopardy!\" target=\"_blank\" aria-label=\"Jeopardy! (opens in a new tab)\" rel=\"noreferrer noopener\" class=\"ek-link\">Jeopardy!<\/a><\/em><\/li>\n\n\n\n<li>2012 Le <a href=\"https:\/\/fr.wikipedia.org\/wiki\/Voiture_sans_conducteur_de_Google\" target=\"_blank\" aria-label=\"v\u00e9hicule autonome de Google (opens in a new tab)\" rel=\"noreferrer noopener\" class=\"ek-link\">v\u00e9hicule autonome de Google<\/a> est le premier \u00e0 passer le test de s\u00e9curit\u00e9 sur la route<\/li>\n\n\n\n<li>2014 On consid\u00e8re que le chatbot <em><a href=\"https:\/\/fr.wikipedia.org\/wiki\/Eugene_Goostman\" target=\"_blank\" aria-label=\"Eug\u00e8ne Goostman (opens in a new tab)\" rel=\"noreferrer noopener\" class=\"ek-link\">Eug\u00e8ne Goostman<\/a><\/em> est le premier \u00e0 passer le test de Turing<\/li>\n\n\n\n<li>2016 <em><a href=\"https:\/\/fr.wikipedia.org\/wiki\/AlphaGo\" target=\"_blank\" aria-label=\"AlphaGo  (opens in a new tab)\" rel=\"noreferrer noopener\" class=\"ek-link\">AlphaGo <\/a><\/em>bat le champion du monde de go.<\/li>\n\n\n\n<li>2017 Le Canada lance un plan pancanadienne de recherche et d&rsquo;innovation en intelligence artificielle, la premi\u00e8re strat\u00e9gie nationale d&rsquo;IA au monde. <\/li>\n\n\n\n<li>2018 La <a href=\"https:\/\/fr.wikipedia.org\/wiki\/Strat%C3%A9gie_nationale_en_intelligence_artificielle\" target=\"_blank\" aria-label=\"premi\u00e8re strat\u00e9gie nationale en France (opens in a new tab)\" rel=\"noreferrer noopener\" class=\"ek-link\">premi\u00e8re strat\u00e9gie nationale en France<\/a> est lanc\u00e9e \u00e0 la suite de la mission Villani.<\/li>\n\n\n\n<li>2018 Le projet IBM <em><a href=\"https:\/\/fr.wikipedia.org\/wiki\/Projet_IBM_Debater\" target=\"_blank\" aria-label=\"Debater  (opens in a new tab)\" rel=\"noreferrer noopener\" class=\"ek-link\">Debater <\/a><\/em>est associ\u00e9 \u00e0 <em><a href=\"https:\/\/fr.wikipedia.org\/wiki\/Watson_(intelligence_artificielle)\" target=\"_blank\" aria-label=\"Watson (opens in a new tab)\" rel=\"noreferrer noopener\" class=\"ek-link\">Watson<\/a><\/em><\/li>\n\n\n\n<li>2019 <em><a href=\"https:\/\/en.wikipedia.org\/wiki\/AlphaStar_(software)\" target=\"_blank\" aria-label=\"AlphaStar  (opens in a new tab)\" rel=\"noreferrer noopener\" class=\"ek-link\">AlphaStar <\/a><\/em>gagne les pros \u00e0 <em><a href=\"https:\/\/fr.wikipedia.org\/wiki\/StarCraft\" target=\"_blank\" aria-label=\"StarCraft 2 (opens in a new tab)\" rel=\"noreferrer noopener\" class=\"ek-link\">StarCraft 2<\/a><\/em><\/li>\n\n\n\n<li>2020 <em><a aria-label=\"GPT-3 (opens in a new tab)\" href=\"https:\/\/fr.wikipedia.org\/wiki\/GPT-3\" target=\"_blank\" rel=\"noreferrer noopener\" class=\"ek-link\">GPT-3<\/a><\/em>, <em>BERT++<\/em> (mod\u00e8les de traitement du langage naturel bas\u00e9s sur l&rsquo;architecture des transformateurs. Usage allant jusqu&rsquo;\u00e0 l&rsquo;analyse des sentiments, la d\u00e9tection de paraphrases, la similarit\u00e9 textuelle, la s\u00e9mantique, etc.)<\/li>\n\n\n\n<li>2023 GPT-4<\/li>\n<\/ul>\n<\/details>\n\n\n\n<details class=\"wp-block-details is-layout-flow wp-block-details-is-layout-flow\"><summary>Pourquoi, aujourd&rsquo;hui, tous ces usages de l&rsquo;IA ?<\/summary>\n<ul class=\"wp-block-list\">\n<li>D\u00e9veloppements scientifiques matures<\/li>\n\n\n\n<li>Disponibilit\u00e9 des donn\u00e9es<\/li>\n\n\n\n<li>Progr\u00e8s technologiques<\/li>\n\n\n\n<li>Attente des utilisateurs<\/li>\n\n\n\n<li>Investissement (march\u00e9 de plus de 118 milliards d&rsquo;euros en 2022 ; Pr\u00e9vision d&rsquo;investissement de 13 500 milliards de d&rsquo;euros d&rsquo;ici 2030 ; b\u00e9n\u00e9fice attendu de 90 milliards d&rsquo;euros d\u00e8s 2025)<\/li>\n<\/ul>\n<\/details>\n\n\n\n<details class=\"wp-block-details is-layout-flow wp-block-details-is-layout-flow\"><summary>L&rsquo;IA : r\u00e9alit\u00e9 et mythes !<\/summary>\n<ul class=\"wp-block-list\">\n<li>Les types d&rsquo;IA\n<ul class=\"wp-block-list\">\n<li>IA faible : elle se concentre sur une probl\u00e9matique pr\u00e9cise et, en ce sens, est mono t\u00e2che. Elle reproduit un mode de fonctionnement humain sans conscience ni sensibilit\u00e9.<\/li>\n\n\n\n<li>IA forte : a pour ambition de d\u00e9velopper des mod\u00e8les permettant la cr\u00e9ation de machines dot\u00e9es d&rsquo;esprit, de conscience et de sensibilit\u00e9. Il s&rsquo;agit de cr\u00e9er des machines intelligentes qui ne se distinguent pas de l&rsquo;esprit humain. Rien de tel n&rsquo;existe actuellement.<\/li>\n<\/ul>\n<\/li>\n\n\n\n<li>Les familles d&rsquo;IA\n<ul class=\"wp-block-list\">\n<li>IA symbolique : Reproduire la logique et le savoir d&rsquo;un expert. Constitu\u00e9e sur la base d&rsquo;un moteur de r\u00e8gles et d&rsquo;une repr\u00e9sentation des connaissances, elle s&rsquo;appuie sur la logique et des formules bool\u00e9ennes.<\/li>\n\n\n\n<li>IA connexionniste : Reproduire le fonctionnement d&rsquo;un cerveau humain.  Bas\u00e9e sur des r\u00e9seaux de neurones multicouches et coupl\u00e9e \u00e0 des bases d&rsquo;apprentissage de grandes tailles, elle est \u00e0 l&rsquo;origine des grands projets comme <em><a aria-label=\"Elisa (opens in a new tab)\" href=\"https:\/\/fr.wikipedia.org\/wiki\/ELIZA\" target=\"_blank\" rel=\"noreferrer noopener\" class=\"ek-link\">Elisa<\/a><\/em>, <em><a aria-label=\"Watson (opens in a new tab)\" href=\"https:\/\/fr.wikipedia.org\/wiki\/Watson_(intelligence_artificielle)\" target=\"_blank\" rel=\"noreferrer noopener\" class=\"ek-link\">Watson<\/a><\/em>, <em><a aria-label=\"Eugene Goostman (opens in a new tab)\" href=\"https:\/\/fr.wikipedia.org\/wiki\/Eugene_Goostman\" target=\"_blank\" rel=\"noreferrer noopener\" class=\"ek-link\">Eugene Goostman<\/a><\/em>, <em><a aria-label=\"ChatGPT (opens in a new tab)\" href=\"https:\/\/fr.wikipedia.org\/wiki\/ChatGPT\" target=\"_blank\" rel=\"noreferrer noopener\" class=\"ek-link\">ChatGPT<\/a><\/em>, <em><a aria-label=\"Replika (opens in a new tab)\" href=\"https:\/\/en.wikipedia.org\/wiki\/Replika\" target=\"_blank\" rel=\"noreferrer noopener\" class=\"ek-link\">Replika<\/a><\/em>, <em><a aria-label=\"MidJourney (opens in a new tab)\" href=\"https:\/\/fr.wikipedia.org\/wiki\/Midjourney\" target=\"_blank\" rel=\"noreferrer noopener\" class=\"ek-link\">MidJourney<\/a><\/em>, <em><a aria-label=\"Dalle-E (opens in a new tab)\" href=\"https:\/\/fr.wikipedia.org\/wiki\/DALL-E\" target=\"_blank\" rel=\"noreferrer noopener\" class=\"ek-link\">Dalle-E<\/a><\/em>, Yolo*, etc. Difficile \u00e0 expliquer, elle s&rsquo;appuie sur la th\u00e9orie d&rsquo;optimisation en grande dimension de surfaces non convexes.<br>* <em>YOLO <\/em>: (<em>You Only Look Once<\/em>), nom d&rsquo;un algorithme de Deep Learning pour la classification et la d\u00e9tection d&rsquo;objets dans les images<\/li>\n<\/ul>\n<\/li>\n\n\n\n<li>IA g\u00e9n\u00e9rative : L&rsquo;id\u00e9e est d&rsquo;utiliser les r\u00e9seaux classifieurs pour g\u00e9n\u00e9rer de nouvelles donn\u00e9es.\n<ul class=\"wp-block-list\">\n<li>Agent Conversationnel : <em><a href=\"https:\/\/fr.wikipedia.org\/wiki\/ChatGPT\" target=\"_blank\" aria-label=\"ChatGPT (opens in a new tab)\" rel=\"noreferrer noopener\" class=\"ek-link\">ChatGPT<\/a><\/em>, <em><a href=\"https:\/\/fr.wikipedia.org\/wiki\/Amazon_Alexa\" target=\"_blank\" aria-label=\"Alexa (opens in a new tab)\" rel=\"noreferrer noopener\" class=\"ek-link\">Alexa<\/a><\/em>, <em><a href=\"https:\/\/fr.wikipedia.org\/wiki\/Siri_(logiciel)\" target=\"_blank\" aria-label=\"Siri (opens in a new tab)\" rel=\"noreferrer noopener\" class=\"ek-link\">Siri<\/a><\/em>, <em><a href=\"https:\/\/en.wikipedia.org\/wiki\/Replika\" target=\"_blank\" aria-label=\"Replika (opens in a new tab)\" rel=\"noreferrer noopener\" class=\"ek-link\">Replika<\/a><\/em>, <em><a href=\"https:\/\/en.wikipedia.org\/wiki\/DoNotPay\" target=\"_blank\" aria-label=\"Do not Pay (opens in a new tab)\" rel=\"noreferrer noopener\" class=\"ek-link\">Do not Pay<\/a><\/em>, etc.<\/li>\n\n\n\n<li>G\u00e9n\u00e9rateur d\u2019image : <em><a aria-label=\"DALL-E (opens in a new tab)\" href=\"https:\/\/fr.wikipedia.org\/wiki\/DALL-E\" target=\"_blank\" rel=\"noreferrer noopener\" class=\"ek-link\">DALL-E<\/a><\/em>, <em><a aria-label=\"Midjourney (opens in a new tab)\" href=\"https:\/\/fr.wikipedia.org\/wiki\/Midjourney\" target=\"_blank\" rel=\"noreferrer noopener\" class=\"ek-link\">Midjourney<\/a><\/em>, <em><a href=\"https:\/\/www.adobe.com\/fr\/sensei\/generative-ai\/firefly.html\" target=\"_blank\" aria-label=\"Adobe Briefly (opens in a new tab)\" rel=\"noreferrer noopener\" class=\"ek-link\">Adobe Briefly<\/a><\/em>, <em><a aria-label=\"Generated Photos (opens in a new tab)\" href=\"https:\/\/generated.photos\/\" target=\"_blank\" rel=\"noreferrer noopener\" class=\"ek-link\">Generated Photos<\/a><\/em>, <em><a aria-label=\"Fotor (opens in a new tab)\" href=\"https:\/\/www.fotor.com\/fr\/photo-editor\/\" target=\"_blank\" rel=\"noreferrer noopener\" class=\"ek-link\">Fotor<\/a><\/em>, etc.<\/li>\n\n\n\n<li>G\u00e9n\u00e9rateur de pr\u00e9sentation : <em><a href=\"https:\/\/www.slidesai.io\/fr\" target=\"_blank\" aria-label=\"SildeAI (opens in a new tab)\" rel=\"noreferrer noopener\" class=\"ek-link\">SildeAI<\/a><\/em>, <em><a href=\"https:\/\/www.supermeme.ai\/\" target=\"_blank\" aria-label=\"Super Meme (opens in a new tab)\" rel=\"noreferrer noopener\" class=\"ek-link\">Super Meme<\/a><\/em>, <em><a href=\"https:\/\/gamma.app\/?lng=fr\" target=\"_blank\" aria-label=\"Gamma (opens in a new tab)\" rel=\"noreferrer noopener\" class=\"ek-link\">Gamma<\/a><\/em>, etc.<\/li>\n\n\n\n<li>G\u00e9n\u00e9rateur de Code : <em><a href=\"https:\/\/formulabot.com\/\" target=\"_blank\" aria-label=\"Excel Formula Bot (opens in a new tab)\" rel=\"noreferrer noopener\" class=\"ek-link\">Excel Formula Bot<\/a><\/em>, <em><a href=\"https:\/\/fr.durable.co\/\" target=\"_blank\" aria-label=\"Durable (opens in a new tab)\" rel=\"noreferrer noopener\" class=\"ek-link\">Durable<\/a><\/em>, etc.<\/li>\n\n\n\n<li>G\u00e9n\u00e9rateurs de vid\u00e9os : <em><a href=\"https:\/\/www.synthesia.io\/\" target=\"_blank\" aria-label=\"Synthesia (opens in a new tab)\" rel=\"noreferrer noopener\" class=\"ek-link\">Synthesia<\/a><\/em>, <em><a href=\"https:\/\/invideo.io\/make\/ai-video-generator\/\" target=\"_blank\" aria-label=\"InVideo (opens in a new tab)\" rel=\"noreferrer noopener\" class=\"ek-link\">InVideo<\/a><\/em>, <em><a href=\"https:\/\/pictory.ai\/\" target=\"_blank\" aria-label=\"Pictory (opens in a new tab)\" rel=\"noreferrer noopener\" class=\"ek-link\">Pictory<\/a><\/em>, <em><a href=\"https:\/\/elai.io\/\" target=\"_blank\" aria-label=\"Elai (opens in a new tab)\" rel=\"noreferrer noopener\" class=\"ek-link\">Elai<\/a><\/em>, <em><a href=\"https:\/\/fliki.ai\/\" target=\"_blank\" aria-label=\"Fliki (opens in a new tab)\" rel=\"noreferrer noopener\" class=\"ek-link\">Fliki<\/a><\/em>, etc.<\/li>\n<\/ul>\n<\/li>\n<\/ul>\n<\/details>\n\n\n\n<details class=\"wp-block-details is-layout-flow wp-block-details-is-layout-flow\"><summary>L&rsquo;IA est-elle d\u00e9j\u00e0 parfaite ?<\/summary>\n<ul class=\"wp-block-list\">\n<li>Les biais et hallucinations de l&rsquo;IA\n<ul class=\"wp-block-list\">\n<li>Biais de genre<\/li>\n\n\n\n<li>Biais racial<\/li>\n\n\n\n<li>Biais socio-\u00e9conomiques<\/li>\n\n\n\n<li>N\u00e9cessit\u00e9 d&rsquo;\u00e9quipes diversifi\u00e9es et inclusives pour att\u00e9nuer les biais<\/li>\n\n\n\n<li>N\u00e9cessit\u00e9 d&rsquo;une bonne analyse et d&rsquo;un nettoyage rigoureux des donn\u00e9es d&rsquo;entrainement<\/li>\n\n\n\n<li>Utilit\u00e9 de d\u00e9velopper des syst\u00e8mes d&rsquo;IA explicatifs qui permettent de comprendre les d\u00e9cisions prises <\/li>\n<\/ul>\n<\/li>\n\n\n\n<li>L&rsquo;homo-numericus ou l&rsquo;IA-homo ? Les IA ont de plus en plus tendance \u00e0 devenir anthropomorphe. Est-ce un bien ou un biais ? Comment nous positionner devant cette \u00e9volution ?\n<ul class=\"wp-block-list\">\n<li>Avantages de l\u2019anthropomorphisme\n<ul class=\"wp-block-list\">\n<li>Facilit\u00e9 d&rsquo;interaction<\/li>\n\n\n\n<li>Communication am\u00e9lior\u00e9e<\/li>\n\n\n\n<li>Acceptation<\/li>\n\n\n\n<li>Affectivit\u00e9<\/li>\n<\/ul>\n<\/li>\n\n\n\n<li>Inconv\u00e9nients de l\u2019anthropomorphisme\n<ul class=\"wp-block-list\">\n<li>Attentes irr\u00e9alistes<\/li>\n\n\n\n<li>Risque de manipulation<\/li>\n\n\n\n<li>Confusion<\/li>\n\n\n\n<li>D\u00e9ception<\/li>\n<\/ul>\n<\/li>\n<\/ul>\n<\/li>\n\n\n\n<li>Propositions\n<ul class=\"wp-block-list\">\n<li>Conception : Diminuer l\u2019anthropomorphisme des syst\u00e8mes<\/li>\n\n\n\n<li>Formation : Eduquer en expliquant l\u2019IA et ses limitations<\/li>\n\n\n\n<li>R\u00e9gulation : Mettre en place des normes et des r\u00e9glementations<\/li>\n\n\n\n<li>Philosophie : Quelle est l\u2019essence de notre humanit\u00e9 ?<\/li>\n<\/ul>\n<\/li>\n<\/ul>\n<\/details>\n\n\n\n<details class=\"wp-block-details is-layout-flow wp-block-details-is-layout-flow\"><summary>Les IA n&rsquo;ont ni sentiment, ni conscience, ni \u00e9thique<\/summary>\n<ul class=\"wp-block-list\">\n<li>N\u00e9cessit\u00e9 d&rsquo;une r\u00e9flexion permettant de garantir des r\u00e9sultats justes, \u00e9quitables et b\u00e9n\u00e9fiques pour la soci\u00e9t\u00e9. Par exemple :<\/li>\n<\/ul>\n\n\n\n<figure class=\"wp-block-image size-full\"><a href=\"https:\/\/www.imaq.fr\/blog\/wp-content\/uploads\/2023\/10\/IA-dilemme-de-la-voiturexcf.png\"><img loading=\"lazy\" decoding=\"async\" width=\"696\" height=\"516\" src=\"https:\/\/www.imaq.fr\/blog\/wp-content\/uploads\/2023\/10\/IA-dilemme-de-la-voiturexcf.png\" alt=\"\" class=\"wp-image-2132 colorbox-2130\" srcset=\"https:\/\/www.imaq.fr\/blog\/wp-content\/uploads\/2023\/10\/IA-dilemme-de-la-voiturexcf.png 696w, https:\/\/www.imaq.fr\/blog\/wp-content\/uploads\/2023\/10\/IA-dilemme-de-la-voiturexcf-300x222.png 300w\" sizes=\"auto, (max-width: 696px) 100vw, 696px\" \/><\/a><figcaption class=\"wp-element-caption\">Les freins ont l\u00e2ch\u00e9. Que faire ? Qui sacrifier ? V\u00e9ritable dilemme !<\/figcaption><\/figure>\n\n\n\n<ul class=\"wp-block-list\">\n<li>Principes cl\u00e9s pour une IA \u00e9thique\n<ul class=\"wp-block-list\">\n<li>Transparence : Les d\u00e9cisions proses par les syst\u00e8mes d&rsquo;IA doivent \u00eatre explicables et compr\u00e9hensibles<\/li>\n\n\n\n<li>Justice : L&rsquo;IA doit \u00eatre utilis\u00e9e de mani\u00e8re \u00e9quitable et ne doit pas discriminer sur la base de la race, du genre ou d&rsquo;autres caract\u00e9ristiques<\/li>\n\n\n\n<li>Rendre des comptes : Les organisations doivent \u00eatre tenues responsables des cons\u00e9quences de l&rsquo;utilisation et des actions de leurs syst\u00e8mes<\/li>\n<\/ul>\n<\/li>\n\n\n\n<li>Recommandations pour une IA \u00e9thique\n<ul class=\"wp-block-list\">\n<li>Impliquer des experts en \u00e9thique tout au long du processus de d\u00e9veloppement de l&rsquo;IA<\/li>\n\n\n\n<li>Collecter et utiliser des donn\u00e9es de mani\u00e8re responsable et respectueuse de la vie priv\u00e9e<\/li>\n\n\n\n<li>Tester l&rsquo;IA de mani\u00e8re approfondie pour d\u00e9tecter les biais et les erreurs, en veillant \u00e0 ce qu&rsquo;elle ne soit pas discriminatoire<\/li>\n\n\n\n<li>\u00c9duquer les utilisateurs et les d\u00e9cideurs sur les implications et les limites de l&rsquo;IA<\/li>\n\n\n\n<li>\u00c9tablir des m\u00e9canismes de contr\u00f4le et de r\u00e9gulation pour superviser l&rsquo;utilisation de l&rsquo;IA<\/li>\n<\/ul>\n<\/li>\n<\/ul>\n<\/details>\n\n\n\n<details class=\"wp-block-details is-layout-flow wp-block-details-is-layout-flow\"><summary>L&rsquo;IA est une nouvelle r\u00e9volution !<\/summary>\n<ul class=\"wp-block-list\">\n<li>L&rsquo;IA n&rsquo;est ni bonne, ni mauvaise. Elle sera ce que nous en ferons.<\/li>\n\n\n\n<li>Economie\n<ul class=\"wp-block-list\">\n<li>Un march\u00e9 en pleine expansion qui monopolise de plus en plus d\u2019investissement et qui serait tr\u00e8s lucratif<\/li>\n\n\n\n<li>Redistribution des emplois (destruction, cr\u00e9ation)<\/li>\n\n\n\n<li>Les donn\u00e9es deviennent les gisements d\u2019or du si\u00e8cle dernier<\/li>\n\n\n\n<li>Changements d\u2019organisation dans les entreprises et soci\u00e9t\u00e9s, modification des habitudes du marketing<\/li>\n<\/ul>\n<\/li>\n\n\n\n<li>Social\n<ul class=\"wp-block-list\">\n<li>D\u00e9sinformation (Deepfake)<\/li>\n\n\n\n<li>Surveillance de masse<\/li>\n\n\n\n<li>Perte de comp\u00e9tence (utilisation d\u2019une carte, calcul mental, orthographe, culture\u2026.)<\/li>\n\n\n\n<li>Am\u00e9lioration de la sant\u00e9, de l\u2019\u00e9ducation, du bien-\u00eatre\u2026<\/li>\n\n\n\n<li>Protection du droit d\u2019auteur<\/li>\n\n\n\n<li>Le questionnement sur l\u2019humanit\u00e9<\/li>\n<\/ul>\n<\/li>\n\n\n\n<li>Environnemental\n<ul class=\"wp-block-list\">\n<li>Consommation \u00e9nerg\u00e9tique pour l\u2019entrainement et l\u2019utilisation des IA<\/li>\n\n\n\n<li>Mod\u00e9lisation des bouleversements climatiques<\/li>\n<\/ul>\n<\/li>\n\n\n\n<li>G\u00e9opolitique\n<ul class=\"wp-block-list\">\n<li>Le poids des gouvernements en comparaison des g\u00e9ants de l\u2019IA, un probl\u00e8me mondial (Unesco)<\/li>\n\n\n\n<li>Probl\u00e8me pour les d\u00e9mocraties<\/li>\n<\/ul>\n<\/li>\n<\/ul>\n<\/details>\n\n\n\n<p>Les questions de la salle ont port\u00e9 sur :<\/p>\n\n\n\n<ul class=\"wp-block-list\">\n<li>les probl\u00e8mes que pose l&rsquo;IA dans le domaine de la s\u00e9curit\u00e9<\/li>\n\n\n\n<li>ces outils peuvent-ils devenir intelligents<\/li>\n\n\n\n<li>la similitude entre les biais de l&rsquo;IA et les biais d&rsquo;une soci\u00e9t\u00e9 humaine<\/li>\n\n\n\n<li>la r\u00e9gulation \u00e0 mettre en place<\/li>\n\n\n\n<li>les conditions de travail concernant les \u00e9quipes qui traitent et classifient les sources de donn\u00e9es<\/li>\n<\/ul>\n<\/div>\n","protected":false},"excerpt":{"rendered":"<p>9h15 Conf\u00e9rence\u00c9thique, sciences et intelligence artificielle L&rsquo;intelligence artificielle, une nouvelle r\u00e9volution&nbsp;?par Jean-Philippe DOMENGER, professeur \u00e0 l&rsquo;Universit\u00e9 de Bordeauxmod\u00e9rateur : C\u00e9lestin SEDOGBO, directeur de l&rsquo;Institut Carnot Cognition L&rsquo;IA est n\u00e9e de l&rsquo;id\u00e9e de cr\u00e9er des machines capables de penser comme des humains. Depuis ses premiers pas avec les id\u00e9es d\u2019Alain Turing en 1940, elle est devenue [&hellip;]<\/p>\n","protected":false},"author":2,"featured_media":0,"comment_status":"closed","ping_status":"closed","sticky":false,"template":"","format":"standard","meta":{"_editorskit_title_hidden":false,"_editorskit_reading_time":0,"_editorskit_is_block_options_detached":false,"_editorskit_block_options_position":"{}","footnotes":""},"categories":[35,36],"tags":[68,63,62],"class_list":["post-2130","post","type-post","status-publish","format-standard","hentry","category-biennale-2023","category-conference-2023","tag-bcmb2023","tag-ia","tag-intelligence-artificielle"],"yoast_head":"<!-- This site is optimized with the Yoast SEO plugin v27.5 - https:\/\/yoast.com\/product\/yoast-seo-wordpress\/ -->\n<title>L\u2019intelligence artificielle, une nouvelle r\u00e9volution\u00a0? - Biennale Culturelle Ma\u00e7onnique de Bordeaux<\/title>\n<meta name=\"robots\" content=\"index, follow, max-snippet:-1, max-image-preview:large, max-video-preview:-1\" \/>\n<link rel=\"canonical\" href=\"https:\/\/www.imaq.fr\/blog\/2023\/10\/lintelligence-artificielle-une-nouvelle-revolution\/\" \/>\n<meta property=\"og:locale\" content=\"fr_FR\" \/>\n<meta property=\"og:type\" content=\"article\" \/>\n<meta property=\"og:title\" content=\"L\u2019intelligence artificielle, une nouvelle r\u00e9volution\u00a0? - Biennale Culturelle Ma\u00e7onnique de Bordeaux\" \/>\n<meta property=\"og:description\" content=\"9h15 Conf\u00e9rence\u00c9thique, sciences et intelligence artificielle L&rsquo;intelligence artificielle, une nouvelle r\u00e9volution&nbsp;?par Jean-Philippe DOMENGER, professeur \u00e0 l&rsquo;Universit\u00e9 de Bordeauxmod\u00e9rateur : C\u00e9lestin SEDOGBO, directeur de l&rsquo;Institut Carnot Cognition L&rsquo;IA est n\u00e9e de l&rsquo;id\u00e9e de cr\u00e9er des machines capables de penser comme des humains. Depuis ses premiers pas avec les id\u00e9es d\u2019Alain Turing en 1940, elle est devenue [&hellip;]\" \/>\n<meta property=\"og:url\" content=\"https:\/\/www.imaq.fr\/blog\/2023\/10\/lintelligence-artificielle-une-nouvelle-revolution\/\" \/>\n<meta property=\"og:site_name\" content=\"Biennale Culturelle Ma\u00e7onnique de Bordeaux\" \/>\n<meta property=\"article:publisher\" content=\"https:\/\/www.facebook.com\/biennaleculturellemaconnique.bordeaux\" \/>\n<meta property=\"article:published_time\" content=\"2023-10-27T12:28:54+00:00\" \/>\n<meta property=\"article:modified_time\" content=\"2025-01-16T10:46:22+00:00\" \/>\n<meta property=\"og:image\" content=\"https:\/\/www.imaq.fr\/blog\/wp-content\/uploads\/2023\/10\/IA-dilemme-de-la-voiturexcf.png\" \/>\n\t<meta property=\"og:image:width\" content=\"696\" \/>\n\t<meta property=\"og:image:height\" content=\"516\" \/>\n\t<meta property=\"og:image:type\" content=\"image\/png\" \/>\n<meta name=\"author\" content=\"BCMB\" \/>\n<meta name=\"twitter:card\" content=\"summary_large_image\" \/>\n<meta name=\"twitter:label1\" content=\"\u00c9crit par\" \/>\n\t<meta name=\"twitter:data1\" content=\"BCMB\" \/>\n\t<meta name=\"twitter:label2\" content=\"Dur\u00e9e de lecture estim\u00e9e\" \/>\n\t<meta name=\"twitter:data2\" content=\"7 minutes\" \/>\n<script type=\"application\/ld+json\" class=\"yoast-schema-graph\">{\"@context\":\"https:\\\/\\\/schema.org\",\"@graph\":[{\"@type\":\"Article\",\"@id\":\"https:\\\/\\\/www.imaq.fr\\\/blog\\\/2023\\\/10\\\/lintelligence-artificielle-une-nouvelle-revolution\\\/#article\",\"isPartOf\":{\"@id\":\"https:\\\/\\\/www.imaq.fr\\\/blog\\\/2023\\\/10\\\/lintelligence-artificielle-une-nouvelle-revolution\\\/\"},\"author\":{\"name\":\"BCMB\",\"@id\":\"https:\\\/\\\/www.imaq.fr\\\/blog\\\/#\\\/schema\\\/person\\\/3df683af05c9d4e9401e01364d03a5fd\"},\"headline\":\"L\u2019intelligence artificielle, une nouvelle r\u00e9volution\u00a0?\",\"datePublished\":\"2023-10-27T12:28:54+00:00\",\"dateModified\":\"2025-01-16T10:46:22+00:00\",\"mainEntityOfPage\":{\"@id\":\"https:\\\/\\\/www.imaq.fr\\\/blog\\\/2023\\\/10\\\/lintelligence-artificielle-une-nouvelle-revolution\\\/\"},\"wordCount\":1393,\"publisher\":{\"@id\":\"https:\\\/\\\/www.imaq.fr\\\/blog\\\/#organization\"},\"image\":{\"@id\":\"https:\\\/\\\/www.imaq.fr\\\/blog\\\/2023\\\/10\\\/lintelligence-artificielle-une-nouvelle-revolution\\\/#primaryimage\"},\"thumbnailUrl\":\"https:\\\/\\\/www.imaq.fr\\\/blog\\\/wp-content\\\/uploads\\\/2023\\\/10\\\/IA-dilemme-de-la-voiturexcf.png\",\"keywords\":[\"bcmb2023\",\"ia\",\"intelligence artificielle\"],\"articleSection\":[\"Biennale 2023\",\"Conf\u00e9rence 2023\"],\"inLanguage\":\"fr-FR\"},{\"@type\":\"WebPage\",\"@id\":\"https:\\\/\\\/www.imaq.fr\\\/blog\\\/2023\\\/10\\\/lintelligence-artificielle-une-nouvelle-revolution\\\/\",\"url\":\"https:\\\/\\\/www.imaq.fr\\\/blog\\\/2023\\\/10\\\/lintelligence-artificielle-une-nouvelle-revolution\\\/\",\"name\":\"L\u2019intelligence artificielle, une nouvelle r\u00e9volution\u00a0? - Biennale Culturelle Ma\u00e7onnique de Bordeaux\",\"isPartOf\":{\"@id\":\"https:\\\/\\\/www.imaq.fr\\\/blog\\\/#website\"},\"primaryImageOfPage\":{\"@id\":\"https:\\\/\\\/www.imaq.fr\\\/blog\\\/2023\\\/10\\\/lintelligence-artificielle-une-nouvelle-revolution\\\/#primaryimage\"},\"image\":{\"@id\":\"https:\\\/\\\/www.imaq.fr\\\/blog\\\/2023\\\/10\\\/lintelligence-artificielle-une-nouvelle-revolution\\\/#primaryimage\"},\"thumbnailUrl\":\"https:\\\/\\\/www.imaq.fr\\\/blog\\\/wp-content\\\/uploads\\\/2023\\\/10\\\/IA-dilemme-de-la-voiturexcf.png\",\"datePublished\":\"2023-10-27T12:28:54+00:00\",\"dateModified\":\"2025-01-16T10:46:22+00:00\",\"breadcrumb\":{\"@id\":\"https:\\\/\\\/www.imaq.fr\\\/blog\\\/2023\\\/10\\\/lintelligence-artificielle-une-nouvelle-revolution\\\/#breadcrumb\"},\"inLanguage\":\"fr-FR\",\"potentialAction\":[{\"@type\":\"ReadAction\",\"target\":[\"https:\\\/\\\/www.imaq.fr\\\/blog\\\/2023\\\/10\\\/lintelligence-artificielle-une-nouvelle-revolution\\\/\"]}]},{\"@type\":\"ImageObject\",\"inLanguage\":\"fr-FR\",\"@id\":\"https:\\\/\\\/www.imaq.fr\\\/blog\\\/2023\\\/10\\\/lintelligence-artificielle-une-nouvelle-revolution\\\/#primaryimage\",\"url\":\"https:\\\/\\\/www.imaq.fr\\\/blog\\\/wp-content\\\/uploads\\\/2023\\\/10\\\/IA-dilemme-de-la-voiturexcf.png\",\"contentUrl\":\"https:\\\/\\\/www.imaq.fr\\\/blog\\\/wp-content\\\/uploads\\\/2023\\\/10\\\/IA-dilemme-de-la-voiturexcf.png\"},{\"@type\":\"BreadcrumbList\",\"@id\":\"https:\\\/\\\/www.imaq.fr\\\/blog\\\/2023\\\/10\\\/lintelligence-artificielle-une-nouvelle-revolution\\\/#breadcrumb\",\"itemListElement\":[{\"@type\":\"ListItem\",\"position\":1,\"name\":\"Accueil\",\"item\":\"https:\\\/\\\/www.imaq.fr\\\/blog\\\/\"},{\"@type\":\"ListItem\",\"position\":2,\"name\":\"L\u2019intelligence artificielle, une nouvelle r\u00e9volution\u00a0?\"}]},{\"@type\":\"WebSite\",\"@id\":\"https:\\\/\\\/www.imaq.fr\\\/blog\\\/#website\",\"url\":\"https:\\\/\\\/www.imaq.fr\\\/blog\\\/\",\"name\":\"Biennale Culturelle Ma\u00e7onnique de Bordeaux\",\"description\":\"IMAQ\",\"publisher\":{\"@id\":\"https:\\\/\\\/www.imaq.fr\\\/blog\\\/#organization\"},\"potentialAction\":[{\"@type\":\"SearchAction\",\"target\":{\"@type\":\"EntryPoint\",\"urlTemplate\":\"https:\\\/\\\/www.imaq.fr\\\/blog\\\/?s={search_term_string}\"},\"query-input\":{\"@type\":\"PropertyValueSpecification\",\"valueRequired\":true,\"valueName\":\"search_term_string\"}}],\"inLanguage\":\"fr-FR\"},{\"@type\":\"Organization\",\"@id\":\"https:\\\/\\\/www.imaq.fr\\\/blog\\\/#organization\",\"name\":\"Biennale Culturelle Ma\u00e7onnique de Bordeaux\",\"url\":\"https:\\\/\\\/www.imaq.fr\\\/blog\\\/\",\"logo\":{\"@type\":\"ImageObject\",\"inLanguage\":\"fr-FR\",\"@id\":\"https:\\\/\\\/www.imaq.fr\\\/blog\\\/#\\\/schema\\\/logo\\\/image\\\/\",\"url\":\"https:\\\/\\\/www.imaq.fr\\\/blog\\\/wp-content\\\/uploads\\\/2014\\\/12\\\/logo-bcmc.jpg\",\"contentUrl\":\"https:\\\/\\\/www.imaq.fr\\\/blog\\\/wp-content\\\/uploads\\\/2014\\\/12\\\/logo-bcmc.jpg\",\"width\":759,\"height\":784,\"caption\":\"Biennale Culturelle Ma\u00e7onnique de Bordeaux\"},\"image\":{\"@id\":\"https:\\\/\\\/www.imaq.fr\\\/blog\\\/#\\\/schema\\\/logo\\\/image\\\/\"},\"sameAs\":[\"https:\\\/\\\/www.facebook.com\\\/biennaleculturellemaconnique.bordeaux\"]},{\"@type\":\"Person\",\"@id\":\"https:\\\/\\\/www.imaq.fr\\\/blog\\\/#\\\/schema\\\/person\\\/3df683af05c9d4e9401e01364d03a5fd\",\"name\":\"BCMB\",\"image\":{\"@type\":\"ImageObject\",\"inLanguage\":\"fr-FR\",\"@id\":\"https:\\\/\\\/secure.gravatar.com\\\/avatar\\\/d6fbbbb38de40bcc3a41d4467d090d3b92513d4eb33fc933729359bbce505880?s=96&d=identicon&r=g\",\"url\":\"https:\\\/\\\/secure.gravatar.com\\\/avatar\\\/d6fbbbb38de40bcc3a41d4467d090d3b92513d4eb33fc933729359bbce505880?s=96&d=identicon&r=g\",\"contentUrl\":\"https:\\\/\\\/secure.gravatar.com\\\/avatar\\\/d6fbbbb38de40bcc3a41d4467d090d3b92513d4eb33fc933729359bbce505880?s=96&d=identicon&r=g\",\"caption\":\"BCMB\"},\"sameAs\":[\"https:\\\/\\\/www.imaq.fr\"],\"url\":\"https:\\\/\\\/www.imaq.fr\\\/blog\\\/author\\\/pomirol\\\/\"}]}<\/script>\n<!-- \/ Yoast SEO plugin. -->","yoast_head_json":{"title":"L\u2019intelligence artificielle, une nouvelle r\u00e9volution\u00a0? - Biennale Culturelle Ma\u00e7onnique de Bordeaux","robots":{"index":"index","follow":"follow","max-snippet":"max-snippet:-1","max-image-preview":"max-image-preview:large","max-video-preview":"max-video-preview:-1"},"canonical":"https:\/\/www.imaq.fr\/blog\/2023\/10\/lintelligence-artificielle-une-nouvelle-revolution\/","og_locale":"fr_FR","og_type":"article","og_title":"L\u2019intelligence artificielle, une nouvelle r\u00e9volution\u00a0? - Biennale Culturelle Ma\u00e7onnique de Bordeaux","og_description":"9h15 Conf\u00e9rence\u00c9thique, sciences et intelligence artificielle L&rsquo;intelligence artificielle, une nouvelle r\u00e9volution&nbsp;?par Jean-Philippe DOMENGER, professeur \u00e0 l&rsquo;Universit\u00e9 de Bordeauxmod\u00e9rateur : C\u00e9lestin SEDOGBO, directeur de l&rsquo;Institut Carnot Cognition L&rsquo;IA est n\u00e9e de l&rsquo;id\u00e9e de cr\u00e9er des machines capables de penser comme des humains. Depuis ses premiers pas avec les id\u00e9es d\u2019Alain Turing en 1940, elle est devenue [&hellip;]","og_url":"https:\/\/www.imaq.fr\/blog\/2023\/10\/lintelligence-artificielle-une-nouvelle-revolution\/","og_site_name":"Biennale Culturelle Ma\u00e7onnique de Bordeaux","article_publisher":"https:\/\/www.facebook.com\/biennaleculturellemaconnique.bordeaux","article_published_time":"2023-10-27T12:28:54+00:00","article_modified_time":"2025-01-16T10:46:22+00:00","og_image":[{"width":696,"height":516,"url":"https:\/\/www.imaq.fr\/blog\/wp-content\/uploads\/2023\/10\/IA-dilemme-de-la-voiturexcf.png","type":"image\/png"}],"author":"BCMB","twitter_card":"summary_large_image","twitter_misc":{"\u00c9crit par":"BCMB","Dur\u00e9e de lecture estim\u00e9e":"7 minutes"},"schema":{"@context":"https:\/\/schema.org","@graph":[{"@type":"Article","@id":"https:\/\/www.imaq.fr\/blog\/2023\/10\/lintelligence-artificielle-une-nouvelle-revolution\/#article","isPartOf":{"@id":"https:\/\/www.imaq.fr\/blog\/2023\/10\/lintelligence-artificielle-une-nouvelle-revolution\/"},"author":{"name":"BCMB","@id":"https:\/\/www.imaq.fr\/blog\/#\/schema\/person\/3df683af05c9d4e9401e01364d03a5fd"},"headline":"L\u2019intelligence artificielle, une nouvelle r\u00e9volution\u00a0?","datePublished":"2023-10-27T12:28:54+00:00","dateModified":"2025-01-16T10:46:22+00:00","mainEntityOfPage":{"@id":"https:\/\/www.imaq.fr\/blog\/2023\/10\/lintelligence-artificielle-une-nouvelle-revolution\/"},"wordCount":1393,"publisher":{"@id":"https:\/\/www.imaq.fr\/blog\/#organization"},"image":{"@id":"https:\/\/www.imaq.fr\/blog\/2023\/10\/lintelligence-artificielle-une-nouvelle-revolution\/#primaryimage"},"thumbnailUrl":"https:\/\/www.imaq.fr\/blog\/wp-content\/uploads\/2023\/10\/IA-dilemme-de-la-voiturexcf.png","keywords":["bcmb2023","ia","intelligence artificielle"],"articleSection":["Biennale 2023","Conf\u00e9rence 2023"],"inLanguage":"fr-FR"},{"@type":"WebPage","@id":"https:\/\/www.imaq.fr\/blog\/2023\/10\/lintelligence-artificielle-une-nouvelle-revolution\/","url":"https:\/\/www.imaq.fr\/blog\/2023\/10\/lintelligence-artificielle-une-nouvelle-revolution\/","name":"L\u2019intelligence artificielle, une nouvelle r\u00e9volution\u00a0? - Biennale Culturelle Ma\u00e7onnique de Bordeaux","isPartOf":{"@id":"https:\/\/www.imaq.fr\/blog\/#website"},"primaryImageOfPage":{"@id":"https:\/\/www.imaq.fr\/blog\/2023\/10\/lintelligence-artificielle-une-nouvelle-revolution\/#primaryimage"},"image":{"@id":"https:\/\/www.imaq.fr\/blog\/2023\/10\/lintelligence-artificielle-une-nouvelle-revolution\/#primaryimage"},"thumbnailUrl":"https:\/\/www.imaq.fr\/blog\/wp-content\/uploads\/2023\/10\/IA-dilemme-de-la-voiturexcf.png","datePublished":"2023-10-27T12:28:54+00:00","dateModified":"2025-01-16T10:46:22+00:00","breadcrumb":{"@id":"https:\/\/www.imaq.fr\/blog\/2023\/10\/lintelligence-artificielle-une-nouvelle-revolution\/#breadcrumb"},"inLanguage":"fr-FR","potentialAction":[{"@type":"ReadAction","target":["https:\/\/www.imaq.fr\/blog\/2023\/10\/lintelligence-artificielle-une-nouvelle-revolution\/"]}]},{"@type":"ImageObject","inLanguage":"fr-FR","@id":"https:\/\/www.imaq.fr\/blog\/2023\/10\/lintelligence-artificielle-une-nouvelle-revolution\/#primaryimage","url":"https:\/\/www.imaq.fr\/blog\/wp-content\/uploads\/2023\/10\/IA-dilemme-de-la-voiturexcf.png","contentUrl":"https:\/\/www.imaq.fr\/blog\/wp-content\/uploads\/2023\/10\/IA-dilemme-de-la-voiturexcf.png"},{"@type":"BreadcrumbList","@id":"https:\/\/www.imaq.fr\/blog\/2023\/10\/lintelligence-artificielle-une-nouvelle-revolution\/#breadcrumb","itemListElement":[{"@type":"ListItem","position":1,"name":"Accueil","item":"https:\/\/www.imaq.fr\/blog\/"},{"@type":"ListItem","position":2,"name":"L\u2019intelligence artificielle, une nouvelle r\u00e9volution\u00a0?"}]},{"@type":"WebSite","@id":"https:\/\/www.imaq.fr\/blog\/#website","url":"https:\/\/www.imaq.fr\/blog\/","name":"Biennale Culturelle Ma\u00e7onnique de Bordeaux","description":"IMAQ","publisher":{"@id":"https:\/\/www.imaq.fr\/blog\/#organization"},"potentialAction":[{"@type":"SearchAction","target":{"@type":"EntryPoint","urlTemplate":"https:\/\/www.imaq.fr\/blog\/?s={search_term_string}"},"query-input":{"@type":"PropertyValueSpecification","valueRequired":true,"valueName":"search_term_string"}}],"inLanguage":"fr-FR"},{"@type":"Organization","@id":"https:\/\/www.imaq.fr\/blog\/#organization","name":"Biennale Culturelle Ma\u00e7onnique de Bordeaux","url":"https:\/\/www.imaq.fr\/blog\/","logo":{"@type":"ImageObject","inLanguage":"fr-FR","@id":"https:\/\/www.imaq.fr\/blog\/#\/schema\/logo\/image\/","url":"https:\/\/www.imaq.fr\/blog\/wp-content\/uploads\/2014\/12\/logo-bcmc.jpg","contentUrl":"https:\/\/www.imaq.fr\/blog\/wp-content\/uploads\/2014\/12\/logo-bcmc.jpg","width":759,"height":784,"caption":"Biennale Culturelle Ma\u00e7onnique de Bordeaux"},"image":{"@id":"https:\/\/www.imaq.fr\/blog\/#\/schema\/logo\/image\/"},"sameAs":["https:\/\/www.facebook.com\/biennaleculturellemaconnique.bordeaux"]},{"@type":"Person","@id":"https:\/\/www.imaq.fr\/blog\/#\/schema\/person\/3df683af05c9d4e9401e01364d03a5fd","name":"BCMB","image":{"@type":"ImageObject","inLanguage":"fr-FR","@id":"https:\/\/secure.gravatar.com\/avatar\/d6fbbbb38de40bcc3a41d4467d090d3b92513d4eb33fc933729359bbce505880?s=96&d=identicon&r=g","url":"https:\/\/secure.gravatar.com\/avatar\/d6fbbbb38de40bcc3a41d4467d090d3b92513d4eb33fc933729359bbce505880?s=96&d=identicon&r=g","contentUrl":"https:\/\/secure.gravatar.com\/avatar\/d6fbbbb38de40bcc3a41d4467d090d3b92513d4eb33fc933729359bbce505880?s=96&d=identicon&r=g","caption":"BCMB"},"sameAs":["https:\/\/www.imaq.fr"],"url":"https:\/\/www.imaq.fr\/blog\/author\/pomirol\/"}]}},"_links":{"self":[{"href":"https:\/\/www.imaq.fr\/blog\/wp-json\/wp\/v2\/posts\/2130","targetHints":{"allow":["GET"]}}],"collection":[{"href":"https:\/\/www.imaq.fr\/blog\/wp-json\/wp\/v2\/posts"}],"about":[{"href":"https:\/\/www.imaq.fr\/blog\/wp-json\/wp\/v2\/types\/post"}],"author":[{"embeddable":true,"href":"https:\/\/www.imaq.fr\/blog\/wp-json\/wp\/v2\/users\/2"}],"replies":[{"embeddable":true,"href":"https:\/\/www.imaq.fr\/blog\/wp-json\/wp\/v2\/comments?post=2130"}],"version-history":[{"count":0,"href":"https:\/\/www.imaq.fr\/blog\/wp-json\/wp\/v2\/posts\/2130\/revisions"}],"wp:attachment":[{"href":"https:\/\/www.imaq.fr\/blog\/wp-json\/wp\/v2\/media?parent=2130"}],"wp:term":[{"taxonomy":"category","embeddable":true,"href":"https:\/\/www.imaq.fr\/blog\/wp-json\/wp\/v2\/categories?post=2130"},{"taxonomy":"post_tag","embeddable":true,"href":"https:\/\/www.imaq.fr\/blog\/wp-json\/wp\/v2\/tags?post=2130"}],"curies":[{"name":"wp","href":"https:\/\/api.w.org\/{rel}","templated":true}]}}