{"id":2162,"date":"2023-10-27T17:39:39","date_gmt":"2023-10-27T17:39:39","guid":{"rendered":"https:\/\/www.imaq.fr\/blog\/?p=2162"},"modified":"2025-01-16T10:46:03","modified_gmt":"2025-01-16T10:46:03","slug":"biomedecine-et-technosciences-a-la-vie-a-la-mort","status":"publish","type":"post","link":"https:\/\/www.imaq.fr\/blog\/2023\/10\/biomedecine-et-technosciences-a-la-vie-a-la-mort\/","title":{"rendered":"Biom\u00e9decine et technosciences, \u00e0 la vie, \u00e0 la mort"},"content":{"rendered":"\n<div class=\"wp-block-columns is-layout-flex wp-container-core-columns-is-layout-28f84493 wp-block-columns-is-layout-flex\">\n<div class=\"wp-block-column is-layout-flow wp-block-column-is-layout-flow\" style=\"flex-basis:33.33%\">\n<div class=\"wp-block-columns is-layout-flex wp-container-core-columns-is-layout-28f84493 wp-block-columns-is-layout-flex\">\n<div class=\"wp-block-column is-layout-flow wp-block-column-is-layout-flow\" style=\"flex-basis:33.33%\">\n<p>9h00<\/p>\n<\/div>\n\n\n\n<div class=\"wp-block-column is-layout-flow wp-block-column-is-layout-flow\" style=\"flex-basis:66.66%\">\n<p><strong>Conf\u00e9rence<\/strong><br><em>Sant\u00e9 et<br>bio\u00e9thique<\/em><\/p>\n<\/div>\n<\/div>\n<\/div>\n\n\n\n<div class=\"wp-block-column is-layout-flow wp-block-column-is-layout-flow\" style=\"flex-basis:66.66%\">\n<p><strong>Biom\u00e9decine et technosciences, \u00e0 la vie, \u00e0 la mort<\/strong><br>par <strong><a href=\"https:\/\/www.imaq.fr\/blog\/2023\/07\/christiane-vienne\/\">Christiane VIENNE<\/a><\/strong>, Grand Ma\u00eetre de la Grande Loge Mixte de France, ancienne ministre de la sant\u00e9 du gouvernement Wallon, ancienne s\u00e9natrice et d\u00e9put\u00e9e du Parlement f\u00e9d\u00e9ral de Belgique<br>mod\u00e9ratrice : <a href=\"https:\/\/www.imaq.fr\/blog\/2023\/09\/patricia-laquel\/\">Patricia LAQUEL<\/a><\/p>\n\n\n\n<figure class=\"wp-block-audio\"><audio controls src=\"https:\/\/www.imaq.fr\/blog\/wp-content\/uploads\/2023\/10\/BCMB2023-5-Bioethique-et-technosciences.mp3\"><\/audio><figcaption class=\"wp-element-caption\">Ecouter la conf\u00e9rence<\/figcaption><\/figure>\n<\/div>\n<\/div>\n\n\n\n<div class=\"wp-block-group is-layout-constrained wp-block-group-is-layout-constrained\">\n<p>Contenu de la conf\u00e9rence<\/p>\n\n\n\n<details class=\"wp-block-details is-layout-flow wp-block-details-is-layout-flow\"><summary>Des questions qui interroge notre rapport \u00e0 la vie et notre rapport \u00e0 la mort<\/summary>\n<ul class=\"wp-block-list\">\n<li>influence extr\u00eamement importante sur notre libert\u00e9<\/li>\n\n\n\n<li>tr\u00e8s t\u00f4t, la franc-ma\u00e7onnerie s&rsquo;int\u00e9resse \u00e0 ces questions<\/li>\n\n\n\n<li>place du citoyen devant les sp\u00e9cialistes des questions m\u00e9dicales<\/li>\n\n\n\n<li>questions \u00e0 la fois philosophiques, juridiques et sociales<\/li>\n\n\n\n<li>fantasmes li\u00e9s \u00e0 l&rsquo;\u00e9volution des droits<\/li>\n\n\n\n<li>jusqu&rsquo;o\u00f9 veut-on aller ? Qui d\u00e9cide ?<\/li>\n<\/ul>\n<\/details>\n\n\n\n<details class=\"wp-block-details is-layout-flow wp-block-details-is-layout-flow\"><summary>Trois exemples<\/summary>\n<ul class=\"wp-block-list\">\n<li>Le 19 septembre 2023, Neuralink, la start-up d&rsquo;Elon Musk, a lanc\u00e9 une campagne de recrutement de sujets humains pour l&rsquo;implantation de puces neurologiques. Cette interface, appel\u00e9e \u00ab\u00a0The Link\u00a0\u00bb, devrait permettre \u00e0 des personnes paralys\u00e9es de contr\u00f4ler des objets par la pens\u00e9e. L&rsquo;objectif de cette interface est de restaurer l&rsquo;autonomie des personnes atteintes de paralysie. \n<ul class=\"wp-block-list\">\n<li>Ces futurs essais cliniques sont donc r\u00e9serv\u00e9s \u00e0 ces personnes.<\/li>\n\n\n\n<li>Qui le garantit ? Comment \u00eatre assur\u00e9 que ce ne sera pas mis au service d&rsquo;autres objectifs moins accept\u00e9s ?<\/li>\n<\/ul>\n<\/li>\n\n\n\n<li>Des greffes de c\u0153ur de porc sur des humains ont \u00e9t\u00e9 r\u00e9alis\u00e9es. La premi\u00e8re a eu lieu en 2022, r\u00e9alis\u00e9e par des chirurgiens am\u00e9ricains de l&rsquo;universit\u00e9 du Maryland. Le c\u0153ur du porc \u00e9tait g\u00e9n\u00e9tiquement modifi\u00e9 pour \u00e9viter le rejet par le syst\u00e8me immunitaire du patient. La deuxi\u00e8me transplantation a eu lieu le 20 septembre 2023 sur Lawrence Faucette, un ancien militaire \u00e0 la retraite atteint d&rsquo;une grave maladie du c\u0153ur. Il respire actuellement seul et son nouveau c\u0153ur fonctionne tr\u00e8s bien, sans assistance. Ces op\u00e9rations sont consid\u00e9r\u00e9es comme une \u00e9tape majeure pour les x\u00e9nogreffes, qui visent \u00e0 pallier la p\u00e9nurie d&rsquo;organes humains disponibles.<\/li>\n\n\n\n<li>Les cellules souches pluripotentes induites (iPS) sont un outil formidable pour la recherche qui pourrait r\u00e9volutionner les nouvelles th\u00e9rapies. Ces cellules peuvent \u00eatre produites en quantit\u00e9 illimit\u00e9e, \u00e0 tr\u00e8s grande \u00e9chelle, pour une large population. Elles sont d\u00e9j\u00e0 largement utilis\u00e9es pour mod\u00e9liser de nombreuses pathologies et tester l\u2019efficacit\u00e9 de mol\u00e9cules potentiellement th\u00e9rapeutiques. La prouesse scientifique r\u00e9compens\u00e9e par le prix Nobel de m\u00e9decine 2012 consiste \u00e0 pr\u00e9lever pratiquement n\u2019importe quelle cellule chez un adulte et \u00e0 la reprogrammer g\u00e9n\u00e9tiquement pour la rendre pluripotente, c\u2019est-\u00e0-dire capable de se multiplier \u00e0 l\u2019infini et de se diff\u00e9rencier dans tous les types de cellules qui composent un organisme adulte, comme une cellule souche embryonnaire. Des essais cliniques fond\u00e9s sur le recours \u00e0 ces cellules ont en outre d\u00e9but\u00e9 dans plusieurs pays, pour diff\u00e9rentes maladies. En France, la recherche sur l\u2019embryon est autoris\u00e9e sous certaines conditions. Les chercheurs autoris\u00e9s peuvent travailler \u00e0 partir d\u2019embryons en surnombre con\u00e7us dans le cadre d\u2019une f\u00e9condation in vitro ou d\u2019un diagnostic pr\u00e9implantatoire que les parents choisissent de donner \u00e0 la recherche. Ces travaux sont importants car \u00e0 terme, ils peuvent permettre d\u2019am\u00e9liorer les chances de r\u00e9ussite des tentatives de f\u00e9condation dans le cadre d\u2019une assistance m\u00e9dicale \u00e0 la procr\u00e9ation, par exemple. La recherche doit permettre par exemple de progresser dans la connaissance du d\u00e9veloppement humain, la compr\u00e9hension des m\u00e9canismes biologiques qui caract\u00e9risent ces cellules mais aussi dans une perspective de nouvelles voies th\u00e9rapeutiques, comme la m\u00e9decine r\u00e9g\u00e9n\u00e9rative.<\/li>\n<\/ul>\n<\/details>\n\n\n\n<details class=\"wp-block-details is-layout-flow wp-block-details-is-layout-flow\"><summary>Les quatre principes de la bio\u00e9thique<\/summary>\n<ul class=\"wp-block-list\">\n<li>Respect de l&rsquo;autonomie : la possibilit\u00e9 pour les personnes de choisir et de d\u00e9cider par elles-m\u00eames.<\/li>\n\n\n\n<li>Le principe de bienfaisance : faciliter et faire le bien, contribuer au bien-\u00eatre du patient.<\/li>\n\n\n\n<li>Pas de malveillance : interdiction de nuire ou de mener des actions malveillantes.<\/li>\n\n\n\n<li>Justice : s&rsquo;attacher \u00e0 l&rsquo;\u00e9quit\u00e9, \u00e0 l&rsquo;\u00e9galit\u00e9 des chances et au partage juste et \u00e9quitable des responsabilit\u00e9s li\u00e9es aux co\u00fbts, aux risques et aux b\u00e9n\u00e9fices des d\u00e9cisions bio\u00e9thiques.<\/li>\n<\/ul>\n\n\n\n<p>La bio\u00e9thique consid\u00e8re chaque personne comme une entit\u00e9 sans limites, libre de prendre toutes les d\u00e9cisions relatives \u00e0 sa sant\u00e9 et \u00e0 tout autre sujet en lien avec la biologie, la politique, la science environnementale et la g\u00e9n\u00e9tique<\/p>\n<\/details>\n\n\n\n<details class=\"wp-block-details is-layout-flow wp-block-details-is-layout-flow\"><summary>Quelles sont les r\u00e9gulations ?<\/summary>\n<ul class=\"wp-block-list\">\n<li>Jusqu&rsquo;o\u00f9 sommes nous pr\u00eat \u00e0 sacrifier une partie de nos libert\u00e9s au profit d&rsquo;une s\u00e9curit\u00e9 m\u00e9dicale ?<\/li>\n\n\n\n<li>Les organisme de r\u00e9gulation en France\n<ul class=\"wp-block-list\">\n<li>Le Comit\u00e9 consultatif national d&rsquo;\u00e9thique pour les sciences de la vie et de la sant\u00e9 est une instance pluridisciplinaire de r\u00e9flexion dont la mission porte sur les \u00ab questions de soci\u00e9t\u00e9 soulev\u00e9es par les progr\u00e8s de la connaissance dans les domaines de la biologie, de la m\u00e9decine et de la sant\u00e9 \u00bb.<\/li>\n\n\n\n<li>L&rsquo;Agence de la biom\u00e9decine intervient dans les domaines de :\n<ul class=\"wp-block-list\">\n<li>du pr\u00e9l\u00e8vement et de la greffe d\u2019organes et de tissus ;<\/li>\n\n\n\n<li>du pr\u00e9l\u00e8vement et de la greffe de moelle osseuse ;<\/li>\n\n\n\n<li>de la procr\u00e9ation m\u00e9dicale assist\u00e9e ;<\/li>\n\n\n\n<li>de la recherche sur les cellules souches embryonnaires humaines ;<\/li>\n\n\n\n<li>du diagnostic pr\u00e9natal, pr\u00e9implantatoire ;<\/li>\n\n\n\n<li>de la g\u00e9n\u00e9tique humaine.<\/li>\n<\/ul>\n<\/li>\n<\/ul>\n<\/li>\n\n\n\n<li>Les accords internationaux\n<ul class=\"wp-block-list\">\n<li>Exemple de l&rsquo;interdiction du clonage humain<\/li>\n\n\n\n<li>Contre-exemples d&rsquo;autres domaines o\u00f9 c&rsquo;est moins clair\n<ul class=\"wp-block-list\">\n<li>le transhumanisme<\/li>\n\n\n\n<li>les questions sur la fin de vie<\/li>\n\n\n\n<li>les questions sur le changement de sexe<\/li>\n<\/ul>\n<\/li>\n<\/ul>\n<\/li>\n<\/ul>\n<\/details>\n\n\n\n<details class=\"wp-block-details is-layout-flow wp-block-details-is-layout-flow\"><summary>Une question sociale et soci\u00e9tale<\/summary>\n<ul class=\"wp-block-list\">\n<li>Ni imposer, ni interdire<\/li>\n\n\n\n<li>La question de l&rsquo;accessibilit\u00e9 \u00e0 tous<\/li>\n\n\n\n<li>Des d\u00e9cisions politiques claires<\/li>\n<\/ul>\n<\/details>\n\n\n\n<details class=\"wp-block-details is-layout-flow wp-block-details-is-layout-flow\"><summary>La m\u00e9thode des francs-ma\u00e7ons pour aborder ces question<\/summary>\n<ul class=\"wp-block-list\">\n<li>Travail dans un temps long<\/li>\n\n\n\n<li>Prise en compte de l&rsquo;alt\u00e9rit\u00e9 et de l&rsquo;\u00e9galit\u00e9<\/li>\n\n\n\n<li>Responsabilit\u00e9 de contribuer \u00e0 la r\u00e9flexion collective<\/li>\n<\/ul>\n<\/details>\n\n\n\n<p>Les questions de la salle ont port\u00e9 sur :<\/p>\n\n\n\n<ul class=\"wp-block-list\">\n<li>L&rsquo;utilisation des cellules souches contre le vieillissement<\/li>\n\n\n\n<li>Les consultations citoyennes<\/li>\n\n\n\n<li>La n\u00e9cessit\u00e9 d&rsquo;instruire , de transmettre les connaissances, d&rsquo;apprendre \u00e0 s&rsquo;impliquer en tant que citoyen<\/li>\n\n\n\n<li>La responsabilit\u00e9 des politiques<\/li>\n<\/ul>\n<\/div>\n","protected":false},"excerpt":{"rendered":"<p>9h00 Conf\u00e9renceSant\u00e9 etbio\u00e9thique Biom\u00e9decine et technosciences, \u00e0 la vie, \u00e0 la mortpar Christiane VIENNE, Grand Ma\u00eetre de la Grande Loge Mixte de France, ancienne ministre de la sant\u00e9 du gouvernement Wallon, ancienne s\u00e9natrice et d\u00e9put\u00e9e du Parlement f\u00e9d\u00e9ral de Belgiquemod\u00e9ratrice : Patricia LAQUEL Contenu de la conf\u00e9rence Les questions de la salle ont port\u00e9 sur [&hellip;]<\/p>\n","protected":false},"author":2,"featured_media":0,"comment_status":"closed","ping_status":"closed","sticky":false,"template":"","format":"standard","meta":{"_editorskit_title_hidden":false,"_editorskit_reading_time":0,"_editorskit_is_block_options_detached":false,"_editorskit_block_options_position":"{}","footnotes":""},"categories":[35,36],"tags":[64,68,58,170,169,171],"class_list":["post-2162","post","type-post","status-publish","format-standard","hentry","category-biennale-2023","category-conference-2023","tag-bcmb","tag-bcmb2023","tag-bioethique","tag-biomedecine","tag-christiane-vienne","tag-technosciences"],"yoast_head":"<!-- This site is optimized with the Yoast SEO plugin v27.5 - https:\/\/yoast.com\/product\/yoast-seo-wordpress\/ -->\n<title>Biom\u00e9decine et technosciences, \u00e0 la vie, \u00e0 la mort - Biennale Culturelle Ma\u00e7onnique de Bordeaux<\/title>\n<meta name=\"robots\" content=\"index, follow, max-snippet:-1, max-image-preview:large, max-video-preview:-1\" \/>\n<link rel=\"canonical\" href=\"https:\/\/www.imaq.fr\/blog\/2023\/10\/biomedecine-et-technosciences-a-la-vie-a-la-mort\/\" \/>\n<meta property=\"og:locale\" content=\"fr_FR\" \/>\n<meta property=\"og:type\" content=\"article\" \/>\n<meta property=\"og:title\" content=\"Biom\u00e9decine et technosciences, \u00e0 la vie, \u00e0 la mort - Biennale Culturelle Ma\u00e7onnique de Bordeaux\" \/>\n<meta property=\"og:description\" content=\"9h00 Conf\u00e9renceSant\u00e9 etbio\u00e9thique Biom\u00e9decine et technosciences, \u00e0 la vie, \u00e0 la mortpar Christiane VIENNE, Grand Ma\u00eetre de la Grande Loge Mixte de France, ancienne ministre de la sant\u00e9 du gouvernement Wallon, ancienne s\u00e9natrice et d\u00e9put\u00e9e du Parlement f\u00e9d\u00e9ral de Belgiquemod\u00e9ratrice : Patricia LAQUEL Contenu de la conf\u00e9rence Les questions de la salle ont port\u00e9 sur [&hellip;]\" \/>\n<meta property=\"og:url\" content=\"https:\/\/www.imaq.fr\/blog\/2023\/10\/biomedecine-et-technosciences-a-la-vie-a-la-mort\/\" \/>\n<meta property=\"og:site_name\" content=\"Biennale Culturelle Ma\u00e7onnique de Bordeaux\" \/>\n<meta property=\"article:publisher\" content=\"https:\/\/www.facebook.com\/biennaleculturellemaconnique.bordeaux\" \/>\n<meta property=\"article:published_time\" content=\"2023-10-27T17:39:39+00:00\" \/>\n<meta property=\"article:modified_time\" content=\"2025-01-16T10:46:03+00:00\" \/>\n<meta name=\"author\" content=\"BCMB\" \/>\n<meta name=\"twitter:card\" content=\"summary_large_image\" \/>\n<meta name=\"twitter:label1\" content=\"\u00c9crit par\" \/>\n\t<meta name=\"twitter:data1\" content=\"BCMB\" \/>\n\t<meta name=\"twitter:label2\" content=\"Dur\u00e9e de lecture estim\u00e9e\" \/>\n\t<meta name=\"twitter:data2\" content=\"5 minutes\" \/>\n<script type=\"application\/ld+json\" class=\"yoast-schema-graph\">{\"@context\":\"https:\\\/\\\/schema.org\",\"@graph\":[{\"@type\":\"Article\",\"@id\":\"https:\\\/\\\/www.imaq.fr\\\/blog\\\/2023\\\/10\\\/biomedecine-et-technosciences-a-la-vie-a-la-mort\\\/#article\",\"isPartOf\":{\"@id\":\"https:\\\/\\\/www.imaq.fr\\\/blog\\\/2023\\\/10\\\/biomedecine-et-technosciences-a-la-vie-a-la-mort\\\/\"},\"author\":{\"name\":\"BCMB\",\"@id\":\"https:\\\/\\\/www.imaq.fr\\\/blog\\\/#\\\/schema\\\/person\\\/3df683af05c9d4e9401e01364d03a5fd\"},\"headline\":\"Biom\u00e9decine et technosciences, \u00e0 la vie, \u00e0 la mort\",\"datePublished\":\"2023-10-27T17:39:39+00:00\",\"dateModified\":\"2025-01-16T10:46:03+00:00\",\"mainEntityOfPage\":{\"@id\":\"https:\\\/\\\/www.imaq.fr\\\/blog\\\/2023\\\/10\\\/biomedecine-et-technosciences-a-la-vie-a-la-mort\\\/\"},\"wordCount\":1032,\"publisher\":{\"@id\":\"https:\\\/\\\/www.imaq.fr\\\/blog\\\/#organization\"},\"keywords\":[\"bcmb\",\"bcmb2023\",\"bio\u00e9thique\",\"biom\u00e9decine\",\"christiane vienne\",\"technosciences\"],\"articleSection\":[\"Biennale 2023\",\"Conf\u00e9rence 2023\"],\"inLanguage\":\"fr-FR\"},{\"@type\":\"WebPage\",\"@id\":\"https:\\\/\\\/www.imaq.fr\\\/blog\\\/2023\\\/10\\\/biomedecine-et-technosciences-a-la-vie-a-la-mort\\\/\",\"url\":\"https:\\\/\\\/www.imaq.fr\\\/blog\\\/2023\\\/10\\\/biomedecine-et-technosciences-a-la-vie-a-la-mort\\\/\",\"name\":\"Biom\u00e9decine et technosciences, \u00e0 la vie, \u00e0 la mort - Biennale Culturelle Ma\u00e7onnique de Bordeaux\",\"isPartOf\":{\"@id\":\"https:\\\/\\\/www.imaq.fr\\\/blog\\\/#website\"},\"datePublished\":\"2023-10-27T17:39:39+00:00\",\"dateModified\":\"2025-01-16T10:46:03+00:00\",\"breadcrumb\":{\"@id\":\"https:\\\/\\\/www.imaq.fr\\\/blog\\\/2023\\\/10\\\/biomedecine-et-technosciences-a-la-vie-a-la-mort\\\/#breadcrumb\"},\"inLanguage\":\"fr-FR\",\"potentialAction\":[{\"@type\":\"ReadAction\",\"target\":[\"https:\\\/\\\/www.imaq.fr\\\/blog\\\/2023\\\/10\\\/biomedecine-et-technosciences-a-la-vie-a-la-mort\\\/\"]}]},{\"@type\":\"BreadcrumbList\",\"@id\":\"https:\\\/\\\/www.imaq.fr\\\/blog\\\/2023\\\/10\\\/biomedecine-et-technosciences-a-la-vie-a-la-mort\\\/#breadcrumb\",\"itemListElement\":[{\"@type\":\"ListItem\",\"position\":1,\"name\":\"Accueil\",\"item\":\"https:\\\/\\\/www.imaq.fr\\\/blog\\\/\"},{\"@type\":\"ListItem\",\"position\":2,\"name\":\"Biom\u00e9decine et technosciences, \u00e0 la vie, \u00e0 la mort\"}]},{\"@type\":\"WebSite\",\"@id\":\"https:\\\/\\\/www.imaq.fr\\\/blog\\\/#website\",\"url\":\"https:\\\/\\\/www.imaq.fr\\\/blog\\\/\",\"name\":\"Biennale Culturelle Ma\u00e7onnique de Bordeaux\",\"description\":\"IMAQ\",\"publisher\":{\"@id\":\"https:\\\/\\\/www.imaq.fr\\\/blog\\\/#organization\"},\"potentialAction\":[{\"@type\":\"SearchAction\",\"target\":{\"@type\":\"EntryPoint\",\"urlTemplate\":\"https:\\\/\\\/www.imaq.fr\\\/blog\\\/?s={search_term_string}\"},\"query-input\":{\"@type\":\"PropertyValueSpecification\",\"valueRequired\":true,\"valueName\":\"search_term_string\"}}],\"inLanguage\":\"fr-FR\"},{\"@type\":\"Organization\",\"@id\":\"https:\\\/\\\/www.imaq.fr\\\/blog\\\/#organization\",\"name\":\"Biennale Culturelle Ma\u00e7onnique de Bordeaux\",\"url\":\"https:\\\/\\\/www.imaq.fr\\\/blog\\\/\",\"logo\":{\"@type\":\"ImageObject\",\"inLanguage\":\"fr-FR\",\"@id\":\"https:\\\/\\\/www.imaq.fr\\\/blog\\\/#\\\/schema\\\/logo\\\/image\\\/\",\"url\":\"https:\\\/\\\/www.imaq.fr\\\/blog\\\/wp-content\\\/uploads\\\/2014\\\/12\\\/logo-bcmc.jpg\",\"contentUrl\":\"https:\\\/\\\/www.imaq.fr\\\/blog\\\/wp-content\\\/uploads\\\/2014\\\/12\\\/logo-bcmc.jpg\",\"width\":759,\"height\":784,\"caption\":\"Biennale Culturelle Ma\u00e7onnique de Bordeaux\"},\"image\":{\"@id\":\"https:\\\/\\\/www.imaq.fr\\\/blog\\\/#\\\/schema\\\/logo\\\/image\\\/\"},\"sameAs\":[\"https:\\\/\\\/www.facebook.com\\\/biennaleculturellemaconnique.bordeaux\"]},{\"@type\":\"Person\",\"@id\":\"https:\\\/\\\/www.imaq.fr\\\/blog\\\/#\\\/schema\\\/person\\\/3df683af05c9d4e9401e01364d03a5fd\",\"name\":\"BCMB\",\"image\":{\"@type\":\"ImageObject\",\"inLanguage\":\"fr-FR\",\"@id\":\"https:\\\/\\\/secure.gravatar.com\\\/avatar\\\/d6fbbbb38de40bcc3a41d4467d090d3b92513d4eb33fc933729359bbce505880?s=96&d=identicon&r=g\",\"url\":\"https:\\\/\\\/secure.gravatar.com\\\/avatar\\\/d6fbbbb38de40bcc3a41d4467d090d3b92513d4eb33fc933729359bbce505880?s=96&d=identicon&r=g\",\"contentUrl\":\"https:\\\/\\\/secure.gravatar.com\\\/avatar\\\/d6fbbbb38de40bcc3a41d4467d090d3b92513d4eb33fc933729359bbce505880?s=96&d=identicon&r=g\",\"caption\":\"BCMB\"},\"sameAs\":[\"https:\\\/\\\/www.imaq.fr\"],\"url\":\"https:\\\/\\\/www.imaq.fr\\\/blog\\\/author\\\/pomirol\\\/\"}]}<\/script>\n<!-- \/ Yoast SEO plugin. -->","yoast_head_json":{"title":"Biom\u00e9decine et technosciences, \u00e0 la vie, \u00e0 la mort - Biennale Culturelle Ma\u00e7onnique de Bordeaux","robots":{"index":"index","follow":"follow","max-snippet":"max-snippet:-1","max-image-preview":"max-image-preview:large","max-video-preview":"max-video-preview:-1"},"canonical":"https:\/\/www.imaq.fr\/blog\/2023\/10\/biomedecine-et-technosciences-a-la-vie-a-la-mort\/","og_locale":"fr_FR","og_type":"article","og_title":"Biom\u00e9decine et technosciences, \u00e0 la vie, \u00e0 la mort - Biennale Culturelle Ma\u00e7onnique de Bordeaux","og_description":"9h00 Conf\u00e9renceSant\u00e9 etbio\u00e9thique Biom\u00e9decine et technosciences, \u00e0 la vie, \u00e0 la mortpar Christiane VIENNE, Grand Ma\u00eetre de la Grande Loge Mixte de France, ancienne ministre de la sant\u00e9 du gouvernement Wallon, ancienne s\u00e9natrice et d\u00e9put\u00e9e du Parlement f\u00e9d\u00e9ral de Belgiquemod\u00e9ratrice : Patricia LAQUEL Contenu de la conf\u00e9rence Les questions de la salle ont port\u00e9 sur [&hellip;]","og_url":"https:\/\/www.imaq.fr\/blog\/2023\/10\/biomedecine-et-technosciences-a-la-vie-a-la-mort\/","og_site_name":"Biennale Culturelle Ma\u00e7onnique de Bordeaux","article_publisher":"https:\/\/www.facebook.com\/biennaleculturellemaconnique.bordeaux","article_published_time":"2023-10-27T17:39:39+00:00","article_modified_time":"2025-01-16T10:46:03+00:00","author":"BCMB","twitter_card":"summary_large_image","twitter_misc":{"\u00c9crit par":"BCMB","Dur\u00e9e de lecture estim\u00e9e":"5 minutes"},"schema":{"@context":"https:\/\/schema.org","@graph":[{"@type":"Article","@id":"https:\/\/www.imaq.fr\/blog\/2023\/10\/biomedecine-et-technosciences-a-la-vie-a-la-mort\/#article","isPartOf":{"@id":"https:\/\/www.imaq.fr\/blog\/2023\/10\/biomedecine-et-technosciences-a-la-vie-a-la-mort\/"},"author":{"name":"BCMB","@id":"https:\/\/www.imaq.fr\/blog\/#\/schema\/person\/3df683af05c9d4e9401e01364d03a5fd"},"headline":"Biom\u00e9decine et technosciences, \u00e0 la vie, \u00e0 la mort","datePublished":"2023-10-27T17:39:39+00:00","dateModified":"2025-01-16T10:46:03+00:00","mainEntityOfPage":{"@id":"https:\/\/www.imaq.fr\/blog\/2023\/10\/biomedecine-et-technosciences-a-la-vie-a-la-mort\/"},"wordCount":1032,"publisher":{"@id":"https:\/\/www.imaq.fr\/blog\/#organization"},"keywords":["bcmb","bcmb2023","bio\u00e9thique","biom\u00e9decine","christiane vienne","technosciences"],"articleSection":["Biennale 2023","Conf\u00e9rence 2023"],"inLanguage":"fr-FR"},{"@type":"WebPage","@id":"https:\/\/www.imaq.fr\/blog\/2023\/10\/biomedecine-et-technosciences-a-la-vie-a-la-mort\/","url":"https:\/\/www.imaq.fr\/blog\/2023\/10\/biomedecine-et-technosciences-a-la-vie-a-la-mort\/","name":"Biom\u00e9decine et technosciences, \u00e0 la vie, \u00e0 la mort - Biennale Culturelle Ma\u00e7onnique de Bordeaux","isPartOf":{"@id":"https:\/\/www.imaq.fr\/blog\/#website"},"datePublished":"2023-10-27T17:39:39+00:00","dateModified":"2025-01-16T10:46:03+00:00","breadcrumb":{"@id":"https:\/\/www.imaq.fr\/blog\/2023\/10\/biomedecine-et-technosciences-a-la-vie-a-la-mort\/#breadcrumb"},"inLanguage":"fr-FR","potentialAction":[{"@type":"ReadAction","target":["https:\/\/www.imaq.fr\/blog\/2023\/10\/biomedecine-et-technosciences-a-la-vie-a-la-mort\/"]}]},{"@type":"BreadcrumbList","@id":"https:\/\/www.imaq.fr\/blog\/2023\/10\/biomedecine-et-technosciences-a-la-vie-a-la-mort\/#breadcrumb","itemListElement":[{"@type":"ListItem","position":1,"name":"Accueil","item":"https:\/\/www.imaq.fr\/blog\/"},{"@type":"ListItem","position":2,"name":"Biom\u00e9decine et technosciences, \u00e0 la vie, \u00e0 la mort"}]},{"@type":"WebSite","@id":"https:\/\/www.imaq.fr\/blog\/#website","url":"https:\/\/www.imaq.fr\/blog\/","name":"Biennale Culturelle Ma\u00e7onnique de Bordeaux","description":"IMAQ","publisher":{"@id":"https:\/\/www.imaq.fr\/blog\/#organization"},"potentialAction":[{"@type":"SearchAction","target":{"@type":"EntryPoint","urlTemplate":"https:\/\/www.imaq.fr\/blog\/?s={search_term_string}"},"query-input":{"@type":"PropertyValueSpecification","valueRequired":true,"valueName":"search_term_string"}}],"inLanguage":"fr-FR"},{"@type":"Organization","@id":"https:\/\/www.imaq.fr\/blog\/#organization","name":"Biennale Culturelle Ma\u00e7onnique de Bordeaux","url":"https:\/\/www.imaq.fr\/blog\/","logo":{"@type":"ImageObject","inLanguage":"fr-FR","@id":"https:\/\/www.imaq.fr\/blog\/#\/schema\/logo\/image\/","url":"https:\/\/www.imaq.fr\/blog\/wp-content\/uploads\/2014\/12\/logo-bcmc.jpg","contentUrl":"https:\/\/www.imaq.fr\/blog\/wp-content\/uploads\/2014\/12\/logo-bcmc.jpg","width":759,"height":784,"caption":"Biennale Culturelle Ma\u00e7onnique de Bordeaux"},"image":{"@id":"https:\/\/www.imaq.fr\/blog\/#\/schema\/logo\/image\/"},"sameAs":["https:\/\/www.facebook.com\/biennaleculturellemaconnique.bordeaux"]},{"@type":"Person","@id":"https:\/\/www.imaq.fr\/blog\/#\/schema\/person\/3df683af05c9d4e9401e01364d03a5fd","name":"BCMB","image":{"@type":"ImageObject","inLanguage":"fr-FR","@id":"https:\/\/secure.gravatar.com\/avatar\/d6fbbbb38de40bcc3a41d4467d090d3b92513d4eb33fc933729359bbce505880?s=96&d=identicon&r=g","url":"https:\/\/secure.gravatar.com\/avatar\/d6fbbbb38de40bcc3a41d4467d090d3b92513d4eb33fc933729359bbce505880?s=96&d=identicon&r=g","contentUrl":"https:\/\/secure.gravatar.com\/avatar\/d6fbbbb38de40bcc3a41d4467d090d3b92513d4eb33fc933729359bbce505880?s=96&d=identicon&r=g","caption":"BCMB"},"sameAs":["https:\/\/www.imaq.fr"],"url":"https:\/\/www.imaq.fr\/blog\/author\/pomirol\/"}]}},"_links":{"self":[{"href":"https:\/\/www.imaq.fr\/blog\/wp-json\/wp\/v2\/posts\/2162","targetHints":{"allow":["GET"]}}],"collection":[{"href":"https:\/\/www.imaq.fr\/blog\/wp-json\/wp\/v2\/posts"}],"about":[{"href":"https:\/\/www.imaq.fr\/blog\/wp-json\/wp\/v2\/types\/post"}],"author":[{"embeddable":true,"href":"https:\/\/www.imaq.fr\/blog\/wp-json\/wp\/v2\/users\/2"}],"replies":[{"embeddable":true,"href":"https:\/\/www.imaq.fr\/blog\/wp-json\/wp\/v2\/comments?post=2162"}],"version-history":[{"count":0,"href":"https:\/\/www.imaq.fr\/blog\/wp-json\/wp\/v2\/posts\/2162\/revisions"}],"wp:attachment":[{"href":"https:\/\/www.imaq.fr\/blog\/wp-json\/wp\/v2\/media?parent=2162"}],"wp:term":[{"taxonomy":"category","embeddable":true,"href":"https:\/\/www.imaq.fr\/blog\/wp-json\/wp\/v2\/categories?post=2162"},{"taxonomy":"post_tag","embeddable":true,"href":"https:\/\/www.imaq.fr\/blog\/wp-json\/wp\/v2\/tags?post=2162"}],"curies":[{"name":"wp","href":"https:\/\/api.w.org\/{rel}","templated":true}]}}