{"id":2190,"date":"2023-11-05T15:52:26","date_gmt":"2023-11-05T15:52:26","guid":{"rendered":"https:\/\/www.imaq.fr\/blog\/?p=2190"},"modified":"2025-01-16T10:44:45","modified_gmt":"2025-01-16T10:44:45","slug":"reconnaitre-les-droits-de-la-nature-une-nouvelle-ethique-face-au-vivant","status":"publish","type":"post","link":"https:\/\/www.imaq.fr\/blog\/2023\/11\/reconnaitre-les-droits-de-la-nature-une-nouvelle-ethique-face-au-vivant\/","title":{"rendered":"Reconnaitre les droits de la nature, une nouvelle \u00e9thique face au vivant"},"content":{"rendered":"\n<div class=\"wp-block-columns is-layout-flex wp-container-core-columns-is-layout-28f84493 wp-block-columns-is-layout-flex\">\n<div class=\"wp-block-column is-layout-flow wp-block-column-is-layout-flow\" style=\"flex-basis:33.33%\">\n<div class=\"wp-block-columns is-layout-flex wp-container-core-columns-is-layout-28f84493 wp-block-columns-is-layout-flex\">\n<div class=\"wp-block-column is-layout-flow wp-block-column-is-layout-flow\" style=\"flex-basis:33.33%\">\n<p>11h15<\/p>\n<\/div>\n\n\n\n<div class=\"wp-block-column is-layout-flow wp-block-column-is-layout-flow\" style=\"flex-basis:66.66%\">\n<p><strong>Conf\u00e9rence<\/strong><br><em>\u00c9thique et<br>environnement<\/em><\/p>\n<\/div>\n<\/div>\n<\/div>\n\n\n\n<div class=\"wp-block-column is-layout-flow wp-block-column-is-layout-flow\" style=\"flex-basis:66.66%\">\n<p><strong>Reconnaitre les droits de la nature, une nouvelle \u00e9thique face au vivant<\/strong><br>par <strong><a href=\"https:\/\/www.imaq.fr\/blog\/2023\/07\/marine-calmet\/\">Marine CALMET<\/a><\/strong>, avocate, pr\u00e9sidente de l&rsquo;association Wild Legal<br>mod\u00e9rateur : Albert KLEIN<\/p>\n\n\n\n<figure class=\"wp-block-audio\"><audio controls src=\"https:\/\/www.imaq.fr\/blog\/wp-content\/uploads\/2023\/10\/BCMB2023-2-Droits-de-la-nature.mp3\"><\/audio><figcaption class=\"wp-element-caption\">Ecouter la conf\u00e9rence<\/figcaption><\/figure>\n<\/div>\n<\/div>\n\n\n\n<div class=\"wp-block-group is-layout-constrained wp-block-group-is-layout-constrained\">\n<div class=\"wp-block-group is-layout-constrained wp-block-group-is-layout-constrained\">\n<p>Contenu de la conf\u00e9rence<\/p>\n\n\n\n<details class=\"wp-block-details is-layout-flow wp-block-details-is-layout-flow\"><summary>L&rsquo;\u00e9thique est li\u00e9e au mod\u00e8le de soci\u00e9t\u00e9<\/summary>\n<ul class=\"wp-block-list\">\n<li>Exemple de la Guyane Fran\u00e7aise o\u00f9 la propri\u00e9t\u00e9 fonci\u00e8re n&rsquo;existe pas dans le droit coutumier<\/li>\n<\/ul>\n<\/details>\n<\/div>\n\n\n\n<details class=\"wp-block-details is-layout-flow wp-block-details-is-layout-flow\"><summary>L&rsquo;\u00e9volution de la notion de personnalit\u00e9<\/summary>\n<ul class=\"wp-block-list\">\n<li>Exemple des esclaves : une valeur marchande sans personnalit\u00e9<\/li>\n\n\n\n<li>Exemple de la condition des femmes : de la tutelle \u00e0 l&rsquo;\u00e9mancipation<\/li>\n<\/ul>\n<\/details>\n\n\n\n<details class=\"wp-block-details is-layout-flow wp-block-details-is-layout-flow\"><summary>Accorder une personnalit\u00e9 \u00e0 la nature<\/summary>\n<ul class=\"wp-block-list\">\n<li>Le juste et l&rsquo;injuste<\/li>\n\n\n\n<li>Le l\u00e9gal et l&rsquo;injuste<\/li>\n\n\n\n<li>Le droit des arbres, des animaux, de la nature<\/li>\n\n\n\n<li>Exemple de pays accordant une personnalit\u00e9 \u00e0 la nature<\/li>\n\n\n\n<li>Exemples de la personnalit\u00e9 accord\u00e9e en Nouvelle Cal\u00e9donie et ici, en Gironde, pour la Garonne<\/li>\n\n\n\n<li>Construire un droit<\/li>\n<\/ul>\n<\/details>\n\n\n\n<p>Les questions de la salle ont port\u00e9 sur :<\/p>\n\n\n\n<ul class=\"wp-block-list\">\n<li>Quelles pourraient \u00eatre les diff\u00e9rentes \u00e9tapes pour \u00e9tablir un droit \u00e0 la nature ou \u00e0 un \u00e9cosyst\u00e8me ?<\/li>\n\n\n\n<li>Que penser du mouvement Soul\u00e8vement de la Terre et de sa m\u00e9thode de d\u00e9sob\u00e9issance civique ?<\/li>\n\n\n\n<li>Comment changer de paradigme pour cr\u00e9er cette fiction juridique qui accorderait une personnalit\u00e9 \u00e0 la nature ?<\/li>\n\n\n\n<li>La croissance occidentale est-elle compatible au respect de l&rsquo;\u00e9cologie et au respect de la terre ?<\/li>\n<\/ul>\n<\/div>\n","protected":false},"excerpt":{"rendered":"<p>11h15 Conf\u00e9rence\u00c9thique etenvironnement Reconnaitre les droits de la nature, une nouvelle \u00e9thique face au vivantpar Marine CALMET, avocate, pr\u00e9sidente de l&rsquo;association Wild Legalmod\u00e9rateur : Albert KLEIN Contenu de la conf\u00e9rence Les questions de la salle ont port\u00e9 sur :<\/p>\n","protected":false},"author":2,"featured_media":0,"comment_status":"closed","ping_status":"closed","sticky":false,"template":"","format":"standard","meta":{"_editorskit_title_hidden":false,"_editorskit_reading_time":0,"_editorskit_is_block_options_detached":false,"_editorskit_block_options_position":"{}","footnotes":""},"categories":[35,36],"tags":[64,68,178,60,52,177],"class_list":["post-2190","post","type-post","status-publish","format-standard","hentry","category-biennale-2023","category-conference-2023","tag-bcmb","tag-bcmb2023","tag-droits-de-la-nature","tag-environnement","tag-ethique","tag-marine-calmet"],"yoast_head":"<!-- This site is optimized with the Yoast SEO plugin v27.5 - https:\/\/yoast.com\/product\/yoast-seo-wordpress\/ -->\n<title>Reconnaitre les droits de la nature, une nouvelle \u00e9thique face au vivant - Biennale Culturelle Ma\u00e7onnique de Bordeaux<\/title>\n<meta name=\"robots\" content=\"index, follow, max-snippet:-1, max-image-preview:large, max-video-preview:-1\" \/>\n<link rel=\"canonical\" href=\"https:\/\/www.imaq.fr\/blog\/2023\/11\/reconnaitre-les-droits-de-la-nature-une-nouvelle-ethique-face-au-vivant\/\" \/>\n<meta property=\"og:locale\" content=\"fr_FR\" \/>\n<meta property=\"og:type\" content=\"article\" \/>\n<meta property=\"og:title\" content=\"Reconnaitre les droits de la nature, une nouvelle \u00e9thique face au vivant - Biennale Culturelle Ma\u00e7onnique de Bordeaux\" \/>\n<meta property=\"og:description\" content=\"11h15 Conf\u00e9rence\u00c9thique etenvironnement Reconnaitre les droits de la nature, une nouvelle \u00e9thique face au vivantpar Marine CALMET, avocate, pr\u00e9sidente de l&rsquo;association Wild Legalmod\u00e9rateur : Albert KLEIN Contenu de la conf\u00e9rence Les questions de la salle ont port\u00e9 sur :\" \/>\n<meta property=\"og:url\" content=\"https:\/\/www.imaq.fr\/blog\/2023\/11\/reconnaitre-les-droits-de-la-nature-une-nouvelle-ethique-face-au-vivant\/\" \/>\n<meta property=\"og:site_name\" content=\"Biennale Culturelle Ma\u00e7onnique de Bordeaux\" \/>\n<meta property=\"article:publisher\" content=\"https:\/\/www.facebook.com\/biennaleculturellemaconnique.bordeaux\" \/>\n<meta property=\"article:published_time\" content=\"2023-11-05T15:52:26+00:00\" \/>\n<meta property=\"article:modified_time\" content=\"2025-01-16T10:44:45+00:00\" \/>\n<meta name=\"author\" content=\"BCMB\" \/>\n<meta name=\"twitter:card\" content=\"summary_large_image\" \/>\n<meta name=\"twitter:label1\" content=\"\u00c9crit par\" \/>\n\t<meta name=\"twitter:data1\" content=\"BCMB\" \/>\n\t<meta name=\"twitter:label2\" content=\"Dur\u00e9e de lecture estim\u00e9e\" \/>\n\t<meta name=\"twitter:data2\" content=\"1 minute\" \/>\n<script type=\"application\/ld+json\" class=\"yoast-schema-graph\">{\"@context\":\"https:\\\/\\\/schema.org\",\"@graph\":[{\"@type\":\"Article\",\"@id\":\"https:\\\/\\\/www.imaq.fr\\\/blog\\\/2023\\\/11\\\/reconnaitre-les-droits-de-la-nature-une-nouvelle-ethique-face-au-vivant\\\/#article\",\"isPartOf\":{\"@id\":\"https:\\\/\\\/www.imaq.fr\\\/blog\\\/2023\\\/11\\\/reconnaitre-les-droits-de-la-nature-une-nouvelle-ethique-face-au-vivant\\\/\"},\"author\":{\"name\":\"BCMB\",\"@id\":\"https:\\\/\\\/www.imaq.fr\\\/blog\\\/#\\\/schema\\\/person\\\/3df683af05c9d4e9401e01364d03a5fd\"},\"headline\":\"Reconnaitre les droits de la nature, une nouvelle \u00e9thique face au vivant\",\"datePublished\":\"2023-11-05T15:52:26+00:00\",\"dateModified\":\"2025-01-16T10:44:45+00:00\",\"mainEntityOfPage\":{\"@id\":\"https:\\\/\\\/www.imaq.fr\\\/blog\\\/2023\\\/11\\\/reconnaitre-les-droits-de-la-nature-une-nouvelle-ethique-face-au-vivant\\\/\"},\"wordCount\":237,\"publisher\":{\"@id\":\"https:\\\/\\\/www.imaq.fr\\\/blog\\\/#organization\"},\"keywords\":[\"bcmb\",\"bcmb2023\",\"droits de la nature\",\"environnement\",\"\u00e9thique\",\"marine calmet\"],\"articleSection\":[\"Biennale 2023\",\"Conf\u00e9rence 2023\"],\"inLanguage\":\"fr-FR\"},{\"@type\":\"WebPage\",\"@id\":\"https:\\\/\\\/www.imaq.fr\\\/blog\\\/2023\\\/11\\\/reconnaitre-les-droits-de-la-nature-une-nouvelle-ethique-face-au-vivant\\\/\",\"url\":\"https:\\\/\\\/www.imaq.fr\\\/blog\\\/2023\\\/11\\\/reconnaitre-les-droits-de-la-nature-une-nouvelle-ethique-face-au-vivant\\\/\",\"name\":\"Reconnaitre les droits de la nature, une nouvelle \u00e9thique face au vivant - Biennale Culturelle Ma\u00e7onnique de Bordeaux\",\"isPartOf\":{\"@id\":\"https:\\\/\\\/www.imaq.fr\\\/blog\\\/#website\"},\"datePublished\":\"2023-11-05T15:52:26+00:00\",\"dateModified\":\"2025-01-16T10:44:45+00:00\",\"breadcrumb\":{\"@id\":\"https:\\\/\\\/www.imaq.fr\\\/blog\\\/2023\\\/11\\\/reconnaitre-les-droits-de-la-nature-une-nouvelle-ethique-face-au-vivant\\\/#breadcrumb\"},\"inLanguage\":\"fr-FR\",\"potentialAction\":[{\"@type\":\"ReadAction\",\"target\":[\"https:\\\/\\\/www.imaq.fr\\\/blog\\\/2023\\\/11\\\/reconnaitre-les-droits-de-la-nature-une-nouvelle-ethique-face-au-vivant\\\/\"]}]},{\"@type\":\"BreadcrumbList\",\"@id\":\"https:\\\/\\\/www.imaq.fr\\\/blog\\\/2023\\\/11\\\/reconnaitre-les-droits-de-la-nature-une-nouvelle-ethique-face-au-vivant\\\/#breadcrumb\",\"itemListElement\":[{\"@type\":\"ListItem\",\"position\":1,\"name\":\"Accueil\",\"item\":\"https:\\\/\\\/www.imaq.fr\\\/blog\\\/\"},{\"@type\":\"ListItem\",\"position\":2,\"name\":\"Reconnaitre les droits de la nature, une nouvelle \u00e9thique face au vivant\"}]},{\"@type\":\"WebSite\",\"@id\":\"https:\\\/\\\/www.imaq.fr\\\/blog\\\/#website\",\"url\":\"https:\\\/\\\/www.imaq.fr\\\/blog\\\/\",\"name\":\"Biennale Culturelle Ma\u00e7onnique de Bordeaux\",\"description\":\"IMAQ\",\"publisher\":{\"@id\":\"https:\\\/\\\/www.imaq.fr\\\/blog\\\/#organization\"},\"potentialAction\":[{\"@type\":\"SearchAction\",\"target\":{\"@type\":\"EntryPoint\",\"urlTemplate\":\"https:\\\/\\\/www.imaq.fr\\\/blog\\\/?s={search_term_string}\"},\"query-input\":{\"@type\":\"PropertyValueSpecification\",\"valueRequired\":true,\"valueName\":\"search_term_string\"}}],\"inLanguage\":\"fr-FR\"},{\"@type\":\"Organization\",\"@id\":\"https:\\\/\\\/www.imaq.fr\\\/blog\\\/#organization\",\"name\":\"Biennale Culturelle Ma\u00e7onnique de Bordeaux\",\"url\":\"https:\\\/\\\/www.imaq.fr\\\/blog\\\/\",\"logo\":{\"@type\":\"ImageObject\",\"inLanguage\":\"fr-FR\",\"@id\":\"https:\\\/\\\/www.imaq.fr\\\/blog\\\/#\\\/schema\\\/logo\\\/image\\\/\",\"url\":\"https:\\\/\\\/www.imaq.fr\\\/blog\\\/wp-content\\\/uploads\\\/2014\\\/12\\\/logo-bcmc.jpg\",\"contentUrl\":\"https:\\\/\\\/www.imaq.fr\\\/blog\\\/wp-content\\\/uploads\\\/2014\\\/12\\\/logo-bcmc.jpg\",\"width\":759,\"height\":784,\"caption\":\"Biennale Culturelle Ma\u00e7onnique de Bordeaux\"},\"image\":{\"@id\":\"https:\\\/\\\/www.imaq.fr\\\/blog\\\/#\\\/schema\\\/logo\\\/image\\\/\"},\"sameAs\":[\"https:\\\/\\\/www.facebook.com\\\/biennaleculturellemaconnique.bordeaux\"]},{\"@type\":\"Person\",\"@id\":\"https:\\\/\\\/www.imaq.fr\\\/blog\\\/#\\\/schema\\\/person\\\/3df683af05c9d4e9401e01364d03a5fd\",\"name\":\"BCMB\",\"image\":{\"@type\":\"ImageObject\",\"inLanguage\":\"fr-FR\",\"@id\":\"https:\\\/\\\/secure.gravatar.com\\\/avatar\\\/d6fbbbb38de40bcc3a41d4467d090d3b92513d4eb33fc933729359bbce505880?s=96&d=identicon&r=g\",\"url\":\"https:\\\/\\\/secure.gravatar.com\\\/avatar\\\/d6fbbbb38de40bcc3a41d4467d090d3b92513d4eb33fc933729359bbce505880?s=96&d=identicon&r=g\",\"contentUrl\":\"https:\\\/\\\/secure.gravatar.com\\\/avatar\\\/d6fbbbb38de40bcc3a41d4467d090d3b92513d4eb33fc933729359bbce505880?s=96&d=identicon&r=g\",\"caption\":\"BCMB\"},\"sameAs\":[\"https:\\\/\\\/www.imaq.fr\"],\"url\":\"https:\\\/\\\/www.imaq.fr\\\/blog\\\/author\\\/pomirol\\\/\"}]}<\/script>\n<!-- \/ Yoast SEO plugin. -->","yoast_head_json":{"title":"Reconnaitre les droits de la nature, une nouvelle \u00e9thique face au vivant - Biennale Culturelle Ma\u00e7onnique de Bordeaux","robots":{"index":"index","follow":"follow","max-snippet":"max-snippet:-1","max-image-preview":"max-image-preview:large","max-video-preview":"max-video-preview:-1"},"canonical":"https:\/\/www.imaq.fr\/blog\/2023\/11\/reconnaitre-les-droits-de-la-nature-une-nouvelle-ethique-face-au-vivant\/","og_locale":"fr_FR","og_type":"article","og_title":"Reconnaitre les droits de la nature, une nouvelle \u00e9thique face au vivant - Biennale Culturelle Ma\u00e7onnique de Bordeaux","og_description":"11h15 Conf\u00e9rence\u00c9thique etenvironnement Reconnaitre les droits de la nature, une nouvelle \u00e9thique face au vivantpar Marine CALMET, avocate, pr\u00e9sidente de l&rsquo;association Wild Legalmod\u00e9rateur : Albert KLEIN Contenu de la conf\u00e9rence Les questions de la salle ont port\u00e9 sur :","og_url":"https:\/\/www.imaq.fr\/blog\/2023\/11\/reconnaitre-les-droits-de-la-nature-une-nouvelle-ethique-face-au-vivant\/","og_site_name":"Biennale Culturelle Ma\u00e7onnique de Bordeaux","article_publisher":"https:\/\/www.facebook.com\/biennaleculturellemaconnique.bordeaux","article_published_time":"2023-11-05T15:52:26+00:00","article_modified_time":"2025-01-16T10:44:45+00:00","author":"BCMB","twitter_card":"summary_large_image","twitter_misc":{"\u00c9crit par":"BCMB","Dur\u00e9e de lecture estim\u00e9e":"1 minute"},"schema":{"@context":"https:\/\/schema.org","@graph":[{"@type":"Article","@id":"https:\/\/www.imaq.fr\/blog\/2023\/11\/reconnaitre-les-droits-de-la-nature-une-nouvelle-ethique-face-au-vivant\/#article","isPartOf":{"@id":"https:\/\/www.imaq.fr\/blog\/2023\/11\/reconnaitre-les-droits-de-la-nature-une-nouvelle-ethique-face-au-vivant\/"},"author":{"name":"BCMB","@id":"https:\/\/www.imaq.fr\/blog\/#\/schema\/person\/3df683af05c9d4e9401e01364d03a5fd"},"headline":"Reconnaitre les droits de la nature, une nouvelle \u00e9thique face au vivant","datePublished":"2023-11-05T15:52:26+00:00","dateModified":"2025-01-16T10:44:45+00:00","mainEntityOfPage":{"@id":"https:\/\/www.imaq.fr\/blog\/2023\/11\/reconnaitre-les-droits-de-la-nature-une-nouvelle-ethique-face-au-vivant\/"},"wordCount":237,"publisher":{"@id":"https:\/\/www.imaq.fr\/blog\/#organization"},"keywords":["bcmb","bcmb2023","droits de la nature","environnement","\u00e9thique","marine calmet"],"articleSection":["Biennale 2023","Conf\u00e9rence 2023"],"inLanguage":"fr-FR"},{"@type":"WebPage","@id":"https:\/\/www.imaq.fr\/blog\/2023\/11\/reconnaitre-les-droits-de-la-nature-une-nouvelle-ethique-face-au-vivant\/","url":"https:\/\/www.imaq.fr\/blog\/2023\/11\/reconnaitre-les-droits-de-la-nature-une-nouvelle-ethique-face-au-vivant\/","name":"Reconnaitre les droits de la nature, une nouvelle \u00e9thique face au vivant - Biennale Culturelle Ma\u00e7onnique de Bordeaux","isPartOf":{"@id":"https:\/\/www.imaq.fr\/blog\/#website"},"datePublished":"2023-11-05T15:52:26+00:00","dateModified":"2025-01-16T10:44:45+00:00","breadcrumb":{"@id":"https:\/\/www.imaq.fr\/blog\/2023\/11\/reconnaitre-les-droits-de-la-nature-une-nouvelle-ethique-face-au-vivant\/#breadcrumb"},"inLanguage":"fr-FR","potentialAction":[{"@type":"ReadAction","target":["https:\/\/www.imaq.fr\/blog\/2023\/11\/reconnaitre-les-droits-de-la-nature-une-nouvelle-ethique-face-au-vivant\/"]}]},{"@type":"BreadcrumbList","@id":"https:\/\/www.imaq.fr\/blog\/2023\/11\/reconnaitre-les-droits-de-la-nature-une-nouvelle-ethique-face-au-vivant\/#breadcrumb","itemListElement":[{"@type":"ListItem","position":1,"name":"Accueil","item":"https:\/\/www.imaq.fr\/blog\/"},{"@type":"ListItem","position":2,"name":"Reconnaitre les droits de la nature, une nouvelle \u00e9thique face au vivant"}]},{"@type":"WebSite","@id":"https:\/\/www.imaq.fr\/blog\/#website","url":"https:\/\/www.imaq.fr\/blog\/","name":"Biennale Culturelle Ma\u00e7onnique de Bordeaux","description":"IMAQ","publisher":{"@id":"https:\/\/www.imaq.fr\/blog\/#organization"},"potentialAction":[{"@type":"SearchAction","target":{"@type":"EntryPoint","urlTemplate":"https:\/\/www.imaq.fr\/blog\/?s={search_term_string}"},"query-input":{"@type":"PropertyValueSpecification","valueRequired":true,"valueName":"search_term_string"}}],"inLanguage":"fr-FR"},{"@type":"Organization","@id":"https:\/\/www.imaq.fr\/blog\/#organization","name":"Biennale Culturelle Ma\u00e7onnique de Bordeaux","url":"https:\/\/www.imaq.fr\/blog\/","logo":{"@type":"ImageObject","inLanguage":"fr-FR","@id":"https:\/\/www.imaq.fr\/blog\/#\/schema\/logo\/image\/","url":"https:\/\/www.imaq.fr\/blog\/wp-content\/uploads\/2014\/12\/logo-bcmc.jpg","contentUrl":"https:\/\/www.imaq.fr\/blog\/wp-content\/uploads\/2014\/12\/logo-bcmc.jpg","width":759,"height":784,"caption":"Biennale Culturelle Ma\u00e7onnique de Bordeaux"},"image":{"@id":"https:\/\/www.imaq.fr\/blog\/#\/schema\/logo\/image\/"},"sameAs":["https:\/\/www.facebook.com\/biennaleculturellemaconnique.bordeaux"]},{"@type":"Person","@id":"https:\/\/www.imaq.fr\/blog\/#\/schema\/person\/3df683af05c9d4e9401e01364d03a5fd","name":"BCMB","image":{"@type":"ImageObject","inLanguage":"fr-FR","@id":"https:\/\/secure.gravatar.com\/avatar\/d6fbbbb38de40bcc3a41d4467d090d3b92513d4eb33fc933729359bbce505880?s=96&d=identicon&r=g","url":"https:\/\/secure.gravatar.com\/avatar\/d6fbbbb38de40bcc3a41d4467d090d3b92513d4eb33fc933729359bbce505880?s=96&d=identicon&r=g","contentUrl":"https:\/\/secure.gravatar.com\/avatar\/d6fbbbb38de40bcc3a41d4467d090d3b92513d4eb33fc933729359bbce505880?s=96&d=identicon&r=g","caption":"BCMB"},"sameAs":["https:\/\/www.imaq.fr"],"url":"https:\/\/www.imaq.fr\/blog\/author\/pomirol\/"}]}},"_links":{"self":[{"href":"https:\/\/www.imaq.fr\/blog\/wp-json\/wp\/v2\/posts\/2190","targetHints":{"allow":["GET"]}}],"collection":[{"href":"https:\/\/www.imaq.fr\/blog\/wp-json\/wp\/v2\/posts"}],"about":[{"href":"https:\/\/www.imaq.fr\/blog\/wp-json\/wp\/v2\/types\/post"}],"author":[{"embeddable":true,"href":"https:\/\/www.imaq.fr\/blog\/wp-json\/wp\/v2\/users\/2"}],"replies":[{"embeddable":true,"href":"https:\/\/www.imaq.fr\/blog\/wp-json\/wp\/v2\/comments?post=2190"}],"version-history":[{"count":0,"href":"https:\/\/www.imaq.fr\/blog\/wp-json\/wp\/v2\/posts\/2190\/revisions"}],"wp:attachment":[{"href":"https:\/\/www.imaq.fr\/blog\/wp-json\/wp\/v2\/media?parent=2190"}],"wp:term":[{"taxonomy":"category","embeddable":true,"href":"https:\/\/www.imaq.fr\/blog\/wp-json\/wp\/v2\/categories?post=2190"},{"taxonomy":"post_tag","embeddable":true,"href":"https:\/\/www.imaq.fr\/blog\/wp-json\/wp\/v2\/tags?post=2190"}],"curies":[{"name":"wp","href":"https:\/\/api.w.org\/{rel}","templated":true}]}}