{"id":2209,"date":"2023-11-05T18:11:19","date_gmt":"2023-11-05T18:11:19","guid":{"rendered":"https:\/\/www.imaq.fr\/blog\/?p=2209"},"modified":"2025-01-16T10:43:40","modified_gmt":"2025-01-16T10:43:40","slug":"ethique-et-medias-est-ce-une-utopie","status":"publish","type":"post","link":"https:\/\/www.imaq.fr\/blog\/2023\/11\/ethique-et-medias-est-ce-une-utopie\/","title":{"rendered":"\u00c9thique et m\u00e9dias : est-ce une utopie\u00a0?"},"content":{"rendered":"\n<div class=\"wp-block-columns is-layout-flex wp-container-core-columns-is-layout-28f84493 wp-block-columns-is-layout-flex\">\n<div class=\"wp-block-column is-layout-flow wp-block-column-is-layout-flow\" style=\"flex-basis:33.33%\">\n<div class=\"wp-block-columns is-layout-flex wp-container-core-columns-is-layout-28f84493 wp-block-columns-is-layout-flex\">\n<div class=\"wp-block-column is-layout-flow wp-block-column-is-layout-flow\" style=\"flex-basis:33.33%\">\n<p>14h00<\/p>\n<\/div>\n\n\n\n<div class=\"wp-block-column is-layout-flow wp-block-column-is-layout-flow\" style=\"flex-basis:66.66%\">\n<p><strong>Conf\u00e9rence<\/strong><br><em>\u00c9thique, <br>communication <br>et m\u00e9dias<\/em><\/p>\n<\/div>\n<\/div>\n<\/div>\n\n\n\n<div class=\"wp-block-column is-layout-flow wp-block-column-is-layout-flow\" style=\"flex-basis:66.66%\">\n<p><br>par <strong><a href=\"https:\/\/www.imaq.fr\/blog\/2023\/07\/frederic-ploquin\/\" class=\"ek-link\">Fr\u00e9d\u00e9ric PLOQUIN<\/a><\/strong>, journaliste, grand reporter<br><\/p>\n\n\n\n<figure class=\"wp-block-audio\"><audio controls src=\"https:\/\/www.imaq.fr\/blog\/wp-content\/uploads\/2023\/11\/BCMB2023-3-Etique-et-medias-1.mp3\"><\/audio><figcaption class=\"wp-element-caption\">Ecouter la conf\u00e9rence<\/figcaption><\/figure>\n<\/div>\n<\/div>\n\n\n\n<div class=\"wp-block-group is-layout-constrained wp-block-group-is-layout-constrained\">\n<p>Contenu de la conf\u00e9rence<\/p>\n\n\n\n<details class=\"wp-block-details is-layout-flow wp-block-details-is-layout-flow\"><summary>La place de l&rsquo;\u00e9thique dans les m\u00e9dias<\/summary>\n<ul class=\"wp-block-list\">\n<li>Le r\u00f4le du CSA dans l&rsquo;audiovisuel<\/li>\n\n\n\n<li>Pas d&rsquo;\u00e9quivalent dans la presse \u00e9crite<\/li>\n\n\n\n<li>On parle plus de d\u00e9ontologie que d&rsquo;\u00e9thique<\/li>\n\n\n\n<li>Les grandes lignes d&rsquo;une \u00e9thique personnelle :\n<ul class=\"wp-block-list\">\n<li>La distance par rapport aux faits (honn\u00eatet\u00e9 personnelle)<\/li>\n\n\n\n<li>Les faits, rien que des faits, recherche des faits<\/li>\n\n\n\n<li>La non divulgation des sources<\/li>\n\n\n\n<li>Croiser ses sources, ne pas se contenter d&rsquo;une seule source<\/li>\n<\/ul>\n<\/li>\n<\/ul>\n<\/details>\n\n\n\n<details class=\"wp-block-details is-layout-flow wp-block-details-is-layout-flow\"><summary>La place des m\u00e9dias devant les r\u00e9seaux sociaux<\/summary>\n<p>Le fait que chacun puisse se consid\u00e9rer comme journaliste ou photographe de presse pr\u00e9sente des dangers<\/p>\n\n\n\n<ul class=\"wp-block-list\">\n<li>mise en danger du m\u00e9tier de photographe de presse<\/li>\n\n\n\n<li>d\u00e9construction  de la v\u00e9rit\u00e9<\/li>\n\n\n\n<li>perte de confiance dans la presse<\/li>\n<\/ul>\n<\/details>\n\n\n\n<details class=\"wp-block-details is-layout-flow wp-block-details-is-layout-flow\"><summary>La responsabilit\u00e9 des chaines d&rsquo;information en continu<\/summary>\n<ul class=\"wp-block-list\">\n<li>Ce n&rsquo;\u00e9tait pas mieux avant lorsque la presse \u00e9tait musel\u00e9e, lorsqu&rsquo;un ministre pouvait dicter sa volont\u00e9 \u00e0 une direction. Le pluralisme c&rsquo;est mieux !<\/li>\n\n\n\n<li>Mais il y a parfois un effet entonnoir o\u00f9 tous les m\u00e9dias traitent du m\u00eame \u00e9v\u00e8nement au m\u00eame moment. Et c&rsquo;est souvent le cas dans les chaines d&rsquo;information en continu<\/li>\n\n\n\n<li>Si on consid\u00e8re l&rsquo;information comme une marchandise et les lecteurs ou les auditeurs comme des clients, on a tendance \u00e0 leur servir l&rsquo;information qu&rsquo;ils attendent, parfois sans se soucier de la v\u00e9rit\u00e9<\/li>\n<\/ul>\n<\/details>\n\n\n\n<details class=\"wp-block-details is-layout-flow wp-block-details-is-layout-flow\"><summary>Comment aborder l&rsquo;actualit\u00e9 ?<\/summary>\n<ul class=\"wp-block-list\">\n<li>Difficult\u00e9 de distinguer l&rsquo;information de la propagande et de la d\u00e9sinformation<\/li>\n\n\n\n<li>La guerre est aujourd&rsquo;hui une guerre des images<\/li>\n\n\n\n<li>Quelles images diffuser ? Quelles images ne doivent pas l&rsquo;\u00eatre ? <\/li>\n\n\n\n<li>Quelle responsabilit\u00e9 pour de diffuseur d&rsquo;images ?<\/li>\n\n\n\n<li>L&rsquo;id\u00e9al est de consulter tout le monde, mais est-ce possible concernant les sujets d&rsquo;actualit\u00e9 ?<\/li>\n<\/ul>\n<\/details>\n\n\n\n<details class=\"wp-block-details is-layout-flow wp-block-details-is-layout-flow\"><summary>Ethique et journalisme, est-ce une utopie ?<\/summary>\n<ul class=\"wp-block-list\">\n<li>Le journalisme est un pilier de nos d\u00e9mocratie<\/li>\n\n\n\n<li>On est, en France, dans un pays o\u00f9 on peut correctement exercer son m\u00e9tier<\/li>\n\n\n\n<li>Le risque est assez fort qu&rsquo;apr\u00e8s avoir mis la main sur les supports de l&rsquo;information, les grandes fortunes essaient de maitriser l&rsquo;information elle m\u00eame<\/li>\n<\/ul>\n<\/details>\n\n\n\n<p>Les questions de la salle ont port\u00e9 sur :<\/p>\n\n\n\n<ul class=\"wp-block-list\">\n<li>La n\u00e9cessit\u00e9 des journalistes d&rsquo;investir tous les m\u00e9dis possibles<\/li>\n\n\n\n<li>L&rsquo;utilit\u00e9 des r\u00e9seaux sociaux devant certaines d\u00e9rives des usages et devant la presse musel\u00e9e<\/li>\n<\/ul>\n<\/div>\n","protected":false},"excerpt":{"rendered":"<p>14h00 Conf\u00e9rence\u00c9thique, communication et m\u00e9dias par Fr\u00e9d\u00e9ric PLOQUIN, journaliste, grand reporter Contenu de la conf\u00e9rence Les questions de la salle ont port\u00e9 sur :<\/p>\n","protected":false},"author":2,"featured_media":0,"comment_status":"closed","ping_status":"closed","sticky":false,"template":"","format":"standard","meta":{"_editorskit_title_hidden":false,"_editorskit_reading_time":0,"_editorskit_is_block_options_detached":false,"_editorskit_block_options_position":"{}","footnotes":""},"categories":[35,36],"tags":[64,68,52,180,181],"class_list":["post-2209","post","type-post","status-publish","format-standard","hentry","category-biennale-2023","category-conference-2023","tag-bcmb","tag-bcmb2023","tag-ethique","tag-frederic-ploquin","tag-media"],"yoast_head":"<!-- This site is optimized with the Yoast SEO plugin v27.5 - https:\/\/yoast.com\/product\/yoast-seo-wordpress\/ -->\n<title>\u00c9thique et m\u00e9dias : est-ce une utopie\u00a0? - Biennale Culturelle Ma\u00e7onnique de Bordeaux<\/title>\n<meta name=\"robots\" content=\"index, follow, max-snippet:-1, max-image-preview:large, max-video-preview:-1\" \/>\n<link rel=\"canonical\" href=\"https:\/\/www.imaq.fr\/blog\/2023\/11\/ethique-et-medias-est-ce-une-utopie\/\" \/>\n<meta property=\"og:locale\" content=\"fr_FR\" \/>\n<meta property=\"og:type\" content=\"article\" \/>\n<meta property=\"og:title\" content=\"\u00c9thique et m\u00e9dias : est-ce une utopie\u00a0? - Biennale Culturelle Ma\u00e7onnique de Bordeaux\" \/>\n<meta property=\"og:description\" content=\"14h00 Conf\u00e9rence\u00c9thique, communication et m\u00e9dias par Fr\u00e9d\u00e9ric PLOQUIN, journaliste, grand reporter Contenu de la conf\u00e9rence Les questions de la salle ont port\u00e9 sur :\" \/>\n<meta property=\"og:url\" content=\"https:\/\/www.imaq.fr\/blog\/2023\/11\/ethique-et-medias-est-ce-une-utopie\/\" \/>\n<meta property=\"og:site_name\" content=\"Biennale Culturelle Ma\u00e7onnique de Bordeaux\" \/>\n<meta property=\"article:publisher\" content=\"https:\/\/www.facebook.com\/biennaleculturellemaconnique.bordeaux\" \/>\n<meta property=\"article:published_time\" content=\"2023-11-05T18:11:19+00:00\" \/>\n<meta property=\"article:modified_time\" content=\"2025-01-16T10:43:40+00:00\" \/>\n<meta name=\"author\" content=\"BCMB\" \/>\n<meta name=\"twitter:card\" content=\"summary_large_image\" \/>\n<meta name=\"twitter:label1\" content=\"\u00c9crit par\" \/>\n\t<meta name=\"twitter:data1\" content=\"BCMB\" \/>\n\t<meta name=\"twitter:label2\" content=\"Dur\u00e9e de lecture estim\u00e9e\" \/>\n\t<meta name=\"twitter:data2\" content=\"2 minutes\" \/>\n<script type=\"application\/ld+json\" class=\"yoast-schema-graph\">{\"@context\":\"https:\\\/\\\/schema.org\",\"@graph\":[{\"@type\":\"Article\",\"@id\":\"https:\\\/\\\/www.imaq.fr\\\/blog\\\/2023\\\/11\\\/ethique-et-medias-est-ce-une-utopie\\\/#article\",\"isPartOf\":{\"@id\":\"https:\\\/\\\/www.imaq.fr\\\/blog\\\/2023\\\/11\\\/ethique-et-medias-est-ce-une-utopie\\\/\"},\"author\":{\"name\":\"BCMB\",\"@id\":\"https:\\\/\\\/www.imaq.fr\\\/blog\\\/#\\\/schema\\\/person\\\/3df683af05c9d4e9401e01364d03a5fd\"},\"headline\":\"\u00c9thique et m\u00e9dias : est-ce une utopie\u00a0?\",\"datePublished\":\"2023-11-05T18:11:19+00:00\",\"dateModified\":\"2025-01-16T10:43:40+00:00\",\"mainEntityOfPage\":{\"@id\":\"https:\\\/\\\/www.imaq.fr\\\/blog\\\/2023\\\/11\\\/ethique-et-medias-est-ce-une-utopie\\\/\"},\"wordCount\":419,\"publisher\":{\"@id\":\"https:\\\/\\\/www.imaq.fr\\\/blog\\\/#organization\"},\"keywords\":[\"bcmb\",\"bcmb2023\",\"\u00e9thique\",\"fr\u00e9d\u00e9ric ploquin\",\"m\u00e9dia\"],\"articleSection\":[\"Biennale 2023\",\"Conf\u00e9rence 2023\"],\"inLanguage\":\"fr-FR\"},{\"@type\":\"WebPage\",\"@id\":\"https:\\\/\\\/www.imaq.fr\\\/blog\\\/2023\\\/11\\\/ethique-et-medias-est-ce-une-utopie\\\/\",\"url\":\"https:\\\/\\\/www.imaq.fr\\\/blog\\\/2023\\\/11\\\/ethique-et-medias-est-ce-une-utopie\\\/\",\"name\":\"\u00c9thique et m\u00e9dias : est-ce une utopie\u00a0? - Biennale Culturelle Ma\u00e7onnique de Bordeaux\",\"isPartOf\":{\"@id\":\"https:\\\/\\\/www.imaq.fr\\\/blog\\\/#website\"},\"datePublished\":\"2023-11-05T18:11:19+00:00\",\"dateModified\":\"2025-01-16T10:43:40+00:00\",\"breadcrumb\":{\"@id\":\"https:\\\/\\\/www.imaq.fr\\\/blog\\\/2023\\\/11\\\/ethique-et-medias-est-ce-une-utopie\\\/#breadcrumb\"},\"inLanguage\":\"fr-FR\",\"potentialAction\":[{\"@type\":\"ReadAction\",\"target\":[\"https:\\\/\\\/www.imaq.fr\\\/blog\\\/2023\\\/11\\\/ethique-et-medias-est-ce-une-utopie\\\/\"]}]},{\"@type\":\"BreadcrumbList\",\"@id\":\"https:\\\/\\\/www.imaq.fr\\\/blog\\\/2023\\\/11\\\/ethique-et-medias-est-ce-une-utopie\\\/#breadcrumb\",\"itemListElement\":[{\"@type\":\"ListItem\",\"position\":1,\"name\":\"Accueil\",\"item\":\"https:\\\/\\\/www.imaq.fr\\\/blog\\\/\"},{\"@type\":\"ListItem\",\"position\":2,\"name\":\"\u00c9thique et m\u00e9dias : est-ce une utopie\u00a0?\"}]},{\"@type\":\"WebSite\",\"@id\":\"https:\\\/\\\/www.imaq.fr\\\/blog\\\/#website\",\"url\":\"https:\\\/\\\/www.imaq.fr\\\/blog\\\/\",\"name\":\"Biennale Culturelle Ma\u00e7onnique de Bordeaux\",\"description\":\"IMAQ\",\"publisher\":{\"@id\":\"https:\\\/\\\/www.imaq.fr\\\/blog\\\/#organization\"},\"potentialAction\":[{\"@type\":\"SearchAction\",\"target\":{\"@type\":\"EntryPoint\",\"urlTemplate\":\"https:\\\/\\\/www.imaq.fr\\\/blog\\\/?s={search_term_string}\"},\"query-input\":{\"@type\":\"PropertyValueSpecification\",\"valueRequired\":true,\"valueName\":\"search_term_string\"}}],\"inLanguage\":\"fr-FR\"},{\"@type\":\"Organization\",\"@id\":\"https:\\\/\\\/www.imaq.fr\\\/blog\\\/#organization\",\"name\":\"Biennale Culturelle Ma\u00e7onnique de Bordeaux\",\"url\":\"https:\\\/\\\/www.imaq.fr\\\/blog\\\/\",\"logo\":{\"@type\":\"ImageObject\",\"inLanguage\":\"fr-FR\",\"@id\":\"https:\\\/\\\/www.imaq.fr\\\/blog\\\/#\\\/schema\\\/logo\\\/image\\\/\",\"url\":\"https:\\\/\\\/www.imaq.fr\\\/blog\\\/wp-content\\\/uploads\\\/2014\\\/12\\\/logo-bcmc.jpg\",\"contentUrl\":\"https:\\\/\\\/www.imaq.fr\\\/blog\\\/wp-content\\\/uploads\\\/2014\\\/12\\\/logo-bcmc.jpg\",\"width\":759,\"height\":784,\"caption\":\"Biennale Culturelle Ma\u00e7onnique de Bordeaux\"},\"image\":{\"@id\":\"https:\\\/\\\/www.imaq.fr\\\/blog\\\/#\\\/schema\\\/logo\\\/image\\\/\"},\"sameAs\":[\"https:\\\/\\\/www.facebook.com\\\/biennaleculturellemaconnique.bordeaux\"]},{\"@type\":\"Person\",\"@id\":\"https:\\\/\\\/www.imaq.fr\\\/blog\\\/#\\\/schema\\\/person\\\/3df683af05c9d4e9401e01364d03a5fd\",\"name\":\"BCMB\",\"image\":{\"@type\":\"ImageObject\",\"inLanguage\":\"fr-FR\",\"@id\":\"https:\\\/\\\/secure.gravatar.com\\\/avatar\\\/d6fbbbb38de40bcc3a41d4467d090d3b92513d4eb33fc933729359bbce505880?s=96&d=identicon&r=g\",\"url\":\"https:\\\/\\\/secure.gravatar.com\\\/avatar\\\/d6fbbbb38de40bcc3a41d4467d090d3b92513d4eb33fc933729359bbce505880?s=96&d=identicon&r=g\",\"contentUrl\":\"https:\\\/\\\/secure.gravatar.com\\\/avatar\\\/d6fbbbb38de40bcc3a41d4467d090d3b92513d4eb33fc933729359bbce505880?s=96&d=identicon&r=g\",\"caption\":\"BCMB\"},\"sameAs\":[\"https:\\\/\\\/www.imaq.fr\"],\"url\":\"https:\\\/\\\/www.imaq.fr\\\/blog\\\/author\\\/pomirol\\\/\"}]}<\/script>\n<!-- \/ Yoast SEO plugin. -->","yoast_head_json":{"title":"\u00c9thique et m\u00e9dias : est-ce une utopie\u00a0? - Biennale Culturelle Ma\u00e7onnique de Bordeaux","robots":{"index":"index","follow":"follow","max-snippet":"max-snippet:-1","max-image-preview":"max-image-preview:large","max-video-preview":"max-video-preview:-1"},"canonical":"https:\/\/www.imaq.fr\/blog\/2023\/11\/ethique-et-medias-est-ce-une-utopie\/","og_locale":"fr_FR","og_type":"article","og_title":"\u00c9thique et m\u00e9dias : est-ce une utopie\u00a0? - Biennale Culturelle Ma\u00e7onnique de Bordeaux","og_description":"14h00 Conf\u00e9rence\u00c9thique, communication et m\u00e9dias par Fr\u00e9d\u00e9ric PLOQUIN, journaliste, grand reporter Contenu de la conf\u00e9rence Les questions de la salle ont port\u00e9 sur :","og_url":"https:\/\/www.imaq.fr\/blog\/2023\/11\/ethique-et-medias-est-ce-une-utopie\/","og_site_name":"Biennale Culturelle Ma\u00e7onnique de Bordeaux","article_publisher":"https:\/\/www.facebook.com\/biennaleculturellemaconnique.bordeaux","article_published_time":"2023-11-05T18:11:19+00:00","article_modified_time":"2025-01-16T10:43:40+00:00","author":"BCMB","twitter_card":"summary_large_image","twitter_misc":{"\u00c9crit par":"BCMB","Dur\u00e9e de lecture estim\u00e9e":"2 minutes"},"schema":{"@context":"https:\/\/schema.org","@graph":[{"@type":"Article","@id":"https:\/\/www.imaq.fr\/blog\/2023\/11\/ethique-et-medias-est-ce-une-utopie\/#article","isPartOf":{"@id":"https:\/\/www.imaq.fr\/blog\/2023\/11\/ethique-et-medias-est-ce-une-utopie\/"},"author":{"name":"BCMB","@id":"https:\/\/www.imaq.fr\/blog\/#\/schema\/person\/3df683af05c9d4e9401e01364d03a5fd"},"headline":"\u00c9thique et m\u00e9dias : est-ce une utopie\u00a0?","datePublished":"2023-11-05T18:11:19+00:00","dateModified":"2025-01-16T10:43:40+00:00","mainEntityOfPage":{"@id":"https:\/\/www.imaq.fr\/blog\/2023\/11\/ethique-et-medias-est-ce-une-utopie\/"},"wordCount":419,"publisher":{"@id":"https:\/\/www.imaq.fr\/blog\/#organization"},"keywords":["bcmb","bcmb2023","\u00e9thique","fr\u00e9d\u00e9ric ploquin","m\u00e9dia"],"articleSection":["Biennale 2023","Conf\u00e9rence 2023"],"inLanguage":"fr-FR"},{"@type":"WebPage","@id":"https:\/\/www.imaq.fr\/blog\/2023\/11\/ethique-et-medias-est-ce-une-utopie\/","url":"https:\/\/www.imaq.fr\/blog\/2023\/11\/ethique-et-medias-est-ce-une-utopie\/","name":"\u00c9thique et m\u00e9dias : est-ce une utopie\u00a0? - Biennale Culturelle Ma\u00e7onnique de Bordeaux","isPartOf":{"@id":"https:\/\/www.imaq.fr\/blog\/#website"},"datePublished":"2023-11-05T18:11:19+00:00","dateModified":"2025-01-16T10:43:40+00:00","breadcrumb":{"@id":"https:\/\/www.imaq.fr\/blog\/2023\/11\/ethique-et-medias-est-ce-une-utopie\/#breadcrumb"},"inLanguage":"fr-FR","potentialAction":[{"@type":"ReadAction","target":["https:\/\/www.imaq.fr\/blog\/2023\/11\/ethique-et-medias-est-ce-une-utopie\/"]}]},{"@type":"BreadcrumbList","@id":"https:\/\/www.imaq.fr\/blog\/2023\/11\/ethique-et-medias-est-ce-une-utopie\/#breadcrumb","itemListElement":[{"@type":"ListItem","position":1,"name":"Accueil","item":"https:\/\/www.imaq.fr\/blog\/"},{"@type":"ListItem","position":2,"name":"\u00c9thique et m\u00e9dias : est-ce une utopie\u00a0?"}]},{"@type":"WebSite","@id":"https:\/\/www.imaq.fr\/blog\/#website","url":"https:\/\/www.imaq.fr\/blog\/","name":"Biennale Culturelle Ma\u00e7onnique de Bordeaux","description":"IMAQ","publisher":{"@id":"https:\/\/www.imaq.fr\/blog\/#organization"},"potentialAction":[{"@type":"SearchAction","target":{"@type":"EntryPoint","urlTemplate":"https:\/\/www.imaq.fr\/blog\/?s={search_term_string}"},"query-input":{"@type":"PropertyValueSpecification","valueRequired":true,"valueName":"search_term_string"}}],"inLanguage":"fr-FR"},{"@type":"Organization","@id":"https:\/\/www.imaq.fr\/blog\/#organization","name":"Biennale Culturelle Ma\u00e7onnique de Bordeaux","url":"https:\/\/www.imaq.fr\/blog\/","logo":{"@type":"ImageObject","inLanguage":"fr-FR","@id":"https:\/\/www.imaq.fr\/blog\/#\/schema\/logo\/image\/","url":"https:\/\/www.imaq.fr\/blog\/wp-content\/uploads\/2014\/12\/logo-bcmc.jpg","contentUrl":"https:\/\/www.imaq.fr\/blog\/wp-content\/uploads\/2014\/12\/logo-bcmc.jpg","width":759,"height":784,"caption":"Biennale Culturelle Ma\u00e7onnique de Bordeaux"},"image":{"@id":"https:\/\/www.imaq.fr\/blog\/#\/schema\/logo\/image\/"},"sameAs":["https:\/\/www.facebook.com\/biennaleculturellemaconnique.bordeaux"]},{"@type":"Person","@id":"https:\/\/www.imaq.fr\/blog\/#\/schema\/person\/3df683af05c9d4e9401e01364d03a5fd","name":"BCMB","image":{"@type":"ImageObject","inLanguage":"fr-FR","@id":"https:\/\/secure.gravatar.com\/avatar\/d6fbbbb38de40bcc3a41d4467d090d3b92513d4eb33fc933729359bbce505880?s=96&d=identicon&r=g","url":"https:\/\/secure.gravatar.com\/avatar\/d6fbbbb38de40bcc3a41d4467d090d3b92513d4eb33fc933729359bbce505880?s=96&d=identicon&r=g","contentUrl":"https:\/\/secure.gravatar.com\/avatar\/d6fbbbb38de40bcc3a41d4467d090d3b92513d4eb33fc933729359bbce505880?s=96&d=identicon&r=g","caption":"BCMB"},"sameAs":["https:\/\/www.imaq.fr"],"url":"https:\/\/www.imaq.fr\/blog\/author\/pomirol\/"}]}},"_links":{"self":[{"href":"https:\/\/www.imaq.fr\/blog\/wp-json\/wp\/v2\/posts\/2209","targetHints":{"allow":["GET"]}}],"collection":[{"href":"https:\/\/www.imaq.fr\/blog\/wp-json\/wp\/v2\/posts"}],"about":[{"href":"https:\/\/www.imaq.fr\/blog\/wp-json\/wp\/v2\/types\/post"}],"author":[{"embeddable":true,"href":"https:\/\/www.imaq.fr\/blog\/wp-json\/wp\/v2\/users\/2"}],"replies":[{"embeddable":true,"href":"https:\/\/www.imaq.fr\/blog\/wp-json\/wp\/v2\/comments?post=2209"}],"version-history":[{"count":0,"href":"https:\/\/www.imaq.fr\/blog\/wp-json\/wp\/v2\/posts\/2209\/revisions"}],"wp:attachment":[{"href":"https:\/\/www.imaq.fr\/blog\/wp-json\/wp\/v2\/media?parent=2209"}],"wp:term":[{"taxonomy":"category","embeddable":true,"href":"https:\/\/www.imaq.fr\/blog\/wp-json\/wp\/v2\/categories?post=2209"},{"taxonomy":"post_tag","embeddable":true,"href":"https:\/\/www.imaq.fr\/blog\/wp-json\/wp\/v2\/tags?post=2209"}],"curies":[{"name":"wp","href":"https:\/\/api.w.org\/{rel}","templated":true}]}}