{"id":269,"date":"2015-11-16T13:46:19","date_gmt":"2015-11-16T13:46:19","guid":{"rendered":"https:\/\/www.imaq.fr\/blog\/?p=269"},"modified":"2023-01-26T17:07:15","modified_gmt":"2023-01-26T17:07:15","slug":"les-reactions-des-obediences-apres-le-13-novembre-2015","status":"publish","type":"post","link":"https:\/\/www.imaq.fr\/blog\/2015\/11\/les-reactions-des-obediences-apres-le-13-novembre-2015\/","title":{"rendered":"Les r\u00e9actions des ob\u00e9diences apr\u00e8s le 13 novembre 2015"},"content":{"rendered":"<p><a href=\"https:\/\/www.imaq.fr\/blog\/wp-content\/uploads\/2015\/11\/deuil.png\"><img loading=\"lazy\" decoding=\"async\" class=\"alignnone size-thumbnail wp-image-274 colorbox-269\" src=\"https:\/\/www.imaq.fr\/blog\/wp-content\/uploads\/2015\/11\/deuil-150x150.png\" alt=\"deuil\" width=\"150\" height=\"150\" \/><\/a><\/p>\n<h1>Grand Orient de France<\/h1>\n<p>Communiqu\u00e9 du 14 novembre 2015<br \/>\nParis, le 14 novembre 2015<br \/>\nLe Grand Orient de France, dans les moments tragiques qui viennent d&rsquo;\u00e9branler notre soci\u00e9t\u00e9, est aux c\u00f4t\u00e9s des familles cruellement \u00e9prouv\u00e9es par les actes barbares qui les endeuillent. Apr\u00e8s les attentats du mois de janvier, il est manifeste que la France fait l&rsquo;objet d&rsquo;une offensive terroriste de grande ampleur qui s&rsquo;en prend au mod\u00e8le de civilisation dont notre R\u00e9publique est l&rsquo;h\u00e9riti\u00e8re. L&rsquo;heure est plus que jamais \u00e0 la mobilisation pour que les ennemis sans visage qui nous menacent n&rsquo;aient pas le dernier mot. Les Francs-Ma\u00e7ons, comme aux heures les plus sombres de notre Histoire, devront \u00eatre aux avant-postes du combat pour la libert\u00e9 et la dignit\u00e9 humaine.<\/p>\n<p>Extrait de la circulaire du 16 novembre sign\u00e9e par Daniel Keller, Grand Maitre du GODF :<\/p>\n<blockquote><p>Des attentats de Janvier aux crimes de vendredi soir, tout montre \u00e0 l\u2019\u00e9vidence que le peuple de France est dans sa globalit\u00e9 la cible du terrorisme et d\u2019activistes d\u2019une guerre qui ne conna\u00eet pas de fronti\u00e8res. Nous sommes en effet confront\u00e9s \u00e0 un \u00e9tat de guerre aux formes in\u00e9dites, conform\u00e9ment \u00e0 la g\u00e9opolitique des conflits qui caract\u00e9risent le XXI\u00e8me si\u00e8cle. Il ne s\u2019agit vraisemblablement pas d\u2019une trag\u00e9die occasionnelle.<br \/>\nNous devons r\u00e9apprendre \u00e0 vivre pour longtemps dans l\u2019angoisse du lendemain et la crainte diffuse. C\u2019est le venin que les ennemis de la civilisation des Lumi\u00e8res, de la D\u00e9mocratie et de sa figure de proue que constitue notre R\u00e9publique cherchent \u00e0 nous inoculer.<br \/>\nSans chercher \u00e0 c\u00e9der \u00e0 un quelconque effet de rh\u00e9torique qui serait malvenu, l\u2019heure commande que tous les citoyens \u00e9pris de libert\u00e9, d\u2019\u00e9galit\u00e9 et de fraternit\u00e9 soient des femmes et des hommes debout, fiers des soci\u00e9t\u00e9s dans lesquelles nous vivons, en d\u00e9pit de leurs imperfections, et que d\u2019autres combattants de la libert\u00e9 ont b\u00e2ties pour nous au sacrifice de leurs vies.<br \/>\nCet engagement vaut tout particuli\u00e8rement pour les Francs-Ma\u00e7ons soucieux d\u2019am\u00e9liorer l\u2019homme et la soci\u00e9t\u00e9. Jamais la t\u00e2che n\u2019avait sembl\u00e9 aussi vaste depuis les heures sombres de la derni\u00e8re guerre mondiale. Le moment est venu que nous soyons \u00e0 l\u2019avant-garde du combat pour l\u2019humanit\u00e9 que d\u2019aucuns voudraient faire p\u00e9rir sous le poids du fanatisme et de dogmes meurtriers.<br \/>\nAu moment o\u00f9 le pays peut c\u00e9der aux coups de butoir de la peur, nous devons mener le combat des id\u00e9es et des valeurs, un combat n\u00e9cessaire si l\u2019on ne veut pas \u00eatre englouti sous le fracas des armes. Au moment o\u00f9 une certaine confusion peut l\u2019emporter, nous devons sans faillir rappeler qu\u2019une soci\u00e9t\u00e9 libre ne se construit que dans une totale ind\u00e9pendance vis-\u00e0-vis des dogmes de toute nature, conform\u00e9ment au principe de la\u00efcit\u00e9 que nous promouvons.<br \/>\nLa Franc-Ma\u00e7onnerie est n\u00e9e de la guerre pour instaurer la paix universelle. D\u2019autres que nous la c\u00e9l\u00e8breront mais ce jour ne saura advenir si nous ne nous mobilisons pas.<br \/>\nComme vous le savez, je milite avec constance pour un humanisme de combat qui est notre marque de fabrique. Mais aujourd\u2019hui il s\u2019agit avant tout de combattre pour l\u2019humanisme.<br \/>\nDans ces moments o\u00f9 le doute et l\u2019incertitude se renforcent mutuellement, je sais pouvoir compter sur le travail des Loges comme vous pouvez \u00eatre certains que je continuerai de porter haut et fort la voix du Grand Orient de France au service des principes au nom desquels nous avons \u00e9t\u00e9 initi\u00e9s&#8230;<\/p><\/blockquote>\n<h1>Grande Loge de France<\/h1>\n<p>Paris, le samedi 14 novembre 2015<br \/>\nFace aux actes perp\u00e9tr\u00e9s cette nuit \u00e0 Paris par des barbares anim\u00e9s par la haine avec pour seul projet d&rsquo;\u00e9tablir la terreur, les fr\u00e8res des loges de la Grande Loge de France, profond\u00e9ment \u00e9mus par les \u00e9v\u00e9nements dramatiques qui viennent de se produire, pr\u00e9sentent aux familles et aux proches des victimes leurs condol\u00e9ances attrist\u00e9es.<br \/>\nLa Grande Loge de France r\u00e9affirme son attachement aux valeurs de respect de tous les \u00eatres humains quelles que soient leurs origines.<br \/>\nLa d\u00e9termination et la fermet\u00e9 s&rsquo;imposent plus que jamais face \u00e0 ces atrocit\u00e9s.<br \/>\nLe Grand Ma\u00eetre de la Grande Loge de France<br \/>\nPhilippe Charuel<\/p>\n<h1>F\u00e9d\u00e9ration fran\u00e7aise Le Droit Humain<\/h1>\n<p>La F\u00e9d\u00e9ration Fran\u00e7aise de l\u2019Ordre Ma\u00e7onnique Mixte International le DROIT HUMAIN condamne les actes barbares et la violence aveugle qui ont endeuill\u00e9 la nuit du 13 novembre 2015.<br \/>\nElle exprime sa compassion et sa profonde solidarit\u00e9 envers les familles et les proches des personnes arrach\u00e9es \u00e0 la vie, ainsi qu\u2019envers les bless\u00e9s.<br \/>\nElle apporte son appui aux institutions de la R\u00e9publique dans leurs efforts pour assurer la s\u00e9curit\u00e9 de la population.<br \/>\nElle rend hommage \u00e0 tous ceux, policiers, pompiers, professionnels de sant\u00e9, secouristes, b\u00e9n\u00e9voles, qui ont mis et mettent toute leur \u00e9nergie pour secourir les victimes.<br \/>\nElle met en garde contre toute forme de r\u00e9cup\u00e9ration et d\u2019amalgame qui consisterait \u00e0 assimiler tous les musulmans, fran\u00e7ais ou non, \u00e0 des terroristes r\u00e9els ou potentiels. Cela ferait le jeu des tueurs et de leurs commanditaires, qui ne souhaitent rien d\u2019autre que porter la guerre sur notre territoire en dressant des groupes de population les uns contre les autres.<br \/>\nFace \u00e0 cette barbarie, la F\u00e9d\u00e9ration Fran\u00e7aise du DROIT HUMAIN appelle \u00e0 marquer plus encore notre solidarit\u00e9 envers les enfants, les femmes et les hommes qui demandent protection et asile pour \u00e9chapper \u00e0 cette terreur, quotidienne dans leur pays.<br \/>\nConfront\u00e9s \u00e0 la trag\u00e9die inhumaine de la nuit du 13 novembre, boulevers\u00e9s par ces vies fauch\u00e9es en rafales, les Francs-Ma\u00e7ons du DROIT HUMAIN n\u2019abandonneront rien de leur Id\u00e9al ni de leur volont\u00e9 de construire une humanit\u00e9 fraternelle. Il convient de maintenir lumineuse et droite la flamme de la vie, de la pens\u00e9e humaine libre, et de tout bonheur possible.<\/p>\n<h1>Grande Loge F\u00e9minine de France<\/h1>\n<p>Au lendemain des terribles attentats de Paris, ville lumi\u00e8re, la Grande Loge F\u00e9minine de France d\u00e9nonce avec force et vigueur la l\u00e2chet\u00e9 de ces actes odieux.<br \/>\nElle affirme sa solidarit\u00e9 avec les victimes et leurs familles et partage leur douleur.<br \/>\nDe tels actes ne peuvent qu\u2019inspirer l\u2019horreur, ils r\u00e9v\u00e8lent un total d\u00e9ni de la valeur de toute vie humaine.<br \/>\nLa Grande Loge F\u00e9minine de France appelle \u00e0 surmonter la peur et \u00e0 vivre la t\u00eate haute : la meilleure r\u00e9ponse \u00e0 la barbarie.<br \/>\nLa Grande Loge F\u00e9minine de France affirme et d\u00e9fend les valeurs de la R\u00e9publique :<br \/>\n<strong>Libert\u00e9, Egalit\u00e9, Fraternit\u00e9<\/strong><br \/>\nqu\u2019elle partage avec tous les citoyens d\u00e9mocrates et humanistes.<\/p>\n<h1>Grande Loge Traditionnelle et Symbolique Op\u00e9ra<\/h1>\n<p><strong>Non \u00e0 la Barbarie<\/strong><br \/>\nComment ne pas pleurer devant la barbarie qui s\u2019est r\u00e9v\u00e9l\u00e9e dans la nuit du vendredi 13 novembre\u00a0? Les communiqu\u00e9s des assassins, organisateurs de ces crimes ne justifient pas leurs actes\u00a0: ils n\u2019\u00e9voquent que \u00ab\u00a0leurs ennemis et la capitale de la perversion\u00a0\u00bb. La s\u00e9rie d\u2019attentats qui a frapp\u00e9 les rues de Paris en jonchant le sol de plus de cent morts est donc un acte de guerre. Nous pleurons les morts injustes, mais nous pleurons \u00e9galement l\u2019ignominie de l\u2019agression barbare. Comment des hommes peuvent-ils \u00eatre tomb\u00e9s si bas qu\u2019ils justifient leurs actes au nom \u00ab\u00a0d\u2019Allah le Tr\u00e8s Mis\u00e9ricordieux\u00a0\u00a0\u00bb\u00a0?<br \/>\nLa Grande Loge Traditionnelle et Symbolique Op\u00e9ra est tr\u00e8s consciente de la gravit\u00e9 de l\u2019\u00e9v\u00e8nement et de la soudaine situation qui plonge la guerre au c\u0153ur de notre soci\u00e9t\u00e9.<br \/>\nBien s\u00fbr les Musulmans de France vont devoir s\u2019exprimer et crier leur rejet du radicalisme qui pousse certains de ses enfants dans l\u2019abjection. Bien s\u00fbr nous devons distinguer la folie de l\u2019extr\u00e9misme de la paix qui doit \u00e9maner de la recherche de Dieu, quel que soit le Nom que les hommes veulent lui donner. Bien s\u00fbr aucun amalgame ne doit \u00eatre fait entre le pacifisme de l\u2019Islam respectant notre R\u00e9publique et l\u2019int\u00e9grisme guerrier se revendiquant d\u2019un Islam d\u00e9voy\u00e9.<br \/>\nMais la na\u00efvet\u00e9 n\u2019est plus de mise et nous devons veiller \u00e0 prot\u00e9ger nos valeurs et nos enfants quelle que soit la couleur de leur peau. Notre soci\u00e9t\u00e9 est multiple, multiculturelle et multi-cultuelle. L\u2019id\u00e9al ma\u00e7onnique veut qu\u2019elle soit aussi fraternelle. Nous ne pouvons tol\u00e9rer que les vices les plus pervers puissent gouverner une partie de l\u2019humanit\u00e9 et menacer de fa\u00e7on permanente la paix que nous recherchons depuis la nuit des temps. Nous esp\u00e9rons que la Lumi\u00e8re la plus vive chasse enfin les t\u00e9n\u00e8bres de la barbarie. Malheureusement comme l\u2019hydre elle resurgit nous promettant de pleurer encore.<br \/>\nChacun a des devoirs. Le moindre que nous puissions assumer est de quotidiennement d\u00e9velopper les sentiments de fraternit\u00e9, compassion envers les Hommes et respect de nos devoirs en continuant \u00e0 vivre humainement et \u00e0 promouvoir le sourire. Les situations de crise mortelle assignent d\u2019autres obligations moins joyeuses que certains devront assumer. Les r\u00e9sistants qui se sont oppos\u00e9s \u00e0 la folie nazie ne se sont pas engag\u00e9s de ga\u00eet\u00e9 de c\u0153ur mais ils ont agi selon leur conscience. Nous ne savons pas encore quelles obligations vont na\u00eetre de la situation n\u00e9e de cette nuit de novembre mais nous devrons y r\u00e9pondre par la solidarit\u00e9 que nous pr\u00f4nons dans notre id\u00e9al de Ma\u00e7ons.<br \/>\nLes Fr\u00e8res de la Grande Loge Traditionnelle et Symbolique Op\u00e9ra, le 16 novembre 2015.<\/p>\n<h1>Grande Loge F\u00e9minine de Memphis Misra\u00efm<\/h1>\n<p>Dans ces moments terribles, nos pens\u00e9es vont aux victimes et \u00e0 leurs familles.<br \/>\nLa GLFMM face \u00e0 cette barbarie sans nom r\u00e9affirme la n\u00e9cessit\u00e9 de se rassembler autour des valeurs r\u00e9publicaines. Nous portons plus que jamais, haut et fort notre devise Libert\u00e9 Egalit\u00e9 Fraternit\u00e9.<br \/>\nDominique Palfroy<br \/>\nSGM<\/p>\n<h1>Grande Loge Mixte Universelle<\/h1>\n<p>Apr\u00e8s les actes de barbarie commis cette nuit \u00e0 Paris, la Grande Loge Mixte Universelle, au nom des valeurs humanistes qu&rsquo;elle ne cessera de d\u00e9fendre, exprime son horreur et son rejet de telles monstruosit\u00e9s.<br \/>\nElle partage la tristesse et la douleur de ceux qui en sont les victimes et leurs proches.<br \/>\nPlus que jamais, elle consid\u00e8re que la r\u00e9ponse du peuple fran\u00e7ais et au del\u00e0 des d\u00e9mocrates du monde entier doit se faire en restant unis autour des valeurs de Libert\u00e9, \u00c9galit\u00e9, Fraternit\u00e9, solidarit\u00e9 et libert\u00e9 absolue de conscience.<br \/>\nLe Conseil de l&rsquo;Ordre de la G.L.M.U.<br \/>\nParis le 14 Novembre 2015<\/p>\n<h1>Grande Loge Mixte de France<\/h1>\n<p>A la suite des abjects attentats perp\u00e9tr\u00e9s \u00e0 Paris et en r\u00e9gion parisienne ce vendredi 13 novembre, qui suscitent effroi, affliction et d\u00e9solation, la Grande Loge Mixte de France tient \u00e0 exprimer sa solidarit\u00e9 ind\u00e9fectible et sa profonde \u00e9motion \u00e0 l\u2019\u00e9gard de toutes les victimes et de leurs proches.<br \/>\nC\u2019est arm\u00e9s de nos valeurs et de notre courage que nous ferons r\u00e9solument et fermement face \u00e0 ce d\u00e9ferlement de haine, qui vise \u00e0 saper les fondements et les principes de notre soci\u00e9t\u00e9 r\u00e9publicaine.<br \/>\nPlus que jamais, notre action doit \u00eatre frapp\u00e9e du sceau de l\u2019union, de l\u2019attention port\u00e9e \u00e0 autrui et du combat pour nos libert\u00e9s.<\/p>\n<h1>OITAR, Ordre Initiatique et Traditionnel de l&rsquo;Art Royal<\/h1>\n<p>A la suite des actes barbares perp\u00e9tr\u00e9s \u00e0 Paris le 13 novembre 2015, l&rsquo;OITAR s&rsquo;associe au message du CLIPSAS, dont il est membre, et de son Pr\u00e9sident, le fr\u00e8re Louis Daly.<br \/>\nLes hasards du calendrier ont fait que le vendredi 13 novembre 2015, un grand nombre d&rsquo;ob\u00e9diences europ\u00e9ennes lib\u00e9rales et adogmatiques, \u00e9taient r\u00e9unies \u00e0 Lausanne, Suisse, pour un Colloque organis\u00e9 par l&rsquo;AME, Alliance Ma\u00e7onnique Europ\u00e9enne, au sein de laquelle l&rsquo;OITAR est membre observateur.<br \/>\n\u00c9taient pr\u00e9sentes \u00e9galement les instances du CLIPSAS, le Centre de Liaison et d&rsquo;Information des Puissances Ma\u00e7onniques Signataires de l&rsquo;Appel de Strasbourg, regroupant pr\u00e8s d&rsquo;une centaine d&rsquo;ob\u00e9diences dans le monde.<br \/>\nLe Pr\u00e9sident du CLIPSAS, le F Louis Daly, pr\u00e9sent \u00e0 Lausanne, a tenu \u00e0 publier cette d\u00e9claration qui traduit les sentiments que nous ressentons devant ces \u00e9v\u00e9nements.<br \/>\n<em>De Lausanne, Suisse,<br \/>\nEn ce moment tr\u00e8s difficile pour le peuple de France et plus particuli\u00e8rement pour nos fr\u00e8res et nos s\u0153urs l\u00e0-bas, nous, la famille CLIPSAS, sommes solidaires avec vous.<br \/>\nNous d\u00e9plorons l&rsquo;acte insens\u00e9 commis contre le peuple de France, pas seulement le peuple de France mais contre nous tous. Nous devons nous dresser ensemble, unis contre ceux qui cherchent \u00e0 d\u00e9truire notre existence et notre mode de vie. Nous ne devons pas nous soumettre ou capituler devant eux et nous ne le ferons pas.<br \/>\nNos pens\u00e9es, nos pri\u00e8res, notre d\u00e9termination et notre esprit sont avec vous.<br \/>\n\u00c9levons nous ensemble pour combattre ce mal qui cherche \u00e0 nous diviser.<br \/>\nLibert\u00e9, \u00e9galit\u00e9 et fraternit\u00e9 pour tous.<br \/>\nLouis Daly, Le bureau et les membres du CLIPSAS.<\/em><br \/>\nCe message est sign\u00e9 par l&rsquo;ensemble des grands ma\u00eetres territoriaux, des pass\u00e9s grands ma\u00eetres territoriaux et par le grand ma\u00eetre g\u00e9n\u00e9ral de l&rsquo;Ordre Initiatique et Traditionnel de l&rsquo;Art Royal.<\/p>\n","protected":false},"excerpt":{"rendered":"<p>Grand Orient de France Communiqu\u00e9 du 14 novembre 2015 Paris, le 14 novembre 2015 Le Grand Orient de France, dans les moments tragiques qui viennent d&rsquo;\u00e9branler notre soci\u00e9t\u00e9, est aux c\u00f4t\u00e9s des familles cruellement \u00e9prouv\u00e9es par les actes barbares qui les endeuillent. Apr\u00e8s les attentats du mois de janvier, il est manifeste que la France [&hellip;]<\/p>\n","protected":false},"author":2,"featured_media":0,"comment_status":"closed","ping_status":"open","sticky":false,"template":"","format":"standard","meta":{"_editorskit_title_hidden":false,"_editorskit_reading_time":0,"_editorskit_is_block_options_detached":false,"_editorskit_block_options_position":"{}","footnotes":""},"categories":[31],"tags":[],"class_list":["post-269","post","type-post","status-publish","format-standard","hentry","category-communiques"],"yoast_head":"<!-- This site is optimized with the Yoast SEO plugin v27.5 - https:\/\/yoast.com\/product\/yoast-seo-wordpress\/ -->\n<title>Les r\u00e9actions des ob\u00e9diences apr\u00e8s le 13 novembre 2015 - Biennale Culturelle Ma\u00e7onnique de Bordeaux<\/title>\n<meta name=\"robots\" content=\"index, follow, max-snippet:-1, max-image-preview:large, max-video-preview:-1\" \/>\n<link rel=\"canonical\" href=\"https:\/\/www.imaq.fr\/blog\/2015\/11\/les-reactions-des-obediences-apres-le-13-novembre-2015\/\" \/>\n<meta property=\"og:locale\" content=\"fr_FR\" \/>\n<meta property=\"og:type\" content=\"article\" \/>\n<meta property=\"og:title\" content=\"Les r\u00e9actions des ob\u00e9diences apr\u00e8s le 13 novembre 2015 - Biennale Culturelle Ma\u00e7onnique de Bordeaux\" \/>\n<meta property=\"og:description\" content=\"Grand Orient de France Communiqu\u00e9 du 14 novembre 2015 Paris, le 14 novembre 2015 Le Grand Orient de France, dans les moments tragiques qui viennent d&rsquo;\u00e9branler notre soci\u00e9t\u00e9, est aux c\u00f4t\u00e9s des familles cruellement \u00e9prouv\u00e9es par les actes barbares qui les endeuillent. Apr\u00e8s les attentats du mois de janvier, il est manifeste que la France [&hellip;]\" \/>\n<meta property=\"og:url\" content=\"https:\/\/www.imaq.fr\/blog\/2015\/11\/les-reactions-des-obediences-apres-le-13-novembre-2015\/\" \/>\n<meta property=\"og:site_name\" content=\"Biennale Culturelle Ma\u00e7onnique de Bordeaux\" \/>\n<meta property=\"article:publisher\" content=\"https:\/\/www.facebook.com\/biennaleculturellemaconnique.bordeaux\" \/>\n<meta property=\"article:published_time\" content=\"2015-11-16T13:46:19+00:00\" \/>\n<meta property=\"article:modified_time\" content=\"2023-01-26T17:07:15+00:00\" \/>\n<meta property=\"og:image\" content=\"https:\/\/www.imaq.fr\/blog\/wp-content\/uploads\/2015\/11\/deuil.png\" \/>\n\t<meta property=\"og:image:width\" content=\"223\" \/>\n\t<meta property=\"og:image:height\" content=\"226\" \/>\n\t<meta property=\"og:image:type\" content=\"image\/png\" \/>\n<meta name=\"author\" content=\"BCMB\" \/>\n<meta name=\"twitter:card\" content=\"summary_large_image\" \/>\n<meta name=\"twitter:label1\" content=\"\u00c9crit par\" \/>\n\t<meta name=\"twitter:data1\" content=\"BCMB\" \/>\n\t<meta name=\"twitter:label2\" content=\"Dur\u00e9e de lecture estim\u00e9e\" \/>\n\t<meta name=\"twitter:data2\" content=\"11 minutes\" \/>\n<script type=\"application\/ld+json\" class=\"yoast-schema-graph\">{\"@context\":\"https:\\\/\\\/schema.org\",\"@graph\":[{\"@type\":\"Article\",\"@id\":\"https:\\\/\\\/www.imaq.fr\\\/blog\\\/2015\\\/11\\\/les-reactions-des-obediences-apres-le-13-novembre-2015\\\/#article\",\"isPartOf\":{\"@id\":\"https:\\\/\\\/www.imaq.fr\\\/blog\\\/2015\\\/11\\\/les-reactions-des-obediences-apres-le-13-novembre-2015\\\/\"},\"author\":{\"name\":\"BCMB\",\"@id\":\"https:\\\/\\\/www.imaq.fr\\\/blog\\\/#\\\/schema\\\/person\\\/3df683af05c9d4e9401e01364d03a5fd\"},\"headline\":\"Les r\u00e9actions des ob\u00e9diences apr\u00e8s le 13 novembre 2015\",\"datePublished\":\"2015-11-16T13:46:19+00:00\",\"dateModified\":\"2023-01-26T17:07:15+00:00\",\"mainEntityOfPage\":{\"@id\":\"https:\\\/\\\/www.imaq.fr\\\/blog\\\/2015\\\/11\\\/les-reactions-des-obediences-apres-le-13-novembre-2015\\\/\"},\"wordCount\":2272,\"publisher\":{\"@id\":\"https:\\\/\\\/www.imaq.fr\\\/blog\\\/#organization\"},\"image\":{\"@id\":\"https:\\\/\\\/www.imaq.fr\\\/blog\\\/2015\\\/11\\\/les-reactions-des-obediences-apres-le-13-novembre-2015\\\/#primaryimage\"},\"thumbnailUrl\":\"https:\\\/\\\/www.imaq.fr\\\/blog\\\/wp-content\\\/uploads\\\/2015\\\/11\\\/deuil-150x150.png\",\"articleSection\":[\"Communiqu\u00e9s\"],\"inLanguage\":\"fr-FR\"},{\"@type\":\"WebPage\",\"@id\":\"https:\\\/\\\/www.imaq.fr\\\/blog\\\/2015\\\/11\\\/les-reactions-des-obediences-apres-le-13-novembre-2015\\\/\",\"url\":\"https:\\\/\\\/www.imaq.fr\\\/blog\\\/2015\\\/11\\\/les-reactions-des-obediences-apres-le-13-novembre-2015\\\/\",\"name\":\"Les r\u00e9actions des ob\u00e9diences apr\u00e8s le 13 novembre 2015 - Biennale Culturelle Ma\u00e7onnique de Bordeaux\",\"isPartOf\":{\"@id\":\"https:\\\/\\\/www.imaq.fr\\\/blog\\\/#website\"},\"primaryImageOfPage\":{\"@id\":\"https:\\\/\\\/www.imaq.fr\\\/blog\\\/2015\\\/11\\\/les-reactions-des-obediences-apres-le-13-novembre-2015\\\/#primaryimage\"},\"image\":{\"@id\":\"https:\\\/\\\/www.imaq.fr\\\/blog\\\/2015\\\/11\\\/les-reactions-des-obediences-apres-le-13-novembre-2015\\\/#primaryimage\"},\"thumbnailUrl\":\"https:\\\/\\\/www.imaq.fr\\\/blog\\\/wp-content\\\/uploads\\\/2015\\\/11\\\/deuil-150x150.png\",\"datePublished\":\"2015-11-16T13:46:19+00:00\",\"dateModified\":\"2023-01-26T17:07:15+00:00\",\"breadcrumb\":{\"@id\":\"https:\\\/\\\/www.imaq.fr\\\/blog\\\/2015\\\/11\\\/les-reactions-des-obediences-apres-le-13-novembre-2015\\\/#breadcrumb\"},\"inLanguage\":\"fr-FR\",\"potentialAction\":[{\"@type\":\"ReadAction\",\"target\":[\"https:\\\/\\\/www.imaq.fr\\\/blog\\\/2015\\\/11\\\/les-reactions-des-obediences-apres-le-13-novembre-2015\\\/\"]}]},{\"@type\":\"ImageObject\",\"inLanguage\":\"fr-FR\",\"@id\":\"https:\\\/\\\/www.imaq.fr\\\/blog\\\/2015\\\/11\\\/les-reactions-des-obediences-apres-le-13-novembre-2015\\\/#primaryimage\",\"url\":\"https:\\\/\\\/www.imaq.fr\\\/blog\\\/wp-content\\\/uploads\\\/2015\\\/11\\\/deuil.png\",\"contentUrl\":\"https:\\\/\\\/www.imaq.fr\\\/blog\\\/wp-content\\\/uploads\\\/2015\\\/11\\\/deuil.png\",\"width\":223,\"height\":226},{\"@type\":\"BreadcrumbList\",\"@id\":\"https:\\\/\\\/www.imaq.fr\\\/blog\\\/2015\\\/11\\\/les-reactions-des-obediences-apres-le-13-novembre-2015\\\/#breadcrumb\",\"itemListElement\":[{\"@type\":\"ListItem\",\"position\":1,\"name\":\"Accueil\",\"item\":\"https:\\\/\\\/www.imaq.fr\\\/blog\\\/\"},{\"@type\":\"ListItem\",\"position\":2,\"name\":\"Les r\u00e9actions des ob\u00e9diences apr\u00e8s le 13 novembre 2015\"}]},{\"@type\":\"WebSite\",\"@id\":\"https:\\\/\\\/www.imaq.fr\\\/blog\\\/#website\",\"url\":\"https:\\\/\\\/www.imaq.fr\\\/blog\\\/\",\"name\":\"Biennale Culturelle Ma\u00e7onnique de Bordeaux\",\"description\":\"IMAQ\",\"publisher\":{\"@id\":\"https:\\\/\\\/www.imaq.fr\\\/blog\\\/#organization\"},\"potentialAction\":[{\"@type\":\"SearchAction\",\"target\":{\"@type\":\"EntryPoint\",\"urlTemplate\":\"https:\\\/\\\/www.imaq.fr\\\/blog\\\/?s={search_term_string}\"},\"query-input\":{\"@type\":\"PropertyValueSpecification\",\"valueRequired\":true,\"valueName\":\"search_term_string\"}}],\"inLanguage\":\"fr-FR\"},{\"@type\":\"Organization\",\"@id\":\"https:\\\/\\\/www.imaq.fr\\\/blog\\\/#organization\",\"name\":\"Biennale Culturelle Ma\u00e7onnique de Bordeaux\",\"url\":\"https:\\\/\\\/www.imaq.fr\\\/blog\\\/\",\"logo\":{\"@type\":\"ImageObject\",\"inLanguage\":\"fr-FR\",\"@id\":\"https:\\\/\\\/www.imaq.fr\\\/blog\\\/#\\\/schema\\\/logo\\\/image\\\/\",\"url\":\"https:\\\/\\\/www.imaq.fr\\\/blog\\\/wp-content\\\/uploads\\\/2014\\\/12\\\/logo-bcmc.jpg\",\"contentUrl\":\"https:\\\/\\\/www.imaq.fr\\\/blog\\\/wp-content\\\/uploads\\\/2014\\\/12\\\/logo-bcmc.jpg\",\"width\":759,\"height\":784,\"caption\":\"Biennale Culturelle Ma\u00e7onnique de Bordeaux\"},\"image\":{\"@id\":\"https:\\\/\\\/www.imaq.fr\\\/blog\\\/#\\\/schema\\\/logo\\\/image\\\/\"},\"sameAs\":[\"https:\\\/\\\/www.facebook.com\\\/biennaleculturellemaconnique.bordeaux\"]},{\"@type\":\"Person\",\"@id\":\"https:\\\/\\\/www.imaq.fr\\\/blog\\\/#\\\/schema\\\/person\\\/3df683af05c9d4e9401e01364d03a5fd\",\"name\":\"BCMB\",\"image\":{\"@type\":\"ImageObject\",\"inLanguage\":\"fr-FR\",\"@id\":\"https:\\\/\\\/secure.gravatar.com\\\/avatar\\\/d6fbbbb38de40bcc3a41d4467d090d3b92513d4eb33fc933729359bbce505880?s=96&d=identicon&r=g\",\"url\":\"https:\\\/\\\/secure.gravatar.com\\\/avatar\\\/d6fbbbb38de40bcc3a41d4467d090d3b92513d4eb33fc933729359bbce505880?s=96&d=identicon&r=g\",\"contentUrl\":\"https:\\\/\\\/secure.gravatar.com\\\/avatar\\\/d6fbbbb38de40bcc3a41d4467d090d3b92513d4eb33fc933729359bbce505880?s=96&d=identicon&r=g\",\"caption\":\"BCMB\"},\"sameAs\":[\"https:\\\/\\\/www.imaq.fr\"],\"url\":\"https:\\\/\\\/www.imaq.fr\\\/blog\\\/author\\\/pomirol\\\/\"}]}<\/script>\n<!-- \/ Yoast SEO plugin. -->","yoast_head_json":{"title":"Les r\u00e9actions des ob\u00e9diences apr\u00e8s le 13 novembre 2015 - Biennale Culturelle Ma\u00e7onnique de Bordeaux","robots":{"index":"index","follow":"follow","max-snippet":"max-snippet:-1","max-image-preview":"max-image-preview:large","max-video-preview":"max-video-preview:-1"},"canonical":"https:\/\/www.imaq.fr\/blog\/2015\/11\/les-reactions-des-obediences-apres-le-13-novembre-2015\/","og_locale":"fr_FR","og_type":"article","og_title":"Les r\u00e9actions des ob\u00e9diences apr\u00e8s le 13 novembre 2015 - Biennale Culturelle Ma\u00e7onnique de Bordeaux","og_description":"Grand Orient de France Communiqu\u00e9 du 14 novembre 2015 Paris, le 14 novembre 2015 Le Grand Orient de France, dans les moments tragiques qui viennent d&rsquo;\u00e9branler notre soci\u00e9t\u00e9, est aux c\u00f4t\u00e9s des familles cruellement \u00e9prouv\u00e9es par les actes barbares qui les endeuillent. Apr\u00e8s les attentats du mois de janvier, il est manifeste que la France [&hellip;]","og_url":"https:\/\/www.imaq.fr\/blog\/2015\/11\/les-reactions-des-obediences-apres-le-13-novembre-2015\/","og_site_name":"Biennale Culturelle Ma\u00e7onnique de Bordeaux","article_publisher":"https:\/\/www.facebook.com\/biennaleculturellemaconnique.bordeaux","article_published_time":"2015-11-16T13:46:19+00:00","article_modified_time":"2023-01-26T17:07:15+00:00","og_image":[{"width":223,"height":226,"url":"https:\/\/www.imaq.fr\/blog\/wp-content\/uploads\/2015\/11\/deuil.png","type":"image\/png"}],"author":"BCMB","twitter_card":"summary_large_image","twitter_misc":{"\u00c9crit par":"BCMB","Dur\u00e9e de lecture estim\u00e9e":"11 minutes"},"schema":{"@context":"https:\/\/schema.org","@graph":[{"@type":"Article","@id":"https:\/\/www.imaq.fr\/blog\/2015\/11\/les-reactions-des-obediences-apres-le-13-novembre-2015\/#article","isPartOf":{"@id":"https:\/\/www.imaq.fr\/blog\/2015\/11\/les-reactions-des-obediences-apres-le-13-novembre-2015\/"},"author":{"name":"BCMB","@id":"https:\/\/www.imaq.fr\/blog\/#\/schema\/person\/3df683af05c9d4e9401e01364d03a5fd"},"headline":"Les r\u00e9actions des ob\u00e9diences apr\u00e8s le 13 novembre 2015","datePublished":"2015-11-16T13:46:19+00:00","dateModified":"2023-01-26T17:07:15+00:00","mainEntityOfPage":{"@id":"https:\/\/www.imaq.fr\/blog\/2015\/11\/les-reactions-des-obediences-apres-le-13-novembre-2015\/"},"wordCount":2272,"publisher":{"@id":"https:\/\/www.imaq.fr\/blog\/#organization"},"image":{"@id":"https:\/\/www.imaq.fr\/blog\/2015\/11\/les-reactions-des-obediences-apres-le-13-novembre-2015\/#primaryimage"},"thumbnailUrl":"https:\/\/www.imaq.fr\/blog\/wp-content\/uploads\/2015\/11\/deuil-150x150.png","articleSection":["Communiqu\u00e9s"],"inLanguage":"fr-FR"},{"@type":"WebPage","@id":"https:\/\/www.imaq.fr\/blog\/2015\/11\/les-reactions-des-obediences-apres-le-13-novembre-2015\/","url":"https:\/\/www.imaq.fr\/blog\/2015\/11\/les-reactions-des-obediences-apres-le-13-novembre-2015\/","name":"Les r\u00e9actions des ob\u00e9diences apr\u00e8s le 13 novembre 2015 - Biennale Culturelle Ma\u00e7onnique de Bordeaux","isPartOf":{"@id":"https:\/\/www.imaq.fr\/blog\/#website"},"primaryImageOfPage":{"@id":"https:\/\/www.imaq.fr\/blog\/2015\/11\/les-reactions-des-obediences-apres-le-13-novembre-2015\/#primaryimage"},"image":{"@id":"https:\/\/www.imaq.fr\/blog\/2015\/11\/les-reactions-des-obediences-apres-le-13-novembre-2015\/#primaryimage"},"thumbnailUrl":"https:\/\/www.imaq.fr\/blog\/wp-content\/uploads\/2015\/11\/deuil-150x150.png","datePublished":"2015-11-16T13:46:19+00:00","dateModified":"2023-01-26T17:07:15+00:00","breadcrumb":{"@id":"https:\/\/www.imaq.fr\/blog\/2015\/11\/les-reactions-des-obediences-apres-le-13-novembre-2015\/#breadcrumb"},"inLanguage":"fr-FR","potentialAction":[{"@type":"ReadAction","target":["https:\/\/www.imaq.fr\/blog\/2015\/11\/les-reactions-des-obediences-apres-le-13-novembre-2015\/"]}]},{"@type":"ImageObject","inLanguage":"fr-FR","@id":"https:\/\/www.imaq.fr\/blog\/2015\/11\/les-reactions-des-obediences-apres-le-13-novembre-2015\/#primaryimage","url":"https:\/\/www.imaq.fr\/blog\/wp-content\/uploads\/2015\/11\/deuil.png","contentUrl":"https:\/\/www.imaq.fr\/blog\/wp-content\/uploads\/2015\/11\/deuil.png","width":223,"height":226},{"@type":"BreadcrumbList","@id":"https:\/\/www.imaq.fr\/blog\/2015\/11\/les-reactions-des-obediences-apres-le-13-novembre-2015\/#breadcrumb","itemListElement":[{"@type":"ListItem","position":1,"name":"Accueil","item":"https:\/\/www.imaq.fr\/blog\/"},{"@type":"ListItem","position":2,"name":"Les r\u00e9actions des ob\u00e9diences apr\u00e8s le 13 novembre 2015"}]},{"@type":"WebSite","@id":"https:\/\/www.imaq.fr\/blog\/#website","url":"https:\/\/www.imaq.fr\/blog\/","name":"Biennale Culturelle Ma\u00e7onnique de Bordeaux","description":"IMAQ","publisher":{"@id":"https:\/\/www.imaq.fr\/blog\/#organization"},"potentialAction":[{"@type":"SearchAction","target":{"@type":"EntryPoint","urlTemplate":"https:\/\/www.imaq.fr\/blog\/?s={search_term_string}"},"query-input":{"@type":"PropertyValueSpecification","valueRequired":true,"valueName":"search_term_string"}}],"inLanguage":"fr-FR"},{"@type":"Organization","@id":"https:\/\/www.imaq.fr\/blog\/#organization","name":"Biennale Culturelle Ma\u00e7onnique de Bordeaux","url":"https:\/\/www.imaq.fr\/blog\/","logo":{"@type":"ImageObject","inLanguage":"fr-FR","@id":"https:\/\/www.imaq.fr\/blog\/#\/schema\/logo\/image\/","url":"https:\/\/www.imaq.fr\/blog\/wp-content\/uploads\/2014\/12\/logo-bcmc.jpg","contentUrl":"https:\/\/www.imaq.fr\/blog\/wp-content\/uploads\/2014\/12\/logo-bcmc.jpg","width":759,"height":784,"caption":"Biennale Culturelle Ma\u00e7onnique de Bordeaux"},"image":{"@id":"https:\/\/www.imaq.fr\/blog\/#\/schema\/logo\/image\/"},"sameAs":["https:\/\/www.facebook.com\/biennaleculturellemaconnique.bordeaux"]},{"@type":"Person","@id":"https:\/\/www.imaq.fr\/blog\/#\/schema\/person\/3df683af05c9d4e9401e01364d03a5fd","name":"BCMB","image":{"@type":"ImageObject","inLanguage":"fr-FR","@id":"https:\/\/secure.gravatar.com\/avatar\/d6fbbbb38de40bcc3a41d4467d090d3b92513d4eb33fc933729359bbce505880?s=96&d=identicon&r=g","url":"https:\/\/secure.gravatar.com\/avatar\/d6fbbbb38de40bcc3a41d4467d090d3b92513d4eb33fc933729359bbce505880?s=96&d=identicon&r=g","contentUrl":"https:\/\/secure.gravatar.com\/avatar\/d6fbbbb38de40bcc3a41d4467d090d3b92513d4eb33fc933729359bbce505880?s=96&d=identicon&r=g","caption":"BCMB"},"sameAs":["https:\/\/www.imaq.fr"],"url":"https:\/\/www.imaq.fr\/blog\/author\/pomirol\/"}]}},"_links":{"self":[{"href":"https:\/\/www.imaq.fr\/blog\/wp-json\/wp\/v2\/posts\/269","targetHints":{"allow":["GET"]}}],"collection":[{"href":"https:\/\/www.imaq.fr\/blog\/wp-json\/wp\/v2\/posts"}],"about":[{"href":"https:\/\/www.imaq.fr\/blog\/wp-json\/wp\/v2\/types\/post"}],"author":[{"embeddable":true,"href":"https:\/\/www.imaq.fr\/blog\/wp-json\/wp\/v2\/users\/2"}],"replies":[{"embeddable":true,"href":"https:\/\/www.imaq.fr\/blog\/wp-json\/wp\/v2\/comments?post=269"}],"version-history":[{"count":0,"href":"https:\/\/www.imaq.fr\/blog\/wp-json\/wp\/v2\/posts\/269\/revisions"}],"wp:attachment":[{"href":"https:\/\/www.imaq.fr\/blog\/wp-json\/wp\/v2\/media?parent=269"}],"wp:term":[{"taxonomy":"category","embeddable":true,"href":"https:\/\/www.imaq.fr\/blog\/wp-json\/wp\/v2\/categories?post=269"},{"taxonomy":"post_tag","embeddable":true,"href":"https:\/\/www.imaq.fr\/blog\/wp-json\/wp\/v2\/tags?post=269"}],"curies":[{"name":"wp","href":"https:\/\/api.w.org\/{rel}","templated":true}]}}