{"id":286,"date":"2016-03-29T18:23:27","date_gmt":"2016-03-29T18:23:27","guid":{"rendered":"https:\/\/www.imaq.fr\/blog\/?p=286"},"modified":"2017-02-27T13:51:12","modified_gmt":"2017-02-27T13:51:12","slug":"286","status":"publish","type":"post","link":"https:\/\/www.imaq.fr\/blog\/2016\/03\/286\/","title":{"rendered":"Programme 2016"},"content":{"rendered":"<table border=\"0\" width=\"966\" cellspacing=\"0\" cellpadding=\"0\">\n<tbody>\n<tr>\n<td colspan=\"2\" valign=\"bottom\" width=\"451\"><b>Samedi 16\u00a0avril 2016<\/b><\/td>\n<td valign=\"bottom\" width=\"76\"><b>\u00a0<\/b><\/td>\n<td colspan=\"3\" valign=\"bottom\" width=\"439\"><b>Dimanche 17\u00a0avril 2016<\/b><\/td>\n<\/tr>\n<tr>\n<td colspan=\"2\" valign=\"top\" width=\"451\"><\/td>\n<td valign=\"top\" width=\"76\"><\/td>\n<td colspan=\"3\" valign=\"top\" width=\"439\"><\/td>\n<\/tr>\n<tr>\n<td valign=\"top\" width=\"63\">9h00<\/td>\n<td valign=\"top\" width=\"388\">Inauguration officielle de la Biennale en pr\u00e9sence de Mich\u00e8le DELAUNAY, ancienne ministre, d\u00e9put\u00e9 de la Gironde, et Daniel KELLER, Grand Ma\u00eetre du GODF<\/td>\n<td valign=\"top\" width=\"76\"><\/td>\n<td valign=\"top\" width=\"63\">9h30<\/td>\n<td valign=\"top\" width=\"373\">Ouverture des portes<\/td>\n<td width=\"2\"><\/td>\n<\/tr>\n<tr>\n<td valign=\"top\" width=\"63\">9h30<\/td>\n<td valign=\"top\" width=\"388\">\u00ab Le Grand Architecte de l&rsquo;Univers: \u00a0du symbole \u00e0 la fracture \u00bb avec <a href=\"https:\/\/www.imaq.fr\/blog\/2016\/03\/robert-kalbach\/\">Robert KALBACH<\/a>,<br \/>\nmod\u00e9rateur :\u00a0Liliane BASSET<\/td>\n<td valign=\"top\" width=\"76\"><\/td>\n<td valign=\"top\" width=\"63\">10h00<\/td>\n<td valign=\"top\" width=\"373\">\u00ab \u00c9mergence du symbole\u00a0\u00bb avec <a href=\"https:\/\/www.imaq.fr\/blog\/2016\/03\/bruno-maureille\/\">Bruno MAUREILLE<\/a>, pal\u00e9oanthropologue, directeur de recherche au CNRS,<br \/>\nmod\u00e9rateur :\u00a0J.M. DANIEL LAMAZI\u00c8RE<\/td>\n<td width=\"2\"><\/td>\n<\/tr>\n<tr>\n<td valign=\"top\" width=\"63\">10h45<\/td>\n<td valign=\"top\" width=\"388\">\u00ab La ma\u00e7onnerie 2.0 \u00bb\u2028avec <a href=\"https:\/\/www.imaq.fr\/blog\/2016\/03\/celine-bryon-portet\/\">C\u00e9line BRYON-PORTET<\/a> et <a href=\"https:\/\/www.imaq.fr\/blog\/2016\/03\/alain-subrebost\/\">Alain SUBREBOST<\/a><br \/>\nmod\u00e9rateur : Jean-Pierre D\u00c9LAS<\/td>\n<td valign=\"top\" width=\"76\"><\/td>\n<td valign=\"top\" width=\"63\">11h15<\/td>\n<td valign=\"top\" width=\"373\">\u00ab Des Hommes face \u00e0 leur devoir\u00bb avec <a href=\"https:\/\/www.imaq.fr\/blog\/2016\/03\/salim-bachi\/\">Salim BACHI<\/a> et <a href=\"https:\/\/www.imaq.fr\/blog\/2016\/03\/emmanuel-pierrat\/\">Emmanuel PIERRAT<\/a>,<br \/>\nmod\u00e9rateur :\u00a0Philippe SCHNEIDER<\/td>\n<td width=\"2\"><\/td>\n<\/tr>\n<tr>\n<td valign=\"top\" width=\"63\">14h00<\/td>\n<td valign=\"top\" width=\"388\">\u00ab Assembler ce qui n&rsquo;\u00e9tait que r\u00e9parti \u00bb avec <a href=\"https:\/\/www.imaq.fr\/blog\/2016\/03\/jean-marc-petillot\/\">Jean-Marc P\u00c9TILLOT<\/a><br \/>\nmod\u00e9rateur : Pierrick DELEUSME<\/td>\n<td valign=\"top\" width=\"76\"><\/td>\n<td valign=\"top\" width=\"63\">13h30<\/td>\n<td valign=\"top\" width=\"373\"><span style=\"color: #33cccc;\">Musique et franc-ma\u00e7onnerie : ensemble\u00a0\u00ab\u00a0Le concert d\u2019Ali\u00e9nor\u00a0\u00bb<\/span><\/td>\n<td width=\"2\"><\/td>\n<\/tr>\n<tr>\n<td valign=\"top\" width=\"63\">15h30<\/td>\n<td valign=\"top\" width=\"388\">\u00ab La\u00efcit\u00e9 ou dialogue\u00a0inter-religieux \u00bb avec\u00a0<a href=\"https:\/\/www.imaq.fr\/blog\/2016\/03\/marik-fetouh\/\">Marik FETOUH<\/a>, Adjoint au Maire de Bordeaux et Secr\u00e9taire g\u00e9n\u00e9ral du CAPRI, et\u00a0<a href=\"https:\/\/www.imaq.fr\/blog\/2016\/03\/christophe-habas\/\">Christophe HABAS<\/a>, 1er Grand Ma\u00eetre Adjoint du Grand Orient de France,<br \/>\nmod\u00e9rateur : Ren\u00e9 RAMPNOUX<\/td>\n<td valign=\"top\" width=\"76\"><\/td>\n<td valign=\"top\" width=\"63\">14h45<\/td>\n<td valign=\"top\" width=\"373\">\u00ab Comment la ma\u00e7onnerie vint aux\u00a0femmes \u00bb avec <a href=\"https:\/\/www.imaq.fr\/blog\/2016\/03\/gy-hivert-messeca\/\">Yves et Gis\u00e8le HIVERT-MESS\u00c9CA<\/a>,<br \/>\nmod\u00e9rateur : C\u00e9cile REVAUGER<\/td>\n<td width=\"2\"><\/td>\n<\/tr>\n<tr>\n<td valign=\"top\" width=\"63\">\u00a018h00<\/td>\n<td valign=\"top\" width=\"388\"><span style=\"color: #33cccc;\">Vernissage de l&rsquo;exposition de peinture, de photographies et de sculpture<\/span><\/td>\n<td valign=\"top\" width=\"76\"><\/td>\n<td valign=\"top\" width=\"63\">16h00<\/td>\n<td valign=\"top\" width=\"373\">\u00a0\u00ab Rassembler ce qui est \u00e9pars d&rsquo;un point de vue ma\u00e7onnique, soci\u00e9tal \u2026 \u00bb avec <a href=\"https:\/\/www.imaq.fr\/blog\/2016\/03\/emmanuel-pierrat\/\">Emmanuel PIERRAT<\/a> et <a href=\"https:\/\/www.imaq.fr\/blog\/2016\/03\/alain-subrebost\/\">Alain SUBREBOST<\/a>,<br \/>\nmod\u00e9rateur :\u00a0Jean-Marc PETILLOT<\/td>\n<td width=\"2\"><\/td>\n<\/tr>\n<\/tbody>\n<\/table>\n<p><b>Samedi 16\u00a0avril 2016 en soir\u00e9e<\/b><\/p>\n<table style=\"height: 240px;\" border=\"0\" width=\"624\" cellspacing=\"0\" cellpadding=\"0\" bgcolor=\"#eeeeee\">\n<tbody>\n<tr>\n<td valign=\"top\" width=\"63\">20h30\u00a0:<\/td>\n<td valign=\"top\" width=\"293\">soir\u00e9e-d\u00e9bat des Grands Ma\u00eetres : \u00ab La franc-ma\u00e7onnerie anachronisme ou vision d&rsquo;avenir\u00a0?\u00a0\u00bb, \u00a0anim\u00e9e par Alain Ribet, journaliste,\u00a0avec la participation de :<\/p>\n<ul>\n<li>Christophe HABAS, 1er Grand Ma\u00eetre Adjoint du\u00a0<a href=\"https:\/\/www.imaq.fr\/blog\/2016\/03\/le-grand-orient-de-france\/\">GODF<\/a>,<\/li>\n<li>\u00c9lizabeth GU\u00c9MEN\u00c9, 1\u00e8re vice-pr\u00e9sident du Conseil national de la <a href=\"https:\/\/www.imaq.fr\/blog\/2016\/03\/le-droit-humain\/\">F\u00e9d\u00e9ration fran\u00e7aise du Droit Humain<\/a><\/li>\n<li>Jean-Michel F\u00c9D\u00c8LE, 2\u00e8me Grand Ma\u00eetre Adjoint de la\u00a0<a href=\"https:\/\/www.imaq.fr\/blog\/2016\/03\/gldf\/\">GLDF<\/a><\/li>\n<li>Martine LEIMBACH, Vice-pr\u00e9sidente\u00a0de la\u00a0<a href=\"https:\/\/www.imaq.fr\/blog\/2014\/04\/la-grande-loge-feminine-de-france\/\">GLFF<\/a><\/li>\n<li>Ren\u00e9 DOUX, Grand-Ma\u00eetre de la <a href=\"https:\/\/www.imaq.fr\/blog\/2014\/04\/la-grande-loge-traditionnelle-et-symbolique-opera\/\">GLTSO<\/a><\/li>\n<li>Dominique PALFROY, Grand Ma\u00eetre de la <a href=\"https:\/\/www.imaq.fr\/blog\/2014\/04\/la-grande-loge-feminine-de-memphis-misraim\/\">GLFMM<\/a><\/li>\n<li>Didier OZIL, Grand-Ma\u00eetre G\u00e9n\u00e9ral de <a href=\"https:\/\/www.imaq.fr\/blog\/2014\/04\/lordre-initiatique-et-traditionnel-de-lart-royal\/\">OITAR<\/a><\/li>\n<li>\u00c9douard HABRANT, Grand-Ma\u00eetre de la <a href=\"https:\/\/www.imaq.fr\/blog\/2014\/04\/la-grande-loge-mixte-de-france\/\">GLMF<\/a><\/li>\n<li>Gilles PEYREMORTE, Grand-Ma\u00eetre de la GLMMM<\/li>\n<\/ul>\n<\/td>\n<\/tr>\n<\/tbody>\n<\/table>\n","protected":false},"excerpt":{"rendered":"<p>Samedi 16\u00a0avril 2016 \u00a0 Dimanche 17\u00a0avril 2016 9h00 Inauguration officielle de la Biennale en pr\u00e9sence de Mich\u00e8le DELAUNAY, ancienne ministre, d\u00e9put\u00e9 de la Gironde, et Daniel KELLER, Grand Ma\u00eetre du GODF 9h30 Ouverture des portes 9h30 \u00ab Le Grand Architecte de l&rsquo;Univers: \u00a0du symbole \u00e0 la fracture \u00bb avec Robert KALBACH, mod\u00e9rateur :\u00a0Liliane BASSET 10h00 [&hellip;]<\/p>\n","protected":false},"author":2,"featured_media":0,"comment_status":"open","ping_status":"open","sticky":false,"template":"","format":"standard","meta":{"_editorskit_title_hidden":false,"_editorskit_reading_time":0,"_editorskit_is_block_options_detached":false,"_editorskit_block_options_position":"{}","footnotes":""},"categories":[23,10],"tags":[],"class_list":["post-286","post","type-post","status-publish","format-standard","hentry","category-biennale-2016","category-programme-2016"],"yoast_head":"<!-- This site is optimized with the Yoast SEO plugin v27.5 - https:\/\/yoast.com\/product\/yoast-seo-wordpress\/ -->\n<title>Programme 2016 - Biennale Culturelle Ma\u00e7onnique de Bordeaux<\/title>\n<meta name=\"robots\" content=\"index, follow, max-snippet:-1, max-image-preview:large, max-video-preview:-1\" \/>\n<link rel=\"canonical\" href=\"https:\/\/www.imaq.fr\/blog\/2016\/03\/286\/\" \/>\n<meta property=\"og:locale\" content=\"fr_FR\" \/>\n<meta property=\"og:type\" content=\"article\" \/>\n<meta property=\"og:title\" content=\"Programme 2016 - Biennale Culturelle Ma\u00e7onnique de Bordeaux\" \/>\n<meta property=\"og:description\" content=\"Samedi 16\u00a0avril 2016 \u00a0 Dimanche 17\u00a0avril 2016 9h00 Inauguration officielle de la Biennale en pr\u00e9sence de Mich\u00e8le DELAUNAY, ancienne ministre, d\u00e9put\u00e9 de la Gironde, et Daniel KELLER, Grand Ma\u00eetre du GODF 9h30 Ouverture des portes 9h30 \u00ab Le Grand Architecte de l&rsquo;Univers: \u00a0du symbole \u00e0 la fracture \u00bb avec Robert KALBACH, mod\u00e9rateur :\u00a0Liliane BASSET 10h00 [&hellip;]\" \/>\n<meta property=\"og:url\" content=\"https:\/\/www.imaq.fr\/blog\/2016\/03\/286\/\" \/>\n<meta property=\"og:site_name\" content=\"Biennale Culturelle Ma\u00e7onnique de Bordeaux\" \/>\n<meta property=\"article:publisher\" content=\"https:\/\/www.facebook.com\/biennaleculturellemaconnique.bordeaux\" \/>\n<meta property=\"article:published_time\" content=\"2016-03-29T18:23:27+00:00\" \/>\n<meta property=\"article:modified_time\" content=\"2017-02-27T13:51:12+00:00\" \/>\n<meta name=\"author\" content=\"BCMB\" \/>\n<meta name=\"twitter:card\" content=\"summary_large_image\" \/>\n<meta name=\"twitter:label1\" content=\"\u00c9crit par\" \/>\n\t<meta name=\"twitter:data1\" content=\"BCMB\" \/>\n\t<meta name=\"twitter:label2\" content=\"Dur\u00e9e de lecture estim\u00e9e\" \/>\n\t<meta name=\"twitter:data2\" content=\"2 minutes\" \/>\n<script type=\"application\/ld+json\" class=\"yoast-schema-graph\">{\"@context\":\"https:\\\/\\\/schema.org\",\"@graph\":[{\"@type\":\"Article\",\"@id\":\"https:\\\/\\\/www.imaq.fr\\\/blog\\\/2016\\\/03\\\/286\\\/#article\",\"isPartOf\":{\"@id\":\"https:\\\/\\\/www.imaq.fr\\\/blog\\\/2016\\\/03\\\/286\\\/\"},\"author\":{\"name\":\"BCMB\",\"@id\":\"https:\\\/\\\/www.imaq.fr\\\/blog\\\/#\\\/schema\\\/person\\\/3df683af05c9d4e9401e01364d03a5fd\"},\"headline\":\"Programme 2016\",\"datePublished\":\"2016-03-29T18:23:27+00:00\",\"dateModified\":\"2017-02-27T13:51:12+00:00\",\"mainEntityOfPage\":{\"@id\":\"https:\\\/\\\/www.imaq.fr\\\/blog\\\/2016\\\/03\\\/286\\\/\"},\"wordCount\":348,\"commentCount\":0,\"publisher\":{\"@id\":\"https:\\\/\\\/www.imaq.fr\\\/blog\\\/#organization\"},\"articleSection\":[\"Biennale 2016\",\"Programme 2016\"],\"inLanguage\":\"fr-FR\",\"potentialAction\":[{\"@type\":\"CommentAction\",\"name\":\"Comment\",\"target\":[\"https:\\\/\\\/www.imaq.fr\\\/blog\\\/2016\\\/03\\\/286\\\/#respond\"]}]},{\"@type\":\"WebPage\",\"@id\":\"https:\\\/\\\/www.imaq.fr\\\/blog\\\/2016\\\/03\\\/286\\\/\",\"url\":\"https:\\\/\\\/www.imaq.fr\\\/blog\\\/2016\\\/03\\\/286\\\/\",\"name\":\"Programme 2016 - Biennale Culturelle Ma\u00e7onnique de Bordeaux\",\"isPartOf\":{\"@id\":\"https:\\\/\\\/www.imaq.fr\\\/blog\\\/#website\"},\"datePublished\":\"2016-03-29T18:23:27+00:00\",\"dateModified\":\"2017-02-27T13:51:12+00:00\",\"breadcrumb\":{\"@id\":\"https:\\\/\\\/www.imaq.fr\\\/blog\\\/2016\\\/03\\\/286\\\/#breadcrumb\"},\"inLanguage\":\"fr-FR\",\"potentialAction\":[{\"@type\":\"ReadAction\",\"target\":[\"https:\\\/\\\/www.imaq.fr\\\/blog\\\/2016\\\/03\\\/286\\\/\"]}]},{\"@type\":\"BreadcrumbList\",\"@id\":\"https:\\\/\\\/www.imaq.fr\\\/blog\\\/2016\\\/03\\\/286\\\/#breadcrumb\",\"itemListElement\":[{\"@type\":\"ListItem\",\"position\":1,\"name\":\"Accueil\",\"item\":\"https:\\\/\\\/www.imaq.fr\\\/blog\\\/\"},{\"@type\":\"ListItem\",\"position\":2,\"name\":\"Programme 2016\"}]},{\"@type\":\"WebSite\",\"@id\":\"https:\\\/\\\/www.imaq.fr\\\/blog\\\/#website\",\"url\":\"https:\\\/\\\/www.imaq.fr\\\/blog\\\/\",\"name\":\"Biennale Culturelle Ma\u00e7onnique de Bordeaux\",\"description\":\"IMAQ\",\"publisher\":{\"@id\":\"https:\\\/\\\/www.imaq.fr\\\/blog\\\/#organization\"},\"potentialAction\":[{\"@type\":\"SearchAction\",\"target\":{\"@type\":\"EntryPoint\",\"urlTemplate\":\"https:\\\/\\\/www.imaq.fr\\\/blog\\\/?s={search_term_string}\"},\"query-input\":{\"@type\":\"PropertyValueSpecification\",\"valueRequired\":true,\"valueName\":\"search_term_string\"}}],\"inLanguage\":\"fr-FR\"},{\"@type\":\"Organization\",\"@id\":\"https:\\\/\\\/www.imaq.fr\\\/blog\\\/#organization\",\"name\":\"Biennale Culturelle Ma\u00e7onnique de Bordeaux\",\"url\":\"https:\\\/\\\/www.imaq.fr\\\/blog\\\/\",\"logo\":{\"@type\":\"ImageObject\",\"inLanguage\":\"fr-FR\",\"@id\":\"https:\\\/\\\/www.imaq.fr\\\/blog\\\/#\\\/schema\\\/logo\\\/image\\\/\",\"url\":\"https:\\\/\\\/www.imaq.fr\\\/blog\\\/wp-content\\\/uploads\\\/2014\\\/12\\\/logo-bcmc.jpg\",\"contentUrl\":\"https:\\\/\\\/www.imaq.fr\\\/blog\\\/wp-content\\\/uploads\\\/2014\\\/12\\\/logo-bcmc.jpg\",\"width\":759,\"height\":784,\"caption\":\"Biennale Culturelle Ma\u00e7onnique de Bordeaux\"},\"image\":{\"@id\":\"https:\\\/\\\/www.imaq.fr\\\/blog\\\/#\\\/schema\\\/logo\\\/image\\\/\"},\"sameAs\":[\"https:\\\/\\\/www.facebook.com\\\/biennaleculturellemaconnique.bordeaux\"]},{\"@type\":\"Person\",\"@id\":\"https:\\\/\\\/www.imaq.fr\\\/blog\\\/#\\\/schema\\\/person\\\/3df683af05c9d4e9401e01364d03a5fd\",\"name\":\"BCMB\",\"image\":{\"@type\":\"ImageObject\",\"inLanguage\":\"fr-FR\",\"@id\":\"https:\\\/\\\/secure.gravatar.com\\\/avatar\\\/d6fbbbb38de40bcc3a41d4467d090d3b92513d4eb33fc933729359bbce505880?s=96&d=identicon&r=g\",\"url\":\"https:\\\/\\\/secure.gravatar.com\\\/avatar\\\/d6fbbbb38de40bcc3a41d4467d090d3b92513d4eb33fc933729359bbce505880?s=96&d=identicon&r=g\",\"contentUrl\":\"https:\\\/\\\/secure.gravatar.com\\\/avatar\\\/d6fbbbb38de40bcc3a41d4467d090d3b92513d4eb33fc933729359bbce505880?s=96&d=identicon&r=g\",\"caption\":\"BCMB\"},\"sameAs\":[\"https:\\\/\\\/www.imaq.fr\"],\"url\":\"https:\\\/\\\/www.imaq.fr\\\/blog\\\/author\\\/pomirol\\\/\"}]}<\/script>\n<!-- \/ Yoast SEO plugin. -->","yoast_head_json":{"title":"Programme 2016 - Biennale Culturelle Ma\u00e7onnique de Bordeaux","robots":{"index":"index","follow":"follow","max-snippet":"max-snippet:-1","max-image-preview":"max-image-preview:large","max-video-preview":"max-video-preview:-1"},"canonical":"https:\/\/www.imaq.fr\/blog\/2016\/03\/286\/","og_locale":"fr_FR","og_type":"article","og_title":"Programme 2016 - Biennale Culturelle Ma\u00e7onnique de Bordeaux","og_description":"Samedi 16\u00a0avril 2016 \u00a0 Dimanche 17\u00a0avril 2016 9h00 Inauguration officielle de la Biennale en pr\u00e9sence de Mich\u00e8le DELAUNAY, ancienne ministre, d\u00e9put\u00e9 de la Gironde, et Daniel KELLER, Grand Ma\u00eetre du GODF 9h30 Ouverture des portes 9h30 \u00ab Le Grand Architecte de l&rsquo;Univers: \u00a0du symbole \u00e0 la fracture \u00bb avec Robert KALBACH, mod\u00e9rateur :\u00a0Liliane BASSET 10h00 [&hellip;]","og_url":"https:\/\/www.imaq.fr\/blog\/2016\/03\/286\/","og_site_name":"Biennale Culturelle Ma\u00e7onnique de Bordeaux","article_publisher":"https:\/\/www.facebook.com\/biennaleculturellemaconnique.bordeaux","article_published_time":"2016-03-29T18:23:27+00:00","article_modified_time":"2017-02-27T13:51:12+00:00","author":"BCMB","twitter_card":"summary_large_image","twitter_misc":{"\u00c9crit par":"BCMB","Dur\u00e9e de lecture estim\u00e9e":"2 minutes"},"schema":{"@context":"https:\/\/schema.org","@graph":[{"@type":"Article","@id":"https:\/\/www.imaq.fr\/blog\/2016\/03\/286\/#article","isPartOf":{"@id":"https:\/\/www.imaq.fr\/blog\/2016\/03\/286\/"},"author":{"name":"BCMB","@id":"https:\/\/www.imaq.fr\/blog\/#\/schema\/person\/3df683af05c9d4e9401e01364d03a5fd"},"headline":"Programme 2016","datePublished":"2016-03-29T18:23:27+00:00","dateModified":"2017-02-27T13:51:12+00:00","mainEntityOfPage":{"@id":"https:\/\/www.imaq.fr\/blog\/2016\/03\/286\/"},"wordCount":348,"commentCount":0,"publisher":{"@id":"https:\/\/www.imaq.fr\/blog\/#organization"},"articleSection":["Biennale 2016","Programme 2016"],"inLanguage":"fr-FR","potentialAction":[{"@type":"CommentAction","name":"Comment","target":["https:\/\/www.imaq.fr\/blog\/2016\/03\/286\/#respond"]}]},{"@type":"WebPage","@id":"https:\/\/www.imaq.fr\/blog\/2016\/03\/286\/","url":"https:\/\/www.imaq.fr\/blog\/2016\/03\/286\/","name":"Programme 2016 - Biennale Culturelle Ma\u00e7onnique de Bordeaux","isPartOf":{"@id":"https:\/\/www.imaq.fr\/blog\/#website"},"datePublished":"2016-03-29T18:23:27+00:00","dateModified":"2017-02-27T13:51:12+00:00","breadcrumb":{"@id":"https:\/\/www.imaq.fr\/blog\/2016\/03\/286\/#breadcrumb"},"inLanguage":"fr-FR","potentialAction":[{"@type":"ReadAction","target":["https:\/\/www.imaq.fr\/blog\/2016\/03\/286\/"]}]},{"@type":"BreadcrumbList","@id":"https:\/\/www.imaq.fr\/blog\/2016\/03\/286\/#breadcrumb","itemListElement":[{"@type":"ListItem","position":1,"name":"Accueil","item":"https:\/\/www.imaq.fr\/blog\/"},{"@type":"ListItem","position":2,"name":"Programme 2016"}]},{"@type":"WebSite","@id":"https:\/\/www.imaq.fr\/blog\/#website","url":"https:\/\/www.imaq.fr\/blog\/","name":"Biennale Culturelle Ma\u00e7onnique de Bordeaux","description":"IMAQ","publisher":{"@id":"https:\/\/www.imaq.fr\/blog\/#organization"},"potentialAction":[{"@type":"SearchAction","target":{"@type":"EntryPoint","urlTemplate":"https:\/\/www.imaq.fr\/blog\/?s={search_term_string}"},"query-input":{"@type":"PropertyValueSpecification","valueRequired":true,"valueName":"search_term_string"}}],"inLanguage":"fr-FR"},{"@type":"Organization","@id":"https:\/\/www.imaq.fr\/blog\/#organization","name":"Biennale Culturelle Ma\u00e7onnique de Bordeaux","url":"https:\/\/www.imaq.fr\/blog\/","logo":{"@type":"ImageObject","inLanguage":"fr-FR","@id":"https:\/\/www.imaq.fr\/blog\/#\/schema\/logo\/image\/","url":"https:\/\/www.imaq.fr\/blog\/wp-content\/uploads\/2014\/12\/logo-bcmc.jpg","contentUrl":"https:\/\/www.imaq.fr\/blog\/wp-content\/uploads\/2014\/12\/logo-bcmc.jpg","width":759,"height":784,"caption":"Biennale Culturelle Ma\u00e7onnique de Bordeaux"},"image":{"@id":"https:\/\/www.imaq.fr\/blog\/#\/schema\/logo\/image\/"},"sameAs":["https:\/\/www.facebook.com\/biennaleculturellemaconnique.bordeaux"]},{"@type":"Person","@id":"https:\/\/www.imaq.fr\/blog\/#\/schema\/person\/3df683af05c9d4e9401e01364d03a5fd","name":"BCMB","image":{"@type":"ImageObject","inLanguage":"fr-FR","@id":"https:\/\/secure.gravatar.com\/avatar\/d6fbbbb38de40bcc3a41d4467d090d3b92513d4eb33fc933729359bbce505880?s=96&d=identicon&r=g","url":"https:\/\/secure.gravatar.com\/avatar\/d6fbbbb38de40bcc3a41d4467d090d3b92513d4eb33fc933729359bbce505880?s=96&d=identicon&r=g","contentUrl":"https:\/\/secure.gravatar.com\/avatar\/d6fbbbb38de40bcc3a41d4467d090d3b92513d4eb33fc933729359bbce505880?s=96&d=identicon&r=g","caption":"BCMB"},"sameAs":["https:\/\/www.imaq.fr"],"url":"https:\/\/www.imaq.fr\/blog\/author\/pomirol\/"}]}},"_links":{"self":[{"href":"https:\/\/www.imaq.fr\/blog\/wp-json\/wp\/v2\/posts\/286","targetHints":{"allow":["GET"]}}],"collection":[{"href":"https:\/\/www.imaq.fr\/blog\/wp-json\/wp\/v2\/posts"}],"about":[{"href":"https:\/\/www.imaq.fr\/blog\/wp-json\/wp\/v2\/types\/post"}],"author":[{"embeddable":true,"href":"https:\/\/www.imaq.fr\/blog\/wp-json\/wp\/v2\/users\/2"}],"replies":[{"embeddable":true,"href":"https:\/\/www.imaq.fr\/blog\/wp-json\/wp\/v2\/comments?post=286"}],"version-history":[{"count":0,"href":"https:\/\/www.imaq.fr\/blog\/wp-json\/wp\/v2\/posts\/286\/revisions"}],"wp:attachment":[{"href":"https:\/\/www.imaq.fr\/blog\/wp-json\/wp\/v2\/media?parent=286"}],"wp:term":[{"taxonomy":"category","embeddable":true,"href":"https:\/\/www.imaq.fr\/blog\/wp-json\/wp\/v2\/categories?post=286"},{"taxonomy":"post_tag","embeddable":true,"href":"https:\/\/www.imaq.fr\/blog\/wp-json\/wp\/v2\/tags?post=286"}],"curies":[{"name":"wp","href":"https:\/\/api.w.org\/{rel}","templated":true}]}}