{"id":2963,"date":"2025-09-18T11:18:21","date_gmt":"2025-09-18T11:18:21","guid":{"rendered":"https:\/\/www.imaq.fr\/blog\/?p=2963"},"modified":"2025-09-18T11:18:22","modified_gmt":"2025-09-18T11:18:22","slug":"florence-mothe","status":"publish","type":"post","link":"https:\/\/www.imaq.fr\/blog\/2025\/09\/florence-mothe\/","title":{"rendered":"Florence MOTHE"},"content":{"rendered":"\n<h2 class=\"wp-block-heading progTitreConf\">Florence Mothe : une vie d\u00e9di\u00e9e au patrimoine et \u00e0 la franc-ma\u00e7onnerie<\/h2>\n\n\n\n<p><strong>Florence Mothe<\/strong> est une figure \u00e9minente du paysage culturel bordelais. \u00c9crivaine, journaliste et musicologue, elle demeure une ardente gardienne du patrimoine. Le <strong>samedi 18 octobre 2025<\/strong>, elle sera pr\u00e9sente \u00e0 la <strong>Biennale Culturelle Ma\u00e7onnique de Bordeaux<\/strong> pour une s\u00e9ance de d\u00e9dicaces. Elle y pr\u00e9sentera son dernier ouvrage, <strong><em>Savoirs et franc-ma\u00e7onnerie au si\u00e8cle des Lumi\u00e8res<\/em><\/strong>.<\/p>\n\n\n\n<h2 class=\"wp-block-heading progTitreConf\">Un parcours entre histoire, arts et journalisme<\/h2>\n\n\n\n<p>Native de Bordeaux, <strong>Florence Mothe<\/strong> grandit dans une famille d&rsquo;artistes. Son p\u00e8re \u00e9tait architecte de renom tandis que sa m\u00e8re fut pionni\u00e8re de la viticulture. Apr\u00e8s des \u00e9tudes de philosophie, elle devient journaliste culturelle. Elle collabore alors avec des m\u00e9dias prestigieux comme <strong>Sud-Ouest<\/strong>, <strong>France Culture<\/strong> et <strong>France Musique<\/strong>. Cette carri\u00e8re lui permet d&rsquo;exprimer sa passion pour la musique et la culture. Son parcours illustre parfaitement la synth\u00e8se entre h\u00e9ritage familial et engagement intellectuel constant.<\/p>\n\n\n\n<h2 class=\"wp-block-heading progTitreConf\">Le Ch\u00e2teau de Mongenan : un mus\u00e9e vivant au c\u0153ur de la Gironde<\/h2>\n\n\n\n<p>H\u00e9riti\u00e8re du <strong><a href=\"http:\/\/chateaudemongenan.com\/\" target=\"_blank\" rel=\"noreferrer noopener\">ch\u00e2teau de Mongenan<\/a><\/strong>, Florence Mothe en fait sa mission de vie. Depuis 1983, elle transforme cette demeure du XVIIIe si\u00e8cle en un mus\u00e9e vivant. Ce lieu unique, situ\u00e9 \u00e0 <strong>Portets <\/strong>en <strong>Gironde<\/strong>, constitue un v\u00e9ritable t\u00e9moignage historique.<\/p>\n\n\n\n<p>Elle y reconstitue avec soin un temple ma\u00e7onnique, fid\u00e8le \u00e0 l&rsquo;esprit des <strong>loges du si\u00e8cle des Lumi\u00e8res<\/strong>. Par ailleurs, elle y expose une collection d&rsquo;objets ma\u00e7onniques authentiques. Le ch\u00e2teau abrite \u00e9galement un jardin botanique inspir\u00e9 par Jean-Jacques Rousseau. Ce jardin rend ainsi hommage \u00e0 la nature et \u00e0 la philosophie naturaliste.<\/p>\n\n\n\n<h2 class=\"wp-block-heading progTitreConf\">L&rsquo;\u00e9crivaine et la gardienne des savoirs ma\u00e7onniques<\/h2>\n\n\n\n<p>\u00c0 travers son \u0153uvre, Florence Mothe perp\u00e9tue l&rsquo;esprit des Lumi\u00e8res. Elle publie plusieurs ouvrages, dont <strong><em>Trois si\u00e8cles de Franc-ma\u00e7onnerie \u00e0 Bordeaux<\/em><\/strong>, qui fait d\u00e9sormais r\u00e9f\u00e9rence. Son travail d&rsquo;historienne t\u00e9moigne d&rsquo;une recherche minutieuse et d&rsquo;une passion communicative pour son sujet.<\/p>\n\n\n\n<h2 class=\"wp-block-heading progTitreConf\">Savoirs et franc-ma\u00e7onnerie au si\u00e8cle des Lumi\u00e8res : une exploration des liens intellectuels<\/h2>\n\n\n\n<p>Son nouveau livre explore les relations f\u00e9condes entre penseurs et franc-ma\u00e7ons des Lumi\u00e8res. <strong>Florence Mothe<\/strong> y r\u00e9v\u00e8le comment <strong>Montesquieu <\/strong>et <strong>Helv\u00e9tius <\/strong>transform\u00e8rent la franc-ma\u00e7onnerie. Gr\u00e2ce \u00e0 eux, elle \u00e9volue d&rsquo;une discipline mystique vers un mouvement intellectuel majeur.<\/p>\n\n\n\n<p>L&rsquo;auteure met particuli\u00e8rement en lumi\u00e8re la loge parisienne des <strong>Neuf S\u0153urs<\/strong>. Cette loge exceptionnelle r\u00e9unit des figures comme <strong>Condorcet<\/strong>, <strong>Lavoisier<\/strong>, <strong>Buffon <\/strong>et <strong>Benjamin Franklin<\/strong>. Elle fonctionne alors comme un v\u00e9ritable laboratoire d&rsquo;id\u00e9es, pr\u00e9figurant nos technopoles modernes. La veuve d&rsquo;Helv\u00e9tius, l&rsquo;astronome Lalande et Franklin font rayonner cette loge sur le monde entier.<\/p>\n\n\n\n<p>Ce livre d\u00e9montre comment les Neuf S\u0153urs font se rencontrer toutes les disciplines. Sciences, arts, techniques et philosophie convergent vers la construction d&rsquo;une soci\u00e9t\u00e9 harmonieuse. Cette fraternit\u00e9 entre savants, artistes et penseurs f\u00e9conde l&rsquo;\u00e9lan r\u00e9volutionnaire des Lumi\u00e8res.<\/p>\n\n\n\n<p>Par ses publications, ses expositions et ses conf\u00e9rences, <strong>Florence Mothe<\/strong> transmet des connaissances pr\u00e9cieuses. Elle demeure ainsi une v\u00e9ritable gardienne du patrimoine ma\u00e7onnique et de ses valeurs humanistes.<\/p>\n\n\n\n<figure class=\"wp-block-gallery has-nested-images columns-default is-cropped wp-block-gallery-1 is-layout-flex wp-block-gallery-is-layout-flex\">\n<figure class=\"wp-block-image size-large\"><a href=\"https:\/\/www.imaq.fr\/blog\/wp-content\/uploads\/2025\/09\/Mothe-Savoirs-et-franc-maconnerie-au-siecle-des-Lumieres.jpg\"><img loading=\"lazy\" decoding=\"async\" width=\"652\" height=\"1024\" data-id=\"2966\" src=\"https:\/\/www.imaq.fr\/blog\/wp-content\/uploads\/2025\/09\/Mothe-Savoirs-et-franc-maconnerie-au-siecle-des-Lumieres-652x1024.jpg\" alt=\"Savoirs et franc-ma\u00e7onnerie au si\u00e8cle des Lumi\u00e8res, par Florence Mothe\" class=\"wp-image-2966 colorbox-2963\" srcset=\"https:\/\/www.imaq.fr\/blog\/wp-content\/uploads\/2025\/09\/Mothe-Savoirs-et-franc-maconnerie-au-siecle-des-Lumieres-652x1024.jpg 652w, https:\/\/www.imaq.fr\/blog\/wp-content\/uploads\/2025\/09\/Mothe-Savoirs-et-franc-maconnerie-au-siecle-des-Lumieres-191x300.jpg 191w, https:\/\/www.imaq.fr\/blog\/wp-content\/uploads\/2025\/09\/Mothe-Savoirs-et-franc-maconnerie-au-siecle-des-Lumieres-768x1207.jpg 768w, https:\/\/www.imaq.fr\/blog\/wp-content\/uploads\/2025\/09\/Mothe-Savoirs-et-franc-maconnerie-au-siecle-des-Lumieres.jpg 800w\" sizes=\"auto, (max-width: 652px) 100vw, 652px\" \/><\/a><\/figure>\n\n\n\n<figure class=\"wp-block-image size-large\"><a href=\"https:\/\/www.imaq.fr\/blog\/wp-content\/uploads\/2025\/09\/Mothe-Trois-siecles-de-franc-maconnerie-a-Bordeaux.jpg\"><img loading=\"lazy\" decoding=\"async\" width=\"773\" height=\"1024\" data-id=\"2965\" src=\"https:\/\/www.imaq.fr\/blog\/wp-content\/uploads\/2025\/09\/Mothe-Trois-siecles-de-franc-maconnerie-a-Bordeaux-773x1024.jpg\" alt=\"Lieux symboliques en Gironde - Trois si\u00e8cles de franc-ma\u00e7onnerie \u00e0 Bordeaux, de Florence Mothe\" class=\"wp-image-2965 colorbox-2963\" srcset=\"https:\/\/www.imaq.fr\/blog\/wp-content\/uploads\/2025\/09\/Mothe-Trois-siecles-de-franc-maconnerie-a-Bordeaux-773x1024.jpg 773w, https:\/\/www.imaq.fr\/blog\/wp-content\/uploads\/2025\/09\/Mothe-Trois-siecles-de-franc-maconnerie-a-Bordeaux-226x300.jpg 226w, https:\/\/www.imaq.fr\/blog\/wp-content\/uploads\/2025\/09\/Mothe-Trois-siecles-de-franc-maconnerie-a-Bordeaux-768x1018.jpg 768w, https:\/\/www.imaq.fr\/blog\/wp-content\/uploads\/2025\/09\/Mothe-Trois-siecles-de-franc-maconnerie-a-Bordeaux.jpg 800w\" sizes=\"auto, (max-width: 773px) 100vw, 773px\" \/><\/a><\/figure>\n<\/figure>\n","protected":false},"excerpt":{"rendered":"<p>Florence Mothe : une vie d\u00e9di\u00e9e au patrimoine et \u00e0 la franc-ma\u00e7onnerie Florence Mothe est une figure \u00e9minente du paysage culturel bordelais. \u00c9crivaine, journaliste et musicologue, elle demeure une ardente gardienne du patrimoine. Le samedi 18 octobre 2025, elle sera pr\u00e9sente \u00e0 la Biennale Culturelle Ma\u00e7onnique de Bordeaux pour une s\u00e9ance de d\u00e9dicaces. Elle y [&hellip;]<\/p>\n","protected":false},"author":2,"featured_media":0,"comment_status":"closed","ping_status":"open","sticky":false,"template":"","format":"standard","meta":{"_editorskit_title_hidden":false,"_editorskit_reading_time":0,"_editorskit_is_block_options_detached":false,"_editorskit_block_options_position":"{}","footnotes":""},"categories":[2,275],"tags":[67,64,278,304,439],"class_list":["post-2963","post","type-post","status-publish","format-standard","hentry","category-auteur","category-biennale-2025","tag-auteur","tag-bcmb","tag-bcmb2025","tag-biennale-culturelle-maconnique","tag-florence-mothe"],"yoast_head":"<!-- This site is optimized with the Yoast SEO plugin v27.5 - https:\/\/yoast.com\/product\/yoast-seo-wordpress\/ -->\n<title>Florence Mothe : Patrimoine, Ch\u00e2teau et Franc-ma\u00e7onnerie<\/title>\n<meta name=\"description\" content=\"D\u00e9couvrez Florence Mothe, \u00e9crivaine et journaliste, propri\u00e9taire du Ch\u00e2teau de Mongenan, lieu d&#039;histoire et de patrimoine ma\u00e7onnique en Gironde.\" \/>\n<meta name=\"robots\" content=\"index, follow, max-snippet:-1, max-image-preview:large, max-video-preview:-1\" \/>\n<link rel=\"canonical\" href=\"https:\/\/www.imaq.fr\/blog\/2025\/09\/florence-mothe\/\" \/>\n<meta property=\"og:locale\" content=\"fr_FR\" \/>\n<meta property=\"og:type\" content=\"article\" \/>\n<meta property=\"og:title\" content=\"Une gardienne du patrimoine : le monde de Florence Mothe\" \/>\n<meta property=\"og:description\" content=\"Plongez dans l&#039;univers de Florence Mothe ! \ud83c\udff0 Entre son ch\u00e2teau, ses \u00e9crits et sa passion pour la ma\u00e7onnerie, elle fait revivre l&#039;esprit des Lumi\u00e8res. Ne manquez pas sa pr\u00e9sence \u00e0 la Biennale !\" \/>\n<meta property=\"og:url\" content=\"https:\/\/www.imaq.fr\/blog\/2025\/09\/florence-mothe\/\" \/>\n<meta property=\"og:site_name\" content=\"Biennale Culturelle Ma\u00e7onnique de Bordeaux\" \/>\n<meta property=\"article:publisher\" content=\"https:\/\/www.facebook.com\/biennaleculturellemaconnique.bordeaux\" \/>\n<meta property=\"article:published_time\" content=\"2025-09-18T11:18:21+00:00\" \/>\n<meta property=\"article:modified_time\" content=\"2025-09-18T11:18:22+00:00\" \/>\n<meta property=\"og:image\" content=\"https:\/\/www.imaq.fr\/blog\/wp-content\/uploads\/2025\/09\/Mothe-Savoirs-et-franc-maconnerie-au-siecle-des-Lumieres.jpg\" \/>\n\t<meta property=\"og:image:width\" content=\"800\" \/>\n\t<meta property=\"og:image:height\" content=\"1257\" \/>\n\t<meta property=\"og:image:type\" content=\"image\/jpeg\" \/>\n<meta name=\"author\" content=\"BCMB\" \/>\n<meta name=\"twitter:card\" content=\"summary_large_image\" \/>\n<meta name=\"twitter:label1\" content=\"\u00c9crit par\" \/>\n\t<meta name=\"twitter:data1\" content=\"BCMB\" \/>\n\t<meta name=\"twitter:label2\" content=\"Dur\u00e9e de lecture estim\u00e9e\" \/>\n\t<meta name=\"twitter:data2\" content=\"3 minutes\" \/>\n<script type=\"application\/ld+json\" class=\"yoast-schema-graph\">{\"@context\":\"https:\\\/\\\/schema.org\",\"@graph\":[{\"@type\":\"Article\",\"@id\":\"https:\\\/\\\/www.imaq.fr\\\/blog\\\/2025\\\/09\\\/florence-mothe\\\/#article\",\"isPartOf\":{\"@id\":\"https:\\\/\\\/www.imaq.fr\\\/blog\\\/2025\\\/09\\\/florence-mothe\\\/\"},\"author\":{\"name\":\"BCMB\",\"@id\":\"https:\\\/\\\/www.imaq.fr\\\/blog\\\/#\\\/schema\\\/person\\\/3df683af05c9d4e9401e01364d03a5fd\"},\"headline\":\"Florence MOTHE\",\"datePublished\":\"2025-09-18T11:18:21+00:00\",\"dateModified\":\"2025-09-18T11:18:22+00:00\",\"mainEntityOfPage\":{\"@id\":\"https:\\\/\\\/www.imaq.fr\\\/blog\\\/2025\\\/09\\\/florence-mothe\\\/\"},\"wordCount\":539,\"publisher\":{\"@id\":\"https:\\\/\\\/www.imaq.fr\\\/blog\\\/#organization\"},\"image\":{\"@id\":\"https:\\\/\\\/www.imaq.fr\\\/blog\\\/2025\\\/09\\\/florence-mothe\\\/#primaryimage\"},\"thumbnailUrl\":\"https:\\\/\\\/www.imaq.fr\\\/blog\\\/wp-content\\\/uploads\\\/2025\\\/09\\\/Mothe-Savoirs-et-franc-maconnerie-au-siecle-des-Lumieres-652x1024.jpg\",\"keywords\":[\"auteur\",\"bcmb\",\"bcmb2025\",\"Biennale Culturelle Ma\u00e7onnique\",\"Florence Mothe\"],\"articleSection\":[\"Auteurs\",\"Biennale 2025\"],\"inLanguage\":\"fr-FR\"},{\"@type\":\"WebPage\",\"@id\":\"https:\\\/\\\/www.imaq.fr\\\/blog\\\/2025\\\/09\\\/florence-mothe\\\/\",\"url\":\"https:\\\/\\\/www.imaq.fr\\\/blog\\\/2025\\\/09\\\/florence-mothe\\\/\",\"name\":\"Florence Mothe : Patrimoine, Ch\u00e2teau et Franc-ma\u00e7onnerie\",\"isPartOf\":{\"@id\":\"https:\\\/\\\/www.imaq.fr\\\/blog\\\/#website\"},\"primaryImageOfPage\":{\"@id\":\"https:\\\/\\\/www.imaq.fr\\\/blog\\\/2025\\\/09\\\/florence-mothe\\\/#primaryimage\"},\"image\":{\"@id\":\"https:\\\/\\\/www.imaq.fr\\\/blog\\\/2025\\\/09\\\/florence-mothe\\\/#primaryimage\"},\"thumbnailUrl\":\"https:\\\/\\\/www.imaq.fr\\\/blog\\\/wp-content\\\/uploads\\\/2025\\\/09\\\/Mothe-Savoirs-et-franc-maconnerie-au-siecle-des-Lumieres-652x1024.jpg\",\"datePublished\":\"2025-09-18T11:18:21+00:00\",\"dateModified\":\"2025-09-18T11:18:22+00:00\",\"description\":\"D\u00e9couvrez Florence Mothe, \u00e9crivaine et journaliste, propri\u00e9taire du Ch\u00e2teau de Mongenan, lieu d'histoire et de patrimoine ma\u00e7onnique en Gironde.\",\"breadcrumb\":{\"@id\":\"https:\\\/\\\/www.imaq.fr\\\/blog\\\/2025\\\/09\\\/florence-mothe\\\/#breadcrumb\"},\"inLanguage\":\"fr-FR\",\"potentialAction\":[{\"@type\":\"ReadAction\",\"target\":[\"https:\\\/\\\/www.imaq.fr\\\/blog\\\/2025\\\/09\\\/florence-mothe\\\/\"]}]},{\"@type\":\"ImageObject\",\"inLanguage\":\"fr-FR\",\"@id\":\"https:\\\/\\\/www.imaq.fr\\\/blog\\\/2025\\\/09\\\/florence-mothe\\\/#primaryimage\",\"url\":\"https:\\\/\\\/www.imaq.fr\\\/blog\\\/wp-content\\\/uploads\\\/2025\\\/09\\\/Mothe-Savoirs-et-franc-maconnerie-au-siecle-des-Lumieres.jpg\",\"contentUrl\":\"https:\\\/\\\/www.imaq.fr\\\/blog\\\/wp-content\\\/uploads\\\/2025\\\/09\\\/Mothe-Savoirs-et-franc-maconnerie-au-siecle-des-Lumieres.jpg\",\"width\":800,\"height\":1257,\"caption\":\"Savoirs et franc-ma\u00e7onnerie au si\u00e8cle des Lumi\u00e8res, par Florence Mothe\"},{\"@type\":\"BreadcrumbList\",\"@id\":\"https:\\\/\\\/www.imaq.fr\\\/blog\\\/2025\\\/09\\\/florence-mothe\\\/#breadcrumb\",\"itemListElement\":[{\"@type\":\"ListItem\",\"position\":1,\"name\":\"Accueil\",\"item\":\"https:\\\/\\\/www.imaq.fr\\\/blog\\\/\"},{\"@type\":\"ListItem\",\"position\":2,\"name\":\"Florence MOTHE\"}]},{\"@type\":\"WebSite\",\"@id\":\"https:\\\/\\\/www.imaq.fr\\\/blog\\\/#website\",\"url\":\"https:\\\/\\\/www.imaq.fr\\\/blog\\\/\",\"name\":\"Biennale Culturelle Ma\u00e7onnique de Bordeaux\",\"description\":\"IMAQ\",\"publisher\":{\"@id\":\"https:\\\/\\\/www.imaq.fr\\\/blog\\\/#organization\"},\"potentialAction\":[{\"@type\":\"SearchAction\",\"target\":{\"@type\":\"EntryPoint\",\"urlTemplate\":\"https:\\\/\\\/www.imaq.fr\\\/blog\\\/?s={search_term_string}\"},\"query-input\":{\"@type\":\"PropertyValueSpecification\",\"valueRequired\":true,\"valueName\":\"search_term_string\"}}],\"inLanguage\":\"fr-FR\"},{\"@type\":\"Organization\",\"@id\":\"https:\\\/\\\/www.imaq.fr\\\/blog\\\/#organization\",\"name\":\"Biennale Culturelle Ma\u00e7onnique de Bordeaux\",\"url\":\"https:\\\/\\\/www.imaq.fr\\\/blog\\\/\",\"logo\":{\"@type\":\"ImageObject\",\"inLanguage\":\"fr-FR\",\"@id\":\"https:\\\/\\\/www.imaq.fr\\\/blog\\\/#\\\/schema\\\/logo\\\/image\\\/\",\"url\":\"https:\\\/\\\/www.imaq.fr\\\/blog\\\/wp-content\\\/uploads\\\/2014\\\/12\\\/logo-bcmc.jpg\",\"contentUrl\":\"https:\\\/\\\/www.imaq.fr\\\/blog\\\/wp-content\\\/uploads\\\/2014\\\/12\\\/logo-bcmc.jpg\",\"width\":759,\"height\":784,\"caption\":\"Biennale Culturelle Ma\u00e7onnique de Bordeaux\"},\"image\":{\"@id\":\"https:\\\/\\\/www.imaq.fr\\\/blog\\\/#\\\/schema\\\/logo\\\/image\\\/\"},\"sameAs\":[\"https:\\\/\\\/www.facebook.com\\\/biennaleculturellemaconnique.bordeaux\"]},{\"@type\":\"Person\",\"@id\":\"https:\\\/\\\/www.imaq.fr\\\/blog\\\/#\\\/schema\\\/person\\\/3df683af05c9d4e9401e01364d03a5fd\",\"name\":\"BCMB\",\"image\":{\"@type\":\"ImageObject\",\"inLanguage\":\"fr-FR\",\"@id\":\"https:\\\/\\\/secure.gravatar.com\\\/avatar\\\/d6fbbbb38de40bcc3a41d4467d090d3b92513d4eb33fc933729359bbce505880?s=96&d=identicon&r=g\",\"url\":\"https:\\\/\\\/secure.gravatar.com\\\/avatar\\\/d6fbbbb38de40bcc3a41d4467d090d3b92513d4eb33fc933729359bbce505880?s=96&d=identicon&r=g\",\"contentUrl\":\"https:\\\/\\\/secure.gravatar.com\\\/avatar\\\/d6fbbbb38de40bcc3a41d4467d090d3b92513d4eb33fc933729359bbce505880?s=96&d=identicon&r=g\",\"caption\":\"BCMB\"},\"sameAs\":[\"https:\\\/\\\/www.imaq.fr\"],\"url\":\"https:\\\/\\\/www.imaq.fr\\\/blog\\\/author\\\/pomirol\\\/\"}]}<\/script>\n<!-- \/ Yoast SEO plugin. -->","yoast_head_json":{"title":"Florence Mothe : Patrimoine, Ch\u00e2teau et Franc-ma\u00e7onnerie","description":"D\u00e9couvrez Florence Mothe, \u00e9crivaine et journaliste, propri\u00e9taire du Ch\u00e2teau de Mongenan, lieu d'histoire et de patrimoine ma\u00e7onnique en Gironde.","robots":{"index":"index","follow":"follow","max-snippet":"max-snippet:-1","max-image-preview":"max-image-preview:large","max-video-preview":"max-video-preview:-1"},"canonical":"https:\/\/www.imaq.fr\/blog\/2025\/09\/florence-mothe\/","og_locale":"fr_FR","og_type":"article","og_title":"Une gardienne du patrimoine : le monde de Florence Mothe","og_description":"Plongez dans l'univers de Florence Mothe ! \ud83c\udff0 Entre son ch\u00e2teau, ses \u00e9crits et sa passion pour la ma\u00e7onnerie, elle fait revivre l'esprit des Lumi\u00e8res. Ne manquez pas sa pr\u00e9sence \u00e0 la Biennale !","og_url":"https:\/\/www.imaq.fr\/blog\/2025\/09\/florence-mothe\/","og_site_name":"Biennale Culturelle Ma\u00e7onnique de Bordeaux","article_publisher":"https:\/\/www.facebook.com\/biennaleculturellemaconnique.bordeaux","article_published_time":"2025-09-18T11:18:21+00:00","article_modified_time":"2025-09-18T11:18:22+00:00","og_image":[{"width":800,"height":1257,"url":"https:\/\/www.imaq.fr\/blog\/wp-content\/uploads\/2025\/09\/Mothe-Savoirs-et-franc-maconnerie-au-siecle-des-Lumieres.jpg","type":"image\/jpeg"}],"author":"BCMB","twitter_card":"summary_large_image","twitter_misc":{"\u00c9crit par":"BCMB","Dur\u00e9e de lecture estim\u00e9e":"3 minutes"},"schema":{"@context":"https:\/\/schema.org","@graph":[{"@type":"Article","@id":"https:\/\/www.imaq.fr\/blog\/2025\/09\/florence-mothe\/#article","isPartOf":{"@id":"https:\/\/www.imaq.fr\/blog\/2025\/09\/florence-mothe\/"},"author":{"name":"BCMB","@id":"https:\/\/www.imaq.fr\/blog\/#\/schema\/person\/3df683af05c9d4e9401e01364d03a5fd"},"headline":"Florence MOTHE","datePublished":"2025-09-18T11:18:21+00:00","dateModified":"2025-09-18T11:18:22+00:00","mainEntityOfPage":{"@id":"https:\/\/www.imaq.fr\/blog\/2025\/09\/florence-mothe\/"},"wordCount":539,"publisher":{"@id":"https:\/\/www.imaq.fr\/blog\/#organization"},"image":{"@id":"https:\/\/www.imaq.fr\/blog\/2025\/09\/florence-mothe\/#primaryimage"},"thumbnailUrl":"https:\/\/www.imaq.fr\/blog\/wp-content\/uploads\/2025\/09\/Mothe-Savoirs-et-franc-maconnerie-au-siecle-des-Lumieres-652x1024.jpg","keywords":["auteur","bcmb","bcmb2025","Biennale Culturelle Ma\u00e7onnique","Florence Mothe"],"articleSection":["Auteurs","Biennale 2025"],"inLanguage":"fr-FR"},{"@type":"WebPage","@id":"https:\/\/www.imaq.fr\/blog\/2025\/09\/florence-mothe\/","url":"https:\/\/www.imaq.fr\/blog\/2025\/09\/florence-mothe\/","name":"Florence Mothe : Patrimoine, Ch\u00e2teau et Franc-ma\u00e7onnerie","isPartOf":{"@id":"https:\/\/www.imaq.fr\/blog\/#website"},"primaryImageOfPage":{"@id":"https:\/\/www.imaq.fr\/blog\/2025\/09\/florence-mothe\/#primaryimage"},"image":{"@id":"https:\/\/www.imaq.fr\/blog\/2025\/09\/florence-mothe\/#primaryimage"},"thumbnailUrl":"https:\/\/www.imaq.fr\/blog\/wp-content\/uploads\/2025\/09\/Mothe-Savoirs-et-franc-maconnerie-au-siecle-des-Lumieres-652x1024.jpg","datePublished":"2025-09-18T11:18:21+00:00","dateModified":"2025-09-18T11:18:22+00:00","description":"D\u00e9couvrez Florence Mothe, \u00e9crivaine et journaliste, propri\u00e9taire du Ch\u00e2teau de Mongenan, lieu d'histoire et de patrimoine ma\u00e7onnique en Gironde.","breadcrumb":{"@id":"https:\/\/www.imaq.fr\/blog\/2025\/09\/florence-mothe\/#breadcrumb"},"inLanguage":"fr-FR","potentialAction":[{"@type":"ReadAction","target":["https:\/\/www.imaq.fr\/blog\/2025\/09\/florence-mothe\/"]}]},{"@type":"ImageObject","inLanguage":"fr-FR","@id":"https:\/\/www.imaq.fr\/blog\/2025\/09\/florence-mothe\/#primaryimage","url":"https:\/\/www.imaq.fr\/blog\/wp-content\/uploads\/2025\/09\/Mothe-Savoirs-et-franc-maconnerie-au-siecle-des-Lumieres.jpg","contentUrl":"https:\/\/www.imaq.fr\/blog\/wp-content\/uploads\/2025\/09\/Mothe-Savoirs-et-franc-maconnerie-au-siecle-des-Lumieres.jpg","width":800,"height":1257,"caption":"Savoirs et franc-ma\u00e7onnerie au si\u00e8cle des Lumi\u00e8res, par Florence Mothe"},{"@type":"BreadcrumbList","@id":"https:\/\/www.imaq.fr\/blog\/2025\/09\/florence-mothe\/#breadcrumb","itemListElement":[{"@type":"ListItem","position":1,"name":"Accueil","item":"https:\/\/www.imaq.fr\/blog\/"},{"@type":"ListItem","position":2,"name":"Florence MOTHE"}]},{"@type":"WebSite","@id":"https:\/\/www.imaq.fr\/blog\/#website","url":"https:\/\/www.imaq.fr\/blog\/","name":"Biennale Culturelle Ma\u00e7onnique de Bordeaux","description":"IMAQ","publisher":{"@id":"https:\/\/www.imaq.fr\/blog\/#organization"},"potentialAction":[{"@type":"SearchAction","target":{"@type":"EntryPoint","urlTemplate":"https:\/\/www.imaq.fr\/blog\/?s={search_term_string}"},"query-input":{"@type":"PropertyValueSpecification","valueRequired":true,"valueName":"search_term_string"}}],"inLanguage":"fr-FR"},{"@type":"Organization","@id":"https:\/\/www.imaq.fr\/blog\/#organization","name":"Biennale Culturelle Ma\u00e7onnique de Bordeaux","url":"https:\/\/www.imaq.fr\/blog\/","logo":{"@type":"ImageObject","inLanguage":"fr-FR","@id":"https:\/\/www.imaq.fr\/blog\/#\/schema\/logo\/image\/","url":"https:\/\/www.imaq.fr\/blog\/wp-content\/uploads\/2014\/12\/logo-bcmc.jpg","contentUrl":"https:\/\/www.imaq.fr\/blog\/wp-content\/uploads\/2014\/12\/logo-bcmc.jpg","width":759,"height":784,"caption":"Biennale Culturelle Ma\u00e7onnique de Bordeaux"},"image":{"@id":"https:\/\/www.imaq.fr\/blog\/#\/schema\/logo\/image\/"},"sameAs":["https:\/\/www.facebook.com\/biennaleculturellemaconnique.bordeaux"]},{"@type":"Person","@id":"https:\/\/www.imaq.fr\/blog\/#\/schema\/person\/3df683af05c9d4e9401e01364d03a5fd","name":"BCMB","image":{"@type":"ImageObject","inLanguage":"fr-FR","@id":"https:\/\/secure.gravatar.com\/avatar\/d6fbbbb38de40bcc3a41d4467d090d3b92513d4eb33fc933729359bbce505880?s=96&d=identicon&r=g","url":"https:\/\/secure.gravatar.com\/avatar\/d6fbbbb38de40bcc3a41d4467d090d3b92513d4eb33fc933729359bbce505880?s=96&d=identicon&r=g","contentUrl":"https:\/\/secure.gravatar.com\/avatar\/d6fbbbb38de40bcc3a41d4467d090d3b92513d4eb33fc933729359bbce505880?s=96&d=identicon&r=g","caption":"BCMB"},"sameAs":["https:\/\/www.imaq.fr"],"url":"https:\/\/www.imaq.fr\/blog\/author\/pomirol\/"}]}},"_links":{"self":[{"href":"https:\/\/www.imaq.fr\/blog\/wp-json\/wp\/v2\/posts\/2963","targetHints":{"allow":["GET"]}}],"collection":[{"href":"https:\/\/www.imaq.fr\/blog\/wp-json\/wp\/v2\/posts"}],"about":[{"href":"https:\/\/www.imaq.fr\/blog\/wp-json\/wp\/v2\/types\/post"}],"author":[{"embeddable":true,"href":"https:\/\/www.imaq.fr\/blog\/wp-json\/wp\/v2\/users\/2"}],"replies":[{"embeddable":true,"href":"https:\/\/www.imaq.fr\/blog\/wp-json\/wp\/v2\/comments?post=2963"}],"version-history":[{"count":0,"href":"https:\/\/www.imaq.fr\/blog\/wp-json\/wp\/v2\/posts\/2963\/revisions"}],"wp:attachment":[{"href":"https:\/\/www.imaq.fr\/blog\/wp-json\/wp\/v2\/media?parent=2963"}],"wp:term":[{"taxonomy":"category","embeddable":true,"href":"https:\/\/www.imaq.fr\/blog\/wp-json\/wp\/v2\/categories?post=2963"},{"taxonomy":"post_tag","embeddable":true,"href":"https:\/\/www.imaq.fr\/blog\/wp-json\/wp\/v2\/tags?post=2963"}],"curies":[{"name":"wp","href":"https:\/\/api.w.org\/{rel}","templated":true}]}}