{"id":2969,"date":"2025-09-18T11:58:58","date_gmt":"2025-09-18T11:58:58","guid":{"rendered":"https:\/\/www.imaq.fr\/blog\/?p=2969"},"modified":"2025-10-15T13:54:53","modified_gmt":"2025-10-15T13:54:53","slug":"marc-lafond-auteur-surf","status":"publish","type":"post","link":"https:\/\/www.imaq.fr\/blog\/2025\/09\/marc-lafond-auteur-surf\/","title":{"rendered":"Marc LAFOND"},"content":{"rendered":"\n<h2 class=\"wp-block-heading\">entre surf, litt\u00e9rature et humanisme<\/h2>\n\n\n\n<h3 class=\"wp-block-heading progTitreConf\">Origines basques et passion du surf : les racines litt\u00e9raires de Marc Lafond<\/h3>\n\n\n\n<p>Originaire de la c\u00f4te basque, <strong><a href=\"https:\/\/www.marclafond.fr\/\" target=\"_blank\" rel=\"noreferrer noopener\">Marc Lafond<\/a><\/strong> a conserv\u00e9 ce qu&rsquo;il appelle la \u00ab\u00a0<strong>culture de la plage<\/strong>\u00a0\u00bb. \u00c0 la fin des ann\u00e9es 70, il d\u00e9couvre le surf sur les vagues de <strong>Biarritz<\/strong>. Cette passion d\u00e9vorante ne l&rsquo;abandonne jamais par la suite. Naturellement, le rapport \u00e0 l&rsquo;oc\u00e9an et l&rsquo;univers singulier des surfers constitueront le c\u0153ur de son premier roman <strong><em>Le Compagnon des dunes<\/em><\/strong> (2023).<\/p>\n\n\n\n<h3 class=\"wp-block-heading progTitreConf\">Un premier roman entre compagnonnage et fraternit\u00e9<\/h3>\n\n\n\n<p>Pour <strong>Marc Lafond<\/strong>, l&rsquo;histoire romanesque se conjugue avec l&rsquo;<strong>esprit d&rsquo;humanisme<\/strong> et de <strong>fraternit\u00e9<\/strong>. C&rsquo;est pr\u00e9cis\u00e9ment le monde du <strong>compagnonnage<\/strong>, riche en valeurs et traditions, qui offre un \u00e9clairage original. Cette intrigue fine s\u00e9duit les lecteurs par sa sensibilit\u00e9 et sa profondeur remarquables.<\/p>\n\n\n\n<h3 class=\"wp-block-heading progTitreConf\">Histoire, vin et surf : les th\u00e8mes du deuxi\u00e8me roman<\/h3>\n\n\n\n<p>La grande Histoire devient ensuite la trame de son second roman <em><strong>Ce que les gens font<\/strong><\/em> (2025). L&rsquo;auteur nous replonge dans l&rsquo;ambiance particuli\u00e8re d&rsquo;une petite station baln\u00e9aire m\u00e9docaine. Parall\u00e8lement, il nous transporte dans une Californie aux accents plus sombres, o\u00f9 <strong>le surf c\u00f4toie les vignobles<\/strong>.<\/p>\n\n\n\n<p>Le <strong>vin<\/strong>, d\u00e9j\u00e0 \u00e9voqu\u00e9 dans le premier roman, prend d\u00e9sormais une place centrale. Il incarne parfois les valeurs humanistes ch\u00e8res \u00e0 l&rsquo;auteur. Ce deuxi\u00e8me opus, subtil et intense, s\u00e9duit par sa construction solide. Son atmosph\u00e8re estivale demeure douce et l\u00e9g\u00e8re malgr\u00e9 la gravit\u00e9 des th\u00e8mes abord\u00e9s.<\/p>\n\n\n\n<h3 class=\"wp-block-heading progTitreConf\">De l&rsquo;ing\u00e9nierie \u00e0 la litt\u00e9rature : un parcours atypique<\/h3>\n\n\n\n<p>Ing\u00e9nieur de formation, Marc Lafond \u0153uvre longtemps dans le <strong>conseil en environnement<\/strong>. C&rsquo;est au tournant de la soixantaine qu&rsquo;il s&rsquo;investit pleinement dans l&rsquo;\u00e9criture romanesque. Son parcours d\u00e9montre ainsi que rigueur scientifique et <strong>sensibilit\u00e9 litt\u00e9raire<\/strong> peuvent parfaitement cohabiter.<\/p>\n\n\n\n<h3 class=\"wp-block-heading progTitreConf\">Un style narratif sensible et structur\u00e9<\/h3>\n\n\n\n<p>Les lecteurs saluent son style pour ses <strong>descriptions fines et sensibles<\/strong>. Ils appr\u00e9cient \u00e9galement ses intrigues solidement charpent\u00e9es, aux d\u00e9nouements souvent impr\u00e9visibles. Marc Lafond parvient effectivement \u00e0 marier \u00e9motion et structure. Il d\u00e9veloppe ainsi une \u00e9criture qui captive et transporte le lecteur.<\/p>\n\n\n\n<h3 class=\"wp-block-heading progTitreConf\">Un troisi\u00e8me roman en pr\u00e9paration<\/h3>\n\n\n\n<p>Fort du succ\u00e8s de ses deux premiers ouvrages, Marc Lafond s&rsquo;attelle d\u00e9j\u00e0 \u00e0 l&rsquo;\u00e9criture d&rsquo;un <strong>troisi\u00e8me roman<\/strong>. Ses lecteurs l&rsquo;attendent avec impatience. Son univers litt\u00e9raire, oscillant entre mer, m\u00e9moire et humanisme, continue de s&rsquo;\u00e9toffer avec \u00e9l\u00e9gance.<\/p>\n\n\n\n<figure class=\"wp-block-gallery has-nested-images columns-default is-cropped wp-block-gallery-1 is-layout-flex wp-block-gallery-is-layout-flex\">\n<figure class=\"wp-block-image size-large\"><a href=\"https:\/\/www.imaq.fr\/blog\/wp-content\/uploads\/2025\/09\/Lafond-Ce-que-les-gens-font.jpg\"><img loading=\"lazy\" decoding=\"async\" width=\"643\" height=\"1024\" data-id=\"2971\" src=\"https:\/\/www.imaq.fr\/blog\/wp-content\/uploads\/2025\/09\/Lafond-Ce-que-les-gens-font-643x1024.jpg\" alt=\"\" class=\"wp-image-2971 colorbox-2969\" srcset=\"https:\/\/www.imaq.fr\/blog\/wp-content\/uploads\/2025\/09\/Lafond-Ce-que-les-gens-font-643x1024.jpg 643w, https:\/\/www.imaq.fr\/blog\/wp-content\/uploads\/2025\/09\/Lafond-Ce-que-les-gens-font-188x300.jpg 188w, https:\/\/www.imaq.fr\/blog\/wp-content\/uploads\/2025\/09\/Lafond-Ce-que-les-gens-font-768x1224.jpg 768w, https:\/\/www.imaq.fr\/blog\/wp-content\/uploads\/2025\/09\/Lafond-Ce-que-les-gens-font.jpg 797w\" sizes=\"auto, (max-width: 643px) 100vw, 643px\" \/><\/a><\/figure>\n\n\n\n<figure class=\"wp-block-image size-large\"><a href=\"https:\/\/www.imaq.fr\/blog\/wp-content\/uploads\/2025\/09\/Lafond-Le-compagnon-des-dunes.jpg\"><img loading=\"lazy\" decoding=\"async\" width=\"643\" height=\"1024\" data-id=\"2970\" src=\"https:\/\/www.imaq.fr\/blog\/wp-content\/uploads\/2025\/09\/Lafond-Le-compagnon-des-dunes-643x1024.jpg\" alt=\"\" class=\"wp-image-2970 colorbox-2969\" srcset=\"https:\/\/www.imaq.fr\/blog\/wp-content\/uploads\/2025\/09\/Lafond-Le-compagnon-des-dunes-643x1024.jpg 643w, https:\/\/www.imaq.fr\/blog\/wp-content\/uploads\/2025\/09\/Lafond-Le-compagnon-des-dunes-188x300.jpg 188w, https:\/\/www.imaq.fr\/blog\/wp-content\/uploads\/2025\/09\/Lafond-Le-compagnon-des-dunes.jpg 659w\" sizes=\"auto, (max-width: 643px) 100vw, 643px\" \/><\/a><\/figure>\n<\/figure>\n","protected":false},"excerpt":{"rendered":"<p>entre surf, litt\u00e9rature et humanisme Origines basques et passion du surf : les racines litt\u00e9raires de Marc Lafond Originaire de la c\u00f4te basque, Marc Lafond a conserv\u00e9 ce qu&rsquo;il appelle la \u00ab\u00a0culture de la plage\u00a0\u00bb. \u00c0 la fin des ann\u00e9es 70, il d\u00e9couvre le surf sur les vagues de Biarritz. Cette passion d\u00e9vorante ne l&rsquo;abandonne [&hellip;]<\/p>\n","protected":false},"author":2,"featured_media":0,"comment_status":"closed","ping_status":"open","sticky":false,"template":"","format":"standard","meta":{"_editorskit_title_hidden":false,"_editorskit_reading_time":0,"_editorskit_is_block_options_detached":false,"_editorskit_block_options_position":"{}","footnotes":""},"categories":[2,275],"tags":[],"class_list":["post-2969","post","type-post","status-publish","format-standard","hentry","category-auteur","category-biennale-2025"],"yoast_head":"<!-- This site is optimized with the Yoast SEO plugin v27.5 - https:\/\/yoast.com\/product\/yoast-seo-wordpress\/ -->\n<title>Marc Lafond : Auteur, surf et litt\u00e9rature<\/title>\n<meta name=\"description\" content=\"D\u00e9couvrez Marc Lafond, un auteur bordelais. Consultant en ing\u00e9nierie environnementale, il signe des romans o\u00f9 le surf, le vin et l&#039;humanisme se croisent.\" \/>\n<meta name=\"robots\" content=\"index, follow, max-snippet:-1, max-image-preview:large, max-video-preview:-1\" \/>\n<link rel=\"canonical\" href=\"https:\/\/www.imaq.fr\/blog\/2025\/09\/marc-lafond-auteur-surf\/\" \/>\n<meta property=\"og:locale\" content=\"fr_FR\" \/>\n<meta property=\"og:type\" content=\"article\" \/>\n<meta property=\"og:title\" content=\"De l&#039;oc\u00e9an \u00e0 la plume : Le parcours atypique de l&#039;auteur Marc Lafond\" \/>\n<meta property=\"og:description\" content=\"\ud83c\udfc4 Plongez dans l&#039;univers de Marc Lafond ! Ses romans m\u00ealent la culture du surf, le vin et un profond humanisme. Un style unique qui saura vous s\u00e9duire. #MarcLafond #Auteur #Livre #Surf #Litt\u00e9rature\" \/>\n<meta property=\"og:url\" content=\"https:\/\/www.imaq.fr\/blog\/2025\/09\/marc-lafond-auteur-surf\/\" \/>\n<meta property=\"og:site_name\" content=\"Biennale Culturelle Ma\u00e7onnique de Bordeaux\" \/>\n<meta property=\"article:publisher\" content=\"https:\/\/www.facebook.com\/biennaleculturellemaconnique.bordeaux\" \/>\n<meta property=\"article:published_time\" content=\"2025-09-18T11:58:58+00:00\" \/>\n<meta property=\"article:modified_time\" content=\"2025-10-15T13:54:53+00:00\" \/>\n<meta property=\"og:image\" content=\"https:\/\/www.imaq.fr\/blog\/wp-content\/uploads\/2025\/09\/Lafond-Ce-que-les-gens-font.jpg\" \/>\n\t<meta property=\"og:image:width\" content=\"797\" \/>\n\t<meta property=\"og:image:height\" content=\"1270\" \/>\n\t<meta property=\"og:image:type\" content=\"image\/jpeg\" \/>\n<meta name=\"author\" content=\"BCMB\" \/>\n<meta name=\"twitter:card\" content=\"summary_large_image\" \/>\n<meta name=\"twitter:label1\" content=\"\u00c9crit par\" \/>\n\t<meta name=\"twitter:data1\" content=\"BCMB\" \/>\n\t<meta name=\"twitter:label2\" content=\"Dur\u00e9e de lecture estim\u00e9e\" \/>\n\t<meta name=\"twitter:data2\" content=\"3 minutes\" \/>\n<script type=\"application\/ld+json\" class=\"yoast-schema-graph\">{\"@context\":\"https:\\\/\\\/schema.org\",\"@graph\":[{\"@type\":\"Article\",\"@id\":\"https:\\\/\\\/www.imaq.fr\\\/blog\\\/2025\\\/09\\\/marc-lafond-auteur-surf\\\/#article\",\"isPartOf\":{\"@id\":\"https:\\\/\\\/www.imaq.fr\\\/blog\\\/2025\\\/09\\\/marc-lafond-auteur-surf\\\/\"},\"author\":{\"name\":\"BCMB\",\"@id\":\"https:\\\/\\\/www.imaq.fr\\\/blog\\\/#\\\/schema\\\/person\\\/3df683af05c9d4e9401e01364d03a5fd\"},\"headline\":\"Marc LAFOND\",\"datePublished\":\"2025-09-18T11:58:58+00:00\",\"dateModified\":\"2025-10-15T13:54:53+00:00\",\"mainEntityOfPage\":{\"@id\":\"https:\\\/\\\/www.imaq.fr\\\/blog\\\/2025\\\/09\\\/marc-lafond-auteur-surf\\\/\"},\"wordCount\":424,\"publisher\":{\"@id\":\"https:\\\/\\\/www.imaq.fr\\\/blog\\\/#organization\"},\"image\":{\"@id\":\"https:\\\/\\\/www.imaq.fr\\\/blog\\\/2025\\\/09\\\/marc-lafond-auteur-surf\\\/#primaryimage\"},\"thumbnailUrl\":\"https:\\\/\\\/www.imaq.fr\\\/blog\\\/wp-content\\\/uploads\\\/2025\\\/09\\\/Lafond-Ce-que-les-gens-font-643x1024.jpg\",\"articleSection\":[\"Auteurs\",\"Biennale 2025\"],\"inLanguage\":\"fr-FR\"},{\"@type\":\"WebPage\",\"@id\":\"https:\\\/\\\/www.imaq.fr\\\/blog\\\/2025\\\/09\\\/marc-lafond-auteur-surf\\\/\",\"url\":\"https:\\\/\\\/www.imaq.fr\\\/blog\\\/2025\\\/09\\\/marc-lafond-auteur-surf\\\/\",\"name\":\"Marc Lafond : Auteur, surf et litt\u00e9rature\",\"isPartOf\":{\"@id\":\"https:\\\/\\\/www.imaq.fr\\\/blog\\\/#website\"},\"primaryImageOfPage\":{\"@id\":\"https:\\\/\\\/www.imaq.fr\\\/blog\\\/2025\\\/09\\\/marc-lafond-auteur-surf\\\/#primaryimage\"},\"image\":{\"@id\":\"https:\\\/\\\/www.imaq.fr\\\/blog\\\/2025\\\/09\\\/marc-lafond-auteur-surf\\\/#primaryimage\"},\"thumbnailUrl\":\"https:\\\/\\\/www.imaq.fr\\\/blog\\\/wp-content\\\/uploads\\\/2025\\\/09\\\/Lafond-Ce-que-les-gens-font-643x1024.jpg\",\"datePublished\":\"2025-09-18T11:58:58+00:00\",\"dateModified\":\"2025-10-15T13:54:53+00:00\",\"description\":\"D\u00e9couvrez Marc Lafond, un auteur bordelais. Consultant en ing\u00e9nierie environnementale, il signe des romans o\u00f9 le surf, le vin et l'humanisme se croisent.\",\"breadcrumb\":{\"@id\":\"https:\\\/\\\/www.imaq.fr\\\/blog\\\/2025\\\/09\\\/marc-lafond-auteur-surf\\\/#breadcrumb\"},\"inLanguage\":\"fr-FR\",\"potentialAction\":[{\"@type\":\"ReadAction\",\"target\":[\"https:\\\/\\\/www.imaq.fr\\\/blog\\\/2025\\\/09\\\/marc-lafond-auteur-surf\\\/\"]}]},{\"@type\":\"ImageObject\",\"inLanguage\":\"fr-FR\",\"@id\":\"https:\\\/\\\/www.imaq.fr\\\/blog\\\/2025\\\/09\\\/marc-lafond-auteur-surf\\\/#primaryimage\",\"url\":\"https:\\\/\\\/www.imaq.fr\\\/blog\\\/wp-content\\\/uploads\\\/2025\\\/09\\\/Lafond-Ce-que-les-gens-font.jpg\",\"contentUrl\":\"https:\\\/\\\/www.imaq.fr\\\/blog\\\/wp-content\\\/uploads\\\/2025\\\/09\\\/Lafond-Ce-que-les-gens-font.jpg\",\"width\":797,\"height\":1270},{\"@type\":\"BreadcrumbList\",\"@id\":\"https:\\\/\\\/www.imaq.fr\\\/blog\\\/2025\\\/09\\\/marc-lafond-auteur-surf\\\/#breadcrumb\",\"itemListElement\":[{\"@type\":\"ListItem\",\"position\":1,\"name\":\"Accueil\",\"item\":\"https:\\\/\\\/www.imaq.fr\\\/blog\\\/\"},{\"@type\":\"ListItem\",\"position\":2,\"name\":\"Marc LAFOND\"}]},{\"@type\":\"WebSite\",\"@id\":\"https:\\\/\\\/www.imaq.fr\\\/blog\\\/#website\",\"url\":\"https:\\\/\\\/www.imaq.fr\\\/blog\\\/\",\"name\":\"Biennale Culturelle Ma\u00e7onnique de Bordeaux\",\"description\":\"IMAQ\",\"publisher\":{\"@id\":\"https:\\\/\\\/www.imaq.fr\\\/blog\\\/#organization\"},\"potentialAction\":[{\"@type\":\"SearchAction\",\"target\":{\"@type\":\"EntryPoint\",\"urlTemplate\":\"https:\\\/\\\/www.imaq.fr\\\/blog\\\/?s={search_term_string}\"},\"query-input\":{\"@type\":\"PropertyValueSpecification\",\"valueRequired\":true,\"valueName\":\"search_term_string\"}}],\"inLanguage\":\"fr-FR\"},{\"@type\":\"Organization\",\"@id\":\"https:\\\/\\\/www.imaq.fr\\\/blog\\\/#organization\",\"name\":\"Biennale Culturelle Ma\u00e7onnique de Bordeaux\",\"url\":\"https:\\\/\\\/www.imaq.fr\\\/blog\\\/\",\"logo\":{\"@type\":\"ImageObject\",\"inLanguage\":\"fr-FR\",\"@id\":\"https:\\\/\\\/www.imaq.fr\\\/blog\\\/#\\\/schema\\\/logo\\\/image\\\/\",\"url\":\"https:\\\/\\\/www.imaq.fr\\\/blog\\\/wp-content\\\/uploads\\\/2014\\\/12\\\/logo-bcmc.jpg\",\"contentUrl\":\"https:\\\/\\\/www.imaq.fr\\\/blog\\\/wp-content\\\/uploads\\\/2014\\\/12\\\/logo-bcmc.jpg\",\"width\":759,\"height\":784,\"caption\":\"Biennale Culturelle Ma\u00e7onnique de Bordeaux\"},\"image\":{\"@id\":\"https:\\\/\\\/www.imaq.fr\\\/blog\\\/#\\\/schema\\\/logo\\\/image\\\/\"},\"sameAs\":[\"https:\\\/\\\/www.facebook.com\\\/biennaleculturellemaconnique.bordeaux\"]},{\"@type\":\"Person\",\"@id\":\"https:\\\/\\\/www.imaq.fr\\\/blog\\\/#\\\/schema\\\/person\\\/3df683af05c9d4e9401e01364d03a5fd\",\"name\":\"BCMB\",\"image\":{\"@type\":\"ImageObject\",\"inLanguage\":\"fr-FR\",\"@id\":\"https:\\\/\\\/secure.gravatar.com\\\/avatar\\\/d6fbbbb38de40bcc3a41d4467d090d3b92513d4eb33fc933729359bbce505880?s=96&d=identicon&r=g\",\"url\":\"https:\\\/\\\/secure.gravatar.com\\\/avatar\\\/d6fbbbb38de40bcc3a41d4467d090d3b92513d4eb33fc933729359bbce505880?s=96&d=identicon&r=g\",\"contentUrl\":\"https:\\\/\\\/secure.gravatar.com\\\/avatar\\\/d6fbbbb38de40bcc3a41d4467d090d3b92513d4eb33fc933729359bbce505880?s=96&d=identicon&r=g\",\"caption\":\"BCMB\"},\"sameAs\":[\"https:\\\/\\\/www.imaq.fr\"],\"url\":\"https:\\\/\\\/www.imaq.fr\\\/blog\\\/author\\\/pomirol\\\/\"}]}<\/script>\n<!-- \/ Yoast SEO plugin. -->","yoast_head_json":{"title":"Marc Lafond : Auteur, surf et litt\u00e9rature","description":"D\u00e9couvrez Marc Lafond, un auteur bordelais. Consultant en ing\u00e9nierie environnementale, il signe des romans o\u00f9 le surf, le vin et l'humanisme se croisent.","robots":{"index":"index","follow":"follow","max-snippet":"max-snippet:-1","max-image-preview":"max-image-preview:large","max-video-preview":"max-video-preview:-1"},"canonical":"https:\/\/www.imaq.fr\/blog\/2025\/09\/marc-lafond-auteur-surf\/","og_locale":"fr_FR","og_type":"article","og_title":"De l'oc\u00e9an \u00e0 la plume : Le parcours atypique de l'auteur Marc Lafond","og_description":"\ud83c\udfc4 Plongez dans l'univers de Marc Lafond ! Ses romans m\u00ealent la culture du surf, le vin et un profond humanisme. Un style unique qui saura vous s\u00e9duire. #MarcLafond #Auteur #Livre #Surf #Litt\u00e9rature","og_url":"https:\/\/www.imaq.fr\/blog\/2025\/09\/marc-lafond-auteur-surf\/","og_site_name":"Biennale Culturelle Ma\u00e7onnique de Bordeaux","article_publisher":"https:\/\/www.facebook.com\/biennaleculturellemaconnique.bordeaux","article_published_time":"2025-09-18T11:58:58+00:00","article_modified_time":"2025-10-15T13:54:53+00:00","og_image":[{"width":797,"height":1270,"url":"https:\/\/www.imaq.fr\/blog\/wp-content\/uploads\/2025\/09\/Lafond-Ce-que-les-gens-font.jpg","type":"image\/jpeg"}],"author":"BCMB","twitter_card":"summary_large_image","twitter_misc":{"\u00c9crit par":"BCMB","Dur\u00e9e de lecture estim\u00e9e":"3 minutes"},"schema":{"@context":"https:\/\/schema.org","@graph":[{"@type":"Article","@id":"https:\/\/www.imaq.fr\/blog\/2025\/09\/marc-lafond-auteur-surf\/#article","isPartOf":{"@id":"https:\/\/www.imaq.fr\/blog\/2025\/09\/marc-lafond-auteur-surf\/"},"author":{"name":"BCMB","@id":"https:\/\/www.imaq.fr\/blog\/#\/schema\/person\/3df683af05c9d4e9401e01364d03a5fd"},"headline":"Marc LAFOND","datePublished":"2025-09-18T11:58:58+00:00","dateModified":"2025-10-15T13:54:53+00:00","mainEntityOfPage":{"@id":"https:\/\/www.imaq.fr\/blog\/2025\/09\/marc-lafond-auteur-surf\/"},"wordCount":424,"publisher":{"@id":"https:\/\/www.imaq.fr\/blog\/#organization"},"image":{"@id":"https:\/\/www.imaq.fr\/blog\/2025\/09\/marc-lafond-auteur-surf\/#primaryimage"},"thumbnailUrl":"https:\/\/www.imaq.fr\/blog\/wp-content\/uploads\/2025\/09\/Lafond-Ce-que-les-gens-font-643x1024.jpg","articleSection":["Auteurs","Biennale 2025"],"inLanguage":"fr-FR"},{"@type":"WebPage","@id":"https:\/\/www.imaq.fr\/blog\/2025\/09\/marc-lafond-auteur-surf\/","url":"https:\/\/www.imaq.fr\/blog\/2025\/09\/marc-lafond-auteur-surf\/","name":"Marc Lafond : Auteur, surf et litt\u00e9rature","isPartOf":{"@id":"https:\/\/www.imaq.fr\/blog\/#website"},"primaryImageOfPage":{"@id":"https:\/\/www.imaq.fr\/blog\/2025\/09\/marc-lafond-auteur-surf\/#primaryimage"},"image":{"@id":"https:\/\/www.imaq.fr\/blog\/2025\/09\/marc-lafond-auteur-surf\/#primaryimage"},"thumbnailUrl":"https:\/\/www.imaq.fr\/blog\/wp-content\/uploads\/2025\/09\/Lafond-Ce-que-les-gens-font-643x1024.jpg","datePublished":"2025-09-18T11:58:58+00:00","dateModified":"2025-10-15T13:54:53+00:00","description":"D\u00e9couvrez Marc Lafond, un auteur bordelais. Consultant en ing\u00e9nierie environnementale, il signe des romans o\u00f9 le surf, le vin et l'humanisme se croisent.","breadcrumb":{"@id":"https:\/\/www.imaq.fr\/blog\/2025\/09\/marc-lafond-auteur-surf\/#breadcrumb"},"inLanguage":"fr-FR","potentialAction":[{"@type":"ReadAction","target":["https:\/\/www.imaq.fr\/blog\/2025\/09\/marc-lafond-auteur-surf\/"]}]},{"@type":"ImageObject","inLanguage":"fr-FR","@id":"https:\/\/www.imaq.fr\/blog\/2025\/09\/marc-lafond-auteur-surf\/#primaryimage","url":"https:\/\/www.imaq.fr\/blog\/wp-content\/uploads\/2025\/09\/Lafond-Ce-que-les-gens-font.jpg","contentUrl":"https:\/\/www.imaq.fr\/blog\/wp-content\/uploads\/2025\/09\/Lafond-Ce-que-les-gens-font.jpg","width":797,"height":1270},{"@type":"BreadcrumbList","@id":"https:\/\/www.imaq.fr\/blog\/2025\/09\/marc-lafond-auteur-surf\/#breadcrumb","itemListElement":[{"@type":"ListItem","position":1,"name":"Accueil","item":"https:\/\/www.imaq.fr\/blog\/"},{"@type":"ListItem","position":2,"name":"Marc LAFOND"}]},{"@type":"WebSite","@id":"https:\/\/www.imaq.fr\/blog\/#website","url":"https:\/\/www.imaq.fr\/blog\/","name":"Biennale Culturelle Ma\u00e7onnique de Bordeaux","description":"IMAQ","publisher":{"@id":"https:\/\/www.imaq.fr\/blog\/#organization"},"potentialAction":[{"@type":"SearchAction","target":{"@type":"EntryPoint","urlTemplate":"https:\/\/www.imaq.fr\/blog\/?s={search_term_string}"},"query-input":{"@type":"PropertyValueSpecification","valueRequired":true,"valueName":"search_term_string"}}],"inLanguage":"fr-FR"},{"@type":"Organization","@id":"https:\/\/www.imaq.fr\/blog\/#organization","name":"Biennale Culturelle Ma\u00e7onnique de Bordeaux","url":"https:\/\/www.imaq.fr\/blog\/","logo":{"@type":"ImageObject","inLanguage":"fr-FR","@id":"https:\/\/www.imaq.fr\/blog\/#\/schema\/logo\/image\/","url":"https:\/\/www.imaq.fr\/blog\/wp-content\/uploads\/2014\/12\/logo-bcmc.jpg","contentUrl":"https:\/\/www.imaq.fr\/blog\/wp-content\/uploads\/2014\/12\/logo-bcmc.jpg","width":759,"height":784,"caption":"Biennale Culturelle Ma\u00e7onnique de Bordeaux"},"image":{"@id":"https:\/\/www.imaq.fr\/blog\/#\/schema\/logo\/image\/"},"sameAs":["https:\/\/www.facebook.com\/biennaleculturellemaconnique.bordeaux"]},{"@type":"Person","@id":"https:\/\/www.imaq.fr\/blog\/#\/schema\/person\/3df683af05c9d4e9401e01364d03a5fd","name":"BCMB","image":{"@type":"ImageObject","inLanguage":"fr-FR","@id":"https:\/\/secure.gravatar.com\/avatar\/d6fbbbb38de40bcc3a41d4467d090d3b92513d4eb33fc933729359bbce505880?s=96&d=identicon&r=g","url":"https:\/\/secure.gravatar.com\/avatar\/d6fbbbb38de40bcc3a41d4467d090d3b92513d4eb33fc933729359bbce505880?s=96&d=identicon&r=g","contentUrl":"https:\/\/secure.gravatar.com\/avatar\/d6fbbbb38de40bcc3a41d4467d090d3b92513d4eb33fc933729359bbce505880?s=96&d=identicon&r=g","caption":"BCMB"},"sameAs":["https:\/\/www.imaq.fr"],"url":"https:\/\/www.imaq.fr\/blog\/author\/pomirol\/"}]}},"_links":{"self":[{"href":"https:\/\/www.imaq.fr\/blog\/wp-json\/wp\/v2\/posts\/2969","targetHints":{"allow":["GET"]}}],"collection":[{"href":"https:\/\/www.imaq.fr\/blog\/wp-json\/wp\/v2\/posts"}],"about":[{"href":"https:\/\/www.imaq.fr\/blog\/wp-json\/wp\/v2\/types\/post"}],"author":[{"embeddable":true,"href":"https:\/\/www.imaq.fr\/blog\/wp-json\/wp\/v2\/users\/2"}],"replies":[{"embeddable":true,"href":"https:\/\/www.imaq.fr\/blog\/wp-json\/wp\/v2\/comments?post=2969"}],"version-history":[{"count":0,"href":"https:\/\/www.imaq.fr\/blog\/wp-json\/wp\/v2\/posts\/2969\/revisions"}],"wp:attachment":[{"href":"https:\/\/www.imaq.fr\/blog\/wp-json\/wp\/v2\/media?parent=2969"}],"wp:term":[{"taxonomy":"category","embeddable":true,"href":"https:\/\/www.imaq.fr\/blog\/wp-json\/wp\/v2\/categories?post=2969"},{"taxonomy":"post_tag","embeddable":true,"href":"https:\/\/www.imaq.fr\/blog\/wp-json\/wp\/v2\/tags?post=2969"}],"curies":[{"name":"wp","href":"https:\/\/api.w.org\/{rel}","templated":true}]}}