{"id":2974,"date":"2025-09-18T13:47:28","date_gmt":"2025-09-18T13:47:28","guid":{"rendered":"https:\/\/www.imaq.fr\/blog\/?p=2974"},"modified":"2025-09-18T13:47:29","modified_gmt":"2025-09-18T13:47:29","slug":"jean-pierre-bocquet","status":"publish","type":"post","link":"https:\/\/www.imaq.fr\/blog\/2025\/09\/jean-pierre-bocquet\/","title":{"rendered":"Jean-Pierre BOCQUET"},"content":{"rendered":"\n<h2 class=\"wp-block-heading\">de la litt\u00e9rature au polar<\/h2>\n\n\n\n<p><strong>Jean-Pierre Bocquet<\/strong> est un auteur singulier, agr\u00e9g\u00e9 de lettres \u00e0 l&rsquo;esprit \u00e9rudit et rebelle. Originaire de Dunkerque, il cultive son go\u00fbt pour l&rsquo;\u00e9criture en dehors des sentiers battus. Sa plume, d&rsquo;abord tremp\u00e9e dans le vitriol, trouve finalement son terrain d&rsquo;expression favori dans le polar et le thriller. C&rsquo;est l\u00e0 qu&rsquo;il m\u00e8ne une recherche sans concession des potentiels de l&rsquo;\u00eatre humain. Un journaliste bruxellois qualifie d&rsquo;ailleurs son style de \u00ab\u00a0fascinant\u00a0\u00bb.<\/p>\n\n\n\n<h3 class=\"wp-block-heading progTitreConf\">Une carri\u00e8re d&rsquo;enseignant et d&rsquo;humaniste<\/h3>\n\n\n\n<p>N\u00e9 au milieu du XXe si\u00e8cle, <strong>Jean-Pierre Bocquet<\/strong> demeure un homme profond\u00e9ment engag\u00e9. Il m\u00e8ne d&rsquo;abord une longue carri\u00e8re d&rsquo;enseignant en lettres modernes au lyc\u00e9e Jean Bart et \u00e0 l&rsquo;universit\u00e9 du littoral. Il dispense \u00e9galement des cours en BTS et en licence. Sa retraite en 2004 lui permet ensuite de s&rsquo;investir pleinement dans l&rsquo;\u00e9criture.<\/p>\n\n\n\n<p>Parall\u00e8lement, ce citoyen impliqu\u00e9 devient \u00e9lu municipal. Il g\u00e8re alors la lecture publique et le salon du livre de sa commune. Il anime aussi de nombreuses conf\u00e9rences. Ses engagements, p\u00e9tris d&rsquo;humanisme, mettent sa plume au service de la langue fran\u00e7aise. Il d\u00e9fend ainsi les valeurs qui nous rassemblent.<\/p>\n\n\n\n<h3 class=\"wp-block-heading progTitreConf\">Le thriller ma\u00e7onnique : un genre de pr\u00e9dilection<\/h3>\n\n\n\n<p><strong>Jean-Pierre Bocquet<\/strong> a publi\u00e9 plus d&rsquo;une vingtaine d&rsquo;ouvrages, dont 16 romans policiers. Le thriller devient progressivement son genre de pr\u00e9dilection. Il y aborde les d\u00e9rives de la science et explore la cruaut\u00e9 humaine.<\/p>\n\n\n\n<p>Dans le cadre de cette <strong>6e Biennale Ma\u00e7onnique de Bordeaux<\/strong>, il pr\u00e9sente plus particuli\u00e8rement son ouvrage <strong><em><a href=\"https:\/\/lespressesdumidi.com\/polar-thriller\/374-vitriol-de-jean-pierre-bocquet-9782812711190.html\" target=\"_blank\" rel=\"noreferrer noopener\">V.I.T.R.I.O.L.<\/a><\/em><\/strong>. Dans ce roman, la grande harmonie d&rsquo;une Loge se trouve bris\u00e9e. Deux fr\u00e8res ma\u00e7ons, les Mac-Benah, m\u00e8nent alors l&rsquo;enqu\u00eate. L&rsquo;auteur renoue ainsi avec la symbolique alchimique tout en explorant le dialogue entre ombre et lumi\u00e8re. Ce th\u00e8me demeure r\u00e9current dans toute son \u0153uvre.<\/p>\n\n\n\n<p>Auteur prolifique, Jean-Pierre Bocquet compte d\u00e9j\u00e0 cinq thrillers ma\u00e7onniques \u00e0 son actif. Sa bibliographie riche t\u00e9moigne d&rsquo;un esprit cr\u00e9atif et d&rsquo;une soif d&rsquo;\u00e9criture constante.<\/p>\n\n\n\n<h3 class=\"wp-block-heading progTitreConf\">Des passions qui nourrissent l&rsquo;\u00e9criture<\/h3>\n\n\n\n<p>Au-del\u00e0 de son travail d&rsquo;\u00e9criture, <strong>Jean-Pierre Bocquet<\/strong> cultive d&rsquo;autres passions enrichissantes. Il nourrit un go\u00fbt prononc\u00e9 pour la <strong>po\u00e9sie <\/strong>et la philosophie. Il a d&rsquo;ailleurs publi\u00e9 plusieurs recueils de po\u00e8mes. Passionn\u00e9 de <strong>v\u00e9lo<\/strong>, il trouve dans ces activit\u00e9s une source d&rsquo;inspiration constante.<\/p>\n\n\n\n<p>Ces diverses occupations nourrissent son imaginaire et lui offrent un regard renouvel\u00e9 sur le monde. Elles enrichissent par cons\u00e9quent sa perception de l&rsquo;\u00eatre humain et inspirent ses \u00e9crits.<\/p>\n\n\n\n<p>Jean-Pierre Bocquet s&rsquo;ancre \u00e9galement profond\u00e9ment dans le monde ma\u00e7onnique. Initi\u00e9 en 1987, il devient membre fondateur de plusieurs Loges. Il coorganise aussi le colloque <strong>Dunkerque Espace Fraternit\u00e9<\/strong>. Cet engagement donne finalement \u00e0 ses \u00e9crits leur dimension spirituelle et symbolique si particuli\u00e8re.<\/p>\n\n\n\n<figure class=\"wp-block-gallery has-nested-images columns-4 is-cropped wp-block-gallery-1 is-layout-flex wp-block-gallery-is-layout-flex\">\n<figure class=\"wp-block-image size-large\"><a href=\"https:\/\/www.imaq.fr\/blog\/wp-content\/uploads\/2025\/09\/bocquet-vitriol.jpg\"><img loading=\"lazy\" decoding=\"async\" width=\"800\" height=\"800\" data-id=\"2981\" src=\"https:\/\/www.imaq.fr\/blog\/wp-content\/uploads\/2025\/09\/bocquet-vitriol.jpg\" alt=\"\" class=\"wp-image-2981 colorbox-2974\" srcset=\"https:\/\/www.imaq.fr\/blog\/wp-content\/uploads\/2025\/09\/bocquet-vitriol.jpg 800w, https:\/\/www.imaq.fr\/blog\/wp-content\/uploads\/2025\/09\/bocquet-vitriol-300x300.jpg 300w, https:\/\/www.imaq.fr\/blog\/wp-content\/uploads\/2025\/09\/bocquet-vitriol-150x150.jpg 150w, https:\/\/www.imaq.fr\/blog\/wp-content\/uploads\/2025\/09\/bocquet-vitriol-768x768.jpg 768w\" sizes=\"auto, (max-width: 800px) 100vw, 800px\" \/><\/a><figcaption class=\"wp-element-caption\">Thriller ma\u00e7onnique, 2019<\/figcaption><\/figure>\n\n\n\n<figure class=\"wp-block-image size-large\"><a href=\"https:\/\/www.imaq.fr\/blog\/wp-content\/uploads\/2025\/09\/profil-JP-2.jpg\"><img loading=\"lazy\" decoding=\"async\" width=\"713\" height=\"1024\" data-id=\"2980\" src=\"https:\/\/www.imaq.fr\/blog\/wp-content\/uploads\/2025\/09\/profil-JP-2-713x1024.jpg\" alt=\"Jean-Pierre Bocquet\" class=\"wp-image-2980 colorbox-2974\" srcset=\"https:\/\/www.imaq.fr\/blog\/wp-content\/uploads\/2025\/09\/profil-JP-2-713x1024.jpg 713w, https:\/\/www.imaq.fr\/blog\/wp-content\/uploads\/2025\/09\/profil-JP-2-209x300.jpg 209w, https:\/\/www.imaq.fr\/blog\/wp-content\/uploads\/2025\/09\/profil-JP-2-768x1104.jpg 768w, https:\/\/www.imaq.fr\/blog\/wp-content\/uploads\/2025\/09\/profil-JP-2-1069x1536.jpg 1069w, https:\/\/www.imaq.fr\/blog\/wp-content\/uploads\/2025\/09\/profil-JP-2-1425x2048.jpg 1425w, https:\/\/www.imaq.fr\/blog\/wp-content\/uploads\/2025\/09\/profil-JP-2.jpg 1698w\" sizes=\"auto, (max-width: 713px) 100vw, 713px\" \/><\/a><figcaption class=\"wp-element-caption\">Jean-Pierre Bocquet<\/figcaption><\/figure>\n\n\n\n<figure class=\"wp-block-image size-large\"><a href=\"https:\/\/www.imaq.fr\/blog\/wp-content\/uploads\/2025\/09\/bocquet-estrans-sanglants.jpg\"><img loading=\"lazy\" decoding=\"async\" width=\"650\" height=\"1004\" data-id=\"2979\" src=\"https:\/\/www.imaq.fr\/blog\/wp-content\/uploads\/2025\/09\/bocquet-estrans-sanglants.jpg\" alt=\"Estrans sanglants, de Jean-Pierre Bocquet, 2025\" class=\"wp-image-2979 colorbox-2974\" srcset=\"https:\/\/www.imaq.fr\/blog\/wp-content\/uploads\/2025\/09\/bocquet-estrans-sanglants.jpg 650w, https:\/\/www.imaq.fr\/blog\/wp-content\/uploads\/2025\/09\/bocquet-estrans-sanglants-194x300.jpg 194w\" sizes=\"auto, (max-width: 650px) 100vw, 650px\" \/><\/a><figcaption class=\"wp-element-caption\">Thriller, 2025<\/figcaption><\/figure>\n\n\n\n<figure class=\"wp-block-image size-large\"><a href=\"https:\/\/www.imaq.fr\/blog\/wp-content\/uploads\/2025\/09\/bocquet-amphores-mortiferes.jpg\"><img loading=\"lazy\" decoding=\"async\" width=\"650\" height=\"1004\" data-id=\"2978\" src=\"https:\/\/www.imaq.fr\/blog\/wp-content\/uploads\/2025\/09\/bocquet-amphores-mortiferes.jpg\" alt=\"Amphores mortif\u00e8res, de Jean-Pierre Bocquet, 2023\" class=\"wp-image-2978 colorbox-2974\" srcset=\"https:\/\/www.imaq.fr\/blog\/wp-content\/uploads\/2025\/09\/bocquet-amphores-mortiferes.jpg 650w, https:\/\/www.imaq.fr\/blog\/wp-content\/uploads\/2025\/09\/bocquet-amphores-mortiferes-194x300.jpg 194w\" sizes=\"auto, (max-width: 650px) 100vw, 650px\" \/><\/a><figcaption class=\"wp-element-caption\">Thriller, 2023<\/figcaption><\/figure>\n<\/figure>\n","protected":false},"excerpt":{"rendered":"<p>de la litt\u00e9rature au polar Jean-Pierre Bocquet est un auteur singulier, agr\u00e9g\u00e9 de lettres \u00e0 l&rsquo;esprit \u00e9rudit et rebelle. Originaire de Dunkerque, il cultive son go\u00fbt pour l&rsquo;\u00e9criture en dehors des sentiers battus. Sa plume, d&rsquo;abord tremp\u00e9e dans le vitriol, trouve finalement son terrain d&rsquo;expression favori dans le polar et le thriller. C&rsquo;est l\u00e0 qu&rsquo;il [&hellip;]<\/p>\n","protected":false},"author":2,"featured_media":0,"comment_status":"closed","ping_status":"open","sticky":false,"template":"","format":"standard","meta":{"_editorskit_title_hidden":false,"_editorskit_reading_time":0,"_editorskit_is_block_options_detached":false,"_editorskit_block_options_position":"{}","footnotes":""},"categories":[2,275],"tags":[67,64,278,304,443,47,445,440,444,441,436,442],"class_list":["post-2974","post","type-post","status-publish","format-standard","hentry","category-auteur","category-biennale-2025","tag-auteur","tag-bcmb","tag-bcmb2025","tag-biennale-culturelle-maconnique","tag-esoterisme","tag-franc-maconnerie","tag-humanisme","tag-jean-pierre-bocquet","tag-litterature","tag-polar","tag-thriller","tag-v-i-t-r-i-o-l"],"yoast_head":"<!-- This site is optimized with the Yoast SEO plugin v27.5 - https:\/\/yoast.com\/product\/yoast-seo-wordpress\/ -->\n<title>Jean-Pierre Bocquet, auteur : V.I.T.R.I.O.L. un thriller ma\u00e7onnique<\/title>\n<meta name=\"description\" content=\"L&#039;univers de Jean-Pierre Bocquet, auteur de thrillers, agr\u00e9g\u00e9 de lettres, explore l&#039;humanisme et les myst\u00e8res de la franc-ma\u00e7onnerie.\" \/>\n<meta name=\"robots\" content=\"index, follow, max-snippet:-1, max-image-preview:large, max-video-preview:-1\" \/>\n<link rel=\"canonical\" href=\"https:\/\/www.imaq.fr\/blog\/2025\/09\/jean-pierre-bocquet\/\" \/>\n<meta property=\"og:locale\" content=\"fr_FR\" \/>\n<meta property=\"og:type\" content=\"article\" \/>\n<meta property=\"og:title\" content=\"De l&#039;ombre \u00e0 la lumi\u00e8re : l&#039;art du polar selon Jean-Pierre Bocquet\" \/>\n<meta property=\"og:description\" content=\"D\u00e9couvrez l&#039;auteur et agr\u00e9g\u00e9 de lettres, Jean-Pierre Bocquet. \u2712\ufe0f Il sera pr\u00e9sent \u00e0 la Biennale pour pr\u00e9senter son dernier roman, V.I.T.R.I.O.L. #Thriller #Litt\u00e9rature #Ma\u00e7onnerie\" \/>\n<meta property=\"og:url\" content=\"https:\/\/www.imaq.fr\/blog\/2025\/09\/jean-pierre-bocquet\/\" \/>\n<meta property=\"og:site_name\" content=\"Biennale Culturelle Ma\u00e7onnique de Bordeaux\" \/>\n<meta property=\"article:publisher\" content=\"https:\/\/www.facebook.com\/biennaleculturellemaconnique.bordeaux\" \/>\n<meta property=\"article:published_time\" content=\"2025-09-18T13:47:28+00:00\" \/>\n<meta property=\"article:modified_time\" content=\"2025-09-18T13:47:29+00:00\" \/>\n<meta property=\"og:image\" content=\"https:\/\/www.imaq.fr\/blog\/wp-content\/uploads\/2025\/09\/bocquet-vitriol.jpg\" \/>\n\t<meta property=\"og:image:width\" content=\"800\" \/>\n\t<meta property=\"og:image:height\" content=\"800\" \/>\n\t<meta property=\"og:image:type\" content=\"image\/jpeg\" \/>\n<meta name=\"author\" content=\"BCMB\" \/>\n<meta name=\"twitter:card\" content=\"summary_large_image\" \/>\n<meta name=\"twitter:label1\" content=\"\u00c9crit par\" \/>\n\t<meta name=\"twitter:data1\" content=\"BCMB\" \/>\n\t<meta name=\"twitter:label2\" content=\"Dur\u00e9e de lecture estim\u00e9e\" \/>\n\t<meta name=\"twitter:data2\" content=\"4 minutes\" \/>\n<script type=\"application\/ld+json\" class=\"yoast-schema-graph\">{\"@context\":\"https:\\\/\\\/schema.org\",\"@graph\":[{\"@type\":\"Article\",\"@id\":\"https:\\\/\\\/www.imaq.fr\\\/blog\\\/2025\\\/09\\\/jean-pierre-bocquet\\\/#article\",\"isPartOf\":{\"@id\":\"https:\\\/\\\/www.imaq.fr\\\/blog\\\/2025\\\/09\\\/jean-pierre-bocquet\\\/\"},\"author\":{\"name\":\"BCMB\",\"@id\":\"https:\\\/\\\/www.imaq.fr\\\/blog\\\/#\\\/schema\\\/person\\\/3df683af05c9d4e9401e01364d03a5fd\"},\"headline\":\"Jean-Pierre BOCQUET\",\"datePublished\":\"2025-09-18T13:47:28+00:00\",\"dateModified\":\"2025-09-18T13:47:29+00:00\",\"mainEntityOfPage\":{\"@id\":\"https:\\\/\\\/www.imaq.fr\\\/blog\\\/2025\\\/09\\\/jean-pierre-bocquet\\\/\"},\"wordCount\":505,\"publisher\":{\"@id\":\"https:\\\/\\\/www.imaq.fr\\\/blog\\\/#organization\"},\"image\":{\"@id\":\"https:\\\/\\\/www.imaq.fr\\\/blog\\\/2025\\\/09\\\/jean-pierre-bocquet\\\/#primaryimage\"},\"thumbnailUrl\":\"https:\\\/\\\/www.imaq.fr\\\/blog\\\/wp-content\\\/uploads\\\/2025\\\/09\\\/bocquet-vitriol.jpg\",\"keywords\":[\"auteur\",\"bcmb\",\"bcmb2025\",\"Biennale Culturelle Ma\u00e7onnique\",\"\u00c9sot\u00e9risme\",\"franc-ma\u00e7onnerie\",\"humanisme\",\"Jean-Pierre Bocquet\",\"Litt\u00e9rature\",\"Polar\",\"thriller\",\"V.I.T.R.I.O.L.\"],\"articleSection\":[\"Auteurs\",\"Biennale 2025\"],\"inLanguage\":\"fr-FR\"},{\"@type\":\"WebPage\",\"@id\":\"https:\\\/\\\/www.imaq.fr\\\/blog\\\/2025\\\/09\\\/jean-pierre-bocquet\\\/\",\"url\":\"https:\\\/\\\/www.imaq.fr\\\/blog\\\/2025\\\/09\\\/jean-pierre-bocquet\\\/\",\"name\":\"Jean-Pierre Bocquet, auteur : V.I.T.R.I.O.L. un thriller ma\u00e7onnique\",\"isPartOf\":{\"@id\":\"https:\\\/\\\/www.imaq.fr\\\/blog\\\/#website\"},\"primaryImageOfPage\":{\"@id\":\"https:\\\/\\\/www.imaq.fr\\\/blog\\\/2025\\\/09\\\/jean-pierre-bocquet\\\/#primaryimage\"},\"image\":{\"@id\":\"https:\\\/\\\/www.imaq.fr\\\/blog\\\/2025\\\/09\\\/jean-pierre-bocquet\\\/#primaryimage\"},\"thumbnailUrl\":\"https:\\\/\\\/www.imaq.fr\\\/blog\\\/wp-content\\\/uploads\\\/2025\\\/09\\\/bocquet-vitriol.jpg\",\"datePublished\":\"2025-09-18T13:47:28+00:00\",\"dateModified\":\"2025-09-18T13:47:29+00:00\",\"description\":\"L'univers de Jean-Pierre Bocquet, auteur de thrillers, agr\u00e9g\u00e9 de lettres, explore l'humanisme et les myst\u00e8res de la franc-ma\u00e7onnerie.\",\"breadcrumb\":{\"@id\":\"https:\\\/\\\/www.imaq.fr\\\/blog\\\/2025\\\/09\\\/jean-pierre-bocquet\\\/#breadcrumb\"},\"inLanguage\":\"fr-FR\",\"potentialAction\":[{\"@type\":\"ReadAction\",\"target\":[\"https:\\\/\\\/www.imaq.fr\\\/blog\\\/2025\\\/09\\\/jean-pierre-bocquet\\\/\"]}]},{\"@type\":\"ImageObject\",\"inLanguage\":\"fr-FR\",\"@id\":\"https:\\\/\\\/www.imaq.fr\\\/blog\\\/2025\\\/09\\\/jean-pierre-bocquet\\\/#primaryimage\",\"url\":\"https:\\\/\\\/www.imaq.fr\\\/blog\\\/wp-content\\\/uploads\\\/2025\\\/09\\\/bocquet-vitriol.jpg\",\"contentUrl\":\"https:\\\/\\\/www.imaq.fr\\\/blog\\\/wp-content\\\/uploads\\\/2025\\\/09\\\/bocquet-vitriol.jpg\"},{\"@type\":\"BreadcrumbList\",\"@id\":\"https:\\\/\\\/www.imaq.fr\\\/blog\\\/2025\\\/09\\\/jean-pierre-bocquet\\\/#breadcrumb\",\"itemListElement\":[{\"@type\":\"ListItem\",\"position\":1,\"name\":\"Accueil\",\"item\":\"https:\\\/\\\/www.imaq.fr\\\/blog\\\/\"},{\"@type\":\"ListItem\",\"position\":2,\"name\":\"Jean-Pierre BOCQUET\"}]},{\"@type\":\"WebSite\",\"@id\":\"https:\\\/\\\/www.imaq.fr\\\/blog\\\/#website\",\"url\":\"https:\\\/\\\/www.imaq.fr\\\/blog\\\/\",\"name\":\"Biennale Culturelle Ma\u00e7onnique de Bordeaux\",\"description\":\"IMAQ\",\"publisher\":{\"@id\":\"https:\\\/\\\/www.imaq.fr\\\/blog\\\/#organization\"},\"potentialAction\":[{\"@type\":\"SearchAction\",\"target\":{\"@type\":\"EntryPoint\",\"urlTemplate\":\"https:\\\/\\\/www.imaq.fr\\\/blog\\\/?s={search_term_string}\"},\"query-input\":{\"@type\":\"PropertyValueSpecification\",\"valueRequired\":true,\"valueName\":\"search_term_string\"}}],\"inLanguage\":\"fr-FR\"},{\"@type\":\"Organization\",\"@id\":\"https:\\\/\\\/www.imaq.fr\\\/blog\\\/#organization\",\"name\":\"Biennale Culturelle Ma\u00e7onnique de Bordeaux\",\"url\":\"https:\\\/\\\/www.imaq.fr\\\/blog\\\/\",\"logo\":{\"@type\":\"ImageObject\",\"inLanguage\":\"fr-FR\",\"@id\":\"https:\\\/\\\/www.imaq.fr\\\/blog\\\/#\\\/schema\\\/logo\\\/image\\\/\",\"url\":\"https:\\\/\\\/www.imaq.fr\\\/blog\\\/wp-content\\\/uploads\\\/2014\\\/12\\\/logo-bcmc.jpg\",\"contentUrl\":\"https:\\\/\\\/www.imaq.fr\\\/blog\\\/wp-content\\\/uploads\\\/2014\\\/12\\\/logo-bcmc.jpg\",\"width\":759,\"height\":784,\"caption\":\"Biennale Culturelle Ma\u00e7onnique de Bordeaux\"},\"image\":{\"@id\":\"https:\\\/\\\/www.imaq.fr\\\/blog\\\/#\\\/schema\\\/logo\\\/image\\\/\"},\"sameAs\":[\"https:\\\/\\\/www.facebook.com\\\/biennaleculturellemaconnique.bordeaux\"]},{\"@type\":\"Person\",\"@id\":\"https:\\\/\\\/www.imaq.fr\\\/blog\\\/#\\\/schema\\\/person\\\/3df683af05c9d4e9401e01364d03a5fd\",\"name\":\"BCMB\",\"image\":{\"@type\":\"ImageObject\",\"inLanguage\":\"fr-FR\",\"@id\":\"https:\\\/\\\/secure.gravatar.com\\\/avatar\\\/d6fbbbb38de40bcc3a41d4467d090d3b92513d4eb33fc933729359bbce505880?s=96&d=identicon&r=g\",\"url\":\"https:\\\/\\\/secure.gravatar.com\\\/avatar\\\/d6fbbbb38de40bcc3a41d4467d090d3b92513d4eb33fc933729359bbce505880?s=96&d=identicon&r=g\",\"contentUrl\":\"https:\\\/\\\/secure.gravatar.com\\\/avatar\\\/d6fbbbb38de40bcc3a41d4467d090d3b92513d4eb33fc933729359bbce505880?s=96&d=identicon&r=g\",\"caption\":\"BCMB\"},\"sameAs\":[\"https:\\\/\\\/www.imaq.fr\"],\"url\":\"https:\\\/\\\/www.imaq.fr\\\/blog\\\/author\\\/pomirol\\\/\"}]}<\/script>\n<!-- \/ Yoast SEO plugin. -->","yoast_head_json":{"title":"Jean-Pierre Bocquet, auteur : V.I.T.R.I.O.L. un thriller ma\u00e7onnique","description":"L'univers de Jean-Pierre Bocquet, auteur de thrillers, agr\u00e9g\u00e9 de lettres, explore l'humanisme et les myst\u00e8res de la franc-ma\u00e7onnerie.","robots":{"index":"index","follow":"follow","max-snippet":"max-snippet:-1","max-image-preview":"max-image-preview:large","max-video-preview":"max-video-preview:-1"},"canonical":"https:\/\/www.imaq.fr\/blog\/2025\/09\/jean-pierre-bocquet\/","og_locale":"fr_FR","og_type":"article","og_title":"De l'ombre \u00e0 la lumi\u00e8re : l'art du polar selon Jean-Pierre Bocquet","og_description":"D\u00e9couvrez l'auteur et agr\u00e9g\u00e9 de lettres, Jean-Pierre Bocquet. \u2712\ufe0f Il sera pr\u00e9sent \u00e0 la Biennale pour pr\u00e9senter son dernier roman, V.I.T.R.I.O.L. #Thriller #Litt\u00e9rature #Ma\u00e7onnerie","og_url":"https:\/\/www.imaq.fr\/blog\/2025\/09\/jean-pierre-bocquet\/","og_site_name":"Biennale Culturelle Ma\u00e7onnique de Bordeaux","article_publisher":"https:\/\/www.facebook.com\/biennaleculturellemaconnique.bordeaux","article_published_time":"2025-09-18T13:47:28+00:00","article_modified_time":"2025-09-18T13:47:29+00:00","og_image":[{"width":800,"height":800,"url":"https:\/\/www.imaq.fr\/blog\/wp-content\/uploads\/2025\/09\/bocquet-vitriol.jpg","type":"image\/jpeg"}],"author":"BCMB","twitter_card":"summary_large_image","twitter_misc":{"\u00c9crit par":"BCMB","Dur\u00e9e de lecture estim\u00e9e":"4 minutes"},"schema":{"@context":"https:\/\/schema.org","@graph":[{"@type":"Article","@id":"https:\/\/www.imaq.fr\/blog\/2025\/09\/jean-pierre-bocquet\/#article","isPartOf":{"@id":"https:\/\/www.imaq.fr\/blog\/2025\/09\/jean-pierre-bocquet\/"},"author":{"name":"BCMB","@id":"https:\/\/www.imaq.fr\/blog\/#\/schema\/person\/3df683af05c9d4e9401e01364d03a5fd"},"headline":"Jean-Pierre BOCQUET","datePublished":"2025-09-18T13:47:28+00:00","dateModified":"2025-09-18T13:47:29+00:00","mainEntityOfPage":{"@id":"https:\/\/www.imaq.fr\/blog\/2025\/09\/jean-pierre-bocquet\/"},"wordCount":505,"publisher":{"@id":"https:\/\/www.imaq.fr\/blog\/#organization"},"image":{"@id":"https:\/\/www.imaq.fr\/blog\/2025\/09\/jean-pierre-bocquet\/#primaryimage"},"thumbnailUrl":"https:\/\/www.imaq.fr\/blog\/wp-content\/uploads\/2025\/09\/bocquet-vitriol.jpg","keywords":["auteur","bcmb","bcmb2025","Biennale Culturelle Ma\u00e7onnique","\u00c9sot\u00e9risme","franc-ma\u00e7onnerie","humanisme","Jean-Pierre Bocquet","Litt\u00e9rature","Polar","thriller","V.I.T.R.I.O.L."],"articleSection":["Auteurs","Biennale 2025"],"inLanguage":"fr-FR"},{"@type":"WebPage","@id":"https:\/\/www.imaq.fr\/blog\/2025\/09\/jean-pierre-bocquet\/","url":"https:\/\/www.imaq.fr\/blog\/2025\/09\/jean-pierre-bocquet\/","name":"Jean-Pierre Bocquet, auteur : V.I.T.R.I.O.L. un thriller ma\u00e7onnique","isPartOf":{"@id":"https:\/\/www.imaq.fr\/blog\/#website"},"primaryImageOfPage":{"@id":"https:\/\/www.imaq.fr\/blog\/2025\/09\/jean-pierre-bocquet\/#primaryimage"},"image":{"@id":"https:\/\/www.imaq.fr\/blog\/2025\/09\/jean-pierre-bocquet\/#primaryimage"},"thumbnailUrl":"https:\/\/www.imaq.fr\/blog\/wp-content\/uploads\/2025\/09\/bocquet-vitriol.jpg","datePublished":"2025-09-18T13:47:28+00:00","dateModified":"2025-09-18T13:47:29+00:00","description":"L'univers de Jean-Pierre Bocquet, auteur de thrillers, agr\u00e9g\u00e9 de lettres, explore l'humanisme et les myst\u00e8res de la franc-ma\u00e7onnerie.","breadcrumb":{"@id":"https:\/\/www.imaq.fr\/blog\/2025\/09\/jean-pierre-bocquet\/#breadcrumb"},"inLanguage":"fr-FR","potentialAction":[{"@type":"ReadAction","target":["https:\/\/www.imaq.fr\/blog\/2025\/09\/jean-pierre-bocquet\/"]}]},{"@type":"ImageObject","inLanguage":"fr-FR","@id":"https:\/\/www.imaq.fr\/blog\/2025\/09\/jean-pierre-bocquet\/#primaryimage","url":"https:\/\/www.imaq.fr\/blog\/wp-content\/uploads\/2025\/09\/bocquet-vitriol.jpg","contentUrl":"https:\/\/www.imaq.fr\/blog\/wp-content\/uploads\/2025\/09\/bocquet-vitriol.jpg"},{"@type":"BreadcrumbList","@id":"https:\/\/www.imaq.fr\/blog\/2025\/09\/jean-pierre-bocquet\/#breadcrumb","itemListElement":[{"@type":"ListItem","position":1,"name":"Accueil","item":"https:\/\/www.imaq.fr\/blog\/"},{"@type":"ListItem","position":2,"name":"Jean-Pierre BOCQUET"}]},{"@type":"WebSite","@id":"https:\/\/www.imaq.fr\/blog\/#website","url":"https:\/\/www.imaq.fr\/blog\/","name":"Biennale Culturelle Ma\u00e7onnique de Bordeaux","description":"IMAQ","publisher":{"@id":"https:\/\/www.imaq.fr\/blog\/#organization"},"potentialAction":[{"@type":"SearchAction","target":{"@type":"EntryPoint","urlTemplate":"https:\/\/www.imaq.fr\/blog\/?s={search_term_string}"},"query-input":{"@type":"PropertyValueSpecification","valueRequired":true,"valueName":"search_term_string"}}],"inLanguage":"fr-FR"},{"@type":"Organization","@id":"https:\/\/www.imaq.fr\/blog\/#organization","name":"Biennale Culturelle Ma\u00e7onnique de Bordeaux","url":"https:\/\/www.imaq.fr\/blog\/","logo":{"@type":"ImageObject","inLanguage":"fr-FR","@id":"https:\/\/www.imaq.fr\/blog\/#\/schema\/logo\/image\/","url":"https:\/\/www.imaq.fr\/blog\/wp-content\/uploads\/2014\/12\/logo-bcmc.jpg","contentUrl":"https:\/\/www.imaq.fr\/blog\/wp-content\/uploads\/2014\/12\/logo-bcmc.jpg","width":759,"height":784,"caption":"Biennale Culturelle Ma\u00e7onnique de Bordeaux"},"image":{"@id":"https:\/\/www.imaq.fr\/blog\/#\/schema\/logo\/image\/"},"sameAs":["https:\/\/www.facebook.com\/biennaleculturellemaconnique.bordeaux"]},{"@type":"Person","@id":"https:\/\/www.imaq.fr\/blog\/#\/schema\/person\/3df683af05c9d4e9401e01364d03a5fd","name":"BCMB","image":{"@type":"ImageObject","inLanguage":"fr-FR","@id":"https:\/\/secure.gravatar.com\/avatar\/d6fbbbb38de40bcc3a41d4467d090d3b92513d4eb33fc933729359bbce505880?s=96&d=identicon&r=g","url":"https:\/\/secure.gravatar.com\/avatar\/d6fbbbb38de40bcc3a41d4467d090d3b92513d4eb33fc933729359bbce505880?s=96&d=identicon&r=g","contentUrl":"https:\/\/secure.gravatar.com\/avatar\/d6fbbbb38de40bcc3a41d4467d090d3b92513d4eb33fc933729359bbce505880?s=96&d=identicon&r=g","caption":"BCMB"},"sameAs":["https:\/\/www.imaq.fr"],"url":"https:\/\/www.imaq.fr\/blog\/author\/pomirol\/"}]}},"_links":{"self":[{"href":"https:\/\/www.imaq.fr\/blog\/wp-json\/wp\/v2\/posts\/2974","targetHints":{"allow":["GET"]}}],"collection":[{"href":"https:\/\/www.imaq.fr\/blog\/wp-json\/wp\/v2\/posts"}],"about":[{"href":"https:\/\/www.imaq.fr\/blog\/wp-json\/wp\/v2\/types\/post"}],"author":[{"embeddable":true,"href":"https:\/\/www.imaq.fr\/blog\/wp-json\/wp\/v2\/users\/2"}],"replies":[{"embeddable":true,"href":"https:\/\/www.imaq.fr\/blog\/wp-json\/wp\/v2\/comments?post=2974"}],"version-history":[{"count":0,"href":"https:\/\/www.imaq.fr\/blog\/wp-json\/wp\/v2\/posts\/2974\/revisions"}],"wp:attachment":[{"href":"https:\/\/www.imaq.fr\/blog\/wp-json\/wp\/v2\/media?parent=2974"}],"wp:term":[{"taxonomy":"category","embeddable":true,"href":"https:\/\/www.imaq.fr\/blog\/wp-json\/wp\/v2\/categories?post=2974"},{"taxonomy":"post_tag","embeddable":true,"href":"https:\/\/www.imaq.fr\/blog\/wp-json\/wp\/v2\/tags?post=2974"}],"curies":[{"name":"wp","href":"https:\/\/api.w.org\/{rel}","templated":true}]}}