{"id":2984,"date":"2025-09-18T17:19:19","date_gmt":"2025-09-18T17:19:19","guid":{"rendered":"https:\/\/www.imaq.fr\/blog\/?p=2984"},"modified":"2025-09-29T12:20:03","modified_gmt":"2025-09-29T12:20:03","slug":"yal-davidson-franc-maconnerie","status":"publish","type":"post","link":"https:\/\/www.imaq.fr\/blog\/2025\/09\/yal-davidson-franc-maconnerie\/","title":{"rendered":"Yal DAVIDSON"},"content":{"rendered":"\n<h2 class=\"wp-block-heading\">L&rsquo;art du voyage int\u00e9rieur<\/h2>\n\n\n\n<p><strong>Yal Davidson<\/strong> est un auteur autodidacte dont le parcours est marqu\u00e9 par ses racines c\u00e9venoles. Sa soif de connaissance l&rsquo;accompagne tout au long de sa vie. C&rsquo;est \u00e0 la retraite qu&rsquo;il se r\u00e9installe dans la <a href=\"https:\/\/hoodspot.fr\/maison-edition\/yal-davidson-51265658800021\/\" target=\"_blank\" rel=\"noreferrer noopener\">r\u00e9gion d&rsquo;Al\u00e8s<\/a> pour retrouver la terre de ses anc\u00eatres. Ce terroir, riche en traditions, nourrit naturellement sa curiosit\u00e9 pour les myst\u00e8res de l&rsquo;existence et de la franc-ma\u00e7onnerie.<\/p>\n\n\n\n<h3 class=\"wp-block-heading\">Un cheminement ma\u00e7onnique au service de l&rsquo;\u00e9criture<\/h3>\n\n\n\n<p>\u00c0 la <strong>Grande Loge de France<\/strong>, <strong>Yal Davidson<\/strong> explore d&rsquo;abord le monde discret de la franc-ma\u00e7onnerie. Apprenti, il se laisse progressivement envahir par la profondeur des enseignements. Le grade de compagnon, qui incarne l&rsquo;id\u00e9e de voyage, affine ensuite sa compr\u00e9hension des symboles. Enfin, le grade de Ma\u00eetre ma\u00e7on devient pour lui une invitation \u00e0 la responsabilit\u00e9 et au partage.<\/p>\n\n\n\n<p>Son engagement demeure profond puisqu&rsquo;il occupe plusieurs fonctions au sein des loges. Il est m\u00eame appel\u00e9 \u00e0 diriger les travaux d&rsquo;un nouvel atelier de la <strong>GLDF<\/strong>. Cependant, en 2023, il ressent le besoin de s&rsquo;ouvrir davantage. Il rejoint alors le <strong>Droit Humain<\/strong> o\u00f9 il trouve une fraternit\u00e9 plus diverse et inclusive.<\/p>\n\n\n\n<p>Pour lui, la franc-ma\u00e7onnerie constitue un v\u00e9ritable temple d&rsquo;exploration. Elle l&rsquo;invite constamment \u00e0 questionner les \u00e9vidences tout en l&rsquo;aidant \u00e0 accueillir l&rsquo;incertitude.<\/p>\n\n\n\n<h3 class=\"wp-block-heading\">Une \u0153uvre litt\u00e9raire au c\u0153ur des symboles<\/h3>\n\n\n\n<p><strong>Yal Davidson<\/strong> choisit de partager son exp\u00e9rience de la franc-ma\u00e7onnerie \u00e0 travers ses livres qu&rsquo;il publie en auto-\u00e9dition. Il ne pr\u00e9sente pas une somme de connaissances, mais plut\u00f4t un r\u00e9cit vivant et personnel. Il a ainsi \u00e9crit quatre ouvrages, chacun constituant une invitation \u00e0 un voyage intime et collectif.<\/p>\n\n\n\n<p><strong><em>Boaz et Jakin, les deux colonnes d&rsquo;airain<\/em><\/strong> et <strong><em>Rassembler ce qui est \u00e9pars<\/em><\/strong> s&rsquo;adressent directement aux <strong>francs-ma\u00e7ons<\/strong>. Ces livres explorent les symboles et la qu\u00eate de sens qui animent la d\u00e9marche ma\u00e7onnique.<\/p>\n\n\n\n<p><strong><em>Salomon, le tailleur de cendres<\/em><\/strong>, son prochain ouvrage, retrace l&rsquo;histoire romanc\u00e9e d&rsquo;un diamantaire juif pendant la\u00a0seconde guerre mondiale. Salomon va r\u00e9sister \u00e0 sa fa\u00e7on quand un grad\u00e9 SS lui demandera de retailler des diamants vol\u00e9s aux juifs &#8230;<\/p>\n\n\n\n<p><strong><em>Erika, je dis ton nom<\/em><\/strong> constitue quant \u00e0 lui un livre-m\u00e9moire particuli\u00e8rement touchant. Il y rend hommage \u00e0 une grand-m\u00e8re juive disparue \u00e0 Buchenwald. Ce roman t\u00e9moigne ainsi de son engagement pour la m\u00e9moire et l&rsquo;humanisme.<\/p>\n\n\n\n<p>Pour <strong>Yal Davidson<\/strong>, les symboles ne sont jamais de simples ornements mais des cl\u00e9s authentiques. Ils ouvrent des portes vers l&rsquo;inconnu et appellent \u00e0 la discussion ainsi qu&rsquo;au labeur commun. Son \u0153uvre repr\u00e9sente finalement une contribution pr\u00e9cieuse \u00e0 la libert\u00e9 et \u00e0 une connaissance sans bornes.<\/p>\n\n\n\n<figure class=\"wp-block-gallery has-nested-images columns-5 is-cropped wp-block-gallery-1 is-layout-flex wp-block-gallery-is-layout-flex\">\n<figure class=\"wp-block-image size-large\"><a href=\"https:\/\/www.imaq.fr\/blog\/wp-content\/uploads\/2025\/09\/davidson-Salomon-le-tailleur-de-cendres.jpeg\"><img loading=\"lazy\" decoding=\"async\" width=\"682\" height=\"967\" data-id=\"2989\" src=\"https:\/\/www.imaq.fr\/blog\/wp-content\/uploads\/2025\/09\/davidson-Salomon-le-tailleur-de-cendres.jpeg\" alt=\"Salomon le tailleur de cendres, de Yal Davidson\" class=\"wp-image-2989 colorbox-2984\" srcset=\"https:\/\/www.imaq.fr\/blog\/wp-content\/uploads\/2025\/09\/davidson-Salomon-le-tailleur-de-cendres.jpeg 682w, https:\/\/www.imaq.fr\/blog\/wp-content\/uploads\/2025\/09\/davidson-Salomon-le-tailleur-de-cendres-212x300.jpeg 212w\" sizes=\"auto, (max-width: 682px) 100vw, 682px\" \/><\/a><\/figure>\n\n\n\n<figure class=\"wp-block-image size-large\"><a href=\"https:\/\/www.imaq.fr\/blog\/wp-content\/uploads\/2025\/09\/davidson.jpeg\"><img loading=\"lazy\" decoding=\"async\" width=\"545\" height=\"554\" data-id=\"2988\" src=\"https:\/\/www.imaq.fr\/blog\/wp-content\/uploads\/2025\/09\/davidson.jpeg\" alt=\"Yal Davidson\" class=\"wp-image-2988 colorbox-2984\" srcset=\"https:\/\/www.imaq.fr\/blog\/wp-content\/uploads\/2025\/09\/davidson.jpeg 545w, https:\/\/www.imaq.fr\/blog\/wp-content\/uploads\/2025\/09\/davidson-295x300.jpeg 295w\" sizes=\"auto, (max-width: 545px) 100vw, 545px\" \/><\/a><\/figure>\n\n\n\n<figure class=\"wp-block-image size-large\"><a href=\"https:\/\/www.imaq.fr\/blog\/wp-content\/uploads\/2025\/09\/davidson-boaz-et-jakin.jpg\"><img loading=\"lazy\" decoding=\"async\" width=\"300\" height=\"425\" data-id=\"2987\" src=\"https:\/\/www.imaq.fr\/blog\/wp-content\/uploads\/2025\/09\/davidson-boaz-et-jakin.jpg\" alt=\"Boaz et Jakin les deux colonnes d'airain, de Yal Davidson\" class=\"wp-image-2987 colorbox-2984\" srcset=\"https:\/\/www.imaq.fr\/blog\/wp-content\/uploads\/2025\/09\/davidson-boaz-et-jakin.jpg 300w, https:\/\/www.imaq.fr\/blog\/wp-content\/uploads\/2025\/09\/davidson-boaz-et-jakin-212x300.jpg 212w\" sizes=\"auto, (max-width: 300px) 100vw, 300px\" \/><\/a><\/figure>\n\n\n\n<figure class=\"wp-block-image size-large\"><a href=\"https:\/\/www.imaq.fr\/blog\/wp-content\/uploads\/2025\/09\/davidson-rassembler-ce-qui-est-epars.jpeg\"><img loading=\"lazy\" decoding=\"async\" width=\"654\" height=\"924\" data-id=\"2986\" src=\"https:\/\/www.imaq.fr\/blog\/wp-content\/uploads\/2025\/09\/davidson-rassembler-ce-qui-est-epars.jpeg\" alt=\"Rassembler ce qui est \u00e9pars, de Yal Davidson\" class=\"wp-image-2986 colorbox-2984\" srcset=\"https:\/\/www.imaq.fr\/blog\/wp-content\/uploads\/2025\/09\/davidson-rassembler-ce-qui-est-epars.jpeg 654w, https:\/\/www.imaq.fr\/blog\/wp-content\/uploads\/2025\/09\/davidson-rassembler-ce-qui-est-epars-212x300.jpeg 212w\" sizes=\"auto, (max-width: 654px) 100vw, 654px\" \/><\/a><\/figure>\n\n\n\n<figure class=\"wp-block-image size-large\"><a href=\"https:\/\/www.imaq.fr\/blog\/wp-content\/uploads\/2025\/09\/davidson-Erika-je-dis-ton-nom.jpeg\"><img loading=\"lazy\" decoding=\"async\" width=\"639\" height=\"959\" data-id=\"2985\" src=\"https:\/\/www.imaq.fr\/blog\/wp-content\/uploads\/2025\/09\/davidson-Erika-je-dis-ton-nom.jpeg\" alt=\"Erika je dis ton nom, de Yal Davidson\" class=\"wp-image-2985 colorbox-2984\" srcset=\"https:\/\/www.imaq.fr\/blog\/wp-content\/uploads\/2025\/09\/davidson-Erika-je-dis-ton-nom.jpeg 639w, https:\/\/www.imaq.fr\/blog\/wp-content\/uploads\/2025\/09\/davidson-Erika-je-dis-ton-nom-200x300.jpeg 200w\" sizes=\"auto, (max-width: 639px) 100vw, 639px\" \/><\/a><\/figure>\n<\/figure>\n","protected":false},"excerpt":{"rendered":"<p>L&rsquo;art du voyage int\u00e9rieur Yal Davidson est un auteur autodidacte dont le parcours est marqu\u00e9 par ses racines c\u00e9venoles. Sa soif de connaissance l&rsquo;accompagne tout au long de sa vie. C&rsquo;est \u00e0 la retraite qu&rsquo;il se r\u00e9installe dans la r\u00e9gion d&rsquo;Al\u00e8s pour retrouver la terre de ses anc\u00eatres. Ce terroir, riche en traditions, nourrit naturellement [&hellip;]<\/p>\n","protected":false},"author":2,"featured_media":0,"comment_status":"closed","ping_status":"open","sticky":false,"template":"","format":"standard","meta":{"_editorskit_title_hidden":false,"_editorskit_reading_time":0,"_editorskit_is_block_options_detached":false,"_editorskit_block_options_position":"{}","footnotes":""},"categories":[2,275],"tags":[67,64,278,304,447,47,325,426,448,74,446],"class_list":["post-2984","post","type-post","status-publish","format-standard","hentry","category-auteur","category-biennale-2025","tag-auteur","tag-bcmb","tag-bcmb2025","tag-biennale-culturelle-maconnique","tag-boaz-et-jakin","tag-franc-maconnerie","tag-grande-loge-de-france","tag-le-droit-humain","tag-salomon","tag-symbolisme","tag-yal-davidson"],"yoast_head":"<!-- This site is optimized with the Yoast SEO plugin v27.5 - https:\/\/yoast.com\/product\/yoast-seo-wordpress\/ -->\n<title>Yal Davidson : franc-ma\u00e7onnerie et voyage int\u00e9rieur<\/title>\n<meta name=\"description\" content=\"Les livres de Yal Davidson explorent l&#039;histoire, la franc-ma\u00e7onnerie et le symbolisme, de &quot;Boaz et Jakin&quot; \u00e0 l&#039;\u00e9mouvant &quot;Erika, je dis ton nom&quot;.\" \/>\n<meta name=\"robots\" content=\"index, follow, max-snippet:-1, max-image-preview:large, max-video-preview:-1\" \/>\n<link rel=\"canonical\" href=\"https:\/\/www.imaq.fr\/blog\/2025\/09\/yal-davidson-franc-maconnerie\/\" \/>\n<meta property=\"og:locale\" content=\"fr_FR\" \/>\n<meta property=\"og:type\" content=\"article\" \/>\n<meta property=\"og:title\" content=\"D\u00e9couvrez l&#039;auteur Yal Davidson : son \u0153uvre, entre symboles et myst\u00e8res\" \/>\n<meta property=\"og:description\" content=\"Plongez dans l&#039;univers de Yal Davidson, un auteur qui sublime le myst\u00e8re. \u2728 De la franc-ma\u00e7onnerie au voyage int\u00e9rieur, ses livres sont une qu\u00eate de sens. #YalDavidson #Auteur #Livre #FrancMa\u00e7onnerie\" \/>\n<meta property=\"og:url\" content=\"https:\/\/www.imaq.fr\/blog\/2025\/09\/yal-davidson-franc-maconnerie\/\" \/>\n<meta property=\"og:site_name\" content=\"Biennale Culturelle Ma\u00e7onnique de Bordeaux\" \/>\n<meta property=\"article:publisher\" content=\"https:\/\/www.facebook.com\/biennaleculturellemaconnique.bordeaux\" \/>\n<meta property=\"article:published_time\" content=\"2025-09-18T17:19:19+00:00\" \/>\n<meta property=\"article:modified_time\" content=\"2025-09-29T12:20:03+00:00\" \/>\n<meta property=\"og:image\" content=\"https:\/\/www.imaq.fr\/blog\/wp-content\/uploads\/2025\/09\/davidson-Salomon-le-tailleur-de-cendres.jpeg\" \/>\n\t<meta property=\"og:image:width\" content=\"682\" \/>\n\t<meta property=\"og:image:height\" content=\"967\" \/>\n\t<meta property=\"og:image:type\" content=\"image\/jpeg\" \/>\n<meta name=\"author\" content=\"BCMB\" \/>\n<meta name=\"twitter:card\" content=\"summary_large_image\" \/>\n<meta name=\"twitter:label1\" content=\"\u00c9crit par\" \/>\n\t<meta name=\"twitter:data1\" content=\"BCMB\" \/>\n\t<meta name=\"twitter:label2\" content=\"Dur\u00e9e de lecture estim\u00e9e\" \/>\n\t<meta name=\"twitter:data2\" content=\"4 minutes\" \/>\n<script type=\"application\/ld+json\" class=\"yoast-schema-graph\">{\"@context\":\"https:\\\/\\\/schema.org\",\"@graph\":[{\"@type\":\"Article\",\"@id\":\"https:\\\/\\\/www.imaq.fr\\\/blog\\\/2025\\\/09\\\/yal-davidson-franc-maconnerie\\\/#article\",\"isPartOf\":{\"@id\":\"https:\\\/\\\/www.imaq.fr\\\/blog\\\/2025\\\/09\\\/yal-davidson-franc-maconnerie\\\/\"},\"author\":{\"name\":\"BCMB\",\"@id\":\"https:\\\/\\\/www.imaq.fr\\\/blog\\\/#\\\/schema\\\/person\\\/3df683af05c9d4e9401e01364d03a5fd\"},\"headline\":\"Yal DAVIDSON\",\"datePublished\":\"2025-09-18T17:19:19+00:00\",\"dateModified\":\"2025-09-29T12:20:03+00:00\",\"mainEntityOfPage\":{\"@id\":\"https:\\\/\\\/www.imaq.fr\\\/blog\\\/2025\\\/09\\\/yal-davidson-franc-maconnerie\\\/\"},\"wordCount\":464,\"publisher\":{\"@id\":\"https:\\\/\\\/www.imaq.fr\\\/blog\\\/#organization\"},\"image\":{\"@id\":\"https:\\\/\\\/www.imaq.fr\\\/blog\\\/2025\\\/09\\\/yal-davidson-franc-maconnerie\\\/#primaryimage\"},\"thumbnailUrl\":\"https:\\\/\\\/www.imaq.fr\\\/blog\\\/wp-content\\\/uploads\\\/2025\\\/09\\\/davidson-Salomon-le-tailleur-de-cendres.jpeg\",\"keywords\":[\"auteur\",\"bcmb\",\"bcmb2025\",\"Biennale Culturelle Ma\u00e7onnique\",\"Boaz et Jakin\",\"franc-ma\u00e7onnerie\",\"Grande Loge de France\",\"Le Droit Humain\",\"Salomon\",\"symbolisme\",\"Yal Davidson\"],\"articleSection\":[\"Auteurs\",\"Biennale 2025\"],\"inLanguage\":\"fr-FR\"},{\"@type\":\"WebPage\",\"@id\":\"https:\\\/\\\/www.imaq.fr\\\/blog\\\/2025\\\/09\\\/yal-davidson-franc-maconnerie\\\/\",\"url\":\"https:\\\/\\\/www.imaq.fr\\\/blog\\\/2025\\\/09\\\/yal-davidson-franc-maconnerie\\\/\",\"name\":\"Yal Davidson : franc-ma\u00e7onnerie et voyage int\u00e9rieur\",\"isPartOf\":{\"@id\":\"https:\\\/\\\/www.imaq.fr\\\/blog\\\/#website\"},\"primaryImageOfPage\":{\"@id\":\"https:\\\/\\\/www.imaq.fr\\\/blog\\\/2025\\\/09\\\/yal-davidson-franc-maconnerie\\\/#primaryimage\"},\"image\":{\"@id\":\"https:\\\/\\\/www.imaq.fr\\\/blog\\\/2025\\\/09\\\/yal-davidson-franc-maconnerie\\\/#primaryimage\"},\"thumbnailUrl\":\"https:\\\/\\\/www.imaq.fr\\\/blog\\\/wp-content\\\/uploads\\\/2025\\\/09\\\/davidson-Salomon-le-tailleur-de-cendres.jpeg\",\"datePublished\":\"2025-09-18T17:19:19+00:00\",\"dateModified\":\"2025-09-29T12:20:03+00:00\",\"description\":\"Les livres de Yal Davidson explorent l'histoire, la franc-ma\u00e7onnerie et le symbolisme, de \\\"Boaz et Jakin\\\" \u00e0 l'\u00e9mouvant \\\"Erika, je dis ton nom\\\".\",\"breadcrumb\":{\"@id\":\"https:\\\/\\\/www.imaq.fr\\\/blog\\\/2025\\\/09\\\/yal-davidson-franc-maconnerie\\\/#breadcrumb\"},\"inLanguage\":\"fr-FR\",\"potentialAction\":[{\"@type\":\"ReadAction\",\"target\":[\"https:\\\/\\\/www.imaq.fr\\\/blog\\\/2025\\\/09\\\/yal-davidson-franc-maconnerie\\\/\"]}]},{\"@type\":\"ImageObject\",\"inLanguage\":\"fr-FR\",\"@id\":\"https:\\\/\\\/www.imaq.fr\\\/blog\\\/2025\\\/09\\\/yal-davidson-franc-maconnerie\\\/#primaryimage\",\"url\":\"https:\\\/\\\/www.imaq.fr\\\/blog\\\/wp-content\\\/uploads\\\/2025\\\/09\\\/davidson-Salomon-le-tailleur-de-cendres.jpeg\",\"contentUrl\":\"https:\\\/\\\/www.imaq.fr\\\/blog\\\/wp-content\\\/uploads\\\/2025\\\/09\\\/davidson-Salomon-le-tailleur-de-cendres.jpeg\"},{\"@type\":\"BreadcrumbList\",\"@id\":\"https:\\\/\\\/www.imaq.fr\\\/blog\\\/2025\\\/09\\\/yal-davidson-franc-maconnerie\\\/#breadcrumb\",\"itemListElement\":[{\"@type\":\"ListItem\",\"position\":1,\"name\":\"Accueil\",\"item\":\"https:\\\/\\\/www.imaq.fr\\\/blog\\\/\"},{\"@type\":\"ListItem\",\"position\":2,\"name\":\"Yal DAVIDSON\"}]},{\"@type\":\"WebSite\",\"@id\":\"https:\\\/\\\/www.imaq.fr\\\/blog\\\/#website\",\"url\":\"https:\\\/\\\/www.imaq.fr\\\/blog\\\/\",\"name\":\"Biennale Culturelle Ma\u00e7onnique de Bordeaux\",\"description\":\"IMAQ\",\"publisher\":{\"@id\":\"https:\\\/\\\/www.imaq.fr\\\/blog\\\/#organization\"},\"potentialAction\":[{\"@type\":\"SearchAction\",\"target\":{\"@type\":\"EntryPoint\",\"urlTemplate\":\"https:\\\/\\\/www.imaq.fr\\\/blog\\\/?s={search_term_string}\"},\"query-input\":{\"@type\":\"PropertyValueSpecification\",\"valueRequired\":true,\"valueName\":\"search_term_string\"}}],\"inLanguage\":\"fr-FR\"},{\"@type\":\"Organization\",\"@id\":\"https:\\\/\\\/www.imaq.fr\\\/blog\\\/#organization\",\"name\":\"Biennale Culturelle Ma\u00e7onnique de Bordeaux\",\"url\":\"https:\\\/\\\/www.imaq.fr\\\/blog\\\/\",\"logo\":{\"@type\":\"ImageObject\",\"inLanguage\":\"fr-FR\",\"@id\":\"https:\\\/\\\/www.imaq.fr\\\/blog\\\/#\\\/schema\\\/logo\\\/image\\\/\",\"url\":\"https:\\\/\\\/www.imaq.fr\\\/blog\\\/wp-content\\\/uploads\\\/2014\\\/12\\\/logo-bcmc.jpg\",\"contentUrl\":\"https:\\\/\\\/www.imaq.fr\\\/blog\\\/wp-content\\\/uploads\\\/2014\\\/12\\\/logo-bcmc.jpg\",\"width\":759,\"height\":784,\"caption\":\"Biennale Culturelle Ma\u00e7onnique de Bordeaux\"},\"image\":{\"@id\":\"https:\\\/\\\/www.imaq.fr\\\/blog\\\/#\\\/schema\\\/logo\\\/image\\\/\"},\"sameAs\":[\"https:\\\/\\\/www.facebook.com\\\/biennaleculturellemaconnique.bordeaux\"]},{\"@type\":\"Person\",\"@id\":\"https:\\\/\\\/www.imaq.fr\\\/blog\\\/#\\\/schema\\\/person\\\/3df683af05c9d4e9401e01364d03a5fd\",\"name\":\"BCMB\",\"image\":{\"@type\":\"ImageObject\",\"inLanguage\":\"fr-FR\",\"@id\":\"https:\\\/\\\/secure.gravatar.com\\\/avatar\\\/d6fbbbb38de40bcc3a41d4467d090d3b92513d4eb33fc933729359bbce505880?s=96&d=identicon&r=g\",\"url\":\"https:\\\/\\\/secure.gravatar.com\\\/avatar\\\/d6fbbbb38de40bcc3a41d4467d090d3b92513d4eb33fc933729359bbce505880?s=96&d=identicon&r=g\",\"contentUrl\":\"https:\\\/\\\/secure.gravatar.com\\\/avatar\\\/d6fbbbb38de40bcc3a41d4467d090d3b92513d4eb33fc933729359bbce505880?s=96&d=identicon&r=g\",\"caption\":\"BCMB\"},\"sameAs\":[\"https:\\\/\\\/www.imaq.fr\"],\"url\":\"https:\\\/\\\/www.imaq.fr\\\/blog\\\/author\\\/pomirol\\\/\"}]}<\/script>\n<!-- \/ Yoast SEO plugin. -->","yoast_head_json":{"title":"Yal Davidson : franc-ma\u00e7onnerie et voyage int\u00e9rieur","description":"Les livres de Yal Davidson explorent l'histoire, la franc-ma\u00e7onnerie et le symbolisme, de \"Boaz et Jakin\" \u00e0 l'\u00e9mouvant \"Erika, je dis ton nom\".","robots":{"index":"index","follow":"follow","max-snippet":"max-snippet:-1","max-image-preview":"max-image-preview:large","max-video-preview":"max-video-preview:-1"},"canonical":"https:\/\/www.imaq.fr\/blog\/2025\/09\/yal-davidson-franc-maconnerie\/","og_locale":"fr_FR","og_type":"article","og_title":"D\u00e9couvrez l'auteur Yal Davidson : son \u0153uvre, entre symboles et myst\u00e8res","og_description":"Plongez dans l'univers de Yal Davidson, un auteur qui sublime le myst\u00e8re. \u2728 De la franc-ma\u00e7onnerie au voyage int\u00e9rieur, ses livres sont une qu\u00eate de sens. #YalDavidson #Auteur #Livre #FrancMa\u00e7onnerie","og_url":"https:\/\/www.imaq.fr\/blog\/2025\/09\/yal-davidson-franc-maconnerie\/","og_site_name":"Biennale Culturelle Ma\u00e7onnique de Bordeaux","article_publisher":"https:\/\/www.facebook.com\/biennaleculturellemaconnique.bordeaux","article_published_time":"2025-09-18T17:19:19+00:00","article_modified_time":"2025-09-29T12:20:03+00:00","og_image":[{"width":682,"height":967,"url":"https:\/\/www.imaq.fr\/blog\/wp-content\/uploads\/2025\/09\/davidson-Salomon-le-tailleur-de-cendres.jpeg","type":"image\/jpeg"}],"author":"BCMB","twitter_card":"summary_large_image","twitter_misc":{"\u00c9crit par":"BCMB","Dur\u00e9e de lecture estim\u00e9e":"4 minutes"},"schema":{"@context":"https:\/\/schema.org","@graph":[{"@type":"Article","@id":"https:\/\/www.imaq.fr\/blog\/2025\/09\/yal-davidson-franc-maconnerie\/#article","isPartOf":{"@id":"https:\/\/www.imaq.fr\/blog\/2025\/09\/yal-davidson-franc-maconnerie\/"},"author":{"name":"BCMB","@id":"https:\/\/www.imaq.fr\/blog\/#\/schema\/person\/3df683af05c9d4e9401e01364d03a5fd"},"headline":"Yal DAVIDSON","datePublished":"2025-09-18T17:19:19+00:00","dateModified":"2025-09-29T12:20:03+00:00","mainEntityOfPage":{"@id":"https:\/\/www.imaq.fr\/blog\/2025\/09\/yal-davidson-franc-maconnerie\/"},"wordCount":464,"publisher":{"@id":"https:\/\/www.imaq.fr\/blog\/#organization"},"image":{"@id":"https:\/\/www.imaq.fr\/blog\/2025\/09\/yal-davidson-franc-maconnerie\/#primaryimage"},"thumbnailUrl":"https:\/\/www.imaq.fr\/blog\/wp-content\/uploads\/2025\/09\/davidson-Salomon-le-tailleur-de-cendres.jpeg","keywords":["auteur","bcmb","bcmb2025","Biennale Culturelle Ma\u00e7onnique","Boaz et Jakin","franc-ma\u00e7onnerie","Grande Loge de France","Le Droit Humain","Salomon","symbolisme","Yal Davidson"],"articleSection":["Auteurs","Biennale 2025"],"inLanguage":"fr-FR"},{"@type":"WebPage","@id":"https:\/\/www.imaq.fr\/blog\/2025\/09\/yal-davidson-franc-maconnerie\/","url":"https:\/\/www.imaq.fr\/blog\/2025\/09\/yal-davidson-franc-maconnerie\/","name":"Yal Davidson : franc-ma\u00e7onnerie et voyage int\u00e9rieur","isPartOf":{"@id":"https:\/\/www.imaq.fr\/blog\/#website"},"primaryImageOfPage":{"@id":"https:\/\/www.imaq.fr\/blog\/2025\/09\/yal-davidson-franc-maconnerie\/#primaryimage"},"image":{"@id":"https:\/\/www.imaq.fr\/blog\/2025\/09\/yal-davidson-franc-maconnerie\/#primaryimage"},"thumbnailUrl":"https:\/\/www.imaq.fr\/blog\/wp-content\/uploads\/2025\/09\/davidson-Salomon-le-tailleur-de-cendres.jpeg","datePublished":"2025-09-18T17:19:19+00:00","dateModified":"2025-09-29T12:20:03+00:00","description":"Les livres de Yal Davidson explorent l'histoire, la franc-ma\u00e7onnerie et le symbolisme, de \"Boaz et Jakin\" \u00e0 l'\u00e9mouvant \"Erika, je dis ton nom\".","breadcrumb":{"@id":"https:\/\/www.imaq.fr\/blog\/2025\/09\/yal-davidson-franc-maconnerie\/#breadcrumb"},"inLanguage":"fr-FR","potentialAction":[{"@type":"ReadAction","target":["https:\/\/www.imaq.fr\/blog\/2025\/09\/yal-davidson-franc-maconnerie\/"]}]},{"@type":"ImageObject","inLanguage":"fr-FR","@id":"https:\/\/www.imaq.fr\/blog\/2025\/09\/yal-davidson-franc-maconnerie\/#primaryimage","url":"https:\/\/www.imaq.fr\/blog\/wp-content\/uploads\/2025\/09\/davidson-Salomon-le-tailleur-de-cendres.jpeg","contentUrl":"https:\/\/www.imaq.fr\/blog\/wp-content\/uploads\/2025\/09\/davidson-Salomon-le-tailleur-de-cendres.jpeg"},{"@type":"BreadcrumbList","@id":"https:\/\/www.imaq.fr\/blog\/2025\/09\/yal-davidson-franc-maconnerie\/#breadcrumb","itemListElement":[{"@type":"ListItem","position":1,"name":"Accueil","item":"https:\/\/www.imaq.fr\/blog\/"},{"@type":"ListItem","position":2,"name":"Yal DAVIDSON"}]},{"@type":"WebSite","@id":"https:\/\/www.imaq.fr\/blog\/#website","url":"https:\/\/www.imaq.fr\/blog\/","name":"Biennale Culturelle Ma\u00e7onnique de Bordeaux","description":"IMAQ","publisher":{"@id":"https:\/\/www.imaq.fr\/blog\/#organization"},"potentialAction":[{"@type":"SearchAction","target":{"@type":"EntryPoint","urlTemplate":"https:\/\/www.imaq.fr\/blog\/?s={search_term_string}"},"query-input":{"@type":"PropertyValueSpecification","valueRequired":true,"valueName":"search_term_string"}}],"inLanguage":"fr-FR"},{"@type":"Organization","@id":"https:\/\/www.imaq.fr\/blog\/#organization","name":"Biennale Culturelle Ma\u00e7onnique de Bordeaux","url":"https:\/\/www.imaq.fr\/blog\/","logo":{"@type":"ImageObject","inLanguage":"fr-FR","@id":"https:\/\/www.imaq.fr\/blog\/#\/schema\/logo\/image\/","url":"https:\/\/www.imaq.fr\/blog\/wp-content\/uploads\/2014\/12\/logo-bcmc.jpg","contentUrl":"https:\/\/www.imaq.fr\/blog\/wp-content\/uploads\/2014\/12\/logo-bcmc.jpg","width":759,"height":784,"caption":"Biennale Culturelle Ma\u00e7onnique de Bordeaux"},"image":{"@id":"https:\/\/www.imaq.fr\/blog\/#\/schema\/logo\/image\/"},"sameAs":["https:\/\/www.facebook.com\/biennaleculturellemaconnique.bordeaux"]},{"@type":"Person","@id":"https:\/\/www.imaq.fr\/blog\/#\/schema\/person\/3df683af05c9d4e9401e01364d03a5fd","name":"BCMB","image":{"@type":"ImageObject","inLanguage":"fr-FR","@id":"https:\/\/secure.gravatar.com\/avatar\/d6fbbbb38de40bcc3a41d4467d090d3b92513d4eb33fc933729359bbce505880?s=96&d=identicon&r=g","url":"https:\/\/secure.gravatar.com\/avatar\/d6fbbbb38de40bcc3a41d4467d090d3b92513d4eb33fc933729359bbce505880?s=96&d=identicon&r=g","contentUrl":"https:\/\/secure.gravatar.com\/avatar\/d6fbbbb38de40bcc3a41d4467d090d3b92513d4eb33fc933729359bbce505880?s=96&d=identicon&r=g","caption":"BCMB"},"sameAs":["https:\/\/www.imaq.fr"],"url":"https:\/\/www.imaq.fr\/blog\/author\/pomirol\/"}]}},"_links":{"self":[{"href":"https:\/\/www.imaq.fr\/blog\/wp-json\/wp\/v2\/posts\/2984","targetHints":{"allow":["GET"]}}],"collection":[{"href":"https:\/\/www.imaq.fr\/blog\/wp-json\/wp\/v2\/posts"}],"about":[{"href":"https:\/\/www.imaq.fr\/blog\/wp-json\/wp\/v2\/types\/post"}],"author":[{"embeddable":true,"href":"https:\/\/www.imaq.fr\/blog\/wp-json\/wp\/v2\/users\/2"}],"replies":[{"embeddable":true,"href":"https:\/\/www.imaq.fr\/blog\/wp-json\/wp\/v2\/comments?post=2984"}],"version-history":[{"count":0,"href":"https:\/\/www.imaq.fr\/blog\/wp-json\/wp\/v2\/posts\/2984\/revisions"}],"wp:attachment":[{"href":"https:\/\/www.imaq.fr\/blog\/wp-json\/wp\/v2\/media?parent=2984"}],"wp:term":[{"taxonomy":"category","embeddable":true,"href":"https:\/\/www.imaq.fr\/blog\/wp-json\/wp\/v2\/categories?post=2984"},{"taxonomy":"post_tag","embeddable":true,"href":"https:\/\/www.imaq.fr\/blog\/wp-json\/wp\/v2\/tags?post=2984"}],"curies":[{"name":"wp","href":"https:\/\/api.w.org\/{rel}","templated":true}]}}