{"id":2992,"date":"2025-09-18T17:55:22","date_gmt":"2025-09-18T17:55:22","guid":{"rendered":"https:\/\/www.imaq.fr\/blog\/?p=2992"},"modified":"2025-09-20T14:01:01","modified_gmt":"2025-09-20T14:01:01","slug":"marc-amani","status":"publish","type":"post","link":"https:\/\/www.imaq.fr\/blog\/2025\/09\/marc-amani\/","title":{"rendered":"Marc AMANI"},"content":{"rendered":"\n<h2 class=\"wp-block-heading\">l&rsquo;art de sonder l&rsquo;\u00e2me humaine<\/h2>\n\n\n\n<p><strong>Marc Amani <\/strong>pr\u00e9sente un profil professionnel particuli\u00e8rement atypique. Il exerce simultan\u00e9ment comme psychologue, psychanalyste et orthophoniste. Depuis de nombreuses ann\u00e9es, il se consacre ainsi \u00e0 l&rsquo;\u00e9tude des arcanes de l&rsquo;\u00e2me humaine. Son engagement dans les domaines de l&rsquo;\u00e9thique et de la transmission demeure au c\u0153ur de son travail. Naturellement, son itin\u00e9raire personnel l&rsquo;a conduit vers la franc-ma\u00e7onnerie. Ce ma\u00e7on a d&rsquo;abord travaill\u00e9 au Rite \u00c9cossais Ancien et Accept\u00e9 puis au Rite Fran\u00e7ais.<\/p>\n\n\n\n<h3 class=\"wp-block-heading progTitreConf\">Un livre n\u00e9cessaire pour un sujet tabou<\/h3>\n\n\n\n<p><strong>Marc Amani <\/strong>signe un ouvrage \u00e0 la fois courageux et important : <strong><em>Maltraitances en Loge<\/em><\/strong>. Ce livre, fruit d&rsquo;un travail rigoureux nourri de dizaines de t\u00e9moignages, l\u00e8ve le voile sur un sujet trop souvent pass\u00e9 sous silence. Il offre un diagnostic lucide et sans complaisance des situations douloureuses et destructrices.<\/p>\n\n\n\n<p>L&rsquo;auteur explore minutieusement les m\u00e9canismes de pouvoir, les jeux d&rsquo;ego et les fractures relationnelles. Ces dysfonctionnements peuvent effectivement fragiliser l&rsquo;harmonie des Ateliers.<\/p>\n\n\n\n<p>Bien plus qu&rsquo;une simple critique, cet essai trace un chemin vers une franc-ma\u00e7onnerie plus consciente. Il interpelle les consciences et invite \u00e0 une r\u00e9flexion profonde sur les pratiques actuelles. Cette lecture s&rsquo;av\u00e8re indispensable pour tous ceux qui croient en la beaut\u00e9 d&rsquo;un Temple. Un Temple habit\u00e9 par la lumi\u00e8re plut\u00f4t que par l&rsquo;ombre.<\/p>\n\n\n\n<h3 class=\"wp-block-heading progTitreConf\">L&rsquo;engagement ma\u00e7onnique au service de la fraternit\u00e9<\/h3>\n\n\n\n<p><strong>Marc Amani<\/strong> a men\u00e9 un profond travail de qu\u00eate de sens tout au long de son parcours. Il se r\u00e9v\u00e8le \u00e0 la fois gardien d&rsquo;un espace sacr\u00e9, protecteur et lib\u00e9rateur. Membre d&rsquo;une Loge du Grand Sud-Ouest, il poursuit d\u00e9sormais son \u0153uvre dans le silence.<\/p>\n\n\n\n<p>Pour lui, l&rsquo;objectif de son travail consiste \u00e0 partager des exp\u00e9riences authentiques. Il souhaite \u00e9galement tendre une main fraternelle sur le chemin de la fraternit\u00e9. Son engagement ma\u00e7onnique s&rsquo;inscrit donc dans une v\u00e9ritable qu\u00eate de sens. Sa rigueur professionnelle et sa sensibilit\u00e9 litt\u00e9raire se conjuguent harmonieusement. Elles lui permettent ainsi de transmettre les valeurs humanistes qui lui sont ch\u00e8res.<\/p>\n\n\n\n<p>Notre <strong>Biennale<\/strong>, avec pour th\u00e8me \u00ab\u00a0<strong><em>Vivre ensemble : de l&rsquo;utopie \u00e0 la r\u00e9alit\u00e9<\/em><\/strong>\u00ab\u00a0, ne pouvait \u00e9videmment pas passer ce sujet sous silence.<\/p>\n\n\n\n<figure class=\"wp-block-image size-large is-resized\"><a href=\"https:\/\/www.imaq.fr\/blog\/wp-content\/uploads\/2025\/09\/Maltraitances-en-Loge_0001.jpg\"><img loading=\"lazy\" decoding=\"async\" width=\"722\" height=\"1024\" src=\"https:\/\/www.imaq.fr\/blog\/wp-content\/uploads\/2025\/09\/Maltraitances-en-Loge_0001-722x1024.jpg\" alt=\"Maltraitance en loge : r\u00e9flexion pour une franc-ma\u00e7onnerie bienveillante, sign\u00e9 Marc Amani, psychologue et ma\u00e7on\" class=\"wp-image-2993 colorbox-2992\" style=\"width:auto;height:450px\" srcset=\"https:\/\/www.imaq.fr\/blog\/wp-content\/uploads\/2025\/09\/Maltraitances-en-Loge_0001-722x1024.jpg 722w, https:\/\/www.imaq.fr\/blog\/wp-content\/uploads\/2025\/09\/Maltraitances-en-Loge_0001-212x300.jpg 212w, https:\/\/www.imaq.fr\/blog\/wp-content\/uploads\/2025\/09\/Maltraitances-en-Loge_0001-768x1089.jpg 768w, https:\/\/www.imaq.fr\/blog\/wp-content\/uploads\/2025\/09\/Maltraitances-en-Loge_0001.jpg 856w\" sizes=\"auto, (max-width: 722px) 100vw, 722px\" \/><\/a><\/figure>\n","protected":false},"excerpt":{"rendered":"<p>l&rsquo;art de sonder l&rsquo;\u00e2me humaine Marc Amani pr\u00e9sente un profil professionnel particuli\u00e8rement atypique. Il exerce simultan\u00e9ment comme psychologue, psychanalyste et orthophoniste. Depuis de nombreuses ann\u00e9es, il se consacre ainsi \u00e0 l&rsquo;\u00e9tude des arcanes de l&rsquo;\u00e2me humaine. Son engagement dans les domaines de l&rsquo;\u00e9thique et de la transmission demeure au c\u0153ur de son travail. Naturellement, son [&hellip;]<\/p>\n","protected":false},"author":2,"featured_media":0,"comment_status":"closed","ping_status":"open","sticky":false,"template":"","format":"standard","meta":{"_editorskit_title_hidden":false,"_editorskit_reading_time":0,"_editorskit_is_block_options_detached":false,"_editorskit_block_options_position":"{}","footnotes":""},"categories":[2,275],"tags":[67,64,278,304,47,450,449],"class_list":["post-2992","post","type-post","status-publish","format-standard","hentry","category-auteur","category-biennale-2025","tag-auteur","tag-bcmb","tag-bcmb2025","tag-biennale-culturelle-maconnique","tag-franc-maconnerie","tag-maltraitances-en-loge","tag-marc-amani"],"yoast_head":"<!-- This site is optimized with the Yoast SEO plugin v27.5 - https:\/\/yoast.com\/product\/yoast-seo-wordpress\/ -->\n<title>Marc Amani : Psychologie, ma\u00e7onnerie et humanisme<\/title>\n<meta name=\"description\" content=\"La maltraitance en loge existe. Marc Amani, psychologue et ma\u00e7on, explore l&#039;\u00e9thique et les fractures relationnelles en ma\u00e7onnerie.\" \/>\n<meta name=\"robots\" content=\"index, follow, max-snippet:-1, max-image-preview:large, max-video-preview:-1\" \/>\n<link rel=\"canonical\" href=\"https:\/\/www.imaq.fr\/blog\/2025\/09\/marc-amani\/\" \/>\n<meta property=\"og:locale\" content=\"fr_FR\" \/>\n<meta property=\"og:type\" content=\"article\" \/>\n<meta property=\"og:title\" content=\"Quand un psychologue explore la franc-ma\u00e7onnerie\" \/>\n<meta property=\"og:description\" content=\"Marc Amani, psychologue et auteur, l\u00e8ve le voile sur un sujet d\u00e9licat. Son livre &quot;Maltraitances en Loge&quot; est une invitation \u00e0 l&#039;introspection et au dialogue. #MarcAmani #Psychologie #FrancMa\u00e7onnerie #Livre\" \/>\n<meta property=\"og:url\" content=\"https:\/\/www.imaq.fr\/blog\/2025\/09\/marc-amani\/\" \/>\n<meta property=\"og:site_name\" content=\"Biennale Culturelle Ma\u00e7onnique de Bordeaux\" \/>\n<meta property=\"article:publisher\" content=\"https:\/\/www.facebook.com\/biennaleculturellemaconnique.bordeaux\" \/>\n<meta property=\"article:published_time\" content=\"2025-09-18T17:55:22+00:00\" \/>\n<meta property=\"article:modified_time\" content=\"2025-09-20T14:01:01+00:00\" \/>\n<meta property=\"og:image\" content=\"https:\/\/www.imaq.fr\/blog\/wp-content\/uploads\/2025\/09\/Maltraitances-en-Loge_0001.jpg\" \/>\n\t<meta property=\"og:image:width\" content=\"856\" \/>\n\t<meta property=\"og:image:height\" content=\"1214\" \/>\n\t<meta property=\"og:image:type\" content=\"image\/jpeg\" \/>\n<meta name=\"author\" content=\"BCMB\" \/>\n<meta name=\"twitter:card\" content=\"summary_large_image\" \/>\n<meta name=\"twitter:label1\" content=\"\u00c9crit par\" \/>\n\t<meta name=\"twitter:data1\" content=\"BCMB\" \/>\n\t<meta name=\"twitter:label2\" content=\"Dur\u00e9e de lecture estim\u00e9e\" \/>\n\t<meta name=\"twitter:data2\" content=\"2 minutes\" \/>\n<script type=\"application\/ld+json\" class=\"yoast-schema-graph\">{\"@context\":\"https:\\\/\\\/schema.org\",\"@graph\":[{\"@type\":\"Article\",\"@id\":\"https:\\\/\\\/www.imaq.fr\\\/blog\\\/2025\\\/09\\\/marc-amani\\\/#article\",\"isPartOf\":{\"@id\":\"https:\\\/\\\/www.imaq.fr\\\/blog\\\/2025\\\/09\\\/marc-amani\\\/\"},\"author\":{\"name\":\"BCMB\",\"@id\":\"https:\\\/\\\/www.imaq.fr\\\/blog\\\/#\\\/schema\\\/person\\\/3df683af05c9d4e9401e01364d03a5fd\"},\"headline\":\"Marc AMANI\",\"datePublished\":\"2025-09-18T17:55:22+00:00\",\"dateModified\":\"2025-09-20T14:01:01+00:00\",\"mainEntityOfPage\":{\"@id\":\"https:\\\/\\\/www.imaq.fr\\\/blog\\\/2025\\\/09\\\/marc-amani\\\/\"},\"wordCount\":388,\"publisher\":{\"@id\":\"https:\\\/\\\/www.imaq.fr\\\/blog\\\/#organization\"},\"image\":{\"@id\":\"https:\\\/\\\/www.imaq.fr\\\/blog\\\/2025\\\/09\\\/marc-amani\\\/#primaryimage\"},\"thumbnailUrl\":\"https:\\\/\\\/www.imaq.fr\\\/blog\\\/wp-content\\\/uploads\\\/2025\\\/09\\\/Maltraitances-en-Loge_0001-722x1024.jpg\",\"keywords\":[\"auteur\",\"bcmb\",\"bcmb2025\",\"Biennale Culturelle Ma\u00e7onnique\",\"franc-ma\u00e7onnerie\",\"Maltraitances en Loge\",\"Marc Amani\"],\"articleSection\":[\"Auteurs\",\"Biennale 2025\"],\"inLanguage\":\"fr-FR\"},{\"@type\":\"WebPage\",\"@id\":\"https:\\\/\\\/www.imaq.fr\\\/blog\\\/2025\\\/09\\\/marc-amani\\\/\",\"url\":\"https:\\\/\\\/www.imaq.fr\\\/blog\\\/2025\\\/09\\\/marc-amani\\\/\",\"name\":\"Marc Amani : Psychologie, ma\u00e7onnerie et humanisme\",\"isPartOf\":{\"@id\":\"https:\\\/\\\/www.imaq.fr\\\/blog\\\/#website\"},\"primaryImageOfPage\":{\"@id\":\"https:\\\/\\\/www.imaq.fr\\\/blog\\\/2025\\\/09\\\/marc-amani\\\/#primaryimage\"},\"image\":{\"@id\":\"https:\\\/\\\/www.imaq.fr\\\/blog\\\/2025\\\/09\\\/marc-amani\\\/#primaryimage\"},\"thumbnailUrl\":\"https:\\\/\\\/www.imaq.fr\\\/blog\\\/wp-content\\\/uploads\\\/2025\\\/09\\\/Maltraitances-en-Loge_0001-722x1024.jpg\",\"datePublished\":\"2025-09-18T17:55:22+00:00\",\"dateModified\":\"2025-09-20T14:01:01+00:00\",\"description\":\"La maltraitance en loge existe. Marc Amani, psychologue et ma\u00e7on, explore l'\u00e9thique et les fractures relationnelles en ma\u00e7onnerie.\",\"breadcrumb\":{\"@id\":\"https:\\\/\\\/www.imaq.fr\\\/blog\\\/2025\\\/09\\\/marc-amani\\\/#breadcrumb\"},\"inLanguage\":\"fr-FR\",\"potentialAction\":[{\"@type\":\"ReadAction\",\"target\":[\"https:\\\/\\\/www.imaq.fr\\\/blog\\\/2025\\\/09\\\/marc-amani\\\/\"]}]},{\"@type\":\"ImageObject\",\"inLanguage\":\"fr-FR\",\"@id\":\"https:\\\/\\\/www.imaq.fr\\\/blog\\\/2025\\\/09\\\/marc-amani\\\/#primaryimage\",\"url\":\"https:\\\/\\\/www.imaq.fr\\\/blog\\\/wp-content\\\/uploads\\\/2025\\\/09\\\/Maltraitances-en-Loge_0001.jpg\",\"contentUrl\":\"https:\\\/\\\/www.imaq.fr\\\/blog\\\/wp-content\\\/uploads\\\/2025\\\/09\\\/Maltraitances-en-Loge_0001.jpg\",\"width\":856,\"height\":1214,\"caption\":\"Maltraitance en loge : r\u00e9flexion pour une franc-ma\u00e7onnerie bienveillante, sign\u00e9 Marc Amani, psychologue et ma\u00e7on\"},{\"@type\":\"BreadcrumbList\",\"@id\":\"https:\\\/\\\/www.imaq.fr\\\/blog\\\/2025\\\/09\\\/marc-amani\\\/#breadcrumb\",\"itemListElement\":[{\"@type\":\"ListItem\",\"position\":1,\"name\":\"Accueil\",\"item\":\"https:\\\/\\\/www.imaq.fr\\\/blog\\\/\"},{\"@type\":\"ListItem\",\"position\":2,\"name\":\"Marc AMANI\"}]},{\"@type\":\"WebSite\",\"@id\":\"https:\\\/\\\/www.imaq.fr\\\/blog\\\/#website\",\"url\":\"https:\\\/\\\/www.imaq.fr\\\/blog\\\/\",\"name\":\"Biennale Culturelle Ma\u00e7onnique de Bordeaux\",\"description\":\"IMAQ\",\"publisher\":{\"@id\":\"https:\\\/\\\/www.imaq.fr\\\/blog\\\/#organization\"},\"potentialAction\":[{\"@type\":\"SearchAction\",\"target\":{\"@type\":\"EntryPoint\",\"urlTemplate\":\"https:\\\/\\\/www.imaq.fr\\\/blog\\\/?s={search_term_string}\"},\"query-input\":{\"@type\":\"PropertyValueSpecification\",\"valueRequired\":true,\"valueName\":\"search_term_string\"}}],\"inLanguage\":\"fr-FR\"},{\"@type\":\"Organization\",\"@id\":\"https:\\\/\\\/www.imaq.fr\\\/blog\\\/#organization\",\"name\":\"Biennale Culturelle Ma\u00e7onnique de Bordeaux\",\"url\":\"https:\\\/\\\/www.imaq.fr\\\/blog\\\/\",\"logo\":{\"@type\":\"ImageObject\",\"inLanguage\":\"fr-FR\",\"@id\":\"https:\\\/\\\/www.imaq.fr\\\/blog\\\/#\\\/schema\\\/logo\\\/image\\\/\",\"url\":\"https:\\\/\\\/www.imaq.fr\\\/blog\\\/wp-content\\\/uploads\\\/2014\\\/12\\\/logo-bcmc.jpg\",\"contentUrl\":\"https:\\\/\\\/www.imaq.fr\\\/blog\\\/wp-content\\\/uploads\\\/2014\\\/12\\\/logo-bcmc.jpg\",\"width\":759,\"height\":784,\"caption\":\"Biennale Culturelle Ma\u00e7onnique de Bordeaux\"},\"image\":{\"@id\":\"https:\\\/\\\/www.imaq.fr\\\/blog\\\/#\\\/schema\\\/logo\\\/image\\\/\"},\"sameAs\":[\"https:\\\/\\\/www.facebook.com\\\/biennaleculturellemaconnique.bordeaux\"]},{\"@type\":\"Person\",\"@id\":\"https:\\\/\\\/www.imaq.fr\\\/blog\\\/#\\\/schema\\\/person\\\/3df683af05c9d4e9401e01364d03a5fd\",\"name\":\"BCMB\",\"image\":{\"@type\":\"ImageObject\",\"inLanguage\":\"fr-FR\",\"@id\":\"https:\\\/\\\/secure.gravatar.com\\\/avatar\\\/d6fbbbb38de40bcc3a41d4467d090d3b92513d4eb33fc933729359bbce505880?s=96&d=identicon&r=g\",\"url\":\"https:\\\/\\\/secure.gravatar.com\\\/avatar\\\/d6fbbbb38de40bcc3a41d4467d090d3b92513d4eb33fc933729359bbce505880?s=96&d=identicon&r=g\",\"contentUrl\":\"https:\\\/\\\/secure.gravatar.com\\\/avatar\\\/d6fbbbb38de40bcc3a41d4467d090d3b92513d4eb33fc933729359bbce505880?s=96&d=identicon&r=g\",\"caption\":\"BCMB\"},\"sameAs\":[\"https:\\\/\\\/www.imaq.fr\"],\"url\":\"https:\\\/\\\/www.imaq.fr\\\/blog\\\/author\\\/pomirol\\\/\"}]}<\/script>\n<!-- \/ Yoast SEO plugin. -->","yoast_head_json":{"title":"Marc Amani : Psychologie, ma\u00e7onnerie et humanisme","description":"La maltraitance en loge existe. Marc Amani, psychologue et ma\u00e7on, explore l'\u00e9thique et les fractures relationnelles en ma\u00e7onnerie.","robots":{"index":"index","follow":"follow","max-snippet":"max-snippet:-1","max-image-preview":"max-image-preview:large","max-video-preview":"max-video-preview:-1"},"canonical":"https:\/\/www.imaq.fr\/blog\/2025\/09\/marc-amani\/","og_locale":"fr_FR","og_type":"article","og_title":"Quand un psychologue explore la franc-ma\u00e7onnerie","og_description":"Marc Amani, psychologue et auteur, l\u00e8ve le voile sur un sujet d\u00e9licat. Son livre \"Maltraitances en Loge\" est une invitation \u00e0 l'introspection et au dialogue. #MarcAmani #Psychologie #FrancMa\u00e7onnerie #Livre","og_url":"https:\/\/www.imaq.fr\/blog\/2025\/09\/marc-amani\/","og_site_name":"Biennale Culturelle Ma\u00e7onnique de Bordeaux","article_publisher":"https:\/\/www.facebook.com\/biennaleculturellemaconnique.bordeaux","article_published_time":"2025-09-18T17:55:22+00:00","article_modified_time":"2025-09-20T14:01:01+00:00","og_image":[{"width":856,"height":1214,"url":"https:\/\/www.imaq.fr\/blog\/wp-content\/uploads\/2025\/09\/Maltraitances-en-Loge_0001.jpg","type":"image\/jpeg"}],"author":"BCMB","twitter_card":"summary_large_image","twitter_misc":{"\u00c9crit par":"BCMB","Dur\u00e9e de lecture estim\u00e9e":"2 minutes"},"schema":{"@context":"https:\/\/schema.org","@graph":[{"@type":"Article","@id":"https:\/\/www.imaq.fr\/blog\/2025\/09\/marc-amani\/#article","isPartOf":{"@id":"https:\/\/www.imaq.fr\/blog\/2025\/09\/marc-amani\/"},"author":{"name":"BCMB","@id":"https:\/\/www.imaq.fr\/blog\/#\/schema\/person\/3df683af05c9d4e9401e01364d03a5fd"},"headline":"Marc AMANI","datePublished":"2025-09-18T17:55:22+00:00","dateModified":"2025-09-20T14:01:01+00:00","mainEntityOfPage":{"@id":"https:\/\/www.imaq.fr\/blog\/2025\/09\/marc-amani\/"},"wordCount":388,"publisher":{"@id":"https:\/\/www.imaq.fr\/blog\/#organization"},"image":{"@id":"https:\/\/www.imaq.fr\/blog\/2025\/09\/marc-amani\/#primaryimage"},"thumbnailUrl":"https:\/\/www.imaq.fr\/blog\/wp-content\/uploads\/2025\/09\/Maltraitances-en-Loge_0001-722x1024.jpg","keywords":["auteur","bcmb","bcmb2025","Biennale Culturelle Ma\u00e7onnique","franc-ma\u00e7onnerie","Maltraitances en Loge","Marc Amani"],"articleSection":["Auteurs","Biennale 2025"],"inLanguage":"fr-FR"},{"@type":"WebPage","@id":"https:\/\/www.imaq.fr\/blog\/2025\/09\/marc-amani\/","url":"https:\/\/www.imaq.fr\/blog\/2025\/09\/marc-amani\/","name":"Marc Amani : Psychologie, ma\u00e7onnerie et humanisme","isPartOf":{"@id":"https:\/\/www.imaq.fr\/blog\/#website"},"primaryImageOfPage":{"@id":"https:\/\/www.imaq.fr\/blog\/2025\/09\/marc-amani\/#primaryimage"},"image":{"@id":"https:\/\/www.imaq.fr\/blog\/2025\/09\/marc-amani\/#primaryimage"},"thumbnailUrl":"https:\/\/www.imaq.fr\/blog\/wp-content\/uploads\/2025\/09\/Maltraitances-en-Loge_0001-722x1024.jpg","datePublished":"2025-09-18T17:55:22+00:00","dateModified":"2025-09-20T14:01:01+00:00","description":"La maltraitance en loge existe. Marc Amani, psychologue et ma\u00e7on, explore l'\u00e9thique et les fractures relationnelles en ma\u00e7onnerie.","breadcrumb":{"@id":"https:\/\/www.imaq.fr\/blog\/2025\/09\/marc-amani\/#breadcrumb"},"inLanguage":"fr-FR","potentialAction":[{"@type":"ReadAction","target":["https:\/\/www.imaq.fr\/blog\/2025\/09\/marc-amani\/"]}]},{"@type":"ImageObject","inLanguage":"fr-FR","@id":"https:\/\/www.imaq.fr\/blog\/2025\/09\/marc-amani\/#primaryimage","url":"https:\/\/www.imaq.fr\/blog\/wp-content\/uploads\/2025\/09\/Maltraitances-en-Loge_0001.jpg","contentUrl":"https:\/\/www.imaq.fr\/blog\/wp-content\/uploads\/2025\/09\/Maltraitances-en-Loge_0001.jpg","width":856,"height":1214,"caption":"Maltraitance en loge : r\u00e9flexion pour une franc-ma\u00e7onnerie bienveillante, sign\u00e9 Marc Amani, psychologue et ma\u00e7on"},{"@type":"BreadcrumbList","@id":"https:\/\/www.imaq.fr\/blog\/2025\/09\/marc-amani\/#breadcrumb","itemListElement":[{"@type":"ListItem","position":1,"name":"Accueil","item":"https:\/\/www.imaq.fr\/blog\/"},{"@type":"ListItem","position":2,"name":"Marc AMANI"}]},{"@type":"WebSite","@id":"https:\/\/www.imaq.fr\/blog\/#website","url":"https:\/\/www.imaq.fr\/blog\/","name":"Biennale Culturelle Ma\u00e7onnique de Bordeaux","description":"IMAQ","publisher":{"@id":"https:\/\/www.imaq.fr\/blog\/#organization"},"potentialAction":[{"@type":"SearchAction","target":{"@type":"EntryPoint","urlTemplate":"https:\/\/www.imaq.fr\/blog\/?s={search_term_string}"},"query-input":{"@type":"PropertyValueSpecification","valueRequired":true,"valueName":"search_term_string"}}],"inLanguage":"fr-FR"},{"@type":"Organization","@id":"https:\/\/www.imaq.fr\/blog\/#organization","name":"Biennale Culturelle Ma\u00e7onnique de Bordeaux","url":"https:\/\/www.imaq.fr\/blog\/","logo":{"@type":"ImageObject","inLanguage":"fr-FR","@id":"https:\/\/www.imaq.fr\/blog\/#\/schema\/logo\/image\/","url":"https:\/\/www.imaq.fr\/blog\/wp-content\/uploads\/2014\/12\/logo-bcmc.jpg","contentUrl":"https:\/\/www.imaq.fr\/blog\/wp-content\/uploads\/2014\/12\/logo-bcmc.jpg","width":759,"height":784,"caption":"Biennale Culturelle Ma\u00e7onnique de Bordeaux"},"image":{"@id":"https:\/\/www.imaq.fr\/blog\/#\/schema\/logo\/image\/"},"sameAs":["https:\/\/www.facebook.com\/biennaleculturellemaconnique.bordeaux"]},{"@type":"Person","@id":"https:\/\/www.imaq.fr\/blog\/#\/schema\/person\/3df683af05c9d4e9401e01364d03a5fd","name":"BCMB","image":{"@type":"ImageObject","inLanguage":"fr-FR","@id":"https:\/\/secure.gravatar.com\/avatar\/d6fbbbb38de40bcc3a41d4467d090d3b92513d4eb33fc933729359bbce505880?s=96&d=identicon&r=g","url":"https:\/\/secure.gravatar.com\/avatar\/d6fbbbb38de40bcc3a41d4467d090d3b92513d4eb33fc933729359bbce505880?s=96&d=identicon&r=g","contentUrl":"https:\/\/secure.gravatar.com\/avatar\/d6fbbbb38de40bcc3a41d4467d090d3b92513d4eb33fc933729359bbce505880?s=96&d=identicon&r=g","caption":"BCMB"},"sameAs":["https:\/\/www.imaq.fr"],"url":"https:\/\/www.imaq.fr\/blog\/author\/pomirol\/"}]}},"_links":{"self":[{"href":"https:\/\/www.imaq.fr\/blog\/wp-json\/wp\/v2\/posts\/2992","targetHints":{"allow":["GET"]}}],"collection":[{"href":"https:\/\/www.imaq.fr\/blog\/wp-json\/wp\/v2\/posts"}],"about":[{"href":"https:\/\/www.imaq.fr\/blog\/wp-json\/wp\/v2\/types\/post"}],"author":[{"embeddable":true,"href":"https:\/\/www.imaq.fr\/blog\/wp-json\/wp\/v2\/users\/2"}],"replies":[{"embeddable":true,"href":"https:\/\/www.imaq.fr\/blog\/wp-json\/wp\/v2\/comments?post=2992"}],"version-history":[{"count":0,"href":"https:\/\/www.imaq.fr\/blog\/wp-json\/wp\/v2\/posts\/2992\/revisions"}],"wp:attachment":[{"href":"https:\/\/www.imaq.fr\/blog\/wp-json\/wp\/v2\/media?parent=2992"}],"wp:term":[{"taxonomy":"category","embeddable":true,"href":"https:\/\/www.imaq.fr\/blog\/wp-json\/wp\/v2\/categories?post=2992"},{"taxonomy":"post_tag","embeddable":true,"href":"https:\/\/www.imaq.fr\/blog\/wp-json\/wp\/v2\/tags?post=2992"}],"curies":[{"name":"wp","href":"https:\/\/api.w.org\/{rel}","templated":true}]}}