{"id":3320,"date":"2025-12-24T14:43:57","date_gmt":"2025-12-24T14:43:57","guid":{"rendered":"https:\/\/www.imaq.fr\/blog\/?p=3320"},"modified":"2025-12-24T14:43:58","modified_gmt":"2025-12-24T14:43:58","slug":"economie-sociale-solidaire-ess-biennale-bordeaux","status":"publish","type":"post","link":"https:\/\/www.imaq.fr\/blog\/2025\/12\/economie-sociale-solidaire-ess-biennale-bordeaux\/","title":{"rendered":"\u00c9conomie sociale et solidaire : Pour une \u00e9conomie \u00e0 visage humain, moteur d\u2019un vivre ensemble durable"},"content":{"rendered":"\n<figure class=\"wp-block-image size-large\"><a href=\"https:\/\/www.imaq.fr\/blog\/wp-content\/uploads\/2025\/10\/DSC_5773-scaled.jpg\"><img loading=\"lazy\" decoding=\"async\" width=\"1024\" height=\"652\" src=\"https:\/\/www.imaq.fr\/blog\/wp-content\/uploads\/2025\/10\/DSC_5773-1024x652.jpg\" alt=\"Marie-Laure Cuvelier et Timoth\u00e9e Duverger lors de la conf\u00e9rence sur l'\u00c9conomie Sociale et Solidaire \u00e0 Bordeaux.\" class=\"wp-image-3144 colorbox-3320\" srcset=\"https:\/\/www.imaq.fr\/blog\/wp-content\/uploads\/2025\/10\/DSC_5773-1024x652.jpg 1024w, https:\/\/www.imaq.fr\/blog\/wp-content\/uploads\/2025\/10\/DSC_5773-300x191.jpg 300w, https:\/\/www.imaq.fr\/blog\/wp-content\/uploads\/2025\/10\/DSC_5773-768x489.jpg 768w, https:\/\/www.imaq.fr\/blog\/wp-content\/uploads\/2025\/10\/DSC_5773-1536x978.jpg 1536w, https:\/\/www.imaq.fr\/blog\/wp-content\/uploads\/2025\/10\/DSC_5773-2048x1304.jpg 2048w\" sizes=\"auto, (max-width: 1024px) 100vw, 1024px\" \/><\/a><figcaption class=\"wp-element-caption\">Marie-Laure Cuvelier (Conseill\u00e8re r\u00e9gionale) et Timoth\u00e9e Duverger (Sciences Po Bordeaux) d\u00e9battent de l&rsquo;avenir de l&rsquo;ESS.<\/figcaption><\/figure>\n\n\n\n<figure class=\"wp-block-audio\"><audio controls src=\"https:\/\/www.imaq.fr\/blog\/wp-content\/uploads\/2025\/12\/5-EcoSocSol-Cuvelier-Duverger.mp3\"><\/audio><figcaption class=\"wp-element-caption\">Enregistrement de la conf\u00e9rence \u00ab \u00c9conomie sociale et solidaire : Pour une \u00e9conomie \u00e0 visage humain, moteur d\u2019un vivre ensemble durable \u00bb.<\/figcaption><\/figure>\n\n\n\n<ul class=\"wp-block-list\">\n<li>Conf\u00e9rence de Marie-Laure CUVELIER, conseill\u00e8re r\u00e9gionale de Nouvelle-Aquitaine, d\u00e9l\u00e9gu\u00e9e \u00e0 l\u2019\u00c9conomie Sociale et Solidaire,<\/li>\n\n\n\n<li>mod\u00e9r\u00e9e par Timoth\u00e9e DUVERGER, responsable de la chaire TerrESS \u00e0 Sciences Po Bordeaux<\/li>\n<\/ul>\n\n\n\n<p>Le 18 octobre 2025, dans le cadre de la Biennale dont le th\u00e8me est \u00ab&nbsp;Vivre ensemble&nbsp;: de l\u2019utopie \u00e0 la r\u00e9alit\u00e9&nbsp;\u00bb, s\u2019est tenue une conf\u00e9rence intitul\u00e9e <strong>\u00ab\u202f\u00c9conomie sociale et solidaire : Pour une \u00e9conomie \u00e0 visage humain, moteur d\u2019un vivre ensemble durable\u202f\u00bb<\/strong>. <\/p>\n\n\n\n<p>Pendant plus d&rsquo;une heure, deux figures r\u00e9gionales de l&rsquo;ESS ont \u00e9chang\u00e9. Le public \u00e9tait attentif et nombreux. <strong>Marie-Laure Cuvelier<\/strong>, conseill\u00e8re r\u00e9gionale de Nouvelle-Aquitaine d\u00e9l\u00e9gu\u00e9e \u00e0 l&rsquo;ESS, d\u00e9crivait son parcours et son engagement. \u00c0 ses c\u00f4t\u00e9s, <strong>Timoth\u00e9e Duverger<\/strong>, responsable de la chaire TerrESS \u00e0 Sciences Po Bordeaux, apportait son expertise.<\/p>\n\n\n\n<p>Cette conf\u00e9rence intervenait \u00e0 un moment strat\u00e9gique. En effet, elle pr\u00e9c\u00e9dait de 10 jours le Forum mondial de l&rsquo;\u00e9conomie sociale et solidaire. Car ce forum se tenait \u00e0 Bordeaux du 29 au 31 octobre 2025. <\/p>\n\n\n\n<p>Le public a \u00e9galement pu s&rsquo;exprimer. Les \u00e9changes ont mis en lumi\u00e8re de nombreux aspects et notamment, les d\u00e9fis du secteur ont \u00e9t\u00e9 \u00e9voqu\u00e9s. Les r\u00e9ussites ont \u00e9t\u00e9 salu\u00e9es. Les perspectives d&rsquo;avenir ont \u00e9t\u00e9 d\u00e9battues.<\/p>\n\n\n\n<p>Un chiffre impressionne : l&rsquo;ESS repr\u00e9sente aujourd&rsquo;hui <strong>14 % de l&#8217;emploi priv\u00e9 en France<\/strong>. Pourtant, le secteur reste sous-financ\u00e9. Cette situation contraste avec son poids \u00e9conomique et social r\u00e9el.<\/p>\n\n\n\n<h2 class=\"wp-block-heading\">L\u2019ESS : une \u00e9conomie pas comme les autres<\/h2>\n\n\n\n<p>D\u00e8s l\u2019ouverture, Timoth\u00e9e Duverger a rappel\u00e9 les fondements de l\u2019ESS, tels que d\u00e9finis par la loi de 2014\u202f:<\/p>\n\n\n\n<ul class=\"wp-block-list\">\n<li><strong>Finalit\u00e9 autre que le profit<\/strong>\u202f: les structures de l\u2019ESS poursuivent des objectifs sp\u00e9cifiques sociaux, environnementaux ou culturels. Par cons\u00e9quent, elles d\u00e9passent la seule recherche de b\u00e9n\u00e9fices.<\/li>\n\n\n\n<li><strong>Lucrativit\u00e9 limit\u00e9e<\/strong>\u202f: les \u00e9ventuels exc\u00e9dents ne sont pas distribu\u00e9s \u00e0 des actionnaires. Au contraire, ils sont r\u00e9investis dans l\u2019activit\u00e9 elle-m\u00eame.<\/li>\n\n\n\n<li><strong>Gouvernance d\u00e9mocratique<\/strong>\u202f: un principe fondamental s&rsquo;applique : une personne \u00e9gale une voix. Ce principe distingue clairement les structures de l&rsquo;ESS. Ainsi, coop\u00e9ratives, mutuelles, associations et fondations se d\u00e9marquent des entreprises classiques.<\/li>\n<\/ul>\n\n\n\n<p>Il a insist\u00e9 sur la diversit\u00e9 des acteurs\u202fcar le secteur est vari\u00e9. On trouve des grandes mutuelles comme la MAIF ou la MGEN, des coop\u00e9ratives de consommateurs. Les associations culturelles, sportives ou sociales jouent un r\u00f4le majeur. Enfin, certaines soci\u00e9t\u00e9s commerciales adoptent les statuts de l\u2019ESS.<\/p>\n\n\n\n<p>Cette mise en contexte a permis de rappeler un fait essentiel. L\u2019ESS n\u2019est pas une \u00e9conomie marginale. Au contraire, c&rsquo;est un pilier structurant de la soci\u00e9t\u00e9 fran\u00e7aise et europ\u00e9enne.<\/p>\n\n\n\n<h2 class=\"wp-block-heading\">Bordeaux, capitale mondiale de l\u2019ESS le temps d\u2019un forum<\/h2>\n\n\n\n<p>Marie-Laure Cuvelier a pr\u00e9sent\u00e9 le <strong>Global Social Economy Forum (GSEF)<\/strong>, organis\u00e9 \u00e0 Bordeaux du 29 au 31 octobre. <\/p>\n\n\n\n<p>Ce forum a d\u00e9j\u00e0 voyag\u00e9 dans le monde entier. Il est pass\u00e9 par S\u00e9oul et Montr\u00e9al. Il a \u00e9galement fait \u00e9tape \u00e0 Dakar et Mexico. Cette \u00e9dition bordelaise va rassembler pr\u00e8s de <strong>5 000 participants<\/strong> venant du monde entier.<\/p>\n\n\n\n<p>Madame Cuvelier a soulign\u00e9 l\u2019importance symbolique de ce forum\u202fdans un contexte mondial difficile. Les tensions g\u00e9opolitiques se multiplient. Les guerres persistent. Les crises s&rsquo;accumulent. Dans ce contexte, l\u2019ESS appara\u00eet comme une alternative. Elle constitue une <strong>\u00ab\u202f\u00e9conomie pacifique et d\u00e9mocratique\u202f\u00bb<\/strong>, capable de favoriser la coop\u00e9ration internationale. De plus, elle promeut une <strong>\u00ab\u202f\u00e9conomie de la paix\u202f\u00bb<\/strong>, dimension fondamentale aujourd&rsquo;hui.<\/p>\n\n\n\n<p>Au-del\u00e0 des d\u00e9bats diplomatiques, le forum va permettre aux d\u00e9l\u00e9gations \u00e9trang\u00e8res de d\u00e9couvrir des initiatives locales.  Par exemple, des coop\u00e9ratives agricoles, des caf\u00e9s associatifs, des projets d\u2019alimentation durable, des tiers-lieux cr\u00e9atifs\u2026 Tous ces exemples concrets illustrent une r\u00e9alit\u00e9 : l\u2019ESS revitalise les territoires de mani\u00e8re tangible..<\/p>\n\n\n\n<h2 class=\"wp-block-heading\">Une trajectoire personnelle : du burn-out publicitaire \u00e0 l\u2019engagement coop\u00e9ratif<\/h2>\n\n\n\n<p>L\u2019un des moments les plus marquants fut un t\u00e9moignage personnel de Marie-Laure Cuvelier. Elle a racont\u00e9 son parcours. Son r\u00e9cit a captiv\u00e9 l&rsquo;assistance. <\/p>\n\n\n\n<p>Apr\u00e8s des \u00e9tudes de communication, elle travaille dans de grandes agences parisiennes. Elle g\u00e8re notamment le budget publicitaire de McDonald\u2019s. \u00c0 25 ans, elle traverse un <strong>burn-out<\/strong>. Cette exp\u00e9rience la marque profond\u00e9ment.<\/p>\n\n\n\n<p>Elle d\u00e9crit cette p\u00e9riode comme une perte de sens. Une question la hante&nbsp;: \u00ab\u202fQue vais-je raconter \u00e0 mes enfants sur ce que je fais de mes journ\u00e9es\u202f?\u202f\u00bb. Cette interrogation devient obs\u00e9dante&nbsp;; cette crise existentielle la conduit \u00e0 chercher une autre voie. <\/p>\n\n\n\n<p>Elle se met en qu\u00eate d&rsquo;un mod\u00e8le diff\u00e9rent. C&rsquo;est alors qu&rsquo;elle d\u00e9couvre alors les <strong>coop\u00e9ratives d\u2019activit\u00e9 et d\u2019emploi (CAE)<\/strong>. Ces structures permettent \u00e0 des ind\u00e9pendants d\u2019entreprendre collectivement dans un cadre d\u00e9mocratique. Ainsi, elle y trouve un mod\u00e8le qui r\u00e9concilie <strong>\u00e9conomie et humanit\u00e9<\/strong>.<\/p>\n\n\n\n<p>Elle d\u00e9cide de passer \u00e0 l&rsquo;action. Elle fonde \u00e0 Bordeaux un espace de coworking coop\u00e9ratif, le <strong>NOB<a id=\"_ftnref1\" href=\"#_ftn1\"><strong>[1]<\/strong><\/a><\/strong>, avec une gouvernance partag\u00e9e. Chaque membre participe aux d\u00e9cisions.<\/p>\n\n\n\n<p>Son t\u00e9moignage illustre la force de l\u2019ESS. Ce mod\u00e8le aux d\u00e9sillusions du salariat classique et aux d\u00e9rives d\u2019un capitalisme.  Notamment, il s&rsquo;oppose \u00e0 un syst\u00e8me centr\u00e9 uniquement sur le profit. <\/p>\n\n\n\n<p>Elle insiste sur un concept cl\u00e9&nbsp;: la <strong>citoyennet\u00e9 \u00e9conomique<\/strong>. Dans une coop\u00e9rative, chacun a voix au chapitre. Ce principe redonne de la dignit\u00e9 et du sens \u00e0 l&rsquo;activit\u00e9 professionnelle.<\/p>\n\n\n\n<h2 class=\"wp-block-heading\">Les tiers-lieux : une innovation sociale devenue politique publique<\/h2>\n\n\n\n<p>Timoth\u00e9e Duverger a rappel\u00e9 un fait important. Madame Cuvelier fut l\u2019une des pionni\u00e8res du mouvement des <strong>tiers-lieux<\/strong> en Nouvelle-Aquitaine. <\/p>\n\n\n\n<p>Ces espaces hybrides, m\u00ealant coworking, ateliers, culture et vie associative, sont devenus des laboratoires d\u2019innovation sociale.<\/p>\n\n\n\n<p>De l\u2019exp\u00e9rience bordelaise est n\u00e9e une politique publique d&rsquo;abord r\u00e9gionale, puis nationale. C&rsquo;est ainsi que <strong>France Tiers-Lieux<\/strong> a \u00e9t\u00e9 cr\u00e9\u00e9. <\/p>\n\n\n\n<p>Ce passage du local au national illustre la capacit\u00e9 de l\u2019ESS \u00e0 inspirer les politiques publiques. Elle ne se contente pas d&rsquo;agir sur le terrain. Elle transforme aussi les cadres institutionnels.<\/p>\n\n\n\n<p>Madame Cuvelier a soulign\u00e9 que les tiers-lieux ne sont pas seulement des espaces de travail partag\u00e9s. Ils constituent de v\u00e9ritables <strong>\u00ab\u202f\u00e9cosyst\u00e8mes de coop\u00e9ration\u202f\u00bb<\/strong>. Ils sont capables de cr\u00e9er de l\u2019emploi non d\u00e9localisable et de revitaliser des territoires en d\u00e9clin.<\/p>\n\n\n\n<h2 class=\"wp-block-heading\">L\u2019action r\u00e9gionale : innovation sociale et agriculture coop\u00e9rative<\/h2>\n\n\n\n<p>En tant qu&rsquo;\u00e9lue r\u00e9gionale, Marie-Laure Cuvelier a pr\u00e9sent\u00e9 plusieurs dispositifs. La Nouvelle-Aquitaine porte ces actions concr\u00e8tes.<\/p>\n\n\n\n<p>Le premier dispositif est un <strong>appel \u00e0 initiatives d&rsquo;innovation sociale<\/strong>. Ce dispositif offre un soutien financier. Les montants varient entre 30 et 50 000 euros. Ils permettent de financer des projets exp\u00e9rimentaux. L&rsquo;exemple cit\u00e9 est la coop\u00e9rative <strong>Co-actions<\/strong><sup><a id=\"_ftnref2\" href=\"#_ftn2\"><stong>2<\/stong><\/a><\/sup>. Cette structure cherche \u00e0 transformer un m\u00e9tier, le m\u00e9tier d&rsquo;agriculteur. Le projet vise \u00e0 donner un v\u00e9ritable statut salari\u00e9 aux jeunes install\u00e9s.<\/p>\n\n\n\n<p>Un second dispositif porte sur les tiers-lieux. La r\u00e9gion apporte un <strong>soutien aux tiers-lieux<\/strong>. Pr\u00e8s de la moiti\u00e9 des tiers-lieux r\u00e9gionaux ont b\u00e9n\u00e9fici\u00e9 d&rsquo;aides publiques. L&rsquo;autre moiti\u00e9 a trouv\u00e9 son \u00e9quilibre \u00e9conomique sans subventions.<\/p>\n\n\n\n<p>Elle insiste sur un point important. L\u2019ESS n\u2019est pas une \u00e9conomie d\u00e9pendante des aides. Au contraire, c&rsquo;est une \u00e9conomie <strong>r\u00e9siliente<\/strong>, avec des taux de survie et de fid\u00e9lisation sup\u00e9rieurs aux entreprises classiques.<\/p>\n\n\n\n<h2 class=\"wp-block-heading\">Les d\u00e9fis financiers : une \u00e9conomie sous-aid\u00e9e<\/h2>\n\n\n\n<p>Timoth\u00e9e Duverger a rappel\u00e9 un chiffre frappant\u202fprovenant de la Cour des Comptes. L\u2019ensemble des entreprises b\u00e9n\u00e9ficie de <strong>200 milliards d\u2019euros<\/strong> d\u2019aides annuelles. L\u2019ESS re\u00e7oit <strong>16 milliards d\u2019euros d\u2019aides publiques<\/strong>, soit 7\u202f% du total des aides. Or elle repr\u00e9sente 14\u202f% de l\u2019emploi priv\u00e9. <\/p>\n\n\n\n<p>Cette disproportion illustre une <strong>injustice structurelle<\/strong>. L\u2019ESS cr\u00e9e plus d\u2019emplois durables et est plus respectueuse de l\u2019environnement. Pourtant elle est <strong>deux fois moins aid\u00e9e<\/strong> que l\u2019\u00e9conomie classique.<\/p>\n\n\n\n<p>Dans un contexte de crise des finances publiques, les associations et structures de l\u2019ESS sont les premi\u00e8res \u00e0 subir les restrictions budg\u00e9taires, comme l\u2019ont rappel\u00e9 les manifestations du 11 octobre.<\/p>\n\n\n\n<h2 class=\"wp-block-heading\">Les questions du public : un dialogue vivant<\/h2>\n\n\n\n<p>La richesse de la conf\u00e9rence tient aussi aux interventions du public. Parmi les six questions pos\u00e9es\u202f:<\/p>\n\n\n\n<ul class=\"wp-block-list\">\n<li><strong>[Salle-1]<\/strong>\u202f: Comment renforcer la visibilit\u00e9 de l\u2019ESS aupr\u00e8s des jeunes\u202f?<\/li>\n\n\n\n<li><strong>[Salle-2]<\/strong>\u202f: Quelle articulation entre ESS et transition \u00e9cologique\u202f?<\/li>\n\n\n\n<li><strong>[Salle-3]<\/strong>\u202f: Comment \u00e9viter que l\u2019ESS soit instrumentalis\u00e9e par les politiques publiques\u202f?<\/li>\n\n\n\n<li><strong>[Salle-4]<\/strong>\u202f: Quelle place pour les coop\u00e9ratives dans les fili\u00e8res industrielles\u202f?<\/li>\n\n\n\n<li><strong>[Salle-5]<\/strong>\u202f: Comment garantir la d\u00e9mocratie interne dans des structures de grande taille\u202f?<\/li>\n\n\n\n<li><strong>[Salle-6]<\/strong>\u202f: Quels liens entre ESS et \u00e9conomie num\u00e9rique\u202f?<\/li>\n<\/ul>\n\n\n\n<p>Les r\u00e9ponses ont mis en avant la n\u00e9cessit\u00e9 d\u2019<strong>enseigner l\u2019ESS d\u00e8s l\u2019\u00e9cole<\/strong>, de renforcer les coop\u00e9rations entre ESS et entreprises classiques, et de pr\u00e9server l\u2019esprit d\u00e9mocratique au sein des structures, m\u00eame lorsqu\u2019elles grandissent.<\/p>\n\n\n\n<h2 class=\"wp-block-heading\">Une utopie r\u00e9aliste<\/h2>\n\n\n\n<p>En conclusion, Madame Cuvelier a insist\u00e9 sur la dimension utopique mais r\u00e9aliste de l\u2019ESS. Loin d\u2019\u00eatre une \u00e9conomie marginale, elle constitue un socle vivant de notre soci\u00e9t\u00e9, un moteur discret mais puissant qui relie des besoins essentiels \u2014 le soin, l\u2019alimentation, l\u2019\u00e9ducation, la culture, le sport, l\u2019habitat \u2014 \u00e0 des formes d\u2019organisation d\u00e9mocratiques et durables. Elle ne se contente pas d\u2019att\u00e9nuer les externalit\u00e9s n\u00e9gatives du march\u00e9, elle propose une autre mani\u00e8re de produire, de d\u00e9cider et de vivre ensemble, en reconduisant la finalit\u00e9 sociale comme boussole du d\u00e9veloppement.<\/p>\n\n\n\n<p>Elle a rappel\u00e9 que l\u2019ESS est d\u00e9j\u00e0 partout, parfois invisible parce qu\u2019int\u00e9gr\u00e9e \u00e0 nos quotidiens, et pourtant d\u00e9cisive dans la capacit\u00e9 de nos territoires \u00e0 tenir dans la dur\u00e9e. Ce n\u2019est pas une \u00e9conomie de secours : c\u2019est une \u00e9conomie de projet, qui cr\u00e9e de l\u2019emploi non d\u00e9localisable, stabilise des fili\u00e8res fragiles, invente des r\u00e9ponses au plus pr\u00e8s des personnes, et refonde la citoyennet\u00e9 dans le travail par la gouvernance partag\u00e9e. \u00c0 l\u2019heure o\u00f9 les indicateurs purement comptables peinent \u00e0 saisir la valeur sociale et \u00e9cologique des activit\u00e9s, l\u2019ESS rend tangible ce que nous voulons pr\u00e9server et transmettre.<\/p>\n\n\n\n<h2 class=\"wp-block-heading\">Vers une \u00e9conomie de la paix<\/h2>\n\n\n\n<p>Dans un monde travers\u00e9 par des crises et des conflits, Madame Cuvelier a d\u00e9fendu l\u2019id\u00e9e d\u2019une \u00ab \u00e9conomie de la paix \u00bb port\u00e9e par la coop\u00e9ration, l\u2019empathie, et le consentement comme m\u00e9thode de d\u00e9cision. Cette paix n\u2019est pas l\u2019absence de d\u00e9saccord, mais la construction d\u2019un cadre commun o\u00f9 les divergences se traitent sans exclusion, par des institutions qui redonnent voix aux travailleurs, aux usagers, aux habitants. L\u2019ESS, a-t-elle conclu, ne demande pas des privil\u00e8ges. Elle r\u00e9clame une reconnaissance proportionn\u00e9e \u00e0 son apport r\u00e9el, des financements \u00e0 la hauteur de ses impacts, et l\u2019int\u00e9gration pleine et enti\u00e8re au c\u0153ur des politiques publiques. Parce que rendre l\u2019\u00e9conomie \u00e0 visage humain n\u2019est pas un slogan : c\u2019est une pratique, de chaque jour, qui s\u2019apprend, se prouve, et se partage.<\/p>\n\n\n\n<hr class=\"wp-block-separator has-alpha-channel-opacity\"\/>\n\n\n\n<p><a href=\"#_ftnref1\" id=\"_ftn1\">[1]<\/a> Le <strong>NOB (Nouvel Observatoire Bordelais)<\/strong> \u00e9tait un espace de coworking coop\u00e9ratif cr\u00e9\u00e9 \u00e0 Bordeaux au d\u00e9but des ann\u00e9es 2010. Il s\u2019agissait d\u2019un lieu pionnier, n\u00e9 de l\u2019initiative de Marie-Laure Cuvelier et d\u2019un collectif d\u2019ind\u00e9pendants, principalement issus des m\u00e9tiers du num\u00e9rique et de la communication. Sa sp\u00e9cificit\u00e9 tenait \u00e0 sa <strong>gouvernance partag\u00e9e et d\u00e9mocratique<\/strong>, chaque membre ayant voix au chapitre dans les d\u00e9cisions. Le NOB est consid\u00e9r\u00e9 comme l\u2019un des premiers <strong>tiers-lieux coop\u00e9ratifs<\/strong> de Nouvelle-Aquitaine, ayant inspir\u00e9 la politique r\u00e9gionale puis nationale en faveur des tiers-lieux.<\/p>\n\n\n\n<hr class=\"wp-block-separator has-alpha-channel-opacity\"\/>\n\n\n\n<p><a href=\"#_ftnref2\" id=\"_ftn2\">[2]<\/a> La coop\u00e9rative <strong>Co-actions<\/strong> est une <strong>coop\u00e9rative d\u2019activit\u00e9 et d\u2019emploi (CAE)<\/strong> implant\u00e9e en <strong>Sud-Gironde et dans les Landes<\/strong>. Elle d\u00e9veloppe le projet <strong>\u00ab\u202fLa Collective\u202f\u00bb<\/strong>, laur\u00e9at de l\u2019Appel \u00e0 Manifestation d\u2019Int\u00e9r\u00eat Innovation Sociale de la R\u00e9gion Nouvelle-Aquitaine. Ce projet vise \u00e0 <strong>accompagner l\u2019installation agricole en collectif<\/strong> et \u00e0 promouvoir la reconnaissance du <strong>statut d\u2019entrepreneur\u00b7salari\u00e9 en agriculture<\/strong>, afin de s\u00e9curiser les jeunes agriculteurs et transformer durablement le m\u00e9tier.<\/p>\n\n\n\n<hr class=\"wp-block-separator has-alpha-channel-opacity\"\/>\n","protected":false},"excerpt":{"rendered":"<p>Le 18 octobre 2025, dans le cadre de la Biennale dont le th\u00e8me est \u00ab&nbsp;Vivre ensemble&nbsp;: de l\u2019utopie \u00e0 la r\u00e9alit\u00e9&nbsp;\u00bb, s\u2019est tenue une conf\u00e9rence intitul\u00e9e \u00ab\u202f\u00c9conomie sociale et solidaire : Pour une \u00e9conomie \u00e0 visage humain, moteur d\u2019un vivre ensemble durable\u202f\u00bb. Pendant plus d&rsquo;une heure, deux figures r\u00e9gionales de l&rsquo;ESS ont \u00e9chang\u00e9. Le public [&hellip;]<\/p>\n","protected":false},"author":2,"featured_media":0,"comment_status":"closed","ping_status":"open","sticky":false,"template":"","format":"standard","meta":{"_editorskit_title_hidden":false,"_editorskit_reading_time":0,"_editorskit_is_block_options_detached":false,"_editorskit_block_options_position":"{}","footnotes":""},"categories":[275],"tags":[278,304,315,55,54,517,516,383,173,305],"class_list":["post-3320","post","type-post","status-publish","format-standard","hentry","category-biennale-2025","tag-bcmb2025","tag-biennale-culturelle-maconnique","tag-bordeaux","tag-economie-sociale-et-solidaire","tag-ess","tag-forum-mondial-ess","tag-gouvernance-partagee","tag-marie-laure-cuvelier","tag-timothee-duverger","tag-vivre-ensemble"],"yoast_head":"<!-- This site is optimized with the Yoast SEO plugin v27.5 - https:\/\/yoast.com\/product\/yoast-seo-wordpress\/ -->\n<title>L&#039;ESS \u00e0 visage humain : conf\u00e9rence de la Biennale de Bordeaux<\/title>\n<meta name=\"description\" content=\"D\u00e9couvrez comment l&#039;ESS devient un moteur du vivre ensemble. Retour sur la conf\u00e9rence de M-L. Cuvelier et T. Duverger.\" \/>\n<meta name=\"robots\" content=\"index, follow, max-snippet:-1, max-image-preview:large, max-video-preview:-1\" \/>\n<link rel=\"canonical\" href=\"https:\/\/www.imaq.fr\/blog\/2025\/12\/economie-sociale-solidaire-ess-biennale-bordeaux\/\" \/>\n<meta property=\"og:locale\" content=\"fr_FR\" \/>\n<meta property=\"og:type\" content=\"article\" \/>\n<meta property=\"og:title\" content=\"L&#039;\u00c9conomie Sociale et Solidaire : bien plus qu&#039;une alternative, un moteur du vivre ensemble.\" \/>\n<meta property=\"og:description\" content=\"Saviez-vous que l&#039;ESS repr\u00e9sente 14 % de l&#039;emploi priv\u00e9 en France ? \u00c0 l&#039;approche du Forum mondial de l&#039;ESS \u00e0 Bordeaux, Marie-Laure Cuvelier et Timoth\u00e9e Duverger d\u00e9cryptent cette &quot;\u00e9conomie de la paix&quot;. Un mod\u00e8le qui place l&#039;humain avant le profit pour construire un avenir durable. \u00c0 lire pour changer de regard sur notre \u00e9conomie !\" \/>\n<meta property=\"og:url\" content=\"https:\/\/www.imaq.fr\/blog\/2025\/12\/economie-sociale-solidaire-ess-biennale-bordeaux\/\" \/>\n<meta property=\"og:site_name\" content=\"Biennale Culturelle Ma\u00e7onnique de Bordeaux\" \/>\n<meta property=\"article:publisher\" content=\"https:\/\/www.facebook.com\/biennaleculturellemaconnique.bordeaux\" \/>\n<meta property=\"article:published_time\" content=\"2025-12-24T14:43:57+00:00\" \/>\n<meta property=\"article:modified_time\" content=\"2025-12-24T14:43:58+00:00\" \/>\n<meta property=\"og:image\" content=\"https:\/\/www.imaq.fr\/blog\/wp-content\/uploads\/2025\/10\/DSC_5778-scaled.jpg\" \/>\n\t<meta property=\"og:image:width\" content=\"2560\" \/>\n\t<meta property=\"og:image:height\" content=\"2339\" \/>\n\t<meta property=\"og:image:type\" content=\"image\/jpeg\" \/>\n<meta name=\"author\" content=\"BCMB\" \/>\n<meta name=\"twitter:card\" content=\"summary_large_image\" \/>\n<meta name=\"twitter:title\" content=\"L&#039;ESS : une &quot;\u00e9conomie de la paix&quot; au service du territoire.\" \/>\n<meta name=\"twitter:description\" content=\"Retour sur l\u2019\u00e9change entre Marie-Laure Cuvelier et Timoth\u00e9e Duverger \u00e0 la Biennale de #Bordeaux. \u00c0 quelques jours du Forum Mondial de l&#039;ESS, le vivre-ensemble se dessine ici. #ESS #Bordeaux #EconomieSociale #VivreEnsemble #GSEF2025\" \/>\n<meta name=\"twitter:image\" content=\"https:\/\/www.imaq.fr\/blog\/wp-content\/uploads\/2025\/10\/DSC_5778-scaled.jpg\" \/>\n<meta name=\"twitter:label1\" content=\"\u00c9crit par\" \/>\n\t<meta name=\"twitter:data1\" content=\"BCMB\" \/>\n\t<meta name=\"twitter:label2\" content=\"Dur\u00e9e de lecture estim\u00e9e\" \/>\n\t<meta name=\"twitter:data2\" content=\"10 minutes\" \/>\n<script type=\"application\/ld+json\" class=\"yoast-schema-graph\">{\"@context\":\"https:\\\/\\\/schema.org\",\"@graph\":[{\"@type\":\"Article\",\"@id\":\"https:\\\/\\\/www.imaq.fr\\\/blog\\\/2025\\\/12\\\/economie-sociale-solidaire-ess-biennale-bordeaux\\\/#article\",\"isPartOf\":{\"@id\":\"https:\\\/\\\/www.imaq.fr\\\/blog\\\/2025\\\/12\\\/economie-sociale-solidaire-ess-biennale-bordeaux\\\/\"},\"author\":{\"name\":\"BCMB\",\"@id\":\"https:\\\/\\\/www.imaq.fr\\\/blog\\\/#\\\/schema\\\/person\\\/3df683af05c9d4e9401e01364d03a5fd\"},\"headline\":\"\u00c9conomie sociale et solidaire : Pour une \u00e9conomie \u00e0 visage humain, moteur d\u2019un vivre ensemble durable\",\"datePublished\":\"2025-12-24T14:43:57+00:00\",\"dateModified\":\"2025-12-24T14:43:58+00:00\",\"mainEntityOfPage\":{\"@id\":\"https:\\\/\\\/www.imaq.fr\\\/blog\\\/2025\\\/12\\\/economie-sociale-solidaire-ess-biennale-bordeaux\\\/\"},\"wordCount\":2111,\"publisher\":{\"@id\":\"https:\\\/\\\/www.imaq.fr\\\/blog\\\/#organization\"},\"image\":{\"@id\":\"https:\\\/\\\/www.imaq.fr\\\/blog\\\/2025\\\/12\\\/economie-sociale-solidaire-ess-biennale-bordeaux\\\/#primaryimage\"},\"thumbnailUrl\":\"https:\\\/\\\/www.imaq.fr\\\/blog\\\/wp-content\\\/uploads\\\/2025\\\/10\\\/DSC_5773-1024x652.jpg\",\"keywords\":[\"bcmb2025\",\"Biennale Culturelle Ma\u00e7onnique\",\"Bordeaux\",\"\u00e9conomie sociale et solidaire\",\"ess\",\"Forum mondial ESS\",\"Gouvernance partag\u00e9e\",\"Marie-Laure Cuvelier\",\"timoth\u00e9e duverger\",\"Vivre ensemble\"],\"articleSection\":[\"Biennale 2025\"],\"inLanguage\":\"fr-FR\"},{\"@type\":\"WebPage\",\"@id\":\"https:\\\/\\\/www.imaq.fr\\\/blog\\\/2025\\\/12\\\/economie-sociale-solidaire-ess-biennale-bordeaux\\\/\",\"url\":\"https:\\\/\\\/www.imaq.fr\\\/blog\\\/2025\\\/12\\\/economie-sociale-solidaire-ess-biennale-bordeaux\\\/\",\"name\":\"L'ESS \u00e0 visage humain : conf\u00e9rence de la Biennale de Bordeaux\",\"isPartOf\":{\"@id\":\"https:\\\/\\\/www.imaq.fr\\\/blog\\\/#website\"},\"primaryImageOfPage\":{\"@id\":\"https:\\\/\\\/www.imaq.fr\\\/blog\\\/2025\\\/12\\\/economie-sociale-solidaire-ess-biennale-bordeaux\\\/#primaryimage\"},\"image\":{\"@id\":\"https:\\\/\\\/www.imaq.fr\\\/blog\\\/2025\\\/12\\\/economie-sociale-solidaire-ess-biennale-bordeaux\\\/#primaryimage\"},\"thumbnailUrl\":\"https:\\\/\\\/www.imaq.fr\\\/blog\\\/wp-content\\\/uploads\\\/2025\\\/10\\\/DSC_5773-1024x652.jpg\",\"datePublished\":\"2025-12-24T14:43:57+00:00\",\"dateModified\":\"2025-12-24T14:43:58+00:00\",\"description\":\"D\u00e9couvrez comment l'ESS devient un moteur du vivre ensemble. Retour sur la conf\u00e9rence de M-L. Cuvelier et T. Duverger.\",\"breadcrumb\":{\"@id\":\"https:\\\/\\\/www.imaq.fr\\\/blog\\\/2025\\\/12\\\/economie-sociale-solidaire-ess-biennale-bordeaux\\\/#breadcrumb\"},\"inLanguage\":\"fr-FR\",\"potentialAction\":[{\"@type\":\"ReadAction\",\"target\":[\"https:\\\/\\\/www.imaq.fr\\\/blog\\\/2025\\\/12\\\/economie-sociale-solidaire-ess-biennale-bordeaux\\\/\"]}]},{\"@type\":\"ImageObject\",\"inLanguage\":\"fr-FR\",\"@id\":\"https:\\\/\\\/www.imaq.fr\\\/blog\\\/2025\\\/12\\\/economie-sociale-solidaire-ess-biennale-bordeaux\\\/#primaryimage\",\"url\":\"https:\\\/\\\/www.imaq.fr\\\/blog\\\/wp-content\\\/uploads\\\/2025\\\/10\\\/DSC_5773-scaled.jpg\",\"contentUrl\":\"https:\\\/\\\/www.imaq.fr\\\/blog\\\/wp-content\\\/uploads\\\/2025\\\/10\\\/DSC_5773-scaled.jpg\",\"width\":2560,\"height\":1630,\"caption\":\"Marie-Laure Cuvelier (Conseill\u00e8re r\u00e9gionale) et Timoth\u00e9e Duverger (Sciences Po Bordeaux) d\u00e9battent de l'avenir de l'ESS.\"},{\"@type\":\"BreadcrumbList\",\"@id\":\"https:\\\/\\\/www.imaq.fr\\\/blog\\\/2025\\\/12\\\/economie-sociale-solidaire-ess-biennale-bordeaux\\\/#breadcrumb\",\"itemListElement\":[{\"@type\":\"ListItem\",\"position\":1,\"name\":\"Accueil\",\"item\":\"https:\\\/\\\/www.imaq.fr\\\/blog\\\/\"},{\"@type\":\"ListItem\",\"position\":2,\"name\":\"\u00c9conomie sociale et solidaire : Pour une \u00e9conomie \u00e0 visage humain, moteur d\u2019un vivre ensemble durable\"}]},{\"@type\":\"WebSite\",\"@id\":\"https:\\\/\\\/www.imaq.fr\\\/blog\\\/#website\",\"url\":\"https:\\\/\\\/www.imaq.fr\\\/blog\\\/\",\"name\":\"Biennale Culturelle Ma\u00e7onnique de Bordeaux\",\"description\":\"IMAQ\",\"publisher\":{\"@id\":\"https:\\\/\\\/www.imaq.fr\\\/blog\\\/#organization\"},\"potentialAction\":[{\"@type\":\"SearchAction\",\"target\":{\"@type\":\"EntryPoint\",\"urlTemplate\":\"https:\\\/\\\/www.imaq.fr\\\/blog\\\/?s={search_term_string}\"},\"query-input\":{\"@type\":\"PropertyValueSpecification\",\"valueRequired\":true,\"valueName\":\"search_term_string\"}}],\"inLanguage\":\"fr-FR\"},{\"@type\":\"Organization\",\"@id\":\"https:\\\/\\\/www.imaq.fr\\\/blog\\\/#organization\",\"name\":\"Biennale Culturelle Ma\u00e7onnique de Bordeaux\",\"url\":\"https:\\\/\\\/www.imaq.fr\\\/blog\\\/\",\"logo\":{\"@type\":\"ImageObject\",\"inLanguage\":\"fr-FR\",\"@id\":\"https:\\\/\\\/www.imaq.fr\\\/blog\\\/#\\\/schema\\\/logo\\\/image\\\/\",\"url\":\"https:\\\/\\\/www.imaq.fr\\\/blog\\\/wp-content\\\/uploads\\\/2014\\\/12\\\/logo-bcmc.jpg\",\"contentUrl\":\"https:\\\/\\\/www.imaq.fr\\\/blog\\\/wp-content\\\/uploads\\\/2014\\\/12\\\/logo-bcmc.jpg\",\"width\":759,\"height\":784,\"caption\":\"Biennale Culturelle Ma\u00e7onnique de Bordeaux\"},\"image\":{\"@id\":\"https:\\\/\\\/www.imaq.fr\\\/blog\\\/#\\\/schema\\\/logo\\\/image\\\/\"},\"sameAs\":[\"https:\\\/\\\/www.facebook.com\\\/biennaleculturellemaconnique.bordeaux\"]},{\"@type\":\"Person\",\"@id\":\"https:\\\/\\\/www.imaq.fr\\\/blog\\\/#\\\/schema\\\/person\\\/3df683af05c9d4e9401e01364d03a5fd\",\"name\":\"BCMB\",\"image\":{\"@type\":\"ImageObject\",\"inLanguage\":\"fr-FR\",\"@id\":\"https:\\\/\\\/secure.gravatar.com\\\/avatar\\\/d6fbbbb38de40bcc3a41d4467d090d3b92513d4eb33fc933729359bbce505880?s=96&d=identicon&r=g\",\"url\":\"https:\\\/\\\/secure.gravatar.com\\\/avatar\\\/d6fbbbb38de40bcc3a41d4467d090d3b92513d4eb33fc933729359bbce505880?s=96&d=identicon&r=g\",\"contentUrl\":\"https:\\\/\\\/secure.gravatar.com\\\/avatar\\\/d6fbbbb38de40bcc3a41d4467d090d3b92513d4eb33fc933729359bbce505880?s=96&d=identicon&r=g\",\"caption\":\"BCMB\"},\"sameAs\":[\"https:\\\/\\\/www.imaq.fr\"],\"url\":\"https:\\\/\\\/www.imaq.fr\\\/blog\\\/author\\\/pomirol\\\/\"}]}<\/script>\n<!-- \/ Yoast SEO plugin. -->","yoast_head_json":{"title":"L'ESS \u00e0 visage humain : conf\u00e9rence de la Biennale de Bordeaux","description":"D\u00e9couvrez comment l'ESS devient un moteur du vivre ensemble. Retour sur la conf\u00e9rence de M-L. Cuvelier et T. Duverger.","robots":{"index":"index","follow":"follow","max-snippet":"max-snippet:-1","max-image-preview":"max-image-preview:large","max-video-preview":"max-video-preview:-1"},"canonical":"https:\/\/www.imaq.fr\/blog\/2025\/12\/economie-sociale-solidaire-ess-biennale-bordeaux\/","og_locale":"fr_FR","og_type":"article","og_title":"L'\u00c9conomie Sociale et Solidaire : bien plus qu'une alternative, un moteur du vivre ensemble.","og_description":"Saviez-vous que l'ESS repr\u00e9sente 14 % de l'emploi priv\u00e9 en France ? \u00c0 l'approche du Forum mondial de l'ESS \u00e0 Bordeaux, Marie-Laure Cuvelier et Timoth\u00e9e Duverger d\u00e9cryptent cette \"\u00e9conomie de la paix\". Un mod\u00e8le qui place l'humain avant le profit pour construire un avenir durable. \u00c0 lire pour changer de regard sur notre \u00e9conomie !","og_url":"https:\/\/www.imaq.fr\/blog\/2025\/12\/economie-sociale-solidaire-ess-biennale-bordeaux\/","og_site_name":"Biennale Culturelle Ma\u00e7onnique de Bordeaux","article_publisher":"https:\/\/www.facebook.com\/biennaleculturellemaconnique.bordeaux","article_published_time":"2025-12-24T14:43:57+00:00","article_modified_time":"2025-12-24T14:43:58+00:00","og_image":[{"width":2560,"height":2339,"url":"https:\/\/www.imaq.fr\/blog\/wp-content\/uploads\/2025\/10\/DSC_5778-scaled.jpg","type":"image\/jpeg"}],"author":"BCMB","twitter_card":"summary_large_image","twitter_title":"L'ESS : une \"\u00e9conomie de la paix\" au service du territoire.","twitter_description":"Retour sur l\u2019\u00e9change entre Marie-Laure Cuvelier et Timoth\u00e9e Duverger \u00e0 la Biennale de #Bordeaux. \u00c0 quelques jours du Forum Mondial de l'ESS, le vivre-ensemble se dessine ici. #ESS #Bordeaux #EconomieSociale #VivreEnsemble #GSEF2025","twitter_image":"https:\/\/www.imaq.fr\/blog\/wp-content\/uploads\/2025\/10\/DSC_5778-scaled.jpg","twitter_misc":{"\u00c9crit par":"BCMB","Dur\u00e9e de lecture estim\u00e9e":"10 minutes"},"schema":{"@context":"https:\/\/schema.org","@graph":[{"@type":"Article","@id":"https:\/\/www.imaq.fr\/blog\/2025\/12\/economie-sociale-solidaire-ess-biennale-bordeaux\/#article","isPartOf":{"@id":"https:\/\/www.imaq.fr\/blog\/2025\/12\/economie-sociale-solidaire-ess-biennale-bordeaux\/"},"author":{"name":"BCMB","@id":"https:\/\/www.imaq.fr\/blog\/#\/schema\/person\/3df683af05c9d4e9401e01364d03a5fd"},"headline":"\u00c9conomie sociale et solidaire : Pour une \u00e9conomie \u00e0 visage humain, moteur d\u2019un vivre ensemble durable","datePublished":"2025-12-24T14:43:57+00:00","dateModified":"2025-12-24T14:43:58+00:00","mainEntityOfPage":{"@id":"https:\/\/www.imaq.fr\/blog\/2025\/12\/economie-sociale-solidaire-ess-biennale-bordeaux\/"},"wordCount":2111,"publisher":{"@id":"https:\/\/www.imaq.fr\/blog\/#organization"},"image":{"@id":"https:\/\/www.imaq.fr\/blog\/2025\/12\/economie-sociale-solidaire-ess-biennale-bordeaux\/#primaryimage"},"thumbnailUrl":"https:\/\/www.imaq.fr\/blog\/wp-content\/uploads\/2025\/10\/DSC_5773-1024x652.jpg","keywords":["bcmb2025","Biennale Culturelle Ma\u00e7onnique","Bordeaux","\u00e9conomie sociale et solidaire","ess","Forum mondial ESS","Gouvernance partag\u00e9e","Marie-Laure Cuvelier","timoth\u00e9e duverger","Vivre ensemble"],"articleSection":["Biennale 2025"],"inLanguage":"fr-FR"},{"@type":"WebPage","@id":"https:\/\/www.imaq.fr\/blog\/2025\/12\/economie-sociale-solidaire-ess-biennale-bordeaux\/","url":"https:\/\/www.imaq.fr\/blog\/2025\/12\/economie-sociale-solidaire-ess-biennale-bordeaux\/","name":"L'ESS \u00e0 visage humain : conf\u00e9rence de la Biennale de Bordeaux","isPartOf":{"@id":"https:\/\/www.imaq.fr\/blog\/#website"},"primaryImageOfPage":{"@id":"https:\/\/www.imaq.fr\/blog\/2025\/12\/economie-sociale-solidaire-ess-biennale-bordeaux\/#primaryimage"},"image":{"@id":"https:\/\/www.imaq.fr\/blog\/2025\/12\/economie-sociale-solidaire-ess-biennale-bordeaux\/#primaryimage"},"thumbnailUrl":"https:\/\/www.imaq.fr\/blog\/wp-content\/uploads\/2025\/10\/DSC_5773-1024x652.jpg","datePublished":"2025-12-24T14:43:57+00:00","dateModified":"2025-12-24T14:43:58+00:00","description":"D\u00e9couvrez comment l'ESS devient un moteur du vivre ensemble. Retour sur la conf\u00e9rence de M-L. Cuvelier et T. Duverger.","breadcrumb":{"@id":"https:\/\/www.imaq.fr\/blog\/2025\/12\/economie-sociale-solidaire-ess-biennale-bordeaux\/#breadcrumb"},"inLanguage":"fr-FR","potentialAction":[{"@type":"ReadAction","target":["https:\/\/www.imaq.fr\/blog\/2025\/12\/economie-sociale-solidaire-ess-biennale-bordeaux\/"]}]},{"@type":"ImageObject","inLanguage":"fr-FR","@id":"https:\/\/www.imaq.fr\/blog\/2025\/12\/economie-sociale-solidaire-ess-biennale-bordeaux\/#primaryimage","url":"https:\/\/www.imaq.fr\/blog\/wp-content\/uploads\/2025\/10\/DSC_5773-scaled.jpg","contentUrl":"https:\/\/www.imaq.fr\/blog\/wp-content\/uploads\/2025\/10\/DSC_5773-scaled.jpg","width":2560,"height":1630,"caption":"Marie-Laure Cuvelier (Conseill\u00e8re r\u00e9gionale) et Timoth\u00e9e Duverger (Sciences Po Bordeaux) d\u00e9battent de l'avenir de l'ESS."},{"@type":"BreadcrumbList","@id":"https:\/\/www.imaq.fr\/blog\/2025\/12\/economie-sociale-solidaire-ess-biennale-bordeaux\/#breadcrumb","itemListElement":[{"@type":"ListItem","position":1,"name":"Accueil","item":"https:\/\/www.imaq.fr\/blog\/"},{"@type":"ListItem","position":2,"name":"\u00c9conomie sociale et solidaire : Pour une \u00e9conomie \u00e0 visage humain, moteur d\u2019un vivre ensemble durable"}]},{"@type":"WebSite","@id":"https:\/\/www.imaq.fr\/blog\/#website","url":"https:\/\/www.imaq.fr\/blog\/","name":"Biennale Culturelle Ma\u00e7onnique de Bordeaux","description":"IMAQ","publisher":{"@id":"https:\/\/www.imaq.fr\/blog\/#organization"},"potentialAction":[{"@type":"SearchAction","target":{"@type":"EntryPoint","urlTemplate":"https:\/\/www.imaq.fr\/blog\/?s={search_term_string}"},"query-input":{"@type":"PropertyValueSpecification","valueRequired":true,"valueName":"search_term_string"}}],"inLanguage":"fr-FR"},{"@type":"Organization","@id":"https:\/\/www.imaq.fr\/blog\/#organization","name":"Biennale Culturelle Ma\u00e7onnique de Bordeaux","url":"https:\/\/www.imaq.fr\/blog\/","logo":{"@type":"ImageObject","inLanguage":"fr-FR","@id":"https:\/\/www.imaq.fr\/blog\/#\/schema\/logo\/image\/","url":"https:\/\/www.imaq.fr\/blog\/wp-content\/uploads\/2014\/12\/logo-bcmc.jpg","contentUrl":"https:\/\/www.imaq.fr\/blog\/wp-content\/uploads\/2014\/12\/logo-bcmc.jpg","width":759,"height":784,"caption":"Biennale Culturelle Ma\u00e7onnique de Bordeaux"},"image":{"@id":"https:\/\/www.imaq.fr\/blog\/#\/schema\/logo\/image\/"},"sameAs":["https:\/\/www.facebook.com\/biennaleculturellemaconnique.bordeaux"]},{"@type":"Person","@id":"https:\/\/www.imaq.fr\/blog\/#\/schema\/person\/3df683af05c9d4e9401e01364d03a5fd","name":"BCMB","image":{"@type":"ImageObject","inLanguage":"fr-FR","@id":"https:\/\/secure.gravatar.com\/avatar\/d6fbbbb38de40bcc3a41d4467d090d3b92513d4eb33fc933729359bbce505880?s=96&d=identicon&r=g","url":"https:\/\/secure.gravatar.com\/avatar\/d6fbbbb38de40bcc3a41d4467d090d3b92513d4eb33fc933729359bbce505880?s=96&d=identicon&r=g","contentUrl":"https:\/\/secure.gravatar.com\/avatar\/d6fbbbb38de40bcc3a41d4467d090d3b92513d4eb33fc933729359bbce505880?s=96&d=identicon&r=g","caption":"BCMB"},"sameAs":["https:\/\/www.imaq.fr"],"url":"https:\/\/www.imaq.fr\/blog\/author\/pomirol\/"}]}},"_links":{"self":[{"href":"https:\/\/www.imaq.fr\/blog\/wp-json\/wp\/v2\/posts\/3320","targetHints":{"allow":["GET"]}}],"collection":[{"href":"https:\/\/www.imaq.fr\/blog\/wp-json\/wp\/v2\/posts"}],"about":[{"href":"https:\/\/www.imaq.fr\/blog\/wp-json\/wp\/v2\/types\/post"}],"author":[{"embeddable":true,"href":"https:\/\/www.imaq.fr\/blog\/wp-json\/wp\/v2\/users\/2"}],"replies":[{"embeddable":true,"href":"https:\/\/www.imaq.fr\/blog\/wp-json\/wp\/v2\/comments?post=3320"}],"version-history":[{"count":0,"href":"https:\/\/www.imaq.fr\/blog\/wp-json\/wp\/v2\/posts\/3320\/revisions"}],"wp:attachment":[{"href":"https:\/\/www.imaq.fr\/blog\/wp-json\/wp\/v2\/media?parent=3320"}],"wp:term":[{"taxonomy":"category","embeddable":true,"href":"https:\/\/www.imaq.fr\/blog\/wp-json\/wp\/v2\/categories?post=3320"},{"taxonomy":"post_tag","embeddable":true,"href":"https:\/\/www.imaq.fr\/blog\/wp-json\/wp\/v2\/tags?post=3320"}],"curies":[{"name":"wp","href":"https:\/\/api.w.org\/{rel}","templated":true}]}}