{"id":348,"date":"2016-03-29T18:21:17","date_gmt":"2016-03-29T18:21:17","guid":{"rendered":"https:\/\/www.imaq.fr\/blog\/?p=348"},"modified":"2025-09-16T07:39:36","modified_gmt":"2025-09-16T07:39:36","slug":"rencontres-dedicaces-avec-les-auteurs","status":"publish","type":"post","link":"https:\/\/www.imaq.fr\/blog\/2016\/03\/rencontres-dedicaces-avec-les-auteurs\/","title":{"rendered":"Rencontres &#038; d\u00e9dicaces avec les auteurs"},"content":{"rendered":"<table>\n<tbody>\n<tr>\n<th>Hors conf\u00e9rences<\/th>\n<th>\u00c0 la suite des conf\u00e9rences<\/th>\n<\/tr>\n<tr>\n<td>\n<div style=\"display: inline; float: right; margin-right: 15px;\"><a href=\"https:\/\/www.imaq.fr\/blog\/?s=jean-luc-aubarbier\">fiche de l&rsquo;auteur<\/a><\/div>\n<p><strong>Jean-Luc AUBARBIER<\/strong><\/p>\n<ul>\n<li>L\u2019\u00e9chiquier du Temple<\/li>\n<li>Le Testament Noir<br \/>\nCity \u00c9ditions<\/li>\n<\/ul>\n<\/td>\n<td>\n<div style=\"display: inline; float: right; margin-right: 15px;\"><a href=\"https:\/\/www.imaq.fr\/blog\/2016\/03\/salim-bachi\/\">fiche de l&rsquo;auteur<\/a><\/div>\n<p><strong>Salim BACHI<\/strong><\/p>\n<ul>\n<li>Le consul<br \/>\n\u00c9ditions Gallimard<\/li>\n<\/ul>\n<\/td>\n<\/tr>\n<tr>\n<td>\n<div style=\"display: inline; float: right; margin-right: 15px;\"><a href=\"https:\/\/www.imaq.fr\/blog\/2016\/03\/pierre-audureau\/\">fiche de l&rsquo;auteur<\/a><\/div>\n<p><strong>Pierre AUDUREAU<\/strong><\/p>\n<ul>\n<li>Planches, comment les r\u00e9ussir ?<\/li>\n<li>Parler\u00a0en tenue, comment r\u00e9ussir ?<br \/>\n\u00c9ditions Dervy<\/li>\n<\/ul>\n<\/td>\n<td><strong>C\u00e9line BRYON-PORTET et Daniel KELLER<\/strong><\/p>\n<div style=\"display: inline; float: right; margin-right: 15px;\"><a href=\"https:\/\/www.imaq.fr\/blog\/2016\/03\/celine-bryon-portet\/\">fiche de l&rsquo;auteure<\/a><br \/>\n<a href=\"https:\/\/www.imaq.fr\/blog\/2016\/03\/daniel-keller\/\">fiche de l&rsquo;auteur<\/a><\/div>\n<ul>\n<li>L\u2019Utopie Ma\u00e7onnique<br \/>\n<span style=\"font-family: inherit; font-size: inherit; line-height: 2;\">\u00c9ditions Dervy<\/span><\/li>\n<\/ul>\n<\/td>\n<\/tr>\n<tr>\n<td>\n<div style=\"display: inline; float: right; margin-right: 15px;\"><a href=\"https:\/\/www.imaq.fr\/blog\/2016\/03\/lina-chelli\/\">fiche de l&rsquo;auteure<\/a><\/div>\n<p><strong>Lina CHELLI<\/strong><\/p>\n<ul>\n<li>Vibrations Ma\u00e7onniques\u00a0(acrostiches ma\u00e7onniques et po\u00e8mes)<\/li>\n<li>L\u2019anneau de Dieu<br \/>\n\u00c9ditions du D\u00e9sir<\/li>\n<\/ul>\n<\/td>\n<td>\n<div style=\"display: inline; float: right; margin-right: 15px;\"><a href=\"https:\/\/www.imaq.fr\/blog\/2016\/03\/gy-hivert-messeca\/\">fiche des auteurs<\/a><\/div>\n<p><strong>Yves et Gis\u00e8le HIVERT-MESSECA<\/strong><\/p>\n<ul>\n<li>Femmes et franc-ma\u00e7onnerie : 3 si\u00e8cles de FM f\u00e9minine et mixte\u00a0en France<br \/>\n\u00c9ditions Dervy<\/li>\n<\/ul>\n<\/td>\n<\/tr>\n<tr>\n<td>\n<div style=\"display: inline; float: right; margin-right: 15px;\"><a href=\"https:\/\/www.imaq.fr\/blog\/2016\/03\/claude-delbos\/\">fiche de l&rsquo;auteur<\/a><\/div>\n<p><strong>Claude DELBOS<\/strong><\/p>\n<ul>\n<li>Le Ma\u00e7onnisme : r\u00e9flexion sur l&rsquo;universalit\u00e9 de la doctrine ma\u00e7onnique<br \/>\n\u00c9ditions Detrad<\/li>\n<\/ul>\n<\/td>\n<td>\n<div style=\"display: inline; float: right; margin-right: 15px;\"><a href=\"https:\/\/www.imaq.fr\/blog\/2016\/03\/robert-kalbach\/\">fiche de l&rsquo;auteur<\/a><\/div>\n<p><strong>Robert KALBACH<\/strong><\/p>\n<ul>\n<li>Le Grand Architecte de l\u2019Univers : du symbole \u00e0 la fracture<br \/>\n<span style=\"font-family: inherit; font-size: inherit; line-height: 2;\">\u00c9ditions Vega<\/span><\/li>\n<\/ul>\n<\/td>\n<\/tr>\n<tr>\n<td>\n<div style=\"display: inline; float: right; margin-right: 15px;\"><a href=\"https:\/\/www.imaq.fr\/blog\/2016\/03\/alain-fleche\/\">fiche de l&rsquo;auteur<\/a><\/div>\n<p><strong>Alain FL\u00c8CHE<\/strong><\/p>\n<ul>\n<li>Transmission<br \/>\n\u00c9ditions Apeiron<\/li>\n<\/ul>\n<\/td>\n<td>\n<div style=\"display: inline; float: right; margin-right: 15px;\"><a href=\"https:\/\/www.imaq.fr\/blog\/2016\/03\/bruno-maureille\/\">fiche de l&rsquo;auteur<\/a><\/div>\n<p><strong>Bruno MAUREILLE<\/strong><\/p>\n<ul>\n<li>BD Vo\u2019Houn\u00e2 une l\u00e9gende pr\u00e9historique<br \/>\n\u00c9ditions Errance<\/li>\n<li>Les premi\u00e8res s\u00e9pultures<br \/>\n\u00c9ditions Le Pommier<\/li>\n<\/ul>\n<\/td>\n<\/tr>\n<tr>\n<td>\n<div style=\"display: inline; float: right; margin-right: 15px;\"><a href=\"https:\/\/www.imaq.fr\/blog\/2016\/03\/percy-john-harvey\/\">fiche de l&rsquo;auteur<\/a><\/div>\n<p><strong>Percy John HARVEY<\/strong><\/p>\n<ul>\n<li>Les lieux initiatiques de la Ma\u00eetrise<br \/>\n\u00c9ditions Maison de Vie<\/li>\n<li>La corde rituelle, un lien initiatique<br \/>\n\u00c9ditions C\u00e9padu\u00e9s<\/li>\n<\/ul>\n<\/td>\n<td>\n<div style=\"display: inline; float: right; margin-right: 15px;\"><a href=\"https:\/\/www.imaq.fr\/blog\/2016\/03\/jean-marc-petillot\/\">fiche de l&rsquo;auteur<\/a><\/div>\n<p><strong>Jean-Marc P\u00c9TILLOT<\/strong><\/p>\n<ul>\n<li>Le Rite \u00e9cossais rectifi\u00e9 (avec Roger Dachez)<br \/>\n\u00c9ditions Que-sais-je ?<\/li>\n<li>Quelles missions pour le Ma\u00eetre franc-ma\u00e7on ?<br \/>\n\u00c9ditions Dervy<\/li>\n<\/ul>\n<\/td>\n<\/tr>\n<tr>\n<td>\n<div style=\"display: inline; float: right; margin-right: 15px;\"><a href=\"https:\/\/www.imaq.fr\/blog\/2016\/03\/pierre-jacquemin\/\">fiche de l&rsquo;auteur<\/a><\/div>\n<p><strong>Pierre JACQUEMIN<\/strong><\/p>\n<ul>\n<li>Voyages \u00e0 l\u2019Ombre de la Lumi\u00e8re,\u00a0po\u00e8mes initiatiques<\/li>\n<li>Errance sur les quais de Bordeaux<br \/>\n\u00c9ditions Riveneuve<\/li>\n<\/ul>\n<\/td>\n<td>\n<div style=\"display: inline; float: right; margin-right: 15px;\"><a href=\"https:\/\/www.imaq.fr\/blog\/2016\/03\/emmanuel-pierrat\/\">fiche de l&rsquo;auteur<\/a><\/div>\n<p><strong>Emmanuel PIERRAT<\/strong><\/p>\n<ul>\n<li>Ce que la France\u00a0doit aux Francs-ma\u00e7ons<br \/>\n\u00c9ditions First<\/li>\n<li>Les Francs-ma\u00e7ons sous l\u2019occupation<br \/>\n\u00c9ditions Albin Michel<\/li>\n<\/ul>\n<\/td>\n<\/tr>\n<tr>\n<td>\n<div style=\"display: inline; float: right; margin-right: 15px;\"><a href=\"https:\/\/www.imaq.fr\/blog\/2016\/03\/irene-mainguy\/\">fiche de l&rsquo;auteure<\/a><\/div>\n<p><strong>Ir\u00e8ne MAINGUY<\/strong><\/p>\n<ul>\n<li>Symboliques diverses<br \/>\n\u00c9ditions Dervy<\/li>\n<\/ul>\n<\/td>\n<td>\n<div style=\"display: inline; float: right; margin-right: 15px;\"><a href=\"https:\/\/www.imaq.fr\/blog\/2016\/03\/alain-subrebost\/\">fiche de l&rsquo;auteur<\/a><\/div>\n<p><strong>Alain SUBREBOST<\/strong><\/p>\n<ul>\n<li>La Morale du Termite<br \/>\n\u00c9ditions Detrad<\/li>\n<li>Petit manuel d\u2019\u00c9veil et de pratique ma\u00e7onnique<br \/>\n\u00c9ditions Dervy<\/li>\n<\/ul>\n<\/td>\n<\/tr>\n<tr>\n<td>\n<div style=\"display: inline; float: right; margin-right: 15px;\"><a href=\"https:\/\/www.imaq.fr\/blog\/2016\/03\/philippe-michel\/\">fiche de l&rsquo;auteur<\/a><\/div>\n<p><strong>Philippe MICHEL<\/strong><\/p>\n<ul>\n<li>Rit Fran\u00e7ais d\u2019origine 1785,\u00a0dit Rit Primordial de France<br \/>\n\u00c9ditions Dervy<\/li>\n<\/ul>\n<\/td>\n<td><\/td>\n<\/tr>\n<tr>\n<td>\n<div style=\"display: inline; float: right; margin-right: 15px;\"><a href=\"https:\/\/www.imaq.fr\/blog\/2016\/03\/francis-pierre\/\">fiche de l&rsquo;auteur<\/a><\/div>\n<p><strong>Francis PIERRE<\/strong><\/p>\n<ul>\n<li>Le r\u00eaveur de conscience<br \/>\n\u00c9ditions Terre des Graves<\/li>\n<li>L\u2019Amour donn\u00e9<br \/>\n\u00c9ditions Lune d\u2019Or<\/li>\n<\/ul>\n<\/td>\n<td><\/td>\n<\/tr>\n<tr>\n<td>\n<div style=\"display: inline; float: right; margin-right: 15px;\"><a href=\"https:\/\/www.imaq.fr\/blog\/2016\/03\/rene-rampnoux\/\">fiche de l&rsquo;auteur<\/a><\/div>\n<p><strong>Ren\u00e9 RAMPNOUX<\/strong><\/p>\n<ul>\n<li>Introduction \u00e0 l\u2019histoire\u00a0de la pens\u00e9e occidentale<br \/>\n\u00c9ditions Ellipses<\/li>\n<\/ul>\n<\/td>\n<td><\/td>\n<\/tr>\n<tr>\n<td>\n<div style=\"display: inline; float: right; margin-right: 15px;\"><a href=\"https:\/\/www.imaq.fr\/blog\/2016\/03\/cecile-revauger\/\">fiche de l&rsquo;auteure<\/a><\/div>\n<p><strong>C\u00e9cile R\u00c9VAUGER<\/strong><\/p>\n<ul>\n<li>Les Ordres de Sagesse du rite fran\u00e7ais<br \/>\n\u00c9ditions Dervy<\/li>\n<\/ul>\n<\/td>\n<td><\/td>\n<\/tr>\n<tr>\n<td>\n<div style=\"display: inline; float: right; margin-right: 15px;\"><a href=\"https:\/\/www.imaq.fr\/blog\/2016\/03\/myrlene-sarrazin\/\">fiche de l&rsquo;auteure<\/a><\/div>\n<p><strong>Myrl\u00e8ne SARRAZIN<\/strong><\/p>\n<ul>\n<li>Entre le d\u00e9fini et l\u2019ind\u00e9finitif<br \/>\n\u00c9ditions Amalth\u00e9e<\/li>\n<\/ul>\n<\/td>\n<td><\/td>\n<\/tr>\n<\/tbody>\n<\/table>\n","protected":false},"excerpt":{"rendered":"<p>Hors conf\u00e9rences \u00c0 la suite des conf\u00e9rences fiche de l&rsquo;auteur Jean-Luc AUBARBIER L\u2019\u00e9chiquier du Temple Le Testament Noir City \u00c9ditions fiche de l&rsquo;auteur Salim BACHI Le consul \u00c9ditions Gallimard fiche de l&rsquo;auteur Pierre AUDUREAU Planches, comment les r\u00e9ussir ? Parler\u00a0en tenue, comment r\u00e9ussir ? \u00c9ditions Dervy C\u00e9line BRYON-PORTET et Daniel KELLER fiche de l&rsquo;auteure fiche [&hellip;]<\/p>\n","protected":false},"author":2,"featured_media":0,"comment_status":"open","ping_status":"open","sticky":false,"template":"","format":"standard","meta":{"_editorskit_title_hidden":false,"_editorskit_reading_time":0,"_editorskit_is_block_options_detached":false,"_editorskit_block_options_position":"{}","footnotes":""},"categories":[2,23,10],"tags":[],"class_list":["post-348","post","type-post","status-publish","format-standard","hentry","category-auteur","category-biennale-2016","category-programme-2016"],"yoast_head":"<!-- This site is optimized with the Yoast SEO plugin v27.5 - https:\/\/yoast.com\/product\/yoast-seo-wordpress\/ -->\n<title>Rencontres &amp; d\u00e9dicaces avec les auteurs<\/title>\n<meta name=\"description\" content=\"Rencontres &amp; d\u00e9dicaces avec les auteurs\" \/>\n<meta name=\"robots\" content=\"index, follow, max-snippet:-1, max-image-preview:large, max-video-preview:-1\" \/>\n<link rel=\"canonical\" href=\"https:\/\/www.imaq.fr\/blog\/2016\/03\/rencontres-dedicaces-avec-les-auteurs\/\" \/>\n<meta property=\"og:locale\" content=\"fr_FR\" \/>\n<meta property=\"og:type\" content=\"article\" \/>\n<meta property=\"og:title\" content=\"Rencontres &amp; d\u00e9dicaces avec les auteurs\" \/>\n<meta property=\"og:description\" content=\"Rencontres &amp; d\u00e9dicaces avec les auteurs\" \/>\n<meta property=\"og:url\" content=\"https:\/\/www.imaq.fr\/blog\/2016\/03\/rencontres-dedicaces-avec-les-auteurs\/\" \/>\n<meta property=\"og:site_name\" content=\"Biennale Culturelle Ma\u00e7onnique de Bordeaux\" \/>\n<meta property=\"article:publisher\" content=\"https:\/\/www.facebook.com\/biennaleculturellemaconnique.bordeaux\" \/>\n<meta property=\"article:published_time\" content=\"2016-03-29T18:21:17+00:00\" \/>\n<meta property=\"article:modified_time\" content=\"2025-09-16T07:39:36+00:00\" \/>\n<meta name=\"author\" content=\"BCMB\" \/>\n<meta name=\"twitter:card\" content=\"summary_large_image\" \/>\n<meta name=\"twitter:label1\" content=\"\u00c9crit par\" \/>\n\t<meta name=\"twitter:data1\" content=\"BCMB\" \/>\n\t<meta name=\"twitter:label2\" content=\"Dur\u00e9e de lecture estim\u00e9e\" \/>\n\t<meta name=\"twitter:data2\" content=\"2 minutes\" \/>\n<script type=\"application\/ld+json\" class=\"yoast-schema-graph\">{\"@context\":\"https:\\\/\\\/schema.org\",\"@graph\":[{\"@type\":\"Article\",\"@id\":\"https:\\\/\\\/www.imaq.fr\\\/blog\\\/2016\\\/03\\\/rencontres-dedicaces-avec-les-auteurs\\\/#article\",\"isPartOf\":{\"@id\":\"https:\\\/\\\/www.imaq.fr\\\/blog\\\/2016\\\/03\\\/rencontres-dedicaces-avec-les-auteurs\\\/\"},\"author\":{\"name\":\"BCMB\",\"@id\":\"https:\\\/\\\/www.imaq.fr\\\/blog\\\/#\\\/schema\\\/person\\\/3df683af05c9d4e9401e01364d03a5fd\"},\"headline\":\"Rencontres &#038; d\u00e9dicaces avec les auteurs\",\"datePublished\":\"2016-03-29T18:21:17+00:00\",\"dateModified\":\"2025-09-16T07:39:36+00:00\",\"mainEntityOfPage\":{\"@id\":\"https:\\\/\\\/www.imaq.fr\\\/blog\\\/2016\\\/03\\\/rencontres-dedicaces-avec-les-auteurs\\\/\"},\"wordCount\":427,\"commentCount\":0,\"publisher\":{\"@id\":\"https:\\\/\\\/www.imaq.fr\\\/blog\\\/#organization\"},\"articleSection\":[\"Auteurs\",\"Biennale 2016\",\"Programme 2016\"],\"inLanguage\":\"fr-FR\",\"potentialAction\":[{\"@type\":\"CommentAction\",\"name\":\"Comment\",\"target\":[\"https:\\\/\\\/www.imaq.fr\\\/blog\\\/2016\\\/03\\\/rencontres-dedicaces-avec-les-auteurs\\\/#respond\"]}]},{\"@type\":\"WebPage\",\"@id\":\"https:\\\/\\\/www.imaq.fr\\\/blog\\\/2016\\\/03\\\/rencontres-dedicaces-avec-les-auteurs\\\/\",\"url\":\"https:\\\/\\\/www.imaq.fr\\\/blog\\\/2016\\\/03\\\/rencontres-dedicaces-avec-les-auteurs\\\/\",\"name\":\"Rencontres & d\u00e9dicaces avec les auteurs\",\"isPartOf\":{\"@id\":\"https:\\\/\\\/www.imaq.fr\\\/blog\\\/#website\"},\"datePublished\":\"2016-03-29T18:21:17+00:00\",\"dateModified\":\"2025-09-16T07:39:36+00:00\",\"description\":\"Rencontres & d\u00e9dicaces avec les auteurs\",\"breadcrumb\":{\"@id\":\"https:\\\/\\\/www.imaq.fr\\\/blog\\\/2016\\\/03\\\/rencontres-dedicaces-avec-les-auteurs\\\/#breadcrumb\"},\"inLanguage\":\"fr-FR\",\"potentialAction\":[{\"@type\":\"ReadAction\",\"target\":[\"https:\\\/\\\/www.imaq.fr\\\/blog\\\/2016\\\/03\\\/rencontres-dedicaces-avec-les-auteurs\\\/\"]}]},{\"@type\":\"BreadcrumbList\",\"@id\":\"https:\\\/\\\/www.imaq.fr\\\/blog\\\/2016\\\/03\\\/rencontres-dedicaces-avec-les-auteurs\\\/#breadcrumb\",\"itemListElement\":[{\"@type\":\"ListItem\",\"position\":1,\"name\":\"Accueil\",\"item\":\"https:\\\/\\\/www.imaq.fr\\\/blog\\\/\"},{\"@type\":\"ListItem\",\"position\":2,\"name\":\"Rencontres &#038; d\u00e9dicaces avec les auteurs\"}]},{\"@type\":\"WebSite\",\"@id\":\"https:\\\/\\\/www.imaq.fr\\\/blog\\\/#website\",\"url\":\"https:\\\/\\\/www.imaq.fr\\\/blog\\\/\",\"name\":\"Biennale Culturelle Ma\u00e7onnique de Bordeaux\",\"description\":\"IMAQ\",\"publisher\":{\"@id\":\"https:\\\/\\\/www.imaq.fr\\\/blog\\\/#organization\"},\"potentialAction\":[{\"@type\":\"SearchAction\",\"target\":{\"@type\":\"EntryPoint\",\"urlTemplate\":\"https:\\\/\\\/www.imaq.fr\\\/blog\\\/?s={search_term_string}\"},\"query-input\":{\"@type\":\"PropertyValueSpecification\",\"valueRequired\":true,\"valueName\":\"search_term_string\"}}],\"inLanguage\":\"fr-FR\"},{\"@type\":\"Organization\",\"@id\":\"https:\\\/\\\/www.imaq.fr\\\/blog\\\/#organization\",\"name\":\"Biennale Culturelle Ma\u00e7onnique de Bordeaux\",\"url\":\"https:\\\/\\\/www.imaq.fr\\\/blog\\\/\",\"logo\":{\"@type\":\"ImageObject\",\"inLanguage\":\"fr-FR\",\"@id\":\"https:\\\/\\\/www.imaq.fr\\\/blog\\\/#\\\/schema\\\/logo\\\/image\\\/\",\"url\":\"https:\\\/\\\/www.imaq.fr\\\/blog\\\/wp-content\\\/uploads\\\/2014\\\/12\\\/logo-bcmc.jpg\",\"contentUrl\":\"https:\\\/\\\/www.imaq.fr\\\/blog\\\/wp-content\\\/uploads\\\/2014\\\/12\\\/logo-bcmc.jpg\",\"width\":759,\"height\":784,\"caption\":\"Biennale Culturelle Ma\u00e7onnique de Bordeaux\"},\"image\":{\"@id\":\"https:\\\/\\\/www.imaq.fr\\\/blog\\\/#\\\/schema\\\/logo\\\/image\\\/\"},\"sameAs\":[\"https:\\\/\\\/www.facebook.com\\\/biennaleculturellemaconnique.bordeaux\"]},{\"@type\":\"Person\",\"@id\":\"https:\\\/\\\/www.imaq.fr\\\/blog\\\/#\\\/schema\\\/person\\\/3df683af05c9d4e9401e01364d03a5fd\",\"name\":\"BCMB\",\"image\":{\"@type\":\"ImageObject\",\"inLanguage\":\"fr-FR\",\"@id\":\"https:\\\/\\\/secure.gravatar.com\\\/avatar\\\/d6fbbbb38de40bcc3a41d4467d090d3b92513d4eb33fc933729359bbce505880?s=96&d=identicon&r=g\",\"url\":\"https:\\\/\\\/secure.gravatar.com\\\/avatar\\\/d6fbbbb38de40bcc3a41d4467d090d3b92513d4eb33fc933729359bbce505880?s=96&d=identicon&r=g\",\"contentUrl\":\"https:\\\/\\\/secure.gravatar.com\\\/avatar\\\/d6fbbbb38de40bcc3a41d4467d090d3b92513d4eb33fc933729359bbce505880?s=96&d=identicon&r=g\",\"caption\":\"BCMB\"},\"sameAs\":[\"https:\\\/\\\/www.imaq.fr\"],\"url\":\"https:\\\/\\\/www.imaq.fr\\\/blog\\\/author\\\/pomirol\\\/\"}]}<\/script>\n<!-- \/ Yoast SEO plugin. -->","yoast_head_json":{"title":"Rencontres & d\u00e9dicaces avec les auteurs","description":"Rencontres & d\u00e9dicaces avec les auteurs","robots":{"index":"index","follow":"follow","max-snippet":"max-snippet:-1","max-image-preview":"max-image-preview:large","max-video-preview":"max-video-preview:-1"},"canonical":"https:\/\/www.imaq.fr\/blog\/2016\/03\/rencontres-dedicaces-avec-les-auteurs\/","og_locale":"fr_FR","og_type":"article","og_title":"Rencontres & d\u00e9dicaces avec les auteurs","og_description":"Rencontres & d\u00e9dicaces avec les auteurs","og_url":"https:\/\/www.imaq.fr\/blog\/2016\/03\/rencontres-dedicaces-avec-les-auteurs\/","og_site_name":"Biennale Culturelle Ma\u00e7onnique de Bordeaux","article_publisher":"https:\/\/www.facebook.com\/biennaleculturellemaconnique.bordeaux","article_published_time":"2016-03-29T18:21:17+00:00","article_modified_time":"2025-09-16T07:39:36+00:00","author":"BCMB","twitter_card":"summary_large_image","twitter_misc":{"\u00c9crit par":"BCMB","Dur\u00e9e de lecture estim\u00e9e":"2 minutes"},"schema":{"@context":"https:\/\/schema.org","@graph":[{"@type":"Article","@id":"https:\/\/www.imaq.fr\/blog\/2016\/03\/rencontres-dedicaces-avec-les-auteurs\/#article","isPartOf":{"@id":"https:\/\/www.imaq.fr\/blog\/2016\/03\/rencontres-dedicaces-avec-les-auteurs\/"},"author":{"name":"BCMB","@id":"https:\/\/www.imaq.fr\/blog\/#\/schema\/person\/3df683af05c9d4e9401e01364d03a5fd"},"headline":"Rencontres &#038; d\u00e9dicaces avec les auteurs","datePublished":"2016-03-29T18:21:17+00:00","dateModified":"2025-09-16T07:39:36+00:00","mainEntityOfPage":{"@id":"https:\/\/www.imaq.fr\/blog\/2016\/03\/rencontres-dedicaces-avec-les-auteurs\/"},"wordCount":427,"commentCount":0,"publisher":{"@id":"https:\/\/www.imaq.fr\/blog\/#organization"},"articleSection":["Auteurs","Biennale 2016","Programme 2016"],"inLanguage":"fr-FR","potentialAction":[{"@type":"CommentAction","name":"Comment","target":["https:\/\/www.imaq.fr\/blog\/2016\/03\/rencontres-dedicaces-avec-les-auteurs\/#respond"]}]},{"@type":"WebPage","@id":"https:\/\/www.imaq.fr\/blog\/2016\/03\/rencontres-dedicaces-avec-les-auteurs\/","url":"https:\/\/www.imaq.fr\/blog\/2016\/03\/rencontres-dedicaces-avec-les-auteurs\/","name":"Rencontres & d\u00e9dicaces avec les auteurs","isPartOf":{"@id":"https:\/\/www.imaq.fr\/blog\/#website"},"datePublished":"2016-03-29T18:21:17+00:00","dateModified":"2025-09-16T07:39:36+00:00","description":"Rencontres & d\u00e9dicaces avec les auteurs","breadcrumb":{"@id":"https:\/\/www.imaq.fr\/blog\/2016\/03\/rencontres-dedicaces-avec-les-auteurs\/#breadcrumb"},"inLanguage":"fr-FR","potentialAction":[{"@type":"ReadAction","target":["https:\/\/www.imaq.fr\/blog\/2016\/03\/rencontres-dedicaces-avec-les-auteurs\/"]}]},{"@type":"BreadcrumbList","@id":"https:\/\/www.imaq.fr\/blog\/2016\/03\/rencontres-dedicaces-avec-les-auteurs\/#breadcrumb","itemListElement":[{"@type":"ListItem","position":1,"name":"Accueil","item":"https:\/\/www.imaq.fr\/blog\/"},{"@type":"ListItem","position":2,"name":"Rencontres &#038; d\u00e9dicaces avec les auteurs"}]},{"@type":"WebSite","@id":"https:\/\/www.imaq.fr\/blog\/#website","url":"https:\/\/www.imaq.fr\/blog\/","name":"Biennale Culturelle Ma\u00e7onnique de Bordeaux","description":"IMAQ","publisher":{"@id":"https:\/\/www.imaq.fr\/blog\/#organization"},"potentialAction":[{"@type":"SearchAction","target":{"@type":"EntryPoint","urlTemplate":"https:\/\/www.imaq.fr\/blog\/?s={search_term_string}"},"query-input":{"@type":"PropertyValueSpecification","valueRequired":true,"valueName":"search_term_string"}}],"inLanguage":"fr-FR"},{"@type":"Organization","@id":"https:\/\/www.imaq.fr\/blog\/#organization","name":"Biennale Culturelle Ma\u00e7onnique de Bordeaux","url":"https:\/\/www.imaq.fr\/blog\/","logo":{"@type":"ImageObject","inLanguage":"fr-FR","@id":"https:\/\/www.imaq.fr\/blog\/#\/schema\/logo\/image\/","url":"https:\/\/www.imaq.fr\/blog\/wp-content\/uploads\/2014\/12\/logo-bcmc.jpg","contentUrl":"https:\/\/www.imaq.fr\/blog\/wp-content\/uploads\/2014\/12\/logo-bcmc.jpg","width":759,"height":784,"caption":"Biennale Culturelle Ma\u00e7onnique de Bordeaux"},"image":{"@id":"https:\/\/www.imaq.fr\/blog\/#\/schema\/logo\/image\/"},"sameAs":["https:\/\/www.facebook.com\/biennaleculturellemaconnique.bordeaux"]},{"@type":"Person","@id":"https:\/\/www.imaq.fr\/blog\/#\/schema\/person\/3df683af05c9d4e9401e01364d03a5fd","name":"BCMB","image":{"@type":"ImageObject","inLanguage":"fr-FR","@id":"https:\/\/secure.gravatar.com\/avatar\/d6fbbbb38de40bcc3a41d4467d090d3b92513d4eb33fc933729359bbce505880?s=96&d=identicon&r=g","url":"https:\/\/secure.gravatar.com\/avatar\/d6fbbbb38de40bcc3a41d4467d090d3b92513d4eb33fc933729359bbce505880?s=96&d=identicon&r=g","contentUrl":"https:\/\/secure.gravatar.com\/avatar\/d6fbbbb38de40bcc3a41d4467d090d3b92513d4eb33fc933729359bbce505880?s=96&d=identicon&r=g","caption":"BCMB"},"sameAs":["https:\/\/www.imaq.fr"],"url":"https:\/\/www.imaq.fr\/blog\/author\/pomirol\/"}]}},"_links":{"self":[{"href":"https:\/\/www.imaq.fr\/blog\/wp-json\/wp\/v2\/posts\/348","targetHints":{"allow":["GET"]}}],"collection":[{"href":"https:\/\/www.imaq.fr\/blog\/wp-json\/wp\/v2\/posts"}],"about":[{"href":"https:\/\/www.imaq.fr\/blog\/wp-json\/wp\/v2\/types\/post"}],"author":[{"embeddable":true,"href":"https:\/\/www.imaq.fr\/blog\/wp-json\/wp\/v2\/users\/2"}],"replies":[{"embeddable":true,"href":"https:\/\/www.imaq.fr\/blog\/wp-json\/wp\/v2\/comments?post=348"}],"version-history":[{"count":0,"href":"https:\/\/www.imaq.fr\/blog\/wp-json\/wp\/v2\/posts\/348\/revisions"}],"wp:attachment":[{"href":"https:\/\/www.imaq.fr\/blog\/wp-json\/wp\/v2\/media?parent=348"}],"wp:term":[{"taxonomy":"category","embeddable":true,"href":"https:\/\/www.imaq.fr\/blog\/wp-json\/wp\/v2\/categories?post=348"},{"taxonomy":"post_tag","embeddable":true,"href":"https:\/\/www.imaq.fr\/blog\/wp-json\/wp\/v2\/tags?post=348"}],"curies":[{"name":"wp","href":"https:\/\/api.w.org\/{rel}","templated":true}]}}