{"id":441,"date":"2016-03-28T18:15:59","date_gmt":"2016-03-28T18:15:59","guid":{"rendered":"https:\/\/www.imaq.fr\/blog\/?p=441"},"modified":"2016-03-28T18:28:42","modified_gmt":"2016-03-28T18:28:42","slug":"lina-chelli","status":"publish","type":"post","link":"https:\/\/www.imaq.fr\/blog\/2016\/03\/lina-chelli\/","title":{"rendered":"Lina CHELLI"},"content":{"rendered":"<p>N\u00e9e \u00e0 Tunis en 1954, Lina Chelli arrive en France avec sa famille \u00e0 l\u2019\u00e2ge de trois ans pour s\u2019installer \u00e0 Marseille. Aujourd\u2019hui lib\u00e9r\u00e9e de son activit\u00e9 professionnelle, elle se consacre \u00e0 l\u2019\u00e9criture et \u00e0 des associations humanistes.<\/p>\n<p>Lina CHELLI est auteure :<\/p>\n<ul>\n<li>du recueil \u00ab Vibrations Ma\u00e7onniques \u00bb (\u00e9ditions du D\u00e9sir, 2014), \u00a0ouvrage essentiellement compos\u00e9 d&rsquo;acrostiches ma\u00e7onniques et de divers po\u00e8mes dont la L\u00e9gende d&rsquo;Hiram en alexandrins ;<\/li>\n<li>du livre : La gu\u00e9risseuse de Marseille (\u00e9ditions l&rsquo;Harmattan, 2014) ;<\/li>\n<li>du roman \u00abFum\u00e9es \u00bb (\u00e9ditions du D\u00e9sir, 2015) ;<\/li>\n<li>du roman ma\u00e7onnique : \u00ab L&rsquo;anneau de Dieu \u00bb (\u00e9ditions du D\u00e9sir, 2016, sortie pr\u00e9vue en librairie le 7 juin 2016, mais en avant premi\u00e8re \u00e0 la Biennale Culturelle Ma\u00e7onnique de Bordeaux)<\/li>\n<\/ul>\n<p><a href=\"https:\/\/www.imaq.fr\/blog\/wp-content\/uploads\/2016\/03\/vibrations_maconniques.jpg\" rel=\"attachment wp-att-442\"><img loading=\"lazy\" decoding=\"async\" class=\"alignnone size-thumbnail wp-image-442 colorbox-441\" src=\"https:\/\/www.imaq.fr\/blog\/wp-content\/uploads\/2016\/03\/vibrations_maconniques-150x150.jpg\" alt=\"vibrations_maconniques\" width=\"150\" height=\"150\" \/><\/a>\u00a0<a href=\"https:\/\/www.imaq.fr\/blog\/wp-content\/uploads\/2016\/03\/l_anneau_de_dieu.jpg\" rel=\"attachment wp-att-443\"><img loading=\"lazy\" decoding=\"async\" class=\"alignnone size-thumbnail wp-image-443 colorbox-441\" src=\"https:\/\/www.imaq.fr\/blog\/wp-content\/uploads\/2016\/03\/l_anneau_de_dieu-150x150.jpg\" alt=\"l_anneau_de_dieu\" width=\"150\" height=\"150\" \/><\/a><\/p>\n","protected":false},"excerpt":{"rendered":"<p>N\u00e9e \u00e0 Tunis en 1954, Lina Chelli arrive en France avec sa famille \u00e0 l\u2019\u00e2ge de trois ans pour s\u2019installer \u00e0 Marseille. Aujourd\u2019hui lib\u00e9r\u00e9e de son activit\u00e9 professionnelle, elle se consacre \u00e0 l\u2019\u00e9criture et \u00e0 des associations humanistes. Lina CHELLI est auteure : du recueil \u00ab Vibrations Ma\u00e7onniques \u00bb (\u00e9ditions du D\u00e9sir, 2014), \u00a0ouvrage essentiellement [&hellip;]<\/p>\n","protected":false},"author":2,"featured_media":0,"comment_status":"closed","ping_status":"open","sticky":false,"template":"","format":"standard","meta":{"_editorskit_title_hidden":false,"_editorskit_reading_time":0,"_editorskit_is_block_options_detached":false,"_editorskit_block_options_position":"{}","footnotes":""},"categories":[2,23],"tags":[],"class_list":["post-441","post","type-post","status-publish","format-standard","hentry","category-auteur","category-biennale-2016"],"yoast_head":"<!-- This site is optimized with the Yoast SEO plugin v27.5 - https:\/\/yoast.com\/product\/yoast-seo-wordpress\/ -->\n<title>Lina CHELLI - Biennale Culturelle Ma\u00e7onnique de Bordeaux<\/title>\n<meta name=\"robots\" content=\"index, follow, max-snippet:-1, max-image-preview:large, max-video-preview:-1\" \/>\n<link rel=\"canonical\" href=\"https:\/\/www.imaq.fr\/blog\/2016\/03\/lina-chelli\/\" \/>\n<meta property=\"og:locale\" content=\"fr_FR\" \/>\n<meta property=\"og:type\" content=\"article\" \/>\n<meta property=\"og:title\" content=\"Lina CHELLI - Biennale Culturelle Ma\u00e7onnique de Bordeaux\" \/>\n<meta property=\"og:description\" content=\"N\u00e9e \u00e0 Tunis en 1954, Lina Chelli arrive en France avec sa famille \u00e0 l\u2019\u00e2ge de trois ans pour s\u2019installer \u00e0 Marseille. Aujourd\u2019hui lib\u00e9r\u00e9e de son activit\u00e9 professionnelle, elle se consacre \u00e0 l\u2019\u00e9criture et \u00e0 des associations humanistes. Lina CHELLI est auteure : du recueil \u00ab Vibrations Ma\u00e7onniques \u00bb (\u00e9ditions du D\u00e9sir, 2014), \u00a0ouvrage essentiellement [&hellip;]\" \/>\n<meta property=\"og:url\" content=\"https:\/\/www.imaq.fr\/blog\/2016\/03\/lina-chelli\/\" \/>\n<meta property=\"og:site_name\" content=\"Biennale Culturelle Ma\u00e7onnique de Bordeaux\" \/>\n<meta property=\"article:publisher\" content=\"https:\/\/www.facebook.com\/biennaleculturellemaconnique.bordeaux\" \/>\n<meta property=\"article:published_time\" content=\"2016-03-28T18:15:59+00:00\" \/>\n<meta property=\"article:modified_time\" content=\"2016-03-28T18:28:42+00:00\" \/>\n<meta property=\"og:image\" content=\"https:\/\/www.imaq.fr\/blog\/wp-content\/uploads\/2016\/03\/vibrations_maconniques.jpg\" \/>\n\t<meta property=\"og:image:width\" content=\"313\" \/>\n\t<meta property=\"og:image:height\" content=\"500\" \/>\n\t<meta property=\"og:image:type\" content=\"image\/jpeg\" \/>\n<meta name=\"author\" content=\"BCMB\" \/>\n<meta name=\"twitter:card\" content=\"summary_large_image\" \/>\n<meta name=\"twitter:label1\" content=\"\u00c9crit par\" \/>\n\t<meta name=\"twitter:data1\" content=\"BCMB\" \/>\n\t<meta name=\"twitter:label2\" content=\"Dur\u00e9e de lecture estim\u00e9e\" \/>\n\t<meta name=\"twitter:data2\" content=\"1 minute\" \/>\n<script type=\"application\/ld+json\" class=\"yoast-schema-graph\">{\"@context\":\"https:\\\/\\\/schema.org\",\"@graph\":[{\"@type\":\"Article\",\"@id\":\"https:\\\/\\\/www.imaq.fr\\\/blog\\\/2016\\\/03\\\/lina-chelli\\\/#article\",\"isPartOf\":{\"@id\":\"https:\\\/\\\/www.imaq.fr\\\/blog\\\/2016\\\/03\\\/lina-chelli\\\/\"},\"author\":{\"name\":\"BCMB\",\"@id\":\"https:\\\/\\\/www.imaq.fr\\\/blog\\\/#\\\/schema\\\/person\\\/3df683af05c9d4e9401e01364d03a5fd\"},\"headline\":\"Lina CHELLI\",\"datePublished\":\"2016-03-28T18:15:59+00:00\",\"dateModified\":\"2016-03-28T18:28:42+00:00\",\"mainEntityOfPage\":{\"@id\":\"https:\\\/\\\/www.imaq.fr\\\/blog\\\/2016\\\/03\\\/lina-chelli\\\/\"},\"wordCount\":123,\"publisher\":{\"@id\":\"https:\\\/\\\/www.imaq.fr\\\/blog\\\/#organization\"},\"image\":{\"@id\":\"https:\\\/\\\/www.imaq.fr\\\/blog\\\/2016\\\/03\\\/lina-chelli\\\/#primaryimage\"},\"thumbnailUrl\":\"https:\\\/\\\/www.imaq.fr\\\/blog\\\/wp-content\\\/uploads\\\/2016\\\/03\\\/vibrations_maconniques-150x150.jpg\",\"articleSection\":[\"Auteurs\",\"Biennale 2016\"],\"inLanguage\":\"fr-FR\"},{\"@type\":\"WebPage\",\"@id\":\"https:\\\/\\\/www.imaq.fr\\\/blog\\\/2016\\\/03\\\/lina-chelli\\\/\",\"url\":\"https:\\\/\\\/www.imaq.fr\\\/blog\\\/2016\\\/03\\\/lina-chelli\\\/\",\"name\":\"Lina CHELLI - Biennale Culturelle Ma\u00e7onnique de Bordeaux\",\"isPartOf\":{\"@id\":\"https:\\\/\\\/www.imaq.fr\\\/blog\\\/#website\"},\"primaryImageOfPage\":{\"@id\":\"https:\\\/\\\/www.imaq.fr\\\/blog\\\/2016\\\/03\\\/lina-chelli\\\/#primaryimage\"},\"image\":{\"@id\":\"https:\\\/\\\/www.imaq.fr\\\/blog\\\/2016\\\/03\\\/lina-chelli\\\/#primaryimage\"},\"thumbnailUrl\":\"https:\\\/\\\/www.imaq.fr\\\/blog\\\/wp-content\\\/uploads\\\/2016\\\/03\\\/vibrations_maconniques-150x150.jpg\",\"datePublished\":\"2016-03-28T18:15:59+00:00\",\"dateModified\":\"2016-03-28T18:28:42+00:00\",\"breadcrumb\":{\"@id\":\"https:\\\/\\\/www.imaq.fr\\\/blog\\\/2016\\\/03\\\/lina-chelli\\\/#breadcrumb\"},\"inLanguage\":\"fr-FR\",\"potentialAction\":[{\"@type\":\"ReadAction\",\"target\":[\"https:\\\/\\\/www.imaq.fr\\\/blog\\\/2016\\\/03\\\/lina-chelli\\\/\"]}]},{\"@type\":\"ImageObject\",\"inLanguage\":\"fr-FR\",\"@id\":\"https:\\\/\\\/www.imaq.fr\\\/blog\\\/2016\\\/03\\\/lina-chelli\\\/#primaryimage\",\"url\":\"https:\\\/\\\/www.imaq.fr\\\/blog\\\/wp-content\\\/uploads\\\/2016\\\/03\\\/vibrations_maconniques.jpg\",\"contentUrl\":\"https:\\\/\\\/www.imaq.fr\\\/blog\\\/wp-content\\\/uploads\\\/2016\\\/03\\\/vibrations_maconniques.jpg\",\"width\":313,\"height\":500},{\"@type\":\"BreadcrumbList\",\"@id\":\"https:\\\/\\\/www.imaq.fr\\\/blog\\\/2016\\\/03\\\/lina-chelli\\\/#breadcrumb\",\"itemListElement\":[{\"@type\":\"ListItem\",\"position\":1,\"name\":\"Accueil\",\"item\":\"https:\\\/\\\/www.imaq.fr\\\/blog\\\/\"},{\"@type\":\"ListItem\",\"position\":2,\"name\":\"Lina CHELLI\"}]},{\"@type\":\"WebSite\",\"@id\":\"https:\\\/\\\/www.imaq.fr\\\/blog\\\/#website\",\"url\":\"https:\\\/\\\/www.imaq.fr\\\/blog\\\/\",\"name\":\"Biennale Culturelle Ma\u00e7onnique de Bordeaux\",\"description\":\"IMAQ\",\"publisher\":{\"@id\":\"https:\\\/\\\/www.imaq.fr\\\/blog\\\/#organization\"},\"potentialAction\":[{\"@type\":\"SearchAction\",\"target\":{\"@type\":\"EntryPoint\",\"urlTemplate\":\"https:\\\/\\\/www.imaq.fr\\\/blog\\\/?s={search_term_string}\"},\"query-input\":{\"@type\":\"PropertyValueSpecification\",\"valueRequired\":true,\"valueName\":\"search_term_string\"}}],\"inLanguage\":\"fr-FR\"},{\"@type\":\"Organization\",\"@id\":\"https:\\\/\\\/www.imaq.fr\\\/blog\\\/#organization\",\"name\":\"Biennale Culturelle Ma\u00e7onnique de Bordeaux\",\"url\":\"https:\\\/\\\/www.imaq.fr\\\/blog\\\/\",\"logo\":{\"@type\":\"ImageObject\",\"inLanguage\":\"fr-FR\",\"@id\":\"https:\\\/\\\/www.imaq.fr\\\/blog\\\/#\\\/schema\\\/logo\\\/image\\\/\",\"url\":\"https:\\\/\\\/www.imaq.fr\\\/blog\\\/wp-content\\\/uploads\\\/2014\\\/12\\\/logo-bcmc.jpg\",\"contentUrl\":\"https:\\\/\\\/www.imaq.fr\\\/blog\\\/wp-content\\\/uploads\\\/2014\\\/12\\\/logo-bcmc.jpg\",\"width\":759,\"height\":784,\"caption\":\"Biennale Culturelle Ma\u00e7onnique de Bordeaux\"},\"image\":{\"@id\":\"https:\\\/\\\/www.imaq.fr\\\/blog\\\/#\\\/schema\\\/logo\\\/image\\\/\"},\"sameAs\":[\"https:\\\/\\\/www.facebook.com\\\/biennaleculturellemaconnique.bordeaux\"]},{\"@type\":\"Person\",\"@id\":\"https:\\\/\\\/www.imaq.fr\\\/blog\\\/#\\\/schema\\\/person\\\/3df683af05c9d4e9401e01364d03a5fd\",\"name\":\"BCMB\",\"image\":{\"@type\":\"ImageObject\",\"inLanguage\":\"fr-FR\",\"@id\":\"https:\\\/\\\/secure.gravatar.com\\\/avatar\\\/d6fbbbb38de40bcc3a41d4467d090d3b92513d4eb33fc933729359bbce505880?s=96&d=identicon&r=g\",\"url\":\"https:\\\/\\\/secure.gravatar.com\\\/avatar\\\/d6fbbbb38de40bcc3a41d4467d090d3b92513d4eb33fc933729359bbce505880?s=96&d=identicon&r=g\",\"contentUrl\":\"https:\\\/\\\/secure.gravatar.com\\\/avatar\\\/d6fbbbb38de40bcc3a41d4467d090d3b92513d4eb33fc933729359bbce505880?s=96&d=identicon&r=g\",\"caption\":\"BCMB\"},\"sameAs\":[\"https:\\\/\\\/www.imaq.fr\"],\"url\":\"https:\\\/\\\/www.imaq.fr\\\/blog\\\/author\\\/pomirol\\\/\"}]}<\/script>\n<!-- \/ Yoast SEO plugin. -->","yoast_head_json":{"title":"Lina CHELLI - Biennale Culturelle Ma\u00e7onnique de Bordeaux","robots":{"index":"index","follow":"follow","max-snippet":"max-snippet:-1","max-image-preview":"max-image-preview:large","max-video-preview":"max-video-preview:-1"},"canonical":"https:\/\/www.imaq.fr\/blog\/2016\/03\/lina-chelli\/","og_locale":"fr_FR","og_type":"article","og_title":"Lina CHELLI - Biennale Culturelle Ma\u00e7onnique de Bordeaux","og_description":"N\u00e9e \u00e0 Tunis en 1954, Lina Chelli arrive en France avec sa famille \u00e0 l\u2019\u00e2ge de trois ans pour s\u2019installer \u00e0 Marseille. Aujourd\u2019hui lib\u00e9r\u00e9e de son activit\u00e9 professionnelle, elle se consacre \u00e0 l\u2019\u00e9criture et \u00e0 des associations humanistes. Lina CHELLI est auteure : du recueil \u00ab Vibrations Ma\u00e7onniques \u00bb (\u00e9ditions du D\u00e9sir, 2014), \u00a0ouvrage essentiellement [&hellip;]","og_url":"https:\/\/www.imaq.fr\/blog\/2016\/03\/lina-chelli\/","og_site_name":"Biennale Culturelle Ma\u00e7onnique de Bordeaux","article_publisher":"https:\/\/www.facebook.com\/biennaleculturellemaconnique.bordeaux","article_published_time":"2016-03-28T18:15:59+00:00","article_modified_time":"2016-03-28T18:28:42+00:00","og_image":[{"width":313,"height":500,"url":"https:\/\/www.imaq.fr\/blog\/wp-content\/uploads\/2016\/03\/vibrations_maconniques.jpg","type":"image\/jpeg"}],"author":"BCMB","twitter_card":"summary_large_image","twitter_misc":{"\u00c9crit par":"BCMB","Dur\u00e9e de lecture estim\u00e9e":"1 minute"},"schema":{"@context":"https:\/\/schema.org","@graph":[{"@type":"Article","@id":"https:\/\/www.imaq.fr\/blog\/2016\/03\/lina-chelli\/#article","isPartOf":{"@id":"https:\/\/www.imaq.fr\/blog\/2016\/03\/lina-chelli\/"},"author":{"name":"BCMB","@id":"https:\/\/www.imaq.fr\/blog\/#\/schema\/person\/3df683af05c9d4e9401e01364d03a5fd"},"headline":"Lina CHELLI","datePublished":"2016-03-28T18:15:59+00:00","dateModified":"2016-03-28T18:28:42+00:00","mainEntityOfPage":{"@id":"https:\/\/www.imaq.fr\/blog\/2016\/03\/lina-chelli\/"},"wordCount":123,"publisher":{"@id":"https:\/\/www.imaq.fr\/blog\/#organization"},"image":{"@id":"https:\/\/www.imaq.fr\/blog\/2016\/03\/lina-chelli\/#primaryimage"},"thumbnailUrl":"https:\/\/www.imaq.fr\/blog\/wp-content\/uploads\/2016\/03\/vibrations_maconniques-150x150.jpg","articleSection":["Auteurs","Biennale 2016"],"inLanguage":"fr-FR"},{"@type":"WebPage","@id":"https:\/\/www.imaq.fr\/blog\/2016\/03\/lina-chelli\/","url":"https:\/\/www.imaq.fr\/blog\/2016\/03\/lina-chelli\/","name":"Lina CHELLI - Biennale Culturelle Ma\u00e7onnique de Bordeaux","isPartOf":{"@id":"https:\/\/www.imaq.fr\/blog\/#website"},"primaryImageOfPage":{"@id":"https:\/\/www.imaq.fr\/blog\/2016\/03\/lina-chelli\/#primaryimage"},"image":{"@id":"https:\/\/www.imaq.fr\/blog\/2016\/03\/lina-chelli\/#primaryimage"},"thumbnailUrl":"https:\/\/www.imaq.fr\/blog\/wp-content\/uploads\/2016\/03\/vibrations_maconniques-150x150.jpg","datePublished":"2016-03-28T18:15:59+00:00","dateModified":"2016-03-28T18:28:42+00:00","breadcrumb":{"@id":"https:\/\/www.imaq.fr\/blog\/2016\/03\/lina-chelli\/#breadcrumb"},"inLanguage":"fr-FR","potentialAction":[{"@type":"ReadAction","target":["https:\/\/www.imaq.fr\/blog\/2016\/03\/lina-chelli\/"]}]},{"@type":"ImageObject","inLanguage":"fr-FR","@id":"https:\/\/www.imaq.fr\/blog\/2016\/03\/lina-chelli\/#primaryimage","url":"https:\/\/www.imaq.fr\/blog\/wp-content\/uploads\/2016\/03\/vibrations_maconniques.jpg","contentUrl":"https:\/\/www.imaq.fr\/blog\/wp-content\/uploads\/2016\/03\/vibrations_maconniques.jpg","width":313,"height":500},{"@type":"BreadcrumbList","@id":"https:\/\/www.imaq.fr\/blog\/2016\/03\/lina-chelli\/#breadcrumb","itemListElement":[{"@type":"ListItem","position":1,"name":"Accueil","item":"https:\/\/www.imaq.fr\/blog\/"},{"@type":"ListItem","position":2,"name":"Lina CHELLI"}]},{"@type":"WebSite","@id":"https:\/\/www.imaq.fr\/blog\/#website","url":"https:\/\/www.imaq.fr\/blog\/","name":"Biennale Culturelle Ma\u00e7onnique de Bordeaux","description":"IMAQ","publisher":{"@id":"https:\/\/www.imaq.fr\/blog\/#organization"},"potentialAction":[{"@type":"SearchAction","target":{"@type":"EntryPoint","urlTemplate":"https:\/\/www.imaq.fr\/blog\/?s={search_term_string}"},"query-input":{"@type":"PropertyValueSpecification","valueRequired":true,"valueName":"search_term_string"}}],"inLanguage":"fr-FR"},{"@type":"Organization","@id":"https:\/\/www.imaq.fr\/blog\/#organization","name":"Biennale Culturelle Ma\u00e7onnique de Bordeaux","url":"https:\/\/www.imaq.fr\/blog\/","logo":{"@type":"ImageObject","inLanguage":"fr-FR","@id":"https:\/\/www.imaq.fr\/blog\/#\/schema\/logo\/image\/","url":"https:\/\/www.imaq.fr\/blog\/wp-content\/uploads\/2014\/12\/logo-bcmc.jpg","contentUrl":"https:\/\/www.imaq.fr\/blog\/wp-content\/uploads\/2014\/12\/logo-bcmc.jpg","width":759,"height":784,"caption":"Biennale Culturelle Ma\u00e7onnique de Bordeaux"},"image":{"@id":"https:\/\/www.imaq.fr\/blog\/#\/schema\/logo\/image\/"},"sameAs":["https:\/\/www.facebook.com\/biennaleculturellemaconnique.bordeaux"]},{"@type":"Person","@id":"https:\/\/www.imaq.fr\/blog\/#\/schema\/person\/3df683af05c9d4e9401e01364d03a5fd","name":"BCMB","image":{"@type":"ImageObject","inLanguage":"fr-FR","@id":"https:\/\/secure.gravatar.com\/avatar\/d6fbbbb38de40bcc3a41d4467d090d3b92513d4eb33fc933729359bbce505880?s=96&d=identicon&r=g","url":"https:\/\/secure.gravatar.com\/avatar\/d6fbbbb38de40bcc3a41d4467d090d3b92513d4eb33fc933729359bbce505880?s=96&d=identicon&r=g","contentUrl":"https:\/\/secure.gravatar.com\/avatar\/d6fbbbb38de40bcc3a41d4467d090d3b92513d4eb33fc933729359bbce505880?s=96&d=identicon&r=g","caption":"BCMB"},"sameAs":["https:\/\/www.imaq.fr"],"url":"https:\/\/www.imaq.fr\/blog\/author\/pomirol\/"}]}},"_links":{"self":[{"href":"https:\/\/www.imaq.fr\/blog\/wp-json\/wp\/v2\/posts\/441","targetHints":{"allow":["GET"]}}],"collection":[{"href":"https:\/\/www.imaq.fr\/blog\/wp-json\/wp\/v2\/posts"}],"about":[{"href":"https:\/\/www.imaq.fr\/blog\/wp-json\/wp\/v2\/types\/post"}],"author":[{"embeddable":true,"href":"https:\/\/www.imaq.fr\/blog\/wp-json\/wp\/v2\/users\/2"}],"replies":[{"embeddable":true,"href":"https:\/\/www.imaq.fr\/blog\/wp-json\/wp\/v2\/comments?post=441"}],"version-history":[{"count":0,"href":"https:\/\/www.imaq.fr\/blog\/wp-json\/wp\/v2\/posts\/441\/revisions"}],"wp:attachment":[{"href":"https:\/\/www.imaq.fr\/blog\/wp-json\/wp\/v2\/media?parent=441"}],"wp:term":[{"taxonomy":"category","embeddable":true,"href":"https:\/\/www.imaq.fr\/blog\/wp-json\/wp\/v2\/categories?post=441"},{"taxonomy":"post_tag","embeddable":true,"href":"https:\/\/www.imaq.fr\/blog\/wp-json\/wp\/v2\/tags?post=441"}],"curies":[{"name":"wp","href":"https:\/\/api.w.org\/{rel}","templated":true}]}}