{"id":470,"date":"2016-03-29T09:17:39","date_gmt":"2016-03-29T09:17:39","guid":{"rendered":"https:\/\/www.imaq.fr\/blog\/?p=470"},"modified":"2016-03-29T09:17:39","modified_gmt":"2016-03-29T09:17:39","slug":"celine-bryon-portet","status":"publish","type":"post","link":"https:\/\/www.imaq.fr\/blog\/2016\/03\/celine-bryon-portet\/","title":{"rendered":"C\u00e9line BRYON-PORTET"},"content":{"rendered":"<p>Docteur \u00e8s lettres et titulaire d\u2019un DEA de philosophie et d\u2019un master professionnel en sciences de l\u2019information et de la communication, C\u00e9line BRYON-PORTET fut officier de carri\u00e8re dans l\u2019arm\u00e9e de l\u2019air (capitaine). Actuellement Ma\u00eetre de conf\u00e9rences en Sciences de l&rsquo;information et de la communication, ses travaux de recherche balaient le champ des repr\u00e9sentations et dispositifs symboliques. Elle s&rsquo;interroge notamment sur le pouvoir de l&rsquo;imaginaire et du sacr\u00e9 dans les soci\u00e9t\u00e9s modernes et postmodernes, pr\u00e9tendument domin\u00e9es par une approche rationaliste et technicienne, ainsi que sur les processus de construction de la r\u00e9alit\u00e9, des identit\u00e9s individuelles et communautaires auxquels ils participent. Les principaux axes th\u00e9matiques qu&rsquo;elle d\u00e9veloppe sont :<\/p>\n<ul>\n<li><em>Communication des organisations<\/em> : la communication interne et externe et les m\u00e9diations symboliques (objets et figures symboliques, r\u00e9cits mythiques, pratiques rituelles&#8230;) des organisations ferm\u00e9es, des soci\u00e9t\u00e9s secr\u00e8tes ou institutions \u00e0 caract\u00e8re initiatique.<\/li>\n<li><em>Etudes audiovisuelles<\/em> : les fictions du grand et du petit \u00e9cran, notamment les s\u00e9ries t\u00e9l\u00e9vis\u00e9es et les \u0153uvres cin\u00e9matographiques, en tant qu&rsquo;elles participent du processus de construction socioculturelle de la r\u00e9alit\u00e9 et contribuent \u00e0 modifier certaines de nos repr\u00e9sentations.<\/li>\n<\/ul>\n<p>En 2012 elle publie dans la revue R\u00c9SEAUX un article tr\u00e8s document\u00e9 sur la <a href=\"http:\/\/www.cairn.info\/revue-reseaux-2012-2-page-216.htm\" target=\"_blank\">Franc-ma\u00e7onnerie 2.0 &#8211; Adaptations et d\u00e9naturations d\u2019une culture rituelle dans le cadre des plates-formes participatives<\/a>.<\/p>\n<p>Elle a publi\u00e9 :<\/p>\n<ul>\n<li><em>L&rsquo;Utopie ma\u00e7onnique, am\u00e9liorer l&rsquo;homme et la soci\u00e9t\u00e9<\/em> (Dervy, 2015, avec Daniel KELLER)<\/li>\n<li><em>Petits essais de philosophie ma\u00e7onnique concr\u00e8te<\/em> (EME Editions, 2015, avec Yves CHEVALIER)<\/li>\n<li><em>Sociologie des soci\u00e9t\u00e9s ferm\u00e9es : Imaginaire symbolique et sacralit\u00e9 en milieu clos<\/em> (PULM &#8211; Presses universitaires de la M\u00e9diterran\u00e9e, 2013)<\/li>\n<\/ul>\n<p><a href=\"https:\/\/www.imaq.fr\/blog\/wp-content\/uploads\/2016\/03\/l_utopie_maconnique.jpg\" rel=\"attachment wp-att-473\"><img loading=\"lazy\" decoding=\"async\" class=\"alignnone size-thumbnail wp-image-473 colorbox-470\" src=\"https:\/\/www.imaq.fr\/blog\/wp-content\/uploads\/2016\/03\/l_utopie_maconnique-150x150.jpg\" alt=\"l_utopie_maconnique\" width=\"150\" height=\"150\" \/><\/a>\u00a0<a href=\"https:\/\/www.imaq.fr\/blog\/wp-content\/uploads\/2016\/03\/petits_essais_de_philosophie_maconnique_concrete.jpg\" rel=\"attachment wp-att-474\"><img loading=\"lazy\" decoding=\"async\" class=\"alignnone size-thumbnail wp-image-474 colorbox-470\" src=\"https:\/\/www.imaq.fr\/blog\/wp-content\/uploads\/2016\/03\/petits_essais_de_philosophie_maconnique_concrete-150x150.jpg\" alt=\"petits_essais_de_philosophie_maconnique_concrete\" width=\"150\" height=\"150\" \/><\/a>\u00a0<a href=\"https:\/\/www.imaq.fr\/blog\/wp-content\/uploads\/2016\/03\/sociologie_des_societes_fermees.jpg\" rel=\"attachment wp-att-475\"><img loading=\"lazy\" decoding=\"async\" class=\"alignnone size-thumbnail wp-image-475 colorbox-470\" src=\"https:\/\/www.imaq.fr\/blog\/wp-content\/uploads\/2016\/03\/sociologie_des_societes_fermees-150x150.jpg\" alt=\"sociologie_des_societes_fermees\" width=\"150\" height=\"150\" \/><\/a><\/p>\n","protected":false},"excerpt":{"rendered":"<p>Docteur \u00e8s lettres et titulaire d\u2019un DEA de philosophie et d\u2019un master professionnel en sciences de l\u2019information et de la communication, C\u00e9line BRYON-PORTET fut officier de carri\u00e8re dans l\u2019arm\u00e9e de l\u2019air (capitaine). Actuellement Ma\u00eetre de conf\u00e9rences en Sciences de l&rsquo;information et de la communication, ses travaux de recherche balaient le champ des repr\u00e9sentations et dispositifs [&hellip;]<\/p>\n","protected":false},"author":2,"featured_media":0,"comment_status":"closed","ping_status":"open","sticky":false,"template":"","format":"standard","meta":{"_editorskit_title_hidden":false,"_editorskit_reading_time":0,"_editorskit_is_block_options_detached":false,"_editorskit_block_options_position":"{}","footnotes":""},"categories":[2,23],"tags":[],"class_list":["post-470","post","type-post","status-publish","format-standard","hentry","category-auteur","category-biennale-2016"],"yoast_head":"<!-- This site is optimized with the Yoast SEO plugin v27.5 - https:\/\/yoast.com\/product\/yoast-seo-wordpress\/ -->\n<title>C\u00e9line BRYON-PORTET - Biennale Culturelle Ma\u00e7onnique de Bordeaux<\/title>\n<meta name=\"robots\" content=\"index, follow, max-snippet:-1, max-image-preview:large, max-video-preview:-1\" \/>\n<link rel=\"canonical\" href=\"https:\/\/www.imaq.fr\/blog\/2016\/03\/celine-bryon-portet\/\" \/>\n<meta property=\"og:locale\" content=\"fr_FR\" \/>\n<meta property=\"og:type\" content=\"article\" \/>\n<meta property=\"og:title\" content=\"C\u00e9line BRYON-PORTET - Biennale Culturelle Ma\u00e7onnique de Bordeaux\" \/>\n<meta property=\"og:description\" content=\"Docteur \u00e8s lettres et titulaire d\u2019un DEA de philosophie et d\u2019un master professionnel en sciences de l\u2019information et de la communication, C\u00e9line BRYON-PORTET fut officier de carri\u00e8re dans l\u2019arm\u00e9e de l\u2019air (capitaine). Actuellement Ma\u00eetre de conf\u00e9rences en Sciences de l&rsquo;information et de la communication, ses travaux de recherche balaient le champ des repr\u00e9sentations et dispositifs [&hellip;]\" \/>\n<meta property=\"og:url\" content=\"https:\/\/www.imaq.fr\/blog\/2016\/03\/celine-bryon-portet\/\" \/>\n<meta property=\"og:site_name\" content=\"Biennale Culturelle Ma\u00e7onnique de Bordeaux\" \/>\n<meta property=\"article:publisher\" content=\"https:\/\/www.facebook.com\/biennaleculturellemaconnique.bordeaux\" \/>\n<meta property=\"article:published_time\" content=\"2016-03-29T09:17:39+00:00\" \/>\n<meta property=\"og:image\" content=\"https:\/\/www.imaq.fr\/blog\/wp-content\/uploads\/2016\/03\/l_utopie_maconnique.jpg\" \/>\n\t<meta property=\"og:image:width\" content=\"318\" \/>\n\t<meta property=\"og:image:height\" content=\"500\" \/>\n\t<meta property=\"og:image:type\" content=\"image\/jpeg\" \/>\n<meta name=\"author\" content=\"BCMB\" \/>\n<meta name=\"twitter:card\" content=\"summary_large_image\" \/>\n<meta name=\"twitter:label1\" content=\"\u00c9crit par\" \/>\n\t<meta name=\"twitter:data1\" content=\"BCMB\" \/>\n\t<meta name=\"twitter:label2\" content=\"Dur\u00e9e de lecture estim\u00e9e\" \/>\n\t<meta name=\"twitter:data2\" content=\"1 minute\" \/>\n<script type=\"application\/ld+json\" class=\"yoast-schema-graph\">{\"@context\":\"https:\\\/\\\/schema.org\",\"@graph\":[{\"@type\":\"Article\",\"@id\":\"https:\\\/\\\/www.imaq.fr\\\/blog\\\/2016\\\/03\\\/celine-bryon-portet\\\/#article\",\"isPartOf\":{\"@id\":\"https:\\\/\\\/www.imaq.fr\\\/blog\\\/2016\\\/03\\\/celine-bryon-portet\\\/\"},\"author\":{\"name\":\"BCMB\",\"@id\":\"https:\\\/\\\/www.imaq.fr\\\/blog\\\/#\\\/schema\\\/person\\\/3df683af05c9d4e9401e01364d03a5fd\"},\"headline\":\"C\u00e9line BRYON-PORTET\",\"datePublished\":\"2016-03-29T09:17:39+00:00\",\"mainEntityOfPage\":{\"@id\":\"https:\\\/\\\/www.imaq.fr\\\/blog\\\/2016\\\/03\\\/celine-bryon-portet\\\/\"},\"wordCount\":301,\"publisher\":{\"@id\":\"https:\\\/\\\/www.imaq.fr\\\/blog\\\/#organization\"},\"image\":{\"@id\":\"https:\\\/\\\/www.imaq.fr\\\/blog\\\/2016\\\/03\\\/celine-bryon-portet\\\/#primaryimage\"},\"thumbnailUrl\":\"https:\\\/\\\/www.imaq.fr\\\/blog\\\/wp-content\\\/uploads\\\/2016\\\/03\\\/l_utopie_maconnique-150x150.jpg\",\"articleSection\":[\"Auteurs\",\"Biennale 2016\"],\"inLanguage\":\"fr-FR\"},{\"@type\":\"WebPage\",\"@id\":\"https:\\\/\\\/www.imaq.fr\\\/blog\\\/2016\\\/03\\\/celine-bryon-portet\\\/\",\"url\":\"https:\\\/\\\/www.imaq.fr\\\/blog\\\/2016\\\/03\\\/celine-bryon-portet\\\/\",\"name\":\"C\u00e9line BRYON-PORTET - Biennale Culturelle Ma\u00e7onnique de Bordeaux\",\"isPartOf\":{\"@id\":\"https:\\\/\\\/www.imaq.fr\\\/blog\\\/#website\"},\"primaryImageOfPage\":{\"@id\":\"https:\\\/\\\/www.imaq.fr\\\/blog\\\/2016\\\/03\\\/celine-bryon-portet\\\/#primaryimage\"},\"image\":{\"@id\":\"https:\\\/\\\/www.imaq.fr\\\/blog\\\/2016\\\/03\\\/celine-bryon-portet\\\/#primaryimage\"},\"thumbnailUrl\":\"https:\\\/\\\/www.imaq.fr\\\/blog\\\/wp-content\\\/uploads\\\/2016\\\/03\\\/l_utopie_maconnique-150x150.jpg\",\"datePublished\":\"2016-03-29T09:17:39+00:00\",\"breadcrumb\":{\"@id\":\"https:\\\/\\\/www.imaq.fr\\\/blog\\\/2016\\\/03\\\/celine-bryon-portet\\\/#breadcrumb\"},\"inLanguage\":\"fr-FR\",\"potentialAction\":[{\"@type\":\"ReadAction\",\"target\":[\"https:\\\/\\\/www.imaq.fr\\\/blog\\\/2016\\\/03\\\/celine-bryon-portet\\\/\"]}]},{\"@type\":\"ImageObject\",\"inLanguage\":\"fr-FR\",\"@id\":\"https:\\\/\\\/www.imaq.fr\\\/blog\\\/2016\\\/03\\\/celine-bryon-portet\\\/#primaryimage\",\"url\":\"https:\\\/\\\/www.imaq.fr\\\/blog\\\/wp-content\\\/uploads\\\/2016\\\/03\\\/l_utopie_maconnique.jpg\",\"contentUrl\":\"https:\\\/\\\/www.imaq.fr\\\/blog\\\/wp-content\\\/uploads\\\/2016\\\/03\\\/l_utopie_maconnique.jpg\",\"width\":318,\"height\":500},{\"@type\":\"BreadcrumbList\",\"@id\":\"https:\\\/\\\/www.imaq.fr\\\/blog\\\/2016\\\/03\\\/celine-bryon-portet\\\/#breadcrumb\",\"itemListElement\":[{\"@type\":\"ListItem\",\"position\":1,\"name\":\"Accueil\",\"item\":\"https:\\\/\\\/www.imaq.fr\\\/blog\\\/\"},{\"@type\":\"ListItem\",\"position\":2,\"name\":\"C\u00e9line BRYON-PORTET\"}]},{\"@type\":\"WebSite\",\"@id\":\"https:\\\/\\\/www.imaq.fr\\\/blog\\\/#website\",\"url\":\"https:\\\/\\\/www.imaq.fr\\\/blog\\\/\",\"name\":\"Biennale Culturelle Ma\u00e7onnique de Bordeaux\",\"description\":\"IMAQ\",\"publisher\":{\"@id\":\"https:\\\/\\\/www.imaq.fr\\\/blog\\\/#organization\"},\"potentialAction\":[{\"@type\":\"SearchAction\",\"target\":{\"@type\":\"EntryPoint\",\"urlTemplate\":\"https:\\\/\\\/www.imaq.fr\\\/blog\\\/?s={search_term_string}\"},\"query-input\":{\"@type\":\"PropertyValueSpecification\",\"valueRequired\":true,\"valueName\":\"search_term_string\"}}],\"inLanguage\":\"fr-FR\"},{\"@type\":\"Organization\",\"@id\":\"https:\\\/\\\/www.imaq.fr\\\/blog\\\/#organization\",\"name\":\"Biennale Culturelle Ma\u00e7onnique de Bordeaux\",\"url\":\"https:\\\/\\\/www.imaq.fr\\\/blog\\\/\",\"logo\":{\"@type\":\"ImageObject\",\"inLanguage\":\"fr-FR\",\"@id\":\"https:\\\/\\\/www.imaq.fr\\\/blog\\\/#\\\/schema\\\/logo\\\/image\\\/\",\"url\":\"https:\\\/\\\/www.imaq.fr\\\/blog\\\/wp-content\\\/uploads\\\/2014\\\/12\\\/logo-bcmc.jpg\",\"contentUrl\":\"https:\\\/\\\/www.imaq.fr\\\/blog\\\/wp-content\\\/uploads\\\/2014\\\/12\\\/logo-bcmc.jpg\",\"width\":759,\"height\":784,\"caption\":\"Biennale Culturelle Ma\u00e7onnique de Bordeaux\"},\"image\":{\"@id\":\"https:\\\/\\\/www.imaq.fr\\\/blog\\\/#\\\/schema\\\/logo\\\/image\\\/\"},\"sameAs\":[\"https:\\\/\\\/www.facebook.com\\\/biennaleculturellemaconnique.bordeaux\"]},{\"@type\":\"Person\",\"@id\":\"https:\\\/\\\/www.imaq.fr\\\/blog\\\/#\\\/schema\\\/person\\\/3df683af05c9d4e9401e01364d03a5fd\",\"name\":\"BCMB\",\"image\":{\"@type\":\"ImageObject\",\"inLanguage\":\"fr-FR\",\"@id\":\"https:\\\/\\\/secure.gravatar.com\\\/avatar\\\/d6fbbbb38de40bcc3a41d4467d090d3b92513d4eb33fc933729359bbce505880?s=96&d=identicon&r=g\",\"url\":\"https:\\\/\\\/secure.gravatar.com\\\/avatar\\\/d6fbbbb38de40bcc3a41d4467d090d3b92513d4eb33fc933729359bbce505880?s=96&d=identicon&r=g\",\"contentUrl\":\"https:\\\/\\\/secure.gravatar.com\\\/avatar\\\/d6fbbbb38de40bcc3a41d4467d090d3b92513d4eb33fc933729359bbce505880?s=96&d=identicon&r=g\",\"caption\":\"BCMB\"},\"sameAs\":[\"https:\\\/\\\/www.imaq.fr\"],\"url\":\"https:\\\/\\\/www.imaq.fr\\\/blog\\\/author\\\/pomirol\\\/\"}]}<\/script>\n<!-- \/ Yoast SEO plugin. -->","yoast_head_json":{"title":"C\u00e9line BRYON-PORTET - Biennale Culturelle Ma\u00e7onnique de Bordeaux","robots":{"index":"index","follow":"follow","max-snippet":"max-snippet:-1","max-image-preview":"max-image-preview:large","max-video-preview":"max-video-preview:-1"},"canonical":"https:\/\/www.imaq.fr\/blog\/2016\/03\/celine-bryon-portet\/","og_locale":"fr_FR","og_type":"article","og_title":"C\u00e9line BRYON-PORTET - Biennale Culturelle Ma\u00e7onnique de Bordeaux","og_description":"Docteur \u00e8s lettres et titulaire d\u2019un DEA de philosophie et d\u2019un master professionnel en sciences de l\u2019information et de la communication, C\u00e9line BRYON-PORTET fut officier de carri\u00e8re dans l\u2019arm\u00e9e de l\u2019air (capitaine). Actuellement Ma\u00eetre de conf\u00e9rences en Sciences de l&rsquo;information et de la communication, ses travaux de recherche balaient le champ des repr\u00e9sentations et dispositifs [&hellip;]","og_url":"https:\/\/www.imaq.fr\/blog\/2016\/03\/celine-bryon-portet\/","og_site_name":"Biennale Culturelle Ma\u00e7onnique de Bordeaux","article_publisher":"https:\/\/www.facebook.com\/biennaleculturellemaconnique.bordeaux","article_published_time":"2016-03-29T09:17:39+00:00","og_image":[{"width":318,"height":500,"url":"https:\/\/www.imaq.fr\/blog\/wp-content\/uploads\/2016\/03\/l_utopie_maconnique.jpg","type":"image\/jpeg"}],"author":"BCMB","twitter_card":"summary_large_image","twitter_misc":{"\u00c9crit par":"BCMB","Dur\u00e9e de lecture estim\u00e9e":"1 minute"},"schema":{"@context":"https:\/\/schema.org","@graph":[{"@type":"Article","@id":"https:\/\/www.imaq.fr\/blog\/2016\/03\/celine-bryon-portet\/#article","isPartOf":{"@id":"https:\/\/www.imaq.fr\/blog\/2016\/03\/celine-bryon-portet\/"},"author":{"name":"BCMB","@id":"https:\/\/www.imaq.fr\/blog\/#\/schema\/person\/3df683af05c9d4e9401e01364d03a5fd"},"headline":"C\u00e9line BRYON-PORTET","datePublished":"2016-03-29T09:17:39+00:00","mainEntityOfPage":{"@id":"https:\/\/www.imaq.fr\/blog\/2016\/03\/celine-bryon-portet\/"},"wordCount":301,"publisher":{"@id":"https:\/\/www.imaq.fr\/blog\/#organization"},"image":{"@id":"https:\/\/www.imaq.fr\/blog\/2016\/03\/celine-bryon-portet\/#primaryimage"},"thumbnailUrl":"https:\/\/www.imaq.fr\/blog\/wp-content\/uploads\/2016\/03\/l_utopie_maconnique-150x150.jpg","articleSection":["Auteurs","Biennale 2016"],"inLanguage":"fr-FR"},{"@type":"WebPage","@id":"https:\/\/www.imaq.fr\/blog\/2016\/03\/celine-bryon-portet\/","url":"https:\/\/www.imaq.fr\/blog\/2016\/03\/celine-bryon-portet\/","name":"C\u00e9line BRYON-PORTET - Biennale Culturelle Ma\u00e7onnique de Bordeaux","isPartOf":{"@id":"https:\/\/www.imaq.fr\/blog\/#website"},"primaryImageOfPage":{"@id":"https:\/\/www.imaq.fr\/blog\/2016\/03\/celine-bryon-portet\/#primaryimage"},"image":{"@id":"https:\/\/www.imaq.fr\/blog\/2016\/03\/celine-bryon-portet\/#primaryimage"},"thumbnailUrl":"https:\/\/www.imaq.fr\/blog\/wp-content\/uploads\/2016\/03\/l_utopie_maconnique-150x150.jpg","datePublished":"2016-03-29T09:17:39+00:00","breadcrumb":{"@id":"https:\/\/www.imaq.fr\/blog\/2016\/03\/celine-bryon-portet\/#breadcrumb"},"inLanguage":"fr-FR","potentialAction":[{"@type":"ReadAction","target":["https:\/\/www.imaq.fr\/blog\/2016\/03\/celine-bryon-portet\/"]}]},{"@type":"ImageObject","inLanguage":"fr-FR","@id":"https:\/\/www.imaq.fr\/blog\/2016\/03\/celine-bryon-portet\/#primaryimage","url":"https:\/\/www.imaq.fr\/blog\/wp-content\/uploads\/2016\/03\/l_utopie_maconnique.jpg","contentUrl":"https:\/\/www.imaq.fr\/blog\/wp-content\/uploads\/2016\/03\/l_utopie_maconnique.jpg","width":318,"height":500},{"@type":"BreadcrumbList","@id":"https:\/\/www.imaq.fr\/blog\/2016\/03\/celine-bryon-portet\/#breadcrumb","itemListElement":[{"@type":"ListItem","position":1,"name":"Accueil","item":"https:\/\/www.imaq.fr\/blog\/"},{"@type":"ListItem","position":2,"name":"C\u00e9line BRYON-PORTET"}]},{"@type":"WebSite","@id":"https:\/\/www.imaq.fr\/blog\/#website","url":"https:\/\/www.imaq.fr\/blog\/","name":"Biennale Culturelle Ma\u00e7onnique de Bordeaux","description":"IMAQ","publisher":{"@id":"https:\/\/www.imaq.fr\/blog\/#organization"},"potentialAction":[{"@type":"SearchAction","target":{"@type":"EntryPoint","urlTemplate":"https:\/\/www.imaq.fr\/blog\/?s={search_term_string}"},"query-input":{"@type":"PropertyValueSpecification","valueRequired":true,"valueName":"search_term_string"}}],"inLanguage":"fr-FR"},{"@type":"Organization","@id":"https:\/\/www.imaq.fr\/blog\/#organization","name":"Biennale Culturelle Ma\u00e7onnique de Bordeaux","url":"https:\/\/www.imaq.fr\/blog\/","logo":{"@type":"ImageObject","inLanguage":"fr-FR","@id":"https:\/\/www.imaq.fr\/blog\/#\/schema\/logo\/image\/","url":"https:\/\/www.imaq.fr\/blog\/wp-content\/uploads\/2014\/12\/logo-bcmc.jpg","contentUrl":"https:\/\/www.imaq.fr\/blog\/wp-content\/uploads\/2014\/12\/logo-bcmc.jpg","width":759,"height":784,"caption":"Biennale Culturelle Ma\u00e7onnique de Bordeaux"},"image":{"@id":"https:\/\/www.imaq.fr\/blog\/#\/schema\/logo\/image\/"},"sameAs":["https:\/\/www.facebook.com\/biennaleculturellemaconnique.bordeaux"]},{"@type":"Person","@id":"https:\/\/www.imaq.fr\/blog\/#\/schema\/person\/3df683af05c9d4e9401e01364d03a5fd","name":"BCMB","image":{"@type":"ImageObject","inLanguage":"fr-FR","@id":"https:\/\/secure.gravatar.com\/avatar\/d6fbbbb38de40bcc3a41d4467d090d3b92513d4eb33fc933729359bbce505880?s=96&d=identicon&r=g","url":"https:\/\/secure.gravatar.com\/avatar\/d6fbbbb38de40bcc3a41d4467d090d3b92513d4eb33fc933729359bbce505880?s=96&d=identicon&r=g","contentUrl":"https:\/\/secure.gravatar.com\/avatar\/d6fbbbb38de40bcc3a41d4467d090d3b92513d4eb33fc933729359bbce505880?s=96&d=identicon&r=g","caption":"BCMB"},"sameAs":["https:\/\/www.imaq.fr"],"url":"https:\/\/www.imaq.fr\/blog\/author\/pomirol\/"}]}},"_links":{"self":[{"href":"https:\/\/www.imaq.fr\/blog\/wp-json\/wp\/v2\/posts\/470","targetHints":{"allow":["GET"]}}],"collection":[{"href":"https:\/\/www.imaq.fr\/blog\/wp-json\/wp\/v2\/posts"}],"about":[{"href":"https:\/\/www.imaq.fr\/blog\/wp-json\/wp\/v2\/types\/post"}],"author":[{"embeddable":true,"href":"https:\/\/www.imaq.fr\/blog\/wp-json\/wp\/v2\/users\/2"}],"replies":[{"embeddable":true,"href":"https:\/\/www.imaq.fr\/blog\/wp-json\/wp\/v2\/comments?post=470"}],"version-history":[{"count":0,"href":"https:\/\/www.imaq.fr\/blog\/wp-json\/wp\/v2\/posts\/470\/revisions"}],"wp:attachment":[{"href":"https:\/\/www.imaq.fr\/blog\/wp-json\/wp\/v2\/media?parent=470"}],"wp:term":[{"taxonomy":"category","embeddable":true,"href":"https:\/\/www.imaq.fr\/blog\/wp-json\/wp\/v2\/categories?post=470"},{"taxonomy":"post_tag","embeddable":true,"href":"https:\/\/www.imaq.fr\/blog\/wp-json\/wp\/v2\/tags?post=470"}],"curies":[{"name":"wp","href":"https:\/\/api.w.org\/{rel}","templated":true}]}}