{"id":503,"date":"2016-03-29T13:03:39","date_gmt":"2016-03-29T13:03:39","guid":{"rendered":"https:\/\/www.imaq.fr\/blog\/?p=503"},"modified":"2016-04-23T07:32:30","modified_gmt":"2016-04-23T07:32:30","slug":"gy-hivert-messeca","status":"publish","type":"post","link":"https:\/\/www.imaq.fr\/blog\/2016\/03\/gy-hivert-messeca\/","title":{"rendered":"Gis\u00e8le et Yves HIVERT-MESSECA"},"content":{"rendered":"<p>Gis\u00e8le HIVERT-MESSECA, militante f\u00e9ministe et passionn\u00e9e d&rsquo;histoire des femmes, est actuellement directrice d&rsquo;un \u00e9tablissement public fran\u00e7ais en Europe, en charge du d\u00e9veloppement des entreprises. Elle est Chevalier de l&rsquo;Ordre National du M\u00e9rite et Chevalier de la L\u00e9gion d&rsquo;Honneur.<\/p>\n<p>Yves HIVERT-MESSECA, professeur honoraire, docteur en histoire, chercheur en sciences humaines et essayiste a publi\u00e9 plusieurs livres et articles sur l&rsquo;histoire et la sociologie de la franc-ma\u00e7onnerie et du protestantisme fran\u00e7ais, sur la sociabilit\u00e9 d\u00e9mocratique, la la\u00efcit\u00e9, l&rsquo;imaginaire symbolique et le fait initiatique.<\/p>\n<p>Ils\u00a0ont\u00a0publi\u00e9 :<\/p>\n<ul>\n<li><em>L&rsquo;Europe sous l&rsquo;acacia : <a href=\"https:\/\/yveshivertmesseca.wordpress.com\/2016\/04\/14\/le-tome-3-arrive\/\" target=\"_blank\">Tome 3 : Le XXe si\u00e8cle, le temps du martyre<\/a><\/em> (Dervy, 21 avril 2016)<\/li>\n<li><em>Femmes et franc-ma\u00e7onnerie : Trois si\u00e8cles de franc-ma\u00e7onnerie f\u00e9minine et mixte en France<\/em> (Dervy, 2015, avec Gis\u00e8le Hivert-Messeca)<\/li>\n<li><em>L&rsquo;Europe sous l&rsquo;acacia : Histoire des francs-ma\u00e7onneries europ\u00e9ennes du XVIIIe si\u00e8cle \u00e0 nos jours Tome 2, Le XIXe<\/em> (Dervy, 2014, avec Andreas Onnerfors)<\/li>\n<li><em>L&rsquo;Europe sous l&rsquo;acacia : Histoire des franc-ma\u00e7onneries europ\u00e9ennes du XVIIIe si\u00e8cle \u00e0 nos jours Tome 1, Le XVIIIe<\/em> (Dervy, 2012, avec Jos\u00e9 Antonio Ferrer Benimeli)<\/li>\n<li><em>La Franc-Ma\u00e7onnerie sous l&rsquo;Empire : un \u00e2ge d&rsquo;or ?<\/em> (Dervy, 2007, avec Pierre Mollier, Pierre-Fran\u00e7ois Pimlaud et Laurence Chatel de Brancion)<\/li>\n<li><em>Comment la Franc-Ma\u00e7onnerie vint aux femmes : Deux si\u00e8cles de Franc-Ma\u00e7onnerie d&rsquo;adoption, f\u00e9minine et mixte en France 1740-1940<\/em> (Dervy, 1998, avec Gis\u00e8le Hivert-Messeca)<\/li>\n<li><em>La franc-ma\u00e7onnerie dans les Alpes-Maritimes : deux si\u00e8cles de sociabilit\u00e9 urbaine<\/em> (\u00c9ditions du Cabri,\u200e 1997)<\/li>\n<\/ul>\n<p><a href=\"https:\/\/www.imaq.fr\/blog\/wp-content\/uploads\/2016\/03\/femmes_et_fm_3_siecles_.jpg\" rel=\"attachment wp-att-504\"><img loading=\"lazy\" decoding=\"async\" class=\"alignnone size-thumbnail wp-image-504 colorbox-503\" src=\"https:\/\/www.imaq.fr\/blog\/wp-content\/uploads\/2016\/03\/femmes_et_fm_3_siecles_-150x150.jpg\" alt=\"femmes_et_fm_3_siecles_\" width=\"150\" height=\"150\" \/><\/a>\u00a0<a href=\"https:\/\/www.imaq.fr\/blog\/wp-content\/uploads\/2016\/03\/l_europe_sous_l_acacia.jpg\" rel=\"attachment wp-att-505\"><img loading=\"lazy\" decoding=\"async\" class=\"alignnone size-thumbnail wp-image-505 colorbox-503\" src=\"https:\/\/www.imaq.fr\/blog\/wp-content\/uploads\/2016\/03\/l_europe_sous_l_acacia-150x150.jpg\" alt=\"l_europe_sous_l_acacia\" width=\"150\" height=\"150\" \/><\/a><\/p>\n","protected":false},"excerpt":{"rendered":"<p>Gis\u00e8le HIVERT-MESSECA, militante f\u00e9ministe et passionn\u00e9e d&rsquo;histoire des femmes, est actuellement directrice d&rsquo;un \u00e9tablissement public fran\u00e7ais en Europe, en charge du d\u00e9veloppement des entreprises. Elle est Chevalier de l&rsquo;Ordre National du M\u00e9rite et Chevalier de la L\u00e9gion d&rsquo;Honneur. Yves HIVERT-MESSECA, professeur honoraire, docteur en histoire, chercheur en sciences humaines et essayiste a publi\u00e9 plusieurs livres [&hellip;]<\/p>\n","protected":false},"author":2,"featured_media":0,"comment_status":"closed","ping_status":"open","sticky":false,"template":"","format":"standard","meta":{"_editorskit_title_hidden":false,"_editorskit_reading_time":0,"_editorskit_is_block_options_detached":false,"_editorskit_block_options_position":"{}","footnotes":""},"categories":[2,23],"tags":[],"class_list":["post-503","post","type-post","status-publish","format-standard","hentry","category-auteur","category-biennale-2016"],"yoast_head":"<!-- This site is optimized with the Yoast SEO plugin v27.5 - https:\/\/yoast.com\/product\/yoast-seo-wordpress\/ -->\n<title>Gis\u00e8le et Yves HIVERT-MESSECA - Biennale Culturelle Ma\u00e7onnique de Bordeaux<\/title>\n<meta name=\"robots\" content=\"index, follow, max-snippet:-1, max-image-preview:large, max-video-preview:-1\" \/>\n<link rel=\"canonical\" href=\"https:\/\/www.imaq.fr\/blog\/2016\/03\/gy-hivert-messeca\/\" \/>\n<meta property=\"og:locale\" content=\"fr_FR\" \/>\n<meta property=\"og:type\" content=\"article\" \/>\n<meta property=\"og:title\" content=\"Gis\u00e8le et Yves HIVERT-MESSECA - Biennale Culturelle Ma\u00e7onnique de Bordeaux\" \/>\n<meta property=\"og:description\" content=\"Gis\u00e8le HIVERT-MESSECA, militante f\u00e9ministe et passionn\u00e9e d&rsquo;histoire des femmes, est actuellement directrice d&rsquo;un \u00e9tablissement public fran\u00e7ais en Europe, en charge du d\u00e9veloppement des entreprises. Elle est Chevalier de l&rsquo;Ordre National du M\u00e9rite et Chevalier de la L\u00e9gion d&rsquo;Honneur. Yves HIVERT-MESSECA, professeur honoraire, docteur en histoire, chercheur en sciences humaines et essayiste a publi\u00e9 plusieurs livres [&hellip;]\" \/>\n<meta property=\"og:url\" content=\"https:\/\/www.imaq.fr\/blog\/2016\/03\/gy-hivert-messeca\/\" \/>\n<meta property=\"og:site_name\" content=\"Biennale Culturelle Ma\u00e7onnique de Bordeaux\" \/>\n<meta property=\"article:publisher\" content=\"https:\/\/www.facebook.com\/biennaleculturellemaconnique.bordeaux\" \/>\n<meta property=\"article:published_time\" content=\"2016-03-29T13:03:39+00:00\" \/>\n<meta property=\"article:modified_time\" content=\"2016-04-23T07:32:30+00:00\" \/>\n<meta property=\"og:image\" content=\"https:\/\/www.imaq.fr\/blog\/wp-content\/uploads\/2016\/03\/femmes_et_fm_3_siecles_.jpg\" \/>\n\t<meta property=\"og:image:width\" content=\"332\" \/>\n\t<meta property=\"og:image:height\" content=\"500\" \/>\n\t<meta property=\"og:image:type\" content=\"image\/jpeg\" \/>\n<meta name=\"author\" content=\"BCMB\" \/>\n<meta name=\"twitter:card\" content=\"summary_large_image\" \/>\n<meta name=\"twitter:label1\" content=\"\u00c9crit par\" \/>\n\t<meta name=\"twitter:data1\" content=\"BCMB\" \/>\n\t<meta name=\"twitter:label2\" content=\"Dur\u00e9e de lecture estim\u00e9e\" \/>\n\t<meta name=\"twitter:data2\" content=\"1 minute\" \/>\n<script type=\"application\/ld+json\" class=\"yoast-schema-graph\">{\"@context\":\"https:\\\/\\\/schema.org\",\"@graph\":[{\"@type\":\"Article\",\"@id\":\"https:\\\/\\\/www.imaq.fr\\\/blog\\\/2016\\\/03\\\/gy-hivert-messeca\\\/#article\",\"isPartOf\":{\"@id\":\"https:\\\/\\\/www.imaq.fr\\\/blog\\\/2016\\\/03\\\/gy-hivert-messeca\\\/\"},\"author\":{\"name\":\"BCMB\",\"@id\":\"https:\\\/\\\/www.imaq.fr\\\/blog\\\/#\\\/schema\\\/person\\\/3df683af05c9d4e9401e01364d03a5fd\"},\"headline\":\"Gis\u00e8le et Yves HIVERT-MESSECA\",\"datePublished\":\"2016-03-29T13:03:39+00:00\",\"dateModified\":\"2016-04-23T07:32:30+00:00\",\"mainEntityOfPage\":{\"@id\":\"https:\\\/\\\/www.imaq.fr\\\/blog\\\/2016\\\/03\\\/gy-hivert-messeca\\\/\"},\"wordCount\":257,\"publisher\":{\"@id\":\"https:\\\/\\\/www.imaq.fr\\\/blog\\\/#organization\"},\"image\":{\"@id\":\"https:\\\/\\\/www.imaq.fr\\\/blog\\\/2016\\\/03\\\/gy-hivert-messeca\\\/#primaryimage\"},\"thumbnailUrl\":\"https:\\\/\\\/www.imaq.fr\\\/blog\\\/wp-content\\\/uploads\\\/2016\\\/03\\\/femmes_et_fm_3_siecles_-150x150.jpg\",\"articleSection\":[\"Auteurs\",\"Biennale 2016\"],\"inLanguage\":\"fr-FR\"},{\"@type\":\"WebPage\",\"@id\":\"https:\\\/\\\/www.imaq.fr\\\/blog\\\/2016\\\/03\\\/gy-hivert-messeca\\\/\",\"url\":\"https:\\\/\\\/www.imaq.fr\\\/blog\\\/2016\\\/03\\\/gy-hivert-messeca\\\/\",\"name\":\"Gis\u00e8le et Yves HIVERT-MESSECA - Biennale Culturelle Ma\u00e7onnique de Bordeaux\",\"isPartOf\":{\"@id\":\"https:\\\/\\\/www.imaq.fr\\\/blog\\\/#website\"},\"primaryImageOfPage\":{\"@id\":\"https:\\\/\\\/www.imaq.fr\\\/blog\\\/2016\\\/03\\\/gy-hivert-messeca\\\/#primaryimage\"},\"image\":{\"@id\":\"https:\\\/\\\/www.imaq.fr\\\/blog\\\/2016\\\/03\\\/gy-hivert-messeca\\\/#primaryimage\"},\"thumbnailUrl\":\"https:\\\/\\\/www.imaq.fr\\\/blog\\\/wp-content\\\/uploads\\\/2016\\\/03\\\/femmes_et_fm_3_siecles_-150x150.jpg\",\"datePublished\":\"2016-03-29T13:03:39+00:00\",\"dateModified\":\"2016-04-23T07:32:30+00:00\",\"breadcrumb\":{\"@id\":\"https:\\\/\\\/www.imaq.fr\\\/blog\\\/2016\\\/03\\\/gy-hivert-messeca\\\/#breadcrumb\"},\"inLanguage\":\"fr-FR\",\"potentialAction\":[{\"@type\":\"ReadAction\",\"target\":[\"https:\\\/\\\/www.imaq.fr\\\/blog\\\/2016\\\/03\\\/gy-hivert-messeca\\\/\"]}]},{\"@type\":\"ImageObject\",\"inLanguage\":\"fr-FR\",\"@id\":\"https:\\\/\\\/www.imaq.fr\\\/blog\\\/2016\\\/03\\\/gy-hivert-messeca\\\/#primaryimage\",\"url\":\"https:\\\/\\\/www.imaq.fr\\\/blog\\\/wp-content\\\/uploads\\\/2016\\\/03\\\/femmes_et_fm_3_siecles_.jpg\",\"contentUrl\":\"https:\\\/\\\/www.imaq.fr\\\/blog\\\/wp-content\\\/uploads\\\/2016\\\/03\\\/femmes_et_fm_3_siecles_.jpg\",\"width\":332,\"height\":500},{\"@type\":\"BreadcrumbList\",\"@id\":\"https:\\\/\\\/www.imaq.fr\\\/blog\\\/2016\\\/03\\\/gy-hivert-messeca\\\/#breadcrumb\",\"itemListElement\":[{\"@type\":\"ListItem\",\"position\":1,\"name\":\"Accueil\",\"item\":\"https:\\\/\\\/www.imaq.fr\\\/blog\\\/\"},{\"@type\":\"ListItem\",\"position\":2,\"name\":\"Gis\u00e8le et Yves HIVERT-MESSECA\"}]},{\"@type\":\"WebSite\",\"@id\":\"https:\\\/\\\/www.imaq.fr\\\/blog\\\/#website\",\"url\":\"https:\\\/\\\/www.imaq.fr\\\/blog\\\/\",\"name\":\"Biennale Culturelle Ma\u00e7onnique de Bordeaux\",\"description\":\"IMAQ\",\"publisher\":{\"@id\":\"https:\\\/\\\/www.imaq.fr\\\/blog\\\/#organization\"},\"potentialAction\":[{\"@type\":\"SearchAction\",\"target\":{\"@type\":\"EntryPoint\",\"urlTemplate\":\"https:\\\/\\\/www.imaq.fr\\\/blog\\\/?s={search_term_string}\"},\"query-input\":{\"@type\":\"PropertyValueSpecification\",\"valueRequired\":true,\"valueName\":\"search_term_string\"}}],\"inLanguage\":\"fr-FR\"},{\"@type\":\"Organization\",\"@id\":\"https:\\\/\\\/www.imaq.fr\\\/blog\\\/#organization\",\"name\":\"Biennale Culturelle Ma\u00e7onnique de Bordeaux\",\"url\":\"https:\\\/\\\/www.imaq.fr\\\/blog\\\/\",\"logo\":{\"@type\":\"ImageObject\",\"inLanguage\":\"fr-FR\",\"@id\":\"https:\\\/\\\/www.imaq.fr\\\/blog\\\/#\\\/schema\\\/logo\\\/image\\\/\",\"url\":\"https:\\\/\\\/www.imaq.fr\\\/blog\\\/wp-content\\\/uploads\\\/2014\\\/12\\\/logo-bcmc.jpg\",\"contentUrl\":\"https:\\\/\\\/www.imaq.fr\\\/blog\\\/wp-content\\\/uploads\\\/2014\\\/12\\\/logo-bcmc.jpg\",\"width\":759,\"height\":784,\"caption\":\"Biennale Culturelle Ma\u00e7onnique de Bordeaux\"},\"image\":{\"@id\":\"https:\\\/\\\/www.imaq.fr\\\/blog\\\/#\\\/schema\\\/logo\\\/image\\\/\"},\"sameAs\":[\"https:\\\/\\\/www.facebook.com\\\/biennaleculturellemaconnique.bordeaux\"]},{\"@type\":\"Person\",\"@id\":\"https:\\\/\\\/www.imaq.fr\\\/blog\\\/#\\\/schema\\\/person\\\/3df683af05c9d4e9401e01364d03a5fd\",\"name\":\"BCMB\",\"image\":{\"@type\":\"ImageObject\",\"inLanguage\":\"fr-FR\",\"@id\":\"https:\\\/\\\/secure.gravatar.com\\\/avatar\\\/d6fbbbb38de40bcc3a41d4467d090d3b92513d4eb33fc933729359bbce505880?s=96&d=identicon&r=g\",\"url\":\"https:\\\/\\\/secure.gravatar.com\\\/avatar\\\/d6fbbbb38de40bcc3a41d4467d090d3b92513d4eb33fc933729359bbce505880?s=96&d=identicon&r=g\",\"contentUrl\":\"https:\\\/\\\/secure.gravatar.com\\\/avatar\\\/d6fbbbb38de40bcc3a41d4467d090d3b92513d4eb33fc933729359bbce505880?s=96&d=identicon&r=g\",\"caption\":\"BCMB\"},\"sameAs\":[\"https:\\\/\\\/www.imaq.fr\"],\"url\":\"https:\\\/\\\/www.imaq.fr\\\/blog\\\/author\\\/pomirol\\\/\"}]}<\/script>\n<!-- \/ Yoast SEO plugin. -->","yoast_head_json":{"title":"Gis\u00e8le et Yves HIVERT-MESSECA - Biennale Culturelle Ma\u00e7onnique de Bordeaux","robots":{"index":"index","follow":"follow","max-snippet":"max-snippet:-1","max-image-preview":"max-image-preview:large","max-video-preview":"max-video-preview:-1"},"canonical":"https:\/\/www.imaq.fr\/blog\/2016\/03\/gy-hivert-messeca\/","og_locale":"fr_FR","og_type":"article","og_title":"Gis\u00e8le et Yves HIVERT-MESSECA - Biennale Culturelle Ma\u00e7onnique de Bordeaux","og_description":"Gis\u00e8le HIVERT-MESSECA, militante f\u00e9ministe et passionn\u00e9e d&rsquo;histoire des femmes, est actuellement directrice d&rsquo;un \u00e9tablissement public fran\u00e7ais en Europe, en charge du d\u00e9veloppement des entreprises. Elle est Chevalier de l&rsquo;Ordre National du M\u00e9rite et Chevalier de la L\u00e9gion d&rsquo;Honneur. Yves HIVERT-MESSECA, professeur honoraire, docteur en histoire, chercheur en sciences humaines et essayiste a publi\u00e9 plusieurs livres [&hellip;]","og_url":"https:\/\/www.imaq.fr\/blog\/2016\/03\/gy-hivert-messeca\/","og_site_name":"Biennale Culturelle Ma\u00e7onnique de Bordeaux","article_publisher":"https:\/\/www.facebook.com\/biennaleculturellemaconnique.bordeaux","article_published_time":"2016-03-29T13:03:39+00:00","article_modified_time":"2016-04-23T07:32:30+00:00","og_image":[{"width":332,"height":500,"url":"https:\/\/www.imaq.fr\/blog\/wp-content\/uploads\/2016\/03\/femmes_et_fm_3_siecles_.jpg","type":"image\/jpeg"}],"author":"BCMB","twitter_card":"summary_large_image","twitter_misc":{"\u00c9crit par":"BCMB","Dur\u00e9e de lecture estim\u00e9e":"1 minute"},"schema":{"@context":"https:\/\/schema.org","@graph":[{"@type":"Article","@id":"https:\/\/www.imaq.fr\/blog\/2016\/03\/gy-hivert-messeca\/#article","isPartOf":{"@id":"https:\/\/www.imaq.fr\/blog\/2016\/03\/gy-hivert-messeca\/"},"author":{"name":"BCMB","@id":"https:\/\/www.imaq.fr\/blog\/#\/schema\/person\/3df683af05c9d4e9401e01364d03a5fd"},"headline":"Gis\u00e8le et Yves HIVERT-MESSECA","datePublished":"2016-03-29T13:03:39+00:00","dateModified":"2016-04-23T07:32:30+00:00","mainEntityOfPage":{"@id":"https:\/\/www.imaq.fr\/blog\/2016\/03\/gy-hivert-messeca\/"},"wordCount":257,"publisher":{"@id":"https:\/\/www.imaq.fr\/blog\/#organization"},"image":{"@id":"https:\/\/www.imaq.fr\/blog\/2016\/03\/gy-hivert-messeca\/#primaryimage"},"thumbnailUrl":"https:\/\/www.imaq.fr\/blog\/wp-content\/uploads\/2016\/03\/femmes_et_fm_3_siecles_-150x150.jpg","articleSection":["Auteurs","Biennale 2016"],"inLanguage":"fr-FR"},{"@type":"WebPage","@id":"https:\/\/www.imaq.fr\/blog\/2016\/03\/gy-hivert-messeca\/","url":"https:\/\/www.imaq.fr\/blog\/2016\/03\/gy-hivert-messeca\/","name":"Gis\u00e8le et Yves HIVERT-MESSECA - Biennale Culturelle Ma\u00e7onnique de Bordeaux","isPartOf":{"@id":"https:\/\/www.imaq.fr\/blog\/#website"},"primaryImageOfPage":{"@id":"https:\/\/www.imaq.fr\/blog\/2016\/03\/gy-hivert-messeca\/#primaryimage"},"image":{"@id":"https:\/\/www.imaq.fr\/blog\/2016\/03\/gy-hivert-messeca\/#primaryimage"},"thumbnailUrl":"https:\/\/www.imaq.fr\/blog\/wp-content\/uploads\/2016\/03\/femmes_et_fm_3_siecles_-150x150.jpg","datePublished":"2016-03-29T13:03:39+00:00","dateModified":"2016-04-23T07:32:30+00:00","breadcrumb":{"@id":"https:\/\/www.imaq.fr\/blog\/2016\/03\/gy-hivert-messeca\/#breadcrumb"},"inLanguage":"fr-FR","potentialAction":[{"@type":"ReadAction","target":["https:\/\/www.imaq.fr\/blog\/2016\/03\/gy-hivert-messeca\/"]}]},{"@type":"ImageObject","inLanguage":"fr-FR","@id":"https:\/\/www.imaq.fr\/blog\/2016\/03\/gy-hivert-messeca\/#primaryimage","url":"https:\/\/www.imaq.fr\/blog\/wp-content\/uploads\/2016\/03\/femmes_et_fm_3_siecles_.jpg","contentUrl":"https:\/\/www.imaq.fr\/blog\/wp-content\/uploads\/2016\/03\/femmes_et_fm_3_siecles_.jpg","width":332,"height":500},{"@type":"BreadcrumbList","@id":"https:\/\/www.imaq.fr\/blog\/2016\/03\/gy-hivert-messeca\/#breadcrumb","itemListElement":[{"@type":"ListItem","position":1,"name":"Accueil","item":"https:\/\/www.imaq.fr\/blog\/"},{"@type":"ListItem","position":2,"name":"Gis\u00e8le et Yves HIVERT-MESSECA"}]},{"@type":"WebSite","@id":"https:\/\/www.imaq.fr\/blog\/#website","url":"https:\/\/www.imaq.fr\/blog\/","name":"Biennale Culturelle Ma\u00e7onnique de Bordeaux","description":"IMAQ","publisher":{"@id":"https:\/\/www.imaq.fr\/blog\/#organization"},"potentialAction":[{"@type":"SearchAction","target":{"@type":"EntryPoint","urlTemplate":"https:\/\/www.imaq.fr\/blog\/?s={search_term_string}"},"query-input":{"@type":"PropertyValueSpecification","valueRequired":true,"valueName":"search_term_string"}}],"inLanguage":"fr-FR"},{"@type":"Organization","@id":"https:\/\/www.imaq.fr\/blog\/#organization","name":"Biennale Culturelle Ma\u00e7onnique de Bordeaux","url":"https:\/\/www.imaq.fr\/blog\/","logo":{"@type":"ImageObject","inLanguage":"fr-FR","@id":"https:\/\/www.imaq.fr\/blog\/#\/schema\/logo\/image\/","url":"https:\/\/www.imaq.fr\/blog\/wp-content\/uploads\/2014\/12\/logo-bcmc.jpg","contentUrl":"https:\/\/www.imaq.fr\/blog\/wp-content\/uploads\/2014\/12\/logo-bcmc.jpg","width":759,"height":784,"caption":"Biennale Culturelle Ma\u00e7onnique de Bordeaux"},"image":{"@id":"https:\/\/www.imaq.fr\/blog\/#\/schema\/logo\/image\/"},"sameAs":["https:\/\/www.facebook.com\/biennaleculturellemaconnique.bordeaux"]},{"@type":"Person","@id":"https:\/\/www.imaq.fr\/blog\/#\/schema\/person\/3df683af05c9d4e9401e01364d03a5fd","name":"BCMB","image":{"@type":"ImageObject","inLanguage":"fr-FR","@id":"https:\/\/secure.gravatar.com\/avatar\/d6fbbbb38de40bcc3a41d4467d090d3b92513d4eb33fc933729359bbce505880?s=96&d=identicon&r=g","url":"https:\/\/secure.gravatar.com\/avatar\/d6fbbbb38de40bcc3a41d4467d090d3b92513d4eb33fc933729359bbce505880?s=96&d=identicon&r=g","contentUrl":"https:\/\/secure.gravatar.com\/avatar\/d6fbbbb38de40bcc3a41d4467d090d3b92513d4eb33fc933729359bbce505880?s=96&d=identicon&r=g","caption":"BCMB"},"sameAs":["https:\/\/www.imaq.fr"],"url":"https:\/\/www.imaq.fr\/blog\/author\/pomirol\/"}]}},"_links":{"self":[{"href":"https:\/\/www.imaq.fr\/blog\/wp-json\/wp\/v2\/posts\/503","targetHints":{"allow":["GET"]}}],"collection":[{"href":"https:\/\/www.imaq.fr\/blog\/wp-json\/wp\/v2\/posts"}],"about":[{"href":"https:\/\/www.imaq.fr\/blog\/wp-json\/wp\/v2\/types\/post"}],"author":[{"embeddable":true,"href":"https:\/\/www.imaq.fr\/blog\/wp-json\/wp\/v2\/users\/2"}],"replies":[{"embeddable":true,"href":"https:\/\/www.imaq.fr\/blog\/wp-json\/wp\/v2\/comments?post=503"}],"version-history":[{"count":0,"href":"https:\/\/www.imaq.fr\/blog\/wp-json\/wp\/v2\/posts\/503\/revisions"}],"wp:attachment":[{"href":"https:\/\/www.imaq.fr\/blog\/wp-json\/wp\/v2\/media?parent=503"}],"wp:term":[{"taxonomy":"category","embeddable":true,"href":"https:\/\/www.imaq.fr\/blog\/wp-json\/wp\/v2\/categories?post=503"},{"taxonomy":"post_tag","embeddable":true,"href":"https:\/\/www.imaq.fr\/blog\/wp-json\/wp\/v2\/tags?post=503"}],"curies":[{"name":"wp","href":"https:\/\/api.w.org\/{rel}","templated":true}]}}