{"id":512,"date":"2016-03-29T14:22:22","date_gmt":"2016-03-29T14:22:22","guid":{"rendered":"https:\/\/www.imaq.fr\/blog\/?p=512"},"modified":"2017-12-10T16:38:45","modified_gmt":"2017-12-10T16:38:45","slug":"bruno-maureille","status":"publish","type":"post","link":"https:\/\/www.imaq.fr\/blog\/2016\/03\/bruno-maureille\/","title":{"rendered":"Bruno MAUREILLE"},"content":{"rendered":"<p>Bruno MAUREILLE est un pal\u00e9oanthropologue, directeur de recherche au CNRS (UMR 5199, Bordeaux). Ses travaux portent sur le peuplement de l&rsquo;ancien monde jusqu&rsquo;\u00e0 sa totale colonisation par l&rsquo;homme moderne.<\/p>\n<p>Il a publi\u00e9 :<\/p>\n<ul>\n<li>Les premi\u00e8res s\u00e9pultures (Editions le Pommier Cit\u00e9 des Sciences et de l&rsquo;Industrie, 2013, 2017 &#8211; ISBN : 2-7465-0674-2)<\/li>\n<li>Vo&rsquo;Houn\u00e2 une l\u00e9gende pr\u00e9historique ( Editions Errance, 2013, avec Emmanuel Roudier et Jean Clottes)<\/li>\n<li>N\u00e9andertal ( Editions Confluences, 2012, avec Jacques Jaubert)<\/li>\n<li>Qu&rsquo;est-il arriv\u00e9 \u00e0 l&rsquo;homme de N\u00e9andertal ? (Editions le Pommier, 2008)<\/li>\n<li>Les N\u00e9andertaliens : Biologie et cultures (CTHS, 2007, avec Bernard Vandermeersch)<\/li>\n<li>Qui sont vraiment nos lointains anc\u00eatres ? (Editions le Pommier, 2005)<\/li>\n<\/ul>\n<p>Comme introduction \u00e0 sa conf\u00e9rence, nous vous proposons une petite vid\u00e9o sur les premi\u00e8res gravures symboliques du temps de l&rsquo;homme de N\u00e9andertal.<br \/>\n<iframe loading=\"lazy\" src=\"https:\/\/www.youtube.com\/embed\/Hn2rTxdKhYI\" width=\"854\" height=\"480\" frameborder=\"0\" allowfullscreen=\"allowfullscreen\"><\/iframe><\/p>\n<p><a href=\"https:\/\/www.imaq.fr\/blog\/wp-content\/uploads\/2016\/03\/bd_vo_houna.jpg\" rel=\"attachment wp-att-514\"><img loading=\"lazy\" decoding=\"async\" class=\"alignnone size-thumbnail wp-image-514 colorbox-512\" src=\"https:\/\/www.imaq.fr\/blog\/wp-content\/uploads\/2016\/03\/bd_vo_houna-150x150.jpg\" alt=\"bd_vo_houna\" width=\"150\" height=\"150\" \/><\/a>\u00a0<a href=\"https:\/\/www.imaq.fr\/blog\/wp-content\/uploads\/2016\/03\/les_premieres_sepultures.jpg\" rel=\"attachment wp-att-515\"><img loading=\"lazy\" decoding=\"async\" class=\"alignnone size-thumbnail wp-image-515 colorbox-512\" src=\"https:\/\/www.imaq.fr\/blog\/wp-content\/uploads\/2016\/03\/les_premieres_sepultures-150x150.jpg\" alt=\"les_premieres_sepultures\" width=\"150\" height=\"150\" \/><\/a><\/p>\n","protected":false},"excerpt":{"rendered":"<p>Bruno MAUREILLE est un pal\u00e9oanthropologue, directeur de recherche au CNRS (UMR 5199, Bordeaux). Ses travaux portent sur le peuplement de l&rsquo;ancien monde jusqu&rsquo;\u00e0 sa totale colonisation par l&rsquo;homme moderne. Il a publi\u00e9 : Les premi\u00e8res s\u00e9pultures (Editions le Pommier Cit\u00e9 des Sciences et de l&rsquo;Industrie, 2013, 2017 &#8211; ISBN : 2-7465-0674-2) Vo&rsquo;Houn\u00e2 une l\u00e9gende pr\u00e9historique [&hellip;]<\/p>\n","protected":false},"author":2,"featured_media":0,"comment_status":"closed","ping_status":"open","sticky":false,"template":"","format":"standard","meta":{"_editorskit_title_hidden":false,"_editorskit_reading_time":0,"_editorskit_is_block_options_detached":false,"_editorskit_block_options_position":"{}","footnotes":""},"categories":[2,23],"tags":[],"class_list":["post-512","post","type-post","status-publish","format-standard","hentry","category-auteur","category-biennale-2016"],"yoast_head":"<!-- This site is optimized with the Yoast SEO plugin v27.5 - https:\/\/yoast.com\/product\/yoast-seo-wordpress\/ -->\n<title>Bruno MAUREILLE - Biennale Culturelle Ma\u00e7onnique de Bordeaux<\/title>\n<meta name=\"robots\" content=\"index, follow, max-snippet:-1, max-image-preview:large, max-video-preview:-1\" \/>\n<link rel=\"canonical\" href=\"https:\/\/www.imaq.fr\/blog\/2016\/03\/bruno-maureille\/\" \/>\n<meta property=\"og:locale\" content=\"fr_FR\" \/>\n<meta property=\"og:type\" content=\"article\" \/>\n<meta property=\"og:title\" content=\"Bruno MAUREILLE - Biennale Culturelle Ma\u00e7onnique de Bordeaux\" \/>\n<meta property=\"og:description\" content=\"Bruno MAUREILLE est un pal\u00e9oanthropologue, directeur de recherche au CNRS (UMR 5199, Bordeaux). Ses travaux portent sur le peuplement de l&rsquo;ancien monde jusqu&rsquo;\u00e0 sa totale colonisation par l&rsquo;homme moderne. Il a publi\u00e9 : Les premi\u00e8res s\u00e9pultures (Editions le Pommier Cit\u00e9 des Sciences et de l&rsquo;Industrie, 2013, 2017 &#8211; ISBN : 2-7465-0674-2) Vo&rsquo;Houn\u00e2 une l\u00e9gende pr\u00e9historique [&hellip;]\" \/>\n<meta property=\"og:url\" content=\"https:\/\/www.imaq.fr\/blog\/2016\/03\/bruno-maureille\/\" \/>\n<meta property=\"og:site_name\" content=\"Biennale Culturelle Ma\u00e7onnique de Bordeaux\" \/>\n<meta property=\"article:publisher\" content=\"https:\/\/www.facebook.com\/biennaleculturellemaconnique.bordeaux\" \/>\n<meta property=\"article:published_time\" content=\"2016-03-29T14:22:22+00:00\" \/>\n<meta property=\"article:modified_time\" content=\"2017-12-10T16:38:45+00:00\" \/>\n<meta property=\"og:image\" content=\"https:\/\/www.imaq.fr\/blog\/wp-content\/uploads\/2016\/03\/bd_vo_houna.jpg\" \/>\n\t<meta property=\"og:image:width\" content=\"1173\" \/>\n\t<meta property=\"og:image:height\" content=\"1721\" \/>\n\t<meta property=\"og:image:type\" content=\"image\/jpeg\" \/>\n<meta name=\"author\" content=\"BCMB\" \/>\n<meta name=\"twitter:card\" content=\"summary_large_image\" \/>\n<meta name=\"twitter:label1\" content=\"\u00c9crit par\" \/>\n\t<meta name=\"twitter:data1\" content=\"BCMB\" \/>\n\t<meta name=\"twitter:label2\" content=\"Dur\u00e9e de lecture estim\u00e9e\" \/>\n\t<meta name=\"twitter:data2\" content=\"1 minute\" \/>\n<script type=\"application\/ld+json\" class=\"yoast-schema-graph\">{\"@context\":\"https:\\\/\\\/schema.org\",\"@graph\":[{\"@type\":\"Article\",\"@id\":\"https:\\\/\\\/www.imaq.fr\\\/blog\\\/2016\\\/03\\\/bruno-maureille\\\/#article\",\"isPartOf\":{\"@id\":\"https:\\\/\\\/www.imaq.fr\\\/blog\\\/2016\\\/03\\\/bruno-maureille\\\/\"},\"author\":{\"name\":\"BCMB\",\"@id\":\"https:\\\/\\\/www.imaq.fr\\\/blog\\\/#\\\/schema\\\/person\\\/3df683af05c9d4e9401e01364d03a5fd\"},\"headline\":\"Bruno MAUREILLE\",\"datePublished\":\"2016-03-29T14:22:22+00:00\",\"dateModified\":\"2017-12-10T16:38:45+00:00\",\"mainEntityOfPage\":{\"@id\":\"https:\\\/\\\/www.imaq.fr\\\/blog\\\/2016\\\/03\\\/bruno-maureille\\\/\"},\"wordCount\":135,\"publisher\":{\"@id\":\"https:\\\/\\\/www.imaq.fr\\\/blog\\\/#organization\"},\"image\":{\"@id\":\"https:\\\/\\\/www.imaq.fr\\\/blog\\\/2016\\\/03\\\/bruno-maureille\\\/#primaryimage\"},\"thumbnailUrl\":\"https:\\\/\\\/www.imaq.fr\\\/blog\\\/wp-content\\\/uploads\\\/2016\\\/03\\\/bd_vo_houna-150x150.jpg\",\"articleSection\":[\"Auteurs\",\"Biennale 2016\"],\"inLanguage\":\"fr-FR\"},{\"@type\":\"WebPage\",\"@id\":\"https:\\\/\\\/www.imaq.fr\\\/blog\\\/2016\\\/03\\\/bruno-maureille\\\/\",\"url\":\"https:\\\/\\\/www.imaq.fr\\\/blog\\\/2016\\\/03\\\/bruno-maureille\\\/\",\"name\":\"Bruno MAUREILLE - Biennale Culturelle Ma\u00e7onnique de Bordeaux\",\"isPartOf\":{\"@id\":\"https:\\\/\\\/www.imaq.fr\\\/blog\\\/#website\"},\"primaryImageOfPage\":{\"@id\":\"https:\\\/\\\/www.imaq.fr\\\/blog\\\/2016\\\/03\\\/bruno-maureille\\\/#primaryimage\"},\"image\":{\"@id\":\"https:\\\/\\\/www.imaq.fr\\\/blog\\\/2016\\\/03\\\/bruno-maureille\\\/#primaryimage\"},\"thumbnailUrl\":\"https:\\\/\\\/www.imaq.fr\\\/blog\\\/wp-content\\\/uploads\\\/2016\\\/03\\\/bd_vo_houna-150x150.jpg\",\"datePublished\":\"2016-03-29T14:22:22+00:00\",\"dateModified\":\"2017-12-10T16:38:45+00:00\",\"breadcrumb\":{\"@id\":\"https:\\\/\\\/www.imaq.fr\\\/blog\\\/2016\\\/03\\\/bruno-maureille\\\/#breadcrumb\"},\"inLanguage\":\"fr-FR\",\"potentialAction\":[{\"@type\":\"ReadAction\",\"target\":[\"https:\\\/\\\/www.imaq.fr\\\/blog\\\/2016\\\/03\\\/bruno-maureille\\\/\"]}]},{\"@type\":\"ImageObject\",\"inLanguage\":\"fr-FR\",\"@id\":\"https:\\\/\\\/www.imaq.fr\\\/blog\\\/2016\\\/03\\\/bruno-maureille\\\/#primaryimage\",\"url\":\"https:\\\/\\\/www.imaq.fr\\\/blog\\\/wp-content\\\/uploads\\\/2016\\\/03\\\/bd_vo_houna.jpg\",\"contentUrl\":\"https:\\\/\\\/www.imaq.fr\\\/blog\\\/wp-content\\\/uploads\\\/2016\\\/03\\\/bd_vo_houna.jpg\",\"width\":1173,\"height\":1721},{\"@type\":\"BreadcrumbList\",\"@id\":\"https:\\\/\\\/www.imaq.fr\\\/blog\\\/2016\\\/03\\\/bruno-maureille\\\/#breadcrumb\",\"itemListElement\":[{\"@type\":\"ListItem\",\"position\":1,\"name\":\"Accueil\",\"item\":\"https:\\\/\\\/www.imaq.fr\\\/blog\\\/\"},{\"@type\":\"ListItem\",\"position\":2,\"name\":\"Bruno MAUREILLE\"}]},{\"@type\":\"WebSite\",\"@id\":\"https:\\\/\\\/www.imaq.fr\\\/blog\\\/#website\",\"url\":\"https:\\\/\\\/www.imaq.fr\\\/blog\\\/\",\"name\":\"Biennale Culturelle Ma\u00e7onnique de Bordeaux\",\"description\":\"IMAQ\",\"publisher\":{\"@id\":\"https:\\\/\\\/www.imaq.fr\\\/blog\\\/#organization\"},\"potentialAction\":[{\"@type\":\"SearchAction\",\"target\":{\"@type\":\"EntryPoint\",\"urlTemplate\":\"https:\\\/\\\/www.imaq.fr\\\/blog\\\/?s={search_term_string}\"},\"query-input\":{\"@type\":\"PropertyValueSpecification\",\"valueRequired\":true,\"valueName\":\"search_term_string\"}}],\"inLanguage\":\"fr-FR\"},{\"@type\":\"Organization\",\"@id\":\"https:\\\/\\\/www.imaq.fr\\\/blog\\\/#organization\",\"name\":\"Biennale Culturelle Ma\u00e7onnique de Bordeaux\",\"url\":\"https:\\\/\\\/www.imaq.fr\\\/blog\\\/\",\"logo\":{\"@type\":\"ImageObject\",\"inLanguage\":\"fr-FR\",\"@id\":\"https:\\\/\\\/www.imaq.fr\\\/blog\\\/#\\\/schema\\\/logo\\\/image\\\/\",\"url\":\"https:\\\/\\\/www.imaq.fr\\\/blog\\\/wp-content\\\/uploads\\\/2014\\\/12\\\/logo-bcmc.jpg\",\"contentUrl\":\"https:\\\/\\\/www.imaq.fr\\\/blog\\\/wp-content\\\/uploads\\\/2014\\\/12\\\/logo-bcmc.jpg\",\"width\":759,\"height\":784,\"caption\":\"Biennale Culturelle Ma\u00e7onnique de Bordeaux\"},\"image\":{\"@id\":\"https:\\\/\\\/www.imaq.fr\\\/blog\\\/#\\\/schema\\\/logo\\\/image\\\/\"},\"sameAs\":[\"https:\\\/\\\/www.facebook.com\\\/biennaleculturellemaconnique.bordeaux\"]},{\"@type\":\"Person\",\"@id\":\"https:\\\/\\\/www.imaq.fr\\\/blog\\\/#\\\/schema\\\/person\\\/3df683af05c9d4e9401e01364d03a5fd\",\"name\":\"BCMB\",\"image\":{\"@type\":\"ImageObject\",\"inLanguage\":\"fr-FR\",\"@id\":\"https:\\\/\\\/secure.gravatar.com\\\/avatar\\\/d6fbbbb38de40bcc3a41d4467d090d3b92513d4eb33fc933729359bbce505880?s=96&d=identicon&r=g\",\"url\":\"https:\\\/\\\/secure.gravatar.com\\\/avatar\\\/d6fbbbb38de40bcc3a41d4467d090d3b92513d4eb33fc933729359bbce505880?s=96&d=identicon&r=g\",\"contentUrl\":\"https:\\\/\\\/secure.gravatar.com\\\/avatar\\\/d6fbbbb38de40bcc3a41d4467d090d3b92513d4eb33fc933729359bbce505880?s=96&d=identicon&r=g\",\"caption\":\"BCMB\"},\"sameAs\":[\"https:\\\/\\\/www.imaq.fr\"],\"url\":\"https:\\\/\\\/www.imaq.fr\\\/blog\\\/author\\\/pomirol\\\/\"}]}<\/script>\n<!-- \/ Yoast SEO plugin. -->","yoast_head_json":{"title":"Bruno MAUREILLE - Biennale Culturelle Ma\u00e7onnique de Bordeaux","robots":{"index":"index","follow":"follow","max-snippet":"max-snippet:-1","max-image-preview":"max-image-preview:large","max-video-preview":"max-video-preview:-1"},"canonical":"https:\/\/www.imaq.fr\/blog\/2016\/03\/bruno-maureille\/","og_locale":"fr_FR","og_type":"article","og_title":"Bruno MAUREILLE - Biennale Culturelle Ma\u00e7onnique de Bordeaux","og_description":"Bruno MAUREILLE est un pal\u00e9oanthropologue, directeur de recherche au CNRS (UMR 5199, Bordeaux). Ses travaux portent sur le peuplement de l&rsquo;ancien monde jusqu&rsquo;\u00e0 sa totale colonisation par l&rsquo;homme moderne. Il a publi\u00e9 : Les premi\u00e8res s\u00e9pultures (Editions le Pommier Cit\u00e9 des Sciences et de l&rsquo;Industrie, 2013, 2017 &#8211; ISBN : 2-7465-0674-2) Vo&rsquo;Houn\u00e2 une l\u00e9gende pr\u00e9historique [&hellip;]","og_url":"https:\/\/www.imaq.fr\/blog\/2016\/03\/bruno-maureille\/","og_site_name":"Biennale Culturelle Ma\u00e7onnique de Bordeaux","article_publisher":"https:\/\/www.facebook.com\/biennaleculturellemaconnique.bordeaux","article_published_time":"2016-03-29T14:22:22+00:00","article_modified_time":"2017-12-10T16:38:45+00:00","og_image":[{"width":1173,"height":1721,"url":"https:\/\/www.imaq.fr\/blog\/wp-content\/uploads\/2016\/03\/bd_vo_houna.jpg","type":"image\/jpeg"}],"author":"BCMB","twitter_card":"summary_large_image","twitter_misc":{"\u00c9crit par":"BCMB","Dur\u00e9e de lecture estim\u00e9e":"1 minute"},"schema":{"@context":"https:\/\/schema.org","@graph":[{"@type":"Article","@id":"https:\/\/www.imaq.fr\/blog\/2016\/03\/bruno-maureille\/#article","isPartOf":{"@id":"https:\/\/www.imaq.fr\/blog\/2016\/03\/bruno-maureille\/"},"author":{"name":"BCMB","@id":"https:\/\/www.imaq.fr\/blog\/#\/schema\/person\/3df683af05c9d4e9401e01364d03a5fd"},"headline":"Bruno MAUREILLE","datePublished":"2016-03-29T14:22:22+00:00","dateModified":"2017-12-10T16:38:45+00:00","mainEntityOfPage":{"@id":"https:\/\/www.imaq.fr\/blog\/2016\/03\/bruno-maureille\/"},"wordCount":135,"publisher":{"@id":"https:\/\/www.imaq.fr\/blog\/#organization"},"image":{"@id":"https:\/\/www.imaq.fr\/blog\/2016\/03\/bruno-maureille\/#primaryimage"},"thumbnailUrl":"https:\/\/www.imaq.fr\/blog\/wp-content\/uploads\/2016\/03\/bd_vo_houna-150x150.jpg","articleSection":["Auteurs","Biennale 2016"],"inLanguage":"fr-FR"},{"@type":"WebPage","@id":"https:\/\/www.imaq.fr\/blog\/2016\/03\/bruno-maureille\/","url":"https:\/\/www.imaq.fr\/blog\/2016\/03\/bruno-maureille\/","name":"Bruno MAUREILLE - Biennale Culturelle Ma\u00e7onnique de Bordeaux","isPartOf":{"@id":"https:\/\/www.imaq.fr\/blog\/#website"},"primaryImageOfPage":{"@id":"https:\/\/www.imaq.fr\/blog\/2016\/03\/bruno-maureille\/#primaryimage"},"image":{"@id":"https:\/\/www.imaq.fr\/blog\/2016\/03\/bruno-maureille\/#primaryimage"},"thumbnailUrl":"https:\/\/www.imaq.fr\/blog\/wp-content\/uploads\/2016\/03\/bd_vo_houna-150x150.jpg","datePublished":"2016-03-29T14:22:22+00:00","dateModified":"2017-12-10T16:38:45+00:00","breadcrumb":{"@id":"https:\/\/www.imaq.fr\/blog\/2016\/03\/bruno-maureille\/#breadcrumb"},"inLanguage":"fr-FR","potentialAction":[{"@type":"ReadAction","target":["https:\/\/www.imaq.fr\/blog\/2016\/03\/bruno-maureille\/"]}]},{"@type":"ImageObject","inLanguage":"fr-FR","@id":"https:\/\/www.imaq.fr\/blog\/2016\/03\/bruno-maureille\/#primaryimage","url":"https:\/\/www.imaq.fr\/blog\/wp-content\/uploads\/2016\/03\/bd_vo_houna.jpg","contentUrl":"https:\/\/www.imaq.fr\/blog\/wp-content\/uploads\/2016\/03\/bd_vo_houna.jpg","width":1173,"height":1721},{"@type":"BreadcrumbList","@id":"https:\/\/www.imaq.fr\/blog\/2016\/03\/bruno-maureille\/#breadcrumb","itemListElement":[{"@type":"ListItem","position":1,"name":"Accueil","item":"https:\/\/www.imaq.fr\/blog\/"},{"@type":"ListItem","position":2,"name":"Bruno MAUREILLE"}]},{"@type":"WebSite","@id":"https:\/\/www.imaq.fr\/blog\/#website","url":"https:\/\/www.imaq.fr\/blog\/","name":"Biennale Culturelle Ma\u00e7onnique de Bordeaux","description":"IMAQ","publisher":{"@id":"https:\/\/www.imaq.fr\/blog\/#organization"},"potentialAction":[{"@type":"SearchAction","target":{"@type":"EntryPoint","urlTemplate":"https:\/\/www.imaq.fr\/blog\/?s={search_term_string}"},"query-input":{"@type":"PropertyValueSpecification","valueRequired":true,"valueName":"search_term_string"}}],"inLanguage":"fr-FR"},{"@type":"Organization","@id":"https:\/\/www.imaq.fr\/blog\/#organization","name":"Biennale Culturelle Ma\u00e7onnique de Bordeaux","url":"https:\/\/www.imaq.fr\/blog\/","logo":{"@type":"ImageObject","inLanguage":"fr-FR","@id":"https:\/\/www.imaq.fr\/blog\/#\/schema\/logo\/image\/","url":"https:\/\/www.imaq.fr\/blog\/wp-content\/uploads\/2014\/12\/logo-bcmc.jpg","contentUrl":"https:\/\/www.imaq.fr\/blog\/wp-content\/uploads\/2014\/12\/logo-bcmc.jpg","width":759,"height":784,"caption":"Biennale Culturelle Ma\u00e7onnique de Bordeaux"},"image":{"@id":"https:\/\/www.imaq.fr\/blog\/#\/schema\/logo\/image\/"},"sameAs":["https:\/\/www.facebook.com\/biennaleculturellemaconnique.bordeaux"]},{"@type":"Person","@id":"https:\/\/www.imaq.fr\/blog\/#\/schema\/person\/3df683af05c9d4e9401e01364d03a5fd","name":"BCMB","image":{"@type":"ImageObject","inLanguage":"fr-FR","@id":"https:\/\/secure.gravatar.com\/avatar\/d6fbbbb38de40bcc3a41d4467d090d3b92513d4eb33fc933729359bbce505880?s=96&d=identicon&r=g","url":"https:\/\/secure.gravatar.com\/avatar\/d6fbbbb38de40bcc3a41d4467d090d3b92513d4eb33fc933729359bbce505880?s=96&d=identicon&r=g","contentUrl":"https:\/\/secure.gravatar.com\/avatar\/d6fbbbb38de40bcc3a41d4467d090d3b92513d4eb33fc933729359bbce505880?s=96&d=identicon&r=g","caption":"BCMB"},"sameAs":["https:\/\/www.imaq.fr"],"url":"https:\/\/www.imaq.fr\/blog\/author\/pomirol\/"}]}},"_links":{"self":[{"href":"https:\/\/www.imaq.fr\/blog\/wp-json\/wp\/v2\/posts\/512","targetHints":{"allow":["GET"]}}],"collection":[{"href":"https:\/\/www.imaq.fr\/blog\/wp-json\/wp\/v2\/posts"}],"about":[{"href":"https:\/\/www.imaq.fr\/blog\/wp-json\/wp\/v2\/types\/post"}],"author":[{"embeddable":true,"href":"https:\/\/www.imaq.fr\/blog\/wp-json\/wp\/v2\/users\/2"}],"replies":[{"embeddable":true,"href":"https:\/\/www.imaq.fr\/blog\/wp-json\/wp\/v2\/comments?post=512"}],"version-history":[{"count":0,"href":"https:\/\/www.imaq.fr\/blog\/wp-json\/wp\/v2\/posts\/512\/revisions"}],"wp:attachment":[{"href":"https:\/\/www.imaq.fr\/blog\/wp-json\/wp\/v2\/media?parent=512"}],"wp:term":[{"taxonomy":"category","embeddable":true,"href":"https:\/\/www.imaq.fr\/blog\/wp-json\/wp\/v2\/categories?post=512"},{"taxonomy":"post_tag","embeddable":true,"href":"https:\/\/www.imaq.fr\/blog\/wp-json\/wp\/v2\/tags?post=512"}],"curies":[{"name":"wp","href":"https:\/\/api.w.org\/{rel}","templated":true}]}}