{"id":525,"date":"2016-03-29T17:08:13","date_gmt":"2016-03-29T17:08:13","guid":{"rendered":"https:\/\/www.imaq.fr\/blog\/?p=525"},"modified":"2016-04-15T06:29:44","modified_gmt":"2016-04-15T06:29:44","slug":"philippe-michel","status":"publish","type":"post","link":"https:\/\/www.imaq.fr\/blog\/2016\/03\/philippe-michel\/","title":{"rendered":"Philippe MICHEL"},"content":{"rendered":"<p>Maurice BOUCHARD, disparu en 2011, avait fait du Rit Fran\u00e7ais d&rsquo;origine 1785, dit Rit Primordial de France\u00a0et\u00a0adopt\u00e9 par le Grand Orient de France en 1785, le principal objet de ses recherches et de sa vie.<\/p>\n<p>Philippe MICHEL, par amiti\u00e9 pour Maurice, a d&rsquo;abord commenc\u00e9 par relire et r\u00e9\u00e9crire les premiers textes de ce qui allait devenir ce livre : 2 ans d&rsquo;\u00e9changes, de complicit\u00e9, d&rsquo;enrichissement mutuel ont permis \u00e0 Philippe MICHEL de disposer de suffisamment de sources pour que ce livre voit le jour. Fruit de leur infatigable curiosit\u00e9, ce bel ouvrage montre aussi ce que peut \u00eatre une approche \u00ab\u00a0traditionnelle\u00a0\u00bb de la ma\u00e7onnerie.<\/p>\n<p>Philippe MICHEL a aussi \u00e9crit\u00a0<em>250 ans d&rsquo;\u00e9volution du rite \u00e9cossais ancien et accept\u00e9<\/em>, chez Dervy (fin 2016).<\/p>\n<p><a href=\"https:\/\/www.imaq.fr\/blog\/wp-content\/uploads\/2016\/03\/rit_francais_d_origine_1785.jpg\" rel=\"attachment wp-att-552\"><img loading=\"lazy\" decoding=\"async\" class=\"alignnone size-thumbnail wp-image-552 colorbox-525\" src=\"https:\/\/www.imaq.fr\/blog\/wp-content\/uploads\/2016\/03\/rit_francais_d_origine_1785-150x150.jpg\" alt=\"rit_francais_d_origine_1785\" width=\"150\" height=\"150\" \/><\/a>\u00a0\u00a0<a href=\"https:\/\/www.imaq.fr\/blog\/wp-content\/uploads\/2016\/03\/ph_michel_2.jpg\"><img loading=\"lazy\" decoding=\"async\" class=\"alignnone size-thumbnail wp-image-571 colorbox-525\" src=\"https:\/\/www.imaq.fr\/blog\/wp-content\/uploads\/2016\/03\/ph_michel_2-150x150.jpg\" alt=\"ph_michel_2\" width=\"150\" height=\"150\" \/><\/a><\/p>\n","protected":false},"excerpt":{"rendered":"<p>Maurice BOUCHARD, disparu en 2011, avait fait du Rit Fran\u00e7ais d&rsquo;origine 1785, dit Rit Primordial de France\u00a0et\u00a0adopt\u00e9 par le Grand Orient de France en 1785, le principal objet de ses recherches et de sa vie. Philippe MICHEL, par amiti\u00e9 pour Maurice, a d&rsquo;abord commenc\u00e9 par relire et r\u00e9\u00e9crire les premiers textes de ce qui allait [&hellip;]<\/p>\n","protected":false},"author":2,"featured_media":0,"comment_status":"closed","ping_status":"open","sticky":false,"template":"","format":"standard","meta":{"_editorskit_title_hidden":false,"_editorskit_reading_time":0,"_editorskit_is_block_options_detached":false,"_editorskit_block_options_position":"{}","footnotes":""},"categories":[2,23],"tags":[],"class_list":["post-525","post","type-post","status-publish","format-standard","hentry","category-auteur","category-biennale-2016"],"yoast_head":"<!-- This site is optimized with the Yoast SEO plugin v27.5 - https:\/\/yoast.com\/product\/yoast-seo-wordpress\/ -->\n<title>Philippe MICHEL - Biennale Culturelle Ma\u00e7onnique de Bordeaux<\/title>\n<meta name=\"robots\" content=\"index, follow, max-snippet:-1, max-image-preview:large, max-video-preview:-1\" \/>\n<link rel=\"canonical\" href=\"https:\/\/www.imaq.fr\/blog\/2016\/03\/philippe-michel\/\" \/>\n<meta property=\"og:locale\" content=\"fr_FR\" \/>\n<meta property=\"og:type\" content=\"article\" \/>\n<meta property=\"og:title\" content=\"Philippe MICHEL - Biennale Culturelle Ma\u00e7onnique de Bordeaux\" \/>\n<meta property=\"og:description\" content=\"Maurice BOUCHARD, disparu en 2011, avait fait du Rit Fran\u00e7ais d&rsquo;origine 1785, dit Rit Primordial de France\u00a0et\u00a0adopt\u00e9 par le Grand Orient de France en 1785, le principal objet de ses recherches et de sa vie. Philippe MICHEL, par amiti\u00e9 pour Maurice, a d&rsquo;abord commenc\u00e9 par relire et r\u00e9\u00e9crire les premiers textes de ce qui allait [&hellip;]\" \/>\n<meta property=\"og:url\" content=\"https:\/\/www.imaq.fr\/blog\/2016\/03\/philippe-michel\/\" \/>\n<meta property=\"og:site_name\" content=\"Biennale Culturelle Ma\u00e7onnique de Bordeaux\" \/>\n<meta property=\"article:publisher\" content=\"https:\/\/www.facebook.com\/biennaleculturellemaconnique.bordeaux\" \/>\n<meta property=\"article:published_time\" content=\"2016-03-29T17:08:13+00:00\" \/>\n<meta property=\"article:modified_time\" content=\"2016-04-15T06:29:44+00:00\" \/>\n<meta property=\"og:image\" content=\"https:\/\/www.imaq.fr\/blog\/wp-content\/uploads\/2016\/03\/rit_francais_d_origine_1785.jpg\" \/>\n\t<meta property=\"og:image:width\" content=\"1277\" \/>\n\t<meta property=\"og:image:height\" content=\"2014\" \/>\n\t<meta property=\"og:image:type\" content=\"image\/jpeg\" \/>\n<meta name=\"author\" content=\"BCMB\" \/>\n<meta name=\"twitter:card\" content=\"summary_large_image\" \/>\n<meta name=\"twitter:label1\" content=\"\u00c9crit par\" \/>\n\t<meta name=\"twitter:data1\" content=\"BCMB\" \/>\n\t<meta name=\"twitter:label2\" content=\"Dur\u00e9e de lecture estim\u00e9e\" \/>\n\t<meta name=\"twitter:data2\" content=\"1 minute\" \/>\n<script type=\"application\/ld+json\" class=\"yoast-schema-graph\">{\"@context\":\"https:\\\/\\\/schema.org\",\"@graph\":[{\"@type\":\"Article\",\"@id\":\"https:\\\/\\\/www.imaq.fr\\\/blog\\\/2016\\\/03\\\/philippe-michel\\\/#article\",\"isPartOf\":{\"@id\":\"https:\\\/\\\/www.imaq.fr\\\/blog\\\/2016\\\/03\\\/philippe-michel\\\/\"},\"author\":{\"name\":\"BCMB\",\"@id\":\"https:\\\/\\\/www.imaq.fr\\\/blog\\\/#\\\/schema\\\/person\\\/3df683af05c9d4e9401e01364d03a5fd\"},\"headline\":\"Philippe MICHEL\",\"datePublished\":\"2016-03-29T17:08:13+00:00\",\"dateModified\":\"2016-04-15T06:29:44+00:00\",\"mainEntityOfPage\":{\"@id\":\"https:\\\/\\\/www.imaq.fr\\\/blog\\\/2016\\\/03\\\/philippe-michel\\\/\"},\"wordCount\":126,\"publisher\":{\"@id\":\"https:\\\/\\\/www.imaq.fr\\\/blog\\\/#organization\"},\"image\":{\"@id\":\"https:\\\/\\\/www.imaq.fr\\\/blog\\\/2016\\\/03\\\/philippe-michel\\\/#primaryimage\"},\"thumbnailUrl\":\"https:\\\/\\\/www.imaq.fr\\\/blog\\\/wp-content\\\/uploads\\\/2016\\\/03\\\/rit_francais_d_origine_1785-150x150.jpg\",\"articleSection\":[\"Auteurs\",\"Biennale 2016\"],\"inLanguage\":\"fr-FR\"},{\"@type\":\"WebPage\",\"@id\":\"https:\\\/\\\/www.imaq.fr\\\/blog\\\/2016\\\/03\\\/philippe-michel\\\/\",\"url\":\"https:\\\/\\\/www.imaq.fr\\\/blog\\\/2016\\\/03\\\/philippe-michel\\\/\",\"name\":\"Philippe MICHEL - Biennale Culturelle Ma\u00e7onnique de Bordeaux\",\"isPartOf\":{\"@id\":\"https:\\\/\\\/www.imaq.fr\\\/blog\\\/#website\"},\"primaryImageOfPage\":{\"@id\":\"https:\\\/\\\/www.imaq.fr\\\/blog\\\/2016\\\/03\\\/philippe-michel\\\/#primaryimage\"},\"image\":{\"@id\":\"https:\\\/\\\/www.imaq.fr\\\/blog\\\/2016\\\/03\\\/philippe-michel\\\/#primaryimage\"},\"thumbnailUrl\":\"https:\\\/\\\/www.imaq.fr\\\/blog\\\/wp-content\\\/uploads\\\/2016\\\/03\\\/rit_francais_d_origine_1785-150x150.jpg\",\"datePublished\":\"2016-03-29T17:08:13+00:00\",\"dateModified\":\"2016-04-15T06:29:44+00:00\",\"breadcrumb\":{\"@id\":\"https:\\\/\\\/www.imaq.fr\\\/blog\\\/2016\\\/03\\\/philippe-michel\\\/#breadcrumb\"},\"inLanguage\":\"fr-FR\",\"potentialAction\":[{\"@type\":\"ReadAction\",\"target\":[\"https:\\\/\\\/www.imaq.fr\\\/blog\\\/2016\\\/03\\\/philippe-michel\\\/\"]}]},{\"@type\":\"ImageObject\",\"inLanguage\":\"fr-FR\",\"@id\":\"https:\\\/\\\/www.imaq.fr\\\/blog\\\/2016\\\/03\\\/philippe-michel\\\/#primaryimage\",\"url\":\"https:\\\/\\\/www.imaq.fr\\\/blog\\\/wp-content\\\/uploads\\\/2016\\\/03\\\/rit_francais_d_origine_1785.jpg\",\"contentUrl\":\"https:\\\/\\\/www.imaq.fr\\\/blog\\\/wp-content\\\/uploads\\\/2016\\\/03\\\/rit_francais_d_origine_1785.jpg\",\"width\":1277,\"height\":2014},{\"@type\":\"BreadcrumbList\",\"@id\":\"https:\\\/\\\/www.imaq.fr\\\/blog\\\/2016\\\/03\\\/philippe-michel\\\/#breadcrumb\",\"itemListElement\":[{\"@type\":\"ListItem\",\"position\":1,\"name\":\"Accueil\",\"item\":\"https:\\\/\\\/www.imaq.fr\\\/blog\\\/\"},{\"@type\":\"ListItem\",\"position\":2,\"name\":\"Philippe MICHEL\"}]},{\"@type\":\"WebSite\",\"@id\":\"https:\\\/\\\/www.imaq.fr\\\/blog\\\/#website\",\"url\":\"https:\\\/\\\/www.imaq.fr\\\/blog\\\/\",\"name\":\"Biennale Culturelle Ma\u00e7onnique de Bordeaux\",\"description\":\"IMAQ\",\"publisher\":{\"@id\":\"https:\\\/\\\/www.imaq.fr\\\/blog\\\/#organization\"},\"potentialAction\":[{\"@type\":\"SearchAction\",\"target\":{\"@type\":\"EntryPoint\",\"urlTemplate\":\"https:\\\/\\\/www.imaq.fr\\\/blog\\\/?s={search_term_string}\"},\"query-input\":{\"@type\":\"PropertyValueSpecification\",\"valueRequired\":true,\"valueName\":\"search_term_string\"}}],\"inLanguage\":\"fr-FR\"},{\"@type\":\"Organization\",\"@id\":\"https:\\\/\\\/www.imaq.fr\\\/blog\\\/#organization\",\"name\":\"Biennale Culturelle Ma\u00e7onnique de Bordeaux\",\"url\":\"https:\\\/\\\/www.imaq.fr\\\/blog\\\/\",\"logo\":{\"@type\":\"ImageObject\",\"inLanguage\":\"fr-FR\",\"@id\":\"https:\\\/\\\/www.imaq.fr\\\/blog\\\/#\\\/schema\\\/logo\\\/image\\\/\",\"url\":\"https:\\\/\\\/www.imaq.fr\\\/blog\\\/wp-content\\\/uploads\\\/2014\\\/12\\\/logo-bcmc.jpg\",\"contentUrl\":\"https:\\\/\\\/www.imaq.fr\\\/blog\\\/wp-content\\\/uploads\\\/2014\\\/12\\\/logo-bcmc.jpg\",\"width\":759,\"height\":784,\"caption\":\"Biennale Culturelle Ma\u00e7onnique de Bordeaux\"},\"image\":{\"@id\":\"https:\\\/\\\/www.imaq.fr\\\/blog\\\/#\\\/schema\\\/logo\\\/image\\\/\"},\"sameAs\":[\"https:\\\/\\\/www.facebook.com\\\/biennaleculturellemaconnique.bordeaux\"]},{\"@type\":\"Person\",\"@id\":\"https:\\\/\\\/www.imaq.fr\\\/blog\\\/#\\\/schema\\\/person\\\/3df683af05c9d4e9401e01364d03a5fd\",\"name\":\"BCMB\",\"image\":{\"@type\":\"ImageObject\",\"inLanguage\":\"fr-FR\",\"@id\":\"https:\\\/\\\/secure.gravatar.com\\\/avatar\\\/d6fbbbb38de40bcc3a41d4467d090d3b92513d4eb33fc933729359bbce505880?s=96&d=identicon&r=g\",\"url\":\"https:\\\/\\\/secure.gravatar.com\\\/avatar\\\/d6fbbbb38de40bcc3a41d4467d090d3b92513d4eb33fc933729359bbce505880?s=96&d=identicon&r=g\",\"contentUrl\":\"https:\\\/\\\/secure.gravatar.com\\\/avatar\\\/d6fbbbb38de40bcc3a41d4467d090d3b92513d4eb33fc933729359bbce505880?s=96&d=identicon&r=g\",\"caption\":\"BCMB\"},\"sameAs\":[\"https:\\\/\\\/www.imaq.fr\"],\"url\":\"https:\\\/\\\/www.imaq.fr\\\/blog\\\/author\\\/pomirol\\\/\"}]}<\/script>\n<!-- \/ Yoast SEO plugin. -->","yoast_head_json":{"title":"Philippe MICHEL - Biennale Culturelle Ma\u00e7onnique de Bordeaux","robots":{"index":"index","follow":"follow","max-snippet":"max-snippet:-1","max-image-preview":"max-image-preview:large","max-video-preview":"max-video-preview:-1"},"canonical":"https:\/\/www.imaq.fr\/blog\/2016\/03\/philippe-michel\/","og_locale":"fr_FR","og_type":"article","og_title":"Philippe MICHEL - Biennale Culturelle Ma\u00e7onnique de Bordeaux","og_description":"Maurice BOUCHARD, disparu en 2011, avait fait du Rit Fran\u00e7ais d&rsquo;origine 1785, dit Rit Primordial de France\u00a0et\u00a0adopt\u00e9 par le Grand Orient de France en 1785, le principal objet de ses recherches et de sa vie. Philippe MICHEL, par amiti\u00e9 pour Maurice, a d&rsquo;abord commenc\u00e9 par relire et r\u00e9\u00e9crire les premiers textes de ce qui allait [&hellip;]","og_url":"https:\/\/www.imaq.fr\/blog\/2016\/03\/philippe-michel\/","og_site_name":"Biennale Culturelle Ma\u00e7onnique de Bordeaux","article_publisher":"https:\/\/www.facebook.com\/biennaleculturellemaconnique.bordeaux","article_published_time":"2016-03-29T17:08:13+00:00","article_modified_time":"2016-04-15T06:29:44+00:00","og_image":[{"width":1277,"height":2014,"url":"https:\/\/www.imaq.fr\/blog\/wp-content\/uploads\/2016\/03\/rit_francais_d_origine_1785.jpg","type":"image\/jpeg"}],"author":"BCMB","twitter_card":"summary_large_image","twitter_misc":{"\u00c9crit par":"BCMB","Dur\u00e9e de lecture estim\u00e9e":"1 minute"},"schema":{"@context":"https:\/\/schema.org","@graph":[{"@type":"Article","@id":"https:\/\/www.imaq.fr\/blog\/2016\/03\/philippe-michel\/#article","isPartOf":{"@id":"https:\/\/www.imaq.fr\/blog\/2016\/03\/philippe-michel\/"},"author":{"name":"BCMB","@id":"https:\/\/www.imaq.fr\/blog\/#\/schema\/person\/3df683af05c9d4e9401e01364d03a5fd"},"headline":"Philippe MICHEL","datePublished":"2016-03-29T17:08:13+00:00","dateModified":"2016-04-15T06:29:44+00:00","mainEntityOfPage":{"@id":"https:\/\/www.imaq.fr\/blog\/2016\/03\/philippe-michel\/"},"wordCount":126,"publisher":{"@id":"https:\/\/www.imaq.fr\/blog\/#organization"},"image":{"@id":"https:\/\/www.imaq.fr\/blog\/2016\/03\/philippe-michel\/#primaryimage"},"thumbnailUrl":"https:\/\/www.imaq.fr\/blog\/wp-content\/uploads\/2016\/03\/rit_francais_d_origine_1785-150x150.jpg","articleSection":["Auteurs","Biennale 2016"],"inLanguage":"fr-FR"},{"@type":"WebPage","@id":"https:\/\/www.imaq.fr\/blog\/2016\/03\/philippe-michel\/","url":"https:\/\/www.imaq.fr\/blog\/2016\/03\/philippe-michel\/","name":"Philippe MICHEL - Biennale Culturelle Ma\u00e7onnique de Bordeaux","isPartOf":{"@id":"https:\/\/www.imaq.fr\/blog\/#website"},"primaryImageOfPage":{"@id":"https:\/\/www.imaq.fr\/blog\/2016\/03\/philippe-michel\/#primaryimage"},"image":{"@id":"https:\/\/www.imaq.fr\/blog\/2016\/03\/philippe-michel\/#primaryimage"},"thumbnailUrl":"https:\/\/www.imaq.fr\/blog\/wp-content\/uploads\/2016\/03\/rit_francais_d_origine_1785-150x150.jpg","datePublished":"2016-03-29T17:08:13+00:00","dateModified":"2016-04-15T06:29:44+00:00","breadcrumb":{"@id":"https:\/\/www.imaq.fr\/blog\/2016\/03\/philippe-michel\/#breadcrumb"},"inLanguage":"fr-FR","potentialAction":[{"@type":"ReadAction","target":["https:\/\/www.imaq.fr\/blog\/2016\/03\/philippe-michel\/"]}]},{"@type":"ImageObject","inLanguage":"fr-FR","@id":"https:\/\/www.imaq.fr\/blog\/2016\/03\/philippe-michel\/#primaryimage","url":"https:\/\/www.imaq.fr\/blog\/wp-content\/uploads\/2016\/03\/rit_francais_d_origine_1785.jpg","contentUrl":"https:\/\/www.imaq.fr\/blog\/wp-content\/uploads\/2016\/03\/rit_francais_d_origine_1785.jpg","width":1277,"height":2014},{"@type":"BreadcrumbList","@id":"https:\/\/www.imaq.fr\/blog\/2016\/03\/philippe-michel\/#breadcrumb","itemListElement":[{"@type":"ListItem","position":1,"name":"Accueil","item":"https:\/\/www.imaq.fr\/blog\/"},{"@type":"ListItem","position":2,"name":"Philippe MICHEL"}]},{"@type":"WebSite","@id":"https:\/\/www.imaq.fr\/blog\/#website","url":"https:\/\/www.imaq.fr\/blog\/","name":"Biennale Culturelle Ma\u00e7onnique de Bordeaux","description":"IMAQ","publisher":{"@id":"https:\/\/www.imaq.fr\/blog\/#organization"},"potentialAction":[{"@type":"SearchAction","target":{"@type":"EntryPoint","urlTemplate":"https:\/\/www.imaq.fr\/blog\/?s={search_term_string}"},"query-input":{"@type":"PropertyValueSpecification","valueRequired":true,"valueName":"search_term_string"}}],"inLanguage":"fr-FR"},{"@type":"Organization","@id":"https:\/\/www.imaq.fr\/blog\/#organization","name":"Biennale Culturelle Ma\u00e7onnique de Bordeaux","url":"https:\/\/www.imaq.fr\/blog\/","logo":{"@type":"ImageObject","inLanguage":"fr-FR","@id":"https:\/\/www.imaq.fr\/blog\/#\/schema\/logo\/image\/","url":"https:\/\/www.imaq.fr\/blog\/wp-content\/uploads\/2014\/12\/logo-bcmc.jpg","contentUrl":"https:\/\/www.imaq.fr\/blog\/wp-content\/uploads\/2014\/12\/logo-bcmc.jpg","width":759,"height":784,"caption":"Biennale Culturelle Ma\u00e7onnique de Bordeaux"},"image":{"@id":"https:\/\/www.imaq.fr\/blog\/#\/schema\/logo\/image\/"},"sameAs":["https:\/\/www.facebook.com\/biennaleculturellemaconnique.bordeaux"]},{"@type":"Person","@id":"https:\/\/www.imaq.fr\/blog\/#\/schema\/person\/3df683af05c9d4e9401e01364d03a5fd","name":"BCMB","image":{"@type":"ImageObject","inLanguage":"fr-FR","@id":"https:\/\/secure.gravatar.com\/avatar\/d6fbbbb38de40bcc3a41d4467d090d3b92513d4eb33fc933729359bbce505880?s=96&d=identicon&r=g","url":"https:\/\/secure.gravatar.com\/avatar\/d6fbbbb38de40bcc3a41d4467d090d3b92513d4eb33fc933729359bbce505880?s=96&d=identicon&r=g","contentUrl":"https:\/\/secure.gravatar.com\/avatar\/d6fbbbb38de40bcc3a41d4467d090d3b92513d4eb33fc933729359bbce505880?s=96&d=identicon&r=g","caption":"BCMB"},"sameAs":["https:\/\/www.imaq.fr"],"url":"https:\/\/www.imaq.fr\/blog\/author\/pomirol\/"}]}},"_links":{"self":[{"href":"https:\/\/www.imaq.fr\/blog\/wp-json\/wp\/v2\/posts\/525","targetHints":{"allow":["GET"]}}],"collection":[{"href":"https:\/\/www.imaq.fr\/blog\/wp-json\/wp\/v2\/posts"}],"about":[{"href":"https:\/\/www.imaq.fr\/blog\/wp-json\/wp\/v2\/types\/post"}],"author":[{"embeddable":true,"href":"https:\/\/www.imaq.fr\/blog\/wp-json\/wp\/v2\/users\/2"}],"replies":[{"embeddable":true,"href":"https:\/\/www.imaq.fr\/blog\/wp-json\/wp\/v2\/comments?post=525"}],"version-history":[{"count":0,"href":"https:\/\/www.imaq.fr\/blog\/wp-json\/wp\/v2\/posts\/525\/revisions"}],"wp:attachment":[{"href":"https:\/\/www.imaq.fr\/blog\/wp-json\/wp\/v2\/media?parent=525"}],"wp:term":[{"taxonomy":"category","embeddable":true,"href":"https:\/\/www.imaq.fr\/blog\/wp-json\/wp\/v2\/categories?post=525"},{"taxonomy":"post_tag","embeddable":true,"href":"https:\/\/www.imaq.fr\/blog\/wp-json\/wp\/v2\/tags?post=525"}],"curies":[{"name":"wp","href":"https:\/\/api.w.org\/{rel}","templated":true}]}}