{"id":527,"date":"2016-03-29T16:09:21","date_gmt":"2016-03-29T16:09:21","guid":{"rendered":"https:\/\/www.imaq.fr\/blog\/?p=527"},"modified":"2016-03-29T21:42:13","modified_gmt":"2016-03-29T21:42:13","slug":"christophe-habas","status":"publish","type":"post","link":"https:\/\/www.imaq.fr\/blog\/2016\/03\/christophe-habas\/","title":{"rendered":"Christophe HABAS"},"content":{"rendered":"<p>La revue Humanisme posait comme titre de son num\u00e9ro 310 <em>Voir, est-ce comprendre ?<\/em>\u00a0et Christophe HABAS y a pris part en tant qu&rsquo;auteur. Il faut dire qu&rsquo;en tant que Chef de service d\u2019imagerie c\u00e9r\u00e9brale du CHNO des 15\/20, charg\u00e9 de cours en Neuro-Anatomie fonctionnelle, il est particuli\u00e8rement\u00a0bien plac\u00e9 pour r\u00e9pondre en partie \u00e0 cette question.<\/p>\n<p>Mais lors de notre 3\u00e8me Biennale culturelle ma\u00e7onnique de Bordeaux, il parlera au nom du Grand Orient de France, en tant que 1er Grand Ma\u00eetre Adjoint.<\/p>\n<p>Il d\u00e9veloppera notre principe de la\u00efcit\u00e9, principe fondateur du vivre ensemble, et soutiendra, nous n&rsquo;en doutons pas, les <a href=\"https:\/\/www.imaq.fr\/blog\/wp-content\/uploads\/2016\/03\/25-propositions-du-GODF-laicite-.pdf\" target=\"_blank\">25 propositions du Grand Orient de France pour une R\u00e9publique la\u00efque eu XXIe si\u00e8cle<\/a>.<\/p>\n<p>Durant le d\u00e9bat des Grands Ma\u00eetre, samedi soir \u00e0 20h30, il d\u00e9veloppera la vision du GODF sur\u00a0la franc-ma\u00e7onnerie aujourd&rsquo;hui. Apparemment anachronique et toujours divis\u00e9e, elle attire de plus en plus de candidats, avec 160.000 fr\u00e8res et soeurs revendiqu\u00e9s en France, soit trois fois plus qu&rsquo;il y a trente ans. Mais si les loges du GODF continuent de travailler \u00e0 huis clos, elles publient r\u00e9guli\u00e8rement leur travaux : Q<em>uestions \u00e0 l&rsquo;\u00e9tude des loges<\/em> (Conform Editions, collection Horizons ma\u00e7onniques).<\/p>\n<p><a href=\"https:\/\/www.imaq.fr\/blog\/wp-content\/uploads\/2016\/03\/l_utopie_maconnique.jpg\" rel=\"attachment wp-att-473\"><img loading=\"lazy\" decoding=\"async\" class=\"alignnone size-thumbnail wp-image-473 colorbox-527\" src=\"https:\/\/www.imaq.fr\/blog\/wp-content\/uploads\/2016\/03\/l_utopie_maconnique-150x150.jpg\" alt=\"l_utopie_maconnique\" width=\"150\" height=\"150\" \/><\/a>\u00a0<a href=\"https:\/\/www.imaq.fr\/blog\/wp-content\/uploads\/2016\/03\/questions_a_l_etude_des_loges_t1.jpg\" rel=\"attachment wp-att-535\"><img loading=\"lazy\" decoding=\"async\" class=\"alignnone size-thumbnail wp-image-535 colorbox-527\" src=\"https:\/\/www.imaq.fr\/blog\/wp-content\/uploads\/2016\/03\/questions_a_l_etude_des_loges_t1-150x150.jpg\" alt=\"questions_a_l_etude_des_loges_t1\" width=\"150\" height=\"150\" \/><\/a>\u00a0<a href=\"https:\/\/www.imaq.fr\/blog\/wp-content\/uploads\/2016\/03\/questions_a_l_etude_des_loges_t2.jpg\" rel=\"attachment wp-att-536\"><img loading=\"lazy\" decoding=\"async\" class=\"alignnone size-thumbnail wp-image-536 colorbox-527\" src=\"https:\/\/www.imaq.fr\/blog\/wp-content\/uploads\/2016\/03\/questions_a_l_etude_des_loges_t2-150x150.jpg\" alt=\"questions_a_l_etude_des_loges_t2\" width=\"150\" height=\"150\" \/><\/a><\/p>\n","protected":false},"excerpt":{"rendered":"<p>La revue Humanisme posait comme titre de son num\u00e9ro 310 Voir, est-ce comprendre ?\u00a0et Christophe HABAS y a pris part en tant qu&rsquo;auteur. Il faut dire qu&rsquo;en tant que Chef de service d\u2019imagerie c\u00e9r\u00e9brale du CHNO des 15\/20, charg\u00e9 de cours en Neuro-Anatomie fonctionnelle, il est particuli\u00e8rement\u00a0bien plac\u00e9 pour r\u00e9pondre en partie \u00e0 cette question. [&hellip;]<\/p>\n","protected":false},"author":2,"featured_media":0,"comment_status":"closed","ping_status":"open","sticky":false,"template":"","format":"standard","meta":{"_editorskit_title_hidden":false,"_editorskit_reading_time":0,"_editorskit_is_block_options_detached":false,"_editorskit_block_options_position":"{}","footnotes":""},"categories":[23],"tags":[],"class_list":["post-527","post","type-post","status-publish","format-standard","hentry","category-biennale-2016"],"yoast_head":"<!-- This site is optimized with the Yoast SEO plugin v27.5 - https:\/\/yoast.com\/product\/yoast-seo-wordpress\/ -->\n<title>Christophe HABAS - Biennale Culturelle Ma\u00e7onnique de Bordeaux<\/title>\n<meta name=\"robots\" content=\"index, follow, max-snippet:-1, max-image-preview:large, max-video-preview:-1\" \/>\n<link rel=\"canonical\" href=\"https:\/\/www.imaq.fr\/blog\/2016\/03\/christophe-habas\/\" \/>\n<meta property=\"og:locale\" content=\"fr_FR\" \/>\n<meta property=\"og:type\" content=\"article\" \/>\n<meta property=\"og:title\" content=\"Christophe HABAS - Biennale Culturelle Ma\u00e7onnique de Bordeaux\" \/>\n<meta property=\"og:description\" content=\"La revue Humanisme posait comme titre de son num\u00e9ro 310 Voir, est-ce comprendre ?\u00a0et Christophe HABAS y a pris part en tant qu&rsquo;auteur. Il faut dire qu&rsquo;en tant que Chef de service d\u2019imagerie c\u00e9r\u00e9brale du CHNO des 15\/20, charg\u00e9 de cours en Neuro-Anatomie fonctionnelle, il est particuli\u00e8rement\u00a0bien plac\u00e9 pour r\u00e9pondre en partie \u00e0 cette question. [&hellip;]\" \/>\n<meta property=\"og:url\" content=\"https:\/\/www.imaq.fr\/blog\/2016\/03\/christophe-habas\/\" \/>\n<meta property=\"og:site_name\" content=\"Biennale Culturelle Ma\u00e7onnique de Bordeaux\" \/>\n<meta property=\"article:publisher\" content=\"https:\/\/www.facebook.com\/biennaleculturellemaconnique.bordeaux\" \/>\n<meta property=\"article:published_time\" content=\"2016-03-29T16:09:21+00:00\" \/>\n<meta property=\"article:modified_time\" content=\"2016-03-29T21:42:13+00:00\" \/>\n<meta property=\"og:image\" content=\"https:\/\/www.imaq.fr\/blog\/wp-content\/uploads\/2016\/03\/l_utopie_maconnique.jpg\" \/>\n\t<meta property=\"og:image:width\" content=\"318\" \/>\n\t<meta property=\"og:image:height\" content=\"500\" \/>\n\t<meta property=\"og:image:type\" content=\"image\/jpeg\" \/>\n<meta name=\"author\" content=\"BCMB\" \/>\n<meta name=\"twitter:card\" content=\"summary_large_image\" \/>\n<meta name=\"twitter:label1\" content=\"\u00c9crit par\" \/>\n\t<meta name=\"twitter:data1\" content=\"BCMB\" \/>\n\t<meta name=\"twitter:label2\" content=\"Dur\u00e9e de lecture estim\u00e9e\" \/>\n\t<meta name=\"twitter:data2\" content=\"1 minute\" \/>\n<script type=\"application\/ld+json\" class=\"yoast-schema-graph\">{\"@context\":\"https:\\\/\\\/schema.org\",\"@graph\":[{\"@type\":\"Article\",\"@id\":\"https:\\\/\\\/www.imaq.fr\\\/blog\\\/2016\\\/03\\\/christophe-habas\\\/#article\",\"isPartOf\":{\"@id\":\"https:\\\/\\\/www.imaq.fr\\\/blog\\\/2016\\\/03\\\/christophe-habas\\\/\"},\"author\":{\"name\":\"BCMB\",\"@id\":\"https:\\\/\\\/www.imaq.fr\\\/blog\\\/#\\\/schema\\\/person\\\/3df683af05c9d4e9401e01364d03a5fd\"},\"headline\":\"Christophe HABAS\",\"datePublished\":\"2016-03-29T16:09:21+00:00\",\"dateModified\":\"2016-03-29T21:42:13+00:00\",\"mainEntityOfPage\":{\"@id\":\"https:\\\/\\\/www.imaq.fr\\\/blog\\\/2016\\\/03\\\/christophe-habas\\\/\"},\"wordCount\":214,\"publisher\":{\"@id\":\"https:\\\/\\\/www.imaq.fr\\\/blog\\\/#organization\"},\"image\":{\"@id\":\"https:\\\/\\\/www.imaq.fr\\\/blog\\\/2016\\\/03\\\/christophe-habas\\\/#primaryimage\"},\"thumbnailUrl\":\"https:\\\/\\\/www.imaq.fr\\\/blog\\\/wp-content\\\/uploads\\\/2016\\\/03\\\/l_utopie_maconnique-150x150.jpg\",\"articleSection\":[\"Biennale 2016\"],\"inLanguage\":\"fr-FR\"},{\"@type\":\"WebPage\",\"@id\":\"https:\\\/\\\/www.imaq.fr\\\/blog\\\/2016\\\/03\\\/christophe-habas\\\/\",\"url\":\"https:\\\/\\\/www.imaq.fr\\\/blog\\\/2016\\\/03\\\/christophe-habas\\\/\",\"name\":\"Christophe HABAS - Biennale Culturelle Ma\u00e7onnique de Bordeaux\",\"isPartOf\":{\"@id\":\"https:\\\/\\\/www.imaq.fr\\\/blog\\\/#website\"},\"primaryImageOfPage\":{\"@id\":\"https:\\\/\\\/www.imaq.fr\\\/blog\\\/2016\\\/03\\\/christophe-habas\\\/#primaryimage\"},\"image\":{\"@id\":\"https:\\\/\\\/www.imaq.fr\\\/blog\\\/2016\\\/03\\\/christophe-habas\\\/#primaryimage\"},\"thumbnailUrl\":\"https:\\\/\\\/www.imaq.fr\\\/blog\\\/wp-content\\\/uploads\\\/2016\\\/03\\\/l_utopie_maconnique-150x150.jpg\",\"datePublished\":\"2016-03-29T16:09:21+00:00\",\"dateModified\":\"2016-03-29T21:42:13+00:00\",\"breadcrumb\":{\"@id\":\"https:\\\/\\\/www.imaq.fr\\\/blog\\\/2016\\\/03\\\/christophe-habas\\\/#breadcrumb\"},\"inLanguage\":\"fr-FR\",\"potentialAction\":[{\"@type\":\"ReadAction\",\"target\":[\"https:\\\/\\\/www.imaq.fr\\\/blog\\\/2016\\\/03\\\/christophe-habas\\\/\"]}]},{\"@type\":\"ImageObject\",\"inLanguage\":\"fr-FR\",\"@id\":\"https:\\\/\\\/www.imaq.fr\\\/blog\\\/2016\\\/03\\\/christophe-habas\\\/#primaryimage\",\"url\":\"https:\\\/\\\/www.imaq.fr\\\/blog\\\/wp-content\\\/uploads\\\/2016\\\/03\\\/l_utopie_maconnique.jpg\",\"contentUrl\":\"https:\\\/\\\/www.imaq.fr\\\/blog\\\/wp-content\\\/uploads\\\/2016\\\/03\\\/l_utopie_maconnique.jpg\",\"width\":318,\"height\":500},{\"@type\":\"BreadcrumbList\",\"@id\":\"https:\\\/\\\/www.imaq.fr\\\/blog\\\/2016\\\/03\\\/christophe-habas\\\/#breadcrumb\",\"itemListElement\":[{\"@type\":\"ListItem\",\"position\":1,\"name\":\"Accueil\",\"item\":\"https:\\\/\\\/www.imaq.fr\\\/blog\\\/\"},{\"@type\":\"ListItem\",\"position\":2,\"name\":\"Christophe HABAS\"}]},{\"@type\":\"WebSite\",\"@id\":\"https:\\\/\\\/www.imaq.fr\\\/blog\\\/#website\",\"url\":\"https:\\\/\\\/www.imaq.fr\\\/blog\\\/\",\"name\":\"Biennale Culturelle Ma\u00e7onnique de Bordeaux\",\"description\":\"IMAQ\",\"publisher\":{\"@id\":\"https:\\\/\\\/www.imaq.fr\\\/blog\\\/#organization\"},\"potentialAction\":[{\"@type\":\"SearchAction\",\"target\":{\"@type\":\"EntryPoint\",\"urlTemplate\":\"https:\\\/\\\/www.imaq.fr\\\/blog\\\/?s={search_term_string}\"},\"query-input\":{\"@type\":\"PropertyValueSpecification\",\"valueRequired\":true,\"valueName\":\"search_term_string\"}}],\"inLanguage\":\"fr-FR\"},{\"@type\":\"Organization\",\"@id\":\"https:\\\/\\\/www.imaq.fr\\\/blog\\\/#organization\",\"name\":\"Biennale Culturelle Ma\u00e7onnique de Bordeaux\",\"url\":\"https:\\\/\\\/www.imaq.fr\\\/blog\\\/\",\"logo\":{\"@type\":\"ImageObject\",\"inLanguage\":\"fr-FR\",\"@id\":\"https:\\\/\\\/www.imaq.fr\\\/blog\\\/#\\\/schema\\\/logo\\\/image\\\/\",\"url\":\"https:\\\/\\\/www.imaq.fr\\\/blog\\\/wp-content\\\/uploads\\\/2014\\\/12\\\/logo-bcmc.jpg\",\"contentUrl\":\"https:\\\/\\\/www.imaq.fr\\\/blog\\\/wp-content\\\/uploads\\\/2014\\\/12\\\/logo-bcmc.jpg\",\"width\":759,\"height\":784,\"caption\":\"Biennale Culturelle Ma\u00e7onnique de Bordeaux\"},\"image\":{\"@id\":\"https:\\\/\\\/www.imaq.fr\\\/blog\\\/#\\\/schema\\\/logo\\\/image\\\/\"},\"sameAs\":[\"https:\\\/\\\/www.facebook.com\\\/biennaleculturellemaconnique.bordeaux\"]},{\"@type\":\"Person\",\"@id\":\"https:\\\/\\\/www.imaq.fr\\\/blog\\\/#\\\/schema\\\/person\\\/3df683af05c9d4e9401e01364d03a5fd\",\"name\":\"BCMB\",\"image\":{\"@type\":\"ImageObject\",\"inLanguage\":\"fr-FR\",\"@id\":\"https:\\\/\\\/secure.gravatar.com\\\/avatar\\\/d6fbbbb38de40bcc3a41d4467d090d3b92513d4eb33fc933729359bbce505880?s=96&d=identicon&r=g\",\"url\":\"https:\\\/\\\/secure.gravatar.com\\\/avatar\\\/d6fbbbb38de40bcc3a41d4467d090d3b92513d4eb33fc933729359bbce505880?s=96&d=identicon&r=g\",\"contentUrl\":\"https:\\\/\\\/secure.gravatar.com\\\/avatar\\\/d6fbbbb38de40bcc3a41d4467d090d3b92513d4eb33fc933729359bbce505880?s=96&d=identicon&r=g\",\"caption\":\"BCMB\"},\"sameAs\":[\"https:\\\/\\\/www.imaq.fr\"],\"url\":\"https:\\\/\\\/www.imaq.fr\\\/blog\\\/author\\\/pomirol\\\/\"}]}<\/script>\n<!-- \/ Yoast SEO plugin. -->","yoast_head_json":{"title":"Christophe HABAS - Biennale Culturelle Ma\u00e7onnique de Bordeaux","robots":{"index":"index","follow":"follow","max-snippet":"max-snippet:-1","max-image-preview":"max-image-preview:large","max-video-preview":"max-video-preview:-1"},"canonical":"https:\/\/www.imaq.fr\/blog\/2016\/03\/christophe-habas\/","og_locale":"fr_FR","og_type":"article","og_title":"Christophe HABAS - Biennale Culturelle Ma\u00e7onnique de Bordeaux","og_description":"La revue Humanisme posait comme titre de son num\u00e9ro 310 Voir, est-ce comprendre ?\u00a0et Christophe HABAS y a pris part en tant qu&rsquo;auteur. Il faut dire qu&rsquo;en tant que Chef de service d\u2019imagerie c\u00e9r\u00e9brale du CHNO des 15\/20, charg\u00e9 de cours en Neuro-Anatomie fonctionnelle, il est particuli\u00e8rement\u00a0bien plac\u00e9 pour r\u00e9pondre en partie \u00e0 cette question. [&hellip;]","og_url":"https:\/\/www.imaq.fr\/blog\/2016\/03\/christophe-habas\/","og_site_name":"Biennale Culturelle Ma\u00e7onnique de Bordeaux","article_publisher":"https:\/\/www.facebook.com\/biennaleculturellemaconnique.bordeaux","article_published_time":"2016-03-29T16:09:21+00:00","article_modified_time":"2016-03-29T21:42:13+00:00","og_image":[{"width":318,"height":500,"url":"https:\/\/www.imaq.fr\/blog\/wp-content\/uploads\/2016\/03\/l_utopie_maconnique.jpg","type":"image\/jpeg"}],"author":"BCMB","twitter_card":"summary_large_image","twitter_misc":{"\u00c9crit par":"BCMB","Dur\u00e9e de lecture estim\u00e9e":"1 minute"},"schema":{"@context":"https:\/\/schema.org","@graph":[{"@type":"Article","@id":"https:\/\/www.imaq.fr\/blog\/2016\/03\/christophe-habas\/#article","isPartOf":{"@id":"https:\/\/www.imaq.fr\/blog\/2016\/03\/christophe-habas\/"},"author":{"name":"BCMB","@id":"https:\/\/www.imaq.fr\/blog\/#\/schema\/person\/3df683af05c9d4e9401e01364d03a5fd"},"headline":"Christophe HABAS","datePublished":"2016-03-29T16:09:21+00:00","dateModified":"2016-03-29T21:42:13+00:00","mainEntityOfPage":{"@id":"https:\/\/www.imaq.fr\/blog\/2016\/03\/christophe-habas\/"},"wordCount":214,"publisher":{"@id":"https:\/\/www.imaq.fr\/blog\/#organization"},"image":{"@id":"https:\/\/www.imaq.fr\/blog\/2016\/03\/christophe-habas\/#primaryimage"},"thumbnailUrl":"https:\/\/www.imaq.fr\/blog\/wp-content\/uploads\/2016\/03\/l_utopie_maconnique-150x150.jpg","articleSection":["Biennale 2016"],"inLanguage":"fr-FR"},{"@type":"WebPage","@id":"https:\/\/www.imaq.fr\/blog\/2016\/03\/christophe-habas\/","url":"https:\/\/www.imaq.fr\/blog\/2016\/03\/christophe-habas\/","name":"Christophe HABAS - Biennale Culturelle Ma\u00e7onnique de Bordeaux","isPartOf":{"@id":"https:\/\/www.imaq.fr\/blog\/#website"},"primaryImageOfPage":{"@id":"https:\/\/www.imaq.fr\/blog\/2016\/03\/christophe-habas\/#primaryimage"},"image":{"@id":"https:\/\/www.imaq.fr\/blog\/2016\/03\/christophe-habas\/#primaryimage"},"thumbnailUrl":"https:\/\/www.imaq.fr\/blog\/wp-content\/uploads\/2016\/03\/l_utopie_maconnique-150x150.jpg","datePublished":"2016-03-29T16:09:21+00:00","dateModified":"2016-03-29T21:42:13+00:00","breadcrumb":{"@id":"https:\/\/www.imaq.fr\/blog\/2016\/03\/christophe-habas\/#breadcrumb"},"inLanguage":"fr-FR","potentialAction":[{"@type":"ReadAction","target":["https:\/\/www.imaq.fr\/blog\/2016\/03\/christophe-habas\/"]}]},{"@type":"ImageObject","inLanguage":"fr-FR","@id":"https:\/\/www.imaq.fr\/blog\/2016\/03\/christophe-habas\/#primaryimage","url":"https:\/\/www.imaq.fr\/blog\/wp-content\/uploads\/2016\/03\/l_utopie_maconnique.jpg","contentUrl":"https:\/\/www.imaq.fr\/blog\/wp-content\/uploads\/2016\/03\/l_utopie_maconnique.jpg","width":318,"height":500},{"@type":"BreadcrumbList","@id":"https:\/\/www.imaq.fr\/blog\/2016\/03\/christophe-habas\/#breadcrumb","itemListElement":[{"@type":"ListItem","position":1,"name":"Accueil","item":"https:\/\/www.imaq.fr\/blog\/"},{"@type":"ListItem","position":2,"name":"Christophe HABAS"}]},{"@type":"WebSite","@id":"https:\/\/www.imaq.fr\/blog\/#website","url":"https:\/\/www.imaq.fr\/blog\/","name":"Biennale Culturelle Ma\u00e7onnique de Bordeaux","description":"IMAQ","publisher":{"@id":"https:\/\/www.imaq.fr\/blog\/#organization"},"potentialAction":[{"@type":"SearchAction","target":{"@type":"EntryPoint","urlTemplate":"https:\/\/www.imaq.fr\/blog\/?s={search_term_string}"},"query-input":{"@type":"PropertyValueSpecification","valueRequired":true,"valueName":"search_term_string"}}],"inLanguage":"fr-FR"},{"@type":"Organization","@id":"https:\/\/www.imaq.fr\/blog\/#organization","name":"Biennale Culturelle Ma\u00e7onnique de Bordeaux","url":"https:\/\/www.imaq.fr\/blog\/","logo":{"@type":"ImageObject","inLanguage":"fr-FR","@id":"https:\/\/www.imaq.fr\/blog\/#\/schema\/logo\/image\/","url":"https:\/\/www.imaq.fr\/blog\/wp-content\/uploads\/2014\/12\/logo-bcmc.jpg","contentUrl":"https:\/\/www.imaq.fr\/blog\/wp-content\/uploads\/2014\/12\/logo-bcmc.jpg","width":759,"height":784,"caption":"Biennale Culturelle Ma\u00e7onnique de Bordeaux"},"image":{"@id":"https:\/\/www.imaq.fr\/blog\/#\/schema\/logo\/image\/"},"sameAs":["https:\/\/www.facebook.com\/biennaleculturellemaconnique.bordeaux"]},{"@type":"Person","@id":"https:\/\/www.imaq.fr\/blog\/#\/schema\/person\/3df683af05c9d4e9401e01364d03a5fd","name":"BCMB","image":{"@type":"ImageObject","inLanguage":"fr-FR","@id":"https:\/\/secure.gravatar.com\/avatar\/d6fbbbb38de40bcc3a41d4467d090d3b92513d4eb33fc933729359bbce505880?s=96&d=identicon&r=g","url":"https:\/\/secure.gravatar.com\/avatar\/d6fbbbb38de40bcc3a41d4467d090d3b92513d4eb33fc933729359bbce505880?s=96&d=identicon&r=g","contentUrl":"https:\/\/secure.gravatar.com\/avatar\/d6fbbbb38de40bcc3a41d4467d090d3b92513d4eb33fc933729359bbce505880?s=96&d=identicon&r=g","caption":"BCMB"},"sameAs":["https:\/\/www.imaq.fr"],"url":"https:\/\/www.imaq.fr\/blog\/author\/pomirol\/"}]}},"_links":{"self":[{"href":"https:\/\/www.imaq.fr\/blog\/wp-json\/wp\/v2\/posts\/527","targetHints":{"allow":["GET"]}}],"collection":[{"href":"https:\/\/www.imaq.fr\/blog\/wp-json\/wp\/v2\/posts"}],"about":[{"href":"https:\/\/www.imaq.fr\/blog\/wp-json\/wp\/v2\/types\/post"}],"author":[{"embeddable":true,"href":"https:\/\/www.imaq.fr\/blog\/wp-json\/wp\/v2\/users\/2"}],"replies":[{"embeddable":true,"href":"https:\/\/www.imaq.fr\/blog\/wp-json\/wp\/v2\/comments?post=527"}],"version-history":[{"count":0,"href":"https:\/\/www.imaq.fr\/blog\/wp-json\/wp\/v2\/posts\/527\/revisions"}],"wp:attachment":[{"href":"https:\/\/www.imaq.fr\/blog\/wp-json\/wp\/v2\/media?parent=527"}],"wp:term":[{"taxonomy":"category","embeddable":true,"href":"https:\/\/www.imaq.fr\/blog\/wp-json\/wp\/v2\/categories?post=527"},{"taxonomy":"post_tag","embeddable":true,"href":"https:\/\/www.imaq.fr\/blog\/wp-json\/wp\/v2\/tags?post=527"}],"curies":[{"name":"wp","href":"https:\/\/api.w.org\/{rel}","templated":true}]}}