{"id":600,"date":"2016-05-06T19:49:32","date_gmt":"2016-05-06T19:49:32","guid":{"rendered":"https:\/\/www.imaq.fr\/blog\/?p=600"},"modified":"2017-03-01T21:38:10","modified_gmt":"2017-03-01T21:38:10","slug":"entretien_avec_cecile_revauger","status":"publish","type":"post","link":"https:\/\/www.imaq.fr\/blog\/2016\/05\/entretien_avec_cecile_revauger\/","title":{"rendered":"Entretien avec C\u00e9cile R\u00c9VAUGER"},"content":{"rendered":"<p>A l&rsquo;occasion de la 3e Biennale culturelle ma\u00e7onnique de Bordeaux qui s&rsquo;est tenue les 16 et 17 avril\u00a02016 \u00e0 la Maison de la Promotion Sociale, \u00e0 Artigues-pr\u00e8s-Bordeaux, rencontre avec <a href=\"https:\/\/www.imaq.fr\/blog\/2016\/03\/cecile-revauger\/\"><strong>C\u00e9cile R\u00e9vauger<\/strong><\/a>\u00a0au sujet\u00a0de son ouvrage \u00ab\u00a0<em>Les ordres de sagesse du rite fran\u00e7ais<\/em>\u00a0\u00bb aux \u00e9ditions Dervy \u00e9crit avec <a href=\"https:\/\/www.imaq.fr\/blog\/2014\/04\/ludovic-marcos\/\">Ludovic Marcos<\/a>, conservateur du Mus\u00e9e de la Ma\u00e7onnerie \u00e0 Paris. C\u00e9cile s&rsquo;exprime aussi sur le th\u00e8me de la Biennale : <em>Rassembler ce qui est \u00e9pars.<\/em><\/p>\n<p><iframe loading=\"lazy\" title=\"C\u00e9cile R\u00e9vauger  - Les ordres de sagesse du rite fran\u00e7ais\" width=\"500\" height=\"281\" src=\"https:\/\/www.youtube.com\/embed\/9Ll_6ZRTxqY?feature=oembed\" frameborder=\"0\" allow=\"accelerometer; autoplay; clipboard-write; encrypted-media; gyroscope; picture-in-picture; web-share\" referrerpolicy=\"strict-origin-when-cross-origin\" allowfullscreen><\/iframe><\/p>\n<p>Nos remerciements\u00a0\u00e0 notre partenaire, la librairie Mollat, pour cette interview et ce montage.<\/p>\n<p>Retrouvez le livre : <a class=\"yt-uix-sessionlink \" href=\"http:\/\/www.mollat.com\/livres\/revauger-cecile-les-ordres-sagesse-rite-francais-coeur-franc-maconnerie-liberale-des-lumieres-xx-9791024201153.html\" target=\"_blank\" rel=\"nofollow\" data-sessionlink=\"ei=cfMsV4yZAqfdiwaZhpaQDg\" data-url=\"http:\/\/www.mollat.com\/livres\/revauger-cecile-les-ordres-sagesse-rite-francais-coeur-franc-maconnerie-liberale-des-lumieres-xx-9791024201153.html\">http:\/\/www.mollat.com\/livres\/revauger&#8230;<\/a><br \/>\nNotes de Musique : 04 Mozart_ Lied Zur Gesellenreise, K 468 &#8211; Les 100 Classiques &#8211; \u00ae<br \/>\nVisitez le site : <a class=\"yt-uix-sessionlink \" href=\"http:\/\/www.mollat.com\/\" target=\"_blank\" rel=\"nofollow\" data-sessionlink=\"ei=cfMsV4yZAqfdiwaZhpaQDg\" data-url=\"http:\/\/www.mollat.com\/\">http:\/\/www.mollat.com\/<\/a><br \/>\nSuivez la librairie mollat sur les r\u00e9seaux sociaux :<br \/>\nFacebook : <a class=\"yt-uix-sessionlink \" href=\"https:\/\/www.facebook.com\/Librairie.mollat?ref=ts\" target=\"_blank\" rel=\"nofollow\" data-sessionlink=\"ei=cfMsV4yZAqfdiwaZhpaQDg\" data-url=\"https:\/\/www.facebook.com\/Librairie.mollat?ref=ts\">https:\/\/www.facebook.com\/Librairie.mo&#8230;<\/a><br \/>\nTwitter : <a class=\"yt-uix-sessionlink \" href=\"https:\/\/twitter.com\/LibrairieMollat\" target=\"_blank\" rel=\"nofollow\" data-sessionlink=\"ei=cfMsV4yZAqfdiwaZhpaQDg\" data-url=\"https:\/\/twitter.com\/LibrairieMollat\">https:\/\/twitter.com\/LibrairieMollat<\/a><br \/>\nInstagram : <a class=\"yt-uix-sessionlink \" href=\"https:\/\/instagram.com\/librairie_mollat\/\" target=\"_blank\" rel=\"nofollow\" data-sessionlink=\"ei=cfMsV4yZAqfdiwaZhpaQDg\" data-url=\"https:\/\/instagram.com\/librairie_mollat\/\">https:\/\/instagram.com\/librairie_mollat\/<\/a><br \/>\nDailymotion : <a class=\"yt-uix-sessionlink \" href=\"http:\/\/www.dailymotion.com\/user\/Librairie_Mollat\/1\" target=\"_blank\" rel=\"nofollow\" data-sessionlink=\"ei=cfMsV4yZAqfdiwaZhpaQDg\" data-url=\"http:\/\/www.dailymotion.com\/user\/Librairie_Mollat\/1\">http:\/\/www.dailymotion.com\/user\/Libra&#8230;<\/a><br \/>\nVimeo : <a class=\"yt-uix-sessionlink \" href=\"https:\/\/vimeo.com\/mollat\" target=\"_blank\" rel=\"nofollow\" data-sessionlink=\"ei=cfMsV4yZAqfdiwaZhpaQDg\" data-url=\"https:\/\/vimeo.com\/mollat\">https:\/\/vimeo.com\/mollat<\/a><br \/>\nPinterest : <a class=\"yt-uix-sessionlink \" href=\"https:\/\/www.pinterest.com\/librairiemollat\/\" target=\"_blank\" rel=\"nofollow\" data-sessionlink=\"ei=cfMsV4yZAqfdiwaZhpaQDg\" data-url=\"https:\/\/www.pinterest.com\/librairiemollat\/\">https:\/\/www.pinterest.com\/librairiemo&#8230;<\/a><br \/>\nTumblr : <a class=\"yt-uix-sessionlink \" href=\"http:\/\/mollat-bordeaux.tumblr.com\/\" target=\"_blank\" rel=\"nofollow\" data-sessionlink=\"ei=cfMsV4yZAqfdiwaZhpaQDg\" data-url=\"http:\/\/mollat-bordeaux.tumblr.com\/\">http:\/\/mollat-bordeaux.tumblr.com\/<\/a><br \/>\nSoundcloud: <a class=\"yt-uix-sessionlink \" href=\"https:\/\/soundcloud.com\/librairie-mollat\" target=\"_blank\" rel=\"nofollow\" data-sessionlink=\"ei=cfMsV4yZAqfdiwaZhpaQDg\" data-url=\"https:\/\/soundcloud.com\/librairie-mollat\">https:\/\/soundcloud.com\/librairie-mollat<\/a><br \/>\nBlogs : <a class=\"yt-uix-sessionlink \" href=\"http:\/\/blogs.mollat.com\/\" target=\"_blank\" rel=\"nofollow\" data-sessionlink=\"ei=cfMsV4yZAqfdiwaZhpaQDg\" data-url=\"http:\/\/blogs.mollat.com\/\">http:\/\/blogs.mollat.com\/<\/a><a class=\"yt-uix-sessionlink \" href=\"http:\/\/blogs.mollat.com\/\" target=\"_blank\" rel=\"nofollow\" data-sessionlink=\"ei=w_AsV8y6C6qXiwbzzKTQBA\" data-url=\"http:\/\/blogs.mollat.com\/\"><br \/>\n<\/a>Licence :\u00a0<a class=\"yt-uix-sessionlink \" href=\"https:\/\/www.youtube.com\/t\/creative_commons\" data-sessionlink=\"ei=w_AsV8y6C6qXiwbzzKTQBA\" data-url=\"\/t\/creative_commons\">Licence de paternit\u00e9 Creative Commons (r\u00e9utilisation autoris\u00e9e)<\/a><\/p>\n","protected":false},"excerpt":{"rendered":"<p>A l&rsquo;occasion de la 3e Biennale culturelle ma\u00e7onnique de Bordeaux qui s&rsquo;est tenue les 16 et 17 avril\u00a02016 \u00e0 la Maison de la Promotion Sociale, \u00e0 Artigues-pr\u00e8s-Bordeaux, rencontre avec C\u00e9cile R\u00e9vauger\u00a0au sujet\u00a0de son ouvrage \u00ab\u00a0Les ordres de sagesse du rite fran\u00e7ais\u00a0\u00bb aux \u00e9ditions Dervy \u00e9crit avec Ludovic Marcos, conservateur du Mus\u00e9e de la Ma\u00e7onnerie \u00e0 [&hellip;]<\/p>\n","protected":false},"author":2,"featured_media":0,"comment_status":"open","ping_status":"open","sticky":false,"template":"","format":"standard","meta":{"_editorskit_title_hidden":false,"_editorskit_reading_time":0,"_editorskit_is_block_options_detached":false,"_editorskit_block_options_position":"{}","footnotes":""},"categories":[23,26],"tags":[],"class_list":["post-600","post","type-post","status-publish","format-standard","hentry","category-biennale-2016","category-interview-2016"],"yoast_head":"<!-- This site is optimized with the Yoast SEO plugin v27.5 - https:\/\/yoast.com\/product\/yoast-seo-wordpress\/ -->\n<title>Entretien avec C\u00e9cile R\u00c9VAUGER - Biennale Culturelle Ma\u00e7onnique de Bordeaux<\/title>\n<meta name=\"robots\" content=\"index, follow, max-snippet:-1, max-image-preview:large, max-video-preview:-1\" \/>\n<link rel=\"canonical\" href=\"https:\/\/www.imaq.fr\/blog\/2016\/05\/entretien_avec_cecile_revauger\/\" \/>\n<meta property=\"og:locale\" content=\"fr_FR\" \/>\n<meta property=\"og:type\" content=\"article\" \/>\n<meta property=\"og:title\" content=\"Entretien avec C\u00e9cile R\u00c9VAUGER - Biennale Culturelle Ma\u00e7onnique de Bordeaux\" \/>\n<meta property=\"og:description\" content=\"A l&rsquo;occasion de la 3e Biennale culturelle ma\u00e7onnique de Bordeaux qui s&rsquo;est tenue les 16 et 17 avril\u00a02016 \u00e0 la Maison de la Promotion Sociale, \u00e0 Artigues-pr\u00e8s-Bordeaux, rencontre avec C\u00e9cile R\u00e9vauger\u00a0au sujet\u00a0de son ouvrage \u00ab\u00a0Les ordres de sagesse du rite fran\u00e7ais\u00a0\u00bb aux \u00e9ditions Dervy \u00e9crit avec Ludovic Marcos, conservateur du Mus\u00e9e de la Ma\u00e7onnerie \u00e0 [&hellip;]\" \/>\n<meta property=\"og:url\" content=\"https:\/\/www.imaq.fr\/blog\/2016\/05\/entretien_avec_cecile_revauger\/\" \/>\n<meta property=\"og:site_name\" content=\"Biennale Culturelle Ma\u00e7onnique de Bordeaux\" \/>\n<meta property=\"article:publisher\" content=\"https:\/\/www.facebook.com\/biennaleculturellemaconnique.bordeaux\" \/>\n<meta property=\"article:published_time\" content=\"2016-05-06T19:49:32+00:00\" \/>\n<meta property=\"article:modified_time\" content=\"2017-03-01T21:38:10+00:00\" \/>\n<meta name=\"author\" content=\"BCMB\" \/>\n<meta name=\"twitter:card\" content=\"summary_large_image\" \/>\n<meta name=\"twitter:label1\" content=\"\u00c9crit par\" \/>\n\t<meta name=\"twitter:data1\" content=\"BCMB\" \/>\n\t<meta name=\"twitter:label2\" content=\"Dur\u00e9e de lecture estim\u00e9e\" \/>\n\t<meta name=\"twitter:data2\" content=\"1 minute\" \/>\n<script type=\"application\/ld+json\" class=\"yoast-schema-graph\">{\"@context\":\"https:\\\/\\\/schema.org\",\"@graph\":[{\"@type\":\"Article\",\"@id\":\"https:\\\/\\\/www.imaq.fr\\\/blog\\\/2016\\\/05\\\/entretien_avec_cecile_revauger\\\/#article\",\"isPartOf\":{\"@id\":\"https:\\\/\\\/www.imaq.fr\\\/blog\\\/2016\\\/05\\\/entretien_avec_cecile_revauger\\\/\"},\"author\":{\"name\":\"BCMB\",\"@id\":\"https:\\\/\\\/www.imaq.fr\\\/blog\\\/#\\\/schema\\\/person\\\/3df683af05c9d4e9401e01364d03a5fd\"},\"headline\":\"Entretien avec C\u00e9cile R\u00c9VAUGER\",\"datePublished\":\"2016-05-06T19:49:32+00:00\",\"dateModified\":\"2017-03-01T21:38:10+00:00\",\"mainEntityOfPage\":{\"@id\":\"https:\\\/\\\/www.imaq.fr\\\/blog\\\/2016\\\/05\\\/entretien_avec_cecile_revauger\\\/\"},\"wordCount\":201,\"commentCount\":0,\"publisher\":{\"@id\":\"https:\\\/\\\/www.imaq.fr\\\/blog\\\/#organization\"},\"articleSection\":[\"Biennale 2016\",\"Interview 2016\"],\"inLanguage\":\"fr-FR\",\"potentialAction\":[{\"@type\":\"CommentAction\",\"name\":\"Comment\",\"target\":[\"https:\\\/\\\/www.imaq.fr\\\/blog\\\/2016\\\/05\\\/entretien_avec_cecile_revauger\\\/#respond\"]}]},{\"@type\":\"WebPage\",\"@id\":\"https:\\\/\\\/www.imaq.fr\\\/blog\\\/2016\\\/05\\\/entretien_avec_cecile_revauger\\\/\",\"url\":\"https:\\\/\\\/www.imaq.fr\\\/blog\\\/2016\\\/05\\\/entretien_avec_cecile_revauger\\\/\",\"name\":\"Entretien avec C\u00e9cile R\u00c9VAUGER - Biennale Culturelle Ma\u00e7onnique de Bordeaux\",\"isPartOf\":{\"@id\":\"https:\\\/\\\/www.imaq.fr\\\/blog\\\/#website\"},\"datePublished\":\"2016-05-06T19:49:32+00:00\",\"dateModified\":\"2017-03-01T21:38:10+00:00\",\"breadcrumb\":{\"@id\":\"https:\\\/\\\/www.imaq.fr\\\/blog\\\/2016\\\/05\\\/entretien_avec_cecile_revauger\\\/#breadcrumb\"},\"inLanguage\":\"fr-FR\",\"potentialAction\":[{\"@type\":\"ReadAction\",\"target\":[\"https:\\\/\\\/www.imaq.fr\\\/blog\\\/2016\\\/05\\\/entretien_avec_cecile_revauger\\\/\"]}]},{\"@type\":\"BreadcrumbList\",\"@id\":\"https:\\\/\\\/www.imaq.fr\\\/blog\\\/2016\\\/05\\\/entretien_avec_cecile_revauger\\\/#breadcrumb\",\"itemListElement\":[{\"@type\":\"ListItem\",\"position\":1,\"name\":\"Accueil\",\"item\":\"https:\\\/\\\/www.imaq.fr\\\/blog\\\/\"},{\"@type\":\"ListItem\",\"position\":2,\"name\":\"Entretien avec C\u00e9cile R\u00c9VAUGER\"}]},{\"@type\":\"WebSite\",\"@id\":\"https:\\\/\\\/www.imaq.fr\\\/blog\\\/#website\",\"url\":\"https:\\\/\\\/www.imaq.fr\\\/blog\\\/\",\"name\":\"Biennale Culturelle Ma\u00e7onnique de Bordeaux\",\"description\":\"IMAQ\",\"publisher\":{\"@id\":\"https:\\\/\\\/www.imaq.fr\\\/blog\\\/#organization\"},\"potentialAction\":[{\"@type\":\"SearchAction\",\"target\":{\"@type\":\"EntryPoint\",\"urlTemplate\":\"https:\\\/\\\/www.imaq.fr\\\/blog\\\/?s={search_term_string}\"},\"query-input\":{\"@type\":\"PropertyValueSpecification\",\"valueRequired\":true,\"valueName\":\"search_term_string\"}}],\"inLanguage\":\"fr-FR\"},{\"@type\":\"Organization\",\"@id\":\"https:\\\/\\\/www.imaq.fr\\\/blog\\\/#organization\",\"name\":\"Biennale Culturelle Ma\u00e7onnique de Bordeaux\",\"url\":\"https:\\\/\\\/www.imaq.fr\\\/blog\\\/\",\"logo\":{\"@type\":\"ImageObject\",\"inLanguage\":\"fr-FR\",\"@id\":\"https:\\\/\\\/www.imaq.fr\\\/blog\\\/#\\\/schema\\\/logo\\\/image\\\/\",\"url\":\"https:\\\/\\\/www.imaq.fr\\\/blog\\\/wp-content\\\/uploads\\\/2014\\\/12\\\/logo-bcmc.jpg\",\"contentUrl\":\"https:\\\/\\\/www.imaq.fr\\\/blog\\\/wp-content\\\/uploads\\\/2014\\\/12\\\/logo-bcmc.jpg\",\"width\":759,\"height\":784,\"caption\":\"Biennale Culturelle Ma\u00e7onnique de Bordeaux\"},\"image\":{\"@id\":\"https:\\\/\\\/www.imaq.fr\\\/blog\\\/#\\\/schema\\\/logo\\\/image\\\/\"},\"sameAs\":[\"https:\\\/\\\/www.facebook.com\\\/biennaleculturellemaconnique.bordeaux\"]},{\"@type\":\"Person\",\"@id\":\"https:\\\/\\\/www.imaq.fr\\\/blog\\\/#\\\/schema\\\/person\\\/3df683af05c9d4e9401e01364d03a5fd\",\"name\":\"BCMB\",\"image\":{\"@type\":\"ImageObject\",\"inLanguage\":\"fr-FR\",\"@id\":\"https:\\\/\\\/secure.gravatar.com\\\/avatar\\\/d6fbbbb38de40bcc3a41d4467d090d3b92513d4eb33fc933729359bbce505880?s=96&d=identicon&r=g\",\"url\":\"https:\\\/\\\/secure.gravatar.com\\\/avatar\\\/d6fbbbb38de40bcc3a41d4467d090d3b92513d4eb33fc933729359bbce505880?s=96&d=identicon&r=g\",\"contentUrl\":\"https:\\\/\\\/secure.gravatar.com\\\/avatar\\\/d6fbbbb38de40bcc3a41d4467d090d3b92513d4eb33fc933729359bbce505880?s=96&d=identicon&r=g\",\"caption\":\"BCMB\"},\"sameAs\":[\"https:\\\/\\\/www.imaq.fr\"],\"url\":\"https:\\\/\\\/www.imaq.fr\\\/blog\\\/author\\\/pomirol\\\/\"}]}<\/script>\n<!-- \/ Yoast SEO plugin. -->","yoast_head_json":{"title":"Entretien avec C\u00e9cile R\u00c9VAUGER - Biennale Culturelle Ma\u00e7onnique de Bordeaux","robots":{"index":"index","follow":"follow","max-snippet":"max-snippet:-1","max-image-preview":"max-image-preview:large","max-video-preview":"max-video-preview:-1"},"canonical":"https:\/\/www.imaq.fr\/blog\/2016\/05\/entretien_avec_cecile_revauger\/","og_locale":"fr_FR","og_type":"article","og_title":"Entretien avec C\u00e9cile R\u00c9VAUGER - Biennale Culturelle Ma\u00e7onnique de Bordeaux","og_description":"A l&rsquo;occasion de la 3e Biennale culturelle ma\u00e7onnique de Bordeaux qui s&rsquo;est tenue les 16 et 17 avril\u00a02016 \u00e0 la Maison de la Promotion Sociale, \u00e0 Artigues-pr\u00e8s-Bordeaux, rencontre avec C\u00e9cile R\u00e9vauger\u00a0au sujet\u00a0de son ouvrage \u00ab\u00a0Les ordres de sagesse du rite fran\u00e7ais\u00a0\u00bb aux \u00e9ditions Dervy \u00e9crit avec Ludovic Marcos, conservateur du Mus\u00e9e de la Ma\u00e7onnerie \u00e0 [&hellip;]","og_url":"https:\/\/www.imaq.fr\/blog\/2016\/05\/entretien_avec_cecile_revauger\/","og_site_name":"Biennale Culturelle Ma\u00e7onnique de Bordeaux","article_publisher":"https:\/\/www.facebook.com\/biennaleculturellemaconnique.bordeaux","article_published_time":"2016-05-06T19:49:32+00:00","article_modified_time":"2017-03-01T21:38:10+00:00","author":"BCMB","twitter_card":"summary_large_image","twitter_misc":{"\u00c9crit par":"BCMB","Dur\u00e9e de lecture estim\u00e9e":"1 minute"},"schema":{"@context":"https:\/\/schema.org","@graph":[{"@type":"Article","@id":"https:\/\/www.imaq.fr\/blog\/2016\/05\/entretien_avec_cecile_revauger\/#article","isPartOf":{"@id":"https:\/\/www.imaq.fr\/blog\/2016\/05\/entretien_avec_cecile_revauger\/"},"author":{"name":"BCMB","@id":"https:\/\/www.imaq.fr\/blog\/#\/schema\/person\/3df683af05c9d4e9401e01364d03a5fd"},"headline":"Entretien avec C\u00e9cile R\u00c9VAUGER","datePublished":"2016-05-06T19:49:32+00:00","dateModified":"2017-03-01T21:38:10+00:00","mainEntityOfPage":{"@id":"https:\/\/www.imaq.fr\/blog\/2016\/05\/entretien_avec_cecile_revauger\/"},"wordCount":201,"commentCount":0,"publisher":{"@id":"https:\/\/www.imaq.fr\/blog\/#organization"},"articleSection":["Biennale 2016","Interview 2016"],"inLanguage":"fr-FR","potentialAction":[{"@type":"CommentAction","name":"Comment","target":["https:\/\/www.imaq.fr\/blog\/2016\/05\/entretien_avec_cecile_revauger\/#respond"]}]},{"@type":"WebPage","@id":"https:\/\/www.imaq.fr\/blog\/2016\/05\/entretien_avec_cecile_revauger\/","url":"https:\/\/www.imaq.fr\/blog\/2016\/05\/entretien_avec_cecile_revauger\/","name":"Entretien avec C\u00e9cile R\u00c9VAUGER - Biennale Culturelle Ma\u00e7onnique de Bordeaux","isPartOf":{"@id":"https:\/\/www.imaq.fr\/blog\/#website"},"datePublished":"2016-05-06T19:49:32+00:00","dateModified":"2017-03-01T21:38:10+00:00","breadcrumb":{"@id":"https:\/\/www.imaq.fr\/blog\/2016\/05\/entretien_avec_cecile_revauger\/#breadcrumb"},"inLanguage":"fr-FR","potentialAction":[{"@type":"ReadAction","target":["https:\/\/www.imaq.fr\/blog\/2016\/05\/entretien_avec_cecile_revauger\/"]}]},{"@type":"BreadcrumbList","@id":"https:\/\/www.imaq.fr\/blog\/2016\/05\/entretien_avec_cecile_revauger\/#breadcrumb","itemListElement":[{"@type":"ListItem","position":1,"name":"Accueil","item":"https:\/\/www.imaq.fr\/blog\/"},{"@type":"ListItem","position":2,"name":"Entretien avec C\u00e9cile R\u00c9VAUGER"}]},{"@type":"WebSite","@id":"https:\/\/www.imaq.fr\/blog\/#website","url":"https:\/\/www.imaq.fr\/blog\/","name":"Biennale Culturelle Ma\u00e7onnique de Bordeaux","description":"IMAQ","publisher":{"@id":"https:\/\/www.imaq.fr\/blog\/#organization"},"potentialAction":[{"@type":"SearchAction","target":{"@type":"EntryPoint","urlTemplate":"https:\/\/www.imaq.fr\/blog\/?s={search_term_string}"},"query-input":{"@type":"PropertyValueSpecification","valueRequired":true,"valueName":"search_term_string"}}],"inLanguage":"fr-FR"},{"@type":"Organization","@id":"https:\/\/www.imaq.fr\/blog\/#organization","name":"Biennale Culturelle Ma\u00e7onnique de Bordeaux","url":"https:\/\/www.imaq.fr\/blog\/","logo":{"@type":"ImageObject","inLanguage":"fr-FR","@id":"https:\/\/www.imaq.fr\/blog\/#\/schema\/logo\/image\/","url":"https:\/\/www.imaq.fr\/blog\/wp-content\/uploads\/2014\/12\/logo-bcmc.jpg","contentUrl":"https:\/\/www.imaq.fr\/blog\/wp-content\/uploads\/2014\/12\/logo-bcmc.jpg","width":759,"height":784,"caption":"Biennale Culturelle Ma\u00e7onnique de Bordeaux"},"image":{"@id":"https:\/\/www.imaq.fr\/blog\/#\/schema\/logo\/image\/"},"sameAs":["https:\/\/www.facebook.com\/biennaleculturellemaconnique.bordeaux"]},{"@type":"Person","@id":"https:\/\/www.imaq.fr\/blog\/#\/schema\/person\/3df683af05c9d4e9401e01364d03a5fd","name":"BCMB","image":{"@type":"ImageObject","inLanguage":"fr-FR","@id":"https:\/\/secure.gravatar.com\/avatar\/d6fbbbb38de40bcc3a41d4467d090d3b92513d4eb33fc933729359bbce505880?s=96&d=identicon&r=g","url":"https:\/\/secure.gravatar.com\/avatar\/d6fbbbb38de40bcc3a41d4467d090d3b92513d4eb33fc933729359bbce505880?s=96&d=identicon&r=g","contentUrl":"https:\/\/secure.gravatar.com\/avatar\/d6fbbbb38de40bcc3a41d4467d090d3b92513d4eb33fc933729359bbce505880?s=96&d=identicon&r=g","caption":"BCMB"},"sameAs":["https:\/\/www.imaq.fr"],"url":"https:\/\/www.imaq.fr\/blog\/author\/pomirol\/"}]}},"_links":{"self":[{"href":"https:\/\/www.imaq.fr\/blog\/wp-json\/wp\/v2\/posts\/600","targetHints":{"allow":["GET"]}}],"collection":[{"href":"https:\/\/www.imaq.fr\/blog\/wp-json\/wp\/v2\/posts"}],"about":[{"href":"https:\/\/www.imaq.fr\/blog\/wp-json\/wp\/v2\/types\/post"}],"author":[{"embeddable":true,"href":"https:\/\/www.imaq.fr\/blog\/wp-json\/wp\/v2\/users\/2"}],"replies":[{"embeddable":true,"href":"https:\/\/www.imaq.fr\/blog\/wp-json\/wp\/v2\/comments?post=600"}],"version-history":[{"count":0,"href":"https:\/\/www.imaq.fr\/blog\/wp-json\/wp\/v2\/posts\/600\/revisions"}],"wp:attachment":[{"href":"https:\/\/www.imaq.fr\/blog\/wp-json\/wp\/v2\/media?parent=600"}],"wp:term":[{"taxonomy":"category","embeddable":true,"href":"https:\/\/www.imaq.fr\/blog\/wp-json\/wp\/v2\/categories?post=600"},{"taxonomy":"post_tag","embeddable":true,"href":"https:\/\/www.imaq.fr\/blog\/wp-json\/wp\/v2\/tags?post=600"}],"curies":[{"name":"wp","href":"https:\/\/api.w.org\/{rel}","templated":true}]}}