{"id":722,"date":"2016-07-17T10:43:13","date_gmt":"2016-07-17T10:43:13","guid":{"rendered":"https:\/\/www.imaq.fr\/blog\/?p=722"},"modified":"2018-04-19T14:28:47","modified_gmt":"2018-04-19T14:28:47","slug":"communique-commun-des-obediences-maconniques-nice-14-juillet-2016","status":"publish","type":"post","link":"https:\/\/www.imaq.fr\/blog\/2016\/07\/communique-commun-des-obediences-maconniques-nice-14-juillet-2016\/","title":{"rendered":"Communiqu\u00e9 commun des ob\u00e9diences ma\u00e7onniques &#8211; Nice &#8211; 14 juillet 2016"},"content":{"rendered":"<p><strong>Nuit de mort le 14 juillet<\/strong><\/p>\n<p>Un bolide, alors que la France c\u00e9l\u00e8bre sa F\u00eate Nationale, au bord de la M\u00e9diterran\u00e9e, sous un ciel \u00e9toil\u00e9, le sang vers\u00e9, les corps \u00e9parpill\u00e9s, \u00e9cras\u00e9s, mutil\u00e9s, d\u00e9chiquet\u00e9s, fauchant toute vie, \u00e0 la fois aveugle et d\u00e9termin\u00e9 \u00e0 faire carnage.<\/p>\n<p>Le calcul gla\u00e7ant du meurtrier. La violence de la terreur un soir de F\u00eate Nationale et de joie populaire. Une sorte de coup m\u00e9diatique mondial : Nice et son bord de mer, images de la belle France qui fait r\u00eaver.<br \/>\nCe geste atroce est destin\u00e9 \u00e0 terroriser tout un peuple, et au-del\u00e0. Car c\u2019est l\u2019humanit\u00e9 universelle qui est vis\u00e9e.<\/p>\n<p>Les francs ma\u00e7ons sont mis au d\u00e9fi de poursuivre leur qu\u00eate de fraternit\u00e9, leur marche sans faille pour le progr\u00e8s de l\u2019Humanit\u00e9. Ils ne renonceront pas. Jamais. Toutes les questions doivent \u00eatre vues, de face et sans crainte, et elles sont de taille, si nous ne voulons pas que nos mots, nos actions et notre Id\u00e9al, ne soient que des postures ou des figures opportunistes.<\/p>\n<p>Boulevers\u00e9s par l\u2019atrocit\u00e9 Boulevers\u00e9s par l\u2019atrocit\u00e9 de cet attentat terroriste, les francs-ma\u00e7ons des organisations signataires s\u2019inclinent et se recueillent dans le plus profond respect devant les victimes, devant leurs proches et leurs amis.<\/p>\n<p>Nous voulons rappeler, encore et toujours, que l\u2019engagement des ma\u00e7ons est de rassembler librement les humains en fraternit\u00e9. Nous voulons construire de la vie. Les forces de la mort et de la haine ne doivent pas passer.<\/p>\n<p>La F\u00e9d\u00e9ration Fran\u00e7aise du Droit Humain, la Grande Loge F\u00e9minine de France, le Grand Orient de France, la Grande Loge de France, la Grande Loge F\u00e9minine de Memphis Misram, la Grande Loge Mixte de France, la Grande Loge Mixte Universelle, La Grande Loge des Cultures et des Spiritualit\u00e9s .<\/p>\n","protected":false},"excerpt":{"rendered":"<p>Nuit de mort le 14 juillet Un bolide, alors que la France c\u00e9l\u00e8bre sa F\u00eate Nationale, au bord de la M\u00e9diterran\u00e9e, sous un ciel \u00e9toil\u00e9, le sang vers\u00e9, les corps \u00e9parpill\u00e9s, \u00e9cras\u00e9s, mutil\u00e9s, d\u00e9chiquet\u00e9s, fauchant toute vie, \u00e0 la fois aveugle et d\u00e9termin\u00e9 \u00e0 faire carnage. Le calcul gla\u00e7ant du meurtrier. La violence de la [&hellip;]<\/p>\n","protected":false},"author":2,"featured_media":0,"comment_status":"closed","ping_status":"open","sticky":false,"template":"","format":"standard","meta":{"_editorskit_title_hidden":false,"_editorskit_reading_time":0,"_editorskit_is_block_options_detached":false,"_editorskit_block_options_position":"{}","footnotes":""},"categories":[31,13],"tags":[],"class_list":["post-722","post","type-post","status-publish","format-standard","hentry","category-communiques","category-obedience"],"yoast_head":"<!-- This site is optimized with the Yoast SEO plugin v27.5 - https:\/\/yoast.com\/product\/yoast-seo-wordpress\/ -->\n<title>Communiqu\u00e9 commun des ob\u00e9diences ma\u00e7onniques - Nice - 14 juillet 2016 - Biennale Culturelle Ma\u00e7onnique de Bordeaux<\/title>\n<meta name=\"robots\" content=\"index, follow, max-snippet:-1, max-image-preview:large, max-video-preview:-1\" \/>\n<link rel=\"canonical\" href=\"https:\/\/www.imaq.fr\/blog\/2016\/07\/communique-commun-des-obediences-maconniques-nice-14-juillet-2016\/\" \/>\n<meta property=\"og:locale\" content=\"fr_FR\" \/>\n<meta property=\"og:type\" content=\"article\" \/>\n<meta property=\"og:title\" content=\"Communiqu\u00e9 commun des ob\u00e9diences ma\u00e7onniques - Nice - 14 juillet 2016 - Biennale Culturelle Ma\u00e7onnique de Bordeaux\" \/>\n<meta property=\"og:description\" content=\"Nuit de mort le 14 juillet Un bolide, alors que la France c\u00e9l\u00e8bre sa F\u00eate Nationale, au bord de la M\u00e9diterran\u00e9e, sous un ciel \u00e9toil\u00e9, le sang vers\u00e9, les corps \u00e9parpill\u00e9s, \u00e9cras\u00e9s, mutil\u00e9s, d\u00e9chiquet\u00e9s, fauchant toute vie, \u00e0 la fois aveugle et d\u00e9termin\u00e9 \u00e0 faire carnage. Le calcul gla\u00e7ant du meurtrier. La violence de la [&hellip;]\" \/>\n<meta property=\"og:url\" content=\"https:\/\/www.imaq.fr\/blog\/2016\/07\/communique-commun-des-obediences-maconniques-nice-14-juillet-2016\/\" \/>\n<meta property=\"og:site_name\" content=\"Biennale Culturelle Ma\u00e7onnique de Bordeaux\" \/>\n<meta property=\"article:publisher\" content=\"https:\/\/www.facebook.com\/biennaleculturellemaconnique.bordeaux\" \/>\n<meta property=\"article:published_time\" content=\"2016-07-17T10:43:13+00:00\" \/>\n<meta property=\"article:modified_time\" content=\"2018-04-19T14:28:47+00:00\" \/>\n<meta name=\"author\" content=\"BCMB\" \/>\n<meta name=\"twitter:card\" content=\"summary_large_image\" \/>\n<meta name=\"twitter:label1\" content=\"\u00c9crit par\" \/>\n\t<meta name=\"twitter:data1\" content=\"BCMB\" \/>\n\t<meta name=\"twitter:label2\" content=\"Dur\u00e9e de lecture estim\u00e9e\" \/>\n\t<meta name=\"twitter:data2\" content=\"2 minutes\" \/>\n<script type=\"application\/ld+json\" class=\"yoast-schema-graph\">{\"@context\":\"https:\\\/\\\/schema.org\",\"@graph\":[{\"@type\":\"Article\",\"@id\":\"https:\\\/\\\/www.imaq.fr\\\/blog\\\/2016\\\/07\\\/communique-commun-des-obediences-maconniques-nice-14-juillet-2016\\\/#article\",\"isPartOf\":{\"@id\":\"https:\\\/\\\/www.imaq.fr\\\/blog\\\/2016\\\/07\\\/communique-commun-des-obediences-maconniques-nice-14-juillet-2016\\\/\"},\"author\":{\"name\":\"BCMB\",\"@id\":\"https:\\\/\\\/www.imaq.fr\\\/blog\\\/#\\\/schema\\\/person\\\/3df683af05c9d4e9401e01364d03a5fd\"},\"headline\":\"Communiqu\u00e9 commun des ob\u00e9diences ma\u00e7onniques &#8211; Nice &#8211; 14 juillet 2016\",\"datePublished\":\"2016-07-17T10:43:13+00:00\",\"dateModified\":\"2018-04-19T14:28:47+00:00\",\"mainEntityOfPage\":{\"@id\":\"https:\\\/\\\/www.imaq.fr\\\/blog\\\/2016\\\/07\\\/communique-commun-des-obediences-maconniques-nice-14-juillet-2016\\\/\"},\"wordCount\":332,\"publisher\":{\"@id\":\"https:\\\/\\\/www.imaq.fr\\\/blog\\\/#organization\"},\"articleSection\":[\"Communiqu\u00e9s\",\"Ob\u00e9diences\"],\"inLanguage\":\"fr-FR\"},{\"@type\":\"WebPage\",\"@id\":\"https:\\\/\\\/www.imaq.fr\\\/blog\\\/2016\\\/07\\\/communique-commun-des-obediences-maconniques-nice-14-juillet-2016\\\/\",\"url\":\"https:\\\/\\\/www.imaq.fr\\\/blog\\\/2016\\\/07\\\/communique-commun-des-obediences-maconniques-nice-14-juillet-2016\\\/\",\"name\":\"Communiqu\u00e9 commun des ob\u00e9diences ma\u00e7onniques - Nice - 14 juillet 2016 - Biennale Culturelle Ma\u00e7onnique de Bordeaux\",\"isPartOf\":{\"@id\":\"https:\\\/\\\/www.imaq.fr\\\/blog\\\/#website\"},\"datePublished\":\"2016-07-17T10:43:13+00:00\",\"dateModified\":\"2018-04-19T14:28:47+00:00\",\"breadcrumb\":{\"@id\":\"https:\\\/\\\/www.imaq.fr\\\/blog\\\/2016\\\/07\\\/communique-commun-des-obediences-maconniques-nice-14-juillet-2016\\\/#breadcrumb\"},\"inLanguage\":\"fr-FR\",\"potentialAction\":[{\"@type\":\"ReadAction\",\"target\":[\"https:\\\/\\\/www.imaq.fr\\\/blog\\\/2016\\\/07\\\/communique-commun-des-obediences-maconniques-nice-14-juillet-2016\\\/\"]}]},{\"@type\":\"BreadcrumbList\",\"@id\":\"https:\\\/\\\/www.imaq.fr\\\/blog\\\/2016\\\/07\\\/communique-commun-des-obediences-maconniques-nice-14-juillet-2016\\\/#breadcrumb\",\"itemListElement\":[{\"@type\":\"ListItem\",\"position\":1,\"name\":\"Accueil\",\"item\":\"https:\\\/\\\/www.imaq.fr\\\/blog\\\/\"},{\"@type\":\"ListItem\",\"position\":2,\"name\":\"Communiqu\u00e9 commun des ob\u00e9diences ma\u00e7onniques &#8211; Nice &#8211; 14 juillet 2016\"}]},{\"@type\":\"WebSite\",\"@id\":\"https:\\\/\\\/www.imaq.fr\\\/blog\\\/#website\",\"url\":\"https:\\\/\\\/www.imaq.fr\\\/blog\\\/\",\"name\":\"Biennale Culturelle Ma\u00e7onnique de Bordeaux\",\"description\":\"IMAQ\",\"publisher\":{\"@id\":\"https:\\\/\\\/www.imaq.fr\\\/blog\\\/#organization\"},\"potentialAction\":[{\"@type\":\"SearchAction\",\"target\":{\"@type\":\"EntryPoint\",\"urlTemplate\":\"https:\\\/\\\/www.imaq.fr\\\/blog\\\/?s={search_term_string}\"},\"query-input\":{\"@type\":\"PropertyValueSpecification\",\"valueRequired\":true,\"valueName\":\"search_term_string\"}}],\"inLanguage\":\"fr-FR\"},{\"@type\":\"Organization\",\"@id\":\"https:\\\/\\\/www.imaq.fr\\\/blog\\\/#organization\",\"name\":\"Biennale Culturelle Ma\u00e7onnique de Bordeaux\",\"url\":\"https:\\\/\\\/www.imaq.fr\\\/blog\\\/\",\"logo\":{\"@type\":\"ImageObject\",\"inLanguage\":\"fr-FR\",\"@id\":\"https:\\\/\\\/www.imaq.fr\\\/blog\\\/#\\\/schema\\\/logo\\\/image\\\/\",\"url\":\"https:\\\/\\\/www.imaq.fr\\\/blog\\\/wp-content\\\/uploads\\\/2014\\\/12\\\/logo-bcmc.jpg\",\"contentUrl\":\"https:\\\/\\\/www.imaq.fr\\\/blog\\\/wp-content\\\/uploads\\\/2014\\\/12\\\/logo-bcmc.jpg\",\"width\":759,\"height\":784,\"caption\":\"Biennale Culturelle Ma\u00e7onnique de Bordeaux\"},\"image\":{\"@id\":\"https:\\\/\\\/www.imaq.fr\\\/blog\\\/#\\\/schema\\\/logo\\\/image\\\/\"},\"sameAs\":[\"https:\\\/\\\/www.facebook.com\\\/biennaleculturellemaconnique.bordeaux\"]},{\"@type\":\"Person\",\"@id\":\"https:\\\/\\\/www.imaq.fr\\\/blog\\\/#\\\/schema\\\/person\\\/3df683af05c9d4e9401e01364d03a5fd\",\"name\":\"BCMB\",\"image\":{\"@type\":\"ImageObject\",\"inLanguage\":\"fr-FR\",\"@id\":\"https:\\\/\\\/secure.gravatar.com\\\/avatar\\\/d6fbbbb38de40bcc3a41d4467d090d3b92513d4eb33fc933729359bbce505880?s=96&d=identicon&r=g\",\"url\":\"https:\\\/\\\/secure.gravatar.com\\\/avatar\\\/d6fbbbb38de40bcc3a41d4467d090d3b92513d4eb33fc933729359bbce505880?s=96&d=identicon&r=g\",\"contentUrl\":\"https:\\\/\\\/secure.gravatar.com\\\/avatar\\\/d6fbbbb38de40bcc3a41d4467d090d3b92513d4eb33fc933729359bbce505880?s=96&d=identicon&r=g\",\"caption\":\"BCMB\"},\"sameAs\":[\"https:\\\/\\\/www.imaq.fr\"],\"url\":\"https:\\\/\\\/www.imaq.fr\\\/blog\\\/author\\\/pomirol\\\/\"}]}<\/script>\n<!-- \/ Yoast SEO plugin. -->","yoast_head_json":{"title":"Communiqu\u00e9 commun des ob\u00e9diences ma\u00e7onniques - Nice - 14 juillet 2016 - Biennale Culturelle Ma\u00e7onnique de Bordeaux","robots":{"index":"index","follow":"follow","max-snippet":"max-snippet:-1","max-image-preview":"max-image-preview:large","max-video-preview":"max-video-preview:-1"},"canonical":"https:\/\/www.imaq.fr\/blog\/2016\/07\/communique-commun-des-obediences-maconniques-nice-14-juillet-2016\/","og_locale":"fr_FR","og_type":"article","og_title":"Communiqu\u00e9 commun des ob\u00e9diences ma\u00e7onniques - Nice - 14 juillet 2016 - Biennale Culturelle Ma\u00e7onnique de Bordeaux","og_description":"Nuit de mort le 14 juillet Un bolide, alors que la France c\u00e9l\u00e8bre sa F\u00eate Nationale, au bord de la M\u00e9diterran\u00e9e, sous un ciel \u00e9toil\u00e9, le sang vers\u00e9, les corps \u00e9parpill\u00e9s, \u00e9cras\u00e9s, mutil\u00e9s, d\u00e9chiquet\u00e9s, fauchant toute vie, \u00e0 la fois aveugle et d\u00e9termin\u00e9 \u00e0 faire carnage. Le calcul gla\u00e7ant du meurtrier. La violence de la [&hellip;]","og_url":"https:\/\/www.imaq.fr\/blog\/2016\/07\/communique-commun-des-obediences-maconniques-nice-14-juillet-2016\/","og_site_name":"Biennale Culturelle Ma\u00e7onnique de Bordeaux","article_publisher":"https:\/\/www.facebook.com\/biennaleculturellemaconnique.bordeaux","article_published_time":"2016-07-17T10:43:13+00:00","article_modified_time":"2018-04-19T14:28:47+00:00","author":"BCMB","twitter_card":"summary_large_image","twitter_misc":{"\u00c9crit par":"BCMB","Dur\u00e9e de lecture estim\u00e9e":"2 minutes"},"schema":{"@context":"https:\/\/schema.org","@graph":[{"@type":"Article","@id":"https:\/\/www.imaq.fr\/blog\/2016\/07\/communique-commun-des-obediences-maconniques-nice-14-juillet-2016\/#article","isPartOf":{"@id":"https:\/\/www.imaq.fr\/blog\/2016\/07\/communique-commun-des-obediences-maconniques-nice-14-juillet-2016\/"},"author":{"name":"BCMB","@id":"https:\/\/www.imaq.fr\/blog\/#\/schema\/person\/3df683af05c9d4e9401e01364d03a5fd"},"headline":"Communiqu\u00e9 commun des ob\u00e9diences ma\u00e7onniques &#8211; Nice &#8211; 14 juillet 2016","datePublished":"2016-07-17T10:43:13+00:00","dateModified":"2018-04-19T14:28:47+00:00","mainEntityOfPage":{"@id":"https:\/\/www.imaq.fr\/blog\/2016\/07\/communique-commun-des-obediences-maconniques-nice-14-juillet-2016\/"},"wordCount":332,"publisher":{"@id":"https:\/\/www.imaq.fr\/blog\/#organization"},"articleSection":["Communiqu\u00e9s","Ob\u00e9diences"],"inLanguage":"fr-FR"},{"@type":"WebPage","@id":"https:\/\/www.imaq.fr\/blog\/2016\/07\/communique-commun-des-obediences-maconniques-nice-14-juillet-2016\/","url":"https:\/\/www.imaq.fr\/blog\/2016\/07\/communique-commun-des-obediences-maconniques-nice-14-juillet-2016\/","name":"Communiqu\u00e9 commun des ob\u00e9diences ma\u00e7onniques - Nice - 14 juillet 2016 - Biennale Culturelle Ma\u00e7onnique de Bordeaux","isPartOf":{"@id":"https:\/\/www.imaq.fr\/blog\/#website"},"datePublished":"2016-07-17T10:43:13+00:00","dateModified":"2018-04-19T14:28:47+00:00","breadcrumb":{"@id":"https:\/\/www.imaq.fr\/blog\/2016\/07\/communique-commun-des-obediences-maconniques-nice-14-juillet-2016\/#breadcrumb"},"inLanguage":"fr-FR","potentialAction":[{"@type":"ReadAction","target":["https:\/\/www.imaq.fr\/blog\/2016\/07\/communique-commun-des-obediences-maconniques-nice-14-juillet-2016\/"]}]},{"@type":"BreadcrumbList","@id":"https:\/\/www.imaq.fr\/blog\/2016\/07\/communique-commun-des-obediences-maconniques-nice-14-juillet-2016\/#breadcrumb","itemListElement":[{"@type":"ListItem","position":1,"name":"Accueil","item":"https:\/\/www.imaq.fr\/blog\/"},{"@type":"ListItem","position":2,"name":"Communiqu\u00e9 commun des ob\u00e9diences ma\u00e7onniques &#8211; Nice &#8211; 14 juillet 2016"}]},{"@type":"WebSite","@id":"https:\/\/www.imaq.fr\/blog\/#website","url":"https:\/\/www.imaq.fr\/blog\/","name":"Biennale Culturelle Ma\u00e7onnique de Bordeaux","description":"IMAQ","publisher":{"@id":"https:\/\/www.imaq.fr\/blog\/#organization"},"potentialAction":[{"@type":"SearchAction","target":{"@type":"EntryPoint","urlTemplate":"https:\/\/www.imaq.fr\/blog\/?s={search_term_string}"},"query-input":{"@type":"PropertyValueSpecification","valueRequired":true,"valueName":"search_term_string"}}],"inLanguage":"fr-FR"},{"@type":"Organization","@id":"https:\/\/www.imaq.fr\/blog\/#organization","name":"Biennale Culturelle Ma\u00e7onnique de Bordeaux","url":"https:\/\/www.imaq.fr\/blog\/","logo":{"@type":"ImageObject","inLanguage":"fr-FR","@id":"https:\/\/www.imaq.fr\/blog\/#\/schema\/logo\/image\/","url":"https:\/\/www.imaq.fr\/blog\/wp-content\/uploads\/2014\/12\/logo-bcmc.jpg","contentUrl":"https:\/\/www.imaq.fr\/blog\/wp-content\/uploads\/2014\/12\/logo-bcmc.jpg","width":759,"height":784,"caption":"Biennale Culturelle Ma\u00e7onnique de Bordeaux"},"image":{"@id":"https:\/\/www.imaq.fr\/blog\/#\/schema\/logo\/image\/"},"sameAs":["https:\/\/www.facebook.com\/biennaleculturellemaconnique.bordeaux"]},{"@type":"Person","@id":"https:\/\/www.imaq.fr\/blog\/#\/schema\/person\/3df683af05c9d4e9401e01364d03a5fd","name":"BCMB","image":{"@type":"ImageObject","inLanguage":"fr-FR","@id":"https:\/\/secure.gravatar.com\/avatar\/d6fbbbb38de40bcc3a41d4467d090d3b92513d4eb33fc933729359bbce505880?s=96&d=identicon&r=g","url":"https:\/\/secure.gravatar.com\/avatar\/d6fbbbb38de40bcc3a41d4467d090d3b92513d4eb33fc933729359bbce505880?s=96&d=identicon&r=g","contentUrl":"https:\/\/secure.gravatar.com\/avatar\/d6fbbbb38de40bcc3a41d4467d090d3b92513d4eb33fc933729359bbce505880?s=96&d=identicon&r=g","caption":"BCMB"},"sameAs":["https:\/\/www.imaq.fr"],"url":"https:\/\/www.imaq.fr\/blog\/author\/pomirol\/"}]}},"_links":{"self":[{"href":"https:\/\/www.imaq.fr\/blog\/wp-json\/wp\/v2\/posts\/722","targetHints":{"allow":["GET"]}}],"collection":[{"href":"https:\/\/www.imaq.fr\/blog\/wp-json\/wp\/v2\/posts"}],"about":[{"href":"https:\/\/www.imaq.fr\/blog\/wp-json\/wp\/v2\/types\/post"}],"author":[{"embeddable":true,"href":"https:\/\/www.imaq.fr\/blog\/wp-json\/wp\/v2\/users\/2"}],"replies":[{"embeddable":true,"href":"https:\/\/www.imaq.fr\/blog\/wp-json\/wp\/v2\/comments?post=722"}],"version-history":[{"count":0,"href":"https:\/\/www.imaq.fr\/blog\/wp-json\/wp\/v2\/posts\/722\/revisions"}],"wp:attachment":[{"href":"https:\/\/www.imaq.fr\/blog\/wp-json\/wp\/v2\/media?parent=722"}],"wp:term":[{"taxonomy":"category","embeddable":true,"href":"https:\/\/www.imaq.fr\/blog\/wp-json\/wp\/v2\/categories?post=722"},{"taxonomy":"post_tag","embeddable":true,"href":"https:\/\/www.imaq.fr\/blog\/wp-json\/wp\/v2\/tags?post=722"}],"curies":[{"name":"wp","href":"https:\/\/api.w.org\/{rel}","templated":true}]}}