{"id":729,"date":"2017-02-20T14:55:48","date_gmt":"2017-02-20T14:55:48","guid":{"rendered":"https:\/\/www.imaq.fr\/blog\/?p=729"},"modified":"2017-03-01T21:51:02","modified_gmt":"2017-03-01T21:51:02","slug":"conference-de-robert-kalbach","status":"publish","type":"post","link":"https:\/\/www.imaq.fr\/blog\/2017\/02\/conference-de-robert-kalbach\/","title":{"rendered":"Conf\u00e9rence de Robert Kalbach"},"content":{"rendered":"<h1>Le Grand Architecte de l\u2019Univers : du symbole \u00e0 la fracture<\/h1>\n<p><em>Conf\u00e9rence donn\u00e9e le 16 avril 2016 lors de la 3\u00e8me Biennale Culturelle Ma\u00e7onnique de Bordeaux<\/em><\/p>\n<p>Enregistrement de la conf\u00e9rence de <a title=\"Robert KALBACH\" href=\"https:\/\/www.imaq.fr\/blog\/2016\/03\/robert-kalbach\/\" target=\"_blank\">Robert Kalbach<\/a><br \/>\n<audio class=\"wp-audio-shortcode\" id=\"audio-729-1\" preload=\"none\" style=\"width: 100%;\" controls=\"controls\"><source type=\"audio\/mpeg\" src=\"https:\/\/www.imaq.fr\/blog\/wp-content\/uploads\/2017\/02\/conference-robert-kalbach.mp3?_=1\" \/><a href=\"https:\/\/www.imaq.fr\/blog\/wp-content\/uploads\/2017\/02\/conference-robert-kalbach.mp3\">https:\/\/www.imaq.fr\/blog\/wp-content\/uploads\/2017\/02\/conference-robert-kalbach.mp3<\/a><\/audio><\/p>\n<p>Question sur le temps et r\u00e9ponse de Robert Kalbach<br \/>\n<audio class=\"wp-audio-shortcode\" id=\"audio-729-2\" preload=\"none\" style=\"width: 100%;\" controls=\"controls\"><source type=\"audio\/mpeg\" src=\"https:\/\/www.imaq.fr\/blog\/wp-content\/uploads\/2017\/02\/question-sur-le-temps-robert-kalbach.mp3?_=2\" \/><a href=\"https:\/\/www.imaq.fr\/blog\/wp-content\/uploads\/2017\/02\/question-sur-le-temps-robert-kalbach.mp3\">https:\/\/www.imaq.fr\/blog\/wp-content\/uploads\/2017\/02\/question-sur-le-temps-robert-kalbach.mp3<\/a><\/audio><\/p>\n<p>Question sur l&rsquo;ordre ma\u00e7onnique et les ob\u00e9diences et r\u00e9ponse de Robert Kalbach<br \/>\n<audio class=\"wp-audio-shortcode\" id=\"audio-729-3\" preload=\"none\" style=\"width: 100%;\" controls=\"controls\"><source type=\"audio\/mpeg\" src=\"https:\/\/www.imaq.fr\/blog\/wp-content\/uploads\/2017\/02\/question-sur-les-obediences-robert-kalbach.mp3?_=3\" \/><a href=\"https:\/\/www.imaq.fr\/blog\/wp-content\/uploads\/2017\/02\/question-sur-les-obediences-robert-kalbach.mp3\">https:\/\/www.imaq.fr\/blog\/wp-content\/uploads\/2017\/02\/question-sur-les-obediences-robert-kalbach.mp3<\/a><\/audio><\/p>\n","protected":false},"excerpt":{"rendered":"<p>Le Grand Architecte de l\u2019Univers : du symbole \u00e0 la fracture Conf\u00e9rence donn\u00e9e le 16 avril 2016 lors de la 3\u00e8me Biennale Culturelle Ma\u00e7onnique de Bordeaux Enregistrement de la conf\u00e9rence de Robert Kalbach Question sur le temps et r\u00e9ponse de Robert Kalbach Question sur l&rsquo;ordre ma\u00e7onnique et les ob\u00e9diences et r\u00e9ponse de Robert Kalbach<\/p>\n","protected":false},"author":2,"featured_media":0,"comment_status":"closed","ping_status":"closed","sticky":false,"template":"","format":"standard","meta":{"_editorskit_title_hidden":false,"_editorskit_reading_time":0,"_editorskit_is_block_options_detached":false,"_editorskit_block_options_position":"{}","footnotes":""},"categories":[23,27],"tags":[],"class_list":["post-729","post","type-post","status-publish","format-standard","hentry","category-biennale-2016","category-conference-2016"],"yoast_head":"<!-- This site is optimized with the Yoast SEO plugin v27.5 - https:\/\/yoast.com\/product\/yoast-seo-wordpress\/ -->\n<title>Conf\u00e9rence de Robert Kalbach - Biennale Culturelle Ma\u00e7onnique de Bordeaux<\/title>\n<meta name=\"robots\" content=\"index, follow, max-snippet:-1, max-image-preview:large, max-video-preview:-1\" \/>\n<link rel=\"canonical\" href=\"https:\/\/www.imaq.fr\/blog\/2017\/02\/conference-de-robert-kalbach\/\" \/>\n<meta property=\"og:locale\" content=\"fr_FR\" \/>\n<meta property=\"og:type\" content=\"article\" \/>\n<meta property=\"og:title\" content=\"Conf\u00e9rence de Robert Kalbach - Biennale Culturelle Ma\u00e7onnique de Bordeaux\" \/>\n<meta property=\"og:description\" content=\"Le Grand Architecte de l\u2019Univers : du symbole \u00e0 la fracture Conf\u00e9rence donn\u00e9e le 16 avril 2016 lors de la 3\u00e8me Biennale Culturelle Ma\u00e7onnique de Bordeaux Enregistrement de la conf\u00e9rence de Robert Kalbach Question sur le temps et r\u00e9ponse de Robert Kalbach Question sur l&rsquo;ordre ma\u00e7onnique et les ob\u00e9diences et r\u00e9ponse de Robert Kalbach\" \/>\n<meta property=\"og:url\" content=\"https:\/\/www.imaq.fr\/blog\/2017\/02\/conference-de-robert-kalbach\/\" \/>\n<meta property=\"og:site_name\" content=\"Biennale Culturelle Ma\u00e7onnique de Bordeaux\" \/>\n<meta property=\"article:publisher\" content=\"https:\/\/www.facebook.com\/biennaleculturellemaconnique.bordeaux\" \/>\n<meta property=\"article:published_time\" content=\"2017-02-20T14:55:48+00:00\" \/>\n<meta property=\"article:modified_time\" content=\"2017-03-01T21:51:02+00:00\" \/>\n<meta name=\"author\" content=\"BCMB\" \/>\n<meta name=\"twitter:card\" content=\"summary_large_image\" \/>\n<meta name=\"twitter:label1\" content=\"\u00c9crit par\" \/>\n\t<meta name=\"twitter:data1\" content=\"BCMB\" \/>\n<script type=\"application\/ld+json\" class=\"yoast-schema-graph\">{\"@context\":\"https:\\\/\\\/schema.org\",\"@graph\":[{\"@type\":\"Article\",\"@id\":\"https:\\\/\\\/www.imaq.fr\\\/blog\\\/2017\\\/02\\\/conference-de-robert-kalbach\\\/#article\",\"isPartOf\":{\"@id\":\"https:\\\/\\\/www.imaq.fr\\\/blog\\\/2017\\\/02\\\/conference-de-robert-kalbach\\\/\"},\"author\":{\"name\":\"BCMB\",\"@id\":\"https:\\\/\\\/www.imaq.fr\\\/blog\\\/#\\\/schema\\\/person\\\/3df683af05c9d4e9401e01364d03a5fd\"},\"headline\":\"Conf\u00e9rence de Robert Kalbach\",\"datePublished\":\"2017-02-20T14:55:48+00:00\",\"dateModified\":\"2017-03-01T21:51:02+00:00\",\"mainEntityOfPage\":{\"@id\":\"https:\\\/\\\/www.imaq.fr\\\/blog\\\/2017\\\/02\\\/conference-de-robert-kalbach\\\/\"},\"wordCount\":101,\"publisher\":{\"@id\":\"https:\\\/\\\/www.imaq.fr\\\/blog\\\/#organization\"},\"articleSection\":[\"Biennale 2016\",\"Conf\u00e9rence 2016\"],\"inLanguage\":\"fr-FR\"},{\"@type\":\"WebPage\",\"@id\":\"https:\\\/\\\/www.imaq.fr\\\/blog\\\/2017\\\/02\\\/conference-de-robert-kalbach\\\/\",\"url\":\"https:\\\/\\\/www.imaq.fr\\\/blog\\\/2017\\\/02\\\/conference-de-robert-kalbach\\\/\",\"name\":\"Conf\u00e9rence de Robert Kalbach - Biennale Culturelle Ma\u00e7onnique de Bordeaux\",\"isPartOf\":{\"@id\":\"https:\\\/\\\/www.imaq.fr\\\/blog\\\/#website\"},\"datePublished\":\"2017-02-20T14:55:48+00:00\",\"dateModified\":\"2017-03-01T21:51:02+00:00\",\"breadcrumb\":{\"@id\":\"https:\\\/\\\/www.imaq.fr\\\/blog\\\/2017\\\/02\\\/conference-de-robert-kalbach\\\/#breadcrumb\"},\"inLanguage\":\"fr-FR\",\"potentialAction\":[{\"@type\":\"ReadAction\",\"target\":[\"https:\\\/\\\/www.imaq.fr\\\/blog\\\/2017\\\/02\\\/conference-de-robert-kalbach\\\/\"]}]},{\"@type\":\"BreadcrumbList\",\"@id\":\"https:\\\/\\\/www.imaq.fr\\\/blog\\\/2017\\\/02\\\/conference-de-robert-kalbach\\\/#breadcrumb\",\"itemListElement\":[{\"@type\":\"ListItem\",\"position\":1,\"name\":\"Accueil\",\"item\":\"https:\\\/\\\/www.imaq.fr\\\/blog\\\/\"},{\"@type\":\"ListItem\",\"position\":2,\"name\":\"Conf\u00e9rence de Robert Kalbach\"}]},{\"@type\":\"WebSite\",\"@id\":\"https:\\\/\\\/www.imaq.fr\\\/blog\\\/#website\",\"url\":\"https:\\\/\\\/www.imaq.fr\\\/blog\\\/\",\"name\":\"Biennale Culturelle Ma\u00e7onnique de Bordeaux\",\"description\":\"IMAQ\",\"publisher\":{\"@id\":\"https:\\\/\\\/www.imaq.fr\\\/blog\\\/#organization\"},\"potentialAction\":[{\"@type\":\"SearchAction\",\"target\":{\"@type\":\"EntryPoint\",\"urlTemplate\":\"https:\\\/\\\/www.imaq.fr\\\/blog\\\/?s={search_term_string}\"},\"query-input\":{\"@type\":\"PropertyValueSpecification\",\"valueRequired\":true,\"valueName\":\"search_term_string\"}}],\"inLanguage\":\"fr-FR\"},{\"@type\":\"Organization\",\"@id\":\"https:\\\/\\\/www.imaq.fr\\\/blog\\\/#organization\",\"name\":\"Biennale Culturelle Ma\u00e7onnique de Bordeaux\",\"url\":\"https:\\\/\\\/www.imaq.fr\\\/blog\\\/\",\"logo\":{\"@type\":\"ImageObject\",\"inLanguage\":\"fr-FR\",\"@id\":\"https:\\\/\\\/www.imaq.fr\\\/blog\\\/#\\\/schema\\\/logo\\\/image\\\/\",\"url\":\"https:\\\/\\\/www.imaq.fr\\\/blog\\\/wp-content\\\/uploads\\\/2014\\\/12\\\/logo-bcmc.jpg\",\"contentUrl\":\"https:\\\/\\\/www.imaq.fr\\\/blog\\\/wp-content\\\/uploads\\\/2014\\\/12\\\/logo-bcmc.jpg\",\"width\":759,\"height\":784,\"caption\":\"Biennale Culturelle Ma\u00e7onnique de Bordeaux\"},\"image\":{\"@id\":\"https:\\\/\\\/www.imaq.fr\\\/blog\\\/#\\\/schema\\\/logo\\\/image\\\/\"},\"sameAs\":[\"https:\\\/\\\/www.facebook.com\\\/biennaleculturellemaconnique.bordeaux\"]},{\"@type\":\"Person\",\"@id\":\"https:\\\/\\\/www.imaq.fr\\\/blog\\\/#\\\/schema\\\/person\\\/3df683af05c9d4e9401e01364d03a5fd\",\"name\":\"BCMB\",\"image\":{\"@type\":\"ImageObject\",\"inLanguage\":\"fr-FR\",\"@id\":\"https:\\\/\\\/secure.gravatar.com\\\/avatar\\\/d6fbbbb38de40bcc3a41d4467d090d3b92513d4eb33fc933729359bbce505880?s=96&d=identicon&r=g\",\"url\":\"https:\\\/\\\/secure.gravatar.com\\\/avatar\\\/d6fbbbb38de40bcc3a41d4467d090d3b92513d4eb33fc933729359bbce505880?s=96&d=identicon&r=g\",\"contentUrl\":\"https:\\\/\\\/secure.gravatar.com\\\/avatar\\\/d6fbbbb38de40bcc3a41d4467d090d3b92513d4eb33fc933729359bbce505880?s=96&d=identicon&r=g\",\"caption\":\"BCMB\"},\"sameAs\":[\"https:\\\/\\\/www.imaq.fr\"],\"url\":\"https:\\\/\\\/www.imaq.fr\\\/blog\\\/author\\\/pomirol\\\/\"}]}<\/script>\n<!-- \/ Yoast SEO plugin. -->","yoast_head_json":{"title":"Conf\u00e9rence de Robert Kalbach - Biennale Culturelle Ma\u00e7onnique de Bordeaux","robots":{"index":"index","follow":"follow","max-snippet":"max-snippet:-1","max-image-preview":"max-image-preview:large","max-video-preview":"max-video-preview:-1"},"canonical":"https:\/\/www.imaq.fr\/blog\/2017\/02\/conference-de-robert-kalbach\/","og_locale":"fr_FR","og_type":"article","og_title":"Conf\u00e9rence de Robert Kalbach - Biennale Culturelle Ma\u00e7onnique de Bordeaux","og_description":"Le Grand Architecte de l\u2019Univers : du symbole \u00e0 la fracture Conf\u00e9rence donn\u00e9e le 16 avril 2016 lors de la 3\u00e8me Biennale Culturelle Ma\u00e7onnique de Bordeaux Enregistrement de la conf\u00e9rence de Robert Kalbach Question sur le temps et r\u00e9ponse de Robert Kalbach Question sur l&rsquo;ordre ma\u00e7onnique et les ob\u00e9diences et r\u00e9ponse de Robert Kalbach","og_url":"https:\/\/www.imaq.fr\/blog\/2017\/02\/conference-de-robert-kalbach\/","og_site_name":"Biennale Culturelle Ma\u00e7onnique de Bordeaux","article_publisher":"https:\/\/www.facebook.com\/biennaleculturellemaconnique.bordeaux","article_published_time":"2017-02-20T14:55:48+00:00","article_modified_time":"2017-03-01T21:51:02+00:00","author":"BCMB","twitter_card":"summary_large_image","twitter_misc":{"\u00c9crit par":"BCMB"},"schema":{"@context":"https:\/\/schema.org","@graph":[{"@type":"Article","@id":"https:\/\/www.imaq.fr\/blog\/2017\/02\/conference-de-robert-kalbach\/#article","isPartOf":{"@id":"https:\/\/www.imaq.fr\/blog\/2017\/02\/conference-de-robert-kalbach\/"},"author":{"name":"BCMB","@id":"https:\/\/www.imaq.fr\/blog\/#\/schema\/person\/3df683af05c9d4e9401e01364d03a5fd"},"headline":"Conf\u00e9rence de Robert Kalbach","datePublished":"2017-02-20T14:55:48+00:00","dateModified":"2017-03-01T21:51:02+00:00","mainEntityOfPage":{"@id":"https:\/\/www.imaq.fr\/blog\/2017\/02\/conference-de-robert-kalbach\/"},"wordCount":101,"publisher":{"@id":"https:\/\/www.imaq.fr\/blog\/#organization"},"articleSection":["Biennale 2016","Conf\u00e9rence 2016"],"inLanguage":"fr-FR"},{"@type":"WebPage","@id":"https:\/\/www.imaq.fr\/blog\/2017\/02\/conference-de-robert-kalbach\/","url":"https:\/\/www.imaq.fr\/blog\/2017\/02\/conference-de-robert-kalbach\/","name":"Conf\u00e9rence de Robert Kalbach - Biennale Culturelle Ma\u00e7onnique de Bordeaux","isPartOf":{"@id":"https:\/\/www.imaq.fr\/blog\/#website"},"datePublished":"2017-02-20T14:55:48+00:00","dateModified":"2017-03-01T21:51:02+00:00","breadcrumb":{"@id":"https:\/\/www.imaq.fr\/blog\/2017\/02\/conference-de-robert-kalbach\/#breadcrumb"},"inLanguage":"fr-FR","potentialAction":[{"@type":"ReadAction","target":["https:\/\/www.imaq.fr\/blog\/2017\/02\/conference-de-robert-kalbach\/"]}]},{"@type":"BreadcrumbList","@id":"https:\/\/www.imaq.fr\/blog\/2017\/02\/conference-de-robert-kalbach\/#breadcrumb","itemListElement":[{"@type":"ListItem","position":1,"name":"Accueil","item":"https:\/\/www.imaq.fr\/blog\/"},{"@type":"ListItem","position":2,"name":"Conf\u00e9rence de Robert Kalbach"}]},{"@type":"WebSite","@id":"https:\/\/www.imaq.fr\/blog\/#website","url":"https:\/\/www.imaq.fr\/blog\/","name":"Biennale Culturelle Ma\u00e7onnique de Bordeaux","description":"IMAQ","publisher":{"@id":"https:\/\/www.imaq.fr\/blog\/#organization"},"potentialAction":[{"@type":"SearchAction","target":{"@type":"EntryPoint","urlTemplate":"https:\/\/www.imaq.fr\/blog\/?s={search_term_string}"},"query-input":{"@type":"PropertyValueSpecification","valueRequired":true,"valueName":"search_term_string"}}],"inLanguage":"fr-FR"},{"@type":"Organization","@id":"https:\/\/www.imaq.fr\/blog\/#organization","name":"Biennale Culturelle Ma\u00e7onnique de Bordeaux","url":"https:\/\/www.imaq.fr\/blog\/","logo":{"@type":"ImageObject","inLanguage":"fr-FR","@id":"https:\/\/www.imaq.fr\/blog\/#\/schema\/logo\/image\/","url":"https:\/\/www.imaq.fr\/blog\/wp-content\/uploads\/2014\/12\/logo-bcmc.jpg","contentUrl":"https:\/\/www.imaq.fr\/blog\/wp-content\/uploads\/2014\/12\/logo-bcmc.jpg","width":759,"height":784,"caption":"Biennale Culturelle Ma\u00e7onnique de Bordeaux"},"image":{"@id":"https:\/\/www.imaq.fr\/blog\/#\/schema\/logo\/image\/"},"sameAs":["https:\/\/www.facebook.com\/biennaleculturellemaconnique.bordeaux"]},{"@type":"Person","@id":"https:\/\/www.imaq.fr\/blog\/#\/schema\/person\/3df683af05c9d4e9401e01364d03a5fd","name":"BCMB","image":{"@type":"ImageObject","inLanguage":"fr-FR","@id":"https:\/\/secure.gravatar.com\/avatar\/d6fbbbb38de40bcc3a41d4467d090d3b92513d4eb33fc933729359bbce505880?s=96&d=identicon&r=g","url":"https:\/\/secure.gravatar.com\/avatar\/d6fbbbb38de40bcc3a41d4467d090d3b92513d4eb33fc933729359bbce505880?s=96&d=identicon&r=g","contentUrl":"https:\/\/secure.gravatar.com\/avatar\/d6fbbbb38de40bcc3a41d4467d090d3b92513d4eb33fc933729359bbce505880?s=96&d=identicon&r=g","caption":"BCMB"},"sameAs":["https:\/\/www.imaq.fr"],"url":"https:\/\/www.imaq.fr\/blog\/author\/pomirol\/"}]}},"_links":{"self":[{"href":"https:\/\/www.imaq.fr\/blog\/wp-json\/wp\/v2\/posts\/729","targetHints":{"allow":["GET"]}}],"collection":[{"href":"https:\/\/www.imaq.fr\/blog\/wp-json\/wp\/v2\/posts"}],"about":[{"href":"https:\/\/www.imaq.fr\/blog\/wp-json\/wp\/v2\/types\/post"}],"author":[{"embeddable":true,"href":"https:\/\/www.imaq.fr\/blog\/wp-json\/wp\/v2\/users\/2"}],"replies":[{"embeddable":true,"href":"https:\/\/www.imaq.fr\/blog\/wp-json\/wp\/v2\/comments?post=729"}],"version-history":[{"count":0,"href":"https:\/\/www.imaq.fr\/blog\/wp-json\/wp\/v2\/posts\/729\/revisions"}],"wp:attachment":[{"href":"https:\/\/www.imaq.fr\/blog\/wp-json\/wp\/v2\/media?parent=729"}],"wp:term":[{"taxonomy":"category","embeddable":true,"href":"https:\/\/www.imaq.fr\/blog\/wp-json\/wp\/v2\/categories?post=729"},{"taxonomy":"post_tag","embeddable":true,"href":"https:\/\/www.imaq.fr\/blog\/wp-json\/wp\/v2\/tags?post=729"}],"curies":[{"name":"wp","href":"https:\/\/api.w.org\/{rel}","templated":true}]}}