{"id":759,"date":"2017-02-27T10:06:01","date_gmt":"2017-02-27T10:06:01","guid":{"rendered":"https:\/\/www.imaq.fr\/blog\/?p=759"},"modified":"2017-03-01T22:01:59","modified_gmt":"2017-03-01T22:01:59","slug":"table-ronde-laicite-ou-dialogue-inter-religieux","status":"publish","type":"post","link":"https:\/\/www.imaq.fr\/blog\/2017\/02\/table-ronde-laicite-ou-dialogue-inter-religieux\/","title":{"rendered":"Table-ronde \u00ab La\u00efcit\u00e9 ou dialogue inter-religieux \u00bb"},"content":{"rendered":"<h1>\u00ab La\u00efcit\u00e9 ou dialogue inter-religieux \u00bb<\/h1>\n<p><em>Table-ronde du 16 avril 2016 lors de la 3\u00e8me Biennale Culturelle Ma\u00e7onnique de Bordeaux<\/em><\/p>\n<p>avec\u00a0<a href=\"https:\/\/www.imaq.fr\/blog\/2016\/03\/marik-fetouh\/\">Marik FETOUH<\/a>, Adjoint au Maire de Bordeaux et Secr\u00e9taire g\u00e9n\u00e9ral du CAPRI, et\u00a0<a href=\"https:\/\/www.imaq.fr\/blog\/2016\/03\/christophe-habas\/\">Christophe HABAS<\/a>, 1er Grand Ma\u00eetre Adjoint du Grand Orient de France<\/p>\n<ul>\n<li>Introduction du d\u00e9bat par <a title=\"Ren\u00e9 RAMPNOUX\" href=\"https:\/\/www.imaq.fr\/blog\/2016\/03\/rene-rampnoux\/\">Ren\u00e9 Rampnoux<\/a><br \/>\n<audio class=\"wp-audio-shortcode\" id=\"audio-759-1\" preload=\"none\" style=\"width: 100%;\" controls=\"controls\"><source type=\"audio\/mpeg\" src=\"https:\/\/www.imaq.fr\/blog\/wp-content\/uploads\/2017\/02\/laicite-ou-dialogue-inter-religieux-intro.mp3?_=1\" \/><a href=\"https:\/\/www.imaq.fr\/blog\/wp-content\/uploads\/2017\/02\/laicite-ou-dialogue-inter-religieux-intro.mp3\">https:\/\/www.imaq.fr\/blog\/wp-content\/uploads\/2017\/02\/laicite-ou-dialogue-inter-religieux-intro.mp3<\/a><\/audio>\n<\/li>\n<li>\nIntervention de Marik Fetouh<br \/>\n<audio class=\"wp-audio-shortcode\" id=\"audio-759-2\" preload=\"none\" style=\"width: 100%;\" controls=\"controls\"><source type=\"audio\/mpeg\" src=\"https:\/\/www.imaq.fr\/blog\/wp-content\/uploads\/2017\/02\/laicite-ou-dialogue-inter-religieux-marik-fetouh.mp3?_=2\" \/><a href=\"https:\/\/www.imaq.fr\/blog\/wp-content\/uploads\/2017\/02\/laicite-ou-dialogue-inter-religieux-marik-fetouh.mp3\">https:\/\/www.imaq.fr\/blog\/wp-content\/uploads\/2017\/02\/laicite-ou-dialogue-inter-religieux-marik-fetouh.mp3<\/a><\/audio>\n<\/li>\n<li>\nTransition par Ren\u00e9 Rampnoux<br \/>\n<audio class=\"wp-audio-shortcode\" id=\"audio-759-3\" preload=\"none\" style=\"width: 100%;\" controls=\"controls\"><source type=\"audio\/mpeg\" src=\"https:\/\/www.imaq.fr\/blog\/wp-content\/uploads\/2017\/02\/laicite-ou-dialogue-inter-religieux-transition.mp3?_=3\" \/><a href=\"https:\/\/www.imaq.fr\/blog\/wp-content\/uploads\/2017\/02\/laicite-ou-dialogue-inter-religieux-transition.mp3\">https:\/\/www.imaq.fr\/blog\/wp-content\/uploads\/2017\/02\/laicite-ou-dialogue-inter-religieux-transition.mp3<\/a><\/audio>\n<\/li>\n<li>\nIntervention de Christophe Habas<br \/>\n<audio class=\"wp-audio-shortcode\" id=\"audio-759-4\" preload=\"none\" style=\"width: 100%;\" controls=\"controls\"><source type=\"audio\/mpeg\" src=\"https:\/\/www.imaq.fr\/blog\/wp-content\/uploads\/2017\/02\/laicite-ou-dialogue-inter-religieux-christophe-habas.mp3?_=4\" \/><a href=\"https:\/\/www.imaq.fr\/blog\/wp-content\/uploads\/2017\/02\/laicite-ou-dialogue-inter-religieux-christophe-habas.mp3\">https:\/\/www.imaq.fr\/blog\/wp-content\/uploads\/2017\/02\/laicite-ou-dialogue-inter-religieux-christophe-habas.mp3<\/a><\/audio>\n<\/li>\n<li>\n\u00c9changes entre les orateurs<br \/>\n<audio class=\"wp-audio-shortcode\" id=\"audio-759-5\" preload=\"none\" style=\"width: 100%;\" controls=\"controls\"><source type=\"audio\/mpeg\" src=\"https:\/\/www.imaq.fr\/blog\/wp-content\/uploads\/2017\/02\/laicite-ou-dialogue-inter-religieux-dialogue.mp3?_=5\" \/><a href=\"https:\/\/www.imaq.fr\/blog\/wp-content\/uploads\/2017\/02\/laicite-ou-dialogue-inter-religieux-dialogue.mp3\">https:\/\/www.imaq.fr\/blog\/wp-content\/uploads\/2017\/02\/laicite-ou-dialogue-inter-religieux-dialogue.mp3<\/a><\/audio>\n<\/li>\n<\/ul>\n<h3>Questions de la salle<\/h3>\n<ul>\n<li>\nQuel int\u00e9r\u00eat peut avoir le politique de s&#8217;emparer du dialogue inter religieux ?<br \/>\n<audio class=\"wp-audio-shortcode\" id=\"audio-759-6\" preload=\"none\" style=\"width: 100%;\" controls=\"controls\"><source type=\"audio\/mpeg\" src=\"https:\/\/www.imaq.fr\/blog\/wp-content\/uploads\/2017\/02\/laicite-ou-dialogue-inter-religieux-question1.mp3?_=6\" \/><a href=\"https:\/\/www.imaq.fr\/blog\/wp-content\/uploads\/2017\/02\/laicite-ou-dialogue-inter-religieux-question1.mp3\">https:\/\/www.imaq.fr\/blog\/wp-content\/uploads\/2017\/02\/laicite-ou-dialogue-inter-religieux-question1.mp3<\/a><\/audio>\n<\/li>\n<li>\nTrois questions :<\/p>\n<ul>\n<li>Le dialogue inter-religieux ne consacre-t-il pas un principe d&rsquo;exclusion des ath\u00e9es et des agnostiques pourtant majoritaires ?<\/li>\n<li>Le financement des \u00e9difices religieux doit-il \u00eatre support\u00e9 par tous ?<\/li>\n<li>Peut-on parler de communaut\u00e9s en France aujourd&rsquo;hui ?<\/li>\n<\/ul>\n<p><audio class=\"wp-audio-shortcode\" id=\"audio-759-7\" preload=\"none\" style=\"width: 100%;\" controls=\"controls\"><source type=\"audio\/mpeg\" src=\"https:\/\/www.imaq.fr\/blog\/wp-content\/uploads\/2017\/02\/laicite-ou-dialogue-inter-religieux-question2.mp3?_=7\" \/><a href=\"https:\/\/www.imaq.fr\/blog\/wp-content\/uploads\/2017\/02\/laicite-ou-dialogue-inter-religieux-question2.mp3\">https:\/\/www.imaq.fr\/blog\/wp-content\/uploads\/2017\/02\/laicite-ou-dialogue-inter-religieux-question2.mp3<\/a><\/audio>\n<\/li>\n<li>\nL&rsquo;autorisation de l&rsquo;expression religieuse sur l&rsquo;espace public n&rsquo;est-elle pas discriminatoire ?<br \/>\n<audio class=\"wp-audio-shortcode\" id=\"audio-759-8\" preload=\"none\" style=\"width: 100%;\" controls=\"controls\"><source type=\"audio\/mpeg\" src=\"https:\/\/www.imaq.fr\/blog\/wp-content\/uploads\/2017\/02\/laicite-ou-dialogue-inter-religieux-question3.mp3?_=8\" \/><a href=\"https:\/\/www.imaq.fr\/blog\/wp-content\/uploads\/2017\/02\/laicite-ou-dialogue-inter-religieux-question3.mp3\">https:\/\/www.imaq.fr\/blog\/wp-content\/uploads\/2017\/02\/laicite-ou-dialogue-inter-religieux-question3.mp3<\/a><\/audio>\n<\/li>\n<\/ul>\n","protected":false},"excerpt":{"rendered":"<p>\u00ab La\u00efcit\u00e9 ou dialogue inter-religieux \u00bb Table-ronde du 16 avril 2016 lors de la 3\u00e8me Biennale Culturelle Ma\u00e7onnique de Bordeaux avec\u00a0Marik FETOUH, Adjoint au Maire de Bordeaux et Secr\u00e9taire g\u00e9n\u00e9ral du CAPRI, et\u00a0Christophe HABAS, 1er Grand Ma\u00eetre Adjoint du Grand Orient de France Introduction du d\u00e9bat par Ren\u00e9 Rampnoux Intervention de Marik Fetouh Transition par [&hellip;]<\/p>\n","protected":false},"author":2,"featured_media":0,"comment_status":"closed","ping_status":"open","sticky":false,"template":"","format":"standard","meta":{"_editorskit_title_hidden":false,"_editorskit_reading_time":0,"_editorskit_is_block_options_detached":false,"_editorskit_block_options_position":"{}","footnotes":""},"categories":[23,27],"tags":[],"class_list":["post-759","post","type-post","status-publish","format-standard","hentry","category-biennale-2016","category-conference-2016"],"yoast_head":"<!-- This site is optimized with the Yoast SEO plugin v27.5 - https:\/\/yoast.com\/product\/yoast-seo-wordpress\/ -->\n<title>Table-ronde \u00ab La\u00efcit\u00e9 ou dialogue inter-religieux \u00bb - Biennale Culturelle Ma\u00e7onnique de Bordeaux<\/title>\n<meta name=\"robots\" content=\"index, follow, max-snippet:-1, max-image-preview:large, max-video-preview:-1\" \/>\n<link rel=\"canonical\" href=\"https:\/\/www.imaq.fr\/blog\/2017\/02\/table-ronde-laicite-ou-dialogue-inter-religieux\/\" \/>\n<meta property=\"og:locale\" content=\"fr_FR\" \/>\n<meta property=\"og:type\" content=\"article\" \/>\n<meta property=\"og:title\" content=\"Table-ronde \u00ab La\u00efcit\u00e9 ou dialogue inter-religieux \u00bb - Biennale Culturelle Ma\u00e7onnique de Bordeaux\" \/>\n<meta property=\"og:description\" content=\"\u00ab La\u00efcit\u00e9 ou dialogue inter-religieux \u00bb Table-ronde du 16 avril 2016 lors de la 3\u00e8me Biennale Culturelle Ma\u00e7onnique de Bordeaux avec\u00a0Marik FETOUH, Adjoint au Maire de Bordeaux et Secr\u00e9taire g\u00e9n\u00e9ral du CAPRI, et\u00a0Christophe HABAS, 1er Grand Ma\u00eetre Adjoint du Grand Orient de France Introduction du d\u00e9bat par Ren\u00e9 Rampnoux Intervention de Marik Fetouh Transition par [&hellip;]\" \/>\n<meta property=\"og:url\" content=\"https:\/\/www.imaq.fr\/blog\/2017\/02\/table-ronde-laicite-ou-dialogue-inter-religieux\/\" \/>\n<meta property=\"og:site_name\" content=\"Biennale Culturelle Ma\u00e7onnique de Bordeaux\" \/>\n<meta property=\"article:publisher\" content=\"https:\/\/www.facebook.com\/biennaleculturellemaconnique.bordeaux\" \/>\n<meta property=\"article:published_time\" content=\"2017-02-27T10:06:01+00:00\" \/>\n<meta property=\"article:modified_time\" content=\"2017-03-01T22:01:59+00:00\" \/>\n<meta name=\"author\" content=\"BCMB\" \/>\n<meta name=\"twitter:card\" content=\"summary_large_image\" \/>\n<meta name=\"twitter:label1\" content=\"\u00c9crit par\" \/>\n\t<meta name=\"twitter:data1\" content=\"BCMB\" \/>\n\t<meta name=\"twitter:label2\" content=\"Dur\u00e9e de lecture estim\u00e9e\" \/>\n\t<meta name=\"twitter:data2\" content=\"1 minute\" \/>\n<script type=\"application\/ld+json\" class=\"yoast-schema-graph\">{\"@context\":\"https:\\\/\\\/schema.org\",\"@graph\":[{\"@type\":\"Article\",\"@id\":\"https:\\\/\\\/www.imaq.fr\\\/blog\\\/2017\\\/02\\\/table-ronde-laicite-ou-dialogue-inter-religieux\\\/#article\",\"isPartOf\":{\"@id\":\"https:\\\/\\\/www.imaq.fr\\\/blog\\\/2017\\\/02\\\/table-ronde-laicite-ou-dialogue-inter-religieux\\\/\"},\"author\":{\"name\":\"BCMB\",\"@id\":\"https:\\\/\\\/www.imaq.fr\\\/blog\\\/#\\\/schema\\\/person\\\/3df683af05c9d4e9401e01364d03a5fd\"},\"headline\":\"Table-ronde \u00ab La\u00efcit\u00e9 ou dialogue inter-religieux \u00bb\",\"datePublished\":\"2017-02-27T10:06:01+00:00\",\"dateModified\":\"2017-03-01T22:01:59+00:00\",\"mainEntityOfPage\":{\"@id\":\"https:\\\/\\\/www.imaq.fr\\\/blog\\\/2017\\\/02\\\/table-ronde-laicite-ou-dialogue-inter-religieux\\\/\"},\"wordCount\":244,\"publisher\":{\"@id\":\"https:\\\/\\\/www.imaq.fr\\\/blog\\\/#organization\"},\"articleSection\":[\"Biennale 2016\",\"Conf\u00e9rence 2016\"],\"inLanguage\":\"fr-FR\"},{\"@type\":\"WebPage\",\"@id\":\"https:\\\/\\\/www.imaq.fr\\\/blog\\\/2017\\\/02\\\/table-ronde-laicite-ou-dialogue-inter-religieux\\\/\",\"url\":\"https:\\\/\\\/www.imaq.fr\\\/blog\\\/2017\\\/02\\\/table-ronde-laicite-ou-dialogue-inter-religieux\\\/\",\"name\":\"Table-ronde \u00ab La\u00efcit\u00e9 ou dialogue inter-religieux \u00bb - Biennale Culturelle Ma\u00e7onnique de Bordeaux\",\"isPartOf\":{\"@id\":\"https:\\\/\\\/www.imaq.fr\\\/blog\\\/#website\"},\"datePublished\":\"2017-02-27T10:06:01+00:00\",\"dateModified\":\"2017-03-01T22:01:59+00:00\",\"breadcrumb\":{\"@id\":\"https:\\\/\\\/www.imaq.fr\\\/blog\\\/2017\\\/02\\\/table-ronde-laicite-ou-dialogue-inter-religieux\\\/#breadcrumb\"},\"inLanguage\":\"fr-FR\",\"potentialAction\":[{\"@type\":\"ReadAction\",\"target\":[\"https:\\\/\\\/www.imaq.fr\\\/blog\\\/2017\\\/02\\\/table-ronde-laicite-ou-dialogue-inter-religieux\\\/\"]}]},{\"@type\":\"BreadcrumbList\",\"@id\":\"https:\\\/\\\/www.imaq.fr\\\/blog\\\/2017\\\/02\\\/table-ronde-laicite-ou-dialogue-inter-religieux\\\/#breadcrumb\",\"itemListElement\":[{\"@type\":\"ListItem\",\"position\":1,\"name\":\"Accueil\",\"item\":\"https:\\\/\\\/www.imaq.fr\\\/blog\\\/\"},{\"@type\":\"ListItem\",\"position\":2,\"name\":\"Table-ronde \u00ab La\u00efcit\u00e9 ou dialogue inter-religieux \u00bb\"}]},{\"@type\":\"WebSite\",\"@id\":\"https:\\\/\\\/www.imaq.fr\\\/blog\\\/#website\",\"url\":\"https:\\\/\\\/www.imaq.fr\\\/blog\\\/\",\"name\":\"Biennale Culturelle Ma\u00e7onnique de Bordeaux\",\"description\":\"IMAQ\",\"publisher\":{\"@id\":\"https:\\\/\\\/www.imaq.fr\\\/blog\\\/#organization\"},\"potentialAction\":[{\"@type\":\"SearchAction\",\"target\":{\"@type\":\"EntryPoint\",\"urlTemplate\":\"https:\\\/\\\/www.imaq.fr\\\/blog\\\/?s={search_term_string}\"},\"query-input\":{\"@type\":\"PropertyValueSpecification\",\"valueRequired\":true,\"valueName\":\"search_term_string\"}}],\"inLanguage\":\"fr-FR\"},{\"@type\":\"Organization\",\"@id\":\"https:\\\/\\\/www.imaq.fr\\\/blog\\\/#organization\",\"name\":\"Biennale Culturelle Ma\u00e7onnique de Bordeaux\",\"url\":\"https:\\\/\\\/www.imaq.fr\\\/blog\\\/\",\"logo\":{\"@type\":\"ImageObject\",\"inLanguage\":\"fr-FR\",\"@id\":\"https:\\\/\\\/www.imaq.fr\\\/blog\\\/#\\\/schema\\\/logo\\\/image\\\/\",\"url\":\"https:\\\/\\\/www.imaq.fr\\\/blog\\\/wp-content\\\/uploads\\\/2014\\\/12\\\/logo-bcmc.jpg\",\"contentUrl\":\"https:\\\/\\\/www.imaq.fr\\\/blog\\\/wp-content\\\/uploads\\\/2014\\\/12\\\/logo-bcmc.jpg\",\"width\":759,\"height\":784,\"caption\":\"Biennale Culturelle Ma\u00e7onnique de Bordeaux\"},\"image\":{\"@id\":\"https:\\\/\\\/www.imaq.fr\\\/blog\\\/#\\\/schema\\\/logo\\\/image\\\/\"},\"sameAs\":[\"https:\\\/\\\/www.facebook.com\\\/biennaleculturellemaconnique.bordeaux\"]},{\"@type\":\"Person\",\"@id\":\"https:\\\/\\\/www.imaq.fr\\\/blog\\\/#\\\/schema\\\/person\\\/3df683af05c9d4e9401e01364d03a5fd\",\"name\":\"BCMB\",\"image\":{\"@type\":\"ImageObject\",\"inLanguage\":\"fr-FR\",\"@id\":\"https:\\\/\\\/secure.gravatar.com\\\/avatar\\\/d6fbbbb38de40bcc3a41d4467d090d3b92513d4eb33fc933729359bbce505880?s=96&d=identicon&r=g\",\"url\":\"https:\\\/\\\/secure.gravatar.com\\\/avatar\\\/d6fbbbb38de40bcc3a41d4467d090d3b92513d4eb33fc933729359bbce505880?s=96&d=identicon&r=g\",\"contentUrl\":\"https:\\\/\\\/secure.gravatar.com\\\/avatar\\\/d6fbbbb38de40bcc3a41d4467d090d3b92513d4eb33fc933729359bbce505880?s=96&d=identicon&r=g\",\"caption\":\"BCMB\"},\"sameAs\":[\"https:\\\/\\\/www.imaq.fr\"],\"url\":\"https:\\\/\\\/www.imaq.fr\\\/blog\\\/author\\\/pomirol\\\/\"}]}<\/script>\n<!-- \/ Yoast SEO plugin. -->","yoast_head_json":{"title":"Table-ronde \u00ab La\u00efcit\u00e9 ou dialogue inter-religieux \u00bb - Biennale Culturelle Ma\u00e7onnique de Bordeaux","robots":{"index":"index","follow":"follow","max-snippet":"max-snippet:-1","max-image-preview":"max-image-preview:large","max-video-preview":"max-video-preview:-1"},"canonical":"https:\/\/www.imaq.fr\/blog\/2017\/02\/table-ronde-laicite-ou-dialogue-inter-religieux\/","og_locale":"fr_FR","og_type":"article","og_title":"Table-ronde \u00ab La\u00efcit\u00e9 ou dialogue inter-religieux \u00bb - Biennale Culturelle Ma\u00e7onnique de Bordeaux","og_description":"\u00ab La\u00efcit\u00e9 ou dialogue inter-religieux \u00bb Table-ronde du 16 avril 2016 lors de la 3\u00e8me Biennale Culturelle Ma\u00e7onnique de Bordeaux avec\u00a0Marik FETOUH, Adjoint au Maire de Bordeaux et Secr\u00e9taire g\u00e9n\u00e9ral du CAPRI, et\u00a0Christophe HABAS, 1er Grand Ma\u00eetre Adjoint du Grand Orient de France Introduction du d\u00e9bat par Ren\u00e9 Rampnoux Intervention de Marik Fetouh Transition par [&hellip;]","og_url":"https:\/\/www.imaq.fr\/blog\/2017\/02\/table-ronde-laicite-ou-dialogue-inter-religieux\/","og_site_name":"Biennale Culturelle Ma\u00e7onnique de Bordeaux","article_publisher":"https:\/\/www.facebook.com\/biennaleculturellemaconnique.bordeaux","article_published_time":"2017-02-27T10:06:01+00:00","article_modified_time":"2017-03-01T22:01:59+00:00","author":"BCMB","twitter_card":"summary_large_image","twitter_misc":{"\u00c9crit par":"BCMB","Dur\u00e9e de lecture estim\u00e9e":"1 minute"},"schema":{"@context":"https:\/\/schema.org","@graph":[{"@type":"Article","@id":"https:\/\/www.imaq.fr\/blog\/2017\/02\/table-ronde-laicite-ou-dialogue-inter-religieux\/#article","isPartOf":{"@id":"https:\/\/www.imaq.fr\/blog\/2017\/02\/table-ronde-laicite-ou-dialogue-inter-religieux\/"},"author":{"name":"BCMB","@id":"https:\/\/www.imaq.fr\/blog\/#\/schema\/person\/3df683af05c9d4e9401e01364d03a5fd"},"headline":"Table-ronde \u00ab La\u00efcit\u00e9 ou dialogue inter-religieux \u00bb","datePublished":"2017-02-27T10:06:01+00:00","dateModified":"2017-03-01T22:01:59+00:00","mainEntityOfPage":{"@id":"https:\/\/www.imaq.fr\/blog\/2017\/02\/table-ronde-laicite-ou-dialogue-inter-religieux\/"},"wordCount":244,"publisher":{"@id":"https:\/\/www.imaq.fr\/blog\/#organization"},"articleSection":["Biennale 2016","Conf\u00e9rence 2016"],"inLanguage":"fr-FR"},{"@type":"WebPage","@id":"https:\/\/www.imaq.fr\/blog\/2017\/02\/table-ronde-laicite-ou-dialogue-inter-religieux\/","url":"https:\/\/www.imaq.fr\/blog\/2017\/02\/table-ronde-laicite-ou-dialogue-inter-religieux\/","name":"Table-ronde \u00ab La\u00efcit\u00e9 ou dialogue inter-religieux \u00bb - Biennale Culturelle Ma\u00e7onnique de Bordeaux","isPartOf":{"@id":"https:\/\/www.imaq.fr\/blog\/#website"},"datePublished":"2017-02-27T10:06:01+00:00","dateModified":"2017-03-01T22:01:59+00:00","breadcrumb":{"@id":"https:\/\/www.imaq.fr\/blog\/2017\/02\/table-ronde-laicite-ou-dialogue-inter-religieux\/#breadcrumb"},"inLanguage":"fr-FR","potentialAction":[{"@type":"ReadAction","target":["https:\/\/www.imaq.fr\/blog\/2017\/02\/table-ronde-laicite-ou-dialogue-inter-religieux\/"]}]},{"@type":"BreadcrumbList","@id":"https:\/\/www.imaq.fr\/blog\/2017\/02\/table-ronde-laicite-ou-dialogue-inter-religieux\/#breadcrumb","itemListElement":[{"@type":"ListItem","position":1,"name":"Accueil","item":"https:\/\/www.imaq.fr\/blog\/"},{"@type":"ListItem","position":2,"name":"Table-ronde \u00ab La\u00efcit\u00e9 ou dialogue inter-religieux \u00bb"}]},{"@type":"WebSite","@id":"https:\/\/www.imaq.fr\/blog\/#website","url":"https:\/\/www.imaq.fr\/blog\/","name":"Biennale Culturelle Ma\u00e7onnique de Bordeaux","description":"IMAQ","publisher":{"@id":"https:\/\/www.imaq.fr\/blog\/#organization"},"potentialAction":[{"@type":"SearchAction","target":{"@type":"EntryPoint","urlTemplate":"https:\/\/www.imaq.fr\/blog\/?s={search_term_string}"},"query-input":{"@type":"PropertyValueSpecification","valueRequired":true,"valueName":"search_term_string"}}],"inLanguage":"fr-FR"},{"@type":"Organization","@id":"https:\/\/www.imaq.fr\/blog\/#organization","name":"Biennale Culturelle Ma\u00e7onnique de Bordeaux","url":"https:\/\/www.imaq.fr\/blog\/","logo":{"@type":"ImageObject","inLanguage":"fr-FR","@id":"https:\/\/www.imaq.fr\/blog\/#\/schema\/logo\/image\/","url":"https:\/\/www.imaq.fr\/blog\/wp-content\/uploads\/2014\/12\/logo-bcmc.jpg","contentUrl":"https:\/\/www.imaq.fr\/blog\/wp-content\/uploads\/2014\/12\/logo-bcmc.jpg","width":759,"height":784,"caption":"Biennale Culturelle Ma\u00e7onnique de Bordeaux"},"image":{"@id":"https:\/\/www.imaq.fr\/blog\/#\/schema\/logo\/image\/"},"sameAs":["https:\/\/www.facebook.com\/biennaleculturellemaconnique.bordeaux"]},{"@type":"Person","@id":"https:\/\/www.imaq.fr\/blog\/#\/schema\/person\/3df683af05c9d4e9401e01364d03a5fd","name":"BCMB","image":{"@type":"ImageObject","inLanguage":"fr-FR","@id":"https:\/\/secure.gravatar.com\/avatar\/d6fbbbb38de40bcc3a41d4467d090d3b92513d4eb33fc933729359bbce505880?s=96&d=identicon&r=g","url":"https:\/\/secure.gravatar.com\/avatar\/d6fbbbb38de40bcc3a41d4467d090d3b92513d4eb33fc933729359bbce505880?s=96&d=identicon&r=g","contentUrl":"https:\/\/secure.gravatar.com\/avatar\/d6fbbbb38de40bcc3a41d4467d090d3b92513d4eb33fc933729359bbce505880?s=96&d=identicon&r=g","caption":"BCMB"},"sameAs":["https:\/\/www.imaq.fr"],"url":"https:\/\/www.imaq.fr\/blog\/author\/pomirol\/"}]}},"_links":{"self":[{"href":"https:\/\/www.imaq.fr\/blog\/wp-json\/wp\/v2\/posts\/759","targetHints":{"allow":["GET"]}}],"collection":[{"href":"https:\/\/www.imaq.fr\/blog\/wp-json\/wp\/v2\/posts"}],"about":[{"href":"https:\/\/www.imaq.fr\/blog\/wp-json\/wp\/v2\/types\/post"}],"author":[{"embeddable":true,"href":"https:\/\/www.imaq.fr\/blog\/wp-json\/wp\/v2\/users\/2"}],"replies":[{"embeddable":true,"href":"https:\/\/www.imaq.fr\/blog\/wp-json\/wp\/v2\/comments?post=759"}],"version-history":[{"count":0,"href":"https:\/\/www.imaq.fr\/blog\/wp-json\/wp\/v2\/posts\/759\/revisions"}],"wp:attachment":[{"href":"https:\/\/www.imaq.fr\/blog\/wp-json\/wp\/v2\/media?parent=759"}],"wp:term":[{"taxonomy":"category","embeddable":true,"href":"https:\/\/www.imaq.fr\/blog\/wp-json\/wp\/v2\/categories?post=759"},{"taxonomy":"post_tag","embeddable":true,"href":"https:\/\/www.imaq.fr\/blog\/wp-json\/wp\/v2\/tags?post=759"}],"curies":[{"name":"wp","href":"https:\/\/api.w.org\/{rel}","templated":true}]}}