{"id":778,"date":"2017-02-28T12:33:46","date_gmt":"2017-02-28T12:33:46","guid":{"rendered":"https:\/\/www.imaq.fr\/blog\/?p=778"},"modified":"2017-02-28T17:18:20","modified_gmt":"2017-02-28T17:18:20","slug":"la-franc-maconnerie-anachronisme-ou-vision-davenir","status":"publish","type":"post","link":"https:\/\/www.imaq.fr\/blog\/2017\/02\/la-franc-maconnerie-anachronisme-ou-vision-davenir\/","title":{"rendered":"La franc-ma\u00e7onnerie, anachronisme ou vision d\u2019avenir ?"},"content":{"rendered":"<p>Anim\u00e9e par Alain Ribet, journaliste,\u00a0la soir\u00e9e du 16 mai 2016 a permis aux repr\u00e9sentants des ob\u00e9diences de s&rsquo;exprimer sur le th\u00e8me de cette conf\u00e9rence.<\/p>\n<p>Ouverture par Jean-Pierre D\u00c9LAS, Pr\u00e9sident de la Biennale, et Alain RIBET, journaliste :<\/p>\n<audio class=\"wp-audio-shortcode\" id=\"audio-778-1\" preload=\"none\" style=\"width: 100%;\" controls=\"controls\"><source type=\"audio\/mpeg\" src=\"https:\/\/www.imaq.fr\/blog\/wp-content\/uploads\/2017\/02\/anachronisme-ou-vision-d-avenir-intro-jpdelas.mp3?_=1\" \/><a href=\"https:\/\/www.imaq.fr\/blog\/wp-content\/uploads\/2017\/02\/anachronisme-ou-vision-d-avenir-intro-jpdelas.mp3\">https:\/\/www.imaq.fr\/blog\/wp-content\/uploads\/2017\/02\/anachronisme-ou-vision-d-avenir-intro-jpdelas.mp3<\/a><\/audio>\n<audio class=\"wp-audio-shortcode\" id=\"audio-778-2\" preload=\"none\" style=\"width: 100%;\" controls=\"controls\"><source type=\"audio\/mpeg\" src=\"https:\/\/www.imaq.fr\/blog\/wp-content\/uploads\/2017\/02\/anachronisme-ou-vision-d-avenir-intro-aribet.mp3?_=2\" \/><a href=\"https:\/\/www.imaq.fr\/blog\/wp-content\/uploads\/2017\/02\/anachronisme-ou-vision-d-avenir-intro-aribet.mp3\">https:\/\/www.imaq.fr\/blog\/wp-content\/uploads\/2017\/02\/anachronisme-ou-vision-d-avenir-intro-aribet.mp3<\/a><\/audio>\n<h3>Les\u00a0interventions<\/h3>\n<ul>\n<li>Marta CAPDEVILLE, Grande Ma\u00eetresse Adjointe de la <a title=\"La Grande Loge Mixte Universelle\" href=\"https:\/\/www.imaq.fr\/blog\/2014\/04\/la-grande-loge-mixte-universelle\/\" target=\"_blank\">GLMU<\/a><audio class=\"wp-audio-shortcode\" id=\"audio-778-3\" preload=\"none\" style=\"width: 100%;\" controls=\"controls\"><source type=\"audio\/mpeg\" src=\"https:\/\/www.imaq.fr\/blog\/wp-content\/uploads\/2017\/02\/anachronisme-ou-vision-d-avenir-glmu-capdeville.mp3?_=3\" \/><a href=\"https:\/\/www.imaq.fr\/blog\/wp-content\/uploads\/2017\/02\/anachronisme-ou-vision-d-avenir-glmu-capdeville.mp3\">https:\/\/www.imaq.fr\/blog\/wp-content\/uploads\/2017\/02\/anachronisme-ou-vision-d-avenir-glmu-capdeville.mp3<\/a><\/audio><\/li>\n<li>Ren\u00e9 DOUX, Grand-Ma\u00eetre de la <a href=\"https:\/\/www.imaq.fr\/blog\/2014\/04\/la-grande-loge-traditionnelle-et-symbolique-opera\/\">GLTSO<\/a><audio class=\"wp-audio-shortcode\" id=\"audio-778-4\" preload=\"none\" style=\"width: 100%;\" controls=\"controls\"><source type=\"audio\/mpeg\" src=\"https:\/\/www.imaq.fr\/blog\/wp-content\/uploads\/2017\/02\/anachronisme-ou-vision-d-avenir-gltso-doux.mp3?_=4\" \/><a href=\"https:\/\/www.imaq.fr\/blog\/wp-content\/uploads\/2017\/02\/anachronisme-ou-vision-d-avenir-gltso-doux.mp3\">https:\/\/www.imaq.fr\/blog\/wp-content\/uploads\/2017\/02\/anachronisme-ou-vision-d-avenir-gltso-doux.mp3<\/a><\/audio><\/li>\n<li>Jean-Michel F\u00c9D\u00c8LE, 2\u00e8me Grand Ma\u00eetre Adjoint de la\u00a0<a href=\"https:\/\/www.imaq.fr\/blog\/2016\/03\/gldf\/\">GLDF<\/a><audio class=\"wp-audio-shortcode\" id=\"audio-778-5\" preload=\"none\" style=\"width: 100%;\" controls=\"controls\"><source type=\"audio\/mpeg\" src=\"https:\/\/www.imaq.fr\/blog\/wp-content\/uploads\/2017\/02\/anachronisme-ou-vision-d-avenir-gldf-fedele.mp3?_=5\" \/><a href=\"https:\/\/www.imaq.fr\/blog\/wp-content\/uploads\/2017\/02\/anachronisme-ou-vision-d-avenir-gldf-fedele.mp3\">https:\/\/www.imaq.fr\/blog\/wp-content\/uploads\/2017\/02\/anachronisme-ou-vision-d-avenir-gldf-fedele.mp3<\/a><\/audio><\/li>\n<li>\u00c9lizabeth GU\u00c9MEN\u00c9, 1\u00e8re vice-pr\u00e9sident du Conseil national de la <a href=\"https:\/\/www.imaq.fr\/blog\/2016\/03\/le-droit-humain\/\">F\u00e9d\u00e9ration fran\u00e7aise du Droit Humain<\/a><audio class=\"wp-audio-shortcode\" id=\"audio-778-6\" preload=\"none\" style=\"width: 100%;\" controls=\"controls\"><source type=\"audio\/mpeg\" src=\"https:\/\/www.imaq.fr\/blog\/wp-content\/uploads\/2017\/02\/anachronisme-ou-vision-d-avenir-dh-guemene.mp3?_=6\" \/><a href=\"https:\/\/www.imaq.fr\/blog\/wp-content\/uploads\/2017\/02\/anachronisme-ou-vision-d-avenir-dh-guemene.mp3\">https:\/\/www.imaq.fr\/blog\/wp-content\/uploads\/2017\/02\/anachronisme-ou-vision-d-avenir-dh-guemene.mp3<\/a><\/audio><\/li>\n<li>Christophe HABAS, 1er Grand Ma\u00eetre Adjoint du\u00a0<a href=\"https:\/\/www.imaq.fr\/blog\/2016\/03\/le-grand-orient-de-france\/\">GODF<\/a><audio class=\"wp-audio-shortcode\" id=\"audio-778-7\" preload=\"none\" style=\"width: 100%;\" controls=\"controls\"><source type=\"audio\/mpeg\" src=\"https:\/\/www.imaq.fr\/blog\/wp-content\/uploads\/2017\/02\/anachronisme-ou-vision-d-avenir-godf-habas.mp3?_=7\" \/><a href=\"https:\/\/www.imaq.fr\/blog\/wp-content\/uploads\/2017\/02\/anachronisme-ou-vision-d-avenir-godf-habas.mp3\">https:\/\/www.imaq.fr\/blog\/wp-content\/uploads\/2017\/02\/anachronisme-ou-vision-d-avenir-godf-habas.mp3<\/a><\/audio><\/li>\n<li>\u00c9douard HABRANT, Grand-Ma\u00eetre de la <a href=\"https:\/\/www.imaq.fr\/blog\/2014\/04\/la-grande-loge-mixte-de-france\/\">GLMF<\/a><audio class=\"wp-audio-shortcode\" id=\"audio-778-8\" preload=\"none\" style=\"width: 100%;\" controls=\"controls\"><source type=\"audio\/mpeg\" src=\"https:\/\/www.imaq.fr\/blog\/wp-content\/uploads\/2017\/02\/anachronisme-ou-vision-d-avenir-glmf-habrant.mp3?_=8\" \/><a href=\"https:\/\/www.imaq.fr\/blog\/wp-content\/uploads\/2017\/02\/anachronisme-ou-vision-d-avenir-glmf-habrant.mp3\">https:\/\/www.imaq.fr\/blog\/wp-content\/uploads\/2017\/02\/anachronisme-ou-vision-d-avenir-glmf-habrant.mp3<\/a><\/audio><\/li>\n<li>Martine LEIMBACH, Vice-pr\u00e9sidente\u00a0de la\u00a0<a href=\"https:\/\/www.imaq.fr\/blog\/2014\/04\/la-grande-loge-feminine-de-france\/\">GLFF<\/a><audio class=\"wp-audio-shortcode\" id=\"audio-778-9\" preload=\"none\" style=\"width: 100%;\" controls=\"controls\"><source type=\"audio\/mpeg\" src=\"https:\/\/www.imaq.fr\/blog\/wp-content\/uploads\/2017\/02\/anachronisme-ou-vision-d-avenir-glff-leimbach.mp3?_=9\" \/><a href=\"https:\/\/www.imaq.fr\/blog\/wp-content\/uploads\/2017\/02\/anachronisme-ou-vision-d-avenir-glff-leimbach.mp3\">https:\/\/www.imaq.fr\/blog\/wp-content\/uploads\/2017\/02\/anachronisme-ou-vision-d-avenir-glff-leimbach.mp3<\/a><\/audio><\/li>\n<li>Didier OZIL, Grand-Ma\u00eetre G\u00e9n\u00e9ral de <a href=\"https:\/\/www.imaq.fr\/blog\/2014\/04\/lordre-initiatique-et-traditionnel-de-lart-royal\/\">OITAR<\/a><audio class=\"wp-audio-shortcode\" id=\"audio-778-10\" preload=\"none\" style=\"width: 100%;\" controls=\"controls\"><source type=\"audio\/mpeg\" src=\"https:\/\/www.imaq.fr\/blog\/wp-content\/uploads\/2017\/02\/anachronisme-ou-vision-d-avenir-oitar-ozil.mp3?_=10\" \/><a href=\"https:\/\/www.imaq.fr\/blog\/wp-content\/uploads\/2017\/02\/anachronisme-ou-vision-d-avenir-oitar-ozil.mp3\">https:\/\/www.imaq.fr\/blog\/wp-content\/uploads\/2017\/02\/anachronisme-ou-vision-d-avenir-oitar-ozil.mp3<\/a><\/audio><\/li>\n<li>Dominique PALFROY, Grand Ma\u00eetre de la <a href=\"https:\/\/www.imaq.fr\/blog\/2014\/04\/la-grande-loge-feminine-de-memphis-misraim\/\">GLFMM<\/a><audio class=\"wp-audio-shortcode\" id=\"audio-778-11\" preload=\"none\" style=\"width: 100%;\" controls=\"controls\"><source type=\"audio\/mpeg\" src=\"https:\/\/www.imaq.fr\/blog\/wp-content\/uploads\/2017\/02\/anachronisme-ou-vision-d-avenir-glfmm-palfroy.mp3?_=11\" \/><a href=\"https:\/\/www.imaq.fr\/blog\/wp-content\/uploads\/2017\/02\/anachronisme-ou-vision-d-avenir-glfmm-palfroy.mp3\">https:\/\/www.imaq.fr\/blog\/wp-content\/uploads\/2017\/02\/anachronisme-ou-vision-d-avenir-glfmm-palfroy.mp3<\/a><\/audio><\/li>\n<\/ul>\n<p>Tour de table au sujet de l&rsquo;\u00e2ge\u00a0moyen des membres qui semble \u00e9lev\u00e9<\/p>\n<p><em>Dans l&rsquo;ordre, Dominique Palfroy, Ren\u00e9 Doux, Didier Ozil, Christophe Habas, Jean-Michel F\u00e9d\u00e8le et\u00a0\u00c9douard Habrant\u00a0<\/em><\/p>\n<audio class=\"wp-audio-shortcode\" id=\"audio-778-12\" preload=\"none\" style=\"width: 100%;\" controls=\"controls\"><source type=\"audio\/mpeg\" src=\"https:\/\/www.imaq.fr\/blog\/wp-content\/uploads\/2017\/02\/anachronisme-ou-vision-d-avenir-age-des-ff.mp3?_=12\" \/><a href=\"https:\/\/www.imaq.fr\/blog\/wp-content\/uploads\/2017\/02\/anachronisme-ou-vision-d-avenir-age-des-ff.mp3\">https:\/\/www.imaq.fr\/blog\/wp-content\/uploads\/2017\/02\/anachronisme-ou-vision-d-avenir-age-des-ff.mp3<\/a><\/audio>\n<h3>Les questions de la salle<\/h3>\n<ul>\n<li>Au sujet du secret ma\u00e7onnique.<br \/>\n<audio class=\"wp-audio-shortcode\" id=\"audio-778-13\" preload=\"none\" style=\"width: 100%;\" controls=\"controls\"><source type=\"audio\/mpeg\" src=\"https:\/\/www.imaq.fr\/blog\/wp-content\/uploads\/2017\/02\/anachronisme-ou-vision-d-avenir-secret.mp3?_=13\" \/><a href=\"https:\/\/www.imaq.fr\/blog\/wp-content\/uploads\/2017\/02\/anachronisme-ou-vision-d-avenir-secret.mp3\">https:\/\/www.imaq.fr\/blog\/wp-content\/uploads\/2017\/02\/anachronisme-ou-vision-d-avenir-secret.mp3<\/a><\/audio><\/li>\n<li>Si on consid\u00e8re que la franc-ma\u00e7onnerie\u00a0est une utopie en mouvement, est-ce que ce mouvement a de l&rsquo;avenir ?<br \/>\n<audio class=\"wp-audio-shortcode\" id=\"audio-778-14\" preload=\"none\" style=\"width: 100%;\" controls=\"controls\"><source type=\"audio\/mpeg\" src=\"https:\/\/www.imaq.fr\/blog\/wp-content\/uploads\/2017\/02\/anachronisme-ou-vision-d-avenir-utopie-en-mouvement.mp3?_=14\" \/><a href=\"https:\/\/www.imaq.fr\/blog\/wp-content\/uploads\/2017\/02\/anachronisme-ou-vision-d-avenir-utopie-en-mouvement.mp3\">https:\/\/www.imaq.fr\/blog\/wp-content\/uploads\/2017\/02\/anachronisme-ou-vision-d-avenir-utopie-en-mouvement.mp3<\/a><\/audio><\/li>\n<li>Comment les questions \u00e0 l&rsquo;\u00e9tude des loges sont-elles prises en compte dans la construction d&rsquo;une vision d&rsquo;avenir ?<br \/>\n<audio class=\"wp-audio-shortcode\" id=\"audio-778-15\" preload=\"none\" style=\"width: 100%;\" controls=\"controls\"><source type=\"audio\/mpeg\" src=\"https:\/\/www.imaq.fr\/blog\/wp-content\/uploads\/2017\/02\/anachronisme-ou-vision-d-avenir-travaux-des-loges.mp3?_=15\" \/><a href=\"https:\/\/www.imaq.fr\/blog\/wp-content\/uploads\/2017\/02\/anachronisme-ou-vision-d-avenir-travaux-des-loges.mp3\">https:\/\/www.imaq.fr\/blog\/wp-content\/uploads\/2017\/02\/anachronisme-ou-vision-d-avenir-travaux-des-loges.mp3<\/a><\/audio><\/li>\n<li>La franc-ma\u00e7onnerie est-elle moins \u00e9cout\u00e9e ou formalise-t-elle des propositions moins pertinentes et moins novatrices ?<br \/>\n<audio class=\"wp-audio-shortcode\" id=\"audio-778-16\" preload=\"none\" style=\"width: 100%;\" controls=\"controls\"><source type=\"audio\/mpeg\" src=\"https:\/\/www.imaq.fr\/blog\/wp-content\/uploads\/2017\/02\/anachronisme-ou-vision-d-avenir-pertinence-et-innovation.mp3?_=16\" \/><a href=\"https:\/\/www.imaq.fr\/blog\/wp-content\/uploads\/2017\/02\/anachronisme-ou-vision-d-avenir-pertinence-et-innovation.mp3\">https:\/\/www.imaq.fr\/blog\/wp-content\/uploads\/2017\/02\/anachronisme-ou-vision-d-avenir-pertinence-et-innovation.mp3<\/a><\/audio><\/li>\n<li>Ne peut-on pas avoir\u00a0une vision d&rsquo;avenir plus op\u00e9rative\u00a0?<br \/>\n<audio class=\"wp-audio-shortcode\" id=\"audio-778-17\" preload=\"none\" style=\"width: 100%;\" controls=\"controls\"><source type=\"audio\/mpeg\" src=\"https:\/\/www.imaq.fr\/blog\/wp-content\/uploads\/2017\/02\/anachronisme-ou-vision-d-avenir-vision-plus-operative.mp3?_=17\" \/><a href=\"https:\/\/www.imaq.fr\/blog\/wp-content\/uploads\/2017\/02\/anachronisme-ou-vision-d-avenir-vision-plus-operative.mp3\">https:\/\/www.imaq.fr\/blog\/wp-content\/uploads\/2017\/02\/anachronisme-ou-vision-d-avenir-vision-plus-operative.mp3<\/a><\/audio><\/li>\n<li>La franc-ma\u00e7onnerie veut-elle peser sur l&rsquo;\u00e9volution de la soci\u00e9t\u00e9 en \u00e9tant \u00e0 l&rsquo;avant-garde de la r\u00e9flexion ou propose-t-elle de se mettre \u00e0 l&rsquo;\u00e9cart devant la vitesse des mutations ?<br \/>\n<audio class=\"wp-audio-shortcode\" id=\"audio-778-18\" preload=\"none\" style=\"width: 100%;\" controls=\"controls\"><source type=\"audio\/mpeg\" src=\"https:\/\/www.imaq.fr\/blog\/wp-content\/uploads\/2017\/02\/anachronisme-ou-vision-d-avenir-peser-ou-se-mettre-a-l-ecart.mp3?_=18\" \/><a href=\"https:\/\/www.imaq.fr\/blog\/wp-content\/uploads\/2017\/02\/anachronisme-ou-vision-d-avenir-peser-ou-se-mettre-a-l-ecart.mp3\">https:\/\/www.imaq.fr\/blog\/wp-content\/uploads\/2017\/02\/anachronisme-ou-vision-d-avenir-peser-ou-se-mettre-a-l-ecart.mp3<\/a><\/audio><\/li>\n<\/ul>\n<p>&nbsp;<\/p>\n","protected":false},"excerpt":{"rendered":"<p>Anim\u00e9e par Alain Ribet, journaliste,\u00a0la soir\u00e9e du 16 mai 2016 a permis aux repr\u00e9sentants des ob\u00e9diences de s&rsquo;exprimer sur le th\u00e8me de cette conf\u00e9rence. Ouverture par Jean-Pierre D\u00c9LAS, Pr\u00e9sident de la Biennale, et Alain RIBET, journaliste : Les\u00a0interventions Marta CAPDEVILLE, Grande Ma\u00eetresse Adjointe de la GLMU Ren\u00e9 DOUX, Grand-Ma\u00eetre de la GLTSO Jean-Michel F\u00c9D\u00c8LE, 2\u00e8me [&hellip;]<\/p>\n","protected":false},"author":2,"featured_media":0,"comment_status":"closed","ping_status":"open","sticky":false,"template":"","format":"standard","meta":{"_editorskit_title_hidden":false,"_editorskit_reading_time":0,"_editorskit_is_block_options_detached":false,"_editorskit_block_options_position":"{}","footnotes":""},"categories":[23,27],"tags":[],"class_list":["post-778","post","type-post","status-publish","format-standard","hentry","category-biennale-2016","category-conference-2016"],"yoast_head":"<!-- This site is optimized with the Yoast SEO plugin v27.5 - https:\/\/yoast.com\/product\/yoast-seo-wordpress\/ -->\n<title>La franc-ma\u00e7onnerie, anachronisme ou vision d\u2019avenir ? - Biennale Culturelle Ma\u00e7onnique de Bordeaux<\/title>\n<meta name=\"robots\" content=\"index, follow, max-snippet:-1, max-image-preview:large, max-video-preview:-1\" \/>\n<link rel=\"canonical\" href=\"https:\/\/www.imaq.fr\/blog\/2017\/02\/la-franc-maconnerie-anachronisme-ou-vision-davenir\/\" \/>\n<meta property=\"og:locale\" content=\"fr_FR\" \/>\n<meta property=\"og:type\" content=\"article\" \/>\n<meta property=\"og:title\" content=\"La franc-ma\u00e7onnerie, anachronisme ou vision d\u2019avenir ? - Biennale Culturelle Ma\u00e7onnique de Bordeaux\" \/>\n<meta property=\"og:description\" content=\"Anim\u00e9e par Alain Ribet, journaliste,\u00a0la soir\u00e9e du 16 mai 2016 a permis aux repr\u00e9sentants des ob\u00e9diences de s&rsquo;exprimer sur le th\u00e8me de cette conf\u00e9rence. Ouverture par Jean-Pierre D\u00c9LAS, Pr\u00e9sident de la Biennale, et Alain RIBET, journaliste : Les\u00a0interventions Marta CAPDEVILLE, Grande Ma\u00eetresse Adjointe de la GLMU Ren\u00e9 DOUX, Grand-Ma\u00eetre de la GLTSO Jean-Michel F\u00c9D\u00c8LE, 2\u00e8me [&hellip;]\" \/>\n<meta property=\"og:url\" content=\"https:\/\/www.imaq.fr\/blog\/2017\/02\/la-franc-maconnerie-anachronisme-ou-vision-davenir\/\" \/>\n<meta property=\"og:site_name\" content=\"Biennale Culturelle Ma\u00e7onnique de Bordeaux\" \/>\n<meta property=\"article:publisher\" content=\"https:\/\/www.facebook.com\/biennaleculturellemaconnique.bordeaux\" \/>\n<meta property=\"article:published_time\" content=\"2017-02-28T12:33:46+00:00\" \/>\n<meta property=\"article:modified_time\" content=\"2017-02-28T17:18:20+00:00\" \/>\n<meta name=\"author\" content=\"BCMB\" \/>\n<meta name=\"twitter:card\" content=\"summary_large_image\" \/>\n<meta name=\"twitter:label1\" content=\"\u00c9crit par\" \/>\n\t<meta name=\"twitter:data1\" content=\"BCMB\" \/>\n\t<meta name=\"twitter:label2\" content=\"Dur\u00e9e de lecture estim\u00e9e\" \/>\n\t<meta name=\"twitter:data2\" content=\"2 minutes\" \/>\n<script type=\"application\/ld+json\" class=\"yoast-schema-graph\">{\"@context\":\"https:\\\/\\\/schema.org\",\"@graph\":[{\"@type\":\"Article\",\"@id\":\"https:\\\/\\\/www.imaq.fr\\\/blog\\\/2017\\\/02\\\/la-franc-maconnerie-anachronisme-ou-vision-davenir\\\/#article\",\"isPartOf\":{\"@id\":\"https:\\\/\\\/www.imaq.fr\\\/blog\\\/2017\\\/02\\\/la-franc-maconnerie-anachronisme-ou-vision-davenir\\\/\"},\"author\":{\"name\":\"BCMB\",\"@id\":\"https:\\\/\\\/www.imaq.fr\\\/blog\\\/#\\\/schema\\\/person\\\/3df683af05c9d4e9401e01364d03a5fd\"},\"headline\":\"La franc-ma\u00e7onnerie, anachronisme ou vision d\u2019avenir ?\",\"datePublished\":\"2017-02-28T12:33:46+00:00\",\"dateModified\":\"2017-02-28T17:18:20+00:00\",\"mainEntityOfPage\":{\"@id\":\"https:\\\/\\\/www.imaq.fr\\\/blog\\\/2017\\\/02\\\/la-franc-maconnerie-anachronisme-ou-vision-davenir\\\/\"},\"wordCount\":500,\"publisher\":{\"@id\":\"https:\\\/\\\/www.imaq.fr\\\/blog\\\/#organization\"},\"articleSection\":[\"Biennale 2016\",\"Conf\u00e9rence 2016\"],\"inLanguage\":\"fr-FR\"},{\"@type\":\"WebPage\",\"@id\":\"https:\\\/\\\/www.imaq.fr\\\/blog\\\/2017\\\/02\\\/la-franc-maconnerie-anachronisme-ou-vision-davenir\\\/\",\"url\":\"https:\\\/\\\/www.imaq.fr\\\/blog\\\/2017\\\/02\\\/la-franc-maconnerie-anachronisme-ou-vision-davenir\\\/\",\"name\":\"La franc-ma\u00e7onnerie, anachronisme ou vision d\u2019avenir ? - Biennale Culturelle Ma\u00e7onnique de Bordeaux\",\"isPartOf\":{\"@id\":\"https:\\\/\\\/www.imaq.fr\\\/blog\\\/#website\"},\"datePublished\":\"2017-02-28T12:33:46+00:00\",\"dateModified\":\"2017-02-28T17:18:20+00:00\",\"breadcrumb\":{\"@id\":\"https:\\\/\\\/www.imaq.fr\\\/blog\\\/2017\\\/02\\\/la-franc-maconnerie-anachronisme-ou-vision-davenir\\\/#breadcrumb\"},\"inLanguage\":\"fr-FR\",\"potentialAction\":[{\"@type\":\"ReadAction\",\"target\":[\"https:\\\/\\\/www.imaq.fr\\\/blog\\\/2017\\\/02\\\/la-franc-maconnerie-anachronisme-ou-vision-davenir\\\/\"]}]},{\"@type\":\"BreadcrumbList\",\"@id\":\"https:\\\/\\\/www.imaq.fr\\\/blog\\\/2017\\\/02\\\/la-franc-maconnerie-anachronisme-ou-vision-davenir\\\/#breadcrumb\",\"itemListElement\":[{\"@type\":\"ListItem\",\"position\":1,\"name\":\"Accueil\",\"item\":\"https:\\\/\\\/www.imaq.fr\\\/blog\\\/\"},{\"@type\":\"ListItem\",\"position\":2,\"name\":\"La franc-ma\u00e7onnerie, anachronisme ou vision d\u2019avenir ?\"}]},{\"@type\":\"WebSite\",\"@id\":\"https:\\\/\\\/www.imaq.fr\\\/blog\\\/#website\",\"url\":\"https:\\\/\\\/www.imaq.fr\\\/blog\\\/\",\"name\":\"Biennale Culturelle Ma\u00e7onnique de Bordeaux\",\"description\":\"IMAQ\",\"publisher\":{\"@id\":\"https:\\\/\\\/www.imaq.fr\\\/blog\\\/#organization\"},\"potentialAction\":[{\"@type\":\"SearchAction\",\"target\":{\"@type\":\"EntryPoint\",\"urlTemplate\":\"https:\\\/\\\/www.imaq.fr\\\/blog\\\/?s={search_term_string}\"},\"query-input\":{\"@type\":\"PropertyValueSpecification\",\"valueRequired\":true,\"valueName\":\"search_term_string\"}}],\"inLanguage\":\"fr-FR\"},{\"@type\":\"Organization\",\"@id\":\"https:\\\/\\\/www.imaq.fr\\\/blog\\\/#organization\",\"name\":\"Biennale Culturelle Ma\u00e7onnique de Bordeaux\",\"url\":\"https:\\\/\\\/www.imaq.fr\\\/blog\\\/\",\"logo\":{\"@type\":\"ImageObject\",\"inLanguage\":\"fr-FR\",\"@id\":\"https:\\\/\\\/www.imaq.fr\\\/blog\\\/#\\\/schema\\\/logo\\\/image\\\/\",\"url\":\"https:\\\/\\\/www.imaq.fr\\\/blog\\\/wp-content\\\/uploads\\\/2014\\\/12\\\/logo-bcmc.jpg\",\"contentUrl\":\"https:\\\/\\\/www.imaq.fr\\\/blog\\\/wp-content\\\/uploads\\\/2014\\\/12\\\/logo-bcmc.jpg\",\"width\":759,\"height\":784,\"caption\":\"Biennale Culturelle Ma\u00e7onnique de Bordeaux\"},\"image\":{\"@id\":\"https:\\\/\\\/www.imaq.fr\\\/blog\\\/#\\\/schema\\\/logo\\\/image\\\/\"},\"sameAs\":[\"https:\\\/\\\/www.facebook.com\\\/biennaleculturellemaconnique.bordeaux\"]},{\"@type\":\"Person\",\"@id\":\"https:\\\/\\\/www.imaq.fr\\\/blog\\\/#\\\/schema\\\/person\\\/3df683af05c9d4e9401e01364d03a5fd\",\"name\":\"BCMB\",\"image\":{\"@type\":\"ImageObject\",\"inLanguage\":\"fr-FR\",\"@id\":\"https:\\\/\\\/secure.gravatar.com\\\/avatar\\\/d6fbbbb38de40bcc3a41d4467d090d3b92513d4eb33fc933729359bbce505880?s=96&d=identicon&r=g\",\"url\":\"https:\\\/\\\/secure.gravatar.com\\\/avatar\\\/d6fbbbb38de40bcc3a41d4467d090d3b92513d4eb33fc933729359bbce505880?s=96&d=identicon&r=g\",\"contentUrl\":\"https:\\\/\\\/secure.gravatar.com\\\/avatar\\\/d6fbbbb38de40bcc3a41d4467d090d3b92513d4eb33fc933729359bbce505880?s=96&d=identicon&r=g\",\"caption\":\"BCMB\"},\"sameAs\":[\"https:\\\/\\\/www.imaq.fr\"],\"url\":\"https:\\\/\\\/www.imaq.fr\\\/blog\\\/author\\\/pomirol\\\/\"}]}<\/script>\n<!-- \/ Yoast SEO plugin. -->","yoast_head_json":{"title":"La franc-ma\u00e7onnerie, anachronisme ou vision d\u2019avenir ? - Biennale Culturelle Ma\u00e7onnique de Bordeaux","robots":{"index":"index","follow":"follow","max-snippet":"max-snippet:-1","max-image-preview":"max-image-preview:large","max-video-preview":"max-video-preview:-1"},"canonical":"https:\/\/www.imaq.fr\/blog\/2017\/02\/la-franc-maconnerie-anachronisme-ou-vision-davenir\/","og_locale":"fr_FR","og_type":"article","og_title":"La franc-ma\u00e7onnerie, anachronisme ou vision d\u2019avenir ? - Biennale Culturelle Ma\u00e7onnique de Bordeaux","og_description":"Anim\u00e9e par Alain Ribet, journaliste,\u00a0la soir\u00e9e du 16 mai 2016 a permis aux repr\u00e9sentants des ob\u00e9diences de s&rsquo;exprimer sur le th\u00e8me de cette conf\u00e9rence. Ouverture par Jean-Pierre D\u00c9LAS, Pr\u00e9sident de la Biennale, et Alain RIBET, journaliste : Les\u00a0interventions Marta CAPDEVILLE, Grande Ma\u00eetresse Adjointe de la GLMU Ren\u00e9 DOUX, Grand-Ma\u00eetre de la GLTSO Jean-Michel F\u00c9D\u00c8LE, 2\u00e8me [&hellip;]","og_url":"https:\/\/www.imaq.fr\/blog\/2017\/02\/la-franc-maconnerie-anachronisme-ou-vision-davenir\/","og_site_name":"Biennale Culturelle Ma\u00e7onnique de Bordeaux","article_publisher":"https:\/\/www.facebook.com\/biennaleculturellemaconnique.bordeaux","article_published_time":"2017-02-28T12:33:46+00:00","article_modified_time":"2017-02-28T17:18:20+00:00","author":"BCMB","twitter_card":"summary_large_image","twitter_misc":{"\u00c9crit par":"BCMB","Dur\u00e9e de lecture estim\u00e9e":"2 minutes"},"schema":{"@context":"https:\/\/schema.org","@graph":[{"@type":"Article","@id":"https:\/\/www.imaq.fr\/blog\/2017\/02\/la-franc-maconnerie-anachronisme-ou-vision-davenir\/#article","isPartOf":{"@id":"https:\/\/www.imaq.fr\/blog\/2017\/02\/la-franc-maconnerie-anachronisme-ou-vision-davenir\/"},"author":{"name":"BCMB","@id":"https:\/\/www.imaq.fr\/blog\/#\/schema\/person\/3df683af05c9d4e9401e01364d03a5fd"},"headline":"La franc-ma\u00e7onnerie, anachronisme ou vision d\u2019avenir ?","datePublished":"2017-02-28T12:33:46+00:00","dateModified":"2017-02-28T17:18:20+00:00","mainEntityOfPage":{"@id":"https:\/\/www.imaq.fr\/blog\/2017\/02\/la-franc-maconnerie-anachronisme-ou-vision-davenir\/"},"wordCount":500,"publisher":{"@id":"https:\/\/www.imaq.fr\/blog\/#organization"},"articleSection":["Biennale 2016","Conf\u00e9rence 2016"],"inLanguage":"fr-FR"},{"@type":"WebPage","@id":"https:\/\/www.imaq.fr\/blog\/2017\/02\/la-franc-maconnerie-anachronisme-ou-vision-davenir\/","url":"https:\/\/www.imaq.fr\/blog\/2017\/02\/la-franc-maconnerie-anachronisme-ou-vision-davenir\/","name":"La franc-ma\u00e7onnerie, anachronisme ou vision d\u2019avenir ? - Biennale Culturelle Ma\u00e7onnique de Bordeaux","isPartOf":{"@id":"https:\/\/www.imaq.fr\/blog\/#website"},"datePublished":"2017-02-28T12:33:46+00:00","dateModified":"2017-02-28T17:18:20+00:00","breadcrumb":{"@id":"https:\/\/www.imaq.fr\/blog\/2017\/02\/la-franc-maconnerie-anachronisme-ou-vision-davenir\/#breadcrumb"},"inLanguage":"fr-FR","potentialAction":[{"@type":"ReadAction","target":["https:\/\/www.imaq.fr\/blog\/2017\/02\/la-franc-maconnerie-anachronisme-ou-vision-davenir\/"]}]},{"@type":"BreadcrumbList","@id":"https:\/\/www.imaq.fr\/blog\/2017\/02\/la-franc-maconnerie-anachronisme-ou-vision-davenir\/#breadcrumb","itemListElement":[{"@type":"ListItem","position":1,"name":"Accueil","item":"https:\/\/www.imaq.fr\/blog\/"},{"@type":"ListItem","position":2,"name":"La franc-ma\u00e7onnerie, anachronisme ou vision d\u2019avenir ?"}]},{"@type":"WebSite","@id":"https:\/\/www.imaq.fr\/blog\/#website","url":"https:\/\/www.imaq.fr\/blog\/","name":"Biennale Culturelle Ma\u00e7onnique de Bordeaux","description":"IMAQ","publisher":{"@id":"https:\/\/www.imaq.fr\/blog\/#organization"},"potentialAction":[{"@type":"SearchAction","target":{"@type":"EntryPoint","urlTemplate":"https:\/\/www.imaq.fr\/blog\/?s={search_term_string}"},"query-input":{"@type":"PropertyValueSpecification","valueRequired":true,"valueName":"search_term_string"}}],"inLanguage":"fr-FR"},{"@type":"Organization","@id":"https:\/\/www.imaq.fr\/blog\/#organization","name":"Biennale Culturelle Ma\u00e7onnique de Bordeaux","url":"https:\/\/www.imaq.fr\/blog\/","logo":{"@type":"ImageObject","inLanguage":"fr-FR","@id":"https:\/\/www.imaq.fr\/blog\/#\/schema\/logo\/image\/","url":"https:\/\/www.imaq.fr\/blog\/wp-content\/uploads\/2014\/12\/logo-bcmc.jpg","contentUrl":"https:\/\/www.imaq.fr\/blog\/wp-content\/uploads\/2014\/12\/logo-bcmc.jpg","width":759,"height":784,"caption":"Biennale Culturelle Ma\u00e7onnique de Bordeaux"},"image":{"@id":"https:\/\/www.imaq.fr\/blog\/#\/schema\/logo\/image\/"},"sameAs":["https:\/\/www.facebook.com\/biennaleculturellemaconnique.bordeaux"]},{"@type":"Person","@id":"https:\/\/www.imaq.fr\/blog\/#\/schema\/person\/3df683af05c9d4e9401e01364d03a5fd","name":"BCMB","image":{"@type":"ImageObject","inLanguage":"fr-FR","@id":"https:\/\/secure.gravatar.com\/avatar\/d6fbbbb38de40bcc3a41d4467d090d3b92513d4eb33fc933729359bbce505880?s=96&d=identicon&r=g","url":"https:\/\/secure.gravatar.com\/avatar\/d6fbbbb38de40bcc3a41d4467d090d3b92513d4eb33fc933729359bbce505880?s=96&d=identicon&r=g","contentUrl":"https:\/\/secure.gravatar.com\/avatar\/d6fbbbb38de40bcc3a41d4467d090d3b92513d4eb33fc933729359bbce505880?s=96&d=identicon&r=g","caption":"BCMB"},"sameAs":["https:\/\/www.imaq.fr"],"url":"https:\/\/www.imaq.fr\/blog\/author\/pomirol\/"}]}},"_links":{"self":[{"href":"https:\/\/www.imaq.fr\/blog\/wp-json\/wp\/v2\/posts\/778","targetHints":{"allow":["GET"]}}],"collection":[{"href":"https:\/\/www.imaq.fr\/blog\/wp-json\/wp\/v2\/posts"}],"about":[{"href":"https:\/\/www.imaq.fr\/blog\/wp-json\/wp\/v2\/types\/post"}],"author":[{"embeddable":true,"href":"https:\/\/www.imaq.fr\/blog\/wp-json\/wp\/v2\/users\/2"}],"replies":[{"embeddable":true,"href":"https:\/\/www.imaq.fr\/blog\/wp-json\/wp\/v2\/comments?post=778"}],"version-history":[{"count":0,"href":"https:\/\/www.imaq.fr\/blog\/wp-json\/wp\/v2\/posts\/778\/revisions"}],"wp:attachment":[{"href":"https:\/\/www.imaq.fr\/blog\/wp-json\/wp\/v2\/media?parent=778"}],"wp:term":[{"taxonomy":"category","embeddable":true,"href":"https:\/\/www.imaq.fr\/blog\/wp-json\/wp\/v2\/categories?post=778"},{"taxonomy":"post_tag","embeddable":true,"href":"https:\/\/www.imaq.fr\/blog\/wp-json\/wp\/v2\/tags?post=778"}],"curies":[{"name":"wp","href":"https:\/\/api.w.org\/{rel}","templated":true}]}}