{"id":816,"date":"2017-03-01T18:00:38","date_gmt":"2017-03-01T18:00:38","guid":{"rendered":"https:\/\/www.imaq.fr\/blog\/?p=816"},"modified":"2017-03-01T20:29:53","modified_gmt":"2017-03-01T20:29:53","slug":"emergence-du-symbole","status":"publish","type":"post","link":"https:\/\/www.imaq.fr\/blog\/2017\/03\/emergence-du-symbole\/","title":{"rendered":"Conf\u00e9rence sur \u00ab l&rsquo;\u00e9mergence du symbole \u00bb"},"content":{"rendered":"<h1>\u00c9mergence du symbole<\/h1>\n<p><em>Conf\u00e9rence donn\u00e9e par <a title=\"Bruno MAUREILLE\" href=\"https:\/\/www.imaq.fr\/blog\/2016\/03\/bruno-maureille\/\">Bruno Maureille<\/a> le 17 mai 2016, lors de la 3\u00e8me Biennale Culturelle Ma\u00e7onnique de Bordeaux<\/em><\/p>\n<ul>\n<li>Pr\u00e9sentation du conf\u00e9rencier par Jean-Marie Daniel-Lamazi\u00e8res<audio class=\"wp-audio-shortcode\" id=\"audio-816-1\" preload=\"none\" style=\"width: 100%;\" controls=\"controls\"><source type=\"audio\/mpeg\" src=\"https:\/\/www.imaq.fr\/blog\/wp-content\/uploads\/2017\/03\/emergence-du-symbole-intro.mp3?_=1\" \/><a href=\"https:\/\/www.imaq.fr\/blog\/wp-content\/uploads\/2017\/03\/emergence-du-symbole-intro.mp3\">https:\/\/www.imaq.fr\/blog\/wp-content\/uploads\/2017\/03\/emergence-du-symbole-intro.mp3<\/a><\/audio><br \/>\n<em>Voir aussi l&rsquo;<a title=\"Entretien avec Bruno MAUREILLE\" href=\"https:\/\/www.imaq.fr\/blog\/2016\/05\/entretien-avec-bruno-maureille\/\">interview de Bruno Maureille<\/a>\u00a0en vid\u00e9o<\/em><\/li>\n<li>Enregistrement de la conf\u00e9rence<audio class=\"wp-audio-shortcode\" id=\"audio-816-2\" preload=\"none\" style=\"width: 100%;\" controls=\"controls\"><source type=\"audio\/mpeg\" src=\"https:\/\/www.imaq.fr\/blog\/wp-content\/uploads\/2017\/03\/emergence-du-symbole-bmaureille.mp3?_=2\" \/><a href=\"https:\/\/www.imaq.fr\/blog\/wp-content\/uploads\/2017\/03\/emergence-du-symbole-bmaureille.mp3\">https:\/\/www.imaq.fr\/blog\/wp-content\/uploads\/2017\/03\/emergence-du-symbole-bmaureille.mp3<\/a><\/audio>\n<p><em>Voir les <a href=\"#illustrations\">illustrations <\/a>et le <a href=\"#chronologie\">tableau chronologique<\/a> plus bas<\/em><\/li>\n<\/ul>\n<h3>Les questions de la salle<\/h3>\n<ul>\n<li>Comment discerner le symbole du pratique et de la parure ?<audio class=\"wp-audio-shortcode\" id=\"audio-816-3\" preload=\"none\" style=\"width: 100%;\" controls=\"controls\"><source type=\"audio\/mpeg\" src=\"https:\/\/www.imaq.fr\/blog\/wp-content\/uploads\/2017\/03\/emergence-du-symbole-question1.mp3?_=3\" \/><a href=\"https:\/\/www.imaq.fr\/blog\/wp-content\/uploads\/2017\/03\/emergence-du-symbole-question1.mp3\">https:\/\/www.imaq.fr\/blog\/wp-content\/uploads\/2017\/03\/emergence-du-symbole-question1.mp3<\/a><\/audio><\/li>\n<li>La palethnologie, science qui \u00e9tudie l&rsquo;homme de son origine \u00e0 l&rsquo;apparition de l&rsquo;\u00e9criture, au point de vue de ses m\u0153urs, de ses croyances, de ses comportements.<audio class=\"wp-audio-shortcode\" id=\"audio-816-4\" preload=\"none\" style=\"width: 100%;\" controls=\"controls\"><source type=\"audio\/mpeg\" src=\"https:\/\/www.imaq.fr\/blog\/wp-content\/uploads\/2017\/03\/emergence-du-symbole-question2.mp3?_=4\" \/><a href=\"https:\/\/www.imaq.fr\/blog\/wp-content\/uploads\/2017\/03\/emergence-du-symbole-question2.mp3\">https:\/\/www.imaq.fr\/blog\/wp-content\/uploads\/2017\/03\/emergence-du-symbole-question2.mp3<\/a><\/audio><\/li>\n<li>Le myst\u00e8re de la vie ne ressort-il pas des v\u00e9nus et des mises en sc\u00e8ne des s\u00e9pultures du gravettien ?<audio class=\"wp-audio-shortcode\" id=\"audio-816-5\" preload=\"none\" style=\"width: 100%;\" controls=\"controls\"><source type=\"audio\/mpeg\" src=\"https:\/\/www.imaq.fr\/blog\/wp-content\/uploads\/2017\/03\/emergence-du-symbole-question3.mp3?_=5\" \/><a href=\"https:\/\/www.imaq.fr\/blog\/wp-content\/uploads\/2017\/03\/emergence-du-symbole-question3.mp3\">https:\/\/www.imaq.fr\/blog\/wp-content\/uploads\/2017\/03\/emergence-du-symbole-question3.mp3<\/a><\/audio><\/li>\n<\/ul>\n<p><a name=\"illustrations\"><\/a><\/p>\n<h3>Illustrations pr\u00e9sent\u00e9es<\/h3>\n<table style=\"height: 496px;\" width=\"624\">\n<tbody>\n<tr>\n<td>\n<p><figure id=\"attachment_822\" aria-describedby=\"caption-attachment-822\" style=\"width: 150px\" class=\"wp-caption alignnone\"><a href=\"https:\/\/www.imaq.fr\/blog\/wp-content\/uploads\/2017\/02\/vilhonneur-visage-detail.jpg\"><img loading=\"lazy\" decoding=\"async\" class=\"size-thumbnail wp-image-822 colorbox-816\" src=\"https:\/\/www.imaq.fr\/blog\/wp-content\/uploads\/2017\/02\/vilhonneur-visage-detail-150x150.jpg\" alt=\"\" width=\"150\" height=\"150\" \/><\/a><figcaption id=\"caption-attachment-822\" class=\"wp-caption-text\">Le visage de la Grotte de Vilhonneur<\/figcaption><\/figure><\/td>\n<td>\n<p><figure id=\"attachment_823\" aria-describedby=\"caption-attachment-823\" style=\"width: 150px\" class=\"wp-caption alignnone\"><a href=\"https:\/\/www.imaq.fr\/blog\/wp-content\/uploads\/2017\/02\/paleolithique-superieur.jpg\"><img loading=\"lazy\" decoding=\"async\" class=\"size-thumbnail wp-image-823 colorbox-816\" src=\"https:\/\/www.imaq.fr\/blog\/wp-content\/uploads\/2017\/02\/paleolithique-superieur-150x150.jpg\" alt=\"\" width=\"150\" height=\"150\" \/><\/a><figcaption id=\"caption-attachment-823\" class=\"wp-caption-text\">Symboles au pal\u00e9olithique sup\u00e9rieur<\/figcaption><\/figure><\/td>\n<td>\n<p><figure id=\"attachment_824\" aria-describedby=\"caption-attachment-824\" style=\"width: 150px\" class=\"wp-caption alignnone\"><a href=\"https:\/\/www.imaq.fr\/blog\/wp-content\/uploads\/2017\/02\/sepulture-double-mesolithique.jpg\"><img loading=\"lazy\" decoding=\"async\" class=\"size-thumbnail wp-image-824 colorbox-816\" src=\"https:\/\/www.imaq.fr\/blog\/wp-content\/uploads\/2017\/02\/sepulture-double-mesolithique-150x150.jpg\" alt=\"\" width=\"150\" height=\"150\" \/><\/a><figcaption id=\"caption-attachment-824\" class=\"wp-caption-text\">S\u00e9pulture double du m\u00e9solithique<\/figcaption><\/figure><\/td>\n<\/tr>\n<tr>\n<td>\n<p><figure id=\"attachment_825\" aria-describedby=\"caption-attachment-825\" style=\"width: 150px\" class=\"wp-caption alignnone\"><a href=\"https:\/\/www.imaq.fr\/blog\/wp-content\/uploads\/2017\/02\/necropole-type-passy.jpg\"><img loading=\"lazy\" decoding=\"async\" class=\"size-thumbnail wp-image-825 colorbox-816\" src=\"https:\/\/www.imaq.fr\/blog\/wp-content\/uploads\/2017\/02\/necropole-type-passy-150x150.jpg\" alt=\"\" width=\"150\" height=\"150\" \/><\/a><figcaption id=\"caption-attachment-825\" class=\"wp-caption-text\">S\u00e9pulture d&rsquo;une n\u00e9cropole de type Passy<\/figcaption><\/figure><\/td>\n<td>\n<p><figure id=\"attachment_826\" aria-describedby=\"caption-attachment-826\" style=\"width: 150px\" class=\"wp-caption alignnone\"><a href=\"https:\/\/www.imaq.fr\/blog\/wp-content\/uploads\/2017\/02\/frise-roc-aux-sorciers.jpg\"><img loading=\"lazy\" decoding=\"async\" class=\"size-thumbnail wp-image-826 colorbox-816\" src=\"https:\/\/www.imaq.fr\/blog\/wp-content\/uploads\/2017\/02\/frise-roc-aux-sorciers-150x150.jpg\" alt=\"\" width=\"150\" height=\"150\" \/><\/a><figcaption id=\"caption-attachment-826\" class=\"wp-caption-text\">Magdal\u00e9nien moyen, frise sculpt\u00e9e du Roc-aux-Sorciers<\/figcaption><\/figure><\/td>\n<td>\n<p><figure id=\"attachment_827\" aria-describedby=\"caption-attachment-827\" style=\"width: 150px\" class=\"wp-caption alignnone\"><a href=\"https:\/\/www.imaq.fr\/blog\/wp-content\/uploads\/2017\/02\/Scene_du_puits_lascaux.jpg\"><img loading=\"lazy\" decoding=\"async\" class=\"size-thumbnail wp-image-827 colorbox-816\" src=\"https:\/\/www.imaq.fr\/blog\/wp-content\/uploads\/2017\/02\/Scene_du_puits_lascaux-150x150.jpg\" alt=\"\" width=\"150\" height=\"150\" \/><\/a><figcaption id=\"caption-attachment-827\" class=\"wp-caption-text\">Solutr\u00e9en &#8211; Lascaux &#8211; la sc\u00e8ne du puits<\/figcaption><\/figure><\/td>\n<\/tr>\n<tr>\n<td>\n<p><figure id=\"attachment_829\" aria-describedby=\"caption-attachment-829\" style=\"width: 150px\" class=\"wp-caption alignnone\"><a href=\"https:\/\/www.imaq.fr\/blog\/wp-content\/uploads\/2017\/02\/solutreen-feuilles-de-laurier.jpg\"><img loading=\"lazy\" decoding=\"async\" class=\"size-thumbnail wp-image-829 colorbox-816\" src=\"https:\/\/www.imaq.fr\/blog\/wp-content\/uploads\/2017\/02\/solutreen-feuilles-de-laurier-150x150.jpg\" alt=\"\" width=\"150\" height=\"150\" \/><\/a><figcaption id=\"caption-attachment-829\" class=\"wp-caption-text\">Solutr\u00e9en &#8211; feuilles de laurier<\/figcaption><\/figure><\/td>\n<td>\n<p><figure id=\"attachment_833\" aria-describedby=\"caption-attachment-833\" style=\"width: 150px\" class=\"wp-caption alignnone\"><a href=\"https:\/\/www.imaq.fr\/blog\/wp-content\/uploads\/2017\/02\/gravettien-venus-de-laussel.jpg\"><img loading=\"lazy\" decoding=\"async\" class=\"size-thumbnail wp-image-833 colorbox-816\" src=\"https:\/\/www.imaq.fr\/blog\/wp-content\/uploads\/2017\/02\/gravettien-venus-de-laussel-150x150.jpg\" alt=\"\" width=\"150\" height=\"150\" \/><\/a><figcaption id=\"caption-attachment-833\" class=\"wp-caption-text\">Gravettien &#8211; V\u00e9nus \u00e0 la corne de Laussel<\/figcaption><\/figure><\/td>\n<td>\n<p><figure id=\"attachment_831\" aria-describedby=\"caption-attachment-831\" style=\"width: 150px\" class=\"wp-caption alignnone\"><a href=\"https:\/\/www.imaq.fr\/blog\/wp-content\/uploads\/2017\/02\/gravettien-Venus_de_Brassempouy.jpg\"><img loading=\"lazy\" decoding=\"async\" class=\"size-thumbnail wp-image-831 colorbox-816\" src=\"https:\/\/www.imaq.fr\/blog\/wp-content\/uploads\/2017\/02\/gravettien-Venus_de_Brassempouy-150x150.jpg\" alt=\"\" width=\"150\" height=\"150\" \/><\/a><figcaption id=\"caption-attachment-831\" class=\"wp-caption-text\">Gravettien &#8211; V\u00e9nus de Brassempouy<\/figcaption><\/figure><\/td>\n<\/tr>\n<tr>\n<td>\n<p><figure id=\"attachment_834\" aria-describedby=\"caption-attachment-834\" style=\"width: 150px\" class=\"wp-caption alignnone\"><a href=\"https:\/\/www.imaq.fr\/blog\/wp-content\/uploads\/2017\/02\/gravettien-Sunghir-tombes.jpg\"><img loading=\"lazy\" decoding=\"async\" class=\"size-thumbnail wp-image-834 colorbox-816\" src=\"https:\/\/www.imaq.fr\/blog\/wp-content\/uploads\/2017\/02\/gravettien-Sunghir-tombes-150x150.jpg\" alt=\"\" width=\"150\" height=\"150\" \/><\/a><figcaption id=\"caption-attachment-834\" class=\"wp-caption-text\">Gravettien &#8211; Tombes trouv\u00e9es \u00e0 Sunghir en Russie<\/figcaption><\/figure><\/td>\n<td>\n<p><figure id=\"attachment_836\" aria-describedby=\"caption-attachment-836\" style=\"width: 150px\" class=\"wp-caption alignnone\"><a href=\"https:\/\/www.imaq.fr\/blog\/wp-content\/uploads\/2017\/02\/gravettien-human-sacrifice.jpg\"><img loading=\"lazy\" decoding=\"async\" class=\"size-thumbnail wp-image-836 colorbox-816\" src=\"https:\/\/www.imaq.fr\/blog\/wp-content\/uploads\/2017\/02\/gravettien-human-sacrifice-150x150.jpg\" alt=\"\" width=\"150\" height=\"150\" srcset=\"https:\/\/www.imaq.fr\/blog\/wp-content\/uploads\/2017\/02\/gravettien-human-sacrifice-150x150.jpg 150w, https:\/\/www.imaq.fr\/blog\/wp-content\/uploads\/2017\/02\/gravettien-human-sacrifice-300x298.jpg 300w, https:\/\/www.imaq.fr\/blog\/wp-content\/uploads\/2017\/02\/gravettien-human-sacrifice-624x619.jpg 624w, https:\/\/www.imaq.fr\/blog\/wp-content\/uploads\/2017\/02\/gravettien-human-sacrifice.jpg 650w\" sizes=\"auto, (max-width: 150px) 100vw, 150px\" \/><\/a><figcaption id=\"caption-attachment-836\" class=\"wp-caption-text\">Gravettien &#8211; S\u00e9pulture triple &#8211; mise en sc\u00e8ne<\/figcaption><\/figure><\/td>\n<td>\n<p><figure id=\"attachment_837\" aria-describedby=\"caption-attachment-837\" style=\"width: 150px\" class=\"wp-caption alignnone\"><a href=\"https:\/\/www.imaq.fr\/blog\/wp-content\/uploads\/2017\/03\/cussac-squelette.jpg\"><img loading=\"lazy\" decoding=\"async\" class=\"size-thumbnail wp-image-837 colorbox-816\" src=\"https:\/\/www.imaq.fr\/blog\/wp-content\/uploads\/2017\/03\/cussac-squelette-150x150.jpg\" alt=\"\" width=\"150\" height=\"150\" \/><\/a><figcaption id=\"caption-attachment-837\" class=\"wp-caption-text\">Gravettien &#8211; Squelette dans la grotte de Cussac<\/figcaption><\/figure><\/td>\n<\/tr>\n<tr>\n<td>\n<p><figure id=\"attachment_838\" aria-describedby=\"caption-attachment-838\" style=\"width: 150px\" class=\"wp-caption alignnone\"><a href=\"https:\/\/www.imaq.fr\/blog\/wp-content\/uploads\/2017\/03\/cussac-cheval-bison.jpg\"><img loading=\"lazy\" decoding=\"async\" class=\"size-thumbnail wp-image-838 colorbox-816\" src=\"https:\/\/www.imaq.fr\/blog\/wp-content\/uploads\/2017\/03\/cussac-cheval-bison-150x150.jpg\" alt=\"\" width=\"150\" height=\"150\" \/><\/a><figcaption id=\"caption-attachment-838\" class=\"wp-caption-text\">Gravettien &#8211; Gravures de la grotte de Cussac &#8211; cheval et bison<\/figcaption><\/figure><\/td>\n<td>\n<p><figure id=\"attachment_839\" aria-describedby=\"caption-attachment-839\" style=\"width: 150px\" class=\"wp-caption alignnone\"><a href=\"https:\/\/www.imaq.fr\/blog\/wp-content\/uploads\/2017\/03\/gravettien-flute.jpg\"><img loading=\"lazy\" decoding=\"async\" class=\"size-thumbnail wp-image-839 colorbox-816\" src=\"https:\/\/www.imaq.fr\/blog\/wp-content\/uploads\/2017\/03\/gravettien-flute-150x150.jpg\" alt=\"\" width=\"150\" height=\"150\" \/><\/a><figcaption id=\"caption-attachment-839\" class=\"wp-caption-text\">Gravettien &#8211; Plus anciens instruments de musique connus : environ 35 000 ans<\/figcaption><\/figure><\/td>\n<td>\n<p><figure id=\"attachment_844\" aria-describedby=\"caption-attachment-844\" style=\"width: 150px\" class=\"wp-caption alignnone\"><a href=\"https:\/\/www.imaq.fr\/blog\/wp-content\/uploads\/2017\/03\/aurignacien-grotte-de-chauvet.jpg\"><img loading=\"lazy\" decoding=\"async\" class=\"size-thumbnail wp-image-844 colorbox-816\" src=\"https:\/\/www.imaq.fr\/blog\/wp-content\/uploads\/2017\/03\/aurignacien-grotte-de-chauvet-150x150.jpg\" alt=\"\" width=\"150\" height=\"150\" \/><\/a><figcaption id=\"caption-attachment-844\" class=\"wp-caption-text\">Aurignacien &#8211; grotte de Chauvet (-36000 ans)<\/figcaption><\/figure><\/td>\n<\/tr>\n<tr>\n<td>\n<p><figure id=\"attachment_846\" aria-describedby=\"caption-attachment-846\" style=\"width: 150px\" class=\"wp-caption alignnone\"><a href=\"https:\/\/www.imaq.fr\/blog\/wp-content\/uploads\/2017\/03\/aurignacien-chauvet-lions.jpg\"><img loading=\"lazy\" decoding=\"async\" class=\"size-thumbnail wp-image-846 colorbox-816\" src=\"https:\/\/www.imaq.fr\/blog\/wp-content\/uploads\/2017\/03\/aurignacien-chauvet-lions-150x150.jpg\" alt=\"\" width=\"150\" height=\"150\" \/><\/a><figcaption id=\"caption-attachment-846\" class=\"wp-caption-text\">Aurignacien &#8211; grotte de Chauvet &#8211; lions des cavernes<\/figcaption><\/figure><\/td>\n<td>\n<p><figure id=\"attachment_847\" aria-describedby=\"caption-attachment-847\" style=\"width: 150px\" class=\"wp-caption alignnone\"><a href=\"https:\/\/www.imaq.fr\/blog\/wp-content\/uploads\/2017\/03\/aurignacien-chauvet-femme-bison.jpg\"><img loading=\"lazy\" decoding=\"async\" class=\"size-thumbnail wp-image-847 colorbox-816\" src=\"https:\/\/www.imaq.fr\/blog\/wp-content\/uploads\/2017\/03\/aurignacien-chauvet-femme-bison-150x150.jpg\" alt=\"\" width=\"150\" height=\"150\" \/><\/a><figcaption id=\"caption-attachment-847\" class=\"wp-caption-text\">Aurignacien &#8211; grotte de Chauvet &#8211; femme bison<\/figcaption><\/figure><\/td>\n<td>\n<p><figure id=\"attachment_849\" aria-describedby=\"caption-attachment-849\" style=\"width: 150px\" class=\"wp-caption alignnone\"><a href=\"https:\/\/www.imaq.fr\/blog\/wp-content\/uploads\/2017\/03\/aurignacien-chauvet-points-rouges.jpg\"><img loading=\"lazy\" decoding=\"async\" class=\"size-thumbnail wp-image-849 colorbox-816\" src=\"https:\/\/www.imaq.fr\/blog\/wp-content\/uploads\/2017\/03\/aurignacien-chauvet-points-rouges-150x150.jpg\" alt=\"\" width=\"150\" height=\"150\" \/><\/a><figcaption id=\"caption-attachment-849\" class=\"wp-caption-text\">Aurignacien &#8211; grotte de Chauvet &#8211; panneau de points rouges<\/figcaption><\/figure><\/td>\n<\/tr>\n<tr>\n<td>\n<p><figure id=\"attachment_859\" aria-describedby=\"caption-attachment-859\" style=\"width: 150px\" class=\"wp-caption alignnone\"><a href=\"https:\/\/www.imaq.fr\/blog\/wp-content\/uploads\/2017\/03\/neandertal-homme-moderne.jpg\"><img loading=\"lazy\" decoding=\"async\" class=\"size-thumbnail wp-image-859 colorbox-816\" src=\"https:\/\/www.imaq.fr\/blog\/wp-content\/uploads\/2017\/03\/neandertal-homme-moderne-150x150.jpg\" alt=\"\" width=\"150\" height=\"150\" \/><\/a><figcaption id=\"caption-attachment-859\" class=\"wp-caption-text\">Homme de N\u00e9andertal (\u00e0 gauche) et homme moderne (\u00e0 droite)<\/figcaption><\/figure><\/td>\n<td>\n<p><figure id=\"attachment_851\" aria-describedby=\"caption-attachment-851\" style=\"width: 150px\" class=\"wp-caption alignnone\"><a href=\"https:\/\/www.imaq.fr\/blog\/wp-content\/uploads\/2017\/03\/chatelperronien-parures-dents.jpg\"><img loading=\"lazy\" decoding=\"async\" class=\"size-thumbnail wp-image-851 colorbox-816\" src=\"https:\/\/www.imaq.fr\/blog\/wp-content\/uploads\/2017\/03\/chatelperronien-parures-dents-150x150.jpg\" alt=\"\" width=\"150\" height=\"150\" \/><\/a><figcaption id=\"caption-attachment-851\" class=\"wp-caption-text\">Ch\u00e2telperroniens &#8211; parures en dents &#8211; homme de N\u00e9andertal ou homme moderne ?<\/figcaption><\/figure><\/td>\n<td>\n<p><figure id=\"attachment_856\" aria-describedby=\"caption-attachment-856\" style=\"width: 150px\" class=\"wp-caption alignnone\"><a href=\"https:\/\/www.imaq.fr\/blog\/wp-content\/uploads\/2017\/03\/chatelporronien-pigments-rouges.jpg\"><img loading=\"lazy\" decoding=\"async\" class=\"size-thumbnail wp-image-856 colorbox-816\" src=\"https:\/\/www.imaq.fr\/blog\/wp-content\/uploads\/2017\/03\/chatelporronien-pigments-rouges-150x150.jpg\" alt=\"\" width=\"150\" height=\"150\" \/><\/a><figcaption id=\"caption-attachment-856\" class=\"wp-caption-text\">Ch\u00e2telperroniende &#8211; grotte du Renne \u00e0 Arcy-sur-Cure &#8211; strat\u00e9gies d\u2019acquisition de pigments rouges<\/figcaption><\/figure><\/td>\n<\/tr>\n<tr>\n<td>\n<p><figure id=\"attachment_862\" aria-describedby=\"caption-attachment-862\" style=\"width: 150px\" class=\"wp-caption alignnone\"><a href=\"https:\/\/www.imaq.fr\/blog\/wp-content\/uploads\/2017\/03\/neandertal-inhumation-chapelle-aux-saints.jpg\"><img loading=\"lazy\" decoding=\"async\" class=\"size-thumbnail wp-image-862 colorbox-816\" src=\"https:\/\/www.imaq.fr\/blog\/wp-content\/uploads\/2017\/03\/neandertal-inhumation-chapelle-aux-saints-150x150.jpg\" alt=\"\" width=\"150\" height=\"150\" \/><\/a><figcaption id=\"caption-attachment-862\" class=\"wp-caption-text\">N\u00e9andertal &#8211; grotte La Bouffia Bonneval \u00e0 La-Chapelle-aux-Saints (Corr\u00e8ze) &#8211; squelette exceptionnellement bien conserv\u00e9<\/figcaption><\/figure><\/td>\n<td>\n<p><figure id=\"attachment_863\" aria-describedby=\"caption-attachment-863\" style=\"width: 150px\" class=\"wp-caption alignnone\"><a href=\"https:\/\/www.imaq.fr\/blog\/wp-content\/uploads\/2017\/03\/neandertal-kebara-sepulture.jpg\"><img loading=\"lazy\" decoding=\"async\" class=\"size-thumbnail wp-image-863 colorbox-816\" src=\"https:\/\/www.imaq.fr\/blog\/wp-content\/uploads\/2017\/03\/neandertal-kebara-sepulture-150x150.jpg\" alt=\"\" width=\"150\" height=\"150\" \/><\/a><figcaption id=\"caption-attachment-863\" class=\"wp-caption-text\">Pal\u00e9olithique moyen &#8211; grotte de K\u00e9bara &#8211; s\u00e9pulture de n\u00e9andertalien sans boite cr\u00e2nienne<\/figcaption><\/figure><\/td>\n<td>\n<p><figure id=\"attachment_864\" aria-describedby=\"caption-attachment-864\" style=\"width: 150px\" class=\"wp-caption alignnone\"><a href=\"https:\/\/www.imaq.fr\/blog\/wp-content\/uploads\/2017\/03\/neandertal-sepulture_enfant_aux_bois_de_cerf.jpg\"><img loading=\"lazy\" decoding=\"async\" class=\"size-thumbnail wp-image-864 colorbox-816\" src=\"https:\/\/www.imaq.fr\/blog\/wp-content\/uploads\/2017\/03\/neandertal-sepulture_enfant_aux_bois_de_cerf-150x150.jpg\" alt=\"\" width=\"150\" height=\"150\" \/><\/a><figcaption id=\"caption-attachment-864\" class=\"wp-caption-text\">Pal\u00e9olithique moyen &#8211; grotte de Qafzeh (Isra\u00ebl) &#8211; l&rsquo;enfant aux bois de cerf (homme moderne)<\/figcaption><\/figure><\/td>\n<\/tr>\n<tr>\n<td>\n<p><figure id=\"attachment_865\" aria-describedby=\"caption-attachment-865\" style=\"width: 150px\" class=\"wp-caption alignnone\"><a href=\"https:\/\/www.imaq.fr\/blog\/wp-content\/uploads\/2017\/03\/neandertal-skhul-sepulture5.jpg\"><img loading=\"lazy\" decoding=\"async\" class=\"size-thumbnail wp-image-865 colorbox-816\" src=\"https:\/\/www.imaq.fr\/blog\/wp-content\/uploads\/2017\/03\/neandertal-skhul-sepulture5-150x150.jpg\" alt=\"\" width=\"150\" height=\"150\" \/><\/a><figcaption id=\"caption-attachment-865\" class=\"wp-caption-text\">Pal\u00e9olithique moyen &#8211; site de Skh\u00fcl (Isra\u00ebl) &#8211; s\u00e9pulture avec mandibule de suid\u00e9 (homme moderne)<\/figcaption><\/figure><\/td>\n<td>\n<p><figure id=\"attachment_866\" aria-describedby=\"caption-attachment-866\" style=\"width: 150px\" class=\"wp-caption alignnone\"><a href=\"https:\/\/www.imaq.fr\/blog\/wp-content\/uploads\/2017\/03\/mousterien-masque-la-roche-cotard.jpg\"><img loading=\"lazy\" decoding=\"async\" class=\"size-thumbnail wp-image-866 colorbox-816\" src=\"https:\/\/www.imaq.fr\/blog\/wp-content\/uploads\/2017\/03\/mousterien-masque-la-roche-cotard-150x150.jpg\" alt=\"\" width=\"150\" height=\"150\" \/><\/a><figcaption id=\"caption-attachment-866\" class=\"wp-caption-text\">N\u00e9andertal &#8211; grotte de La Roche-Cotard (Indre et Loire) &#8211; masque<\/figcaption><\/figure><\/td>\n<td>\n<figure id=\"attachment_870\" aria-describedby=\"caption-attachment-870\" style=\"width: 150px\" class=\"wp-caption alignnone\"><a href=\"https:\/\/www.imaq.fr\/blog\/wp-content\/uploads\/2017\/03\/plus-vieille-gravure-humaine.jpg\"><img loading=\"lazy\" decoding=\"async\" class=\"size-thumbnail wp-image-870 colorbox-816\" src=\"https:\/\/www.imaq.fr\/blog\/wp-content\/uploads\/2017\/03\/plus-vieille-gravure-humaine-150x150.jpg\" alt=\"\" width=\"150\" height=\"150\" \/><\/a><figcaption id=\"caption-attachment-870\" class=\"wp-caption-text\">\u00ab\u00a0Il s&rsquo;agit de la plus ancienne expression graphique\u00a0\u00bb connue \u00e0 ce jour, d&rsquo;apr\u00e8s l&rsquo;arch\u00e9ologue Francisco d&rsquo;Errico. Environ 500 000 ans.<\/figcaption><\/figure>\n<p>&nbsp;<\/td>\n<\/tr>\n<tr>\n<td><\/td>\n<td><\/td>\n<td><\/td>\n<\/tr>\n<\/tbody>\n<\/table>\n<p><a name=\"chronologie\"><\/a><\/p>\n<h3>Tableau chronologique pour se situer<\/h3>\n<table>\n<tbody>\n<tr>\n<th>\u00a0Pr\u00e9histoire<\/th>\n<th>\u00a0Protohistoire<\/th>\n<th>\u00a0Histoire<\/th>\n<\/tr>\n<tr>\n<td>\n<ul>\n<li>Pal\u00e9olithique inf\u00e9rieur\u00a0<em>(de -2,9 millions d&rsquo;ann\u00e9es \u00e0 -300 000 ans)<\/em><\/li>\n<li>Pal\u00e9olithique moyen\u00a0<em>(\u00e0 partir de -300\u00a0000 ans)<\/em><\/li>\n<li>Pal\u00e9olithique sup\u00e9rieur\n<ul>\n<li>Aurignacien <em>(de -38 000 ans \u00e0 -29 000 ans)<\/em><\/li>\n<li>Gravettien <em>(de -29 000 ans \u00e0 -22 000 ans)<\/em><\/li>\n<li>Solutr\u00e9en\u00a0<em>(de -22 000 ans \u00e0 -18 000 ans)<\/em><\/li>\n<li>Badegoulien\u00a0<em>(de -17 000 ans \u00e0 -15 000 ans)<\/em><\/li>\n<li>Magdal\u00e9nien\u00a0<em>(de -15 000 ans \u00e0 -10 000 ans)<\/em><\/li>\n<\/ul>\n<\/li>\n<li>M\u00e9solithique\u00a0<em>(de -10 000 ans \u00e0 -5 000 ans en Europe, pouvant aller jusqu&rsquo;\u00e0 -2 300 ans en Europe septentrionale)<\/em><\/li>\n<li>N\u00e9olithique\u00a0<em>(jusque vers -3 300 ans)<\/em><\/li>\n<\/ul>\n<\/td>\n<td>\n<ul>\n<li>\u00c2ge du cuivre<\/li>\n<li>\u00c2ge du bronze<\/li>\n<li>\u00c2ge du fer<\/li>\n<\/ul>\n<\/td>\n<td>\n<ul>\n<li>\u00a0Antiquit\u00e9<\/li>\n<li>Moyen \u00c2ge<\/li>\n<li>\u00c9poque moderne<\/li>\n<\/ul>\n<\/td>\n<\/tr>\n<\/tbody>\n<\/table>\n<h3>Pour en savoir plus<\/h3>\n<ul>\n<li><a title=\"\" href=\"http:\/\/www.hominides.com\/html\/lieux\/roc-aux-sorciers.php\" target=\"_blank\">Le Roc aux Sorciers<\/a>\u00a0<em>(site :\u00a0http:\/\/www.hominides.com)<\/em><\/li>\n<li id=\"docTitle\"><span class=\"text\"><a title=\"\" href=\"https:\/\/paleo.revues.org\/1632#bodyftn3\" target=\"_blank\">Comportement des populations d\u2019Europe au Gravettien\u00a0: pratiques fun\u00e9raires et interpr\u00e9tations<\/a>\u00a0<em>(site :\u00a0paleo.revues.org)<\/em><\/span><\/li>\n<\/ul>\n<p>&nbsp;<\/p>\n","protected":false},"excerpt":{"rendered":"<p>\u00c9mergence du symbole Conf\u00e9rence donn\u00e9e par Bruno Maureille le 17 mai 2016, lors de la 3\u00e8me Biennale Culturelle Ma\u00e7onnique de Bordeaux Pr\u00e9sentation du conf\u00e9rencier par Jean-Marie Daniel-Lamazi\u00e8res Voir aussi l&rsquo;interview de Bruno Maureille\u00a0en vid\u00e9o Enregistrement de la conf\u00e9rence Voir les illustrations et le tableau chronologique plus bas Les questions de la salle Comment discerner le [&hellip;]<\/p>\n","protected":false},"author":2,"featured_media":0,"comment_status":"closed","ping_status":"open","sticky":false,"template":"","format":"standard","meta":{"_editorskit_title_hidden":false,"_editorskit_reading_time":0,"_editorskit_is_block_options_detached":false,"_editorskit_block_options_position":"{}","footnotes":""},"categories":[23,27],"tags":[],"class_list":["post-816","post","type-post","status-publish","format-standard","hentry","category-biennale-2016","category-conference-2016"],"yoast_head":"<!-- This site is optimized with the Yoast SEO plugin v27.5 - https:\/\/yoast.com\/product\/yoast-seo-wordpress\/ -->\n<title>Conf\u00e9rence sur \u00ab l&#039;\u00e9mergence du symbole \u00bb - Biennale Culturelle Ma\u00e7onnique de Bordeaux<\/title>\n<meta name=\"robots\" content=\"index, follow, max-snippet:-1, max-image-preview:large, max-video-preview:-1\" \/>\n<link rel=\"canonical\" href=\"https:\/\/www.imaq.fr\/blog\/2017\/03\/emergence-du-symbole\/\" \/>\n<meta property=\"og:locale\" content=\"fr_FR\" \/>\n<meta property=\"og:type\" content=\"article\" \/>\n<meta property=\"og:title\" content=\"Conf\u00e9rence sur \u00ab l&#039;\u00e9mergence du symbole \u00bb - Biennale Culturelle Ma\u00e7onnique de Bordeaux\" \/>\n<meta property=\"og:description\" content=\"\u00c9mergence du symbole Conf\u00e9rence donn\u00e9e par Bruno Maureille le 17 mai 2016, lors de la 3\u00e8me Biennale Culturelle Ma\u00e7onnique de Bordeaux Pr\u00e9sentation du conf\u00e9rencier par Jean-Marie Daniel-Lamazi\u00e8res Voir aussi l&rsquo;interview de Bruno Maureille\u00a0en vid\u00e9o Enregistrement de la conf\u00e9rence Voir les illustrations et le tableau chronologique plus bas Les questions de la salle Comment discerner le [&hellip;]\" \/>\n<meta property=\"og:url\" content=\"https:\/\/www.imaq.fr\/blog\/2017\/03\/emergence-du-symbole\/\" \/>\n<meta property=\"og:site_name\" content=\"Biennale Culturelle Ma\u00e7onnique de Bordeaux\" \/>\n<meta property=\"article:publisher\" content=\"https:\/\/www.facebook.com\/biennaleculturellemaconnique.bordeaux\" \/>\n<meta property=\"article:published_time\" content=\"2017-03-01T18:00:38+00:00\" \/>\n<meta property=\"article:modified_time\" content=\"2017-03-01T20:29:53+00:00\" \/>\n<meta property=\"og:image\" content=\"https:\/\/www.imaq.fr\/blog\/wp-content\/uploads\/2017\/02\/vilhonneur-visage-detail.jpg\" \/>\n\t<meta property=\"og:image:width\" content=\"530\" \/>\n\t<meta property=\"og:image:height\" content=\"599\" \/>\n\t<meta property=\"og:image:type\" content=\"image\/jpeg\" \/>\n<meta name=\"author\" content=\"BCMB\" \/>\n<meta name=\"twitter:card\" content=\"summary_large_image\" \/>\n<meta name=\"twitter:label1\" content=\"\u00c9crit par\" \/>\n\t<meta name=\"twitter:data1\" content=\"BCMB\" \/>\n\t<meta name=\"twitter:label2\" content=\"Dur\u00e9e de lecture estim\u00e9e\" \/>\n\t<meta name=\"twitter:data2\" content=\"4 minutes\" \/>\n<script type=\"application\/ld+json\" class=\"yoast-schema-graph\">{\"@context\":\"https:\\\/\\\/schema.org\",\"@graph\":[{\"@type\":\"Article\",\"@id\":\"https:\\\/\\\/www.imaq.fr\\\/blog\\\/2017\\\/03\\\/emergence-du-symbole\\\/#article\",\"isPartOf\":{\"@id\":\"https:\\\/\\\/www.imaq.fr\\\/blog\\\/2017\\\/03\\\/emergence-du-symbole\\\/\"},\"author\":{\"name\":\"BCMB\",\"@id\":\"https:\\\/\\\/www.imaq.fr\\\/blog\\\/#\\\/schema\\\/person\\\/3df683af05c9d4e9401e01364d03a5fd\"},\"headline\":\"Conf\u00e9rence sur \u00ab l&rsquo;\u00e9mergence du symbole \u00bb\",\"datePublished\":\"2017-03-01T18:00:38+00:00\",\"dateModified\":\"2017-03-01T20:29:53+00:00\",\"mainEntityOfPage\":{\"@id\":\"https:\\\/\\\/www.imaq.fr\\\/blog\\\/2017\\\/03\\\/emergence-du-symbole\\\/\"},\"wordCount\":806,\"publisher\":{\"@id\":\"https:\\\/\\\/www.imaq.fr\\\/blog\\\/#organization\"},\"image\":{\"@id\":\"https:\\\/\\\/www.imaq.fr\\\/blog\\\/2017\\\/03\\\/emergence-du-symbole\\\/#primaryimage\"},\"thumbnailUrl\":\"https:\\\/\\\/www.imaq.fr\\\/blog\\\/wp-content\\\/uploads\\\/2017\\\/02\\\/vilhonneur-visage-detail-150x150.jpg\",\"articleSection\":[\"Biennale 2016\",\"Conf\u00e9rence 2016\"],\"inLanguage\":\"fr-FR\"},{\"@type\":\"WebPage\",\"@id\":\"https:\\\/\\\/www.imaq.fr\\\/blog\\\/2017\\\/03\\\/emergence-du-symbole\\\/\",\"url\":\"https:\\\/\\\/www.imaq.fr\\\/blog\\\/2017\\\/03\\\/emergence-du-symbole\\\/\",\"name\":\"Conf\u00e9rence sur \u00ab l'\u00e9mergence du symbole \u00bb - Biennale Culturelle Ma\u00e7onnique de Bordeaux\",\"isPartOf\":{\"@id\":\"https:\\\/\\\/www.imaq.fr\\\/blog\\\/#website\"},\"primaryImageOfPage\":{\"@id\":\"https:\\\/\\\/www.imaq.fr\\\/blog\\\/2017\\\/03\\\/emergence-du-symbole\\\/#primaryimage\"},\"image\":{\"@id\":\"https:\\\/\\\/www.imaq.fr\\\/blog\\\/2017\\\/03\\\/emergence-du-symbole\\\/#primaryimage\"},\"thumbnailUrl\":\"https:\\\/\\\/www.imaq.fr\\\/blog\\\/wp-content\\\/uploads\\\/2017\\\/02\\\/vilhonneur-visage-detail-150x150.jpg\",\"datePublished\":\"2017-03-01T18:00:38+00:00\",\"dateModified\":\"2017-03-01T20:29:53+00:00\",\"breadcrumb\":{\"@id\":\"https:\\\/\\\/www.imaq.fr\\\/blog\\\/2017\\\/03\\\/emergence-du-symbole\\\/#breadcrumb\"},\"inLanguage\":\"fr-FR\",\"potentialAction\":[{\"@type\":\"ReadAction\",\"target\":[\"https:\\\/\\\/www.imaq.fr\\\/blog\\\/2017\\\/03\\\/emergence-du-symbole\\\/\"]}]},{\"@type\":\"ImageObject\",\"inLanguage\":\"fr-FR\",\"@id\":\"https:\\\/\\\/www.imaq.fr\\\/blog\\\/2017\\\/03\\\/emergence-du-symbole\\\/#primaryimage\",\"url\":\"https:\\\/\\\/www.imaq.fr\\\/blog\\\/wp-content\\\/uploads\\\/2017\\\/02\\\/vilhonneur-visage-detail.jpg\",\"contentUrl\":\"https:\\\/\\\/www.imaq.fr\\\/blog\\\/wp-content\\\/uploads\\\/2017\\\/02\\\/vilhonneur-visage-detail.jpg\",\"width\":530,\"height\":599,\"caption\":\"Le visage de la Grotte de Vilhonneur\"},{\"@type\":\"BreadcrumbList\",\"@id\":\"https:\\\/\\\/www.imaq.fr\\\/blog\\\/2017\\\/03\\\/emergence-du-symbole\\\/#breadcrumb\",\"itemListElement\":[{\"@type\":\"ListItem\",\"position\":1,\"name\":\"Accueil\",\"item\":\"https:\\\/\\\/www.imaq.fr\\\/blog\\\/\"},{\"@type\":\"ListItem\",\"position\":2,\"name\":\"Conf\u00e9rence sur \u00ab l&rsquo;\u00e9mergence du symbole \u00bb\"}]},{\"@type\":\"WebSite\",\"@id\":\"https:\\\/\\\/www.imaq.fr\\\/blog\\\/#website\",\"url\":\"https:\\\/\\\/www.imaq.fr\\\/blog\\\/\",\"name\":\"Biennale Culturelle Ma\u00e7onnique de Bordeaux\",\"description\":\"IMAQ\",\"publisher\":{\"@id\":\"https:\\\/\\\/www.imaq.fr\\\/blog\\\/#organization\"},\"potentialAction\":[{\"@type\":\"SearchAction\",\"target\":{\"@type\":\"EntryPoint\",\"urlTemplate\":\"https:\\\/\\\/www.imaq.fr\\\/blog\\\/?s={search_term_string}\"},\"query-input\":{\"@type\":\"PropertyValueSpecification\",\"valueRequired\":true,\"valueName\":\"search_term_string\"}}],\"inLanguage\":\"fr-FR\"},{\"@type\":\"Organization\",\"@id\":\"https:\\\/\\\/www.imaq.fr\\\/blog\\\/#organization\",\"name\":\"Biennale Culturelle Ma\u00e7onnique de Bordeaux\",\"url\":\"https:\\\/\\\/www.imaq.fr\\\/blog\\\/\",\"logo\":{\"@type\":\"ImageObject\",\"inLanguage\":\"fr-FR\",\"@id\":\"https:\\\/\\\/www.imaq.fr\\\/blog\\\/#\\\/schema\\\/logo\\\/image\\\/\",\"url\":\"https:\\\/\\\/www.imaq.fr\\\/blog\\\/wp-content\\\/uploads\\\/2014\\\/12\\\/logo-bcmc.jpg\",\"contentUrl\":\"https:\\\/\\\/www.imaq.fr\\\/blog\\\/wp-content\\\/uploads\\\/2014\\\/12\\\/logo-bcmc.jpg\",\"width\":759,\"height\":784,\"caption\":\"Biennale Culturelle Ma\u00e7onnique de Bordeaux\"},\"image\":{\"@id\":\"https:\\\/\\\/www.imaq.fr\\\/blog\\\/#\\\/schema\\\/logo\\\/image\\\/\"},\"sameAs\":[\"https:\\\/\\\/www.facebook.com\\\/biennaleculturellemaconnique.bordeaux\"]},{\"@type\":\"Person\",\"@id\":\"https:\\\/\\\/www.imaq.fr\\\/blog\\\/#\\\/schema\\\/person\\\/3df683af05c9d4e9401e01364d03a5fd\",\"name\":\"BCMB\",\"image\":{\"@type\":\"ImageObject\",\"inLanguage\":\"fr-FR\",\"@id\":\"https:\\\/\\\/secure.gravatar.com\\\/avatar\\\/d6fbbbb38de40bcc3a41d4467d090d3b92513d4eb33fc933729359bbce505880?s=96&d=identicon&r=g\",\"url\":\"https:\\\/\\\/secure.gravatar.com\\\/avatar\\\/d6fbbbb38de40bcc3a41d4467d090d3b92513d4eb33fc933729359bbce505880?s=96&d=identicon&r=g\",\"contentUrl\":\"https:\\\/\\\/secure.gravatar.com\\\/avatar\\\/d6fbbbb38de40bcc3a41d4467d090d3b92513d4eb33fc933729359bbce505880?s=96&d=identicon&r=g\",\"caption\":\"BCMB\"},\"sameAs\":[\"https:\\\/\\\/www.imaq.fr\"],\"url\":\"https:\\\/\\\/www.imaq.fr\\\/blog\\\/author\\\/pomirol\\\/\"}]}<\/script>\n<!-- \/ Yoast SEO plugin. -->","yoast_head_json":{"title":"Conf\u00e9rence sur \u00ab l'\u00e9mergence du symbole \u00bb - Biennale Culturelle Ma\u00e7onnique de Bordeaux","robots":{"index":"index","follow":"follow","max-snippet":"max-snippet:-1","max-image-preview":"max-image-preview:large","max-video-preview":"max-video-preview:-1"},"canonical":"https:\/\/www.imaq.fr\/blog\/2017\/03\/emergence-du-symbole\/","og_locale":"fr_FR","og_type":"article","og_title":"Conf\u00e9rence sur \u00ab l'\u00e9mergence du symbole \u00bb - Biennale Culturelle Ma\u00e7onnique de Bordeaux","og_description":"\u00c9mergence du symbole Conf\u00e9rence donn\u00e9e par Bruno Maureille le 17 mai 2016, lors de la 3\u00e8me Biennale Culturelle Ma\u00e7onnique de Bordeaux Pr\u00e9sentation du conf\u00e9rencier par Jean-Marie Daniel-Lamazi\u00e8res Voir aussi l&rsquo;interview de Bruno Maureille\u00a0en vid\u00e9o Enregistrement de la conf\u00e9rence Voir les illustrations et le tableau chronologique plus bas Les questions de la salle Comment discerner le [&hellip;]","og_url":"https:\/\/www.imaq.fr\/blog\/2017\/03\/emergence-du-symbole\/","og_site_name":"Biennale Culturelle Ma\u00e7onnique de Bordeaux","article_publisher":"https:\/\/www.facebook.com\/biennaleculturellemaconnique.bordeaux","article_published_time":"2017-03-01T18:00:38+00:00","article_modified_time":"2017-03-01T20:29:53+00:00","og_image":[{"width":530,"height":599,"url":"https:\/\/www.imaq.fr\/blog\/wp-content\/uploads\/2017\/02\/vilhonneur-visage-detail.jpg","type":"image\/jpeg"}],"author":"BCMB","twitter_card":"summary_large_image","twitter_misc":{"\u00c9crit par":"BCMB","Dur\u00e9e de lecture estim\u00e9e":"4 minutes"},"schema":{"@context":"https:\/\/schema.org","@graph":[{"@type":"Article","@id":"https:\/\/www.imaq.fr\/blog\/2017\/03\/emergence-du-symbole\/#article","isPartOf":{"@id":"https:\/\/www.imaq.fr\/blog\/2017\/03\/emergence-du-symbole\/"},"author":{"name":"BCMB","@id":"https:\/\/www.imaq.fr\/blog\/#\/schema\/person\/3df683af05c9d4e9401e01364d03a5fd"},"headline":"Conf\u00e9rence sur \u00ab l&rsquo;\u00e9mergence du symbole \u00bb","datePublished":"2017-03-01T18:00:38+00:00","dateModified":"2017-03-01T20:29:53+00:00","mainEntityOfPage":{"@id":"https:\/\/www.imaq.fr\/blog\/2017\/03\/emergence-du-symbole\/"},"wordCount":806,"publisher":{"@id":"https:\/\/www.imaq.fr\/blog\/#organization"},"image":{"@id":"https:\/\/www.imaq.fr\/blog\/2017\/03\/emergence-du-symbole\/#primaryimage"},"thumbnailUrl":"https:\/\/www.imaq.fr\/blog\/wp-content\/uploads\/2017\/02\/vilhonneur-visage-detail-150x150.jpg","articleSection":["Biennale 2016","Conf\u00e9rence 2016"],"inLanguage":"fr-FR"},{"@type":"WebPage","@id":"https:\/\/www.imaq.fr\/blog\/2017\/03\/emergence-du-symbole\/","url":"https:\/\/www.imaq.fr\/blog\/2017\/03\/emergence-du-symbole\/","name":"Conf\u00e9rence sur \u00ab l'\u00e9mergence du symbole \u00bb - Biennale Culturelle Ma\u00e7onnique de Bordeaux","isPartOf":{"@id":"https:\/\/www.imaq.fr\/blog\/#website"},"primaryImageOfPage":{"@id":"https:\/\/www.imaq.fr\/blog\/2017\/03\/emergence-du-symbole\/#primaryimage"},"image":{"@id":"https:\/\/www.imaq.fr\/blog\/2017\/03\/emergence-du-symbole\/#primaryimage"},"thumbnailUrl":"https:\/\/www.imaq.fr\/blog\/wp-content\/uploads\/2017\/02\/vilhonneur-visage-detail-150x150.jpg","datePublished":"2017-03-01T18:00:38+00:00","dateModified":"2017-03-01T20:29:53+00:00","breadcrumb":{"@id":"https:\/\/www.imaq.fr\/blog\/2017\/03\/emergence-du-symbole\/#breadcrumb"},"inLanguage":"fr-FR","potentialAction":[{"@type":"ReadAction","target":["https:\/\/www.imaq.fr\/blog\/2017\/03\/emergence-du-symbole\/"]}]},{"@type":"ImageObject","inLanguage":"fr-FR","@id":"https:\/\/www.imaq.fr\/blog\/2017\/03\/emergence-du-symbole\/#primaryimage","url":"https:\/\/www.imaq.fr\/blog\/wp-content\/uploads\/2017\/02\/vilhonneur-visage-detail.jpg","contentUrl":"https:\/\/www.imaq.fr\/blog\/wp-content\/uploads\/2017\/02\/vilhonneur-visage-detail.jpg","width":530,"height":599,"caption":"Le visage de la Grotte de Vilhonneur"},{"@type":"BreadcrumbList","@id":"https:\/\/www.imaq.fr\/blog\/2017\/03\/emergence-du-symbole\/#breadcrumb","itemListElement":[{"@type":"ListItem","position":1,"name":"Accueil","item":"https:\/\/www.imaq.fr\/blog\/"},{"@type":"ListItem","position":2,"name":"Conf\u00e9rence sur \u00ab l&rsquo;\u00e9mergence du symbole \u00bb"}]},{"@type":"WebSite","@id":"https:\/\/www.imaq.fr\/blog\/#website","url":"https:\/\/www.imaq.fr\/blog\/","name":"Biennale Culturelle Ma\u00e7onnique de Bordeaux","description":"IMAQ","publisher":{"@id":"https:\/\/www.imaq.fr\/blog\/#organization"},"potentialAction":[{"@type":"SearchAction","target":{"@type":"EntryPoint","urlTemplate":"https:\/\/www.imaq.fr\/blog\/?s={search_term_string}"},"query-input":{"@type":"PropertyValueSpecification","valueRequired":true,"valueName":"search_term_string"}}],"inLanguage":"fr-FR"},{"@type":"Organization","@id":"https:\/\/www.imaq.fr\/blog\/#organization","name":"Biennale Culturelle Ma\u00e7onnique de Bordeaux","url":"https:\/\/www.imaq.fr\/blog\/","logo":{"@type":"ImageObject","inLanguage":"fr-FR","@id":"https:\/\/www.imaq.fr\/blog\/#\/schema\/logo\/image\/","url":"https:\/\/www.imaq.fr\/blog\/wp-content\/uploads\/2014\/12\/logo-bcmc.jpg","contentUrl":"https:\/\/www.imaq.fr\/blog\/wp-content\/uploads\/2014\/12\/logo-bcmc.jpg","width":759,"height":784,"caption":"Biennale Culturelle Ma\u00e7onnique de Bordeaux"},"image":{"@id":"https:\/\/www.imaq.fr\/blog\/#\/schema\/logo\/image\/"},"sameAs":["https:\/\/www.facebook.com\/biennaleculturellemaconnique.bordeaux"]},{"@type":"Person","@id":"https:\/\/www.imaq.fr\/blog\/#\/schema\/person\/3df683af05c9d4e9401e01364d03a5fd","name":"BCMB","image":{"@type":"ImageObject","inLanguage":"fr-FR","@id":"https:\/\/secure.gravatar.com\/avatar\/d6fbbbb38de40bcc3a41d4467d090d3b92513d4eb33fc933729359bbce505880?s=96&d=identicon&r=g","url":"https:\/\/secure.gravatar.com\/avatar\/d6fbbbb38de40bcc3a41d4467d090d3b92513d4eb33fc933729359bbce505880?s=96&d=identicon&r=g","contentUrl":"https:\/\/secure.gravatar.com\/avatar\/d6fbbbb38de40bcc3a41d4467d090d3b92513d4eb33fc933729359bbce505880?s=96&d=identicon&r=g","caption":"BCMB"},"sameAs":["https:\/\/www.imaq.fr"],"url":"https:\/\/www.imaq.fr\/blog\/author\/pomirol\/"}]}},"_links":{"self":[{"href":"https:\/\/www.imaq.fr\/blog\/wp-json\/wp\/v2\/posts\/816","targetHints":{"allow":["GET"]}}],"collection":[{"href":"https:\/\/www.imaq.fr\/blog\/wp-json\/wp\/v2\/posts"}],"about":[{"href":"https:\/\/www.imaq.fr\/blog\/wp-json\/wp\/v2\/types\/post"}],"author":[{"embeddable":true,"href":"https:\/\/www.imaq.fr\/blog\/wp-json\/wp\/v2\/users\/2"}],"replies":[{"embeddable":true,"href":"https:\/\/www.imaq.fr\/blog\/wp-json\/wp\/v2\/comments?post=816"}],"version-history":[{"count":0,"href":"https:\/\/www.imaq.fr\/blog\/wp-json\/wp\/v2\/posts\/816\/revisions"}],"wp:attachment":[{"href":"https:\/\/www.imaq.fr\/blog\/wp-json\/wp\/v2\/media?parent=816"}],"wp:term":[{"taxonomy":"category","embeddable":true,"href":"https:\/\/www.imaq.fr\/blog\/wp-json\/wp\/v2\/categories?post=816"},{"taxonomy":"post_tag","embeddable":true,"href":"https:\/\/www.imaq.fr\/blog\/wp-json\/wp\/v2\/tags?post=816"}],"curies":[{"name":"wp","href":"https:\/\/api.w.org\/{rel}","templated":true}]}}