{"id":893,"date":"2017-04-03T14:52:29","date_gmt":"2017-04-03T14:52:29","guid":{"rendered":"https:\/\/www.imaq.fr\/blog\/?p=893"},"modified":"2018-04-19T14:28:26","modified_gmt":"2018-04-19T14:28:26","slug":"communique-du-godf-les-dirigeants-des-27-au-vatican-une-initiative-contestable","status":"publish","type":"post","link":"https:\/\/www.imaq.fr\/blog\/2017\/04\/communique-du-godf-les-dirigeants-des-27-au-vatican-une-initiative-contestable\/","title":{"rendered":"Communiqu\u00e9 du GODF &#8211; Les dirigeants des 27 au Vatican : une initiative contestable"},"content":{"rendered":"<p>Le Conseil de l\u2019Ordre du Grand Orient de France d\u00e9nonce la visite rendue au Pape par les chefs d\u2019Etats et de gouvernements de l\u2019Union europ\u00e9enne le 24 mars 2017.<\/p>\n<p>Placer le soixanti\u00e8me anniversaire du Trait\u00e9 de Rome sous les auspices de l\u2019Eglise catholique exprime la n\u00e9gation de la diversit\u00e9 des opinions philosophiques et religieuses des citoyens europ\u00e9ens \u00e0 un moment o\u00f9 le monde est en proie aux affrontements interreligieux, \u00e0 l\u2019extr\u00e9misme et \u00e0 l\u2019intol\u00e9rance.<\/p>\n<p>Comme en 2010, le Grand Orient de France rappelle que les racines spirituelles de l\u2019Europe sont diverses et qu\u2019il n\u2019est pas acceptable que la composante chr\u00e9tienne soit mise en avant au d\u00e9triment des autres.<\/p>\n<p>Le Grand Orient de France rappelle que la libert\u00e9 absolue de conscience exprime autant la libert\u00e9 de croire et de souscrire \u00e0 la religion de son choix que celle de ne pas croire.<\/p>\n<p>Le 3 avril 2017<\/p>\n","protected":false},"excerpt":{"rendered":"<p>Le Conseil de l\u2019Ordre du Grand Orient de France d\u00e9nonce la visite rendue au Pape par les chefs d\u2019Etats et de gouvernements de l\u2019Union europ\u00e9enne le 24 mars 2017. Placer le soixanti\u00e8me anniversaire du Trait\u00e9 de Rome sous les auspices de l\u2019Eglise catholique exprime la n\u00e9gation de la diversit\u00e9 des opinions philosophiques et religieuses des [&hellip;]<\/p>\n","protected":false},"author":2,"featured_media":0,"comment_status":"closed","ping_status":"closed","sticky":false,"template":"","format":"standard","meta":{"_editorskit_title_hidden":false,"_editorskit_reading_time":0,"_editorskit_is_block_options_detached":false,"_editorskit_block_options_position":"{}","footnotes":""},"categories":[31,13],"tags":[],"class_list":["post-893","post","type-post","status-publish","format-standard","hentry","category-communiques","category-obedience"],"yoast_head":"<!-- This site is optimized with the Yoast SEO plugin v27.5 - https:\/\/yoast.com\/product\/yoast-seo-wordpress\/ -->\n<title>Communiqu\u00e9 du GODF - Les dirigeants des 27 au Vatican : une initiative contestable - Biennale Culturelle Ma\u00e7onnique de Bordeaux<\/title>\n<meta name=\"robots\" content=\"index, follow, max-snippet:-1, max-image-preview:large, max-video-preview:-1\" \/>\n<link rel=\"canonical\" href=\"https:\/\/www.imaq.fr\/blog\/2017\/04\/communique-du-godf-les-dirigeants-des-27-au-vatican-une-initiative-contestable\/\" \/>\n<meta property=\"og:locale\" content=\"fr_FR\" \/>\n<meta property=\"og:type\" content=\"article\" \/>\n<meta property=\"og:title\" content=\"Communiqu\u00e9 du GODF - Les dirigeants des 27 au Vatican : une initiative contestable - Biennale Culturelle Ma\u00e7onnique de Bordeaux\" \/>\n<meta property=\"og:description\" content=\"Le Conseil de l\u2019Ordre du Grand Orient de France d\u00e9nonce la visite rendue au Pape par les chefs d\u2019Etats et de gouvernements de l\u2019Union europ\u00e9enne le 24 mars 2017. Placer le soixanti\u00e8me anniversaire du Trait\u00e9 de Rome sous les auspices de l\u2019Eglise catholique exprime la n\u00e9gation de la diversit\u00e9 des opinions philosophiques et religieuses des [&hellip;]\" \/>\n<meta property=\"og:url\" content=\"https:\/\/www.imaq.fr\/blog\/2017\/04\/communique-du-godf-les-dirigeants-des-27-au-vatican-une-initiative-contestable\/\" \/>\n<meta property=\"og:site_name\" content=\"Biennale Culturelle Ma\u00e7onnique de Bordeaux\" \/>\n<meta property=\"article:publisher\" content=\"https:\/\/www.facebook.com\/biennaleculturellemaconnique.bordeaux\" \/>\n<meta property=\"article:published_time\" content=\"2017-04-03T14:52:29+00:00\" \/>\n<meta property=\"article:modified_time\" content=\"2018-04-19T14:28:26+00:00\" \/>\n<meta name=\"author\" content=\"BCMB\" \/>\n<meta name=\"twitter:card\" content=\"summary_large_image\" \/>\n<meta name=\"twitter:label1\" content=\"\u00c9crit par\" \/>\n\t<meta name=\"twitter:data1\" content=\"BCMB\" \/>\n\t<meta name=\"twitter:label2\" content=\"Dur\u00e9e de lecture estim\u00e9e\" \/>\n\t<meta name=\"twitter:data2\" content=\"1 minute\" \/>\n<script type=\"application\/ld+json\" class=\"yoast-schema-graph\">{\"@context\":\"https:\\\/\\\/schema.org\",\"@graph\":[{\"@type\":\"Article\",\"@id\":\"https:\\\/\\\/www.imaq.fr\\\/blog\\\/2017\\\/04\\\/communique-du-godf-les-dirigeants-des-27-au-vatican-une-initiative-contestable\\\/#article\",\"isPartOf\":{\"@id\":\"https:\\\/\\\/www.imaq.fr\\\/blog\\\/2017\\\/04\\\/communique-du-godf-les-dirigeants-des-27-au-vatican-une-initiative-contestable\\\/\"},\"author\":{\"name\":\"BCMB\",\"@id\":\"https:\\\/\\\/www.imaq.fr\\\/blog\\\/#\\\/schema\\\/person\\\/3df683af05c9d4e9401e01364d03a5fd\"},\"headline\":\"Communiqu\u00e9 du GODF &#8211; Les dirigeants des 27 au Vatican : une initiative contestable\",\"datePublished\":\"2017-04-03T14:52:29+00:00\",\"dateModified\":\"2018-04-19T14:28:26+00:00\",\"mainEntityOfPage\":{\"@id\":\"https:\\\/\\\/www.imaq.fr\\\/blog\\\/2017\\\/04\\\/communique-du-godf-les-dirigeants-des-27-au-vatican-une-initiative-contestable\\\/\"},\"wordCount\":166,\"publisher\":{\"@id\":\"https:\\\/\\\/www.imaq.fr\\\/blog\\\/#organization\"},\"articleSection\":[\"Communiqu\u00e9s\",\"Ob\u00e9diences\"],\"inLanguage\":\"fr-FR\"},{\"@type\":\"WebPage\",\"@id\":\"https:\\\/\\\/www.imaq.fr\\\/blog\\\/2017\\\/04\\\/communique-du-godf-les-dirigeants-des-27-au-vatican-une-initiative-contestable\\\/\",\"url\":\"https:\\\/\\\/www.imaq.fr\\\/blog\\\/2017\\\/04\\\/communique-du-godf-les-dirigeants-des-27-au-vatican-une-initiative-contestable\\\/\",\"name\":\"Communiqu\u00e9 du GODF - Les dirigeants des 27 au Vatican : une initiative contestable - Biennale Culturelle Ma\u00e7onnique de Bordeaux\",\"isPartOf\":{\"@id\":\"https:\\\/\\\/www.imaq.fr\\\/blog\\\/#website\"},\"datePublished\":\"2017-04-03T14:52:29+00:00\",\"dateModified\":\"2018-04-19T14:28:26+00:00\",\"breadcrumb\":{\"@id\":\"https:\\\/\\\/www.imaq.fr\\\/blog\\\/2017\\\/04\\\/communique-du-godf-les-dirigeants-des-27-au-vatican-une-initiative-contestable\\\/#breadcrumb\"},\"inLanguage\":\"fr-FR\",\"potentialAction\":[{\"@type\":\"ReadAction\",\"target\":[\"https:\\\/\\\/www.imaq.fr\\\/blog\\\/2017\\\/04\\\/communique-du-godf-les-dirigeants-des-27-au-vatican-une-initiative-contestable\\\/\"]}]},{\"@type\":\"BreadcrumbList\",\"@id\":\"https:\\\/\\\/www.imaq.fr\\\/blog\\\/2017\\\/04\\\/communique-du-godf-les-dirigeants-des-27-au-vatican-une-initiative-contestable\\\/#breadcrumb\",\"itemListElement\":[{\"@type\":\"ListItem\",\"position\":1,\"name\":\"Accueil\",\"item\":\"https:\\\/\\\/www.imaq.fr\\\/blog\\\/\"},{\"@type\":\"ListItem\",\"position\":2,\"name\":\"Communiqu\u00e9 du GODF &#8211; Les dirigeants des 27 au Vatican : une initiative contestable\"}]},{\"@type\":\"WebSite\",\"@id\":\"https:\\\/\\\/www.imaq.fr\\\/blog\\\/#website\",\"url\":\"https:\\\/\\\/www.imaq.fr\\\/blog\\\/\",\"name\":\"Biennale Culturelle Ma\u00e7onnique de Bordeaux\",\"description\":\"IMAQ\",\"publisher\":{\"@id\":\"https:\\\/\\\/www.imaq.fr\\\/blog\\\/#organization\"},\"potentialAction\":[{\"@type\":\"SearchAction\",\"target\":{\"@type\":\"EntryPoint\",\"urlTemplate\":\"https:\\\/\\\/www.imaq.fr\\\/blog\\\/?s={search_term_string}\"},\"query-input\":{\"@type\":\"PropertyValueSpecification\",\"valueRequired\":true,\"valueName\":\"search_term_string\"}}],\"inLanguage\":\"fr-FR\"},{\"@type\":\"Organization\",\"@id\":\"https:\\\/\\\/www.imaq.fr\\\/blog\\\/#organization\",\"name\":\"Biennale Culturelle Ma\u00e7onnique de Bordeaux\",\"url\":\"https:\\\/\\\/www.imaq.fr\\\/blog\\\/\",\"logo\":{\"@type\":\"ImageObject\",\"inLanguage\":\"fr-FR\",\"@id\":\"https:\\\/\\\/www.imaq.fr\\\/blog\\\/#\\\/schema\\\/logo\\\/image\\\/\",\"url\":\"https:\\\/\\\/www.imaq.fr\\\/blog\\\/wp-content\\\/uploads\\\/2014\\\/12\\\/logo-bcmc.jpg\",\"contentUrl\":\"https:\\\/\\\/www.imaq.fr\\\/blog\\\/wp-content\\\/uploads\\\/2014\\\/12\\\/logo-bcmc.jpg\",\"width\":759,\"height\":784,\"caption\":\"Biennale Culturelle Ma\u00e7onnique de Bordeaux\"},\"image\":{\"@id\":\"https:\\\/\\\/www.imaq.fr\\\/blog\\\/#\\\/schema\\\/logo\\\/image\\\/\"},\"sameAs\":[\"https:\\\/\\\/www.facebook.com\\\/biennaleculturellemaconnique.bordeaux\"]},{\"@type\":\"Person\",\"@id\":\"https:\\\/\\\/www.imaq.fr\\\/blog\\\/#\\\/schema\\\/person\\\/3df683af05c9d4e9401e01364d03a5fd\",\"name\":\"BCMB\",\"image\":{\"@type\":\"ImageObject\",\"inLanguage\":\"fr-FR\",\"@id\":\"https:\\\/\\\/secure.gravatar.com\\\/avatar\\\/d6fbbbb38de40bcc3a41d4467d090d3b92513d4eb33fc933729359bbce505880?s=96&d=identicon&r=g\",\"url\":\"https:\\\/\\\/secure.gravatar.com\\\/avatar\\\/d6fbbbb38de40bcc3a41d4467d090d3b92513d4eb33fc933729359bbce505880?s=96&d=identicon&r=g\",\"contentUrl\":\"https:\\\/\\\/secure.gravatar.com\\\/avatar\\\/d6fbbbb38de40bcc3a41d4467d090d3b92513d4eb33fc933729359bbce505880?s=96&d=identicon&r=g\",\"caption\":\"BCMB\"},\"sameAs\":[\"https:\\\/\\\/www.imaq.fr\"],\"url\":\"https:\\\/\\\/www.imaq.fr\\\/blog\\\/author\\\/pomirol\\\/\"}]}<\/script>\n<!-- \/ Yoast SEO plugin. -->","yoast_head_json":{"title":"Communiqu\u00e9 du GODF - Les dirigeants des 27 au Vatican : une initiative contestable - Biennale Culturelle Ma\u00e7onnique de Bordeaux","robots":{"index":"index","follow":"follow","max-snippet":"max-snippet:-1","max-image-preview":"max-image-preview:large","max-video-preview":"max-video-preview:-1"},"canonical":"https:\/\/www.imaq.fr\/blog\/2017\/04\/communique-du-godf-les-dirigeants-des-27-au-vatican-une-initiative-contestable\/","og_locale":"fr_FR","og_type":"article","og_title":"Communiqu\u00e9 du GODF - Les dirigeants des 27 au Vatican : une initiative contestable - Biennale Culturelle Ma\u00e7onnique de Bordeaux","og_description":"Le Conseil de l\u2019Ordre du Grand Orient de France d\u00e9nonce la visite rendue au Pape par les chefs d\u2019Etats et de gouvernements de l\u2019Union europ\u00e9enne le 24 mars 2017. Placer le soixanti\u00e8me anniversaire du Trait\u00e9 de Rome sous les auspices de l\u2019Eglise catholique exprime la n\u00e9gation de la diversit\u00e9 des opinions philosophiques et religieuses des [&hellip;]","og_url":"https:\/\/www.imaq.fr\/blog\/2017\/04\/communique-du-godf-les-dirigeants-des-27-au-vatican-une-initiative-contestable\/","og_site_name":"Biennale Culturelle Ma\u00e7onnique de Bordeaux","article_publisher":"https:\/\/www.facebook.com\/biennaleculturellemaconnique.bordeaux","article_published_time":"2017-04-03T14:52:29+00:00","article_modified_time":"2018-04-19T14:28:26+00:00","author":"BCMB","twitter_card":"summary_large_image","twitter_misc":{"\u00c9crit par":"BCMB","Dur\u00e9e de lecture estim\u00e9e":"1 minute"},"schema":{"@context":"https:\/\/schema.org","@graph":[{"@type":"Article","@id":"https:\/\/www.imaq.fr\/blog\/2017\/04\/communique-du-godf-les-dirigeants-des-27-au-vatican-une-initiative-contestable\/#article","isPartOf":{"@id":"https:\/\/www.imaq.fr\/blog\/2017\/04\/communique-du-godf-les-dirigeants-des-27-au-vatican-une-initiative-contestable\/"},"author":{"name":"BCMB","@id":"https:\/\/www.imaq.fr\/blog\/#\/schema\/person\/3df683af05c9d4e9401e01364d03a5fd"},"headline":"Communiqu\u00e9 du GODF &#8211; Les dirigeants des 27 au Vatican : une initiative contestable","datePublished":"2017-04-03T14:52:29+00:00","dateModified":"2018-04-19T14:28:26+00:00","mainEntityOfPage":{"@id":"https:\/\/www.imaq.fr\/blog\/2017\/04\/communique-du-godf-les-dirigeants-des-27-au-vatican-une-initiative-contestable\/"},"wordCount":166,"publisher":{"@id":"https:\/\/www.imaq.fr\/blog\/#organization"},"articleSection":["Communiqu\u00e9s","Ob\u00e9diences"],"inLanguage":"fr-FR"},{"@type":"WebPage","@id":"https:\/\/www.imaq.fr\/blog\/2017\/04\/communique-du-godf-les-dirigeants-des-27-au-vatican-une-initiative-contestable\/","url":"https:\/\/www.imaq.fr\/blog\/2017\/04\/communique-du-godf-les-dirigeants-des-27-au-vatican-une-initiative-contestable\/","name":"Communiqu\u00e9 du GODF - Les dirigeants des 27 au Vatican : une initiative contestable - Biennale Culturelle Ma\u00e7onnique de Bordeaux","isPartOf":{"@id":"https:\/\/www.imaq.fr\/blog\/#website"},"datePublished":"2017-04-03T14:52:29+00:00","dateModified":"2018-04-19T14:28:26+00:00","breadcrumb":{"@id":"https:\/\/www.imaq.fr\/blog\/2017\/04\/communique-du-godf-les-dirigeants-des-27-au-vatican-une-initiative-contestable\/#breadcrumb"},"inLanguage":"fr-FR","potentialAction":[{"@type":"ReadAction","target":["https:\/\/www.imaq.fr\/blog\/2017\/04\/communique-du-godf-les-dirigeants-des-27-au-vatican-une-initiative-contestable\/"]}]},{"@type":"BreadcrumbList","@id":"https:\/\/www.imaq.fr\/blog\/2017\/04\/communique-du-godf-les-dirigeants-des-27-au-vatican-une-initiative-contestable\/#breadcrumb","itemListElement":[{"@type":"ListItem","position":1,"name":"Accueil","item":"https:\/\/www.imaq.fr\/blog\/"},{"@type":"ListItem","position":2,"name":"Communiqu\u00e9 du GODF &#8211; Les dirigeants des 27 au Vatican : une initiative contestable"}]},{"@type":"WebSite","@id":"https:\/\/www.imaq.fr\/blog\/#website","url":"https:\/\/www.imaq.fr\/blog\/","name":"Biennale Culturelle Ma\u00e7onnique de Bordeaux","description":"IMAQ","publisher":{"@id":"https:\/\/www.imaq.fr\/blog\/#organization"},"potentialAction":[{"@type":"SearchAction","target":{"@type":"EntryPoint","urlTemplate":"https:\/\/www.imaq.fr\/blog\/?s={search_term_string}"},"query-input":{"@type":"PropertyValueSpecification","valueRequired":true,"valueName":"search_term_string"}}],"inLanguage":"fr-FR"},{"@type":"Organization","@id":"https:\/\/www.imaq.fr\/blog\/#organization","name":"Biennale Culturelle Ma\u00e7onnique de Bordeaux","url":"https:\/\/www.imaq.fr\/blog\/","logo":{"@type":"ImageObject","inLanguage":"fr-FR","@id":"https:\/\/www.imaq.fr\/blog\/#\/schema\/logo\/image\/","url":"https:\/\/www.imaq.fr\/blog\/wp-content\/uploads\/2014\/12\/logo-bcmc.jpg","contentUrl":"https:\/\/www.imaq.fr\/blog\/wp-content\/uploads\/2014\/12\/logo-bcmc.jpg","width":759,"height":784,"caption":"Biennale Culturelle Ma\u00e7onnique de Bordeaux"},"image":{"@id":"https:\/\/www.imaq.fr\/blog\/#\/schema\/logo\/image\/"},"sameAs":["https:\/\/www.facebook.com\/biennaleculturellemaconnique.bordeaux"]},{"@type":"Person","@id":"https:\/\/www.imaq.fr\/blog\/#\/schema\/person\/3df683af05c9d4e9401e01364d03a5fd","name":"BCMB","image":{"@type":"ImageObject","inLanguage":"fr-FR","@id":"https:\/\/secure.gravatar.com\/avatar\/d6fbbbb38de40bcc3a41d4467d090d3b92513d4eb33fc933729359bbce505880?s=96&d=identicon&r=g","url":"https:\/\/secure.gravatar.com\/avatar\/d6fbbbb38de40bcc3a41d4467d090d3b92513d4eb33fc933729359bbce505880?s=96&d=identicon&r=g","contentUrl":"https:\/\/secure.gravatar.com\/avatar\/d6fbbbb38de40bcc3a41d4467d090d3b92513d4eb33fc933729359bbce505880?s=96&d=identicon&r=g","caption":"BCMB"},"sameAs":["https:\/\/www.imaq.fr"],"url":"https:\/\/www.imaq.fr\/blog\/author\/pomirol\/"}]}},"_links":{"self":[{"href":"https:\/\/www.imaq.fr\/blog\/wp-json\/wp\/v2\/posts\/893","targetHints":{"allow":["GET"]}}],"collection":[{"href":"https:\/\/www.imaq.fr\/blog\/wp-json\/wp\/v2\/posts"}],"about":[{"href":"https:\/\/www.imaq.fr\/blog\/wp-json\/wp\/v2\/types\/post"}],"author":[{"embeddable":true,"href":"https:\/\/www.imaq.fr\/blog\/wp-json\/wp\/v2\/users\/2"}],"replies":[{"embeddable":true,"href":"https:\/\/www.imaq.fr\/blog\/wp-json\/wp\/v2\/comments?post=893"}],"version-history":[{"count":0,"href":"https:\/\/www.imaq.fr\/blog\/wp-json\/wp\/v2\/posts\/893\/revisions"}],"wp:attachment":[{"href":"https:\/\/www.imaq.fr\/blog\/wp-json\/wp\/v2\/media?parent=893"}],"wp:term":[{"taxonomy":"category","embeddable":true,"href":"https:\/\/www.imaq.fr\/blog\/wp-json\/wp\/v2\/categories?post=893"},{"taxonomy":"post_tag","embeddable":true,"href":"https:\/\/www.imaq.fr\/blog\/wp-json\/wp\/v2\/tags?post=893"}],"curies":[{"name":"wp","href":"https:\/\/api.w.org\/{rel}","templated":true}]}}