{"id":898,"date":"2017-04-04T07:59:10","date_gmt":"2017-04-04T07:59:10","guid":{"rendered":"https:\/\/www.imaq.fr\/blog\/?p=898"},"modified":"2018-04-19T14:28:16","modified_gmt":"2018-04-19T14:28:16","slug":"communique-du-dh-guyanne","status":"publish","type":"post","link":"https:\/\/www.imaq.fr\/blog\/2017\/04\/communique-du-dh-guyanne\/","title":{"rendered":"Communiqu\u00e9 du DH &#8211; Guyanne"},"content":{"rendered":"<p>Depuis deux semaines la Guyane conna\u00eet un tr\u00e8s large mouvement de protestation dans lequel s\u2019engagent des citoyens hommes et femmes de tous \u00e2ges et toutes professions. Il s\u2019agit d\u2019obtenir une remise \u00e0 niveau g\u00e9n\u00e9rale concernant tous les aspects de la vie et de l\u2019activit\u00e9 du d\u00e9partement. Un retard consid\u00e9rable s\u2019est accumul\u00e9, le vivre ensemble est mis en difficult\u00e9 et des mesures cosm\u00e9tiques ne peuvent suffire.<\/p>\n<p>Nous devons porter la plus grande attention \u00e0 ce que les fran\u00e7ais de Guyane vivent en ce moment.<\/p>\n<p>Attach\u00e9s \u00e0 l\u2019id\u00e9al de fraternit\u00e9, d\u2019\u00e9galit\u00e9, de justice sociale, de paix et d\u2019harmonie, nous esp\u00e9rons que de ce mouvement collectif, lucide et d\u00e9termin\u00e9, sortira un futur nouveau pour la Guyane.<\/p>\n<p>Alain Michon.<\/p>\n<p>Grand Ma\u00eetre National de la F\u00e9d\u00e9ration fran\u00e7aise de l\u2019Ordre Ma\u00e7onnique Mixte International LE DROIT HUMAIN.<\/p>\n","protected":false},"excerpt":{"rendered":"<p>Depuis deux semaines la Guyane conna\u00eet un tr\u00e8s large mouvement de protestation dans lequel s\u2019engagent des citoyens hommes et femmes de tous \u00e2ges et toutes professions. Il s\u2019agit d\u2019obtenir une remise \u00e0 niveau g\u00e9n\u00e9rale concernant tous les aspects de la vie et de l\u2019activit\u00e9 du d\u00e9partement. Un retard consid\u00e9rable s\u2019est accumul\u00e9, le vivre ensemble est [&hellip;]<\/p>\n","protected":false},"author":2,"featured_media":0,"comment_status":"closed","ping_status":"closed","sticky":false,"template":"","format":"standard","meta":{"_editorskit_title_hidden":false,"_editorskit_reading_time":0,"_editorskit_is_block_options_detached":false,"_editorskit_block_options_position":"{}","footnotes":""},"categories":[31,13],"tags":[],"class_list":["post-898","post","type-post","status-publish","format-standard","hentry","category-communiques","category-obedience"],"yoast_head":"<!-- This site is optimized with the Yoast SEO plugin v27.5 - https:\/\/yoast.com\/product\/yoast-seo-wordpress\/ -->\n<title>Communiqu\u00e9 du DH - Guyanne - Biennale Culturelle Ma\u00e7onnique de Bordeaux<\/title>\n<meta name=\"robots\" content=\"index, follow, max-snippet:-1, max-image-preview:large, max-video-preview:-1\" \/>\n<link rel=\"canonical\" href=\"https:\/\/www.imaq.fr\/blog\/2017\/04\/communique-du-dh-guyanne\/\" \/>\n<meta property=\"og:locale\" content=\"fr_FR\" \/>\n<meta property=\"og:type\" content=\"article\" \/>\n<meta property=\"og:title\" content=\"Communiqu\u00e9 du DH - Guyanne - Biennale Culturelle Ma\u00e7onnique de Bordeaux\" \/>\n<meta property=\"og:description\" content=\"Depuis deux semaines la Guyane conna\u00eet un tr\u00e8s large mouvement de protestation dans lequel s\u2019engagent des citoyens hommes et femmes de tous \u00e2ges et toutes professions. Il s\u2019agit d\u2019obtenir une remise \u00e0 niveau g\u00e9n\u00e9rale concernant tous les aspects de la vie et de l\u2019activit\u00e9 du d\u00e9partement. Un retard consid\u00e9rable s\u2019est accumul\u00e9, le vivre ensemble est [&hellip;]\" \/>\n<meta property=\"og:url\" content=\"https:\/\/www.imaq.fr\/blog\/2017\/04\/communique-du-dh-guyanne\/\" \/>\n<meta property=\"og:site_name\" content=\"Biennale Culturelle Ma\u00e7onnique de Bordeaux\" \/>\n<meta property=\"article:publisher\" content=\"https:\/\/www.facebook.com\/biennaleculturellemaconnique.bordeaux\" \/>\n<meta property=\"article:published_time\" content=\"2017-04-04T07:59:10+00:00\" \/>\n<meta property=\"article:modified_time\" content=\"2018-04-19T14:28:16+00:00\" \/>\n<meta name=\"author\" content=\"BCMB\" \/>\n<meta name=\"twitter:card\" content=\"summary_large_image\" \/>\n<meta name=\"twitter:label1\" content=\"\u00c9crit par\" \/>\n\t<meta name=\"twitter:data1\" content=\"BCMB\" \/>\n\t<meta name=\"twitter:label2\" content=\"Dur\u00e9e de lecture estim\u00e9e\" \/>\n\t<meta name=\"twitter:data2\" content=\"1 minute\" \/>\n<script type=\"application\/ld+json\" class=\"yoast-schema-graph\">{\"@context\":\"https:\\\/\\\/schema.org\",\"@graph\":[{\"@type\":\"Article\",\"@id\":\"https:\\\/\\\/www.imaq.fr\\\/blog\\\/2017\\\/04\\\/communique-du-dh-guyanne\\\/#article\",\"isPartOf\":{\"@id\":\"https:\\\/\\\/www.imaq.fr\\\/blog\\\/2017\\\/04\\\/communique-du-dh-guyanne\\\/\"},\"author\":{\"name\":\"BCMB\",\"@id\":\"https:\\\/\\\/www.imaq.fr\\\/blog\\\/#\\\/schema\\\/person\\\/3df683af05c9d4e9401e01364d03a5fd\"},\"headline\":\"Communiqu\u00e9 du DH &#8211; Guyanne\",\"datePublished\":\"2017-04-04T07:59:10+00:00\",\"dateModified\":\"2018-04-19T14:28:16+00:00\",\"mainEntityOfPage\":{\"@id\":\"https:\\\/\\\/www.imaq.fr\\\/blog\\\/2017\\\/04\\\/communique-du-dh-guyanne\\\/\"},\"wordCount\":158,\"publisher\":{\"@id\":\"https:\\\/\\\/www.imaq.fr\\\/blog\\\/#organization\"},\"articleSection\":[\"Communiqu\u00e9s\",\"Ob\u00e9diences\"],\"inLanguage\":\"fr-FR\"},{\"@type\":\"WebPage\",\"@id\":\"https:\\\/\\\/www.imaq.fr\\\/blog\\\/2017\\\/04\\\/communique-du-dh-guyanne\\\/\",\"url\":\"https:\\\/\\\/www.imaq.fr\\\/blog\\\/2017\\\/04\\\/communique-du-dh-guyanne\\\/\",\"name\":\"Communiqu\u00e9 du DH - Guyanne - Biennale Culturelle Ma\u00e7onnique de Bordeaux\",\"isPartOf\":{\"@id\":\"https:\\\/\\\/www.imaq.fr\\\/blog\\\/#website\"},\"datePublished\":\"2017-04-04T07:59:10+00:00\",\"dateModified\":\"2018-04-19T14:28:16+00:00\",\"breadcrumb\":{\"@id\":\"https:\\\/\\\/www.imaq.fr\\\/blog\\\/2017\\\/04\\\/communique-du-dh-guyanne\\\/#breadcrumb\"},\"inLanguage\":\"fr-FR\",\"potentialAction\":[{\"@type\":\"ReadAction\",\"target\":[\"https:\\\/\\\/www.imaq.fr\\\/blog\\\/2017\\\/04\\\/communique-du-dh-guyanne\\\/\"]}]},{\"@type\":\"BreadcrumbList\",\"@id\":\"https:\\\/\\\/www.imaq.fr\\\/blog\\\/2017\\\/04\\\/communique-du-dh-guyanne\\\/#breadcrumb\",\"itemListElement\":[{\"@type\":\"ListItem\",\"position\":1,\"name\":\"Accueil\",\"item\":\"https:\\\/\\\/www.imaq.fr\\\/blog\\\/\"},{\"@type\":\"ListItem\",\"position\":2,\"name\":\"Communiqu\u00e9 du DH &#8211; Guyanne\"}]},{\"@type\":\"WebSite\",\"@id\":\"https:\\\/\\\/www.imaq.fr\\\/blog\\\/#website\",\"url\":\"https:\\\/\\\/www.imaq.fr\\\/blog\\\/\",\"name\":\"Biennale Culturelle Ma\u00e7onnique de Bordeaux\",\"description\":\"IMAQ\",\"publisher\":{\"@id\":\"https:\\\/\\\/www.imaq.fr\\\/blog\\\/#organization\"},\"potentialAction\":[{\"@type\":\"SearchAction\",\"target\":{\"@type\":\"EntryPoint\",\"urlTemplate\":\"https:\\\/\\\/www.imaq.fr\\\/blog\\\/?s={search_term_string}\"},\"query-input\":{\"@type\":\"PropertyValueSpecification\",\"valueRequired\":true,\"valueName\":\"search_term_string\"}}],\"inLanguage\":\"fr-FR\"},{\"@type\":\"Organization\",\"@id\":\"https:\\\/\\\/www.imaq.fr\\\/blog\\\/#organization\",\"name\":\"Biennale Culturelle Ma\u00e7onnique de Bordeaux\",\"url\":\"https:\\\/\\\/www.imaq.fr\\\/blog\\\/\",\"logo\":{\"@type\":\"ImageObject\",\"inLanguage\":\"fr-FR\",\"@id\":\"https:\\\/\\\/www.imaq.fr\\\/blog\\\/#\\\/schema\\\/logo\\\/image\\\/\",\"url\":\"https:\\\/\\\/www.imaq.fr\\\/blog\\\/wp-content\\\/uploads\\\/2014\\\/12\\\/logo-bcmc.jpg\",\"contentUrl\":\"https:\\\/\\\/www.imaq.fr\\\/blog\\\/wp-content\\\/uploads\\\/2014\\\/12\\\/logo-bcmc.jpg\",\"width\":759,\"height\":784,\"caption\":\"Biennale Culturelle Ma\u00e7onnique de Bordeaux\"},\"image\":{\"@id\":\"https:\\\/\\\/www.imaq.fr\\\/blog\\\/#\\\/schema\\\/logo\\\/image\\\/\"},\"sameAs\":[\"https:\\\/\\\/www.facebook.com\\\/biennaleculturellemaconnique.bordeaux\"]},{\"@type\":\"Person\",\"@id\":\"https:\\\/\\\/www.imaq.fr\\\/blog\\\/#\\\/schema\\\/person\\\/3df683af05c9d4e9401e01364d03a5fd\",\"name\":\"BCMB\",\"image\":{\"@type\":\"ImageObject\",\"inLanguage\":\"fr-FR\",\"@id\":\"https:\\\/\\\/secure.gravatar.com\\\/avatar\\\/d6fbbbb38de40bcc3a41d4467d090d3b92513d4eb33fc933729359bbce505880?s=96&d=identicon&r=g\",\"url\":\"https:\\\/\\\/secure.gravatar.com\\\/avatar\\\/d6fbbbb38de40bcc3a41d4467d090d3b92513d4eb33fc933729359bbce505880?s=96&d=identicon&r=g\",\"contentUrl\":\"https:\\\/\\\/secure.gravatar.com\\\/avatar\\\/d6fbbbb38de40bcc3a41d4467d090d3b92513d4eb33fc933729359bbce505880?s=96&d=identicon&r=g\",\"caption\":\"BCMB\"},\"sameAs\":[\"https:\\\/\\\/www.imaq.fr\"],\"url\":\"https:\\\/\\\/www.imaq.fr\\\/blog\\\/author\\\/pomirol\\\/\"}]}<\/script>\n<!-- \/ Yoast SEO plugin. -->","yoast_head_json":{"title":"Communiqu\u00e9 du DH - Guyanne - Biennale Culturelle Ma\u00e7onnique de Bordeaux","robots":{"index":"index","follow":"follow","max-snippet":"max-snippet:-1","max-image-preview":"max-image-preview:large","max-video-preview":"max-video-preview:-1"},"canonical":"https:\/\/www.imaq.fr\/blog\/2017\/04\/communique-du-dh-guyanne\/","og_locale":"fr_FR","og_type":"article","og_title":"Communiqu\u00e9 du DH - Guyanne - Biennale Culturelle Ma\u00e7onnique de Bordeaux","og_description":"Depuis deux semaines la Guyane conna\u00eet un tr\u00e8s large mouvement de protestation dans lequel s\u2019engagent des citoyens hommes et femmes de tous \u00e2ges et toutes professions. Il s\u2019agit d\u2019obtenir une remise \u00e0 niveau g\u00e9n\u00e9rale concernant tous les aspects de la vie et de l\u2019activit\u00e9 du d\u00e9partement. Un retard consid\u00e9rable s\u2019est accumul\u00e9, le vivre ensemble est [&hellip;]","og_url":"https:\/\/www.imaq.fr\/blog\/2017\/04\/communique-du-dh-guyanne\/","og_site_name":"Biennale Culturelle Ma\u00e7onnique de Bordeaux","article_publisher":"https:\/\/www.facebook.com\/biennaleculturellemaconnique.bordeaux","article_published_time":"2017-04-04T07:59:10+00:00","article_modified_time":"2018-04-19T14:28:16+00:00","author":"BCMB","twitter_card":"summary_large_image","twitter_misc":{"\u00c9crit par":"BCMB","Dur\u00e9e de lecture estim\u00e9e":"1 minute"},"schema":{"@context":"https:\/\/schema.org","@graph":[{"@type":"Article","@id":"https:\/\/www.imaq.fr\/blog\/2017\/04\/communique-du-dh-guyanne\/#article","isPartOf":{"@id":"https:\/\/www.imaq.fr\/blog\/2017\/04\/communique-du-dh-guyanne\/"},"author":{"name":"BCMB","@id":"https:\/\/www.imaq.fr\/blog\/#\/schema\/person\/3df683af05c9d4e9401e01364d03a5fd"},"headline":"Communiqu\u00e9 du DH &#8211; Guyanne","datePublished":"2017-04-04T07:59:10+00:00","dateModified":"2018-04-19T14:28:16+00:00","mainEntityOfPage":{"@id":"https:\/\/www.imaq.fr\/blog\/2017\/04\/communique-du-dh-guyanne\/"},"wordCount":158,"publisher":{"@id":"https:\/\/www.imaq.fr\/blog\/#organization"},"articleSection":["Communiqu\u00e9s","Ob\u00e9diences"],"inLanguage":"fr-FR"},{"@type":"WebPage","@id":"https:\/\/www.imaq.fr\/blog\/2017\/04\/communique-du-dh-guyanne\/","url":"https:\/\/www.imaq.fr\/blog\/2017\/04\/communique-du-dh-guyanne\/","name":"Communiqu\u00e9 du DH - Guyanne - Biennale Culturelle Ma\u00e7onnique de Bordeaux","isPartOf":{"@id":"https:\/\/www.imaq.fr\/blog\/#website"},"datePublished":"2017-04-04T07:59:10+00:00","dateModified":"2018-04-19T14:28:16+00:00","breadcrumb":{"@id":"https:\/\/www.imaq.fr\/blog\/2017\/04\/communique-du-dh-guyanne\/#breadcrumb"},"inLanguage":"fr-FR","potentialAction":[{"@type":"ReadAction","target":["https:\/\/www.imaq.fr\/blog\/2017\/04\/communique-du-dh-guyanne\/"]}]},{"@type":"BreadcrumbList","@id":"https:\/\/www.imaq.fr\/blog\/2017\/04\/communique-du-dh-guyanne\/#breadcrumb","itemListElement":[{"@type":"ListItem","position":1,"name":"Accueil","item":"https:\/\/www.imaq.fr\/blog\/"},{"@type":"ListItem","position":2,"name":"Communiqu\u00e9 du DH &#8211; Guyanne"}]},{"@type":"WebSite","@id":"https:\/\/www.imaq.fr\/blog\/#website","url":"https:\/\/www.imaq.fr\/blog\/","name":"Biennale Culturelle Ma\u00e7onnique de Bordeaux","description":"IMAQ","publisher":{"@id":"https:\/\/www.imaq.fr\/blog\/#organization"},"potentialAction":[{"@type":"SearchAction","target":{"@type":"EntryPoint","urlTemplate":"https:\/\/www.imaq.fr\/blog\/?s={search_term_string}"},"query-input":{"@type":"PropertyValueSpecification","valueRequired":true,"valueName":"search_term_string"}}],"inLanguage":"fr-FR"},{"@type":"Organization","@id":"https:\/\/www.imaq.fr\/blog\/#organization","name":"Biennale Culturelle Ma\u00e7onnique de Bordeaux","url":"https:\/\/www.imaq.fr\/blog\/","logo":{"@type":"ImageObject","inLanguage":"fr-FR","@id":"https:\/\/www.imaq.fr\/blog\/#\/schema\/logo\/image\/","url":"https:\/\/www.imaq.fr\/blog\/wp-content\/uploads\/2014\/12\/logo-bcmc.jpg","contentUrl":"https:\/\/www.imaq.fr\/blog\/wp-content\/uploads\/2014\/12\/logo-bcmc.jpg","width":759,"height":784,"caption":"Biennale Culturelle Ma\u00e7onnique de Bordeaux"},"image":{"@id":"https:\/\/www.imaq.fr\/blog\/#\/schema\/logo\/image\/"},"sameAs":["https:\/\/www.facebook.com\/biennaleculturellemaconnique.bordeaux"]},{"@type":"Person","@id":"https:\/\/www.imaq.fr\/blog\/#\/schema\/person\/3df683af05c9d4e9401e01364d03a5fd","name":"BCMB","image":{"@type":"ImageObject","inLanguage":"fr-FR","@id":"https:\/\/secure.gravatar.com\/avatar\/d6fbbbb38de40bcc3a41d4467d090d3b92513d4eb33fc933729359bbce505880?s=96&d=identicon&r=g","url":"https:\/\/secure.gravatar.com\/avatar\/d6fbbbb38de40bcc3a41d4467d090d3b92513d4eb33fc933729359bbce505880?s=96&d=identicon&r=g","contentUrl":"https:\/\/secure.gravatar.com\/avatar\/d6fbbbb38de40bcc3a41d4467d090d3b92513d4eb33fc933729359bbce505880?s=96&d=identicon&r=g","caption":"BCMB"},"sameAs":["https:\/\/www.imaq.fr"],"url":"https:\/\/www.imaq.fr\/blog\/author\/pomirol\/"}]}},"_links":{"self":[{"href":"https:\/\/www.imaq.fr\/blog\/wp-json\/wp\/v2\/posts\/898","targetHints":{"allow":["GET"]}}],"collection":[{"href":"https:\/\/www.imaq.fr\/blog\/wp-json\/wp\/v2\/posts"}],"about":[{"href":"https:\/\/www.imaq.fr\/blog\/wp-json\/wp\/v2\/types\/post"}],"author":[{"embeddable":true,"href":"https:\/\/www.imaq.fr\/blog\/wp-json\/wp\/v2\/users\/2"}],"replies":[{"embeddable":true,"href":"https:\/\/www.imaq.fr\/blog\/wp-json\/wp\/v2\/comments?post=898"}],"version-history":[{"count":0,"href":"https:\/\/www.imaq.fr\/blog\/wp-json\/wp\/v2\/posts\/898\/revisions"}],"wp:attachment":[{"href":"https:\/\/www.imaq.fr\/blog\/wp-json\/wp\/v2\/media?parent=898"}],"wp:term":[{"taxonomy":"category","embeddable":true,"href":"https:\/\/www.imaq.fr\/blog\/wp-json\/wp\/v2\/categories?post=898"},{"taxonomy":"post_tag","embeddable":true,"href":"https:\/\/www.imaq.fr\/blog\/wp-json\/wp\/v2\/tags?post=898"}],"curies":[{"name":"wp","href":"https:\/\/api.w.org\/{rel}","templated":true}]}}