{"id":901,"date":"2017-04-15T05:43:12","date_gmt":"2017-04-15T05:43:12","guid":{"rendered":"https:\/\/www.imaq.fr\/blog\/?p=901"},"modified":"2018-04-19T14:27:56","modified_gmt":"2018-04-19T14:27:56","slug":"presidentielle-appel-republicain","status":"publish","type":"post","link":"https:\/\/www.imaq.fr\/blog\/2017\/04\/presidentielle-appel-republicain\/","title":{"rendered":"Pr\u00e9sidentielle\u00a0: des ob\u00e9diences ma\u00e7onniques lancent un Appel r\u00e9publicain"},"content":{"rendered":"<p><span style=\"font-size: 1rem;\">Les Ob\u00e9diences ma\u00e7onniques signataires de cet Appel rappellent l\u2019importance de la prochaine \u00e9ch\u00e9ance \u00e9lectorale qui va engager notre pays pour les ann\u00e9es qui viennent. Hors de nos territoires le r\u00e9sultat de cette \u00e9lection sera observ\u00e9 par toutes celles et tous ceux qui se font une certaine id\u00e9e de la France r\u00e9publicaine, porteuse historique des id\u00e9aux de Libert\u00e9, d\u2019Egalit\u00e9 et de Fraternit\u00e9.<\/span><\/p>\n<p>Les Ob\u00e9diences signataires de cet Appel ne donnent aucune consigne de vote. Mais elles tiennent \u00e0 rappeler solennellement les valeurs et les principes qui doivent unir les \u00e9nergies de notre peuple en vue du d\u00e9veloppement du bien commun.<\/p>\n<p>Les Ob\u00e9diences signataires revendiquent leur id\u00e9al humaniste universaliste et rappellent leur attachement \u00e0 la R\u00e9publique, \u00e0 la s\u00e9paration des pouvoirs, au vote comme outil citoyen, \u00e0 la la\u00efcit\u00e9 pleine et enti\u00e8re comme forme \u00e9lev\u00e9e de la paix sociale, \u00e0 la libert\u00e9 absolue de conscience, \u00e0 l\u2019\u00e9cole comme espace pr\u00e9serv\u00e9 pr\u00e9parant au vivre ensemble.<\/p>\n<p>Elles sont attach\u00e9es \u00e0 l\u2019\u00e9dification de soci\u00e9t\u00e9s fraternelles respectueuses de la dignit\u00e9 humaine, soucieuses de ne pas consid\u00e9rer l\u2019\u00eatre humain comme une variable d\u2019ajustement d\u2019une \u00e9conomie d\u00e9r\u00e9gul\u00e9e. Elles veulent faire progresser l\u2019\u00e9galit\u00e9 des droits, l\u2019\u00e9galit\u00e9 r\u00e9elle entre les femmes et les hommes. Au racisme, \u00e0 la haine de l\u2019autre et aux murs elles opposent la volont\u00e9 de b\u00e2tir des ponts.<\/p>\n<p>Les Ob\u00e9diences signataires de cet Appel invitent donc les citoyens fran\u00e7ais \u00e0 la vigilance la plus grande. Des menaces tr\u00e8s inqui\u00e9tantes p\u00e8sent toujours sur notre soci\u00e9t\u00e9. Communautarismes clivants et visions r\u00e9gressives de la vie en soci\u00e9t\u00e9 et des rapports entre femme et homme se nourrissent les uns des autres.<\/p>\n<p>En France et hors de France poussent les \u00e9go\u00efsmes nationaux et les pulsions identitaires. R\u00f4dent des menaces d\u2019affrontements et de guerres. Des pans entiers de notre soci\u00e9t\u00e9, dont nombre de jeunes, sont en totale d\u00e9saffection vis-\u00e0-vis de l\u2019engagement et des projets politiques, alors qu\u2019exercer son devoir de citoyen en allant voter est plus que jamais essentiel.<\/p>\n<p>Nous voyons avec inqui\u00e9tude des positions publiques d\u00e9complex\u00e9es et omnipr\u00e9sentes s\u2019affirmer et occuper les esprits. Elles menacent la s\u00e9paration des pouvoirs et appellent \u00e0 des confrontations n\u00e9fastes. Des concepts et des id\u00e9aux qui sont et restent des ferments d\u2019avenir sont manipul\u00e9s et d\u00e9tourn\u00e9s de leur sens. De vieilles perspectives qui ont fait tant de mal dans le pass\u00e9 r\u00e9apparaissent sous des formes adapt\u00e9es aux temps actuels et aux rep\u00e8res parfois perdus.<\/p>\n<p>Pourtant nous voulons inviter nos concitoyens femmes et hommes \u00e0 ne pas cultiver le d\u00e9clinisme et la peur, l\u2019abandon ou le repli. Il est inexact de consid\u00e9rer que notre soci\u00e9t\u00e9 n\u2019est travers\u00e9e que de menaces et de dangers. Des espaces ouverts de recherche du progr\u00e8s humain et l\u2019aspiration \u00e0 plus de justice existent bien, en particulier chez les jeunes.<\/p>\n<p>Il s\u2019agit donc de chercher des solutions pour l\u2019avenir en gestation dans le monde d\u2019aujourd\u2019hui. Ce travail-l\u00e0 est essentiel. Il doit s\u2019inscrire dans une d\u00e9marche ouverte et r\u00e9fl\u00e9chie, de celles qui inspirent des moments importants de l\u2019Histoire.<\/p>\n<p>Il faut b\u00e2tir, et non pas craindre.<br \/>\nC\u2019est en prenant en compte cette aspiration que la parole politique, brouill\u00e9e par des engagements \u00e9gar\u00e9s et des pratiques condamnables, pourra se faire entendre largement, se r\u00e9g\u00e9n\u00e9rer et revivifier l\u2019espace d\u00e9mocratique.<\/p>\n<p>Les Francs-Ma\u00e7onnes et Francs-Ma\u00e7ons signataires de cet Appel invitent les citoyens \u00e0 voter en conscience, de mani\u00e8re \u00e9clair\u00e9e, \u00e0 veiller dans leurs choix \u00e0 ce que soit garanti le respect des valeurs et principes qui unissent. Ils incitent \u00e0 refuser les terribles ferments de discorde et d\u2019affrontements, \u00e0 se situer dans une d\u00e9marche responsable et prospective, g\u00e9n\u00e9ratrice d\u2019une fraternit\u00e9 humaine g\u00e9n\u00e9reuse et cr\u00e9ative.<\/p>\n<p>Ob\u00e9diences signataires :<\/p>\n<ul>\n<li>Grand Orient de France<\/li>\n<li>F\u00e9d\u00e9ration fran\u00e7aise du DROIT HUMAIN<\/li>\n<li>Grande Loge F\u00e9minine de France<\/li>\n<li>Grande Loge F\u00e9minine de Memphis Misra\u00efm<\/li>\n<li>Grande Loge Mixte Universelle<\/li>\n<li>Grande Loge Mixte de France<\/li>\n<li>Grand Chapitre G\u00e9n\u00e9ral F\u00e9minin de France<\/li>\n<li>Grande Loge des Cultures et de la spiritualit\u00e9<\/li>\n<\/ul>\n","protected":false},"excerpt":{"rendered":"<p>Les Ob\u00e9diences ma\u00e7onniques signataires de cet Appel rappellent l\u2019importance de la prochaine \u00e9ch\u00e9ance \u00e9lectorale qui va engager notre pays pour les ann\u00e9es qui viennent. Hors de nos territoires le r\u00e9sultat de cette \u00e9lection sera observ\u00e9 par toutes celles et tous ceux qui se font une certaine id\u00e9e de la France r\u00e9publicaine, porteuse historique des id\u00e9aux [&hellip;]<\/p>\n","protected":false},"author":2,"featured_media":0,"comment_status":"closed","ping_status":"closed","sticky":false,"template":"","format":"standard","meta":{"_editorskit_title_hidden":false,"_editorskit_reading_time":0,"_editorskit_is_block_options_detached":false,"_editorskit_block_options_position":"{}","footnotes":""},"categories":[31,13],"tags":[],"class_list":["post-901","post","type-post","status-publish","format-standard","hentry","category-communiques","category-obedience"],"yoast_head":"<!-- This site is optimized with the Yoast SEO plugin v27.5 - https:\/\/yoast.com\/product\/yoast-seo-wordpress\/ -->\n<title>Pr\u00e9sidentielle\u00a0: des ob\u00e9diences ma\u00e7onniques lancent un Appel r\u00e9publicain - Biennale Culturelle Ma\u00e7onnique de Bordeaux<\/title>\n<meta name=\"robots\" content=\"index, follow, max-snippet:-1, max-image-preview:large, max-video-preview:-1\" \/>\n<link rel=\"canonical\" href=\"https:\/\/www.imaq.fr\/blog\/2017\/04\/presidentielle-appel-republicain\/\" \/>\n<meta property=\"og:locale\" content=\"fr_FR\" \/>\n<meta property=\"og:type\" content=\"article\" \/>\n<meta property=\"og:title\" content=\"Pr\u00e9sidentielle\u00a0: des ob\u00e9diences ma\u00e7onniques lancent un Appel r\u00e9publicain - Biennale Culturelle Ma\u00e7onnique de Bordeaux\" \/>\n<meta property=\"og:description\" content=\"Les Ob\u00e9diences ma\u00e7onniques signataires de cet Appel rappellent l\u2019importance de la prochaine \u00e9ch\u00e9ance \u00e9lectorale qui va engager notre pays pour les ann\u00e9es qui viennent. Hors de nos territoires le r\u00e9sultat de cette \u00e9lection sera observ\u00e9 par toutes celles et tous ceux qui se font une certaine id\u00e9e de la France r\u00e9publicaine, porteuse historique des id\u00e9aux [&hellip;]\" \/>\n<meta property=\"og:url\" content=\"https:\/\/www.imaq.fr\/blog\/2017\/04\/presidentielle-appel-republicain\/\" \/>\n<meta property=\"og:site_name\" content=\"Biennale Culturelle Ma\u00e7onnique de Bordeaux\" \/>\n<meta property=\"article:publisher\" content=\"https:\/\/www.facebook.com\/biennaleculturellemaconnique.bordeaux\" \/>\n<meta property=\"article:published_time\" content=\"2017-04-15T05:43:12+00:00\" \/>\n<meta property=\"article:modified_time\" content=\"2018-04-19T14:27:56+00:00\" \/>\n<meta name=\"author\" content=\"BCMB\" \/>\n<meta name=\"twitter:card\" content=\"summary_large_image\" \/>\n<meta name=\"twitter:label1\" content=\"\u00c9crit par\" \/>\n\t<meta name=\"twitter:data1\" content=\"BCMB\" \/>\n\t<meta name=\"twitter:label2\" content=\"Dur\u00e9e de lecture estim\u00e9e\" \/>\n\t<meta name=\"twitter:data2\" content=\"4 minutes\" \/>\n<script type=\"application\/ld+json\" class=\"yoast-schema-graph\">{\"@context\":\"https:\\\/\\\/schema.org\",\"@graph\":[{\"@type\":\"Article\",\"@id\":\"https:\\\/\\\/www.imaq.fr\\\/blog\\\/2017\\\/04\\\/presidentielle-appel-republicain\\\/#article\",\"isPartOf\":{\"@id\":\"https:\\\/\\\/www.imaq.fr\\\/blog\\\/2017\\\/04\\\/presidentielle-appel-republicain\\\/\"},\"author\":{\"name\":\"BCMB\",\"@id\":\"https:\\\/\\\/www.imaq.fr\\\/blog\\\/#\\\/schema\\\/person\\\/3df683af05c9d4e9401e01364d03a5fd\"},\"headline\":\"Pr\u00e9sidentielle\u00a0: des ob\u00e9diences ma\u00e7onniques lancent un Appel r\u00e9publicain\",\"datePublished\":\"2017-04-15T05:43:12+00:00\",\"dateModified\":\"2018-04-19T14:27:56+00:00\",\"mainEntityOfPage\":{\"@id\":\"https:\\\/\\\/www.imaq.fr\\\/blog\\\/2017\\\/04\\\/presidentielle-appel-republicain\\\/\"},\"wordCount\":742,\"publisher\":{\"@id\":\"https:\\\/\\\/www.imaq.fr\\\/blog\\\/#organization\"},\"articleSection\":[\"Communiqu\u00e9s\",\"Ob\u00e9diences\"],\"inLanguage\":\"fr-FR\"},{\"@type\":\"WebPage\",\"@id\":\"https:\\\/\\\/www.imaq.fr\\\/blog\\\/2017\\\/04\\\/presidentielle-appel-republicain\\\/\",\"url\":\"https:\\\/\\\/www.imaq.fr\\\/blog\\\/2017\\\/04\\\/presidentielle-appel-republicain\\\/\",\"name\":\"Pr\u00e9sidentielle\u00a0: des ob\u00e9diences ma\u00e7onniques lancent un Appel r\u00e9publicain - Biennale Culturelle Ma\u00e7onnique de Bordeaux\",\"isPartOf\":{\"@id\":\"https:\\\/\\\/www.imaq.fr\\\/blog\\\/#website\"},\"datePublished\":\"2017-04-15T05:43:12+00:00\",\"dateModified\":\"2018-04-19T14:27:56+00:00\",\"breadcrumb\":{\"@id\":\"https:\\\/\\\/www.imaq.fr\\\/blog\\\/2017\\\/04\\\/presidentielle-appel-republicain\\\/#breadcrumb\"},\"inLanguage\":\"fr-FR\",\"potentialAction\":[{\"@type\":\"ReadAction\",\"target\":[\"https:\\\/\\\/www.imaq.fr\\\/blog\\\/2017\\\/04\\\/presidentielle-appel-republicain\\\/\"]}]},{\"@type\":\"BreadcrumbList\",\"@id\":\"https:\\\/\\\/www.imaq.fr\\\/blog\\\/2017\\\/04\\\/presidentielle-appel-republicain\\\/#breadcrumb\",\"itemListElement\":[{\"@type\":\"ListItem\",\"position\":1,\"name\":\"Accueil\",\"item\":\"https:\\\/\\\/www.imaq.fr\\\/blog\\\/\"},{\"@type\":\"ListItem\",\"position\":2,\"name\":\"Pr\u00e9sidentielle\u00a0: des ob\u00e9diences ma\u00e7onniques lancent un Appel r\u00e9publicain\"}]},{\"@type\":\"WebSite\",\"@id\":\"https:\\\/\\\/www.imaq.fr\\\/blog\\\/#website\",\"url\":\"https:\\\/\\\/www.imaq.fr\\\/blog\\\/\",\"name\":\"Biennale Culturelle Ma\u00e7onnique de Bordeaux\",\"description\":\"IMAQ\",\"publisher\":{\"@id\":\"https:\\\/\\\/www.imaq.fr\\\/blog\\\/#organization\"},\"potentialAction\":[{\"@type\":\"SearchAction\",\"target\":{\"@type\":\"EntryPoint\",\"urlTemplate\":\"https:\\\/\\\/www.imaq.fr\\\/blog\\\/?s={search_term_string}\"},\"query-input\":{\"@type\":\"PropertyValueSpecification\",\"valueRequired\":true,\"valueName\":\"search_term_string\"}}],\"inLanguage\":\"fr-FR\"},{\"@type\":\"Organization\",\"@id\":\"https:\\\/\\\/www.imaq.fr\\\/blog\\\/#organization\",\"name\":\"Biennale Culturelle Ma\u00e7onnique de Bordeaux\",\"url\":\"https:\\\/\\\/www.imaq.fr\\\/blog\\\/\",\"logo\":{\"@type\":\"ImageObject\",\"inLanguage\":\"fr-FR\",\"@id\":\"https:\\\/\\\/www.imaq.fr\\\/blog\\\/#\\\/schema\\\/logo\\\/image\\\/\",\"url\":\"https:\\\/\\\/www.imaq.fr\\\/blog\\\/wp-content\\\/uploads\\\/2014\\\/12\\\/logo-bcmc.jpg\",\"contentUrl\":\"https:\\\/\\\/www.imaq.fr\\\/blog\\\/wp-content\\\/uploads\\\/2014\\\/12\\\/logo-bcmc.jpg\",\"width\":759,\"height\":784,\"caption\":\"Biennale Culturelle Ma\u00e7onnique de Bordeaux\"},\"image\":{\"@id\":\"https:\\\/\\\/www.imaq.fr\\\/blog\\\/#\\\/schema\\\/logo\\\/image\\\/\"},\"sameAs\":[\"https:\\\/\\\/www.facebook.com\\\/biennaleculturellemaconnique.bordeaux\"]},{\"@type\":\"Person\",\"@id\":\"https:\\\/\\\/www.imaq.fr\\\/blog\\\/#\\\/schema\\\/person\\\/3df683af05c9d4e9401e01364d03a5fd\",\"name\":\"BCMB\",\"image\":{\"@type\":\"ImageObject\",\"inLanguage\":\"fr-FR\",\"@id\":\"https:\\\/\\\/secure.gravatar.com\\\/avatar\\\/d6fbbbb38de40bcc3a41d4467d090d3b92513d4eb33fc933729359bbce505880?s=96&d=identicon&r=g\",\"url\":\"https:\\\/\\\/secure.gravatar.com\\\/avatar\\\/d6fbbbb38de40bcc3a41d4467d090d3b92513d4eb33fc933729359bbce505880?s=96&d=identicon&r=g\",\"contentUrl\":\"https:\\\/\\\/secure.gravatar.com\\\/avatar\\\/d6fbbbb38de40bcc3a41d4467d090d3b92513d4eb33fc933729359bbce505880?s=96&d=identicon&r=g\",\"caption\":\"BCMB\"},\"sameAs\":[\"https:\\\/\\\/www.imaq.fr\"],\"url\":\"https:\\\/\\\/www.imaq.fr\\\/blog\\\/author\\\/pomirol\\\/\"}]}<\/script>\n<!-- \/ Yoast SEO plugin. -->","yoast_head_json":{"title":"Pr\u00e9sidentielle\u00a0: des ob\u00e9diences ma\u00e7onniques lancent un Appel r\u00e9publicain - Biennale Culturelle Ma\u00e7onnique de Bordeaux","robots":{"index":"index","follow":"follow","max-snippet":"max-snippet:-1","max-image-preview":"max-image-preview:large","max-video-preview":"max-video-preview:-1"},"canonical":"https:\/\/www.imaq.fr\/blog\/2017\/04\/presidentielle-appel-republicain\/","og_locale":"fr_FR","og_type":"article","og_title":"Pr\u00e9sidentielle\u00a0: des ob\u00e9diences ma\u00e7onniques lancent un Appel r\u00e9publicain - Biennale Culturelle Ma\u00e7onnique de Bordeaux","og_description":"Les Ob\u00e9diences ma\u00e7onniques signataires de cet Appel rappellent l\u2019importance de la prochaine \u00e9ch\u00e9ance \u00e9lectorale qui va engager notre pays pour les ann\u00e9es qui viennent. Hors de nos territoires le r\u00e9sultat de cette \u00e9lection sera observ\u00e9 par toutes celles et tous ceux qui se font une certaine id\u00e9e de la France r\u00e9publicaine, porteuse historique des id\u00e9aux [&hellip;]","og_url":"https:\/\/www.imaq.fr\/blog\/2017\/04\/presidentielle-appel-republicain\/","og_site_name":"Biennale Culturelle Ma\u00e7onnique de Bordeaux","article_publisher":"https:\/\/www.facebook.com\/biennaleculturellemaconnique.bordeaux","article_published_time":"2017-04-15T05:43:12+00:00","article_modified_time":"2018-04-19T14:27:56+00:00","author":"BCMB","twitter_card":"summary_large_image","twitter_misc":{"\u00c9crit par":"BCMB","Dur\u00e9e de lecture estim\u00e9e":"4 minutes"},"schema":{"@context":"https:\/\/schema.org","@graph":[{"@type":"Article","@id":"https:\/\/www.imaq.fr\/blog\/2017\/04\/presidentielle-appel-republicain\/#article","isPartOf":{"@id":"https:\/\/www.imaq.fr\/blog\/2017\/04\/presidentielle-appel-republicain\/"},"author":{"name":"BCMB","@id":"https:\/\/www.imaq.fr\/blog\/#\/schema\/person\/3df683af05c9d4e9401e01364d03a5fd"},"headline":"Pr\u00e9sidentielle\u00a0: des ob\u00e9diences ma\u00e7onniques lancent un Appel r\u00e9publicain","datePublished":"2017-04-15T05:43:12+00:00","dateModified":"2018-04-19T14:27:56+00:00","mainEntityOfPage":{"@id":"https:\/\/www.imaq.fr\/blog\/2017\/04\/presidentielle-appel-republicain\/"},"wordCount":742,"publisher":{"@id":"https:\/\/www.imaq.fr\/blog\/#organization"},"articleSection":["Communiqu\u00e9s","Ob\u00e9diences"],"inLanguage":"fr-FR"},{"@type":"WebPage","@id":"https:\/\/www.imaq.fr\/blog\/2017\/04\/presidentielle-appel-republicain\/","url":"https:\/\/www.imaq.fr\/blog\/2017\/04\/presidentielle-appel-republicain\/","name":"Pr\u00e9sidentielle\u00a0: des ob\u00e9diences ma\u00e7onniques lancent un Appel r\u00e9publicain - Biennale Culturelle Ma\u00e7onnique de Bordeaux","isPartOf":{"@id":"https:\/\/www.imaq.fr\/blog\/#website"},"datePublished":"2017-04-15T05:43:12+00:00","dateModified":"2018-04-19T14:27:56+00:00","breadcrumb":{"@id":"https:\/\/www.imaq.fr\/blog\/2017\/04\/presidentielle-appel-republicain\/#breadcrumb"},"inLanguage":"fr-FR","potentialAction":[{"@type":"ReadAction","target":["https:\/\/www.imaq.fr\/blog\/2017\/04\/presidentielle-appel-republicain\/"]}]},{"@type":"BreadcrumbList","@id":"https:\/\/www.imaq.fr\/blog\/2017\/04\/presidentielle-appel-republicain\/#breadcrumb","itemListElement":[{"@type":"ListItem","position":1,"name":"Accueil","item":"https:\/\/www.imaq.fr\/blog\/"},{"@type":"ListItem","position":2,"name":"Pr\u00e9sidentielle\u00a0: des ob\u00e9diences ma\u00e7onniques lancent un Appel r\u00e9publicain"}]},{"@type":"WebSite","@id":"https:\/\/www.imaq.fr\/blog\/#website","url":"https:\/\/www.imaq.fr\/blog\/","name":"Biennale Culturelle Ma\u00e7onnique de Bordeaux","description":"IMAQ","publisher":{"@id":"https:\/\/www.imaq.fr\/blog\/#organization"},"potentialAction":[{"@type":"SearchAction","target":{"@type":"EntryPoint","urlTemplate":"https:\/\/www.imaq.fr\/blog\/?s={search_term_string}"},"query-input":{"@type":"PropertyValueSpecification","valueRequired":true,"valueName":"search_term_string"}}],"inLanguage":"fr-FR"},{"@type":"Organization","@id":"https:\/\/www.imaq.fr\/blog\/#organization","name":"Biennale Culturelle Ma\u00e7onnique de Bordeaux","url":"https:\/\/www.imaq.fr\/blog\/","logo":{"@type":"ImageObject","inLanguage":"fr-FR","@id":"https:\/\/www.imaq.fr\/blog\/#\/schema\/logo\/image\/","url":"https:\/\/www.imaq.fr\/blog\/wp-content\/uploads\/2014\/12\/logo-bcmc.jpg","contentUrl":"https:\/\/www.imaq.fr\/blog\/wp-content\/uploads\/2014\/12\/logo-bcmc.jpg","width":759,"height":784,"caption":"Biennale Culturelle Ma\u00e7onnique de Bordeaux"},"image":{"@id":"https:\/\/www.imaq.fr\/blog\/#\/schema\/logo\/image\/"},"sameAs":["https:\/\/www.facebook.com\/biennaleculturellemaconnique.bordeaux"]},{"@type":"Person","@id":"https:\/\/www.imaq.fr\/blog\/#\/schema\/person\/3df683af05c9d4e9401e01364d03a5fd","name":"BCMB","image":{"@type":"ImageObject","inLanguage":"fr-FR","@id":"https:\/\/secure.gravatar.com\/avatar\/d6fbbbb38de40bcc3a41d4467d090d3b92513d4eb33fc933729359bbce505880?s=96&d=identicon&r=g","url":"https:\/\/secure.gravatar.com\/avatar\/d6fbbbb38de40bcc3a41d4467d090d3b92513d4eb33fc933729359bbce505880?s=96&d=identicon&r=g","contentUrl":"https:\/\/secure.gravatar.com\/avatar\/d6fbbbb38de40bcc3a41d4467d090d3b92513d4eb33fc933729359bbce505880?s=96&d=identicon&r=g","caption":"BCMB"},"sameAs":["https:\/\/www.imaq.fr"],"url":"https:\/\/www.imaq.fr\/blog\/author\/pomirol\/"}]}},"_links":{"self":[{"href":"https:\/\/www.imaq.fr\/blog\/wp-json\/wp\/v2\/posts\/901","targetHints":{"allow":["GET"]}}],"collection":[{"href":"https:\/\/www.imaq.fr\/blog\/wp-json\/wp\/v2\/posts"}],"about":[{"href":"https:\/\/www.imaq.fr\/blog\/wp-json\/wp\/v2\/types\/post"}],"author":[{"embeddable":true,"href":"https:\/\/www.imaq.fr\/blog\/wp-json\/wp\/v2\/users\/2"}],"replies":[{"embeddable":true,"href":"https:\/\/www.imaq.fr\/blog\/wp-json\/wp\/v2\/comments?post=901"}],"version-history":[{"count":0,"href":"https:\/\/www.imaq.fr\/blog\/wp-json\/wp\/v2\/posts\/901\/revisions"}],"wp:attachment":[{"href":"https:\/\/www.imaq.fr\/blog\/wp-json\/wp\/v2\/media?parent=901"}],"wp:term":[{"taxonomy":"category","embeddable":true,"href":"https:\/\/www.imaq.fr\/blog\/wp-json\/wp\/v2\/categories?post=901"},{"taxonomy":"post_tag","embeddable":true,"href":"https:\/\/www.imaq.fr\/blog\/wp-json\/wp\/v2\/tags?post=901"}],"curies":[{"name":"wp","href":"https:\/\/api.w.org\/{rel}","templated":true}]}}