{"id":906,"date":"2017-04-15T11:04:36","date_gmt":"2017-04-15T11:04:36","guid":{"rendered":"https:\/\/www.imaq.fr\/blog\/?p=906"},"modified":"2018-04-19T14:27:36","modified_gmt":"2018-04-19T14:27:36","slug":"communique-du-collectif-laique-a-propos-des-regimes-derogatoires-en-alsace-et-en-moselle","status":"publish","type":"post","link":"https:\/\/www.imaq.fr\/blog\/2017\/04\/communique-du-collectif-laique-a-propos-des-regimes-derogatoires-en-alsace-et-en-moselle\/","title":{"rendered":"Communiqu\u00e9 du Collectif La\u00efque &#8211; \u00c0 propos des r\u00e9gimes d\u00e9rogatoires en Alsace et en Moselle"},"content":{"rendered":"<p>Le Collectif des associations la\u00efques signataires d\u00e9nonce les atteintes r\u00e9centes au principe r\u00e9publicain de la\u00efcit\u00e9 et l\u2019usage frauduleux du terme par une partie de l\u2019\u00e9chiquier politique. La la\u00efcit\u00e9 n\u2019est pas une arme contre une religion particuli\u00e8re. Il s\u2019agit d\u2019un principe d\u2019organisation de la soci\u00e9t\u00e9 qui garantit la libert\u00e9 de conscience, celle de croire et de ne pas croire, l\u2019exercice de tous les cultes dans le respect de l\u2019ordre public. Principe constitutionnel, elle s\u2019exprime notamment par la loi de 1905 qui affirme notamment la s\u00e9paration des \u00c9glises et de l\u2019\u00c9tat, la neutralit\u00e9 des pouvoirs publics et le non financement des cultes par la R\u00e9publique.<\/p>\n<p>Le Collectif demande une r\u00e9elle application de cette loi, mais aussi des lois assurant le caract\u00e8re la\u00efque de l\u2019enseignement, et ceci sur tout le territoire national, en Alsace, en Moselle et en Outre-Mer.<\/p>\n<p>L\u2019exemple de l\u2019\u00e9volution rapide et tr\u00e8s positive du Grand-Duch\u00e9 de Luxembourg, dans ce domaine religieux, d\u00e9montre qu\u2019il est possible de proc\u00e9der \u00e0 cette mesure, que les populations comme les responsables religieux y sont pr\u00eats.<\/p>\n<p>Le Collectif est, par ailleurs, tr\u00e8s attentif aux vell\u00e9it\u00e9s de contourner la l\u00e9gislation et les r\u00e8gles constitutionnelles. Il d\u00e9nonce notamment des projets d\u2019extension de l\u2019enseignement religieux (toujours obligatoire en Alsace et Moselle) \u00e0 d\u2019autres cultes que ceux aujourd\u2019hui \u00ab reconnus \u00bb. De m\u00eame, il d\u00e9nonce la volont\u00e9 du pr\u00e9sident de la nouvelle r\u00e9gion Grand-Est d\u2019\u00e9tendre, hors de l\u2019Alsace, ses structures institutionnalis\u00e9es de \u00ab dialogue interreligieux \u00bb qui contreviennent au principe de s\u00e9paration.<\/p>\n<p>Le 14 avril 2017<br \/>\n<em><strong>Associations la\u00efques signataires :<\/strong><\/em><br \/>\n<em>Grand Orient De France ; Grande Loge Mixte Universelle ; Grande Loge Mixte de France ; Observatoire de la La\u00efcit\u00e9 du Val d\u2019Oise \u2013 Forces La\u00efques ; La\u00efcit\u00e9-Libert\u00e9 ; Conf\u00e9d\u00e9ration Nationale des Associations Familiales La\u00efques (C.N.A.F.A.L) ; F\u00e9d\u00e9ration Nationale des D\u00e9l\u00e9gu\u00e9s D\u00e9partementaux de l\u2019\u00c9ducation Nationale (D.D.E.N) ; Comit\u00e9s 1905 Auvergne-Rh\u00f4nes Alpes ; Comit\u00e9 1905 de l\u2019Ain ; Libres MarianneS ; Union des familles la\u00efques (UFAL) ; Ligue du droit international des femmes (L.D.I.F) ; Femmes Contre les Int\u00e9grismes \u2013 FCI ; Regards de Femmes ; Observatoire de la La\u00efcit\u00e9 de Provence<\/em><\/p>\n","protected":false},"excerpt":{"rendered":"<p>Le Collectif des associations la\u00efques signataires d\u00e9nonce les atteintes r\u00e9centes au principe r\u00e9publicain de la\u00efcit\u00e9 et l\u2019usage frauduleux du terme par une partie de l\u2019\u00e9chiquier politique. La la\u00efcit\u00e9 n\u2019est pas une arme contre une religion particuli\u00e8re. Il s\u2019agit d\u2019un principe d\u2019organisation de la soci\u00e9t\u00e9 qui garantit la libert\u00e9 de conscience, celle de croire et de [&hellip;]<\/p>\n","protected":false},"author":2,"featured_media":0,"comment_status":"closed","ping_status":"closed","sticky":false,"template":"","format":"standard","meta":{"_editorskit_title_hidden":false,"_editorskit_reading_time":0,"_editorskit_is_block_options_detached":false,"_editorskit_block_options_position":"{}","footnotes":""},"categories":[31,13],"tags":[],"class_list":["post-906","post","type-post","status-publish","format-standard","hentry","category-communiques","category-obedience"],"yoast_head":"<!-- This site is optimized with the Yoast SEO plugin v27.5 - https:\/\/yoast.com\/product\/yoast-seo-wordpress\/ -->\n<title>Communiqu\u00e9 du Collectif La\u00efque - \u00c0 propos des r\u00e9gimes d\u00e9rogatoires en Alsace et en Moselle - Biennale Culturelle Ma\u00e7onnique de Bordeaux<\/title>\n<meta name=\"robots\" content=\"index, follow, max-snippet:-1, max-image-preview:large, max-video-preview:-1\" \/>\n<link rel=\"canonical\" href=\"https:\/\/www.imaq.fr\/blog\/2017\/04\/communique-du-collectif-laique-a-propos-des-regimes-derogatoires-en-alsace-et-en-moselle\/\" \/>\n<meta property=\"og:locale\" content=\"fr_FR\" \/>\n<meta property=\"og:type\" content=\"article\" \/>\n<meta property=\"og:title\" content=\"Communiqu\u00e9 du Collectif La\u00efque - \u00c0 propos des r\u00e9gimes d\u00e9rogatoires en Alsace et en Moselle - Biennale Culturelle Ma\u00e7onnique de Bordeaux\" \/>\n<meta property=\"og:description\" content=\"Le Collectif des associations la\u00efques signataires d\u00e9nonce les atteintes r\u00e9centes au principe r\u00e9publicain de la\u00efcit\u00e9 et l\u2019usage frauduleux du terme par une partie de l\u2019\u00e9chiquier politique. La la\u00efcit\u00e9 n\u2019est pas une arme contre une religion particuli\u00e8re. Il s\u2019agit d\u2019un principe d\u2019organisation de la soci\u00e9t\u00e9 qui garantit la libert\u00e9 de conscience, celle de croire et de [&hellip;]\" \/>\n<meta property=\"og:url\" content=\"https:\/\/www.imaq.fr\/blog\/2017\/04\/communique-du-collectif-laique-a-propos-des-regimes-derogatoires-en-alsace-et-en-moselle\/\" \/>\n<meta property=\"og:site_name\" content=\"Biennale Culturelle Ma\u00e7onnique de Bordeaux\" \/>\n<meta property=\"article:publisher\" content=\"https:\/\/www.facebook.com\/biennaleculturellemaconnique.bordeaux\" \/>\n<meta property=\"article:published_time\" content=\"2017-04-15T11:04:36+00:00\" \/>\n<meta property=\"article:modified_time\" content=\"2018-04-19T14:27:36+00:00\" \/>\n<meta name=\"author\" content=\"BCMB\" \/>\n<meta name=\"twitter:card\" content=\"summary_large_image\" \/>\n<meta name=\"twitter:label1\" content=\"\u00c9crit par\" \/>\n\t<meta name=\"twitter:data1\" content=\"BCMB\" \/>\n\t<meta name=\"twitter:label2\" content=\"Dur\u00e9e de lecture estim\u00e9e\" \/>\n\t<meta name=\"twitter:data2\" content=\"2 minutes\" \/>\n<script type=\"application\/ld+json\" class=\"yoast-schema-graph\">{\"@context\":\"https:\\\/\\\/schema.org\",\"@graph\":[{\"@type\":\"Article\",\"@id\":\"https:\\\/\\\/www.imaq.fr\\\/blog\\\/2017\\\/04\\\/communique-du-collectif-laique-a-propos-des-regimes-derogatoires-en-alsace-et-en-moselle\\\/#article\",\"isPartOf\":{\"@id\":\"https:\\\/\\\/www.imaq.fr\\\/blog\\\/2017\\\/04\\\/communique-du-collectif-laique-a-propos-des-regimes-derogatoires-en-alsace-et-en-moselle\\\/\"},\"author\":{\"name\":\"BCMB\",\"@id\":\"https:\\\/\\\/www.imaq.fr\\\/blog\\\/#\\\/schema\\\/person\\\/3df683af05c9d4e9401e01364d03a5fd\"},\"headline\":\"Communiqu\u00e9 du Collectif La\u00efque &#8211; \u00c0 propos des r\u00e9gimes d\u00e9rogatoires en Alsace et en Moselle\",\"datePublished\":\"2017-04-15T11:04:36+00:00\",\"dateModified\":\"2018-04-19T14:27:36+00:00\",\"mainEntityOfPage\":{\"@id\":\"https:\\\/\\\/www.imaq.fr\\\/blog\\\/2017\\\/04\\\/communique-du-collectif-laique-a-propos-des-regimes-derogatoires-en-alsace-et-en-moselle\\\/\"},\"wordCount\":412,\"publisher\":{\"@id\":\"https:\\\/\\\/www.imaq.fr\\\/blog\\\/#organization\"},\"articleSection\":[\"Communiqu\u00e9s\",\"Ob\u00e9diences\"],\"inLanguage\":\"fr-FR\"},{\"@type\":\"WebPage\",\"@id\":\"https:\\\/\\\/www.imaq.fr\\\/blog\\\/2017\\\/04\\\/communique-du-collectif-laique-a-propos-des-regimes-derogatoires-en-alsace-et-en-moselle\\\/\",\"url\":\"https:\\\/\\\/www.imaq.fr\\\/blog\\\/2017\\\/04\\\/communique-du-collectif-laique-a-propos-des-regimes-derogatoires-en-alsace-et-en-moselle\\\/\",\"name\":\"Communiqu\u00e9 du Collectif La\u00efque - \u00c0 propos des r\u00e9gimes d\u00e9rogatoires en Alsace et en Moselle - Biennale Culturelle Ma\u00e7onnique de Bordeaux\",\"isPartOf\":{\"@id\":\"https:\\\/\\\/www.imaq.fr\\\/blog\\\/#website\"},\"datePublished\":\"2017-04-15T11:04:36+00:00\",\"dateModified\":\"2018-04-19T14:27:36+00:00\",\"breadcrumb\":{\"@id\":\"https:\\\/\\\/www.imaq.fr\\\/blog\\\/2017\\\/04\\\/communique-du-collectif-laique-a-propos-des-regimes-derogatoires-en-alsace-et-en-moselle\\\/#breadcrumb\"},\"inLanguage\":\"fr-FR\",\"potentialAction\":[{\"@type\":\"ReadAction\",\"target\":[\"https:\\\/\\\/www.imaq.fr\\\/blog\\\/2017\\\/04\\\/communique-du-collectif-laique-a-propos-des-regimes-derogatoires-en-alsace-et-en-moselle\\\/\"]}]},{\"@type\":\"BreadcrumbList\",\"@id\":\"https:\\\/\\\/www.imaq.fr\\\/blog\\\/2017\\\/04\\\/communique-du-collectif-laique-a-propos-des-regimes-derogatoires-en-alsace-et-en-moselle\\\/#breadcrumb\",\"itemListElement\":[{\"@type\":\"ListItem\",\"position\":1,\"name\":\"Accueil\",\"item\":\"https:\\\/\\\/www.imaq.fr\\\/blog\\\/\"},{\"@type\":\"ListItem\",\"position\":2,\"name\":\"Communiqu\u00e9 du Collectif La\u00efque &#8211; \u00c0 propos des r\u00e9gimes d\u00e9rogatoires en Alsace et en Moselle\"}]},{\"@type\":\"WebSite\",\"@id\":\"https:\\\/\\\/www.imaq.fr\\\/blog\\\/#website\",\"url\":\"https:\\\/\\\/www.imaq.fr\\\/blog\\\/\",\"name\":\"Biennale Culturelle Ma\u00e7onnique de Bordeaux\",\"description\":\"IMAQ\",\"publisher\":{\"@id\":\"https:\\\/\\\/www.imaq.fr\\\/blog\\\/#organization\"},\"potentialAction\":[{\"@type\":\"SearchAction\",\"target\":{\"@type\":\"EntryPoint\",\"urlTemplate\":\"https:\\\/\\\/www.imaq.fr\\\/blog\\\/?s={search_term_string}\"},\"query-input\":{\"@type\":\"PropertyValueSpecification\",\"valueRequired\":true,\"valueName\":\"search_term_string\"}}],\"inLanguage\":\"fr-FR\"},{\"@type\":\"Organization\",\"@id\":\"https:\\\/\\\/www.imaq.fr\\\/blog\\\/#organization\",\"name\":\"Biennale Culturelle Ma\u00e7onnique de Bordeaux\",\"url\":\"https:\\\/\\\/www.imaq.fr\\\/blog\\\/\",\"logo\":{\"@type\":\"ImageObject\",\"inLanguage\":\"fr-FR\",\"@id\":\"https:\\\/\\\/www.imaq.fr\\\/blog\\\/#\\\/schema\\\/logo\\\/image\\\/\",\"url\":\"https:\\\/\\\/www.imaq.fr\\\/blog\\\/wp-content\\\/uploads\\\/2014\\\/12\\\/logo-bcmc.jpg\",\"contentUrl\":\"https:\\\/\\\/www.imaq.fr\\\/blog\\\/wp-content\\\/uploads\\\/2014\\\/12\\\/logo-bcmc.jpg\",\"width\":759,\"height\":784,\"caption\":\"Biennale Culturelle Ma\u00e7onnique de Bordeaux\"},\"image\":{\"@id\":\"https:\\\/\\\/www.imaq.fr\\\/blog\\\/#\\\/schema\\\/logo\\\/image\\\/\"},\"sameAs\":[\"https:\\\/\\\/www.facebook.com\\\/biennaleculturellemaconnique.bordeaux\"]},{\"@type\":\"Person\",\"@id\":\"https:\\\/\\\/www.imaq.fr\\\/blog\\\/#\\\/schema\\\/person\\\/3df683af05c9d4e9401e01364d03a5fd\",\"name\":\"BCMB\",\"image\":{\"@type\":\"ImageObject\",\"inLanguage\":\"fr-FR\",\"@id\":\"https:\\\/\\\/secure.gravatar.com\\\/avatar\\\/d6fbbbb38de40bcc3a41d4467d090d3b92513d4eb33fc933729359bbce505880?s=96&d=identicon&r=g\",\"url\":\"https:\\\/\\\/secure.gravatar.com\\\/avatar\\\/d6fbbbb38de40bcc3a41d4467d090d3b92513d4eb33fc933729359bbce505880?s=96&d=identicon&r=g\",\"contentUrl\":\"https:\\\/\\\/secure.gravatar.com\\\/avatar\\\/d6fbbbb38de40bcc3a41d4467d090d3b92513d4eb33fc933729359bbce505880?s=96&d=identicon&r=g\",\"caption\":\"BCMB\"},\"sameAs\":[\"https:\\\/\\\/www.imaq.fr\"],\"url\":\"https:\\\/\\\/www.imaq.fr\\\/blog\\\/author\\\/pomirol\\\/\"}]}<\/script>\n<!-- \/ Yoast SEO plugin. -->","yoast_head_json":{"title":"Communiqu\u00e9 du Collectif La\u00efque - \u00c0 propos des r\u00e9gimes d\u00e9rogatoires en Alsace et en Moselle - Biennale Culturelle Ma\u00e7onnique de Bordeaux","robots":{"index":"index","follow":"follow","max-snippet":"max-snippet:-1","max-image-preview":"max-image-preview:large","max-video-preview":"max-video-preview:-1"},"canonical":"https:\/\/www.imaq.fr\/blog\/2017\/04\/communique-du-collectif-laique-a-propos-des-regimes-derogatoires-en-alsace-et-en-moselle\/","og_locale":"fr_FR","og_type":"article","og_title":"Communiqu\u00e9 du Collectif La\u00efque - \u00c0 propos des r\u00e9gimes d\u00e9rogatoires en Alsace et en Moselle - Biennale Culturelle Ma\u00e7onnique de Bordeaux","og_description":"Le Collectif des associations la\u00efques signataires d\u00e9nonce les atteintes r\u00e9centes au principe r\u00e9publicain de la\u00efcit\u00e9 et l\u2019usage frauduleux du terme par une partie de l\u2019\u00e9chiquier politique. La la\u00efcit\u00e9 n\u2019est pas une arme contre une religion particuli\u00e8re. Il s\u2019agit d\u2019un principe d\u2019organisation de la soci\u00e9t\u00e9 qui garantit la libert\u00e9 de conscience, celle de croire et de [&hellip;]","og_url":"https:\/\/www.imaq.fr\/blog\/2017\/04\/communique-du-collectif-laique-a-propos-des-regimes-derogatoires-en-alsace-et-en-moselle\/","og_site_name":"Biennale Culturelle Ma\u00e7onnique de Bordeaux","article_publisher":"https:\/\/www.facebook.com\/biennaleculturellemaconnique.bordeaux","article_published_time":"2017-04-15T11:04:36+00:00","article_modified_time":"2018-04-19T14:27:36+00:00","author":"BCMB","twitter_card":"summary_large_image","twitter_misc":{"\u00c9crit par":"BCMB","Dur\u00e9e de lecture estim\u00e9e":"2 minutes"},"schema":{"@context":"https:\/\/schema.org","@graph":[{"@type":"Article","@id":"https:\/\/www.imaq.fr\/blog\/2017\/04\/communique-du-collectif-laique-a-propos-des-regimes-derogatoires-en-alsace-et-en-moselle\/#article","isPartOf":{"@id":"https:\/\/www.imaq.fr\/blog\/2017\/04\/communique-du-collectif-laique-a-propos-des-regimes-derogatoires-en-alsace-et-en-moselle\/"},"author":{"name":"BCMB","@id":"https:\/\/www.imaq.fr\/blog\/#\/schema\/person\/3df683af05c9d4e9401e01364d03a5fd"},"headline":"Communiqu\u00e9 du Collectif La\u00efque &#8211; \u00c0 propos des r\u00e9gimes d\u00e9rogatoires en Alsace et en Moselle","datePublished":"2017-04-15T11:04:36+00:00","dateModified":"2018-04-19T14:27:36+00:00","mainEntityOfPage":{"@id":"https:\/\/www.imaq.fr\/blog\/2017\/04\/communique-du-collectif-laique-a-propos-des-regimes-derogatoires-en-alsace-et-en-moselle\/"},"wordCount":412,"publisher":{"@id":"https:\/\/www.imaq.fr\/blog\/#organization"},"articleSection":["Communiqu\u00e9s","Ob\u00e9diences"],"inLanguage":"fr-FR"},{"@type":"WebPage","@id":"https:\/\/www.imaq.fr\/blog\/2017\/04\/communique-du-collectif-laique-a-propos-des-regimes-derogatoires-en-alsace-et-en-moselle\/","url":"https:\/\/www.imaq.fr\/blog\/2017\/04\/communique-du-collectif-laique-a-propos-des-regimes-derogatoires-en-alsace-et-en-moselle\/","name":"Communiqu\u00e9 du Collectif La\u00efque - \u00c0 propos des r\u00e9gimes d\u00e9rogatoires en Alsace et en Moselle - Biennale Culturelle Ma\u00e7onnique de Bordeaux","isPartOf":{"@id":"https:\/\/www.imaq.fr\/blog\/#website"},"datePublished":"2017-04-15T11:04:36+00:00","dateModified":"2018-04-19T14:27:36+00:00","breadcrumb":{"@id":"https:\/\/www.imaq.fr\/blog\/2017\/04\/communique-du-collectif-laique-a-propos-des-regimes-derogatoires-en-alsace-et-en-moselle\/#breadcrumb"},"inLanguage":"fr-FR","potentialAction":[{"@type":"ReadAction","target":["https:\/\/www.imaq.fr\/blog\/2017\/04\/communique-du-collectif-laique-a-propos-des-regimes-derogatoires-en-alsace-et-en-moselle\/"]}]},{"@type":"BreadcrumbList","@id":"https:\/\/www.imaq.fr\/blog\/2017\/04\/communique-du-collectif-laique-a-propos-des-regimes-derogatoires-en-alsace-et-en-moselle\/#breadcrumb","itemListElement":[{"@type":"ListItem","position":1,"name":"Accueil","item":"https:\/\/www.imaq.fr\/blog\/"},{"@type":"ListItem","position":2,"name":"Communiqu\u00e9 du Collectif La\u00efque &#8211; \u00c0 propos des r\u00e9gimes d\u00e9rogatoires en Alsace et en Moselle"}]},{"@type":"WebSite","@id":"https:\/\/www.imaq.fr\/blog\/#website","url":"https:\/\/www.imaq.fr\/blog\/","name":"Biennale Culturelle Ma\u00e7onnique de Bordeaux","description":"IMAQ","publisher":{"@id":"https:\/\/www.imaq.fr\/blog\/#organization"},"potentialAction":[{"@type":"SearchAction","target":{"@type":"EntryPoint","urlTemplate":"https:\/\/www.imaq.fr\/blog\/?s={search_term_string}"},"query-input":{"@type":"PropertyValueSpecification","valueRequired":true,"valueName":"search_term_string"}}],"inLanguage":"fr-FR"},{"@type":"Organization","@id":"https:\/\/www.imaq.fr\/blog\/#organization","name":"Biennale Culturelle Ma\u00e7onnique de Bordeaux","url":"https:\/\/www.imaq.fr\/blog\/","logo":{"@type":"ImageObject","inLanguage":"fr-FR","@id":"https:\/\/www.imaq.fr\/blog\/#\/schema\/logo\/image\/","url":"https:\/\/www.imaq.fr\/blog\/wp-content\/uploads\/2014\/12\/logo-bcmc.jpg","contentUrl":"https:\/\/www.imaq.fr\/blog\/wp-content\/uploads\/2014\/12\/logo-bcmc.jpg","width":759,"height":784,"caption":"Biennale Culturelle Ma\u00e7onnique de Bordeaux"},"image":{"@id":"https:\/\/www.imaq.fr\/blog\/#\/schema\/logo\/image\/"},"sameAs":["https:\/\/www.facebook.com\/biennaleculturellemaconnique.bordeaux"]},{"@type":"Person","@id":"https:\/\/www.imaq.fr\/blog\/#\/schema\/person\/3df683af05c9d4e9401e01364d03a5fd","name":"BCMB","image":{"@type":"ImageObject","inLanguage":"fr-FR","@id":"https:\/\/secure.gravatar.com\/avatar\/d6fbbbb38de40bcc3a41d4467d090d3b92513d4eb33fc933729359bbce505880?s=96&d=identicon&r=g","url":"https:\/\/secure.gravatar.com\/avatar\/d6fbbbb38de40bcc3a41d4467d090d3b92513d4eb33fc933729359bbce505880?s=96&d=identicon&r=g","contentUrl":"https:\/\/secure.gravatar.com\/avatar\/d6fbbbb38de40bcc3a41d4467d090d3b92513d4eb33fc933729359bbce505880?s=96&d=identicon&r=g","caption":"BCMB"},"sameAs":["https:\/\/www.imaq.fr"],"url":"https:\/\/www.imaq.fr\/blog\/author\/pomirol\/"}]}},"_links":{"self":[{"href":"https:\/\/www.imaq.fr\/blog\/wp-json\/wp\/v2\/posts\/906","targetHints":{"allow":["GET"]}}],"collection":[{"href":"https:\/\/www.imaq.fr\/blog\/wp-json\/wp\/v2\/posts"}],"about":[{"href":"https:\/\/www.imaq.fr\/blog\/wp-json\/wp\/v2\/types\/post"}],"author":[{"embeddable":true,"href":"https:\/\/www.imaq.fr\/blog\/wp-json\/wp\/v2\/users\/2"}],"replies":[{"embeddable":true,"href":"https:\/\/www.imaq.fr\/blog\/wp-json\/wp\/v2\/comments?post=906"}],"version-history":[{"count":0,"href":"https:\/\/www.imaq.fr\/blog\/wp-json\/wp\/v2\/posts\/906\/revisions"}],"wp:attachment":[{"href":"https:\/\/www.imaq.fr\/blog\/wp-json\/wp\/v2\/media?parent=906"}],"wp:term":[{"taxonomy":"category","embeddable":true,"href":"https:\/\/www.imaq.fr\/blog\/wp-json\/wp\/v2\/categories?post=906"},{"taxonomy":"post_tag","embeddable":true,"href":"https:\/\/www.imaq.fr\/blog\/wp-json\/wp\/v2\/tags?post=906"}],"curies":[{"name":"wp","href":"https:\/\/api.w.org\/{rel}","templated":true}]}}