{"id":908,"date":"2017-04-11T13:51:44","date_gmt":"2017-04-11T13:51:44","guid":{"rendered":"https:\/\/www.imaq.fr\/blog\/?p=908"},"modified":"2018-04-19T14:28:05","modified_gmt":"2018-04-19T14:28:05","slug":"communique-du-dh-pour-la-paix-et-la-tolerance","status":"publish","type":"post","link":"https:\/\/www.imaq.fr\/blog\/2017\/04\/communique-du-dh-pour-la-paix-et-la-tolerance\/","title":{"rendered":"Communiqu\u00e9 du DH &#8211; Pour la paix et la tol\u00e9rance"},"content":{"rendered":"<p>Apr\u00e8s l\u2019odieuse attaque au gaz toxique contre un village de Syrie qui a tu\u00e9 l\u00e2chement plusieurs dizaines de personnes dont des enfants et caus\u00e9 de nombreuses blessures, la Su\u00e8de et l\u2019\u00c9gypte sont en deuil, cette fois par l\u2019action de terroristes.<\/p>\n<p>Les membres de la F\u00e9d\u00e9ration fran\u00e7aise de l\u2019Ordre Ma\u00e7onnique Mixte International LE DROIT HUMAIN, indign\u00e9s par ces horreurs s\u2019associent \u00e0 la douleur des familles et des proches des victimes de ces violences barbares. Partout des peuples ou des communaut\u00e9s souffrent et meurent sous les coups de forces aveugles alors qu\u2019ils aspirent \u00e0 vivre dignement et en paix.<\/p>\n<p>Les membres de la F\u00e9d\u00e9ration fran\u00e7aise de l\u2019Ordre Ma\u00e7onnique Mixte International LE DROIT HUMAIN respectent la vie et les Droits des individus, et ne peuvent se r\u00e9signer \u00e0 accepter ces agressions meurtri\u00e8res contre des femmes, des hommes et des enfants.<\/p>\n<p>Si nous ne pouvons raisonner les fanatiques, nous souhaitons que tous ceux qui le veulent s\u2019unissent pour favoriser la Paix. Il faut tenter sans rel\u00e2che de mettre fin \u00e0 la souffrance des peuples. La Convention de l\u2019ONU sur l\u2019interdiction des armes chimiques doit \u00eatre respect\u00e9e par tous les \u00c9tats qui l\u2019ont ratifi\u00e9e depuis 1993.<\/p>\n<p>Les francs-ma\u00e7ons de la F\u00e9d\u00e9ration fran\u00e7aise du DROIT HUMAIN souhaitent que la paix r\u00e8gne sur la terre. Cet espoir ou cette utopie les rassemble.\u00a0 Cette paix est possible lorsqu\u2019existe le respect mutuel, lorsqu\u2019est reconnue la dignit\u00e9 de chacun et lorsque des lois justes sont accept\u00e9es de tous.<\/p>\n<p>Le 11 avril 2017<\/p>\n<p>La F\u00e9d\u00e9ration fran\u00e7aise du DROIT HUMAIN<\/p>\n","protected":false},"excerpt":{"rendered":"<p>Apr\u00e8s l\u2019odieuse attaque au gaz toxique contre un village de Syrie qui a tu\u00e9 l\u00e2chement plusieurs dizaines de personnes dont des enfants et caus\u00e9 de nombreuses blessures, la Su\u00e8de et l\u2019\u00c9gypte sont en deuil, cette fois par l\u2019action de terroristes. Les membres de la F\u00e9d\u00e9ration fran\u00e7aise de l\u2019Ordre Ma\u00e7onnique Mixte International LE DROIT HUMAIN, indign\u00e9s [&hellip;]<\/p>\n","protected":false},"author":2,"featured_media":0,"comment_status":"closed","ping_status":"closed","sticky":false,"template":"","format":"standard","meta":{"_editorskit_title_hidden":false,"_editorskit_reading_time":0,"_editorskit_is_block_options_detached":false,"_editorskit_block_options_position":"{}","footnotes":""},"categories":[31,13],"tags":[],"class_list":["post-908","post","type-post","status-publish","format-standard","hentry","category-communiques","category-obedience"],"yoast_head":"<!-- This site is optimized with the Yoast SEO plugin v27.5 - https:\/\/yoast.com\/product\/yoast-seo-wordpress\/ -->\n<title>Communiqu\u00e9 du DH - Pour la paix et la tol\u00e9rance - Biennale Culturelle Ma\u00e7onnique de Bordeaux<\/title>\n<meta name=\"robots\" content=\"index, follow, max-snippet:-1, max-image-preview:large, max-video-preview:-1\" \/>\n<link rel=\"canonical\" href=\"https:\/\/www.imaq.fr\/blog\/2017\/04\/communique-du-dh-pour-la-paix-et-la-tolerance\/\" \/>\n<meta property=\"og:locale\" content=\"fr_FR\" \/>\n<meta property=\"og:type\" content=\"article\" \/>\n<meta property=\"og:title\" content=\"Communiqu\u00e9 du DH - Pour la paix et la tol\u00e9rance - Biennale Culturelle Ma\u00e7onnique de Bordeaux\" \/>\n<meta property=\"og:description\" content=\"Apr\u00e8s l\u2019odieuse attaque au gaz toxique contre un village de Syrie qui a tu\u00e9 l\u00e2chement plusieurs dizaines de personnes dont des enfants et caus\u00e9 de nombreuses blessures, la Su\u00e8de et l\u2019\u00c9gypte sont en deuil, cette fois par l\u2019action de terroristes. Les membres de la F\u00e9d\u00e9ration fran\u00e7aise de l\u2019Ordre Ma\u00e7onnique Mixte International LE DROIT HUMAIN, indign\u00e9s [&hellip;]\" \/>\n<meta property=\"og:url\" content=\"https:\/\/www.imaq.fr\/blog\/2017\/04\/communique-du-dh-pour-la-paix-et-la-tolerance\/\" \/>\n<meta property=\"og:site_name\" content=\"Biennale Culturelle Ma\u00e7onnique de Bordeaux\" \/>\n<meta property=\"article:publisher\" content=\"https:\/\/www.facebook.com\/biennaleculturellemaconnique.bordeaux\" \/>\n<meta property=\"article:published_time\" content=\"2017-04-11T13:51:44+00:00\" \/>\n<meta property=\"article:modified_time\" content=\"2018-04-19T14:28:05+00:00\" \/>\n<meta name=\"author\" content=\"BCMB\" \/>\n<meta name=\"twitter:card\" content=\"summary_large_image\" \/>\n<meta name=\"twitter:label1\" content=\"\u00c9crit par\" \/>\n\t<meta name=\"twitter:data1\" content=\"BCMB\" \/>\n\t<meta name=\"twitter:label2\" content=\"Dur\u00e9e de lecture estim\u00e9e\" \/>\n\t<meta name=\"twitter:data2\" content=\"1 minute\" \/>\n<script type=\"application\/ld+json\" class=\"yoast-schema-graph\">{\"@context\":\"https:\\\/\\\/schema.org\",\"@graph\":[{\"@type\":\"Article\",\"@id\":\"https:\\\/\\\/www.imaq.fr\\\/blog\\\/2017\\\/04\\\/communique-du-dh-pour-la-paix-et-la-tolerance\\\/#article\",\"isPartOf\":{\"@id\":\"https:\\\/\\\/www.imaq.fr\\\/blog\\\/2017\\\/04\\\/communique-du-dh-pour-la-paix-et-la-tolerance\\\/\"},\"author\":{\"name\":\"BCMB\",\"@id\":\"https:\\\/\\\/www.imaq.fr\\\/blog\\\/#\\\/schema\\\/person\\\/3df683af05c9d4e9401e01364d03a5fd\"},\"headline\":\"Communiqu\u00e9 du DH &#8211; Pour la paix et la tol\u00e9rance\",\"datePublished\":\"2017-04-11T13:51:44+00:00\",\"dateModified\":\"2018-04-19T14:28:05+00:00\",\"mainEntityOfPage\":{\"@id\":\"https:\\\/\\\/www.imaq.fr\\\/blog\\\/2017\\\/04\\\/communique-du-dh-pour-la-paix-et-la-tolerance\\\/\"},\"wordCount\":292,\"publisher\":{\"@id\":\"https:\\\/\\\/www.imaq.fr\\\/blog\\\/#organization\"},\"articleSection\":[\"Communiqu\u00e9s\",\"Ob\u00e9diences\"],\"inLanguage\":\"fr-FR\"},{\"@type\":\"WebPage\",\"@id\":\"https:\\\/\\\/www.imaq.fr\\\/blog\\\/2017\\\/04\\\/communique-du-dh-pour-la-paix-et-la-tolerance\\\/\",\"url\":\"https:\\\/\\\/www.imaq.fr\\\/blog\\\/2017\\\/04\\\/communique-du-dh-pour-la-paix-et-la-tolerance\\\/\",\"name\":\"Communiqu\u00e9 du DH - Pour la paix et la tol\u00e9rance - Biennale Culturelle Ma\u00e7onnique de Bordeaux\",\"isPartOf\":{\"@id\":\"https:\\\/\\\/www.imaq.fr\\\/blog\\\/#website\"},\"datePublished\":\"2017-04-11T13:51:44+00:00\",\"dateModified\":\"2018-04-19T14:28:05+00:00\",\"breadcrumb\":{\"@id\":\"https:\\\/\\\/www.imaq.fr\\\/blog\\\/2017\\\/04\\\/communique-du-dh-pour-la-paix-et-la-tolerance\\\/#breadcrumb\"},\"inLanguage\":\"fr-FR\",\"potentialAction\":[{\"@type\":\"ReadAction\",\"target\":[\"https:\\\/\\\/www.imaq.fr\\\/blog\\\/2017\\\/04\\\/communique-du-dh-pour-la-paix-et-la-tolerance\\\/\"]}]},{\"@type\":\"BreadcrumbList\",\"@id\":\"https:\\\/\\\/www.imaq.fr\\\/blog\\\/2017\\\/04\\\/communique-du-dh-pour-la-paix-et-la-tolerance\\\/#breadcrumb\",\"itemListElement\":[{\"@type\":\"ListItem\",\"position\":1,\"name\":\"Accueil\",\"item\":\"https:\\\/\\\/www.imaq.fr\\\/blog\\\/\"},{\"@type\":\"ListItem\",\"position\":2,\"name\":\"Communiqu\u00e9 du DH &#8211; Pour la paix et la tol\u00e9rance\"}]},{\"@type\":\"WebSite\",\"@id\":\"https:\\\/\\\/www.imaq.fr\\\/blog\\\/#website\",\"url\":\"https:\\\/\\\/www.imaq.fr\\\/blog\\\/\",\"name\":\"Biennale Culturelle Ma\u00e7onnique de Bordeaux\",\"description\":\"IMAQ\",\"publisher\":{\"@id\":\"https:\\\/\\\/www.imaq.fr\\\/blog\\\/#organization\"},\"potentialAction\":[{\"@type\":\"SearchAction\",\"target\":{\"@type\":\"EntryPoint\",\"urlTemplate\":\"https:\\\/\\\/www.imaq.fr\\\/blog\\\/?s={search_term_string}\"},\"query-input\":{\"@type\":\"PropertyValueSpecification\",\"valueRequired\":true,\"valueName\":\"search_term_string\"}}],\"inLanguage\":\"fr-FR\"},{\"@type\":\"Organization\",\"@id\":\"https:\\\/\\\/www.imaq.fr\\\/blog\\\/#organization\",\"name\":\"Biennale Culturelle Ma\u00e7onnique de Bordeaux\",\"url\":\"https:\\\/\\\/www.imaq.fr\\\/blog\\\/\",\"logo\":{\"@type\":\"ImageObject\",\"inLanguage\":\"fr-FR\",\"@id\":\"https:\\\/\\\/www.imaq.fr\\\/blog\\\/#\\\/schema\\\/logo\\\/image\\\/\",\"url\":\"https:\\\/\\\/www.imaq.fr\\\/blog\\\/wp-content\\\/uploads\\\/2014\\\/12\\\/logo-bcmc.jpg\",\"contentUrl\":\"https:\\\/\\\/www.imaq.fr\\\/blog\\\/wp-content\\\/uploads\\\/2014\\\/12\\\/logo-bcmc.jpg\",\"width\":759,\"height\":784,\"caption\":\"Biennale Culturelle Ma\u00e7onnique de Bordeaux\"},\"image\":{\"@id\":\"https:\\\/\\\/www.imaq.fr\\\/blog\\\/#\\\/schema\\\/logo\\\/image\\\/\"},\"sameAs\":[\"https:\\\/\\\/www.facebook.com\\\/biennaleculturellemaconnique.bordeaux\"]},{\"@type\":\"Person\",\"@id\":\"https:\\\/\\\/www.imaq.fr\\\/blog\\\/#\\\/schema\\\/person\\\/3df683af05c9d4e9401e01364d03a5fd\",\"name\":\"BCMB\",\"image\":{\"@type\":\"ImageObject\",\"inLanguage\":\"fr-FR\",\"@id\":\"https:\\\/\\\/secure.gravatar.com\\\/avatar\\\/d6fbbbb38de40bcc3a41d4467d090d3b92513d4eb33fc933729359bbce505880?s=96&d=identicon&r=g\",\"url\":\"https:\\\/\\\/secure.gravatar.com\\\/avatar\\\/d6fbbbb38de40bcc3a41d4467d090d3b92513d4eb33fc933729359bbce505880?s=96&d=identicon&r=g\",\"contentUrl\":\"https:\\\/\\\/secure.gravatar.com\\\/avatar\\\/d6fbbbb38de40bcc3a41d4467d090d3b92513d4eb33fc933729359bbce505880?s=96&d=identicon&r=g\",\"caption\":\"BCMB\"},\"sameAs\":[\"https:\\\/\\\/www.imaq.fr\"],\"url\":\"https:\\\/\\\/www.imaq.fr\\\/blog\\\/author\\\/pomirol\\\/\"}]}<\/script>\n<!-- \/ Yoast SEO plugin. -->","yoast_head_json":{"title":"Communiqu\u00e9 du DH - Pour la paix et la tol\u00e9rance - Biennale Culturelle Ma\u00e7onnique de Bordeaux","robots":{"index":"index","follow":"follow","max-snippet":"max-snippet:-1","max-image-preview":"max-image-preview:large","max-video-preview":"max-video-preview:-1"},"canonical":"https:\/\/www.imaq.fr\/blog\/2017\/04\/communique-du-dh-pour-la-paix-et-la-tolerance\/","og_locale":"fr_FR","og_type":"article","og_title":"Communiqu\u00e9 du DH - Pour la paix et la tol\u00e9rance - Biennale Culturelle Ma\u00e7onnique de Bordeaux","og_description":"Apr\u00e8s l\u2019odieuse attaque au gaz toxique contre un village de Syrie qui a tu\u00e9 l\u00e2chement plusieurs dizaines de personnes dont des enfants et caus\u00e9 de nombreuses blessures, la Su\u00e8de et l\u2019\u00c9gypte sont en deuil, cette fois par l\u2019action de terroristes. Les membres de la F\u00e9d\u00e9ration fran\u00e7aise de l\u2019Ordre Ma\u00e7onnique Mixte International LE DROIT HUMAIN, indign\u00e9s [&hellip;]","og_url":"https:\/\/www.imaq.fr\/blog\/2017\/04\/communique-du-dh-pour-la-paix-et-la-tolerance\/","og_site_name":"Biennale Culturelle Ma\u00e7onnique de Bordeaux","article_publisher":"https:\/\/www.facebook.com\/biennaleculturellemaconnique.bordeaux","article_published_time":"2017-04-11T13:51:44+00:00","article_modified_time":"2018-04-19T14:28:05+00:00","author":"BCMB","twitter_card":"summary_large_image","twitter_misc":{"\u00c9crit par":"BCMB","Dur\u00e9e de lecture estim\u00e9e":"1 minute"},"schema":{"@context":"https:\/\/schema.org","@graph":[{"@type":"Article","@id":"https:\/\/www.imaq.fr\/blog\/2017\/04\/communique-du-dh-pour-la-paix-et-la-tolerance\/#article","isPartOf":{"@id":"https:\/\/www.imaq.fr\/blog\/2017\/04\/communique-du-dh-pour-la-paix-et-la-tolerance\/"},"author":{"name":"BCMB","@id":"https:\/\/www.imaq.fr\/blog\/#\/schema\/person\/3df683af05c9d4e9401e01364d03a5fd"},"headline":"Communiqu\u00e9 du DH &#8211; Pour la paix et la tol\u00e9rance","datePublished":"2017-04-11T13:51:44+00:00","dateModified":"2018-04-19T14:28:05+00:00","mainEntityOfPage":{"@id":"https:\/\/www.imaq.fr\/blog\/2017\/04\/communique-du-dh-pour-la-paix-et-la-tolerance\/"},"wordCount":292,"publisher":{"@id":"https:\/\/www.imaq.fr\/blog\/#organization"},"articleSection":["Communiqu\u00e9s","Ob\u00e9diences"],"inLanguage":"fr-FR"},{"@type":"WebPage","@id":"https:\/\/www.imaq.fr\/blog\/2017\/04\/communique-du-dh-pour-la-paix-et-la-tolerance\/","url":"https:\/\/www.imaq.fr\/blog\/2017\/04\/communique-du-dh-pour-la-paix-et-la-tolerance\/","name":"Communiqu\u00e9 du DH - Pour la paix et la tol\u00e9rance - Biennale Culturelle Ma\u00e7onnique de Bordeaux","isPartOf":{"@id":"https:\/\/www.imaq.fr\/blog\/#website"},"datePublished":"2017-04-11T13:51:44+00:00","dateModified":"2018-04-19T14:28:05+00:00","breadcrumb":{"@id":"https:\/\/www.imaq.fr\/blog\/2017\/04\/communique-du-dh-pour-la-paix-et-la-tolerance\/#breadcrumb"},"inLanguage":"fr-FR","potentialAction":[{"@type":"ReadAction","target":["https:\/\/www.imaq.fr\/blog\/2017\/04\/communique-du-dh-pour-la-paix-et-la-tolerance\/"]}]},{"@type":"BreadcrumbList","@id":"https:\/\/www.imaq.fr\/blog\/2017\/04\/communique-du-dh-pour-la-paix-et-la-tolerance\/#breadcrumb","itemListElement":[{"@type":"ListItem","position":1,"name":"Accueil","item":"https:\/\/www.imaq.fr\/blog\/"},{"@type":"ListItem","position":2,"name":"Communiqu\u00e9 du DH &#8211; Pour la paix et la tol\u00e9rance"}]},{"@type":"WebSite","@id":"https:\/\/www.imaq.fr\/blog\/#website","url":"https:\/\/www.imaq.fr\/blog\/","name":"Biennale Culturelle Ma\u00e7onnique de Bordeaux","description":"IMAQ","publisher":{"@id":"https:\/\/www.imaq.fr\/blog\/#organization"},"potentialAction":[{"@type":"SearchAction","target":{"@type":"EntryPoint","urlTemplate":"https:\/\/www.imaq.fr\/blog\/?s={search_term_string}"},"query-input":{"@type":"PropertyValueSpecification","valueRequired":true,"valueName":"search_term_string"}}],"inLanguage":"fr-FR"},{"@type":"Organization","@id":"https:\/\/www.imaq.fr\/blog\/#organization","name":"Biennale Culturelle Ma\u00e7onnique de Bordeaux","url":"https:\/\/www.imaq.fr\/blog\/","logo":{"@type":"ImageObject","inLanguage":"fr-FR","@id":"https:\/\/www.imaq.fr\/blog\/#\/schema\/logo\/image\/","url":"https:\/\/www.imaq.fr\/blog\/wp-content\/uploads\/2014\/12\/logo-bcmc.jpg","contentUrl":"https:\/\/www.imaq.fr\/blog\/wp-content\/uploads\/2014\/12\/logo-bcmc.jpg","width":759,"height":784,"caption":"Biennale Culturelle Ma\u00e7onnique de Bordeaux"},"image":{"@id":"https:\/\/www.imaq.fr\/blog\/#\/schema\/logo\/image\/"},"sameAs":["https:\/\/www.facebook.com\/biennaleculturellemaconnique.bordeaux"]},{"@type":"Person","@id":"https:\/\/www.imaq.fr\/blog\/#\/schema\/person\/3df683af05c9d4e9401e01364d03a5fd","name":"BCMB","image":{"@type":"ImageObject","inLanguage":"fr-FR","@id":"https:\/\/secure.gravatar.com\/avatar\/d6fbbbb38de40bcc3a41d4467d090d3b92513d4eb33fc933729359bbce505880?s=96&d=identicon&r=g","url":"https:\/\/secure.gravatar.com\/avatar\/d6fbbbb38de40bcc3a41d4467d090d3b92513d4eb33fc933729359bbce505880?s=96&d=identicon&r=g","contentUrl":"https:\/\/secure.gravatar.com\/avatar\/d6fbbbb38de40bcc3a41d4467d090d3b92513d4eb33fc933729359bbce505880?s=96&d=identicon&r=g","caption":"BCMB"},"sameAs":["https:\/\/www.imaq.fr"],"url":"https:\/\/www.imaq.fr\/blog\/author\/pomirol\/"}]}},"_links":{"self":[{"href":"https:\/\/www.imaq.fr\/blog\/wp-json\/wp\/v2\/posts\/908","targetHints":{"allow":["GET"]}}],"collection":[{"href":"https:\/\/www.imaq.fr\/blog\/wp-json\/wp\/v2\/posts"}],"about":[{"href":"https:\/\/www.imaq.fr\/blog\/wp-json\/wp\/v2\/types\/post"}],"author":[{"embeddable":true,"href":"https:\/\/www.imaq.fr\/blog\/wp-json\/wp\/v2\/users\/2"}],"replies":[{"embeddable":true,"href":"https:\/\/www.imaq.fr\/blog\/wp-json\/wp\/v2\/comments?post=908"}],"version-history":[{"count":0,"href":"https:\/\/www.imaq.fr\/blog\/wp-json\/wp\/v2\/posts\/908\/revisions"}],"wp:attachment":[{"href":"https:\/\/www.imaq.fr\/blog\/wp-json\/wp\/v2\/media?parent=908"}],"wp:term":[{"taxonomy":"category","embeddable":true,"href":"https:\/\/www.imaq.fr\/blog\/wp-json\/wp\/v2\/categories?post=908"},{"taxonomy":"post_tag","embeddable":true,"href":"https:\/\/www.imaq.fr\/blog\/wp-json\/wp\/v2\/tags?post=908"}],"curies":[{"name":"wp","href":"https:\/\/api.w.org\/{rel}","templated":true}]}}